{"id":11111,"date":"2025-11-05T02:20:23","date_gmt":"2025-11-05T01:20:23","guid":{"rendered":"https:\/\/vieassociative.be\/actualites\/vous-pouvez-voter-a-la-toute-premiere-ceremonie-de-remise-des-prix-de-tiktok-aux-etats-unis\/"},"modified":"2025-11-05T02:20:23","modified_gmt":"2025-11-05T01:20:23","slug":"vous-pouvez-voter-a-la-toute-premiere-ceremonie-de-remise-des-prix-de-tiktok-aux-etats-unis","status":"publish","type":"post","link":"https:\/\/vieassociative.be\/actualites\/vous-pouvez-voter-a-la-toute-premiere-ceremonie-de-remise-des-prix-de-tiktok-aux-etats-unis\/","title":{"rendered":"Vous pouvez voter \u00e0 la toute premi\u00e8re c\u00e9r\u00e9monie de remise des prix de TikTok aux \u00c9tats-Unis"},"content":{"rendered":"<div class=\"mt-4 leading-6 md:mb-8\">Mais reconna\u00eetrez-vous l\u2019un des nomin\u00e9s ?<\/div>\n<p><\/p>\n<p>Pour moi, une partie de l&rsquo;attrait de TikTok r\u00e9side dans le fait de voir des vid\u00e9os plus petites et moins soign\u00e9es, r\u00e9alis\u00e9es par des personnes qui ne se pr\u00e9sentent pas comme des influenceurs. Mais qu\u2019est-ce que j\u2019en sais ? La soci\u00e9t\u00e9 a annonc\u00e9 qu&rsquo;elle organiserait sa premi\u00e8re c\u00e9r\u00e9monie de remise de prix aux \u00c9tats-Unis plus tard cette ann\u00e9e. Il semble que l&rsquo;Oscar-ification de la vid\u00e9o courte soit l\u00e0.<\/p>\n<p>Dans un blog sur le site TikTok, la soci\u00e9t\u00e9 a d\u00e9clar\u00e9 que l&rsquo;\u00e9mission, appel\u00e9e \u00e0 juste titre les TikTok Awards, se tiendra au Hollywood Palladium \u00e0 Los Angeles le 18 d\u00e9cembre 2025 et \u00ab honorera les cr\u00e9ateurs qui ont inspir\u00e9, diverti et connect\u00e9 les communaut\u00e9s \u00e0 travers le pays \u00bb.<\/p>\n<p>\u00c0 cette fin, le site annonce \u00e9galement qu&rsquo;il invitera les utilisateurs \u00e0 \u00ab voter pour leurs cr\u00e9ateurs pr\u00e9f\u00e9r\u00e9s \u00bb \u00e0 partir du 18 novembre. Alors, comment tout cela va-t-il se d\u00e9rouler ?<\/p>\n<div class=\"mx-auto mb-12 mt-5 w-full max-w-3xl rounded-md border-2 border-gray-100 p-3 shadow-md md:px-7 md:pb-7 md:pt-5\" id=\"related-video\">\n<div class=\"mb-3 flex items-center md:mb-5\">\n        <img decoding=\"async\" class=\"mr-4 mt-0 h-10 w-10 md:mr-5 md:h-12 md:w-12\" src=\"https:\/\/vieassociative.be\/actualites\/wp-content\/uploads\/2025\/09\/1757726237_608_Meta-pourrait-devoiler-une-montre-intelligente-pour-controler-ses-lunettes.jpg\" alt=\"Logo du pirate de la vie\"><\/p><\/div>\n<div class=\"aspect-video w-full overflow-hidden rounded-md\">\n<div id=\"video-container-01K98R90DZAATAE8A5E36M8499\"><\/div>\n<\/p><\/div>\n<\/div>\n<h2 id=\"who-is-nominated-for-the-tiktok-awards\">Qui est nomin\u00e9 aux TikTok Awards ?<\/h2>\n<p>TikTok annonce qu&rsquo;il annoncera les nomin\u00e9s dans 14 cat\u00e9gories, dont Cr\u00e9ateur de l&rsquo;ann\u00e9e, Vid\u00e9o de l&rsquo;ann\u00e9e, Artiste r\u00e9volutionnaire de l&rsquo;ann\u00e9e et Muse de l&rsquo;ann\u00e9e, quoi que cela signifie. Mais ne pr\u00e9sumez pas que vous pouvez proposer n\u2019importe quelle ancienne cha\u00eene pour un prix.<\/p>\n<p>Vers la fin de son annonce, TikTok a inclus une section \u00ab\u00a0Rencontrez les nomin\u00e9s\u00a0\u00bb qui indique clairement que l&rsquo;entreprise a d\u00e9j\u00e0 choisi les concurrents et qu&rsquo;il ne s&rsquo;agit peut-\u00eatre pas de quelqu&rsquo;un que vous reconnaissez. Ayant pass\u00e9 un total de 13 heures sur TikTok la semaine derni\u00e8re (ce que j&rsquo;admets pour ce travail), je n&rsquo;en reconnais qu&rsquo;un.<\/p>\n<p>Pour \u00eatre honn\u00eate, la soci\u00e9t\u00e9 affirme qu&rsquo;il y a \u00ab\u00a0d&rsquo;autres \u00e0 venir\u00a0\u00bb, il est donc possible qu&rsquo;une personne que je reconnais soit ajout\u00e9e \u00e0 la liste des options. Quoi qu&rsquo;il en soit, il semble que les candidats soient choisis par un conseil interne, votre parcours peut donc varier selon que vous \u00eates d&rsquo;accord avec les choix. Personnellement, j&rsquo;admets que beaucoup de mes cha\u00eenes pr\u00e9f\u00e9r\u00e9es sont des journalistes, des com\u00e9diens \u00e9pic\u00e9s et des commentateurs politiques, il est donc possible qu&rsquo;ils ne s&rsquo;affichent pas ici en raison d&rsquo;un effort pour para\u00eetre apolitiques et favorables \u00e0 la famille. (Justice pour Dave le chat, cependant).<\/p>\n<h2 id=\"you-can-vote\">Vous pouvez voter <\/h2>\n<p>Le vote pour les TikTok Awards d\u00e9butera le 18 novembre et la soci\u00e9t\u00e9 indique que vous pouvez voter en utilisant le hub TikTok Awards int\u00e9gr\u00e9 \u00e0 l&rsquo;application. Bien que l&rsquo;on ne sache pas actuellement comment vous trouverez le hub, je suppose qu&rsquo;il appara\u00eetra sous forme de fen\u00eatre contextuelle sur votre flux lorsque vous ouvrirez l&rsquo;application pour la premi\u00e8re fois, comme c&rsquo;\u00e9tait le cas pour les cadeaux TikTok pr\u00e9c\u00e9dents. Je suis s\u00fbr que les cr\u00e9ateurs nomin\u00e9s s&#8217;empresseront \u00e9galement de relier les utilisateurs au hub.<\/p>\n<p>On ne sait pas pour le moment combien de votes les utilisateurs pourront voter. Certains sites, comme Crunchyroll, aiment permettre aux utilisateurs de voter pour leurs r\u00e9compenses une fois par jour, ce qui est susceptible d&rsquo;encourager l&rsquo;engagement ou de d\u00e9courager les comptes factices. Reste \u00e0 savoir si TikTok mettra en \u0153uvre un syst\u00e8me similaire.<\/p>\n<h2 id=\"how-to-watch-the-tiktok-awards\">Comment regarder les TikTok Awards<\/h2>\n<p>Si tout ce que vous voulez savoir, c&rsquo;est qui gagne, vous pourrez regarder les TikTok Awards eux-m\u00eames en direct le 18 d\u00e9cembre \u00e0 partir de 18 h HP, avec une \u00ab diffusion en direct sur le tapis rouge \u00bb commen\u00e7ant une heure avant. Si vous \u00eates \u00e0 l&rsquo;aise pour regarder depuis votre t\u00e9l\u00e9phone, vous pourrez vous connecter via l&rsquo;application TikTok, mais pour une meilleure int\u00e9gration TV, TikTok indique que Tubi h\u00e9bergera \u00e9galement le programme. Si vous arrivez en retard, Tubi disposera \u00e9galement d&rsquo;une archive des r\u00e9compenses que vous pourrez regarder sur demande \u00ab\u00a0le lendemain\u00a0\u00bb.<\/p>\n<h2 id=\"can-i-go-to-the-tiktok-awards-in-person\">Puis-je assister aux TikTok Awards en personne\u00a0?<\/h2>\n<p>Bien que TikTok promet \u00ab une exp\u00e9rience IRL immersive avec des moments interactifs \u00bb, il ne publie aucun lien pour acheter des billets, ce qui signifie que l&rsquo;\u00e9v\u00e9nement est probablement sur invitation uniquement. C&rsquo;est probablement important pour la s\u00e9curit\u00e9 des cr\u00e9ateurs, mais c&rsquo;est d\u00e9cevant pour quiconque cherche \u00e0 contribuer \u00e0 donner vie au \u00ab flux For You \u00bb, comme le dit TikTok.<\/p>\n<h2 id=\"are-these-really-the-first-tiktok-awards\">S&rsquo;agit-il vraiment des premiers TikTok Awards ?<\/h2>\n<p>Bien que 2025 soit la premi\u00e8re ann\u00e9e o\u00f9 les \u00c9tats-Unis re\u00e7oivent des TikTok Awards, les ann\u00e9es pr\u00e9c\u00e9dentes, ils ont \u00e9t\u00e9 d\u00e9cern\u00e9s \u00e0 des pays comme la Cor\u00e9e, le Japon, l&rsquo;Australie et le Br\u00e9sil. Le retard est probablement d\u00fb \u00e0 l&rsquo;avenir incertain de l&rsquo;application aux \u00c9tats-Unis, mais avec un accord final maintenant conclu transf\u00e9rant le contr\u00f4le de l&rsquo;entreprise \u00e0 des entit\u00e9s am\u00e9ricaines, il est probable que TikTok cherche \u00e0 rattraper le temps perdu en renfor\u00e7ant sa pr\u00e9sence dans le pays.<\/p>\n<p>Alors, allez-vous regarder les TikTok Awards ? Personnellement, je ne suis pas s\u00fbr qu&rsquo;ils correspondent \u00e0 ce que j&rsquo;aime le plus dans l&rsquo;application &#8211; il y a toute une cat\u00e9gorie c\u00e9l\u00e9brant les personnes qui vendent \u00e0 commission avec la boutique TikTok, quelque chose que je fais imm\u00e9diatement d\u00e9filer chaque fois que je le vois &#8211; mais cela pourrait \u00eatre une fa\u00e7on amusante de passer une soir\u00e9e, je suppose. Donc, fondamentalement, c&rsquo;est la m\u00eame approche que celle que j&rsquo;adopte avec les Oscars \u2013 et au moins cela devrait donner lieu \u00e0 de bonnes prises de vue sur les comptes que je regarde.<\/p>\n<p><script async src=\"\/\/www.tiktok.com\/embed.js\"><\/script><\/p>\n","protected":false},"excerpt":{"rendered":"<p>Mais reconna\u00eetrez-vous l\u2019un des nomin\u00e9s ? Pour moi, une partie de l&rsquo;attrait de TikTok r\u00e9side dans le fait de voir des vid\u00e9os plus petites et<\/p>\n","protected":false},"author":1,"featured_media":11112,"comment_status":"","ping_status":"","sticky":false,"template":"","format":"standard","meta":{"footnotes":""},"categories":[36],"tags":[289,3254,29,290,5,610,1399,4399,75,150,9148,4],"class_list":["post-11111","post","type-post","status-publish","format-standard","has-post-thumbnail","hentry","category-divertissement","tag-aux","tag-ceremonie","tag-des","tag-etatsunis","tag-pouvez","tag-premiere","tag-prix","tag-remise","tag-tiktok","tag-toute","tag-voter","tag-vous","generate-columns","tablet-grid-50","mobile-grid-100","grid-parent","grid-33"],"yoast_head":"<!-- This site is optimized with the Yoast SEO plugin v24.0 - https:\/\/yoast.com\/wordpress\/plugins\/seo\/ -->\n<title>Vous pouvez voter \u00e0 la toute premi\u00e8re c\u00e9r\u00e9monie de remise des prix de TikTok aux \u00c9tats-Unis | Vie Associative<\/title>\n<meta name=\"robots\" content=\"index, follow, max-snippet:-1, max-image-preview:large, max-video-preview:-1\" \/>\n<link rel=\"canonical\" href=\"https:\/\/vieassociative.be\/actualites\/vous-pouvez-voter-a-la-toute-premiere-ceremonie-de-remise-des-prix-de-tiktok-aux-etats-unis\/\" \/>\n<meta property=\"og:locale\" content=\"fr_FR\" \/>\n<meta property=\"og:type\" content=\"article\" \/>\n<meta property=\"og:title\" content=\"Vous pouvez voter \u00e0 la toute premi\u00e8re c\u00e9r\u00e9monie de remise des prix de TikTok aux \u00c9tats-Unis | Vie Associative\" \/>\n<meta property=\"og:description\" content=\"Mais reconna\u00eetrez-vous l\u2019un des nomin\u00e9s ? Pour moi, une partie de l&rsquo;attrait de TikTok r\u00e9side dans le fait de voir des vid\u00e9os plus petites et\" \/>\n<meta property=\"og:url\" content=\"https:\/\/vieassociative.be\/actualites\/vous-pouvez-voter-a-la-toute-premiere-ceremonie-de-remise-des-prix-de-tiktok-aux-etats-unis\/\" \/>\n<meta property=\"og:site_name\" content=\"Vie Associative\" \/>\n<meta property=\"article:published_time\" content=\"2025-11-05T01:20:23+00:00\" \/>\n<meta property=\"og:image\" content=\"https:\/\/vieassociative.be\/actualites\/wp-content\/uploads\/2025\/09\/1757726237_608_Meta-pourrait-devoiler-une-montre-intelligente-pour-controler-ses-lunettes.jpg\" \/>\n<meta name=\"author\" content=\"Julien\" \/>\n<meta name=\"twitter:card\" content=\"summary_large_image\" \/>\n<meta name=\"twitter:label1\" content=\"\u00c9crit par\" \/>\n\t<meta name=\"twitter:data1\" content=\"Julien\" \/>\n\t<meta name=\"twitter:label2\" content=\"Dur\u00e9e de lecture est.\" \/>\n\t<meta name=\"twitter:data2\" content=\"5 minutes\" \/>\n<script type=\"application\/ld+json\" class=\"yoast-schema-graph\">{\"@context\":\"https:\/\/schema.org\",\"@graph\":[{\"@type\":\"Article\",\"@id\":\"https:\/\/vieassociative.be\/actualites\/vous-pouvez-voter-a-la-toute-premiere-ceremonie-de-remise-des-prix-de-tiktok-aux-etats-unis\/#article\",\"isPartOf\":{\"@id\":\"https:\/\/vieassociative.be\/actualites\/vous-pouvez-voter-a-la-toute-premiere-ceremonie-de-remise-des-prix-de-tiktok-aux-etats-unis\/\"},\"author\":{\"name\":\"Julien\",\"@id\":\"https:\/\/vieassociative.be\/actualites\/#\/schema\/person\/b87ac4f82f9d4e7b7cec7395b679edc4\"},\"headline\":\"Vous pouvez voter \u00e0 la toute premi\u00e8re c\u00e9r\u00e9monie de remise des prix de TikTok aux \u00c9tats-Unis\",\"datePublished\":\"2025-11-05T01:20:23+00:00\",\"dateModified\":\"2025-11-05T01:20:23+00:00\",\"mainEntityOfPage\":{\"@id\":\"https:\/\/vieassociative.be\/actualites\/vous-pouvez-voter-a-la-toute-premiere-ceremonie-de-remise-des-prix-de-tiktok-aux-etats-unis\/\"},\"wordCount\":986,\"publisher\":{\"@id\":\"https:\/\/vieassociative.be\/actualites\/#organization\"},\"image\":{\"@id\":\"https:\/\/vieassociative.be\/actualites\/vous-pouvez-voter-a-la-toute-premiere-ceremonie-de-remise-des-prix-de-tiktok-aux-etats-unis\/#primaryimage\"},\"thumbnailUrl\":\"https:\/\/vieassociative.be\/actualites\/wp-content\/uploads\/2025\/11\/Vous-pouvez-voter-a-la-toute-premiere-ceremonie-de-remise.png\",\"keywords\":[\"aux\",\"c\u00e9r\u00e9monie\",\"Des\",\"\u00c9tatsUnis\",\"pouvez\",\"premi\u00e8re\",\"prix\",\"remise\",\"TikTok\",\"toute\",\"voter\",\"Vous\"],\"articleSection\":[\"Divertissement\"],\"inLanguage\":\"fr-BE\"},{\"@type\":\"WebPage\",\"@id\":\"https:\/\/vieassociative.be\/actualites\/vous-pouvez-voter-a-la-toute-premiere-ceremonie-de-remise-des-prix-de-tiktok-aux-etats-unis\/\",\"url\":\"https:\/\/vieassociative.be\/actualites\/vous-pouvez-voter-a-la-toute-premiere-ceremonie-de-remise-des-prix-de-tiktok-aux-etats-unis\/\",\"name\":\"Vous pouvez voter \u00e0 la toute premi\u00e8re c\u00e9r\u00e9monie de remise des prix de TikTok aux \u00c9tats-Unis | Vie Associative\",\"isPartOf\":{\"@id\":\"https:\/\/vieassociative.be\/actualites\/#website\"},\"primaryImageOfPage\":{\"@id\":\"https:\/\/vieassociative.be\/actualites\/vous-pouvez-voter-a-la-toute-premiere-ceremonie-de-remise-des-prix-de-tiktok-aux-etats-unis\/#primaryimage\"},\"image\":{\"@id\":\"https:\/\/vieassociative.be\/actualites\/vous-pouvez-voter-a-la-toute-premiere-ceremonie-de-remise-des-prix-de-tiktok-aux-etats-unis\/#primaryimage\"},\"thumbnailUrl\":\"https:\/\/vieassociative.be\/actualites\/wp-content\/uploads\/2025\/11\/Vous-pouvez-voter-a-la-toute-premiere-ceremonie-de-remise.png\",\"datePublished\":\"2025-11-05T01:20:23+00:00\",\"dateModified\":\"2025-11-05T01:20:23+00:00\",\"breadcrumb\":{\"@id\":\"https:\/\/vieassociative.be\/actualites\/vous-pouvez-voter-a-la-toute-premiere-ceremonie-de-remise-des-prix-de-tiktok-aux-etats-unis\/#breadcrumb\"},\"inLanguage\":\"fr-BE\",\"potentialAction\":[{\"@type\":\"ReadAction\",\"target\":[\"https:\/\/vieassociative.be\/actualites\/vous-pouvez-voter-a-la-toute-premiere-ceremonie-de-remise-des-prix-de-tiktok-aux-etats-unis\/\"]}]},{\"@type\":\"ImageObject\",\"inLanguage\":\"fr-BE\",\"@id\":\"https:\/\/vieassociative.be\/actualites\/vous-pouvez-voter-a-la-toute-premiere-ceremonie-de-remise-des-prix-de-tiktok-aux-etats-unis\/#primaryimage\",\"url\":\"https:\/\/vieassociative.be\/actualites\/wp-content\/uploads\/2025\/11\/Vous-pouvez-voter-a-la-toute-premiere-ceremonie-de-remise.png\",\"contentUrl\":\"https:\/\/vieassociative.be\/actualites\/wp-content\/uploads\/2025\/11\/Vous-pouvez-voter-a-la-toute-premiere-ceremonie-de-remise.png\",\"width\":1200,\"height\":675,\"caption\":\"Vous pouvez voter \u00e0 la toute premi\u00e8re c\u00e9r\u00e9monie de remise des prix de TikTok aux \u00c9tats-Unis\"},{\"@type\":\"BreadcrumbList\",\"@id\":\"https:\/\/vieassociative.be\/actualites\/vous-pouvez-voter-a-la-toute-premiere-ceremonie-de-remise-des-prix-de-tiktok-aux-etats-unis\/#breadcrumb\",\"itemListElement\":[{\"@type\":\"ListItem\",\"position\":1,\"name\":\"Accueil\",\"item\":\"https:\/\/vieassociative.be\/actualites\/\"},{\"@type\":\"ListItem\",\"position\":2,\"name\":\"Vous pouvez voter \u00e0 la toute premi\u00e8re c\u00e9r\u00e9monie de remise des prix de TikTok aux \u00c9tats-Unis\"}]},{\"@type\":\"WebSite\",\"@id\":\"https:\/\/vieassociative.be\/actualites\/#website\",\"url\":\"https:\/\/vieassociative.be\/actualites\/\",\"name\":\"Vie Associative\",\"description\":\"\",\"publisher\":{\"@id\":\"https:\/\/vieassociative.be\/actualites\/#organization\"},\"potentialAction\":[{\"@type\":\"SearchAction\",\"target\":{\"@type\":\"EntryPoint\",\"urlTemplate\":\"https:\/\/vieassociative.be\/actualites\/?s={search_term_string}\"},\"query-input\":{\"@type\":\"PropertyValueSpecification\",\"valueRequired\":true,\"valueName\":\"search_term_string\"}}],\"inLanguage\":\"fr-BE\"},{\"@type\":\"Organization\",\"@id\":\"https:\/\/vieassociative.be\/actualites\/#organization\",\"name\":\"Vie Associative\",\"url\":\"https:\/\/vieassociative.be\/actualites\/\",\"logo\":{\"@type\":\"ImageObject\",\"inLanguage\":\"fr-BE\",\"@id\":\"https:\/\/vieassociative.be\/actualites\/#\/schema\/logo\/image\/\",\"url\":\"https:\/\/vieassociative.be\/actualites\/wp-content\/uploads\/2024\/09\/cropped-vieassociative_favicon.ico.png\",\"contentUrl\":\"https:\/\/vieassociative.be\/actualites\/wp-content\/uploads\/2024\/09\/cropped-vieassociative_favicon.ico.png\",\"width\":512,\"height\":512,\"caption\":\"Vie Associative\"},\"image\":{\"@id\":\"https:\/\/vieassociative.be\/actualites\/#\/schema\/logo\/image\/\"}},{\"@type\":\"Person\",\"@id\":\"https:\/\/vieassociative.be\/actualites\/#\/schema\/person\/b87ac4f82f9d4e7b7cec7395b679edc4\",\"name\":\"Julien\",\"image\":{\"@type\":\"ImageObject\",\"inLanguage\":\"fr-BE\",\"@id\":\"https:\/\/vieassociative.be\/actualites\/#\/schema\/person\/image\/\",\"url\":\"https:\/\/vieassociative.be\/actualites\/wp-content\/uploads\/2024\/09\/vie-associative-1-150x150.jpg\",\"contentUrl\":\"https:\/\/vieassociative.be\/actualites\/wp-content\/uploads\/2024\/09\/vie-associative-1-150x150.jpg\",\"caption\":\"Julien\"},\"description\":\"Je suis Julien, r\u00e9dacteur pour Vie Associative. Passionn\u00e9 par le monde associatif depuis plus de 10 ans, j'ai \u00e0 c\u0153ur de partager des histoires inspirantes et de mettre en lumi\u00e8re les initiatives locales. Mon objectif est de sensibiliser et d'encourager l'engagement communautaire \u00e0 travers mes articles.\",\"sameAs\":[\"https:\/\/vieassociative.be\/\"]}]}<\/script>\n<!-- \/ Yoast SEO plugin. -->","yoast_head_json":{"title":"Vous pouvez voter \u00e0 la toute premi\u00e8re c\u00e9r\u00e9monie de remise des prix de TikTok aux \u00c9tats-Unis | Vie Associative","robots":{"index":"index","follow":"follow","max-snippet":"max-snippet:-1","max-image-preview":"max-image-preview:large","max-video-preview":"max-video-preview:-1"},"canonical":"https:\/\/vieassociative.be\/actualites\/vous-pouvez-voter-a-la-toute-premiere-ceremonie-de-remise-des-prix-de-tiktok-aux-etats-unis\/","og_locale":"fr_FR","og_type":"article","og_title":"Vous pouvez voter \u00e0 la toute premi\u00e8re c\u00e9r\u00e9monie de remise des prix de TikTok aux \u00c9tats-Unis | Vie Associative","og_description":"Mais reconna\u00eetrez-vous l\u2019un des nomin\u00e9s ? Pour moi, une partie de l&rsquo;attrait de TikTok r\u00e9side dans le fait de voir des vid\u00e9os plus petites et","og_url":"https:\/\/vieassociative.be\/actualites\/vous-pouvez-voter-a-la-toute-premiere-ceremonie-de-remise-des-prix-de-tiktok-aux-etats-unis\/","og_site_name":"Vie Associative","article_published_time":"2025-11-05T01:20:23+00:00","og_image":[{"url":"https:\/\/vieassociative.be\/actualites\/wp-content\/uploads\/2025\/09\/1757726237_608_Meta-pourrait-devoiler-une-montre-intelligente-pour-controler-ses-lunettes.jpg","type":"","width":"","height":""}],"author":"Julien","twitter_card":"summary_large_image","twitter_misc":{"\u00c9crit par":"Julien","Dur\u00e9e de lecture est.":"5 minutes"},"schema":{"@context":"https:\/\/schema.org","@graph":[{"@type":"Article","@id":"https:\/\/vieassociative.be\/actualites\/vous-pouvez-voter-a-la-toute-premiere-ceremonie-de-remise-des-prix-de-tiktok-aux-etats-unis\/#article","isPartOf":{"@id":"https:\/\/vieassociative.be\/actualites\/vous-pouvez-voter-a-la-toute-premiere-ceremonie-de-remise-des-prix-de-tiktok-aux-etats-unis\/"},"author":{"name":"Julien","@id":"https:\/\/vieassociative.be\/actualites\/#\/schema\/person\/b87ac4f82f9d4e7b7cec7395b679edc4"},"headline":"Vous pouvez voter \u00e0 la toute premi\u00e8re c\u00e9r\u00e9monie de remise des prix de TikTok aux \u00c9tats-Unis","datePublished":"2025-11-05T01:20:23+00:00","dateModified":"2025-11-05T01:20:23+00:00","mainEntityOfPage":{"@id":"https:\/\/vieassociative.be\/actualites\/vous-pouvez-voter-a-la-toute-premiere-ceremonie-de-remise-des-prix-de-tiktok-aux-etats-unis\/"},"wordCount":986,"publisher":{"@id":"https:\/\/vieassociative.be\/actualites\/#organization"},"image":{"@id":"https:\/\/vieassociative.be\/actualites\/vous-pouvez-voter-a-la-toute-premiere-ceremonie-de-remise-des-prix-de-tiktok-aux-etats-unis\/#primaryimage"},"thumbnailUrl":"https:\/\/vieassociative.be\/actualites\/wp-content\/uploads\/2025\/11\/Vous-pouvez-voter-a-la-toute-premiere-ceremonie-de-remise.png","keywords":["aux","c\u00e9r\u00e9monie","Des","\u00c9tatsUnis","pouvez","premi\u00e8re","prix","remise","TikTok","toute","voter","Vous"],"articleSection":["Divertissement"],"inLanguage":"fr-BE"},{"@type":"WebPage","@id":"https:\/\/vieassociative.be\/actualites\/vous-pouvez-voter-a-la-toute-premiere-ceremonie-de-remise-des-prix-de-tiktok-aux-etats-unis\/","url":"https:\/\/vieassociative.be\/actualites\/vous-pouvez-voter-a-la-toute-premiere-ceremonie-de-remise-des-prix-de-tiktok-aux-etats-unis\/","name":"Vous pouvez voter \u00e0 la toute premi\u00e8re c\u00e9r\u00e9monie de remise des prix de TikTok aux \u00c9tats-Unis | Vie Associative","isPartOf":{"@id":"https:\/\/vieassociative.be\/actualites\/#website"},"primaryImageOfPage":{"@id":"https:\/\/vieassociative.be\/actualites\/vous-pouvez-voter-a-la-toute-premiere-ceremonie-de-remise-des-prix-de-tiktok-aux-etats-unis\/#primaryimage"},"image":{"@id":"https:\/\/vieassociative.be\/actualites\/vous-pouvez-voter-a-la-toute-premiere-ceremonie-de-remise-des-prix-de-tiktok-aux-etats-unis\/#primaryimage"},"thumbnailUrl":"https:\/\/vieassociative.be\/actualites\/wp-content\/uploads\/2025\/11\/Vous-pouvez-voter-a-la-toute-premiere-ceremonie-de-remise.png","datePublished":"2025-11-05T01:20:23+00:00","dateModified":"2025-11-05T01:20:23+00:00","breadcrumb":{"@id":"https:\/\/vieassociative.be\/actualites\/vous-pouvez-voter-a-la-toute-premiere-ceremonie-de-remise-des-prix-de-tiktok-aux-etats-unis\/#breadcrumb"},"inLanguage":"fr-BE","potentialAction":[{"@type":"ReadAction","target":["https:\/\/vieassociative.be\/actualites\/vous-pouvez-voter-a-la-toute-premiere-ceremonie-de-remise-des-prix-de-tiktok-aux-etats-unis\/"]}]},{"@type":"ImageObject","inLanguage":"fr-BE","@id":"https:\/\/vieassociative.be\/actualites\/vous-pouvez-voter-a-la-toute-premiere-ceremonie-de-remise-des-prix-de-tiktok-aux-etats-unis\/#primaryimage","url":"https:\/\/vieassociative.be\/actualites\/wp-content\/uploads\/2025\/11\/Vous-pouvez-voter-a-la-toute-premiere-ceremonie-de-remise.png","contentUrl":"https:\/\/vieassociative.be\/actualites\/wp-content\/uploads\/2025\/11\/Vous-pouvez-voter-a-la-toute-premiere-ceremonie-de-remise.png","width":1200,"height":675,"caption":"Vous pouvez voter \u00e0 la toute premi\u00e8re c\u00e9r\u00e9monie de remise des prix de TikTok aux \u00c9tats-Unis"},{"@type":"BreadcrumbList","@id":"https:\/\/vieassociative.be\/actualites\/vous-pouvez-voter-a-la-toute-premiere-ceremonie-de-remise-des-prix-de-tiktok-aux-etats-unis\/#breadcrumb","itemListElement":[{"@type":"ListItem","position":1,"name":"Accueil","item":"https:\/\/vieassociative.be\/actualites\/"},{"@type":"ListItem","position":2,"name":"Vous pouvez voter \u00e0 la toute premi\u00e8re c\u00e9r\u00e9monie de remise des prix de TikTok aux \u00c9tats-Unis"}]},{"@type":"WebSite","@id":"https:\/\/vieassociative.be\/actualites\/#website","url":"https:\/\/vieassociative.be\/actualites\/","name":"Vie Associative","description":"","publisher":{"@id":"https:\/\/vieassociative.be\/actualites\/#organization"},"potentialAction":[{"@type":"SearchAction","target":{"@type":"EntryPoint","urlTemplate":"https:\/\/vieassociative.be\/actualites\/?s={search_term_string}"},"query-input":{"@type":"PropertyValueSpecification","valueRequired":true,"valueName":"search_term_string"}}],"inLanguage":"fr-BE"},{"@type":"Organization","@id":"https:\/\/vieassociative.be\/actualites\/#organization","name":"Vie Associative","url":"https:\/\/vieassociative.be\/actualites\/","logo":{"@type":"ImageObject","inLanguage":"fr-BE","@id":"https:\/\/vieassociative.be\/actualites\/#\/schema\/logo\/image\/","url":"https:\/\/vieassociative.be\/actualites\/wp-content\/uploads\/2024\/09\/cropped-vieassociative_favicon.ico.png","contentUrl":"https:\/\/vieassociative.be\/actualites\/wp-content\/uploads\/2024\/09\/cropped-vieassociative_favicon.ico.png","width":512,"height":512,"caption":"Vie Associative"},"image":{"@id":"https:\/\/vieassociative.be\/actualites\/#\/schema\/logo\/image\/"}},{"@type":"Person","@id":"https:\/\/vieassociative.be\/actualites\/#\/schema\/person\/b87ac4f82f9d4e7b7cec7395b679edc4","name":"Julien","image":{"@type":"ImageObject","inLanguage":"fr-BE","@id":"https:\/\/vieassociative.be\/actualites\/#\/schema\/person\/image\/","url":"https:\/\/vieassociative.be\/actualites\/wp-content\/uploads\/2024\/09\/vie-associative-1-150x150.jpg","contentUrl":"https:\/\/vieassociative.be\/actualites\/wp-content\/uploads\/2024\/09\/vie-associative-1-150x150.jpg","caption":"Julien"},"description":"Je suis Julien, r\u00e9dacteur pour Vie Associative. Passionn\u00e9 par le monde associatif depuis plus de 10 ans, j'ai \u00e0 c\u0153ur de partager des histoires inspirantes et de mettre en lumi\u00e8re les initiatives locales. Mon objectif est de sensibiliser et d'encourager l'engagement communautaire \u00e0 travers mes articles.","sameAs":["https:\/\/vieassociative.be\/"]}]}},"_links":{"self":[{"href":"https:\/\/vieassociative.be\/actualites\/wp-json\/wp\/v2\/posts\/11111"}],"collection":[{"href":"https:\/\/vieassociative.be\/actualites\/wp-json\/wp\/v2\/posts"}],"about":[{"href":"https:\/\/vieassociative.be\/actualites\/wp-json\/wp\/v2\/types\/post"}],"author":[{"embeddable":true,"href":"https:\/\/vieassociative.be\/actualites\/wp-json\/wp\/v2\/users\/1"}],"replies":[{"embeddable":true,"href":"https:\/\/vieassociative.be\/actualites\/wp-json\/wp\/v2\/comments?post=11111"}],"version-history":[{"count":0,"href":"https:\/\/vieassociative.be\/actualites\/wp-json\/wp\/v2\/posts\/11111\/revisions"}],"wp:featuredmedia":[{"embeddable":true,"href":"https:\/\/vieassociative.be\/actualites\/wp-json\/wp\/v2\/media\/11112"}],"wp:attachment":[{"href":"https:\/\/vieassociative.be\/actualites\/wp-json\/wp\/v2\/media?parent=11111"}],"wp:term":[{"taxonomy":"category","embeddable":true,"href":"https:\/\/vieassociative.be\/actualites\/wp-json\/wp\/v2\/categories?post=11111"},{"taxonomy":"post_tag","embeddable":true,"href":"https:\/\/vieassociative.be\/actualites\/wp-json\/wp\/v2\/tags?post=11111"}],"curies":[{"name":"wp","href":"https:\/\/api.w.org\/{rel}","templated":true}]}}