{"id":11109,"date":"2025-11-04T21:18:39","date_gmt":"2025-11-04T20:18:39","guid":{"rendered":"https:\/\/vieassociative.be\/actualites\/lancien-ministre-reynders-accuse-de-blanchiment-dargent\/"},"modified":"2025-11-04T21:18:39","modified_gmt":"2025-11-04T20:18:39","slug":"lancien-ministre-reynders-accuse-de-blanchiment-dargent","status":"publish","type":"post","link":"https:\/\/vieassociative.be\/actualites\/lancien-ministre-reynders-accuse-de-blanchiment-dargent\/","title":{"rendered":"L&rsquo;ancien ministre Reynders accus\u00e9 de blanchiment d&rsquo;argent"},"content":{"rendered":"<p><strong>Des accusations ont \u00e9t\u00e9 port\u00e9es contre Didier Reynders, ministre f\u00e9d\u00e9ral belge de longue date et ancien commissaire europ\u00e9en, pour blanchiment d&rsquo;argent et une ou plusieurs autres infractions p\u00e9nales possibles.<\/strong><\/p>\n<p><span id=\"more-428918\"><\/span>Reynders a \u00e9t\u00e9 entendu par le juge d&rsquo;instruction le 16 octobre, comme l&rsquo;a annonc\u00e9 mardi un consortium de m\u00e9dias compos\u00e9 de Le Soir, Le Vif, De Standaard et le m\u00e9dia d&rsquo;investigation en ligne Follow The Money.<\/p>\n<p>Bernadette Prignon, juge honoraire \u00e0 la cour d&rsquo;appel de Li\u00e8ge, bri\u00e8vement interrog\u00e9e sur son mari, n&rsquo;avait alors pas \u00e9t\u00e9 inculp\u00e9e. Le procureur de la R\u00e9publique n&rsquo;a pas souhait\u00e9 confirmer cette information. Les avocats de Didier Reynders et Bernadette Prignon ont refus\u00e9 de commenter.<\/p>\n<div id=\"attachment_286576\" class=\"wp-caption alignleft\" style=\"max-width: 300px\"><img fetchpriority=\"high\" decoding=\"async\" class=\"wp-image-286576 size-medium\" src=\"https:\/\/vieassociative.be\/actualites\/wp-content\/uploads\/2025\/11\/Lancien-ministre-Reynders-accuse-de-blanchiment-dargent.jpeg\" alt=\"\" width=\"300\" height=\"200\"><\/div>\n<p>Un acte d&rsquo;accusation ne supprime pas la pr\u00e9somption d&rsquo;innocence, mais cela signifie que le juge d&rsquo;instruction estime qu&rsquo;il dispose d&rsquo;indices s\u00e9rieux de culpabilit\u00e9. L&rsquo;acte d&rsquo;accusation donne \u00e9galement au suspect des droits suppl\u00e9mentaires, comme la possibilit\u00e9 de demander l&rsquo;acc\u00e8s au dossier.<\/p>\n<p>Reynders, aujourd&rsquo;hui \u00e2g\u00e9 de 67 ans, longtemps l&rsquo;une des figures de proue du Parti lib\u00e9ral francophone (MR), aurait achet\u00e9 dans des points de vente des \u00ab e-tickets \u00bb, c&rsquo;est-\u00e0-dire des bons d&rsquo;achat d&rsquo;une valeur comprise entre 1 et 100 euros, transf\u00e9rables sur un compte de jeu d\u00e9tenu par la Loterie nationale. Certains de ces billets de loterie auraient \u00e9t\u00e9 achet\u00e9s en esp\u00e8ces et les gains auraient \u00e9t\u00e9 vers\u00e9s sur le compte num\u00e9rique de Reynder \u00e0 la Loterie nationale. Ils ont ensuite \u00e9t\u00e9 transf\u00e9r\u00e9s sur son compte courant. Reynders aurait d\u00e9pos\u00e9 pr\u00e8s de 700 000 euros en esp\u00e8ces sur son compte ING entre 2008 et 2018. On ne sait pas exactement o\u00f9 Reynders a obtenu l\u2019argent pour les \u00ab billets \u00e9lectroniques \u00bb. Il n&rsquo;y avait initialement aucune information sur les montants pr\u00e9cis.<\/p>\n<div id=\"attachment_153313\" class=\"wp-caption alignleft\" style=\"max-width: 300px\"><img decoding=\"async\" class=\"wp-image-153313 size-medium\" src=\"https:\/\/vieassociative.be\/actualites\/wp-content\/uploads\/2025\/11\/1762287519_269_Lancien-ministre-Reynders-accuse-de-blanchiment-dargent.jpeg\" alt=\"\" width=\"300\" height=\"214\"  ><\/div>\n<p>La banque a interrog\u00e9 son client en 2018 sur ses d\u00e9p\u00f4ts r\u00e9guliers et importants, mais a d\u00e9cid\u00e9 de ne d\u00e9clarer ces transactions atypiques \u00e0 la Ctif, l&rsquo;autorit\u00e9 anti-blanchiment, qu&rsquo;en 2023. D&rsquo;autant que Reynders s&rsquo;est mis \u00e0 miser massivement sur les jeux de hasard apr\u00e8s les questions de son banquier en 2018, toujours en esp\u00e8ces. Les gains de la loterie ont \u00e9galement \u00e9t\u00e9 transf\u00e9r\u00e9s sur le compte ING.<\/p>\n<p>Parce que Reynders a non seulement \u00e9t\u00e9 ministre belge des Finances et des Affaires \u00e9trang\u00e8res au cours de sa carri\u00e8re professionnelle, mais \u00e9galement commissaire europ\u00e9en \u00e0 la Justice, la nouvelle de son inculpation \u00e0 son encontre a fait sensation non seulement en Belgique, mais aussi dans d&rsquo;autres pays europ\u00e9ens.<\/p>\n<p>Reynders a \u00e9t\u00e9 commissaire europ\u00e9en \u00e0 la justice dans le cabinet de la pr\u00e9sidente de la Commission Ursula von der Leyen de 2019 \u00e0 2024 et \u00e9tait \u00e9galement responsable de l&rsquo;\u00c9tat de droit. Le lib\u00e9ral a \u00e9t\u00e9 ministre belge des Finances de 1999 \u00e0 2011 et ministre des Affaires \u00e9trang\u00e8res de 2011 \u00e0 2019. Reynders avait \u00e9galement postul\u00e9 au poste de secr\u00e9taire g\u00e9n\u00e9ral du Conseil de l&rsquo;Europe ces derni\u00e8res ann\u00e9es, mais sans succ\u00e8s. Pour ses d\u00e9tracteurs, il \u00e9tait \u2013 comme son rival lib\u00e9ral Charles Michel \u2013 un \u00ab chasseur de poste \u00bb notoire. D\u00e9sormais, la justice le traque.<\/p>\n<p>Un porte-parole de la Commission europ\u00e9enne a d\u00e9clar\u00e9 que l&rsquo;autorit\u00e9 ne disposait d&rsquo;aucune autre information \u00e0 ce sujet. \u00ab\u00a0Si les autorit\u00e9s belges nous contactent, nous travaillerons bien entendu avec elles\u00a0\u00bb, pr\u00e9cise-t-il. (cr\u00e9\/dpa)<\/p>\n","protected":false},"excerpt":{"rendered":"<p>Des accusations ont \u00e9t\u00e9 port\u00e9es contre Didier Reynders, ministre f\u00e9d\u00e9ral belge de longue date et ancien commissaire europ\u00e9en, pour blanchiment d&rsquo;argent et une ou plusieurs<\/p>\n","protected":false},"author":1,"featured_media":11110,"comment_status":"","ping_status":"","sticky":false,"template":"","format":"standard","meta":{"footnotes":""},"categories":[298],"tags":[2370,3781,3782,4356,1245,3780],"class_list":["post-11109","post","type-post","status-publish","format-standard","has-post-thumbnail","hentry","category-belgique","tag-accuse","tag-blanchiment","tag-dargent","tag-lancien","tag-ministre","tag-reynders","generate-columns","tablet-grid-50","mobile-grid-100","grid-parent","grid-33"],"yoast_head":"<!-- This site is optimized with the Yoast SEO plugin v24.0 - https:\/\/yoast.com\/wordpress\/plugins\/seo\/ -->\n<title>L&#039;ancien ministre Reynders accus\u00e9 de blanchiment d&#039;argent | Vie Associative<\/title>\n<meta name=\"robots\" content=\"index, follow, max-snippet:-1, max-image-preview:large, max-video-preview:-1\" \/>\n<link rel=\"canonical\" href=\"https:\/\/vieassociative.be\/actualites\/lancien-ministre-reynders-accuse-de-blanchiment-dargent\/\" \/>\n<meta property=\"og:locale\" content=\"fr_FR\" \/>\n<meta property=\"og:type\" content=\"article\" \/>\n<meta property=\"og:title\" content=\"L&#039;ancien ministre Reynders accus\u00e9 de blanchiment d&#039;argent | Vie Associative\" \/>\n<meta property=\"og:description\" content=\"Des accusations ont \u00e9t\u00e9 port\u00e9es contre Didier Reynders, ministre f\u00e9d\u00e9ral belge de longue date et ancien commissaire europ\u00e9en, pour blanchiment d&rsquo;argent et une ou plusieurs\" \/>\n<meta property=\"og:url\" content=\"https:\/\/vieassociative.be\/actualites\/lancien-ministre-reynders-accuse-de-blanchiment-dargent\/\" \/>\n<meta property=\"og:site_name\" content=\"Vie Associative\" \/>\n<meta property=\"article:published_time\" content=\"2025-11-04T20:18:39+00:00\" \/>\n<meta property=\"og:image\" content=\"https:\/\/vieassociative.be\/actualites\/wp-content\/uploads\/2024\/09\/header_backgroundk-01-e1726694325946.png\" \/>\n\t<meta property=\"og:image:width\" content=\"279\" \/>\n\t<meta property=\"og:image:height\" content=\"92\" \/>\n\t<meta property=\"og:image:type\" content=\"image\/png\" \/>\n<meta name=\"author\" content=\"Julien\" \/>\n<meta name=\"twitter:card\" content=\"summary_large_image\" \/>\n<meta name=\"twitter:label1\" content=\"\u00c9crit par\" \/>\n\t<meta name=\"twitter:data1\" content=\"Julien\" \/>\n\t<meta name=\"twitter:label2\" content=\"Dur\u00e9e de lecture est.\" \/>\n\t<meta name=\"twitter:data2\" content=\"3 minutes\" \/>\n<script type=\"application\/ld+json\" class=\"yoast-schema-graph\">{\"@context\":\"https:\/\/schema.org\",\"@graph\":[{\"@type\":\"Article\",\"@id\":\"https:\/\/vieassociative.be\/actualites\/lancien-ministre-reynders-accuse-de-blanchiment-dargent\/#article\",\"isPartOf\":{\"@id\":\"https:\/\/vieassociative.be\/actualites\/lancien-ministre-reynders-accuse-de-blanchiment-dargent\/\"},\"author\":{\"name\":\"Julien\",\"@id\":\"https:\/\/vieassociative.be\/actualites\/#\/schema\/person\/b87ac4f82f9d4e7b7cec7395b679edc4\"},\"headline\":\"L&rsquo;ancien ministre Reynders accus\u00e9 de blanchiment d&rsquo;argent\",\"datePublished\":\"2025-11-04T20:18:39+00:00\",\"dateModified\":\"2025-11-04T20:18:39+00:00\",\"mainEntityOfPage\":{\"@id\":\"https:\/\/vieassociative.be\/actualites\/lancien-ministre-reynders-accuse-de-blanchiment-dargent\/\"},\"wordCount\":590,\"publisher\":{\"@id\":\"https:\/\/vieassociative.be\/actualites\/#organization\"},\"image\":{\"@id\":\"https:\/\/vieassociative.be\/actualites\/lancien-ministre-reynders-accuse-de-blanchiment-dargent\/#primaryimage\"},\"thumbnailUrl\":\"https:\/\/vieassociative.be\/actualites\/wp-content\/uploads\/2025\/11\/1762287519_Lancien-ministre-Reynders-accuse-de-blanchiment-dargent.jpeg\",\"keywords\":[\"accuse\",\"blanchiment\",\"dargent\",\"Lancien\",\"ministre\",\"Reynders\"],\"articleSection\":[\"Belgique\"],\"inLanguage\":\"fr-BE\"},{\"@type\":\"WebPage\",\"@id\":\"https:\/\/vieassociative.be\/actualites\/lancien-ministre-reynders-accuse-de-blanchiment-dargent\/\",\"url\":\"https:\/\/vieassociative.be\/actualites\/lancien-ministre-reynders-accuse-de-blanchiment-dargent\/\",\"name\":\"L'ancien ministre Reynders accus\u00e9 de blanchiment d'argent | Vie Associative\",\"isPartOf\":{\"@id\":\"https:\/\/vieassociative.be\/actualites\/#website\"},\"primaryImageOfPage\":{\"@id\":\"https:\/\/vieassociative.be\/actualites\/lancien-ministre-reynders-accuse-de-blanchiment-dargent\/#primaryimage\"},\"image\":{\"@id\":\"https:\/\/vieassociative.be\/actualites\/lancien-ministre-reynders-accuse-de-blanchiment-dargent\/#primaryimage\"},\"thumbnailUrl\":\"https:\/\/vieassociative.be\/actualites\/wp-content\/uploads\/2025\/11\/1762287519_Lancien-ministre-Reynders-accuse-de-blanchiment-dargent.jpeg\",\"datePublished\":\"2025-11-04T20:18:39+00:00\",\"dateModified\":\"2025-11-04T20:18:39+00:00\",\"breadcrumb\":{\"@id\":\"https:\/\/vieassociative.be\/actualites\/lancien-ministre-reynders-accuse-de-blanchiment-dargent\/#breadcrumb\"},\"inLanguage\":\"fr-BE\",\"potentialAction\":[{\"@type\":\"ReadAction\",\"target\":[\"https:\/\/vieassociative.be\/actualites\/lancien-ministre-reynders-accuse-de-blanchiment-dargent\/\"]}]},{\"@type\":\"ImageObject\",\"inLanguage\":\"fr-BE\",\"@id\":\"https:\/\/vieassociative.be\/actualites\/lancien-ministre-reynders-accuse-de-blanchiment-dargent\/#primaryimage\",\"url\":\"https:\/\/vieassociative.be\/actualites\/wp-content\/uploads\/2025\/11\/1762287519_Lancien-ministre-Reynders-accuse-de-blanchiment-dargent.jpeg\",\"contentUrl\":\"https:\/\/vieassociative.be\/actualites\/wp-content\/uploads\/2025\/11\/1762287519_Lancien-ministre-Reynders-accuse-de-blanchiment-dargent.jpeg\",\"width\":1200,\"height\":761,\"caption\":\"L'ancien ministre Reynders accus\u00e9 de blanchiment d'argent\"},{\"@type\":\"BreadcrumbList\",\"@id\":\"https:\/\/vieassociative.be\/actualites\/lancien-ministre-reynders-accuse-de-blanchiment-dargent\/#breadcrumb\",\"itemListElement\":[{\"@type\":\"ListItem\",\"position\":1,\"name\":\"Accueil\",\"item\":\"https:\/\/vieassociative.be\/actualites\/\"},{\"@type\":\"ListItem\",\"position\":2,\"name\":\"L&rsquo;ancien ministre Reynders accus\u00e9 de blanchiment d&rsquo;argent\"}]},{\"@type\":\"WebSite\",\"@id\":\"https:\/\/vieassociative.be\/actualites\/#website\",\"url\":\"https:\/\/vieassociative.be\/actualites\/\",\"name\":\"Vie Associative\",\"description\":\"\",\"publisher\":{\"@id\":\"https:\/\/vieassociative.be\/actualites\/#organization\"},\"potentialAction\":[{\"@type\":\"SearchAction\",\"target\":{\"@type\":\"EntryPoint\",\"urlTemplate\":\"https:\/\/vieassociative.be\/actualites\/?s={search_term_string}\"},\"query-input\":{\"@type\":\"PropertyValueSpecification\",\"valueRequired\":true,\"valueName\":\"search_term_string\"}}],\"inLanguage\":\"fr-BE\"},{\"@type\":\"Organization\",\"@id\":\"https:\/\/vieassociative.be\/actualites\/#organization\",\"name\":\"Vie Associative\",\"url\":\"https:\/\/vieassociative.be\/actualites\/\",\"logo\":{\"@type\":\"ImageObject\",\"inLanguage\":\"fr-BE\",\"@id\":\"https:\/\/vieassociative.be\/actualites\/#\/schema\/logo\/image\/\",\"url\":\"https:\/\/vieassociative.be\/actualites\/wp-content\/uploads\/2024\/09\/cropped-vieassociative_favicon.ico.png\",\"contentUrl\":\"https:\/\/vieassociative.be\/actualites\/wp-content\/uploads\/2024\/09\/cropped-vieassociative_favicon.ico.png\",\"width\":512,\"height\":512,\"caption\":\"Vie Associative\"},\"image\":{\"@id\":\"https:\/\/vieassociative.be\/actualites\/#\/schema\/logo\/image\/\"}},{\"@type\":\"Person\",\"@id\":\"https:\/\/vieassociative.be\/actualites\/#\/schema\/person\/b87ac4f82f9d4e7b7cec7395b679edc4\",\"name\":\"Julien\",\"image\":{\"@type\":\"ImageObject\",\"inLanguage\":\"fr-BE\",\"@id\":\"https:\/\/vieassociative.be\/actualites\/#\/schema\/person\/image\/\",\"url\":\"https:\/\/vieassociative.be\/actualites\/wp-content\/uploads\/2024\/09\/vie-associative-1-150x150.jpg\",\"contentUrl\":\"https:\/\/vieassociative.be\/actualites\/wp-content\/uploads\/2024\/09\/vie-associative-1-150x150.jpg\",\"caption\":\"Julien\"},\"description\":\"Je suis Julien, r\u00e9dacteur pour Vie Associative. Passionn\u00e9 par le monde associatif depuis plus de 10 ans, j'ai \u00e0 c\u0153ur de partager des histoires inspirantes et de mettre en lumi\u00e8re les initiatives locales. Mon objectif est de sensibiliser et d'encourager l'engagement communautaire \u00e0 travers mes articles.\",\"sameAs\":[\"https:\/\/vieassociative.be\/\"]}]}<\/script>\n<!-- \/ Yoast SEO plugin. -->","yoast_head_json":{"title":"L'ancien ministre Reynders accus\u00e9 de blanchiment d'argent | Vie Associative","robots":{"index":"index","follow":"follow","max-snippet":"max-snippet:-1","max-image-preview":"max-image-preview:large","max-video-preview":"max-video-preview:-1"},"canonical":"https:\/\/vieassociative.be\/actualites\/lancien-ministre-reynders-accuse-de-blanchiment-dargent\/","og_locale":"fr_FR","og_type":"article","og_title":"L'ancien ministre Reynders accus\u00e9 de blanchiment d'argent | Vie Associative","og_description":"Des accusations ont \u00e9t\u00e9 port\u00e9es contre Didier Reynders, ministre f\u00e9d\u00e9ral belge de longue date et ancien commissaire europ\u00e9en, pour blanchiment d&rsquo;argent et une ou plusieurs","og_url":"https:\/\/vieassociative.be\/actualites\/lancien-ministre-reynders-accuse-de-blanchiment-dargent\/","og_site_name":"Vie Associative","article_published_time":"2025-11-04T20:18:39+00:00","og_image":[{"width":279,"height":92,"url":"https:\/\/vieassociative.be\/actualites\/wp-content\/uploads\/2024\/09\/header_backgroundk-01-e1726694325946.png","type":"image\/png"}],"author":"Julien","twitter_card":"summary_large_image","twitter_misc":{"\u00c9crit par":"Julien","Dur\u00e9e de lecture est.":"3 minutes"},"schema":{"@context":"https:\/\/schema.org","@graph":[{"@type":"Article","@id":"https:\/\/vieassociative.be\/actualites\/lancien-ministre-reynders-accuse-de-blanchiment-dargent\/#article","isPartOf":{"@id":"https:\/\/vieassociative.be\/actualites\/lancien-ministre-reynders-accuse-de-blanchiment-dargent\/"},"author":{"name":"Julien","@id":"https:\/\/vieassociative.be\/actualites\/#\/schema\/person\/b87ac4f82f9d4e7b7cec7395b679edc4"},"headline":"L&rsquo;ancien ministre Reynders accus\u00e9 de blanchiment d&rsquo;argent","datePublished":"2025-11-04T20:18:39+00:00","dateModified":"2025-11-04T20:18:39+00:00","mainEntityOfPage":{"@id":"https:\/\/vieassociative.be\/actualites\/lancien-ministre-reynders-accuse-de-blanchiment-dargent\/"},"wordCount":590,"publisher":{"@id":"https:\/\/vieassociative.be\/actualites\/#organization"},"image":{"@id":"https:\/\/vieassociative.be\/actualites\/lancien-ministre-reynders-accuse-de-blanchiment-dargent\/#primaryimage"},"thumbnailUrl":"https:\/\/vieassociative.be\/actualites\/wp-content\/uploads\/2025\/11\/1762287519_Lancien-ministre-Reynders-accuse-de-blanchiment-dargent.jpeg","keywords":["accuse","blanchiment","dargent","Lancien","ministre","Reynders"],"articleSection":["Belgique"],"inLanguage":"fr-BE"},{"@type":"WebPage","@id":"https:\/\/vieassociative.be\/actualites\/lancien-ministre-reynders-accuse-de-blanchiment-dargent\/","url":"https:\/\/vieassociative.be\/actualites\/lancien-ministre-reynders-accuse-de-blanchiment-dargent\/","name":"L'ancien ministre Reynders accus\u00e9 de blanchiment d'argent | Vie Associative","isPartOf":{"@id":"https:\/\/vieassociative.be\/actualites\/#website"},"primaryImageOfPage":{"@id":"https:\/\/vieassociative.be\/actualites\/lancien-ministre-reynders-accuse-de-blanchiment-dargent\/#primaryimage"},"image":{"@id":"https:\/\/vieassociative.be\/actualites\/lancien-ministre-reynders-accuse-de-blanchiment-dargent\/#primaryimage"},"thumbnailUrl":"https:\/\/vieassociative.be\/actualites\/wp-content\/uploads\/2025\/11\/1762287519_Lancien-ministre-Reynders-accuse-de-blanchiment-dargent.jpeg","datePublished":"2025-11-04T20:18:39+00:00","dateModified":"2025-11-04T20:18:39+00:00","breadcrumb":{"@id":"https:\/\/vieassociative.be\/actualites\/lancien-ministre-reynders-accuse-de-blanchiment-dargent\/#breadcrumb"},"inLanguage":"fr-BE","potentialAction":[{"@type":"ReadAction","target":["https:\/\/vieassociative.be\/actualites\/lancien-ministre-reynders-accuse-de-blanchiment-dargent\/"]}]},{"@type":"ImageObject","inLanguage":"fr-BE","@id":"https:\/\/vieassociative.be\/actualites\/lancien-ministre-reynders-accuse-de-blanchiment-dargent\/#primaryimage","url":"https:\/\/vieassociative.be\/actualites\/wp-content\/uploads\/2025\/11\/1762287519_Lancien-ministre-Reynders-accuse-de-blanchiment-dargent.jpeg","contentUrl":"https:\/\/vieassociative.be\/actualites\/wp-content\/uploads\/2025\/11\/1762287519_Lancien-ministre-Reynders-accuse-de-blanchiment-dargent.jpeg","width":1200,"height":761,"caption":"L'ancien ministre Reynders accus\u00e9 de blanchiment d'argent"},{"@type":"BreadcrumbList","@id":"https:\/\/vieassociative.be\/actualites\/lancien-ministre-reynders-accuse-de-blanchiment-dargent\/#breadcrumb","itemListElement":[{"@type":"ListItem","position":1,"name":"Accueil","item":"https:\/\/vieassociative.be\/actualites\/"},{"@type":"ListItem","position":2,"name":"L&rsquo;ancien ministre Reynders accus\u00e9 de blanchiment d&rsquo;argent"}]},{"@type":"WebSite","@id":"https:\/\/vieassociative.be\/actualites\/#website","url":"https:\/\/vieassociative.be\/actualites\/","name":"Vie Associative","description":"","publisher":{"@id":"https:\/\/vieassociative.be\/actualites\/#organization"},"potentialAction":[{"@type":"SearchAction","target":{"@type":"EntryPoint","urlTemplate":"https:\/\/vieassociative.be\/actualites\/?s={search_term_string}"},"query-input":{"@type":"PropertyValueSpecification","valueRequired":true,"valueName":"search_term_string"}}],"inLanguage":"fr-BE"},{"@type":"Organization","@id":"https:\/\/vieassociative.be\/actualites\/#organization","name":"Vie Associative","url":"https:\/\/vieassociative.be\/actualites\/","logo":{"@type":"ImageObject","inLanguage":"fr-BE","@id":"https:\/\/vieassociative.be\/actualites\/#\/schema\/logo\/image\/","url":"https:\/\/vieassociative.be\/actualites\/wp-content\/uploads\/2024\/09\/cropped-vieassociative_favicon.ico.png","contentUrl":"https:\/\/vieassociative.be\/actualites\/wp-content\/uploads\/2024\/09\/cropped-vieassociative_favicon.ico.png","width":512,"height":512,"caption":"Vie Associative"},"image":{"@id":"https:\/\/vieassociative.be\/actualites\/#\/schema\/logo\/image\/"}},{"@type":"Person","@id":"https:\/\/vieassociative.be\/actualites\/#\/schema\/person\/b87ac4f82f9d4e7b7cec7395b679edc4","name":"Julien","image":{"@type":"ImageObject","inLanguage":"fr-BE","@id":"https:\/\/vieassociative.be\/actualites\/#\/schema\/person\/image\/","url":"https:\/\/vieassociative.be\/actualites\/wp-content\/uploads\/2024\/09\/vie-associative-1-150x150.jpg","contentUrl":"https:\/\/vieassociative.be\/actualites\/wp-content\/uploads\/2024\/09\/vie-associative-1-150x150.jpg","caption":"Julien"},"description":"Je suis Julien, r\u00e9dacteur pour Vie Associative. Passionn\u00e9 par le monde associatif depuis plus de 10 ans, j'ai \u00e0 c\u0153ur de partager des histoires inspirantes et de mettre en lumi\u00e8re les initiatives locales. Mon objectif est de sensibiliser et d'encourager l'engagement communautaire \u00e0 travers mes articles.","sameAs":["https:\/\/vieassociative.be\/"]}]}},"_links":{"self":[{"href":"https:\/\/vieassociative.be\/actualites\/wp-json\/wp\/v2\/posts\/11109"}],"collection":[{"href":"https:\/\/vieassociative.be\/actualites\/wp-json\/wp\/v2\/posts"}],"about":[{"href":"https:\/\/vieassociative.be\/actualites\/wp-json\/wp\/v2\/types\/post"}],"author":[{"embeddable":true,"href":"https:\/\/vieassociative.be\/actualites\/wp-json\/wp\/v2\/users\/1"}],"replies":[{"embeddable":true,"href":"https:\/\/vieassociative.be\/actualites\/wp-json\/wp\/v2\/comments?post=11109"}],"version-history":[{"count":0,"href":"https:\/\/vieassociative.be\/actualites\/wp-json\/wp\/v2\/posts\/11109\/revisions"}],"wp:featuredmedia":[{"embeddable":true,"href":"https:\/\/vieassociative.be\/actualites\/wp-json\/wp\/v2\/media\/11110"}],"wp:attachment":[{"href":"https:\/\/vieassociative.be\/actualites\/wp-json\/wp\/v2\/media?parent=11109"}],"wp:term":[{"taxonomy":"category","embeddable":true,"href":"https:\/\/vieassociative.be\/actualites\/wp-json\/wp\/v2\/categories?post=11109"},{"taxonomy":"post_tag","embeddable":true,"href":"https:\/\/vieassociative.be\/actualites\/wp-json\/wp\/v2\/tags?post=11109"}],"curies":[{"name":"wp","href":"https:\/\/api.w.org\/{rel}","templated":true}]}}