{"id":11107,"date":"2025-11-04T20:18:11","date_gmt":"2025-11-04T19:18:11","guid":{"rendered":"https:\/\/vieassociative.be\/actualites\/apple-vient-de-changer-la-facon-dont-vous-desactivez-les-alarmes-de-votre-iphone\/"},"modified":"2025-11-04T20:18:11","modified_gmt":"2025-11-04T19:18:11","slug":"apple-vient-de-changer-la-facon-dont-vous-desactivez-les-alarmes-de-votre-iphone","status":"publish","type":"post","link":"https:\/\/vieassociative.be\/actualites\/apple-vient-de-changer-la-facon-dont-vous-desactivez-les-alarmes-de-votre-iphone\/","title":{"rendered":"Apple vient de changer la fa\u00e7on dont vous d\u00e9sactivez les alarmes de votre iPhone"},"content":{"rendered":"<div class=\"mt-4 leading-6 md:mb-8\">La bonne nouvelle est que vous pouvez le modifier.<\/div>\n<p><\/p>\n<p>Si vous utilisez un iPhone depuis longtemps, vous vous souviendrez peut-\u00eatre de \u00ab glisser pour d\u00e9verrouiller \u00bb. Lorsque vous vouliez utiliser votre iPhone, vous deviez d\u00e9placer physiquement votre doigt le long de l&rsquo;\u00e9cran pour d\u00e9verrouiller l&rsquo;appareil. C&rsquo;\u00e9tait une fa\u00e7on astucieuse de garantir que votre iPhone ne se d\u00e9verrouille pas dans votre poche ou \u00e0 cause d&rsquo;un contact accidentel. <\/p>\n<p>Avec iOS 10, Apple a supprim\u00e9 le slide pour d\u00e9verrouiller en appuyant sur le bouton Accueil, puis en glissant vers le haut en bas de l&rsquo;\u00e9cran. Depuis lors, pendant la majeure partie d&rsquo;une d\u00e9cennie, glisser vers la droite sur l&rsquo;\u00e9cran de verrouillage vous am\u00e8ne simplement \u00e0 la \u00ab\u00a0Vue d&rsquo;aujourd&rsquo;hui\u00a0\u00bb, qui contient vos widgets. Le changement est une bonne chose, et je ne pense pas n\u00e9cessairement qu&rsquo;Apple devrait ramener le slide pour d\u00e9verrouiller l&rsquo;\u00e9cran de verrouillage, mais parfois, la fa\u00e7on dont les choses fonctionnaient sur mon ancien iPhone 3GS me manque. La nostalgie est une sacr\u00e9e drogue. <\/p>\n<p>Cependant, \u00e0 ma grande surprise, la soci\u00e9t\u00e9 <em>est<\/em> ramener la fonction coulissante, mais pas pour la d\u00e9verrouiller. Au lieu de cela, vous pouvez d\u00e9sormais glisser vers <em>arr\u00eatez vos alarmes<\/em>ce qui pourrait surprendre toute personne habitu\u00e9e \u00e0 la routine d\u2019alarme habituelle. Imaginez\u00a0: un matin, vous appuyez pour \u00e9teindre votre alarme comme d&rsquo;habitude\u00a0; le lendemain, vos robinets sont infructueux et votre alarme continue de sonner. Les yeux larmoyants, vous regardez votre \u00e9cran pour trouver une nouvelle fonction \u00ab\u00a0Glisser pour arr\u00eater\u00a0\u00bb. Si vous \u00eates comme moi, vous suivrez les instructions, glisserez pour arr\u00eater l&rsquo;alarme, pour ensuite oublier toute l&rsquo;\u00e9preuve en quelques instants, condamn\u00e9 \u00e0 r\u00e9p\u00e9ter l&rsquo;affaire le lendemain matin. <\/p>\n<div class=\"mx-auto mb-12 mt-5 w-full max-w-3xl rounded-md border-2 border-gray-100 p-3 shadow-md md:px-7 md:pb-7 md:pt-5\" id=\"related-video\">\n<div class=\"mb-3 flex items-center md:mb-5\">\n        <img decoding=\"async\" class=\"mr-4 mt-0 h-10 w-10 md:mr-5 md:h-12 md:w-12\" src=\"https:\/\/vieassociative.be\/actualites\/wp-content\/uploads\/2025\/09\/1757726237_608_Meta-pourrait-devoiler-une-montre-intelligente-pour-controler-ses-lunettes.jpg\" alt=\"Logo du pirate de la vie\"><\/p><\/div>\n<div class=\"aspect-video w-full overflow-hidden rounded-md\">\n<div id=\"video-container-01K983FZMBRPZ64R5EW75JXRD3\"><\/div>\n<\/p><\/div>\n<\/div>\n<p>Ce changement fait partie d&rsquo;iOS 26.1, qui a \u00e9t\u00e9 abandonn\u00e9 lundi, et Apple ne vous donne pas votre mot \u00e0 dire, du moins pas au d\u00e9but. Apr\u00e8s la mise \u00e0 jour vers la derni\u00e8re mise \u00e0 jour, votre prochaine alarme ou minuterie inclura le curseur suivant (bien que les boutons \u00ab\u00a0snooze\u00a0\u00bb ou \u00ab\u00a0r\u00e9p\u00e9ter\u00a0\u00bb restent), mais le changement me convient. Je l&rsquo;aime bien et cela ram\u00e8ne une fonctionnalit\u00e9 amusante de l&rsquo;apog\u00e9e d&rsquo;iOS. Mais si vous n\u2019aimez pas le changement et que vous souhaiteriez pouvoir simplement appuyer sur un bouton pour d\u00e9sactiver vos alarmes et minuteries, la bonne nouvelle est que vous le pouvez toujours. <\/p>\n<h2 id=\"how-to-disable-slide-to-stop-alarm\">Comment d\u00e9sactiver \u00ab\u00a0glisser pour arr\u00eater l&rsquo;alarme\u00a0\u00bb<\/h2>\n<p>Apple a enterr\u00e9 la possibilit\u00e9 de r\u00e9tablir votre alarme et vos minuteries telles qu&rsquo;elles \u00e9taient, donc je ne vous bl\u00e2merais pas de ne pas savoir qu&rsquo;elles existent. Vous ne les trouverez pas dans la page des param\u00e8tres de l&rsquo;application Clock, ce qui pr\u00eate \u00e0 confusion. Au lieu de cela, cela fait partie d&rsquo;un param\u00e8tre cach\u00e9 \u00e0 l&rsquo;\u00e9chelle du syst\u00e8me, appel\u00e9 \u00ab Pr\u00e9f\u00e9rer les actions \u00e0 une seule touche \u00bb.  <\/p>\n<p>Ce param\u00e8tre d\u00e9sactivera les curseurs sur iOS et les remplacera par des boutons. Pour nos besoins, cela transforme \u00ab\u00a0Glisser pour arr\u00eater\u00a0\u00bb en un simple bouton d&rsquo;arr\u00eat. Pour le trouver, rendez-vous sur <strong>Param\u00e8tres > Accessibilit\u00e9 > Tactile<\/strong>puis activez la bascule \u00e0 c\u00f4t\u00e9 de \u00ab\u00a0Pr\u00e9f\u00e9rer l&rsquo;action \u00e0 une seule touche\u00a0\u00bb. <\/p>\n<div class=\"eloquent-imagery-image\">\n<div class=\"flex justify-center\">\n                    <img decoding=\"async\" class=\"border border-gray-100\" src=\"https:\/\/vieassociative.be\/actualites\/wp-content\/uploads\/2025\/11\/Apple-vient-de-changer-la-facon-dont-vous-desactivez-les.png\" alt=\"Faites glisser pour arr\u00eater (\u00e0 gauche) ou pour arr\u00eater (\u00e0 droite).\" width=\"2000\" height=\"1125\" loading=\"lazy\"  >\n            <\/div>\n<\/p><\/div>\n","protected":false},"excerpt":{"rendered":"<p>La bonne nouvelle est que vous pouvez le modifier. Si vous utilisez un iPhone depuis longtemps, vous vous souviendrez peut-\u00eatre de \u00ab glisser pour d\u00e9verrouiller<\/p>\n","protected":false},"author":1,"featured_media":11108,"comment_status":"","ping_status":"","sticky":false,"template":"","format":"standard","meta":{"footnotes":""},"categories":[13],"tags":[5969,54,1360,7745,257,531,652,14,1213,8,4],"class_list":["post-11107","post","type-post","status-publish","format-standard","has-post-thumbnail","hentry","category-technologie","tag-alarmes","tag-apple","tag-changer","tag-desactivez","tag-dont","tag-facon","tag-iphone","tag-les","tag-vient","tag-votre","tag-vous","generate-columns","tablet-grid-50","mobile-grid-100","grid-parent","grid-33"],"yoast_head":"<!-- This site is optimized with the Yoast SEO plugin v24.0 - https:\/\/yoast.com\/wordpress\/plugins\/seo\/ -->\n<title>Apple vient de changer la fa\u00e7on dont vous d\u00e9sactivez les alarmes de votre iPhone | Vie Associative<\/title>\n<meta name=\"robots\" content=\"index, follow, max-snippet:-1, max-image-preview:large, max-video-preview:-1\" \/>\n<link rel=\"canonical\" href=\"https:\/\/vieassociative.be\/actualites\/apple-vient-de-changer-la-facon-dont-vous-desactivez-les-alarmes-de-votre-iphone\/\" \/>\n<meta property=\"og:locale\" content=\"fr_FR\" \/>\n<meta property=\"og:type\" content=\"article\" \/>\n<meta property=\"og:title\" content=\"Apple vient de changer la fa\u00e7on dont vous d\u00e9sactivez les alarmes de votre iPhone | Vie Associative\" \/>\n<meta property=\"og:description\" content=\"La bonne nouvelle est que vous pouvez le modifier. Si vous utilisez un iPhone depuis longtemps, vous vous souviendrez peut-\u00eatre de \u00ab glisser pour d\u00e9verrouiller\" \/>\n<meta property=\"og:url\" content=\"https:\/\/vieassociative.be\/actualites\/apple-vient-de-changer-la-facon-dont-vous-desactivez-les-alarmes-de-votre-iphone\/\" \/>\n<meta property=\"og:site_name\" content=\"Vie Associative\" \/>\n<meta property=\"article:published_time\" content=\"2025-11-04T19:18:11+00:00\" \/>\n<meta property=\"og:image\" content=\"https:\/\/vieassociative.be\/actualites\/wp-content\/uploads\/2025\/09\/1757726237_608_Meta-pourrait-devoiler-une-montre-intelligente-pour-controler-ses-lunettes.jpg\" \/>\n<meta name=\"author\" content=\"Julien\" \/>\n<meta name=\"twitter:card\" content=\"summary_large_image\" \/>\n<meta name=\"twitter:label1\" content=\"\u00c9crit par\" \/>\n\t<meta name=\"twitter:data1\" content=\"Julien\" \/>\n\t<meta name=\"twitter:label2\" content=\"Dur\u00e9e de lecture est.\" \/>\n\t<meta name=\"twitter:data2\" content=\"3 minutes\" \/>\n<script type=\"application\/ld+json\" class=\"yoast-schema-graph\">{\"@context\":\"https:\/\/schema.org\",\"@graph\":[{\"@type\":\"Article\",\"@id\":\"https:\/\/vieassociative.be\/actualites\/apple-vient-de-changer-la-facon-dont-vous-desactivez-les-alarmes-de-votre-iphone\/#article\",\"isPartOf\":{\"@id\":\"https:\/\/vieassociative.be\/actualites\/apple-vient-de-changer-la-facon-dont-vous-desactivez-les-alarmes-de-votre-iphone\/\"},\"author\":{\"name\":\"Julien\",\"@id\":\"https:\/\/vieassociative.be\/actualites\/#\/schema\/person\/b87ac4f82f9d4e7b7cec7395b679edc4\"},\"headline\":\"Apple vient de changer la fa\u00e7on dont vous d\u00e9sactivez les alarmes de votre iPhone\",\"datePublished\":\"2025-11-04T19:18:11+00:00\",\"dateModified\":\"2025-11-04T19:18:11+00:00\",\"mainEntityOfPage\":{\"@id\":\"https:\/\/vieassociative.be\/actualites\/apple-vient-de-changer-la-facon-dont-vous-desactivez-les-alarmes-de-votre-iphone\/\"},\"wordCount\":567,\"publisher\":{\"@id\":\"https:\/\/vieassociative.be\/actualites\/#organization\"},\"image\":{\"@id\":\"https:\/\/vieassociative.be\/actualites\/apple-vient-de-changer-la-facon-dont-vous-desactivez-les-alarmes-de-votre-iphone\/#primaryimage\"},\"thumbnailUrl\":\"https:\/\/vieassociative.be\/actualites\/wp-content\/uploads\/2025\/11\/Apple-vient-de-changer-la-facon-dont-vous-desactivez-les.jpg\",\"keywords\":[\"alarmes\",\"Apple\",\"changer\",\"D\u00e9sactivez\",\"dont\",\"fa\u00e7on\",\"iPhone\",\"Les\",\"vient\",\"votre\",\"Vous\"],\"articleSection\":[\"Technologie\"],\"inLanguage\":\"fr-BE\"},{\"@type\":\"WebPage\",\"@id\":\"https:\/\/vieassociative.be\/actualites\/apple-vient-de-changer-la-facon-dont-vous-desactivez-les-alarmes-de-votre-iphone\/\",\"url\":\"https:\/\/vieassociative.be\/actualites\/apple-vient-de-changer-la-facon-dont-vous-desactivez-les-alarmes-de-votre-iphone\/\",\"name\":\"Apple vient de changer la fa\u00e7on dont vous d\u00e9sactivez les alarmes de votre iPhone | Vie Associative\",\"isPartOf\":{\"@id\":\"https:\/\/vieassociative.be\/actualites\/#website\"},\"primaryImageOfPage\":{\"@id\":\"https:\/\/vieassociative.be\/actualites\/apple-vient-de-changer-la-facon-dont-vous-desactivez-les-alarmes-de-votre-iphone\/#primaryimage\"},\"image\":{\"@id\":\"https:\/\/vieassociative.be\/actualites\/apple-vient-de-changer-la-facon-dont-vous-desactivez-les-alarmes-de-votre-iphone\/#primaryimage\"},\"thumbnailUrl\":\"https:\/\/vieassociative.be\/actualites\/wp-content\/uploads\/2025\/11\/Apple-vient-de-changer-la-facon-dont-vous-desactivez-les.jpg\",\"datePublished\":\"2025-11-04T19:18:11+00:00\",\"dateModified\":\"2025-11-04T19:18:11+00:00\",\"breadcrumb\":{\"@id\":\"https:\/\/vieassociative.be\/actualites\/apple-vient-de-changer-la-facon-dont-vous-desactivez-les-alarmes-de-votre-iphone\/#breadcrumb\"},\"inLanguage\":\"fr-BE\",\"potentialAction\":[{\"@type\":\"ReadAction\",\"target\":[\"https:\/\/vieassociative.be\/actualites\/apple-vient-de-changer-la-facon-dont-vous-desactivez-les-alarmes-de-votre-iphone\/\"]}]},{\"@type\":\"ImageObject\",\"inLanguage\":\"fr-BE\",\"@id\":\"https:\/\/vieassociative.be\/actualites\/apple-vient-de-changer-la-facon-dont-vous-desactivez-les-alarmes-de-votre-iphone\/#primaryimage\",\"url\":\"https:\/\/vieassociative.be\/actualites\/wp-content\/uploads\/2025\/11\/Apple-vient-de-changer-la-facon-dont-vous-desactivez-les.jpg\",\"contentUrl\":\"https:\/\/vieassociative.be\/actualites\/wp-content\/uploads\/2025\/11\/Apple-vient-de-changer-la-facon-dont-vous-desactivez-les.jpg\",\"width\":1200,\"height\":675,\"caption\":\"Apple vient de changer la fa\u00e7on dont vous d\u00e9sactivez les alarmes de votre iPhone\"},{\"@type\":\"BreadcrumbList\",\"@id\":\"https:\/\/vieassociative.be\/actualites\/apple-vient-de-changer-la-facon-dont-vous-desactivez-les-alarmes-de-votre-iphone\/#breadcrumb\",\"itemListElement\":[{\"@type\":\"ListItem\",\"position\":1,\"name\":\"Accueil\",\"item\":\"https:\/\/vieassociative.be\/actualites\/\"},{\"@type\":\"ListItem\",\"position\":2,\"name\":\"Apple vient de changer la fa\u00e7on dont vous d\u00e9sactivez les alarmes de votre iPhone\"}]},{\"@type\":\"WebSite\",\"@id\":\"https:\/\/vieassociative.be\/actualites\/#website\",\"url\":\"https:\/\/vieassociative.be\/actualites\/\",\"name\":\"Vie Associative\",\"description\":\"\",\"publisher\":{\"@id\":\"https:\/\/vieassociative.be\/actualites\/#organization\"},\"potentialAction\":[{\"@type\":\"SearchAction\",\"target\":{\"@type\":\"EntryPoint\",\"urlTemplate\":\"https:\/\/vieassociative.be\/actualites\/?s={search_term_string}\"},\"query-input\":{\"@type\":\"PropertyValueSpecification\",\"valueRequired\":true,\"valueName\":\"search_term_string\"}}],\"inLanguage\":\"fr-BE\"},{\"@type\":\"Organization\",\"@id\":\"https:\/\/vieassociative.be\/actualites\/#organization\",\"name\":\"Vie Associative\",\"url\":\"https:\/\/vieassociative.be\/actualites\/\",\"logo\":{\"@type\":\"ImageObject\",\"inLanguage\":\"fr-BE\",\"@id\":\"https:\/\/vieassociative.be\/actualites\/#\/schema\/logo\/image\/\",\"url\":\"https:\/\/vieassociative.be\/actualites\/wp-content\/uploads\/2024\/09\/cropped-vieassociative_favicon.ico.png\",\"contentUrl\":\"https:\/\/vieassociative.be\/actualites\/wp-content\/uploads\/2024\/09\/cropped-vieassociative_favicon.ico.png\",\"width\":512,\"height\":512,\"caption\":\"Vie Associative\"},\"image\":{\"@id\":\"https:\/\/vieassociative.be\/actualites\/#\/schema\/logo\/image\/\"}},{\"@type\":\"Person\",\"@id\":\"https:\/\/vieassociative.be\/actualites\/#\/schema\/person\/b87ac4f82f9d4e7b7cec7395b679edc4\",\"name\":\"Julien\",\"image\":{\"@type\":\"ImageObject\",\"inLanguage\":\"fr-BE\",\"@id\":\"https:\/\/vieassociative.be\/actualites\/#\/schema\/person\/image\/\",\"url\":\"https:\/\/vieassociative.be\/actualites\/wp-content\/uploads\/2024\/09\/vie-associative-1-150x150.jpg\",\"contentUrl\":\"https:\/\/vieassociative.be\/actualites\/wp-content\/uploads\/2024\/09\/vie-associative-1-150x150.jpg\",\"caption\":\"Julien\"},\"description\":\"Je suis Julien, r\u00e9dacteur pour Vie Associative. Passionn\u00e9 par le monde associatif depuis plus de 10 ans, j'ai \u00e0 c\u0153ur de partager des histoires inspirantes et de mettre en lumi\u00e8re les initiatives locales. Mon objectif est de sensibiliser et d'encourager l'engagement communautaire \u00e0 travers mes articles.\",\"sameAs\":[\"https:\/\/vieassociative.be\/\"]}]}<\/script>\n<!-- \/ Yoast SEO plugin. -->","yoast_head_json":{"title":"Apple vient de changer la fa\u00e7on dont vous d\u00e9sactivez les alarmes de votre iPhone | Vie Associative","robots":{"index":"index","follow":"follow","max-snippet":"max-snippet:-1","max-image-preview":"max-image-preview:large","max-video-preview":"max-video-preview:-1"},"canonical":"https:\/\/vieassociative.be\/actualites\/apple-vient-de-changer-la-facon-dont-vous-desactivez-les-alarmes-de-votre-iphone\/","og_locale":"fr_FR","og_type":"article","og_title":"Apple vient de changer la fa\u00e7on dont vous d\u00e9sactivez les alarmes de votre iPhone | Vie Associative","og_description":"La bonne nouvelle est que vous pouvez le modifier. Si vous utilisez un iPhone depuis longtemps, vous vous souviendrez peut-\u00eatre de \u00ab glisser pour d\u00e9verrouiller","og_url":"https:\/\/vieassociative.be\/actualites\/apple-vient-de-changer-la-facon-dont-vous-desactivez-les-alarmes-de-votre-iphone\/","og_site_name":"Vie Associative","article_published_time":"2025-11-04T19:18:11+00:00","og_image":[{"url":"https:\/\/vieassociative.be\/actualites\/wp-content\/uploads\/2025\/09\/1757726237_608_Meta-pourrait-devoiler-une-montre-intelligente-pour-controler-ses-lunettes.jpg","type":"","width":"","height":""}],"author":"Julien","twitter_card":"summary_large_image","twitter_misc":{"\u00c9crit par":"Julien","Dur\u00e9e de lecture est.":"3 minutes"},"schema":{"@context":"https:\/\/schema.org","@graph":[{"@type":"Article","@id":"https:\/\/vieassociative.be\/actualites\/apple-vient-de-changer-la-facon-dont-vous-desactivez-les-alarmes-de-votre-iphone\/#article","isPartOf":{"@id":"https:\/\/vieassociative.be\/actualites\/apple-vient-de-changer-la-facon-dont-vous-desactivez-les-alarmes-de-votre-iphone\/"},"author":{"name":"Julien","@id":"https:\/\/vieassociative.be\/actualites\/#\/schema\/person\/b87ac4f82f9d4e7b7cec7395b679edc4"},"headline":"Apple vient de changer la fa\u00e7on dont vous d\u00e9sactivez les alarmes de votre iPhone","datePublished":"2025-11-04T19:18:11+00:00","dateModified":"2025-11-04T19:18:11+00:00","mainEntityOfPage":{"@id":"https:\/\/vieassociative.be\/actualites\/apple-vient-de-changer-la-facon-dont-vous-desactivez-les-alarmes-de-votre-iphone\/"},"wordCount":567,"publisher":{"@id":"https:\/\/vieassociative.be\/actualites\/#organization"},"image":{"@id":"https:\/\/vieassociative.be\/actualites\/apple-vient-de-changer-la-facon-dont-vous-desactivez-les-alarmes-de-votre-iphone\/#primaryimage"},"thumbnailUrl":"https:\/\/vieassociative.be\/actualites\/wp-content\/uploads\/2025\/11\/Apple-vient-de-changer-la-facon-dont-vous-desactivez-les.jpg","keywords":["alarmes","Apple","changer","D\u00e9sactivez","dont","fa\u00e7on","iPhone","Les","vient","votre","Vous"],"articleSection":["Technologie"],"inLanguage":"fr-BE"},{"@type":"WebPage","@id":"https:\/\/vieassociative.be\/actualites\/apple-vient-de-changer-la-facon-dont-vous-desactivez-les-alarmes-de-votre-iphone\/","url":"https:\/\/vieassociative.be\/actualites\/apple-vient-de-changer-la-facon-dont-vous-desactivez-les-alarmes-de-votre-iphone\/","name":"Apple vient de changer la fa\u00e7on dont vous d\u00e9sactivez les alarmes de votre iPhone | Vie Associative","isPartOf":{"@id":"https:\/\/vieassociative.be\/actualites\/#website"},"primaryImageOfPage":{"@id":"https:\/\/vieassociative.be\/actualites\/apple-vient-de-changer-la-facon-dont-vous-desactivez-les-alarmes-de-votre-iphone\/#primaryimage"},"image":{"@id":"https:\/\/vieassociative.be\/actualites\/apple-vient-de-changer-la-facon-dont-vous-desactivez-les-alarmes-de-votre-iphone\/#primaryimage"},"thumbnailUrl":"https:\/\/vieassociative.be\/actualites\/wp-content\/uploads\/2025\/11\/Apple-vient-de-changer-la-facon-dont-vous-desactivez-les.jpg","datePublished":"2025-11-04T19:18:11+00:00","dateModified":"2025-11-04T19:18:11+00:00","breadcrumb":{"@id":"https:\/\/vieassociative.be\/actualites\/apple-vient-de-changer-la-facon-dont-vous-desactivez-les-alarmes-de-votre-iphone\/#breadcrumb"},"inLanguage":"fr-BE","potentialAction":[{"@type":"ReadAction","target":["https:\/\/vieassociative.be\/actualites\/apple-vient-de-changer-la-facon-dont-vous-desactivez-les-alarmes-de-votre-iphone\/"]}]},{"@type":"ImageObject","inLanguage":"fr-BE","@id":"https:\/\/vieassociative.be\/actualites\/apple-vient-de-changer-la-facon-dont-vous-desactivez-les-alarmes-de-votre-iphone\/#primaryimage","url":"https:\/\/vieassociative.be\/actualites\/wp-content\/uploads\/2025\/11\/Apple-vient-de-changer-la-facon-dont-vous-desactivez-les.jpg","contentUrl":"https:\/\/vieassociative.be\/actualites\/wp-content\/uploads\/2025\/11\/Apple-vient-de-changer-la-facon-dont-vous-desactivez-les.jpg","width":1200,"height":675,"caption":"Apple vient de changer la fa\u00e7on dont vous d\u00e9sactivez les alarmes de votre iPhone"},{"@type":"BreadcrumbList","@id":"https:\/\/vieassociative.be\/actualites\/apple-vient-de-changer-la-facon-dont-vous-desactivez-les-alarmes-de-votre-iphone\/#breadcrumb","itemListElement":[{"@type":"ListItem","position":1,"name":"Accueil","item":"https:\/\/vieassociative.be\/actualites\/"},{"@type":"ListItem","position":2,"name":"Apple vient de changer la fa\u00e7on dont vous d\u00e9sactivez les alarmes de votre iPhone"}]},{"@type":"WebSite","@id":"https:\/\/vieassociative.be\/actualites\/#website","url":"https:\/\/vieassociative.be\/actualites\/","name":"Vie Associative","description":"","publisher":{"@id":"https:\/\/vieassociative.be\/actualites\/#organization"},"potentialAction":[{"@type":"SearchAction","target":{"@type":"EntryPoint","urlTemplate":"https:\/\/vieassociative.be\/actualites\/?s={search_term_string}"},"query-input":{"@type":"PropertyValueSpecification","valueRequired":true,"valueName":"search_term_string"}}],"inLanguage":"fr-BE"},{"@type":"Organization","@id":"https:\/\/vieassociative.be\/actualites\/#organization","name":"Vie Associative","url":"https:\/\/vieassociative.be\/actualites\/","logo":{"@type":"ImageObject","inLanguage":"fr-BE","@id":"https:\/\/vieassociative.be\/actualites\/#\/schema\/logo\/image\/","url":"https:\/\/vieassociative.be\/actualites\/wp-content\/uploads\/2024\/09\/cropped-vieassociative_favicon.ico.png","contentUrl":"https:\/\/vieassociative.be\/actualites\/wp-content\/uploads\/2024\/09\/cropped-vieassociative_favicon.ico.png","width":512,"height":512,"caption":"Vie Associative"},"image":{"@id":"https:\/\/vieassociative.be\/actualites\/#\/schema\/logo\/image\/"}},{"@type":"Person","@id":"https:\/\/vieassociative.be\/actualites\/#\/schema\/person\/b87ac4f82f9d4e7b7cec7395b679edc4","name":"Julien","image":{"@type":"ImageObject","inLanguage":"fr-BE","@id":"https:\/\/vieassociative.be\/actualites\/#\/schema\/person\/image\/","url":"https:\/\/vieassociative.be\/actualites\/wp-content\/uploads\/2024\/09\/vie-associative-1-150x150.jpg","contentUrl":"https:\/\/vieassociative.be\/actualites\/wp-content\/uploads\/2024\/09\/vie-associative-1-150x150.jpg","caption":"Julien"},"description":"Je suis Julien, r\u00e9dacteur pour Vie Associative. Passionn\u00e9 par le monde associatif depuis plus de 10 ans, j'ai \u00e0 c\u0153ur de partager des histoires inspirantes et de mettre en lumi\u00e8re les initiatives locales. Mon objectif est de sensibiliser et d'encourager l'engagement communautaire \u00e0 travers mes articles.","sameAs":["https:\/\/vieassociative.be\/"]}]}},"_links":{"self":[{"href":"https:\/\/vieassociative.be\/actualites\/wp-json\/wp\/v2\/posts\/11107"}],"collection":[{"href":"https:\/\/vieassociative.be\/actualites\/wp-json\/wp\/v2\/posts"}],"about":[{"href":"https:\/\/vieassociative.be\/actualites\/wp-json\/wp\/v2\/types\/post"}],"author":[{"embeddable":true,"href":"https:\/\/vieassociative.be\/actualites\/wp-json\/wp\/v2\/users\/1"}],"replies":[{"embeddable":true,"href":"https:\/\/vieassociative.be\/actualites\/wp-json\/wp\/v2\/comments?post=11107"}],"version-history":[{"count":0,"href":"https:\/\/vieassociative.be\/actualites\/wp-json\/wp\/v2\/posts\/11107\/revisions"}],"wp:featuredmedia":[{"embeddable":true,"href":"https:\/\/vieassociative.be\/actualites\/wp-json\/wp\/v2\/media\/11108"}],"wp:attachment":[{"href":"https:\/\/vieassociative.be\/actualites\/wp-json\/wp\/v2\/media?parent=11107"}],"wp:term":[{"taxonomy":"category","embeddable":true,"href":"https:\/\/vieassociative.be\/actualites\/wp-json\/wp\/v2\/categories?post=11107"},{"taxonomy":"post_tag","embeddable":true,"href":"https:\/\/vieassociative.be\/actualites\/wp-json\/wp\/v2\/tags?post=11107"}],"curies":[{"name":"wp","href":"https:\/\/api.w.org\/{rel}","templated":true}]}}