{"id":11103,"date":"2025-11-04T18:17:12","date_gmt":"2025-11-04T17:17:12","guid":{"rendered":"https:\/\/vieassociative.be\/actualites\/toutes-les-nouvelles-fonctionnalites-que-vous-pouvez-essayer-maintenant-dans-macos-26-1\/"},"modified":"2025-11-04T18:17:12","modified_gmt":"2025-11-04T17:17:12","slug":"toutes-les-nouvelles-fonctionnalites-que-vous-pouvez-essayer-maintenant-dans-macos-26-1","status":"publish","type":"post","link":"https:\/\/vieassociative.be\/actualites\/toutes-les-nouvelles-fonctionnalites-que-vous-pouvez-essayer-maintenant-dans-macos-26-1\/","title":{"rendered":"Toutes les nouvelles fonctionnalit\u00e9s que vous pouvez essayer maintenant dans macOS 26.1"},"content":{"rendered":"<div class=\"mt-4 leading-6 md:mb-8\">Vous pouvez d\u00e9sormais \u00e9galement contr\u00f4ler l\u2019apparence de Liquid Glass sur votre Mac.<\/div>\n<p><\/p>\n<p>Bien que j&rsquo;ai mis \u00e0 jour mon iPhone vers iOS 26 d\u00e8s que possible, je n&rsquo;ai jamais appuy\u00e9 sur la g\u00e2chette avec macOS Tahoe. J&rsquo;adore mon iMac M1, mais je crains que la premi\u00e8re version d&rsquo;Apple de cette nouvelle mise \u00e0 jour ne soit pas tout \u00e0 fait optimis\u00e9e pour la puce vieille de cinq ans, et j&rsquo;attends de voir si une future version de Tahoe fonctionne un peu mieux. <\/p>\n<p>Il se trouve que la prochaine version est maintenant l\u00e0 et semble am\u00e9lior\u00e9e. Apple teste en version b\u00eata macOS Tahoe 26.1 aux c\u00f4t\u00e9s d&rsquo;iOS 26.1 depuis septembre et l&rsquo;a officiellement publi\u00e9 le lundi 3 novembre. La mise \u00e0 jour vient tout juste d&rsquo;\u00eatre publi\u00e9e, mais gr\u00e2ce \u00e0 la p\u00e9riode de test b\u00eata, nous savons quelles fonctionnalit\u00e9s Apple r\u00e9serve aux utilisateurs de Mac qui d\u00e9cident d&rsquo;installer 26.1. Il s&rsquo;agit d&rsquo;une r\u00e9vision beaucoup plus petite que macOS 26, mais la mise \u00e0 jour apporte de nouvelles fonctionnalit\u00e9s int\u00e9ressantes \u00e0 explorer par les utilisateurs. <\/p>\n<h2 id=\"control-over-liquid-glass-appearance\">Contr\u00f4le de l&rsquo;apparence de Liquid Glass<\/h2>\n<p>La diff\u00e9rence de loin la plus frappante entre les mises \u00e0 jour Apple de cette ann\u00e9e et celles de l\u2019ann\u00e9e derni\u00e8re est Liquid Glass. Ce nouveau langage de conception constitue le changement d&rsquo;interface utilisateur le plus radical d&rsquo;Apple depuis des ann\u00e9es, et m\u00eame si certaines personnes l&rsquo;adorent, d&rsquo;autres le d\u00e9testent. J&rsquo;ai appr\u00e9ci\u00e9 le nouveau look de mon iPhone, mais je comprends pourquoi certains utilisateurs n&rsquo;aiment pas la fa\u00e7on dont certains \u00e9l\u00e9ments laissent transpara\u00eetre l&rsquo;arri\u00e8re-plan, r\u00e9duisant dans certains cas la visibilit\u00e9.<\/p>\n<div class=\"mx-auto mb-12 mt-5 w-full max-w-3xl rounded-md border-2 border-gray-100 p-3 shadow-md md:px-7 md:pb-7 md:pt-5\" id=\"related-video\">\n<div class=\"mb-3 flex items-center md:mb-5\">\n        <img decoding=\"async\" class=\"mr-4 mt-0 h-10 w-10 md:mr-5 md:h-12 md:w-12\" src=\"https:\/\/vieassociative.be\/actualites\/wp-content\/uploads\/2025\/09\/1757726237_608_Meta-pourrait-devoiler-une-montre-intelligente-pour-controler-ses-lunettes.jpg\" alt=\"Logo du pirate de la vie\"><\/p><\/div>\n<div class=\"aspect-video w-full overflow-hidden rounded-md\">\n<div id=\"video-container-01K97X5NMKP22PDP4NCYTD9BRE\"><\/div>\n<\/p><\/div>\n<\/div>\n<p>Apple semble avoir pris les critiques \u00e0 c\u0153ur : avec macOS Tahoe, ainsi qu&rsquo;iOS 26.1 et iPadOS 26.1, la soci\u00e9t\u00e9 offre d\u00e9sormais aux utilisateurs la possibilit\u00e9 de contr\u00f4ler l&rsquo;apparence de Liquid Glass, au moins dans une certaine mesure. La nouvelle bascule, que vous pouvez trouver dans <strong>Param\u00e8tres syst\u00e8me > Apparence<\/strong>propose deux options\u00a0: \u00ab\u00a0Clair\u00a0\u00bb, qui conserve l&rsquo;aspect original du verre liquide, et \u00ab\u00a0Teint\u00e9\u00a0\u00bb, qui augmente l&rsquo;opacit\u00e9 des \u00e9l\u00e9ments de l&rsquo;interface utilisateur de votre syst\u00e8me. Avec Tinted, vous ne verrez pas autant d&rsquo;arri\u00e8re-plan appara\u00eetre, et tout ce qui appara\u00eet ne prend pas autant le dessus sur l&rsquo;\u00e9l\u00e9ment superpos\u00e9. <\/p>\n<p>Si vous trouvez Liquid Glass dans macOS Tahoe trop clair et \u00ab vitreux \u00bb, cela pourrait \u00eatre une bonne option \u00e0 essayer. <\/p>\n<h2 id=\"expanded-support-for-apple-music-automix\">Prise en charge \u00e9tendue d&rsquo;Apple Music AutoMix <\/h2>\n<p>La derni\u00e8re s\u00e9rie de mises \u00e0 jour d&rsquo;Apple a introduit une nouvelle fonctionnalit\u00e9 de type DJ dans Apple Music. AutoMix cr\u00e9era automatiquement une transition entre les chansons, en fondu d&rsquo;une chanson \u00e0 une autre. C&rsquo;est une fonctionnalit\u00e9 int\u00e9ressante (quand elle fonctionne bien) et peut rendre la transition entre des chansons diff\u00e9rentes beaucoup plus fluide.<\/p>\n<p>Avec macOS 26.1, AutoMix fonctionne d\u00e9sormais sur AirPlay. Auparavant, vous perdiez cette fonctionnalit\u00e9 lors de la transmission de votre musique vers un appareil AirPlay.<\/p>\n<h2 id=\"better-facetime-audio-quality\">Meilleure qualit\u00e9 audio FaceTime<\/h2>\n<p>Apple affirme que les utilisateurs de Mac passant \u00e0 la version 26.1 devraient b\u00e9n\u00e9ficier d&rsquo;une qualit\u00e9 audio FaceTime am\u00e9lior\u00e9e dans des conditions de faible bande passante. L&rsquo;entreprise ne donne pas de d\u00e9tails, mais c&rsquo;est une bonne nouvelle \u00e0 premi\u00e8re vue : si vous appelez quelqu&rsquo;un dans une zone \u00e0 faible signal ou avec une connexion Wi-Fi faible, vous devriez pouvoir mieux vous entendre.<\/p>\n<h2 id=\"communication-safety-and-web-content-filters-for-child-accounts\">Filtres de s\u00e9curit\u00e9 des communications et de contenu Web pour les comptes enfants<\/h2>\n<p>Si votre Mac dispose de comptes enfants (\u00e2g\u00e9s de 13 \u00e0 17 ans), les filtres de s\u00e9curit\u00e9 des communications et de contenu Web seront activ\u00e9s par d\u00e9faut pour ces comptes apr\u00e8s la mise \u00e0 jour vers cette derni\u00e8re version. Ces filtres sont con\u00e7us pour limiter les sites Web pour adultes, prot\u00e9geant ainsi les utilisateurs mineurs du contenu auquel ils ne devraient pas acc\u00e9der. <\/p>\n<h2 id=\"a-new-network-icon\">Une nouvelle ic\u00f4ne R\u00e9seau<\/h2>\n<p>Comme rep\u00e9r\u00e9 par le subreddit MacOSBeta, Apple a mis \u00e0 jour l&rsquo;ic\u00f4ne R\u00e9seau pour macOS 26.1. La nouvelle ic\u00f4ne est superbe, \u00e0 mon avis, avec un th\u00e8me bleu avec des effets lumineux\u00a0:<\/p>\n<div class=\"raw-embed\">\n<blockquote class=\"reddit-embed-bq\" style=\"height:500px\" data-embed-height=\"612\"><p>La nouvelle ic\u00f4ne R\u00e9seau sur Tahoe 26.1 Beta 1 est magnifique\u00a0! Cela semble tout droit sorti de l&rsquo;\u00e9poque d&rsquo;OS X&#8230;<br \/> byu\/nitzukai dansMacOSBeta<\/p><\/blockquote>\n<\/div>\n<h2 id=\"a-new-macintosh-hd-icon\">Une nouvelle ic\u00f4ne Macintosh HD<\/h2>\n<p>De m\u00eame, l&rsquo;ic\u00f4ne Macintosh HD b\u00e9n\u00e9ficie d&rsquo;un petit rafra\u00eechissement. L&rsquo;ic\u00f4ne Tahoe originale \u00e9tait une refonte majeure par rapport \u00e0 l&rsquo;ic\u00f4ne embl\u00e9matique pr\u00e9c\u00e9dente. D\u00e9sormais, Apple a supprim\u00e9 les \u00e9l\u00e9ments suppl\u00e9mentaires pour simplifier la conception. (Il me manque toujours l&rsquo;original.) <\/p>\n<blockquote class=\"twitterEmbed twitter-tweet\"><p>\n    <a rel=\"nofollow noopener\" class=\"text-gray-600\" href=\"https:\/\/twitter.com\/ClassicII_MrMac\/status\/1980362399078384045\" title=\"open in a new window\" target=\"_blank\"><\/p>\n<p>        Ce Tweet est actuellement indisponible. Il est peut-\u00eatre en cours de chargement ou a \u00e9t\u00e9 supprim\u00e9.<br \/>\n    <\/a>\n<\/p><\/blockquote>\n<h2 id=\"a-few-security-updates-probably\">Quelques mises \u00e0 jour de s\u00e9curit\u00e9, probablement<\/h2>\n<p>Apple n&rsquo;a pas encore annonc\u00e9 de mises \u00e0 jour de s\u00e9curit\u00e9 pour macOS 26.1, mais selon toute vraisemblance, elles le feront. Apple ne publie pas souvent de v\u00e9ritables correctifs de s\u00e9curit\u00e9 comme d&rsquo;autres soci\u00e9t\u00e9s, sauf correctif d&rsquo;urgence. Au lieu de cela, la soci\u00e9t\u00e9 regroupe g\u00e9n\u00e9ralement ses correctifs de s\u00e9curit\u00e9 dans des mises \u00e0 jour ponctuelles comme la 26.1. Une fois la mise \u00e0 jour officielle publi\u00e9e, attendez-vous \u00e0 ce qu&rsquo;Apple mette \u00e0 jour ses notes de version de s\u00e9curit\u00e9 pour inclure des d\u00e9tails sur ces correctifs.  <\/p>\n<p><script async src=\"https:\/\/platform.twitter.com\/widgets.js\" charset=\"utf-8\"><\/script><\/p>\n","protected":false},"excerpt":{"rendered":"<p>Vous pouvez d\u00e9sormais \u00e9galement contr\u00f4ler l\u2019apparence de Liquid Glass sur votre Mac. Bien que j&rsquo;ai mis \u00e0 jour mon iPhone vers iOS 26 d\u00e8s que<\/p>\n","protected":false},"author":1,"featured_media":11104,"comment_status":"","ping_status":"","sticky":false,"template":"","format":"standard","meta":{"footnotes":""},"categories":[13],"tags":[166,246,1216,14,7388,233,1215,5,62,4],"class_list":["post-11103","post","type-post","status-publish","format-standard","has-post-thumbnail","hentry","category-technologie","tag-dans","tag-essayer","tag-fonctionnalites","tag-les","tag-macos","tag-maintenant","tag-nouvelles","tag-pouvez","tag-toutes","tag-vous","generate-columns","tablet-grid-50","mobile-grid-100","grid-parent","grid-33"],"yoast_head":"<!-- This site is optimized with the Yoast SEO plugin v24.0 - https:\/\/yoast.com\/wordpress\/plugins\/seo\/ -->\n<title>Toutes les nouvelles fonctionnalit\u00e9s que vous pouvez essayer maintenant dans macOS 26.1 | Vie Associative<\/title>\n<meta name=\"robots\" content=\"index, follow, max-snippet:-1, max-image-preview:large, max-video-preview:-1\" \/>\n<link rel=\"canonical\" href=\"https:\/\/vieassociative.be\/actualites\/toutes-les-nouvelles-fonctionnalites-que-vous-pouvez-essayer-maintenant-dans-macos-26-1\/\" \/>\n<meta property=\"og:locale\" content=\"fr_FR\" \/>\n<meta property=\"og:type\" content=\"article\" \/>\n<meta property=\"og:title\" content=\"Toutes les nouvelles fonctionnalit\u00e9s que vous pouvez essayer maintenant dans macOS 26.1 | Vie Associative\" \/>\n<meta property=\"og:description\" content=\"Vous pouvez d\u00e9sormais \u00e9galement contr\u00f4ler l\u2019apparence de Liquid Glass sur votre Mac. Bien que j&rsquo;ai mis \u00e0 jour mon iPhone vers iOS 26 d\u00e8s que\" \/>\n<meta property=\"og:url\" content=\"https:\/\/vieassociative.be\/actualites\/toutes-les-nouvelles-fonctionnalites-que-vous-pouvez-essayer-maintenant-dans-macos-26-1\/\" \/>\n<meta property=\"og:site_name\" content=\"Vie Associative\" \/>\n<meta property=\"article:published_time\" content=\"2025-11-04T17:17:12+00:00\" \/>\n<meta property=\"og:image\" content=\"https:\/\/vieassociative.be\/actualites\/wp-content\/uploads\/2025\/09\/1757726237_608_Meta-pourrait-devoiler-une-montre-intelligente-pour-controler-ses-lunettes.jpg\" \/>\n<meta name=\"author\" content=\"Julien\" \/>\n<meta name=\"twitter:card\" content=\"summary_large_image\" \/>\n<meta name=\"twitter:label1\" content=\"\u00c9crit par\" \/>\n\t<meta name=\"twitter:data1\" content=\"Julien\" \/>\n\t<meta name=\"twitter:label2\" content=\"Dur\u00e9e de lecture est.\" \/>\n\t<meta name=\"twitter:data2\" content=\"4 minutes\" \/>\n<script type=\"application\/ld+json\" class=\"yoast-schema-graph\">{\"@context\":\"https:\/\/schema.org\",\"@graph\":[{\"@type\":\"Article\",\"@id\":\"https:\/\/vieassociative.be\/actualites\/toutes-les-nouvelles-fonctionnalites-que-vous-pouvez-essayer-maintenant-dans-macos-26-1\/#article\",\"isPartOf\":{\"@id\":\"https:\/\/vieassociative.be\/actualites\/toutes-les-nouvelles-fonctionnalites-que-vous-pouvez-essayer-maintenant-dans-macos-26-1\/\"},\"author\":{\"name\":\"Julien\",\"@id\":\"https:\/\/vieassociative.be\/actualites\/#\/schema\/person\/b87ac4f82f9d4e7b7cec7395b679edc4\"},\"headline\":\"Toutes les nouvelles fonctionnalit\u00e9s que vous pouvez essayer maintenant dans macOS 26.1\",\"datePublished\":\"2025-11-04T17:17:12+00:00\",\"dateModified\":\"2025-11-04T17:17:12+00:00\",\"mainEntityOfPage\":{\"@id\":\"https:\/\/vieassociative.be\/actualites\/toutes-les-nouvelles-fonctionnalites-que-vous-pouvez-essayer-maintenant-dans-macos-26-1\/\"},\"wordCount\":934,\"publisher\":{\"@id\":\"https:\/\/vieassociative.be\/actualites\/#organization\"},\"image\":{\"@id\":\"https:\/\/vieassociative.be\/actualites\/toutes-les-nouvelles-fonctionnalites-que-vous-pouvez-essayer-maintenant-dans-macos-26-1\/#primaryimage\"},\"thumbnailUrl\":\"https:\/\/vieassociative.be\/actualites\/wp-content\/uploads\/2025\/11\/Toutes-les-nouvelles-fonctionnalites-que-vous-pouvez-essayer-maintenant-dans.jpg\",\"keywords\":[\"dans\",\"essayer\",\"fonctionnalit\u00e9s\",\"Les\",\"MacOS\",\"maintenant\",\"nouvelles\",\"pouvez\",\"toutes\",\"Vous\"],\"articleSection\":[\"Technologie\"],\"inLanguage\":\"fr-BE\"},{\"@type\":\"WebPage\",\"@id\":\"https:\/\/vieassociative.be\/actualites\/toutes-les-nouvelles-fonctionnalites-que-vous-pouvez-essayer-maintenant-dans-macos-26-1\/\",\"url\":\"https:\/\/vieassociative.be\/actualites\/toutes-les-nouvelles-fonctionnalites-que-vous-pouvez-essayer-maintenant-dans-macos-26-1\/\",\"name\":\"Toutes les nouvelles fonctionnalit\u00e9s que vous pouvez essayer maintenant dans macOS 26.1 | Vie Associative\",\"isPartOf\":{\"@id\":\"https:\/\/vieassociative.be\/actualites\/#website\"},\"primaryImageOfPage\":{\"@id\":\"https:\/\/vieassociative.be\/actualites\/toutes-les-nouvelles-fonctionnalites-que-vous-pouvez-essayer-maintenant-dans-macos-26-1\/#primaryimage\"},\"image\":{\"@id\":\"https:\/\/vieassociative.be\/actualites\/toutes-les-nouvelles-fonctionnalites-que-vous-pouvez-essayer-maintenant-dans-macos-26-1\/#primaryimage\"},\"thumbnailUrl\":\"https:\/\/vieassociative.be\/actualites\/wp-content\/uploads\/2025\/11\/Toutes-les-nouvelles-fonctionnalites-que-vous-pouvez-essayer-maintenant-dans.jpg\",\"datePublished\":\"2025-11-04T17:17:12+00:00\",\"dateModified\":\"2025-11-04T17:17:12+00:00\",\"breadcrumb\":{\"@id\":\"https:\/\/vieassociative.be\/actualites\/toutes-les-nouvelles-fonctionnalites-que-vous-pouvez-essayer-maintenant-dans-macos-26-1\/#breadcrumb\"},\"inLanguage\":\"fr-BE\",\"potentialAction\":[{\"@type\":\"ReadAction\",\"target\":[\"https:\/\/vieassociative.be\/actualites\/toutes-les-nouvelles-fonctionnalites-que-vous-pouvez-essayer-maintenant-dans-macos-26-1\/\"]}]},{\"@type\":\"ImageObject\",\"inLanguage\":\"fr-BE\",\"@id\":\"https:\/\/vieassociative.be\/actualites\/toutes-les-nouvelles-fonctionnalites-que-vous-pouvez-essayer-maintenant-dans-macos-26-1\/#primaryimage\",\"url\":\"https:\/\/vieassociative.be\/actualites\/wp-content\/uploads\/2025\/11\/Toutes-les-nouvelles-fonctionnalites-que-vous-pouvez-essayer-maintenant-dans.jpg\",\"contentUrl\":\"https:\/\/vieassociative.be\/actualites\/wp-content\/uploads\/2025\/11\/Toutes-les-nouvelles-fonctionnalites-que-vous-pouvez-essayer-maintenant-dans.jpg\",\"width\":1200,\"height\":675,\"caption\":\"Toutes les nouvelles fonctionnalit\u00e9s que vous pouvez essayer maintenant dans macOS 26.1\"},{\"@type\":\"BreadcrumbList\",\"@id\":\"https:\/\/vieassociative.be\/actualites\/toutes-les-nouvelles-fonctionnalites-que-vous-pouvez-essayer-maintenant-dans-macos-26-1\/#breadcrumb\",\"itemListElement\":[{\"@type\":\"ListItem\",\"position\":1,\"name\":\"Accueil\",\"item\":\"https:\/\/vieassociative.be\/actualites\/\"},{\"@type\":\"ListItem\",\"position\":2,\"name\":\"Toutes les nouvelles fonctionnalit\u00e9s que vous pouvez essayer maintenant dans macOS 26.1\"}]},{\"@type\":\"WebSite\",\"@id\":\"https:\/\/vieassociative.be\/actualites\/#website\",\"url\":\"https:\/\/vieassociative.be\/actualites\/\",\"name\":\"Vie Associative\",\"description\":\"\",\"publisher\":{\"@id\":\"https:\/\/vieassociative.be\/actualites\/#organization\"},\"potentialAction\":[{\"@type\":\"SearchAction\",\"target\":{\"@type\":\"EntryPoint\",\"urlTemplate\":\"https:\/\/vieassociative.be\/actualites\/?s={search_term_string}\"},\"query-input\":{\"@type\":\"PropertyValueSpecification\",\"valueRequired\":true,\"valueName\":\"search_term_string\"}}],\"inLanguage\":\"fr-BE\"},{\"@type\":\"Organization\",\"@id\":\"https:\/\/vieassociative.be\/actualites\/#organization\",\"name\":\"Vie Associative\",\"url\":\"https:\/\/vieassociative.be\/actualites\/\",\"logo\":{\"@type\":\"ImageObject\",\"inLanguage\":\"fr-BE\",\"@id\":\"https:\/\/vieassociative.be\/actualites\/#\/schema\/logo\/image\/\",\"url\":\"https:\/\/vieassociative.be\/actualites\/wp-content\/uploads\/2024\/09\/cropped-vieassociative_favicon.ico.png\",\"contentUrl\":\"https:\/\/vieassociative.be\/actualites\/wp-content\/uploads\/2024\/09\/cropped-vieassociative_favicon.ico.png\",\"width\":512,\"height\":512,\"caption\":\"Vie Associative\"},\"image\":{\"@id\":\"https:\/\/vieassociative.be\/actualites\/#\/schema\/logo\/image\/\"}},{\"@type\":\"Person\",\"@id\":\"https:\/\/vieassociative.be\/actualites\/#\/schema\/person\/b87ac4f82f9d4e7b7cec7395b679edc4\",\"name\":\"Julien\",\"image\":{\"@type\":\"ImageObject\",\"inLanguage\":\"fr-BE\",\"@id\":\"https:\/\/vieassociative.be\/actualites\/#\/schema\/person\/image\/\",\"url\":\"https:\/\/vieassociative.be\/actualites\/wp-content\/uploads\/2024\/09\/vie-associative-1-150x150.jpg\",\"contentUrl\":\"https:\/\/vieassociative.be\/actualites\/wp-content\/uploads\/2024\/09\/vie-associative-1-150x150.jpg\",\"caption\":\"Julien\"},\"description\":\"Je suis Julien, r\u00e9dacteur pour Vie Associative. Passionn\u00e9 par le monde associatif depuis plus de 10 ans, j'ai \u00e0 c\u0153ur de partager des histoires inspirantes et de mettre en lumi\u00e8re les initiatives locales. Mon objectif est de sensibiliser et d'encourager l'engagement communautaire \u00e0 travers mes articles.\",\"sameAs\":[\"https:\/\/vieassociative.be\/\"]}]}<\/script>\n<!-- \/ Yoast SEO plugin. -->","yoast_head_json":{"title":"Toutes les nouvelles fonctionnalit\u00e9s que vous pouvez essayer maintenant dans macOS 26.1 | Vie Associative","robots":{"index":"index","follow":"follow","max-snippet":"max-snippet:-1","max-image-preview":"max-image-preview:large","max-video-preview":"max-video-preview:-1"},"canonical":"https:\/\/vieassociative.be\/actualites\/toutes-les-nouvelles-fonctionnalites-que-vous-pouvez-essayer-maintenant-dans-macos-26-1\/","og_locale":"fr_FR","og_type":"article","og_title":"Toutes les nouvelles fonctionnalit\u00e9s que vous pouvez essayer maintenant dans macOS 26.1 | Vie Associative","og_description":"Vous pouvez d\u00e9sormais \u00e9galement contr\u00f4ler l\u2019apparence de Liquid Glass sur votre Mac. Bien que j&rsquo;ai mis \u00e0 jour mon iPhone vers iOS 26 d\u00e8s que","og_url":"https:\/\/vieassociative.be\/actualites\/toutes-les-nouvelles-fonctionnalites-que-vous-pouvez-essayer-maintenant-dans-macos-26-1\/","og_site_name":"Vie Associative","article_published_time":"2025-11-04T17:17:12+00:00","og_image":[{"url":"https:\/\/vieassociative.be\/actualites\/wp-content\/uploads\/2025\/09\/1757726237_608_Meta-pourrait-devoiler-une-montre-intelligente-pour-controler-ses-lunettes.jpg","type":"","width":"","height":""}],"author":"Julien","twitter_card":"summary_large_image","twitter_misc":{"\u00c9crit par":"Julien","Dur\u00e9e de lecture est.":"4 minutes"},"schema":{"@context":"https:\/\/schema.org","@graph":[{"@type":"Article","@id":"https:\/\/vieassociative.be\/actualites\/toutes-les-nouvelles-fonctionnalites-que-vous-pouvez-essayer-maintenant-dans-macos-26-1\/#article","isPartOf":{"@id":"https:\/\/vieassociative.be\/actualites\/toutes-les-nouvelles-fonctionnalites-que-vous-pouvez-essayer-maintenant-dans-macos-26-1\/"},"author":{"name":"Julien","@id":"https:\/\/vieassociative.be\/actualites\/#\/schema\/person\/b87ac4f82f9d4e7b7cec7395b679edc4"},"headline":"Toutes les nouvelles fonctionnalit\u00e9s que vous pouvez essayer maintenant dans macOS 26.1","datePublished":"2025-11-04T17:17:12+00:00","dateModified":"2025-11-04T17:17:12+00:00","mainEntityOfPage":{"@id":"https:\/\/vieassociative.be\/actualites\/toutes-les-nouvelles-fonctionnalites-que-vous-pouvez-essayer-maintenant-dans-macos-26-1\/"},"wordCount":934,"publisher":{"@id":"https:\/\/vieassociative.be\/actualites\/#organization"},"image":{"@id":"https:\/\/vieassociative.be\/actualites\/toutes-les-nouvelles-fonctionnalites-que-vous-pouvez-essayer-maintenant-dans-macos-26-1\/#primaryimage"},"thumbnailUrl":"https:\/\/vieassociative.be\/actualites\/wp-content\/uploads\/2025\/11\/Toutes-les-nouvelles-fonctionnalites-que-vous-pouvez-essayer-maintenant-dans.jpg","keywords":["dans","essayer","fonctionnalit\u00e9s","Les","MacOS","maintenant","nouvelles","pouvez","toutes","Vous"],"articleSection":["Technologie"],"inLanguage":"fr-BE"},{"@type":"WebPage","@id":"https:\/\/vieassociative.be\/actualites\/toutes-les-nouvelles-fonctionnalites-que-vous-pouvez-essayer-maintenant-dans-macos-26-1\/","url":"https:\/\/vieassociative.be\/actualites\/toutes-les-nouvelles-fonctionnalites-que-vous-pouvez-essayer-maintenant-dans-macos-26-1\/","name":"Toutes les nouvelles fonctionnalit\u00e9s que vous pouvez essayer maintenant dans macOS 26.1 | Vie Associative","isPartOf":{"@id":"https:\/\/vieassociative.be\/actualites\/#website"},"primaryImageOfPage":{"@id":"https:\/\/vieassociative.be\/actualites\/toutes-les-nouvelles-fonctionnalites-que-vous-pouvez-essayer-maintenant-dans-macos-26-1\/#primaryimage"},"image":{"@id":"https:\/\/vieassociative.be\/actualites\/toutes-les-nouvelles-fonctionnalites-que-vous-pouvez-essayer-maintenant-dans-macos-26-1\/#primaryimage"},"thumbnailUrl":"https:\/\/vieassociative.be\/actualites\/wp-content\/uploads\/2025\/11\/Toutes-les-nouvelles-fonctionnalites-que-vous-pouvez-essayer-maintenant-dans.jpg","datePublished":"2025-11-04T17:17:12+00:00","dateModified":"2025-11-04T17:17:12+00:00","breadcrumb":{"@id":"https:\/\/vieassociative.be\/actualites\/toutes-les-nouvelles-fonctionnalites-que-vous-pouvez-essayer-maintenant-dans-macos-26-1\/#breadcrumb"},"inLanguage":"fr-BE","potentialAction":[{"@type":"ReadAction","target":["https:\/\/vieassociative.be\/actualites\/toutes-les-nouvelles-fonctionnalites-que-vous-pouvez-essayer-maintenant-dans-macos-26-1\/"]}]},{"@type":"ImageObject","inLanguage":"fr-BE","@id":"https:\/\/vieassociative.be\/actualites\/toutes-les-nouvelles-fonctionnalites-que-vous-pouvez-essayer-maintenant-dans-macos-26-1\/#primaryimage","url":"https:\/\/vieassociative.be\/actualites\/wp-content\/uploads\/2025\/11\/Toutes-les-nouvelles-fonctionnalites-que-vous-pouvez-essayer-maintenant-dans.jpg","contentUrl":"https:\/\/vieassociative.be\/actualites\/wp-content\/uploads\/2025\/11\/Toutes-les-nouvelles-fonctionnalites-que-vous-pouvez-essayer-maintenant-dans.jpg","width":1200,"height":675,"caption":"Toutes les nouvelles fonctionnalit\u00e9s que vous pouvez essayer maintenant dans macOS 26.1"},{"@type":"BreadcrumbList","@id":"https:\/\/vieassociative.be\/actualites\/toutes-les-nouvelles-fonctionnalites-que-vous-pouvez-essayer-maintenant-dans-macos-26-1\/#breadcrumb","itemListElement":[{"@type":"ListItem","position":1,"name":"Accueil","item":"https:\/\/vieassociative.be\/actualites\/"},{"@type":"ListItem","position":2,"name":"Toutes les nouvelles fonctionnalit\u00e9s que vous pouvez essayer maintenant dans macOS 26.1"}]},{"@type":"WebSite","@id":"https:\/\/vieassociative.be\/actualites\/#website","url":"https:\/\/vieassociative.be\/actualites\/","name":"Vie Associative","description":"","publisher":{"@id":"https:\/\/vieassociative.be\/actualites\/#organization"},"potentialAction":[{"@type":"SearchAction","target":{"@type":"EntryPoint","urlTemplate":"https:\/\/vieassociative.be\/actualites\/?s={search_term_string}"},"query-input":{"@type":"PropertyValueSpecification","valueRequired":true,"valueName":"search_term_string"}}],"inLanguage":"fr-BE"},{"@type":"Organization","@id":"https:\/\/vieassociative.be\/actualites\/#organization","name":"Vie Associative","url":"https:\/\/vieassociative.be\/actualites\/","logo":{"@type":"ImageObject","inLanguage":"fr-BE","@id":"https:\/\/vieassociative.be\/actualites\/#\/schema\/logo\/image\/","url":"https:\/\/vieassociative.be\/actualites\/wp-content\/uploads\/2024\/09\/cropped-vieassociative_favicon.ico.png","contentUrl":"https:\/\/vieassociative.be\/actualites\/wp-content\/uploads\/2024\/09\/cropped-vieassociative_favicon.ico.png","width":512,"height":512,"caption":"Vie Associative"},"image":{"@id":"https:\/\/vieassociative.be\/actualites\/#\/schema\/logo\/image\/"}},{"@type":"Person","@id":"https:\/\/vieassociative.be\/actualites\/#\/schema\/person\/b87ac4f82f9d4e7b7cec7395b679edc4","name":"Julien","image":{"@type":"ImageObject","inLanguage":"fr-BE","@id":"https:\/\/vieassociative.be\/actualites\/#\/schema\/person\/image\/","url":"https:\/\/vieassociative.be\/actualites\/wp-content\/uploads\/2024\/09\/vie-associative-1-150x150.jpg","contentUrl":"https:\/\/vieassociative.be\/actualites\/wp-content\/uploads\/2024\/09\/vie-associative-1-150x150.jpg","caption":"Julien"},"description":"Je suis Julien, r\u00e9dacteur pour Vie Associative. Passionn\u00e9 par le monde associatif depuis plus de 10 ans, j'ai \u00e0 c\u0153ur de partager des histoires inspirantes et de mettre en lumi\u00e8re les initiatives locales. Mon objectif est de sensibiliser et d'encourager l'engagement communautaire \u00e0 travers mes articles.","sameAs":["https:\/\/vieassociative.be\/"]}]}},"_links":{"self":[{"href":"https:\/\/vieassociative.be\/actualites\/wp-json\/wp\/v2\/posts\/11103"}],"collection":[{"href":"https:\/\/vieassociative.be\/actualites\/wp-json\/wp\/v2\/posts"}],"about":[{"href":"https:\/\/vieassociative.be\/actualites\/wp-json\/wp\/v2\/types\/post"}],"author":[{"embeddable":true,"href":"https:\/\/vieassociative.be\/actualites\/wp-json\/wp\/v2\/users\/1"}],"replies":[{"embeddable":true,"href":"https:\/\/vieassociative.be\/actualites\/wp-json\/wp\/v2\/comments?post=11103"}],"version-history":[{"count":0,"href":"https:\/\/vieassociative.be\/actualites\/wp-json\/wp\/v2\/posts\/11103\/revisions"}],"wp:featuredmedia":[{"embeddable":true,"href":"https:\/\/vieassociative.be\/actualites\/wp-json\/wp\/v2\/media\/11104"}],"wp:attachment":[{"href":"https:\/\/vieassociative.be\/actualites\/wp-json\/wp\/v2\/media?parent=11103"}],"wp:term":[{"taxonomy":"category","embeddable":true,"href":"https:\/\/vieassociative.be\/actualites\/wp-json\/wp\/v2\/categories?post=11103"},{"taxonomy":"post_tag","embeddable":true,"href":"https:\/\/vieassociative.be\/actualites\/wp-json\/wp\/v2\/tags?post=11103"}],"curies":[{"name":"wp","href":"https:\/\/api.w.org\/{rel}","templated":true}]}}