{"id":11100,"date":"2025-11-04T16:17:22","date_gmt":"2025-11-04T15:17:22","guid":{"rendered":"https:\/\/vieassociative.be\/actualites\/guerre-dagression-de-la-russie-cet-homme-coupe-t-il-la-masse-monetaire-a-lukraine\/"},"modified":"2025-11-04T16:17:25","modified_gmt":"2025-11-04T15:17:25","slug":"guerre-dagression-de-la-russie-cet-homme-coupe-t-il-la-masse-monetaire-a-lukraine","status":"publish","type":"post","link":"https:\/\/vieassociative.be\/actualites\/guerre-dagression-de-la-russie-cet-homme-coupe-t-il-la-masse-monetaire-a-lukraine\/","title":{"rendered":"Guerre d\u2019agression de la Russie : cet homme coupe-t-il la masse mon\u00e9taire \u00e0 l\u2019Ukraine ?"},"content":{"rendered":"<p><\/p>\n<style>\n<p>      .article-body > p > a:not((href^=\"https:\/\/www.Vie associative\/\")):not((href^=\"https:\/\/www.Vie associative\")) ::after { display: inline-block; largeur : 0,8em ; hauteur : 0,8em ; couleur d'arri\u00e8re-plan\u00a0: couleur actuelle\u00a0; alignement vertical\u00a0: milieu\u00a0; contenu: ''; marge gauche\u00a0: 4\u00a0px\u00a0; masque-image: url(\"data:image\/svg+xml,%3Csvg xmlns=\"http:\/\/www.w3.org\/2000\/svg\" viewBox='0 0 20 20'%3E%3Cpath d='M4.05375 17L3 15.9462L14.4462 4.5H7.5V3H17V12.5H15.5V5.55375L4.05375 17Z' \/%3E%3C\/svg%3E\"); taille du masque\u00a0: couverture\u00a0; masque-r\u00e9p\u00e9tition\u00a0: pas de r\u00e9p\u00e9tition\u00a0; position du masque\u00a0: centre\u00a0; }\n    <\/style>\n<aside class=\"h-ad-280+text lg:h-0 lg:hidden mb-12 md:mb-16\" data-slot-id=\"pos1_sm\" data-breakpoint=\"sm\" data-hide-ad-text=\"false\" data-module-id=\"SparkAdSlotModule\"><\/aside>\n<style>\n<p>          .kaltura-player-container { position\u00a0: absolue\u00a0; } .playkit-ads-container iframe { position\u00a0: absolue\u00a0; haut : 0 ; gauche : 0 ; largeur : 100 % ; hauteur : 100 % ; }\n        <\/style>\n<p class=\"expressive-copy-lg-body\">Le chef du gouvernement oscille entre s\u00e9rieux et sarcasme. Il le fait plus souvent lorsque les choses deviennent d\u00e9sagr\u00e9ables. Ainsi Bart De Wever a d\u00e9clar\u00e9 : \u00ab\u00a0Moscou a signifi\u00e9 pour nous que si nous retirons l&rsquo;argent, nous en ressentirons les cons\u00e9quences pour l&rsquo;\u00e9ternit\u00e9. Cela semble \u00eatre une longue p\u00e9riode de temps.\u00a0\u00bb<\/p>\n<div id=\"piano-reco-slider\" data-module-id=\"PianoElementModule, PianoRecoWidgetModule\" class=\"my-10\" data-teaser-history=\"(410369226)\" data-reco-widget-id=\"b52c1d71c9f68f0f78934d3b517f9bb91d386277\" data-reco-slider data-reco-position=\"after-first\"><\/div>\n<div id=\"piano-banner-kampagne\" data-module-id=\"PianoElementModule, PianoRecoWidgetModule\" class=\"mb-4 block\"><\/div>\n<p class=\"expressive-copy-lg-body\">C&rsquo;\u00e9tait il y a presque deux semaines. Le sommet europ\u00e9en vient de se terminer apr\u00e8s des d\u00e9bats difficiles. Tardivement, le Premier ministre belge a expliqu\u00e9 pourquoi son pays continue de freiner la tentative des Europ\u00e9ens de mobiliser les avoirs gel\u00e9s de la Banque centrale russe au profit de l&rsquo;Ukraine envahie. Il s&rsquo;agit de la somme gigantesque de 140 milliards d&rsquo;euros g\u00e9r\u00e9e par le prestataire de services financiers Euroclear, bas\u00e9 \u00e0 Bruxelles. Cela repr\u00e9senterait suffisamment d\u2019argent pour permettre \u00e0 l\u2019arm\u00e9e de Kiev de continuer \u00e0 fonctionner pendant au moins deux ans. Les Europ\u00e9ens sont sous pression parce que les \u00c9tats-Unis de Donald Trump ne veulent plus payer pour l\u2019Ukraine.<\/p>\n<h3 class=\"expressive-heading-xl mb-5 mt-10\">Chef du gouvernement belge : crainte d&rsquo;une revanche de Moscou<\/h3>\n<p class=\"expressive-copy-lg-body\">De Wever avait pr\u00e9c\u00e9demment d\u00e9clar\u00e9 que l\u2019Ukraine devait continuer \u00e0 \u00eatre soutenue autant que possible. Mais ses doutes quant au projet de confisquer efficacement l\u2019argent russe n\u2019ont pas \u00e9t\u00e9 dissip\u00e9s. Les risques juridiques et financiers sont \u00e9normes, surtout pour son pays. \u00ab Nous serons certainement inond\u00e9s de poursuites judiciaires. \u00bb La Belgique, en tant que si\u00e8ge d&rsquo;Euroclear, ne devrait pas se retrouver avec les co\u00fbts en fin de compte. Il faut \u00e9galement s\u2019attendre \u00e0 ce que les actifs occidentaux en Russie soient ensuite expropri\u00e9s \u00e0 grande \u00e9chelle.<\/p>\n<p><!-- opinary --><\/p>\n<div class=\"my-10 w-full bg-stable-white\">\n<div id=\"opinary-automation-placeholder\" class=\"w-full\"><\/div>\n<\/p><\/div>\n<p class=\"expressive-copy-lg-body\">Cons\u00e9quence : en raison de la r\u00e9sistance belge, les \u00c9tats de l\u2019UE et la Commission de Bruxelles doivent d\u00e9sormais faire un effort suppl\u00e9mentaire. Lors du sommet d&rsquo;octobre, la d\u00e9cision fondamentale qui avait \u00e9t\u00e9 effectivement pr\u00e9par\u00e9e a \u00e9t\u00e9 report\u00e9e. La prochaine r\u00e9union est pr\u00e9vue pour la mi-d\u00e9cembre.<\/p>\n<aside class=\"h-ad-600+text lg:h-0 lg:hidden mb-12 md:mb-16\" data-slot-id=\"pos2_sm\" data-breakpoint=\"sm\" data-hide-ad-text=\"false\" data-module-id=\"SparkAdSlotModule\"><\/aside>\n<p class=\"expressive-copy-lg-body\">Bart De Wever, 54 ans, historien de formation, Premier ministre belge, s\u00e9paratiste flamand. La Belgique est en fait un pays calme qui ne se prend pas trop au s\u00e9rieux. Lorsqu&rsquo;il s&rsquo;agit des affaires de l&rsquo;Union europ\u00e9enne, les Belges font g\u00e9n\u00e9ralement ce qu&rsquo;ils font de mieux : ils aident \u00e0 trouver des compromis, aussi aventureux soient-ils. Il n\u2019y a rien qu\u2019ils aient plus d\u2019exp\u00e9rience dans le royaume, qui a toujours eu du mal \u00e0 rester uni en raison du conflit en cours entre n\u00e9erlandophones et francophones.<\/p>\n<div id=\"piano-reco-slider\" data-module-id=\"PianoElementModule, PianoRecoWidgetModule\" class=\"my-10\" data-teaser-history=\"(410369226)\" data-reco-widget-id=\"b52c1d71c9f68f0f78934d3b517f9bb91d386277\" data-reco-slider data-reco-position=\"middle\"><\/div>\n<h3 class=\"expressive-heading-xl mb-5 mt-10\">Bart De Wever : d\u2019abord ob\u00e8se, puis marathonien <\/h3>\n<p class=\"expressive-copy-lg-body\">Annuler un sommet europ\u00e9en sur une question centrale est une d\u00e9cision forte pour la Belgique. M\u00eame pour quelqu&rsquo;un comme De Wever, qui autrement n&rsquo;\u00e9vite pas les conflits. L\u2019avenir de l\u2019Ukraine, et donc de toute l\u2019Europe, d\u00e9pend soudain d\u2019un \u00c9tat europ\u00e9en de douze millions d\u2019habitants. Et un homme politique qui est le Premier ministre belge mais qui pr\u00e9f\u00e9rerait ne pas \u00eatre belge du tout. Peut-\u00eatre qu&rsquo;il quittera bient\u00f4t ses fonctions. Mais nous en reparlerons plus tard.<\/p>\n<p><!-- Taboola Container --><\/p>\n<aside class=\" w-full\" data-module-id=\"TaboolaContainerModule\" data-container-id=\"taboola-article-mid-article\" data-target-type=\"mix\" data-is-mid-article=\"true\" data-variant=\"mid-article\" data-gallery-number=\"undefined\" data-taboola-darkmode-flag=\"true\">\n<div id=\"taboola-article-mid-article\" style=\"\"><\/div>\n<\/aside>\n<p class=\"expressive-copy-lg-body\">Depuis d\u00e9but f\u00e9vrier, De Wever dirige une coalition qui, outre sa N-VA nationaliste flamande, comprend \u00e9galement des chr\u00e9tiens-d\u00e9mocrates flamands, des sociaux-d\u00e9mocrates flamands et des lib\u00e9raux et centristes francophones. Former un gouvernement prenait auparavant huit mois, ce qui \u00e9tait au mieux une p\u00e9riode moyenne-longue selon les normes belges. La coalition est connue localement sous le nom d&rsquo;\u00ab Arizona \u00bb car le drapeau de l&rsquo;\u00c9tat am\u00e9ricain contient les couleurs des partis participants.<\/p>\n<p class=\"expressive-copy-lg-body\">Avant de devenir chef du gouvernement f\u00e9d\u00e9ral, De Wever \u00e9tait bourgmestre de la ville portuaire d&rsquo;Anvers. Son parti consid\u00e8re la Belgique comme une construction d\u00e9pass\u00e9e et vise l\u2019ind\u00e9pendance \u00e0 long terme de la partie nord n\u00e9erlandophone de la Flandre. La Belgique est cens\u00e9e \u00ab s\u2019\u00e9vaporer \u00bb entre les comp\u00e9tences des r\u00e9gions d\u00e9j\u00e0 puissantes et celles de l\u2019UE. Pour le reste, la N-VA est un parti r\u00e9solument conservateur et \u00e9conomiquement lib\u00e9ral qui si\u00e8ge dans un groupe parlementaire au Parlement europ\u00e9en avec, entre autres, le parti national-conservateur PiS de Pologne, c&rsquo;est-\u00e0-dire le parti de l&rsquo;ancien Premier ministre polonais Jaroslaw Kaczynski.<\/p>\n<aside class=\"h-ad-280+text lg:h-0 lg:hidden mb-12 md:mb-16\" data-slot-id=\"pos3_sm\" data-breakpoint=\"sm\" data-hide-ad-text=\"false\" data-module-id=\"SparkAdSlotModule\"><\/aside>\n<p class=\"expressive-copy-lg-body\">Outre la Flandre, la Belgique compte \u00e9galement la r\u00e9gion francophone de Wallonie et la r\u00e9gion capitale officiellement bilingue de Bruxelles. La zone germanophone qui compte environ 80 000 habitants \u00e0 l&rsquo;est du pays fait partie de la Wallonie.<\/p>\n<p class=\"expressive-copy-lg-body\">Le Premier ministre De Wever bouleverse la politique belge depuis 20 ans. A cette \u00e9poque, c&rsquo;\u00e9tait un homme ob\u00e8se. Au d\u00e9but des ann\u00e9es 2010, il s&rsquo;est soumis \u00e0 un r\u00e9gime strict, a perdu 60 kilos et a couru des marathons, avec une grande sympathie du public. Son costume trois pi\u00e8ces est d\u00e9sormais \u00e0 nouveau assez serr\u00e9, mais il est loin de son ancienne pl\u00e9nitude. De Wever parle plusieurs langues \u00e9trang\u00e8res, dont l&rsquo;allemand et bien s\u00fbr le fran\u00e7ais impopulaire. Lors des \u00e9lections l\u00e9gislatives de juin 2024, son parti est devenu la force la plus puissante \u2013 en Flandre et dans tout le pays.<\/p>\n<h3 class=\"expressive-heading-xl mb-5 mt-10\">Gouvernement belge : un compromis sur le budget doit \u00eatre trouv\u00e9 d&rsquo;ici jeudi<\/h3>\n<p class=\"expressive-copy-lg-body\">En tant que Premier ministre, De Wever se trouve d\u00e9sormais dans la position \u00e9trange de devoir d\u00e9fendre les int\u00e9r\u00eats d\u2019un \u00c9tat qu\u2019il souhaite r\u00e9ellement vaincre. Cela vaut \u00e9galement pour le conflit autour de la mobilisation de l\u2019argent russe au profit de l\u2019Ukraine.<\/p>\n<aside class=\"h-ad-280+text lg:h-0 lg:hidden mb-12 md:mb-16\" data-slot-id=\"pos4_sm\" data-breakpoint=\"sm\" data-hide-ad-text=\"false\" data-module-id=\"SparkAdSlotModule\"><\/aside>\n<div id=\"piano-reco-slider\" data-module-id=\"PianoElementModule, PianoRecoWidgetModule\" class=\"my-10\" data-teaser-history=\"(410369226)\" data-reco-widget-id=\"b52c1d71c9f68f0f78934d3b517f9bb91d386277\" data-reco-slider data-reco-position=\"before-last\"><\/div>\n<p class=\"expressive-copy-lg-body\">Bien s\u00fbr, ce n&rsquo;est pas sa seule pr\u00e9occupation : c&rsquo;est le chaos au sein de la coalition de l&rsquo;Arizona. La Belgique, \u00e0 court de liquidit\u00e9s et lourdement endett\u00e9e, n\u2019a toujours pas de budget pour 2026. L\u2019objectif est d\u2019\u00e9conomiser au moins dix milliards d\u2019euros. Une solution devrait \u00eatre mise en place d&rsquo;ici jeudi. Si cela ne fonctionne pas, il ira voir le roi Philippe et \u00ab fera rapport \u00bb, comme l&rsquo;a r\u00e9cemment d\u00e9clar\u00e9 De Wever. Cela voulait dire : je pr\u00e9senterai alors ma d\u00e9mission.<\/p>\n","protected":false},"excerpt":{"rendered":"<p>Le chef du gouvernement oscille entre s\u00e9rieux et sarcasme. Il le fait plus souvent lorsque les choses deviennent d\u00e9sagr\u00e9ables. Ainsi Bart De Wever a d\u00e9clar\u00e9<\/p>\n","protected":false},"author":1,"featured_media":11101,"comment_status":"closed","ping_status":"","sticky":false,"template":"","format":"standard","meta":{"footnotes":""},"categories":[298],"tags":[216,9146,9145,2637,4555,3403,7903,9147,2636],"class_list":["post-11100","post","type-post","status-publish","format-standard","has-post-thumbnail","hentry","category-belgique","tag-cet","tag-coupetil","tag-dagression","tag-guerre","tag-homme","tag-lukraine","tag-masse","tag-monetaire","tag-russie","generate-columns","tablet-grid-50","mobile-grid-100","grid-parent","grid-33"],"yoast_head":"<!-- This site is optimized with the Yoast SEO plugin v24.0 - https:\/\/yoast.com\/wordpress\/plugins\/seo\/ -->\n<title>Guerre d\u2019agression de la Russie : cet homme coupe-t-il la masse mon\u00e9taire \u00e0 l\u2019Ukraine ? | Vie Associative<\/title>\n<meta name=\"robots\" content=\"index, follow, max-snippet:-1, max-image-preview:large, max-video-preview:-1\" \/>\n<link rel=\"canonical\" href=\"https:\/\/vieassociative.be\/actualites\/guerre-dagression-de-la-russie-cet-homme-coupe-t-il-la-masse-monetaire-a-lukraine\/\" \/>\n<meta property=\"og:locale\" content=\"fr_FR\" \/>\n<meta property=\"og:type\" content=\"article\" \/>\n<meta property=\"og:title\" content=\"Guerre d\u2019agression de la Russie : cet homme coupe-t-il la masse mon\u00e9taire \u00e0 l\u2019Ukraine ? | Vie Associative\" \/>\n<meta property=\"og:description\" content=\"Le chef du gouvernement oscille entre s\u00e9rieux et sarcasme. Il le fait plus souvent lorsque les choses deviennent d\u00e9sagr\u00e9ables. Ainsi Bart De Wever a d\u00e9clar\u00e9\" \/>\n<meta property=\"og:url\" content=\"https:\/\/vieassociative.be\/actualites\/guerre-dagression-de-la-russie-cet-homme-coupe-t-il-la-masse-monetaire-a-lukraine\/\" \/>\n<meta property=\"og:site_name\" content=\"Vie Associative\" \/>\n<meta property=\"article:published_time\" content=\"2025-11-04T15:17:22+00:00\" \/>\n<meta property=\"article:modified_time\" content=\"2025-11-04T15:17:25+00:00\" \/>\n<meta property=\"og:image\" content=\"https:\/\/vieassociative.be\/actualites\/wp-content\/uploads\/2025\/11\/1762269443_Guerre-dagression-de-la-Russie-cet-homme-coupe-t-il-la.jpeg\" \/>\n\t<meta property=\"og:image:width\" content=\"1600\" \/>\n\t<meta property=\"og:image:height\" content=\"900\" \/>\n\t<meta property=\"og:image:type\" content=\"image\/jpeg\" \/>\n<meta name=\"author\" content=\"Julien\" \/>\n<meta name=\"twitter:card\" content=\"summary_large_image\" \/>\n<meta name=\"twitter:label1\" content=\"\u00c9crit par\" \/>\n\t<meta name=\"twitter:data1\" content=\"Julien\" \/>\n\t<meta name=\"twitter:label2\" content=\"Dur\u00e9e de lecture est.\" \/>\n\t<meta name=\"twitter:data2\" content=\"5 minutes\" \/>\n<script type=\"application\/ld+json\" class=\"yoast-schema-graph\">{\"@context\":\"https:\/\/schema.org\",\"@graph\":[{\"@type\":\"Article\",\"@id\":\"https:\/\/vieassociative.be\/actualites\/guerre-dagression-de-la-russie-cet-homme-coupe-t-il-la-masse-monetaire-a-lukraine\/#article\",\"isPartOf\":{\"@id\":\"https:\/\/vieassociative.be\/actualites\/guerre-dagression-de-la-russie-cet-homme-coupe-t-il-la-masse-monetaire-a-lukraine\/\"},\"author\":{\"name\":\"Julien\",\"@id\":\"https:\/\/vieassociative.be\/actualites\/#\/schema\/person\/b87ac4f82f9d4e7b7cec7395b679edc4\"},\"headline\":\"Guerre d\u2019agression de la Russie : cet homme coupe-t-il la masse mon\u00e9taire \u00e0 l\u2019Ukraine ?\",\"datePublished\":\"2025-11-04T15:17:22+00:00\",\"dateModified\":\"2025-11-04T15:17:25+00:00\",\"mainEntityOfPage\":{\"@id\":\"https:\/\/vieassociative.be\/actualites\/guerre-dagression-de-la-russie-cet-homme-coupe-t-il-la-masse-monetaire-a-lukraine\/\"},\"wordCount\":1053,\"publisher\":{\"@id\":\"https:\/\/vieassociative.be\/actualites\/#organization\"},\"image\":{\"@id\":\"https:\/\/vieassociative.be\/actualites\/guerre-dagression-de-la-russie-cet-homme-coupe-t-il-la-masse-monetaire-a-lukraine\/#primaryimage\"},\"thumbnailUrl\":\"https:\/\/vieassociative.be\/actualites\/wp-content\/uploads\/2025\/11\/1762269443_Guerre-dagression-de-la-Russie-cet-homme-coupe-t-il-la.jpeg\",\"keywords\":[\"cet\",\"coupetil\",\"dagression\",\"guerre\",\"homme\",\"lUkraine\",\"masse\",\"mon\u00e9taire\",\"Russie\"],\"articleSection\":[\"Belgique\"],\"inLanguage\":\"fr-BE\"},{\"@type\":\"WebPage\",\"@id\":\"https:\/\/vieassociative.be\/actualites\/guerre-dagression-de-la-russie-cet-homme-coupe-t-il-la-masse-monetaire-a-lukraine\/\",\"url\":\"https:\/\/vieassociative.be\/actualites\/guerre-dagression-de-la-russie-cet-homme-coupe-t-il-la-masse-monetaire-a-lukraine\/\",\"name\":\"Guerre d\u2019agression de la Russie : cet homme coupe-t-il la masse mon\u00e9taire \u00e0 l\u2019Ukraine ? | Vie Associative\",\"isPartOf\":{\"@id\":\"https:\/\/vieassociative.be\/actualites\/#website\"},\"primaryImageOfPage\":{\"@id\":\"https:\/\/vieassociative.be\/actualites\/guerre-dagression-de-la-russie-cet-homme-coupe-t-il-la-masse-monetaire-a-lukraine\/#primaryimage\"},\"image\":{\"@id\":\"https:\/\/vieassociative.be\/actualites\/guerre-dagression-de-la-russie-cet-homme-coupe-t-il-la-masse-monetaire-a-lukraine\/#primaryimage\"},\"thumbnailUrl\":\"https:\/\/vieassociative.be\/actualites\/wp-content\/uploads\/2025\/11\/1762269443_Guerre-dagression-de-la-Russie-cet-homme-coupe-t-il-la.jpeg\",\"datePublished\":\"2025-11-04T15:17:22+00:00\",\"dateModified\":\"2025-11-04T15:17:25+00:00\",\"breadcrumb\":{\"@id\":\"https:\/\/vieassociative.be\/actualites\/guerre-dagression-de-la-russie-cet-homme-coupe-t-il-la-masse-monetaire-a-lukraine\/#breadcrumb\"},\"inLanguage\":\"fr-BE\",\"potentialAction\":[{\"@type\":\"ReadAction\",\"target\":[\"https:\/\/vieassociative.be\/actualites\/guerre-dagression-de-la-russie-cet-homme-coupe-t-il-la-masse-monetaire-a-lukraine\/\"]}]},{\"@type\":\"ImageObject\",\"inLanguage\":\"fr-BE\",\"@id\":\"https:\/\/vieassociative.be\/actualites\/guerre-dagression-de-la-russie-cet-homme-coupe-t-il-la-masse-monetaire-a-lukraine\/#primaryimage\",\"url\":\"https:\/\/vieassociative.be\/actualites\/wp-content\/uploads\/2025\/11\/1762269443_Guerre-dagression-de-la-Russie-cet-homme-coupe-t-il-la.jpeg\",\"contentUrl\":\"https:\/\/vieassociative.be\/actualites\/wp-content\/uploads\/2025\/11\/1762269443_Guerre-dagression-de-la-Russie-cet-homme-coupe-t-il-la.jpeg\",\"width\":1600,\"height\":900,\"caption\":\"Guerre d\u2019agression de la Russie : cet homme coupe-t-il la masse mon\u00e9taire \u00e0 l\u2019Ukraine ?\"},{\"@type\":\"BreadcrumbList\",\"@id\":\"https:\/\/vieassociative.be\/actualites\/guerre-dagression-de-la-russie-cet-homme-coupe-t-il-la-masse-monetaire-a-lukraine\/#breadcrumb\",\"itemListElement\":[{\"@type\":\"ListItem\",\"position\":1,\"name\":\"Accueil\",\"item\":\"https:\/\/vieassociative.be\/actualites\/\"},{\"@type\":\"ListItem\",\"position\":2,\"name\":\"Guerre d\u2019agression de la Russie : cet homme coupe-t-il la masse mon\u00e9taire \u00e0 l\u2019Ukraine ?\"}]},{\"@type\":\"WebSite\",\"@id\":\"https:\/\/vieassociative.be\/actualites\/#website\",\"url\":\"https:\/\/vieassociative.be\/actualites\/\",\"name\":\"Vie Associative\",\"description\":\"\",\"publisher\":{\"@id\":\"https:\/\/vieassociative.be\/actualites\/#organization\"},\"potentialAction\":[{\"@type\":\"SearchAction\",\"target\":{\"@type\":\"EntryPoint\",\"urlTemplate\":\"https:\/\/vieassociative.be\/actualites\/?s={search_term_string}\"},\"query-input\":{\"@type\":\"PropertyValueSpecification\",\"valueRequired\":true,\"valueName\":\"search_term_string\"}}],\"inLanguage\":\"fr-BE\"},{\"@type\":\"Organization\",\"@id\":\"https:\/\/vieassociative.be\/actualites\/#organization\",\"name\":\"Vie Associative\",\"url\":\"https:\/\/vieassociative.be\/actualites\/\",\"logo\":{\"@type\":\"ImageObject\",\"inLanguage\":\"fr-BE\",\"@id\":\"https:\/\/vieassociative.be\/actualites\/#\/schema\/logo\/image\/\",\"url\":\"https:\/\/vieassociative.be\/actualites\/wp-content\/uploads\/2024\/09\/cropped-vieassociative_favicon.ico.png\",\"contentUrl\":\"https:\/\/vieassociative.be\/actualites\/wp-content\/uploads\/2024\/09\/cropped-vieassociative_favicon.ico.png\",\"width\":512,\"height\":512,\"caption\":\"Vie Associative\"},\"image\":{\"@id\":\"https:\/\/vieassociative.be\/actualites\/#\/schema\/logo\/image\/\"}},{\"@type\":\"Person\",\"@id\":\"https:\/\/vieassociative.be\/actualites\/#\/schema\/person\/b87ac4f82f9d4e7b7cec7395b679edc4\",\"name\":\"Julien\",\"image\":{\"@type\":\"ImageObject\",\"inLanguage\":\"fr-BE\",\"@id\":\"https:\/\/vieassociative.be\/actualites\/#\/schema\/person\/image\/\",\"url\":\"https:\/\/vieassociative.be\/actualites\/wp-content\/uploads\/2024\/09\/vie-associative-1-150x150.jpg\",\"contentUrl\":\"https:\/\/vieassociative.be\/actualites\/wp-content\/uploads\/2024\/09\/vie-associative-1-150x150.jpg\",\"caption\":\"Julien\"},\"description\":\"Je suis Julien, r\u00e9dacteur pour Vie Associative. Passionn\u00e9 par le monde associatif depuis plus de 10 ans, j'ai \u00e0 c\u0153ur de partager des histoires inspirantes et de mettre en lumi\u00e8re les initiatives locales. Mon objectif est de sensibiliser et d'encourager l'engagement communautaire \u00e0 travers mes articles.\",\"sameAs\":[\"https:\/\/vieassociative.be\/\"]}]}<\/script>\n<!-- \/ Yoast SEO plugin. -->","yoast_head_json":{"title":"Guerre d\u2019agression de la Russie : cet homme coupe-t-il la masse mon\u00e9taire \u00e0 l\u2019Ukraine ? | Vie Associative","robots":{"index":"index","follow":"follow","max-snippet":"max-snippet:-1","max-image-preview":"max-image-preview:large","max-video-preview":"max-video-preview:-1"},"canonical":"https:\/\/vieassociative.be\/actualites\/guerre-dagression-de-la-russie-cet-homme-coupe-t-il-la-masse-monetaire-a-lukraine\/","og_locale":"fr_FR","og_type":"article","og_title":"Guerre d\u2019agression de la Russie : cet homme coupe-t-il la masse mon\u00e9taire \u00e0 l\u2019Ukraine ? | Vie Associative","og_description":"Le chef du gouvernement oscille entre s\u00e9rieux et sarcasme. Il le fait plus souvent lorsque les choses deviennent d\u00e9sagr\u00e9ables. Ainsi Bart De Wever a d\u00e9clar\u00e9","og_url":"https:\/\/vieassociative.be\/actualites\/guerre-dagression-de-la-russie-cet-homme-coupe-t-il-la-masse-monetaire-a-lukraine\/","og_site_name":"Vie Associative","article_published_time":"2025-11-04T15:17:22+00:00","article_modified_time":"2025-11-04T15:17:25+00:00","og_image":[{"width":1600,"height":900,"url":"https:\/\/vieassociative.be\/actualites\/wp-content\/uploads\/2025\/11\/1762269443_Guerre-dagression-de-la-Russie-cet-homme-coupe-t-il-la.jpeg","type":"image\/jpeg"}],"author":"Julien","twitter_card":"summary_large_image","twitter_misc":{"\u00c9crit par":"Julien","Dur\u00e9e de lecture est.":"5 minutes"},"schema":{"@context":"https:\/\/schema.org","@graph":[{"@type":"Article","@id":"https:\/\/vieassociative.be\/actualites\/guerre-dagression-de-la-russie-cet-homme-coupe-t-il-la-masse-monetaire-a-lukraine\/#article","isPartOf":{"@id":"https:\/\/vieassociative.be\/actualites\/guerre-dagression-de-la-russie-cet-homme-coupe-t-il-la-masse-monetaire-a-lukraine\/"},"author":{"name":"Julien","@id":"https:\/\/vieassociative.be\/actualites\/#\/schema\/person\/b87ac4f82f9d4e7b7cec7395b679edc4"},"headline":"Guerre d\u2019agression de la Russie : cet homme coupe-t-il la masse mon\u00e9taire \u00e0 l\u2019Ukraine ?","datePublished":"2025-11-04T15:17:22+00:00","dateModified":"2025-11-04T15:17:25+00:00","mainEntityOfPage":{"@id":"https:\/\/vieassociative.be\/actualites\/guerre-dagression-de-la-russie-cet-homme-coupe-t-il-la-masse-monetaire-a-lukraine\/"},"wordCount":1053,"publisher":{"@id":"https:\/\/vieassociative.be\/actualites\/#organization"},"image":{"@id":"https:\/\/vieassociative.be\/actualites\/guerre-dagression-de-la-russie-cet-homme-coupe-t-il-la-masse-monetaire-a-lukraine\/#primaryimage"},"thumbnailUrl":"https:\/\/vieassociative.be\/actualites\/wp-content\/uploads\/2025\/11\/1762269443_Guerre-dagression-de-la-Russie-cet-homme-coupe-t-il-la.jpeg","keywords":["cet","coupetil","dagression","guerre","homme","lUkraine","masse","mon\u00e9taire","Russie"],"articleSection":["Belgique"],"inLanguage":"fr-BE"},{"@type":"WebPage","@id":"https:\/\/vieassociative.be\/actualites\/guerre-dagression-de-la-russie-cet-homme-coupe-t-il-la-masse-monetaire-a-lukraine\/","url":"https:\/\/vieassociative.be\/actualites\/guerre-dagression-de-la-russie-cet-homme-coupe-t-il-la-masse-monetaire-a-lukraine\/","name":"Guerre d\u2019agression de la Russie : cet homme coupe-t-il la masse mon\u00e9taire \u00e0 l\u2019Ukraine ? | Vie Associative","isPartOf":{"@id":"https:\/\/vieassociative.be\/actualites\/#website"},"primaryImageOfPage":{"@id":"https:\/\/vieassociative.be\/actualites\/guerre-dagression-de-la-russie-cet-homme-coupe-t-il-la-masse-monetaire-a-lukraine\/#primaryimage"},"image":{"@id":"https:\/\/vieassociative.be\/actualites\/guerre-dagression-de-la-russie-cet-homme-coupe-t-il-la-masse-monetaire-a-lukraine\/#primaryimage"},"thumbnailUrl":"https:\/\/vieassociative.be\/actualites\/wp-content\/uploads\/2025\/11\/1762269443_Guerre-dagression-de-la-Russie-cet-homme-coupe-t-il-la.jpeg","datePublished":"2025-11-04T15:17:22+00:00","dateModified":"2025-11-04T15:17:25+00:00","breadcrumb":{"@id":"https:\/\/vieassociative.be\/actualites\/guerre-dagression-de-la-russie-cet-homme-coupe-t-il-la-masse-monetaire-a-lukraine\/#breadcrumb"},"inLanguage":"fr-BE","potentialAction":[{"@type":"ReadAction","target":["https:\/\/vieassociative.be\/actualites\/guerre-dagression-de-la-russie-cet-homme-coupe-t-il-la-masse-monetaire-a-lukraine\/"]}]},{"@type":"ImageObject","inLanguage":"fr-BE","@id":"https:\/\/vieassociative.be\/actualites\/guerre-dagression-de-la-russie-cet-homme-coupe-t-il-la-masse-monetaire-a-lukraine\/#primaryimage","url":"https:\/\/vieassociative.be\/actualites\/wp-content\/uploads\/2025\/11\/1762269443_Guerre-dagression-de-la-Russie-cet-homme-coupe-t-il-la.jpeg","contentUrl":"https:\/\/vieassociative.be\/actualites\/wp-content\/uploads\/2025\/11\/1762269443_Guerre-dagression-de-la-Russie-cet-homme-coupe-t-il-la.jpeg","width":1600,"height":900,"caption":"Guerre d\u2019agression de la Russie : cet homme coupe-t-il la masse mon\u00e9taire \u00e0 l\u2019Ukraine ?"},{"@type":"BreadcrumbList","@id":"https:\/\/vieassociative.be\/actualites\/guerre-dagression-de-la-russie-cet-homme-coupe-t-il-la-masse-monetaire-a-lukraine\/#breadcrumb","itemListElement":[{"@type":"ListItem","position":1,"name":"Accueil","item":"https:\/\/vieassociative.be\/actualites\/"},{"@type":"ListItem","position":2,"name":"Guerre d\u2019agression de la Russie : cet homme coupe-t-il la masse mon\u00e9taire \u00e0 l\u2019Ukraine ?"}]},{"@type":"WebSite","@id":"https:\/\/vieassociative.be\/actualites\/#website","url":"https:\/\/vieassociative.be\/actualites\/","name":"Vie Associative","description":"","publisher":{"@id":"https:\/\/vieassociative.be\/actualites\/#organization"},"potentialAction":[{"@type":"SearchAction","target":{"@type":"EntryPoint","urlTemplate":"https:\/\/vieassociative.be\/actualites\/?s={search_term_string}"},"query-input":{"@type":"PropertyValueSpecification","valueRequired":true,"valueName":"search_term_string"}}],"inLanguage":"fr-BE"},{"@type":"Organization","@id":"https:\/\/vieassociative.be\/actualites\/#organization","name":"Vie Associative","url":"https:\/\/vieassociative.be\/actualites\/","logo":{"@type":"ImageObject","inLanguage":"fr-BE","@id":"https:\/\/vieassociative.be\/actualites\/#\/schema\/logo\/image\/","url":"https:\/\/vieassociative.be\/actualites\/wp-content\/uploads\/2024\/09\/cropped-vieassociative_favicon.ico.png","contentUrl":"https:\/\/vieassociative.be\/actualites\/wp-content\/uploads\/2024\/09\/cropped-vieassociative_favicon.ico.png","width":512,"height":512,"caption":"Vie Associative"},"image":{"@id":"https:\/\/vieassociative.be\/actualites\/#\/schema\/logo\/image\/"}},{"@type":"Person","@id":"https:\/\/vieassociative.be\/actualites\/#\/schema\/person\/b87ac4f82f9d4e7b7cec7395b679edc4","name":"Julien","image":{"@type":"ImageObject","inLanguage":"fr-BE","@id":"https:\/\/vieassociative.be\/actualites\/#\/schema\/person\/image\/","url":"https:\/\/vieassociative.be\/actualites\/wp-content\/uploads\/2024\/09\/vie-associative-1-150x150.jpg","contentUrl":"https:\/\/vieassociative.be\/actualites\/wp-content\/uploads\/2024\/09\/vie-associative-1-150x150.jpg","caption":"Julien"},"description":"Je suis Julien, r\u00e9dacteur pour Vie Associative. Passionn\u00e9 par le monde associatif depuis plus de 10 ans, j'ai \u00e0 c\u0153ur de partager des histoires inspirantes et de mettre en lumi\u00e8re les initiatives locales. Mon objectif est de sensibiliser et d'encourager l'engagement communautaire \u00e0 travers mes articles.","sameAs":["https:\/\/vieassociative.be\/"]}]}},"_links":{"self":[{"href":"https:\/\/vieassociative.be\/actualites\/wp-json\/wp\/v2\/posts\/11100"}],"collection":[{"href":"https:\/\/vieassociative.be\/actualites\/wp-json\/wp\/v2\/posts"}],"about":[{"href":"https:\/\/vieassociative.be\/actualites\/wp-json\/wp\/v2\/types\/post"}],"author":[{"embeddable":true,"href":"https:\/\/vieassociative.be\/actualites\/wp-json\/wp\/v2\/users\/1"}],"replies":[{"embeddable":true,"href":"https:\/\/vieassociative.be\/actualites\/wp-json\/wp\/v2\/comments?post=11100"}],"version-history":[{"count":1,"href":"https:\/\/vieassociative.be\/actualites\/wp-json\/wp\/v2\/posts\/11100\/revisions"}],"predecessor-version":[{"id":11102,"href":"https:\/\/vieassociative.be\/actualites\/wp-json\/wp\/v2\/posts\/11100\/revisions\/11102"}],"wp:featuredmedia":[{"embeddable":true,"href":"https:\/\/vieassociative.be\/actualites\/wp-json\/wp\/v2\/media\/11101"}],"wp:attachment":[{"href":"https:\/\/vieassociative.be\/actualites\/wp-json\/wp\/v2\/media?parent=11100"}],"wp:term":[{"taxonomy":"category","embeddable":true,"href":"https:\/\/vieassociative.be\/actualites\/wp-json\/wp\/v2\/categories?post=11100"},{"taxonomy":"post_tag","embeddable":true,"href":"https:\/\/vieassociative.be\/actualites\/wp-json\/wp\/v2\/tags?post=11100"}],"curies":[{"name":"wp","href":"https:\/\/api.w.org\/{rel}","templated":true}]}}