{"id":11098,"date":"2025-11-04T15:16:57","date_gmt":"2025-11-04T14:16:57","guid":{"rendered":"https:\/\/vieassociative.be\/actualites\/oliver-paasch-un-debat-public-sur-les-problemes-de-vog-haus-ternell-ne-serait-pas-utile\/"},"modified":"2025-11-04T15:16:57","modified_gmt":"2025-11-04T14:16:57","slug":"oliver-paasch-un-debat-public-sur-les-problemes-de-vog-haus-ternell-ne-serait-pas-utile","status":"publish","type":"post","link":"https:\/\/vieassociative.be\/actualites\/oliver-paasch-un-debat-public-sur-les-problemes-de-vog-haus-ternell-ne-serait-pas-utile\/","title":{"rendered":"Oliver Paasch : Un d\u00e9bat public sur les probl\u00e8mes de VoG Haus Ternell ne serait \u00ab pas utile \u00bb"},"content":{"rendered":"<p><strong>Dans le cadre du soi-disant contr\u00f4le gouvernemental, la situation actuelle de la Maison Ternell, connue pour \u00eatre l&rsquo;un des centres communautaires, a \u00e9t\u00e9 discut\u00e9e lundi en commission I de la DG Parlement.<\/strong><\/p>\n<p><span id=\"more-428866\"><\/span>Les centres communautaires DG sont le centre de sports et de loisirs Worriken \u00e0 B\u00fctgenbach, le monast\u00e8re Heidberg \u00e0 Eupen, le centre de visiteurs Eupen-Wesertalsperre, ViDo \u00e0 Burg-Reuland (anciennement KUZ) ainsi que Haus Ternell \u00e0 Eupen.<\/p>\n<p>VoG Haus Ternell est une organisation \u00e0 but non lucratif qui exploite le centre naturel Haus Ternell. Situ\u00e9 dans le Hertogenwald, \u00e0 la limite des Hautes Fagnes, le centre est un centre d&rsquo;\u00e9ducation \u00e0 l&rsquo;environnement et au d\u00e9veloppement durable qui propose une vari\u00e9t\u00e9 d&rsquo;activit\u00e9s, notamment des randonn\u00e9es guid\u00e9es, un mus\u00e9e d&rsquo;histoire naturelle, un jardin d&rsquo;herbes aromatiques, une aire de jeux naturelle, un restaurant et, en hiver, une location de skis de fond.<\/p>\n<div id=\"attachment_42063\" class=\"wp-caption alignleft\" style=\"max-width: 300px\"><img fetchpriority=\"high\" decoding=\"async\" class=\"wp-image-42063 size-medium\" src=\"https:\/\/vieassociative.be\/actualites\/wp-content\/uploads\/2025\/11\/Oliver-Paasch-Un-debat-public-sur-les-problemes-de.jpg\" alt=\"\" width=\"300\" height=\"225\"  ><\/div>\n<p>Dans une question adress\u00e9e au Premier ministre Oliver Paasch (ProDG), le d\u00e9put\u00e9 Charles Servaty (SP) a soulign\u00e9 que la Maison Ternell accomplit un travail \u00e9ducatif pr\u00e9cieux, augmente l&rsquo;attractivit\u00e9 de l&rsquo;Est de la Belgique en tant que site touristique et contribue \u00e0 am\u00e9liorer la conservation de la nature.<\/p>\n<p>Servaty a cependant voulu savoir que la VoG est actuellement confront\u00e9e \u00e0 des probl\u00e8mes qui pourraient m\u00eame remettre en question son existence. Selon Servaty, \u00e0 sa connaissance, celles-ci concernent entre autres les activit\u00e9s du CRIE, cofinanc\u00e9 par la R\u00e9gion wallonne, le fonctionnement de la caf\u00e9t\u00e9ria et les anciennes dettes accumul\u00e9es.<\/p>\n<p>Le d\u00e9put\u00e9 SP a voulu savoir ce qui suit du Premier ministre, responsable des centres communautaires :<\/p>\n<div id=\"attachment_428874\" class=\"wp-caption alignleft\" style=\"max-width: 300px\"><img decoding=\"async\" class=\"wp-image-428874 size-medium\" src=\"https:\/\/vieassociative.be\/actualites\/wp-content\/uploads\/2025\/11\/1762265817_342_Oliver-Paasch-Un-debat-public-sur-les-problemes-de.jpg\" alt=\"\" width=\"300\" height=\"200\"><\/div>\n<p>\u2013 Comment \u00e9valuez-vous la situation actuelle de VoG Ternell ?<\/p>\n<p>\u2013 Quel r\u00f4le cette VoG devrait-elle jouer \u00e0 l\u2019avenir dans l\u2019administration de la Maison Ternell ?<\/p>\n<p>\u2013 De votre point de vue, comment les probl\u00e8mes actuels peuvent-ils affecter les centres communautaires ?<br \/>\nministre permanent \u00e0 r\u00e9soudre ?<\/p>\n<p>Paasch \u00e9tait plut\u00f4t coinc\u00e9 dans sa r\u00e9ponse \u00e0 la question de Servaty. Le chef du gouvernement a confirm\u00e9 que la VoG est actuellement confront\u00e9e \u00e0 certains probl\u00e8mes. Ceux-ci seraient \u00e9galement discut\u00e9s de mani\u00e8re \u00ab constructive \u00bb. Cela comprenait \u00e9galement les dettes envers la DG. Il a rencontr\u00e9 pour la derni\u00e8re fois les repr\u00e9sentants de la VoG le 2 octobre pour discuter des solutions possibles. La VoG s\u2019en occupera d\u00e9sormais dans ses commissions.<\/p>\n<p>Paasch : \u00ab\u00a0Je ne veux pas pr\u00e9juger de cela. Un d\u00e9bat public \u00e0 ce sujet ne serait pas utile \u00e0 ce stade. Nous avons propos\u00e9 \u00e0 la VoG de continuer \u00e0 soutenir activement la maison Ternell et nous nous efforcerons de maintenir et de d\u00e9velopper davantage la tr\u00e8s bonne offre sur Ternell.\u00a0\u00bb (cr\u00e9er)<\/p>\n<p><em><strong>Sur le sujet, voir aussi l&rsquo;article suivant sur l&rsquo;OD :<\/strong><\/em><\/p>\n<div class=\"responsive-embed widescreen\">\n<blockquote class=\"wp-embedded-content\" data-secret=\"AkhVcEz0JB\">\n<p>La faction Vivant soumet une proposition de r\u00e9solution pour r\u00e9aligner les centres communautaires DG<\/p>\n<\/blockquote>\n<p><iframe loading=\"lazy\" class=\"wp-embedded-content\" sandbox=\"allow-scripts\" security=\"restricted\" style=\"position: absolute; visibility: hidden;\" title=\"\u201eVivant-Fraktion reicht einen Resolutionsvorschlag zur Neuausrichtung der DG-Gemeinschaftszentren ein\u201c \u2014 Ostbelgien Direkt\" src=\"https:\/\/ostbelgiendirekt.be\/about:blank\" data-secret=\"AkhVcEz0JB\" width=\"500\" height=\"282\" frameborder=\"0\" marginwidth=\"0\" marginheight=\"0\" scrolling=\"no\" data-rocket-lazyload=\"fitvidscompatible\" data-lazy-src=\"https:\/\/ostbelgiendirekt.be\/resolution-dg-gemeinschaftszentren-425511\/embed#?secret=nL4FHpNdSY#?secret=AkhVcEz0JB\"><\/iframe><noscript><iframe class=\"wp-embedded-content\" sandbox=\"allow-scripts\" security=\"restricted\" style=\"position: absolute; visibility: hidden;\" title=\"\u201eVivant-Fraktion reicht einen Resolutionsvorschlag zur Neuausrichtung der DG-Gemeinschaftszentren ein\u201c \u2014 Ostbelgien Direkt\" src=\"https:\/\/ostbelgiendirekt.be\/resolution-dg-gemeinschaftszentren-425511\/embed#?secret=nL4FHpNdSY#?secret=AkhVcEz0JB\" data-secret=\"AkhVcEz0JB\" width=\"500\" height=\"282\" frameborder=\"0\" marginwidth=\"0\" marginheight=\"0\" scrolling=\"no\"><\/iframe><\/noscript><\/p>\n<\/div>\n","protected":false},"excerpt":{"rendered":"<p>Dans le cadre du soi-disant contr\u00f4le gouvernemental, la situation actuelle de la Maison Ternell, connue pour \u00eatre l&rsquo;un des centres communautaires, a \u00e9t\u00e9 discut\u00e9e lundi<\/p>\n","protected":false},"author":1,"featured_media":11099,"comment_status":"","ping_status":"","sticky":false,"template":"","format":"standard","meta":{"footnotes":""},"categories":[298],"tags":[3035,9143,14,3141,2553,126,977,659,5456,33,9144,1045,3380],"class_list":["post-11098","post","type-post","status-publish","format-standard","has-post-thumbnail","hentry","category-belgique","tag-debat","tag-haus","tag-les","tag-oliver","tag-paasch","tag-pas","tag-problemes","tag-public","tag-serait","tag-sur","tag-ternell","tag-utile","tag-vog","generate-columns","tablet-grid-50","mobile-grid-100","grid-parent","grid-33"],"yoast_head":"<!-- This site is optimized with the Yoast SEO plugin v24.0 - https:\/\/yoast.com\/wordpress\/plugins\/seo\/ -->\n<title>Oliver Paasch : Un d\u00e9bat public sur les probl\u00e8mes de VoG Haus Ternell ne serait \u00ab pas utile \u00bb | Vie Associative<\/title>\n<meta name=\"robots\" content=\"index, follow, max-snippet:-1, max-image-preview:large, max-video-preview:-1\" \/>\n<link rel=\"canonical\" href=\"https:\/\/vieassociative.be\/actualites\/oliver-paasch-un-debat-public-sur-les-problemes-de-vog-haus-ternell-ne-serait-pas-utile\/\" \/>\n<meta property=\"og:locale\" content=\"fr_FR\" \/>\n<meta property=\"og:type\" content=\"article\" \/>\n<meta property=\"og:title\" content=\"Oliver Paasch : Un d\u00e9bat public sur les probl\u00e8mes de VoG Haus Ternell ne serait \u00ab pas utile \u00bb | Vie Associative\" \/>\n<meta property=\"og:description\" content=\"Dans le cadre du soi-disant contr\u00f4le gouvernemental, la situation actuelle de la Maison Ternell, connue pour \u00eatre l&rsquo;un des centres communautaires, a \u00e9t\u00e9 discut\u00e9e lundi\" \/>\n<meta property=\"og:url\" content=\"https:\/\/vieassociative.be\/actualites\/oliver-paasch-un-debat-public-sur-les-problemes-de-vog-haus-ternell-ne-serait-pas-utile\/\" \/>\n<meta property=\"og:site_name\" content=\"Vie Associative\" \/>\n<meta property=\"article:published_time\" content=\"2025-11-04T14:16:57+00:00\" \/>\n<meta property=\"og:image\" content=\"https:\/\/vieassociative.be\/actualites\/wp-content\/uploads\/2024\/09\/header_backgroundk-01-e1726694325946.png\" \/>\n\t<meta property=\"og:image:width\" content=\"279\" \/>\n\t<meta property=\"og:image:height\" content=\"92\" \/>\n\t<meta property=\"og:image:type\" content=\"image\/png\" \/>\n<meta name=\"author\" content=\"Julien\" \/>\n<meta name=\"twitter:card\" content=\"summary_large_image\" \/>\n<meta name=\"twitter:label1\" content=\"\u00c9crit par\" \/>\n\t<meta name=\"twitter:data1\" content=\"Julien\" \/>\n\t<meta name=\"twitter:label2\" content=\"Dur\u00e9e de lecture est.\" \/>\n\t<meta name=\"twitter:data2\" content=\"2 minutes\" \/>\n<script type=\"application\/ld+json\" class=\"yoast-schema-graph\">{\"@context\":\"https:\/\/schema.org\",\"@graph\":[{\"@type\":\"Article\",\"@id\":\"https:\/\/vieassociative.be\/actualites\/oliver-paasch-un-debat-public-sur-les-problemes-de-vog-haus-ternell-ne-serait-pas-utile\/#article\",\"isPartOf\":{\"@id\":\"https:\/\/vieassociative.be\/actualites\/oliver-paasch-un-debat-public-sur-les-problemes-de-vog-haus-ternell-ne-serait-pas-utile\/\"},\"author\":{\"name\":\"Julien\",\"@id\":\"https:\/\/vieassociative.be\/actualites\/#\/schema\/person\/b87ac4f82f9d4e7b7cec7395b679edc4\"},\"headline\":\"Oliver Paasch : Un d\u00e9bat public sur les probl\u00e8mes de VoG Haus Ternell ne serait \u00ab pas utile \u00bb\",\"datePublished\":\"2025-11-04T14:16:57+00:00\",\"dateModified\":\"2025-11-04T14:16:57+00:00\",\"mainEntityOfPage\":{\"@id\":\"https:\/\/vieassociative.be\/actualites\/oliver-paasch-un-debat-public-sur-les-problemes-de-vog-haus-ternell-ne-serait-pas-utile\/\"},\"wordCount\":492,\"publisher\":{\"@id\":\"https:\/\/vieassociative.be\/actualites\/#organization\"},\"image\":{\"@id\":\"https:\/\/vieassociative.be\/actualites\/oliver-paasch-un-debat-public-sur-les-problemes-de-vog-haus-ternell-ne-serait-pas-utile\/#primaryimage\"},\"thumbnailUrl\":\"https:\/\/vieassociative.be\/actualites\/wp-content\/uploads\/2025\/11\/Oliver-Paasch-Un-debat-public-sur-les-problemes-de.jpeg\",\"keywords\":[\"d\u00e9bat\",\"Haus\",\"Les\",\"Oliver\",\"Paasch\",\"pas\",\"probl\u00e8mes\",\"public\",\"serait\",\"sur\",\"Ternell\",\"utile\",\"VoG\"],\"articleSection\":[\"Belgique\"],\"inLanguage\":\"fr-BE\"},{\"@type\":\"WebPage\",\"@id\":\"https:\/\/vieassociative.be\/actualites\/oliver-paasch-un-debat-public-sur-les-problemes-de-vog-haus-ternell-ne-serait-pas-utile\/\",\"url\":\"https:\/\/vieassociative.be\/actualites\/oliver-paasch-un-debat-public-sur-les-problemes-de-vog-haus-ternell-ne-serait-pas-utile\/\",\"name\":\"Oliver Paasch : Un d\u00e9bat public sur les probl\u00e8mes de VoG Haus Ternell ne serait \u00ab pas utile \u00bb | Vie Associative\",\"isPartOf\":{\"@id\":\"https:\/\/vieassociative.be\/actualites\/#website\"},\"primaryImageOfPage\":{\"@id\":\"https:\/\/vieassociative.be\/actualites\/oliver-paasch-un-debat-public-sur-les-problemes-de-vog-haus-ternell-ne-serait-pas-utile\/#primaryimage\"},\"image\":{\"@id\":\"https:\/\/vieassociative.be\/actualites\/oliver-paasch-un-debat-public-sur-les-problemes-de-vog-haus-ternell-ne-serait-pas-utile\/#primaryimage\"},\"thumbnailUrl\":\"https:\/\/vieassociative.be\/actualites\/wp-content\/uploads\/2025\/11\/Oliver-Paasch-Un-debat-public-sur-les-problemes-de.jpeg\",\"datePublished\":\"2025-11-04T14:16:57+00:00\",\"dateModified\":\"2025-11-04T14:16:57+00:00\",\"breadcrumb\":{\"@id\":\"https:\/\/vieassociative.be\/actualites\/oliver-paasch-un-debat-public-sur-les-problemes-de-vog-haus-ternell-ne-serait-pas-utile\/#breadcrumb\"},\"inLanguage\":\"fr-BE\",\"potentialAction\":[{\"@type\":\"ReadAction\",\"target\":[\"https:\/\/vieassociative.be\/actualites\/oliver-paasch-un-debat-public-sur-les-problemes-de-vog-haus-ternell-ne-serait-pas-utile\/\"]}]},{\"@type\":\"ImageObject\",\"inLanguage\":\"fr-BE\",\"@id\":\"https:\/\/vieassociative.be\/actualites\/oliver-paasch-un-debat-public-sur-les-problemes-de-vog-haus-ternell-ne-serait-pas-utile\/#primaryimage\",\"url\":\"https:\/\/vieassociative.be\/actualites\/wp-content\/uploads\/2025\/11\/Oliver-Paasch-Un-debat-public-sur-les-problemes-de.jpeg\",\"contentUrl\":\"https:\/\/vieassociative.be\/actualites\/wp-content\/uploads\/2025\/11\/Oliver-Paasch-Un-debat-public-sur-les-problemes-de.jpeg\",\"width\":1200,\"height\":800,\"caption\":\"Oliver Paasch : Un d\u00e9bat public sur les probl\u00e8mes de VoG Haus Ternell ne serait \u00ab pas utile \u00bb\"},{\"@type\":\"BreadcrumbList\",\"@id\":\"https:\/\/vieassociative.be\/actualites\/oliver-paasch-un-debat-public-sur-les-problemes-de-vog-haus-ternell-ne-serait-pas-utile\/#breadcrumb\",\"itemListElement\":[{\"@type\":\"ListItem\",\"position\":1,\"name\":\"Accueil\",\"item\":\"https:\/\/vieassociative.be\/actualites\/\"},{\"@type\":\"ListItem\",\"position\":2,\"name\":\"Oliver Paasch : Un d\u00e9bat public sur les probl\u00e8mes de VoG Haus Ternell ne serait \u00ab pas utile \u00bb\"}]},{\"@type\":\"WebSite\",\"@id\":\"https:\/\/vieassociative.be\/actualites\/#website\",\"url\":\"https:\/\/vieassociative.be\/actualites\/\",\"name\":\"Vie Associative\",\"description\":\"\",\"publisher\":{\"@id\":\"https:\/\/vieassociative.be\/actualites\/#organization\"},\"potentialAction\":[{\"@type\":\"SearchAction\",\"target\":{\"@type\":\"EntryPoint\",\"urlTemplate\":\"https:\/\/vieassociative.be\/actualites\/?s={search_term_string}\"},\"query-input\":{\"@type\":\"PropertyValueSpecification\",\"valueRequired\":true,\"valueName\":\"search_term_string\"}}],\"inLanguage\":\"fr-BE\"},{\"@type\":\"Organization\",\"@id\":\"https:\/\/vieassociative.be\/actualites\/#organization\",\"name\":\"Vie Associative\",\"url\":\"https:\/\/vieassociative.be\/actualites\/\",\"logo\":{\"@type\":\"ImageObject\",\"inLanguage\":\"fr-BE\",\"@id\":\"https:\/\/vieassociative.be\/actualites\/#\/schema\/logo\/image\/\",\"url\":\"https:\/\/vieassociative.be\/actualites\/wp-content\/uploads\/2024\/09\/cropped-vieassociative_favicon.ico.png\",\"contentUrl\":\"https:\/\/vieassociative.be\/actualites\/wp-content\/uploads\/2024\/09\/cropped-vieassociative_favicon.ico.png\",\"width\":512,\"height\":512,\"caption\":\"Vie Associative\"},\"image\":{\"@id\":\"https:\/\/vieassociative.be\/actualites\/#\/schema\/logo\/image\/\"}},{\"@type\":\"Person\",\"@id\":\"https:\/\/vieassociative.be\/actualites\/#\/schema\/person\/b87ac4f82f9d4e7b7cec7395b679edc4\",\"name\":\"Julien\",\"image\":{\"@type\":\"ImageObject\",\"inLanguage\":\"fr-BE\",\"@id\":\"https:\/\/vieassociative.be\/actualites\/#\/schema\/person\/image\/\",\"url\":\"https:\/\/vieassociative.be\/actualites\/wp-content\/uploads\/2024\/09\/vie-associative-1-150x150.jpg\",\"contentUrl\":\"https:\/\/vieassociative.be\/actualites\/wp-content\/uploads\/2024\/09\/vie-associative-1-150x150.jpg\",\"caption\":\"Julien\"},\"description\":\"Je suis Julien, r\u00e9dacteur pour Vie Associative. Passionn\u00e9 par le monde associatif depuis plus de 10 ans, j'ai \u00e0 c\u0153ur de partager des histoires inspirantes et de mettre en lumi\u00e8re les initiatives locales. Mon objectif est de sensibiliser et d'encourager l'engagement communautaire \u00e0 travers mes articles.\",\"sameAs\":[\"https:\/\/vieassociative.be\/\"]}]}<\/script>\n<!-- \/ Yoast SEO plugin. -->","yoast_head_json":{"title":"Oliver Paasch : Un d\u00e9bat public sur les probl\u00e8mes de VoG Haus Ternell ne serait \u00ab pas utile \u00bb | Vie Associative","robots":{"index":"index","follow":"follow","max-snippet":"max-snippet:-1","max-image-preview":"max-image-preview:large","max-video-preview":"max-video-preview:-1"},"canonical":"https:\/\/vieassociative.be\/actualites\/oliver-paasch-un-debat-public-sur-les-problemes-de-vog-haus-ternell-ne-serait-pas-utile\/","og_locale":"fr_FR","og_type":"article","og_title":"Oliver Paasch : Un d\u00e9bat public sur les probl\u00e8mes de VoG Haus Ternell ne serait \u00ab pas utile \u00bb | Vie Associative","og_description":"Dans le cadre du soi-disant contr\u00f4le gouvernemental, la situation actuelle de la Maison Ternell, connue pour \u00eatre l&rsquo;un des centres communautaires, a \u00e9t\u00e9 discut\u00e9e lundi","og_url":"https:\/\/vieassociative.be\/actualites\/oliver-paasch-un-debat-public-sur-les-problemes-de-vog-haus-ternell-ne-serait-pas-utile\/","og_site_name":"Vie Associative","article_published_time":"2025-11-04T14:16:57+00:00","og_image":[{"width":279,"height":92,"url":"https:\/\/vieassociative.be\/actualites\/wp-content\/uploads\/2024\/09\/header_backgroundk-01-e1726694325946.png","type":"image\/png"}],"author":"Julien","twitter_card":"summary_large_image","twitter_misc":{"\u00c9crit par":"Julien","Dur\u00e9e de lecture est.":"2 minutes"},"schema":{"@context":"https:\/\/schema.org","@graph":[{"@type":"Article","@id":"https:\/\/vieassociative.be\/actualites\/oliver-paasch-un-debat-public-sur-les-problemes-de-vog-haus-ternell-ne-serait-pas-utile\/#article","isPartOf":{"@id":"https:\/\/vieassociative.be\/actualites\/oliver-paasch-un-debat-public-sur-les-problemes-de-vog-haus-ternell-ne-serait-pas-utile\/"},"author":{"name":"Julien","@id":"https:\/\/vieassociative.be\/actualites\/#\/schema\/person\/b87ac4f82f9d4e7b7cec7395b679edc4"},"headline":"Oliver Paasch : Un d\u00e9bat public sur les probl\u00e8mes de VoG Haus Ternell ne serait \u00ab pas utile \u00bb","datePublished":"2025-11-04T14:16:57+00:00","dateModified":"2025-11-04T14:16:57+00:00","mainEntityOfPage":{"@id":"https:\/\/vieassociative.be\/actualites\/oliver-paasch-un-debat-public-sur-les-problemes-de-vog-haus-ternell-ne-serait-pas-utile\/"},"wordCount":492,"publisher":{"@id":"https:\/\/vieassociative.be\/actualites\/#organization"},"image":{"@id":"https:\/\/vieassociative.be\/actualites\/oliver-paasch-un-debat-public-sur-les-problemes-de-vog-haus-ternell-ne-serait-pas-utile\/#primaryimage"},"thumbnailUrl":"https:\/\/vieassociative.be\/actualites\/wp-content\/uploads\/2025\/11\/Oliver-Paasch-Un-debat-public-sur-les-problemes-de.jpeg","keywords":["d\u00e9bat","Haus","Les","Oliver","Paasch","pas","probl\u00e8mes","public","serait","sur","Ternell","utile","VoG"],"articleSection":["Belgique"],"inLanguage":"fr-BE"},{"@type":"WebPage","@id":"https:\/\/vieassociative.be\/actualites\/oliver-paasch-un-debat-public-sur-les-problemes-de-vog-haus-ternell-ne-serait-pas-utile\/","url":"https:\/\/vieassociative.be\/actualites\/oliver-paasch-un-debat-public-sur-les-problemes-de-vog-haus-ternell-ne-serait-pas-utile\/","name":"Oliver Paasch : Un d\u00e9bat public sur les probl\u00e8mes de VoG Haus Ternell ne serait \u00ab pas utile \u00bb | Vie Associative","isPartOf":{"@id":"https:\/\/vieassociative.be\/actualites\/#website"},"primaryImageOfPage":{"@id":"https:\/\/vieassociative.be\/actualites\/oliver-paasch-un-debat-public-sur-les-problemes-de-vog-haus-ternell-ne-serait-pas-utile\/#primaryimage"},"image":{"@id":"https:\/\/vieassociative.be\/actualites\/oliver-paasch-un-debat-public-sur-les-problemes-de-vog-haus-ternell-ne-serait-pas-utile\/#primaryimage"},"thumbnailUrl":"https:\/\/vieassociative.be\/actualites\/wp-content\/uploads\/2025\/11\/Oliver-Paasch-Un-debat-public-sur-les-problemes-de.jpeg","datePublished":"2025-11-04T14:16:57+00:00","dateModified":"2025-11-04T14:16:57+00:00","breadcrumb":{"@id":"https:\/\/vieassociative.be\/actualites\/oliver-paasch-un-debat-public-sur-les-problemes-de-vog-haus-ternell-ne-serait-pas-utile\/#breadcrumb"},"inLanguage":"fr-BE","potentialAction":[{"@type":"ReadAction","target":["https:\/\/vieassociative.be\/actualites\/oliver-paasch-un-debat-public-sur-les-problemes-de-vog-haus-ternell-ne-serait-pas-utile\/"]}]},{"@type":"ImageObject","inLanguage":"fr-BE","@id":"https:\/\/vieassociative.be\/actualites\/oliver-paasch-un-debat-public-sur-les-problemes-de-vog-haus-ternell-ne-serait-pas-utile\/#primaryimage","url":"https:\/\/vieassociative.be\/actualites\/wp-content\/uploads\/2025\/11\/Oliver-Paasch-Un-debat-public-sur-les-problemes-de.jpeg","contentUrl":"https:\/\/vieassociative.be\/actualites\/wp-content\/uploads\/2025\/11\/Oliver-Paasch-Un-debat-public-sur-les-problemes-de.jpeg","width":1200,"height":800,"caption":"Oliver Paasch : Un d\u00e9bat public sur les probl\u00e8mes de VoG Haus Ternell ne serait \u00ab pas utile \u00bb"},{"@type":"BreadcrumbList","@id":"https:\/\/vieassociative.be\/actualites\/oliver-paasch-un-debat-public-sur-les-problemes-de-vog-haus-ternell-ne-serait-pas-utile\/#breadcrumb","itemListElement":[{"@type":"ListItem","position":1,"name":"Accueil","item":"https:\/\/vieassociative.be\/actualites\/"},{"@type":"ListItem","position":2,"name":"Oliver Paasch : Un d\u00e9bat public sur les probl\u00e8mes de VoG Haus Ternell ne serait \u00ab pas utile \u00bb"}]},{"@type":"WebSite","@id":"https:\/\/vieassociative.be\/actualites\/#website","url":"https:\/\/vieassociative.be\/actualites\/","name":"Vie Associative","description":"","publisher":{"@id":"https:\/\/vieassociative.be\/actualites\/#organization"},"potentialAction":[{"@type":"SearchAction","target":{"@type":"EntryPoint","urlTemplate":"https:\/\/vieassociative.be\/actualites\/?s={search_term_string}"},"query-input":{"@type":"PropertyValueSpecification","valueRequired":true,"valueName":"search_term_string"}}],"inLanguage":"fr-BE"},{"@type":"Organization","@id":"https:\/\/vieassociative.be\/actualites\/#organization","name":"Vie Associative","url":"https:\/\/vieassociative.be\/actualites\/","logo":{"@type":"ImageObject","inLanguage":"fr-BE","@id":"https:\/\/vieassociative.be\/actualites\/#\/schema\/logo\/image\/","url":"https:\/\/vieassociative.be\/actualites\/wp-content\/uploads\/2024\/09\/cropped-vieassociative_favicon.ico.png","contentUrl":"https:\/\/vieassociative.be\/actualites\/wp-content\/uploads\/2024\/09\/cropped-vieassociative_favicon.ico.png","width":512,"height":512,"caption":"Vie Associative"},"image":{"@id":"https:\/\/vieassociative.be\/actualites\/#\/schema\/logo\/image\/"}},{"@type":"Person","@id":"https:\/\/vieassociative.be\/actualites\/#\/schema\/person\/b87ac4f82f9d4e7b7cec7395b679edc4","name":"Julien","image":{"@type":"ImageObject","inLanguage":"fr-BE","@id":"https:\/\/vieassociative.be\/actualites\/#\/schema\/person\/image\/","url":"https:\/\/vieassociative.be\/actualites\/wp-content\/uploads\/2024\/09\/vie-associative-1-150x150.jpg","contentUrl":"https:\/\/vieassociative.be\/actualites\/wp-content\/uploads\/2024\/09\/vie-associative-1-150x150.jpg","caption":"Julien"},"description":"Je suis Julien, r\u00e9dacteur pour Vie Associative. Passionn\u00e9 par le monde associatif depuis plus de 10 ans, j'ai \u00e0 c\u0153ur de partager des histoires inspirantes et de mettre en lumi\u00e8re les initiatives locales. Mon objectif est de sensibiliser et d'encourager l'engagement communautaire \u00e0 travers mes articles.","sameAs":["https:\/\/vieassociative.be\/"]}]}},"_links":{"self":[{"href":"https:\/\/vieassociative.be\/actualites\/wp-json\/wp\/v2\/posts\/11098"}],"collection":[{"href":"https:\/\/vieassociative.be\/actualites\/wp-json\/wp\/v2\/posts"}],"about":[{"href":"https:\/\/vieassociative.be\/actualites\/wp-json\/wp\/v2\/types\/post"}],"author":[{"embeddable":true,"href":"https:\/\/vieassociative.be\/actualites\/wp-json\/wp\/v2\/users\/1"}],"replies":[{"embeddable":true,"href":"https:\/\/vieassociative.be\/actualites\/wp-json\/wp\/v2\/comments?post=11098"}],"version-history":[{"count":0,"href":"https:\/\/vieassociative.be\/actualites\/wp-json\/wp\/v2\/posts\/11098\/revisions"}],"wp:featuredmedia":[{"embeddable":true,"href":"https:\/\/vieassociative.be\/actualites\/wp-json\/wp\/v2\/media\/11099"}],"wp:attachment":[{"href":"https:\/\/vieassociative.be\/actualites\/wp-json\/wp\/v2\/media?parent=11098"}],"wp:term":[{"taxonomy":"category","embeddable":true,"href":"https:\/\/vieassociative.be\/actualites\/wp-json\/wp\/v2\/categories?post=11098"},{"taxonomy":"post_tag","embeddable":true,"href":"https:\/\/vieassociative.be\/actualites\/wp-json\/wp\/v2\/tags?post=11098"}],"curies":[{"name":"wp","href":"https:\/\/api.w.org\/{rel}","templated":true}]}}