{"id":11096,"date":"2025-11-04T14:17:41","date_gmt":"2025-11-04T13:17:41","guid":{"rendered":"https:\/\/vieassociative.be\/actualites\/mettre-a-jour-et-arreter-redemarre-reellement-votre-pc-mais-un-correctif-est-a-venir\/"},"modified":"2025-11-04T14:17:41","modified_gmt":"2025-11-04T13:17:41","slug":"mettre-a-jour-et-arreter-redemarre-reellement-votre-pc-mais-un-correctif-est-a-venir","status":"publish","type":"post","link":"https:\/\/vieassociative.be\/actualites\/mettre-a-jour-et-arreter-redemarre-reellement-votre-pc-mais-un-correctif-est-a-venir\/","title":{"rendered":"\u00ab\u00a0Mettre \u00e0 jour et arr\u00eater\u00a0\u00bb red\u00e9marre r\u00e9ellement votre PC (mais un correctif est \u00e0 venir)"},"content":{"rendered":"<div class=\"mt-4 leading-6 md:mb-8\">Vous n&rsquo;avez pas appuy\u00e9 sur le mauvais bouton : votre PC a r\u00e9ellement red\u00e9marr\u00e9 lorsque vous avez choisi de l&rsquo;\u00e9teindre.<\/div>\n<p><\/p>\n<p>Les ordinateurs sont cens\u00e9s \u00eatre sans ambigu\u00eft\u00e9. Lorsque vous cliquez sur une fonction, cette fonction est cens\u00e9e faire ce qu&rsquo;elle dit faire. Ainsi, lorsque vous cliquez sur \u00ab Mettre \u00e0 jour et arr\u00eater \u00bb sur votre PC, vous supposez que votre PC installera toutes les mises \u00e0 jour disponibles, puis s&rsquo;arr\u00eatera. Simple.<\/p>\n<p>Comme on peut s\u2019y attendre d\u2019apr\u00e8s ce titre, ce n\u2019est pas r\u00e9ellement le cas. Pour une raison quelconque, lorsque vous choisissez \u00ab Mettre \u00e0 jour et arr\u00eater \u00bb, Windows n&rsquo;\u00e9coute que la premi\u00e8re moiti\u00e9 de la commande. Bien s\u00fbr, vos mises \u00e0 jour seront t\u00e9l\u00e9charg\u00e9es et install\u00e9es, mais si vous surveillez votre ordinateur, vous verrez qu&rsquo;il ne s&rsquo;\u00e9teint pas, mais red\u00e9marre. Cela pourrait surprendre, surtout si vous vous \u00e9loignez de votre PC en pensant qu&rsquo;il s&rsquo;\u00e9teindrait compl\u00e8tement. Apr\u00e8s tout, c\u2019est ce que Microsoft et le reste de l\u2019industrie informatique entendent g\u00e9n\u00e9ralement par \u00ab arr\u00eater \u00bb.<\/p>\n<p>Les implications peuvent aller d\u2019ennuyeuses \u00e0 pr\u00e9judiciables. Si vous ne souhaitez pas que votre ordinateur fonctionne, vous serez probablement frustr\u00e9 de constater que votre PC est toujours allum\u00e9 lorsque vous y reviendrez. Mais si vous poss\u00e9dez un ordinateur portable Windows, cette bizarrerie finit peut-\u00eatre par \u00e9puiser votre batterie. Vous pensiez que votre PC s&rsquo;\u00e9teindrait et que votre batterie serait \u00e0 peu pr\u00e8s la m\u00eame que lorsque vous l&rsquo;avez laiss\u00e9. Mais maintenant, vous avez un PC mort ou mourant, et vous devez vous soucier de la fa\u00e7on de le recharger, tout cela parce que vous avez fait confiance \u00e0 une fonction lorsqu&rsquo;elle a dit qu&rsquo;elle \u00e9teindrait votre ordinateur. <\/p>\n<div class=\"mx-auto mb-12 mt-5 w-full max-w-3xl rounded-md border-2 border-gray-100 p-3 shadow-md md:px-7 md:pb-7 md:pt-5\" id=\"related-video\">\n<div class=\"mb-3 flex items-center md:mb-5\">\n        <img decoding=\"async\" class=\"mr-4 mt-0 h-10 w-10 md:mr-5 md:h-12 md:w-12\" src=\"https:\/\/vieassociative.be\/actualites\/wp-content\/uploads\/2025\/09\/1757726237_608_Meta-pourrait-devoiler-une-montre-intelligente-pour-controler-ses-lunettes.jpg\" alt=\"Logo du pirate de la vie\"><\/p><\/div>\n<div class=\"aspect-video w-full overflow-hidden rounded-md\">\n<div id=\"video-container-01K97F3Y2WJ3AAMR0HZ7JDRBZZ\"><\/div>\n<\/p><\/div>\n<\/div>\n<h2 id=\"a-bug-long-in-the-making\">Un bug en pr\u00e9paration depuis longtemps<\/h2>\n<p>Il est int\u00e9ressant de noter qu\u2019il s\u2019agit d\u2019un probl\u00e8me que Microsoft a \u00e9vit\u00e9 de r\u00e9soudre depuis un certain temps d\u00e9j\u00e0. Selon Windows Latest, le probl\u00e8me est d\u00fb \u00e0 un bug provenant de <em>Windows 10<\/em>. Microsoft n&rsquo;a tout simplement jamais r\u00e9solu le probl\u00e8me et, en tant que tel, il s&rsquo;est r\u00e9percut\u00e9 sur Windows 11. Si vous \u00eates un utilisateur Windows de longue date, vous \u00eates peut-\u00eatre confront\u00e9 \u00e0 cette situation \u00e9trange depuis des ann\u00e9es.<\/p>\n<p>Heureusement, cela change. Microsoft a ajout\u00e9 un correctif pour ce bogue dans le cadre de la mise \u00e0 jour facultative d&rsquo;octobre 2025 (KB5067036). Pour le reste d&rsquo;entre nous, la soci\u00e9t\u00e9 inclut le correctif dans la mise \u00e0 jour du Patch Tuesday de novembre de Microsoft. Cette mise \u00e0 jour devrait arriver le 11 novembre, alors que les mises \u00e0 jour du Patch Tuesday seront publi\u00e9es le deuxi\u00e8me mardi de chaque mois. <\/p>\n<blockquote class=\"twitterEmbed twitter-tweet\"><p>\n    <a rel=\"nofollow noopener\" class=\"text-gray-600\" href=\"https:\/\/twitter.com\/WindowsLatest\/status\/1985131372365934697\" title=\"open in a new window\" target=\"_blank\"><\/p>\n<p>        Ce Tweet est actuellement indisponible. Il est peut-\u00eatre en cours de chargement ou a \u00e9t\u00e9 supprim\u00e9.<br \/>\n    <\/a>\n<\/p><\/blockquote>\n<p>Windows Latest a demand\u00e9 \u00e0 Microsoft la cause exacte de ce bug, mais n&rsquo;a pas re\u00e7u de r\u00e9ponse. Le m\u00e9dia \u00e9met l&rsquo;hypoth\u00e8se que le probl\u00e8me est probablement li\u00e9 \u00e0 la pile de maintenance de Windows, la partie du syst\u00e8me d&rsquo;exploitation responsable de l&rsquo;installation des mises \u00e0 jour Windows. Pour une raison quelconque, la t\u00e2che de \u00ab mise hors tension \u00bb ne se poursuit pas une fois que Windows a fini d&rsquo;installer les mises \u00e0 jour.<\/p>\n<p>Si vous souhaitez r\u00e9soudre ce probl\u00e8me maintenant, installez la mise \u00e0 jour d&rsquo;octobre ou attendez la mise \u00e0 jour du 11 novembre. Quoi qu&rsquo;il en soit, vous pouvez installer les mises \u00e0 jour \u00e0 partir de <strong>D\u00e9marrer > Param\u00e8tres > Windows Update<\/strong>-ou bien s\u00fbr, utilisez la fonction \u00ab\u00a0Mettre \u00e0 jour et arr\u00eater\u00a0\u00bb. Avec un peu de chance, cela devrait \u00eatre la derni\u00e8re fois que votre PC red\u00e9marre alors qu&rsquo;il est cens\u00e9 s&rsquo;\u00e9teindre.<\/p>\n<p><script async src=\"https:\/\/platform.twitter.com\/widgets.js\" charset=\"utf-8\"><\/script><\/p>\n","protected":false},"excerpt":{"rendered":"<p>Vous n&rsquo;avez pas appuy\u00e9 sur le mauvais bouton : votre PC a r\u00e9ellement red\u00e9marr\u00e9 lorsque vous avez choisi de l&rsquo;\u00e9teindre. Les ordinateurs sont cens\u00e9s \u00eatre<\/p>\n","protected":false},"author":1,"featured_media":11097,"comment_status":"","ping_status":"","sticky":false,"template":"","format":"standard","meta":{"footnotes":""},"categories":[13],"tags":[1575,894,76,53,156,1182,9142,85,593,8],"class_list":["post-11096","post","type-post","status-publish","format-standard","has-post-thumbnail","hentry","category-technologie","tag-arreter","tag-correctif","tag-est","tag-jour","tag-mais","tag-mettre","tag-redemarre","tag-reellement","tag-venir","tag-votre","generate-columns","tablet-grid-50","mobile-grid-100","grid-parent","grid-33"],"yoast_head":"<!-- This site is optimized with the Yoast SEO plugin v24.0 - https:\/\/yoast.com\/wordpress\/plugins\/seo\/ -->\n<title>\u00ab\u00a0Mettre \u00e0 jour et arr\u00eater\u00a0\u00bb red\u00e9marre r\u00e9ellement votre PC (mais un correctif est \u00e0 venir) | Vie Associative<\/title>\n<meta name=\"robots\" content=\"index, follow, max-snippet:-1, max-image-preview:large, max-video-preview:-1\" \/>\n<link rel=\"canonical\" href=\"https:\/\/vieassociative.be\/actualites\/mettre-a-jour-et-arreter-redemarre-reellement-votre-pc-mais-un-correctif-est-a-venir\/\" \/>\n<meta property=\"og:locale\" content=\"fr_FR\" \/>\n<meta property=\"og:type\" content=\"article\" \/>\n<meta property=\"og:title\" content=\"\u00ab\u00a0Mettre \u00e0 jour et arr\u00eater\u00a0\u00bb red\u00e9marre r\u00e9ellement votre PC (mais un correctif est \u00e0 venir) | Vie Associative\" \/>\n<meta property=\"og:description\" content=\"Vous n&rsquo;avez pas appuy\u00e9 sur le mauvais bouton : votre PC a r\u00e9ellement red\u00e9marr\u00e9 lorsque vous avez choisi de l&rsquo;\u00e9teindre. Les ordinateurs sont cens\u00e9s \u00eatre\" \/>\n<meta property=\"og:url\" content=\"https:\/\/vieassociative.be\/actualites\/mettre-a-jour-et-arreter-redemarre-reellement-votre-pc-mais-un-correctif-est-a-venir\/\" \/>\n<meta property=\"og:site_name\" content=\"Vie Associative\" \/>\n<meta property=\"article:published_time\" content=\"2025-11-04T13:17:41+00:00\" \/>\n<meta property=\"og:image\" content=\"https:\/\/vieassociative.be\/actualites\/wp-content\/uploads\/2025\/09\/1757726237_608_Meta-pourrait-devoiler-une-montre-intelligente-pour-controler-ses-lunettes.jpg\" \/>\n<meta name=\"author\" content=\"Julien\" \/>\n<meta name=\"twitter:card\" content=\"summary_large_image\" \/>\n<meta name=\"twitter:label1\" content=\"\u00c9crit par\" \/>\n\t<meta name=\"twitter:data1\" content=\"Julien\" \/>\n\t<meta name=\"twitter:label2\" content=\"Dur\u00e9e de lecture est.\" \/>\n\t<meta name=\"twitter:data2\" content=\"3 minutes\" \/>\n<script type=\"application\/ld+json\" class=\"yoast-schema-graph\">{\"@context\":\"https:\/\/schema.org\",\"@graph\":[{\"@type\":\"Article\",\"@id\":\"https:\/\/vieassociative.be\/actualites\/mettre-a-jour-et-arreter-redemarre-reellement-votre-pc-mais-un-correctif-est-a-venir\/#article\",\"isPartOf\":{\"@id\":\"https:\/\/vieassociative.be\/actualites\/mettre-a-jour-et-arreter-redemarre-reellement-votre-pc-mais-un-correctif-est-a-venir\/\"},\"author\":{\"name\":\"Julien\",\"@id\":\"https:\/\/vieassociative.be\/actualites\/#\/schema\/person\/b87ac4f82f9d4e7b7cec7395b679edc4\"},\"headline\":\"\u00ab\u00a0Mettre \u00e0 jour et arr\u00eater\u00a0\u00bb red\u00e9marre r\u00e9ellement votre PC (mais un correctif est \u00e0 venir)\",\"datePublished\":\"2025-11-04T13:17:41+00:00\",\"dateModified\":\"2025-11-04T13:17:41+00:00\",\"mainEntityOfPage\":{\"@id\":\"https:\/\/vieassociative.be\/actualites\/mettre-a-jour-et-arreter-redemarre-reellement-votre-pc-mais-un-correctif-est-a-venir\/\"},\"wordCount\":658,\"publisher\":{\"@id\":\"https:\/\/vieassociative.be\/actualites\/#organization\"},\"image\":{\"@id\":\"https:\/\/vieassociative.be\/actualites\/mettre-a-jour-et-arreter-redemarre-reellement-votre-pc-mais-un-correctif-est-a-venir\/#primaryimage\"},\"thumbnailUrl\":\"https:\/\/vieassociative.be\/actualites\/wp-content\/uploads\/2025\/11\/Mettre-a-jour-et-arreter-redemarre-reellement-votre-PC-mais.jpg\",\"keywords\":[\"arr\u00eater\",\"correctif\",\"est\",\"jour\",\"mais\",\"mettre\",\"red\u00e9marre\",\"r\u00e9ellement\",\"venir\",\"votre\"],\"articleSection\":[\"Technologie\"],\"inLanguage\":\"fr-BE\"},{\"@type\":\"WebPage\",\"@id\":\"https:\/\/vieassociative.be\/actualites\/mettre-a-jour-et-arreter-redemarre-reellement-votre-pc-mais-un-correctif-est-a-venir\/\",\"url\":\"https:\/\/vieassociative.be\/actualites\/mettre-a-jour-et-arreter-redemarre-reellement-votre-pc-mais-un-correctif-est-a-venir\/\",\"name\":\"\u00ab\u00a0Mettre \u00e0 jour et arr\u00eater\u00a0\u00bb red\u00e9marre r\u00e9ellement votre PC (mais un correctif est \u00e0 venir) | Vie Associative\",\"isPartOf\":{\"@id\":\"https:\/\/vieassociative.be\/actualites\/#website\"},\"primaryImageOfPage\":{\"@id\":\"https:\/\/vieassociative.be\/actualites\/mettre-a-jour-et-arreter-redemarre-reellement-votre-pc-mais-un-correctif-est-a-venir\/#primaryimage\"},\"image\":{\"@id\":\"https:\/\/vieassociative.be\/actualites\/mettre-a-jour-et-arreter-redemarre-reellement-votre-pc-mais-un-correctif-est-a-venir\/#primaryimage\"},\"thumbnailUrl\":\"https:\/\/vieassociative.be\/actualites\/wp-content\/uploads\/2025\/11\/Mettre-a-jour-et-arreter-redemarre-reellement-votre-PC-mais.jpg\",\"datePublished\":\"2025-11-04T13:17:41+00:00\",\"dateModified\":\"2025-11-04T13:17:41+00:00\",\"breadcrumb\":{\"@id\":\"https:\/\/vieassociative.be\/actualites\/mettre-a-jour-et-arreter-redemarre-reellement-votre-pc-mais-un-correctif-est-a-venir\/#breadcrumb\"},\"inLanguage\":\"fr-BE\",\"potentialAction\":[{\"@type\":\"ReadAction\",\"target\":[\"https:\/\/vieassociative.be\/actualites\/mettre-a-jour-et-arreter-redemarre-reellement-votre-pc-mais-un-correctif-est-a-venir\/\"]}]},{\"@type\":\"ImageObject\",\"inLanguage\":\"fr-BE\",\"@id\":\"https:\/\/vieassociative.be\/actualites\/mettre-a-jour-et-arreter-redemarre-reellement-votre-pc-mais-un-correctif-est-a-venir\/#primaryimage\",\"url\":\"https:\/\/vieassociative.be\/actualites\/wp-content\/uploads\/2025\/11\/Mettre-a-jour-et-arreter-redemarre-reellement-votre-PC-mais.jpg\",\"contentUrl\":\"https:\/\/vieassociative.be\/actualites\/wp-content\/uploads\/2025\/11\/Mettre-a-jour-et-arreter-redemarre-reellement-votre-PC-mais.jpg\",\"width\":1200,\"height\":675,\"caption\":\"\u00ab\u00a0Mettre \u00e0 jour et arr\u00eater\u00a0\u00bb red\u00e9marre r\u00e9ellement votre PC (mais un correctif est \u00e0 venir)\"},{\"@type\":\"BreadcrumbList\",\"@id\":\"https:\/\/vieassociative.be\/actualites\/mettre-a-jour-et-arreter-redemarre-reellement-votre-pc-mais-un-correctif-est-a-venir\/#breadcrumb\",\"itemListElement\":[{\"@type\":\"ListItem\",\"position\":1,\"name\":\"Accueil\",\"item\":\"https:\/\/vieassociative.be\/actualites\/\"},{\"@type\":\"ListItem\",\"position\":2,\"name\":\"\u00ab\u00a0Mettre \u00e0 jour et arr\u00eater\u00a0\u00bb red\u00e9marre r\u00e9ellement votre PC (mais un correctif est \u00e0 venir)\"}]},{\"@type\":\"WebSite\",\"@id\":\"https:\/\/vieassociative.be\/actualites\/#website\",\"url\":\"https:\/\/vieassociative.be\/actualites\/\",\"name\":\"Vie Associative\",\"description\":\"\",\"publisher\":{\"@id\":\"https:\/\/vieassociative.be\/actualites\/#organization\"},\"potentialAction\":[{\"@type\":\"SearchAction\",\"target\":{\"@type\":\"EntryPoint\",\"urlTemplate\":\"https:\/\/vieassociative.be\/actualites\/?s={search_term_string}\"},\"query-input\":{\"@type\":\"PropertyValueSpecification\",\"valueRequired\":true,\"valueName\":\"search_term_string\"}}],\"inLanguage\":\"fr-BE\"},{\"@type\":\"Organization\",\"@id\":\"https:\/\/vieassociative.be\/actualites\/#organization\",\"name\":\"Vie Associative\",\"url\":\"https:\/\/vieassociative.be\/actualites\/\",\"logo\":{\"@type\":\"ImageObject\",\"inLanguage\":\"fr-BE\",\"@id\":\"https:\/\/vieassociative.be\/actualites\/#\/schema\/logo\/image\/\",\"url\":\"https:\/\/vieassociative.be\/actualites\/wp-content\/uploads\/2024\/09\/cropped-vieassociative_favicon.ico.png\",\"contentUrl\":\"https:\/\/vieassociative.be\/actualites\/wp-content\/uploads\/2024\/09\/cropped-vieassociative_favicon.ico.png\",\"width\":512,\"height\":512,\"caption\":\"Vie Associative\"},\"image\":{\"@id\":\"https:\/\/vieassociative.be\/actualites\/#\/schema\/logo\/image\/\"}},{\"@type\":\"Person\",\"@id\":\"https:\/\/vieassociative.be\/actualites\/#\/schema\/person\/b87ac4f82f9d4e7b7cec7395b679edc4\",\"name\":\"Julien\",\"image\":{\"@type\":\"ImageObject\",\"inLanguage\":\"fr-BE\",\"@id\":\"https:\/\/vieassociative.be\/actualites\/#\/schema\/person\/image\/\",\"url\":\"https:\/\/vieassociative.be\/actualites\/wp-content\/uploads\/2024\/09\/vie-associative-1-150x150.jpg\",\"contentUrl\":\"https:\/\/vieassociative.be\/actualites\/wp-content\/uploads\/2024\/09\/vie-associative-1-150x150.jpg\",\"caption\":\"Julien\"},\"description\":\"Je suis Julien, r\u00e9dacteur pour Vie Associative. Passionn\u00e9 par le monde associatif depuis plus de 10 ans, j'ai \u00e0 c\u0153ur de partager des histoires inspirantes et de mettre en lumi\u00e8re les initiatives locales. Mon objectif est de sensibiliser et d'encourager l'engagement communautaire \u00e0 travers mes articles.\",\"sameAs\":[\"https:\/\/vieassociative.be\/\"]}]}<\/script>\n<!-- \/ Yoast SEO plugin. -->","yoast_head_json":{"title":"\u00ab\u00a0Mettre \u00e0 jour et arr\u00eater\u00a0\u00bb red\u00e9marre r\u00e9ellement votre PC (mais un correctif est \u00e0 venir) | Vie Associative","robots":{"index":"index","follow":"follow","max-snippet":"max-snippet:-1","max-image-preview":"max-image-preview:large","max-video-preview":"max-video-preview:-1"},"canonical":"https:\/\/vieassociative.be\/actualites\/mettre-a-jour-et-arreter-redemarre-reellement-votre-pc-mais-un-correctif-est-a-venir\/","og_locale":"fr_FR","og_type":"article","og_title":"\u00ab\u00a0Mettre \u00e0 jour et arr\u00eater\u00a0\u00bb red\u00e9marre r\u00e9ellement votre PC (mais un correctif est \u00e0 venir) | Vie Associative","og_description":"Vous n&rsquo;avez pas appuy\u00e9 sur le mauvais bouton : votre PC a r\u00e9ellement red\u00e9marr\u00e9 lorsque vous avez choisi de l&rsquo;\u00e9teindre. Les ordinateurs sont cens\u00e9s \u00eatre","og_url":"https:\/\/vieassociative.be\/actualites\/mettre-a-jour-et-arreter-redemarre-reellement-votre-pc-mais-un-correctif-est-a-venir\/","og_site_name":"Vie Associative","article_published_time":"2025-11-04T13:17:41+00:00","og_image":[{"url":"https:\/\/vieassociative.be\/actualites\/wp-content\/uploads\/2025\/09\/1757726237_608_Meta-pourrait-devoiler-une-montre-intelligente-pour-controler-ses-lunettes.jpg","type":"","width":"","height":""}],"author":"Julien","twitter_card":"summary_large_image","twitter_misc":{"\u00c9crit par":"Julien","Dur\u00e9e de lecture est.":"3 minutes"},"schema":{"@context":"https:\/\/schema.org","@graph":[{"@type":"Article","@id":"https:\/\/vieassociative.be\/actualites\/mettre-a-jour-et-arreter-redemarre-reellement-votre-pc-mais-un-correctif-est-a-venir\/#article","isPartOf":{"@id":"https:\/\/vieassociative.be\/actualites\/mettre-a-jour-et-arreter-redemarre-reellement-votre-pc-mais-un-correctif-est-a-venir\/"},"author":{"name":"Julien","@id":"https:\/\/vieassociative.be\/actualites\/#\/schema\/person\/b87ac4f82f9d4e7b7cec7395b679edc4"},"headline":"\u00ab\u00a0Mettre \u00e0 jour et arr\u00eater\u00a0\u00bb red\u00e9marre r\u00e9ellement votre PC (mais un correctif est \u00e0 venir)","datePublished":"2025-11-04T13:17:41+00:00","dateModified":"2025-11-04T13:17:41+00:00","mainEntityOfPage":{"@id":"https:\/\/vieassociative.be\/actualites\/mettre-a-jour-et-arreter-redemarre-reellement-votre-pc-mais-un-correctif-est-a-venir\/"},"wordCount":658,"publisher":{"@id":"https:\/\/vieassociative.be\/actualites\/#organization"},"image":{"@id":"https:\/\/vieassociative.be\/actualites\/mettre-a-jour-et-arreter-redemarre-reellement-votre-pc-mais-un-correctif-est-a-venir\/#primaryimage"},"thumbnailUrl":"https:\/\/vieassociative.be\/actualites\/wp-content\/uploads\/2025\/11\/Mettre-a-jour-et-arreter-redemarre-reellement-votre-PC-mais.jpg","keywords":["arr\u00eater","correctif","est","jour","mais","mettre","red\u00e9marre","r\u00e9ellement","venir","votre"],"articleSection":["Technologie"],"inLanguage":"fr-BE"},{"@type":"WebPage","@id":"https:\/\/vieassociative.be\/actualites\/mettre-a-jour-et-arreter-redemarre-reellement-votre-pc-mais-un-correctif-est-a-venir\/","url":"https:\/\/vieassociative.be\/actualites\/mettre-a-jour-et-arreter-redemarre-reellement-votre-pc-mais-un-correctif-est-a-venir\/","name":"\u00ab\u00a0Mettre \u00e0 jour et arr\u00eater\u00a0\u00bb red\u00e9marre r\u00e9ellement votre PC (mais un correctif est \u00e0 venir) | Vie Associative","isPartOf":{"@id":"https:\/\/vieassociative.be\/actualites\/#website"},"primaryImageOfPage":{"@id":"https:\/\/vieassociative.be\/actualites\/mettre-a-jour-et-arreter-redemarre-reellement-votre-pc-mais-un-correctif-est-a-venir\/#primaryimage"},"image":{"@id":"https:\/\/vieassociative.be\/actualites\/mettre-a-jour-et-arreter-redemarre-reellement-votre-pc-mais-un-correctif-est-a-venir\/#primaryimage"},"thumbnailUrl":"https:\/\/vieassociative.be\/actualites\/wp-content\/uploads\/2025\/11\/Mettre-a-jour-et-arreter-redemarre-reellement-votre-PC-mais.jpg","datePublished":"2025-11-04T13:17:41+00:00","dateModified":"2025-11-04T13:17:41+00:00","breadcrumb":{"@id":"https:\/\/vieassociative.be\/actualites\/mettre-a-jour-et-arreter-redemarre-reellement-votre-pc-mais-un-correctif-est-a-venir\/#breadcrumb"},"inLanguage":"fr-BE","potentialAction":[{"@type":"ReadAction","target":["https:\/\/vieassociative.be\/actualites\/mettre-a-jour-et-arreter-redemarre-reellement-votre-pc-mais-un-correctif-est-a-venir\/"]}]},{"@type":"ImageObject","inLanguage":"fr-BE","@id":"https:\/\/vieassociative.be\/actualites\/mettre-a-jour-et-arreter-redemarre-reellement-votre-pc-mais-un-correctif-est-a-venir\/#primaryimage","url":"https:\/\/vieassociative.be\/actualites\/wp-content\/uploads\/2025\/11\/Mettre-a-jour-et-arreter-redemarre-reellement-votre-PC-mais.jpg","contentUrl":"https:\/\/vieassociative.be\/actualites\/wp-content\/uploads\/2025\/11\/Mettre-a-jour-et-arreter-redemarre-reellement-votre-PC-mais.jpg","width":1200,"height":675,"caption":"\u00ab\u00a0Mettre \u00e0 jour et arr\u00eater\u00a0\u00bb red\u00e9marre r\u00e9ellement votre PC (mais un correctif est \u00e0 venir)"},{"@type":"BreadcrumbList","@id":"https:\/\/vieassociative.be\/actualites\/mettre-a-jour-et-arreter-redemarre-reellement-votre-pc-mais-un-correctif-est-a-venir\/#breadcrumb","itemListElement":[{"@type":"ListItem","position":1,"name":"Accueil","item":"https:\/\/vieassociative.be\/actualites\/"},{"@type":"ListItem","position":2,"name":"\u00ab\u00a0Mettre \u00e0 jour et arr\u00eater\u00a0\u00bb red\u00e9marre r\u00e9ellement votre PC (mais un correctif est \u00e0 venir)"}]},{"@type":"WebSite","@id":"https:\/\/vieassociative.be\/actualites\/#website","url":"https:\/\/vieassociative.be\/actualites\/","name":"Vie Associative","description":"","publisher":{"@id":"https:\/\/vieassociative.be\/actualites\/#organization"},"potentialAction":[{"@type":"SearchAction","target":{"@type":"EntryPoint","urlTemplate":"https:\/\/vieassociative.be\/actualites\/?s={search_term_string}"},"query-input":{"@type":"PropertyValueSpecification","valueRequired":true,"valueName":"search_term_string"}}],"inLanguage":"fr-BE"},{"@type":"Organization","@id":"https:\/\/vieassociative.be\/actualites\/#organization","name":"Vie Associative","url":"https:\/\/vieassociative.be\/actualites\/","logo":{"@type":"ImageObject","inLanguage":"fr-BE","@id":"https:\/\/vieassociative.be\/actualites\/#\/schema\/logo\/image\/","url":"https:\/\/vieassociative.be\/actualites\/wp-content\/uploads\/2024\/09\/cropped-vieassociative_favicon.ico.png","contentUrl":"https:\/\/vieassociative.be\/actualites\/wp-content\/uploads\/2024\/09\/cropped-vieassociative_favicon.ico.png","width":512,"height":512,"caption":"Vie Associative"},"image":{"@id":"https:\/\/vieassociative.be\/actualites\/#\/schema\/logo\/image\/"}},{"@type":"Person","@id":"https:\/\/vieassociative.be\/actualites\/#\/schema\/person\/b87ac4f82f9d4e7b7cec7395b679edc4","name":"Julien","image":{"@type":"ImageObject","inLanguage":"fr-BE","@id":"https:\/\/vieassociative.be\/actualites\/#\/schema\/person\/image\/","url":"https:\/\/vieassociative.be\/actualites\/wp-content\/uploads\/2024\/09\/vie-associative-1-150x150.jpg","contentUrl":"https:\/\/vieassociative.be\/actualites\/wp-content\/uploads\/2024\/09\/vie-associative-1-150x150.jpg","caption":"Julien"},"description":"Je suis Julien, r\u00e9dacteur pour Vie Associative. Passionn\u00e9 par le monde associatif depuis plus de 10 ans, j'ai \u00e0 c\u0153ur de partager des histoires inspirantes et de mettre en lumi\u00e8re les initiatives locales. Mon objectif est de sensibiliser et d'encourager l'engagement communautaire \u00e0 travers mes articles.","sameAs":["https:\/\/vieassociative.be\/"]}]}},"_links":{"self":[{"href":"https:\/\/vieassociative.be\/actualites\/wp-json\/wp\/v2\/posts\/11096"}],"collection":[{"href":"https:\/\/vieassociative.be\/actualites\/wp-json\/wp\/v2\/posts"}],"about":[{"href":"https:\/\/vieassociative.be\/actualites\/wp-json\/wp\/v2\/types\/post"}],"author":[{"embeddable":true,"href":"https:\/\/vieassociative.be\/actualites\/wp-json\/wp\/v2\/users\/1"}],"replies":[{"embeddable":true,"href":"https:\/\/vieassociative.be\/actualites\/wp-json\/wp\/v2\/comments?post=11096"}],"version-history":[{"count":0,"href":"https:\/\/vieassociative.be\/actualites\/wp-json\/wp\/v2\/posts\/11096\/revisions"}],"wp:featuredmedia":[{"embeddable":true,"href":"https:\/\/vieassociative.be\/actualites\/wp-json\/wp\/v2\/media\/11097"}],"wp:attachment":[{"href":"https:\/\/vieassociative.be\/actualites\/wp-json\/wp\/v2\/media?parent=11096"}],"wp:term":[{"taxonomy":"category","embeddable":true,"href":"https:\/\/vieassociative.be\/actualites\/wp-json\/wp\/v2\/categories?post=11096"},{"taxonomy":"post_tag","embeddable":true,"href":"https:\/\/vieassociative.be\/actualites\/wp-json\/wp\/v2\/tags?post=11096"}],"curies":[{"name":"wp","href":"https:\/\/api.w.org\/{rel}","templated":true}]}}