{"id":11092,"date":"2025-11-04T09:17:00","date_gmt":"2025-11-04T08:17:00","guid":{"rendered":"https:\/\/vieassociative.be\/actualites\/une-tour-medievale-de-rome-seffondre-un-ouvrier-du-batiment-blesse\/"},"modified":"2025-11-04T09:17:00","modified_gmt":"2025-11-04T08:17:00","slug":"une-tour-medievale-de-rome-seffondre-un-ouvrier-du-batiment-blesse","status":"publish","type":"post","link":"https:\/\/vieassociative.be\/actualites\/une-tour-medievale-de-rome-seffondre-un-ouvrier-du-batiment-blesse\/","title":{"rendered":"Une tour m\u00e9di\u00e9vale de Rome s&rsquo;effondre \u2013 un ouvrier du b\u00e2timent bless\u00e9"},"content":{"rendered":"<p><strong>Une partie d&rsquo;une tour m\u00e9di\u00e9vale s&rsquo;est effondr\u00e9e dans le centre de Rome. La Torre dei Conti est situ\u00e9e \u00e0 proximit\u00e9 des sites arch\u00e9ologiques des Forums Imp\u00e9riaux et du Colis\u00e9e, tr\u00e8s appr\u00e9ci\u00e9s des touristes, et est actuellement en cours de r\u00e9novation.<\/strong><\/p>\n<p><span id=\"more-428791\"><\/span>Comme l&rsquo;a rapport\u00e9 l&rsquo;agence de presse Ansa, une personne a \u00e9t\u00e9 gri\u00e8vement bless\u00e9e dans l&rsquo;effondrement survenu dans la capitale italienne.<\/p>\n<p>Selon les m\u00e9dias, la personne bless\u00e9e est un ouvrier du b\u00e2timent. Trois autres travailleurs ont d&rsquo;abord \u00e9t\u00e9 coinc\u00e9s \u00e0 l&rsquo;\u00e9tage sup\u00e9rieur, mais ont \u00e9t\u00e9 secourus \u00e0 l&rsquo;aide d&rsquo;une \u00e9chelle tournante. Un autre ouvrier du b\u00e2timent se trouverait \u00e0 l\u2019int\u00e9rieur du b\u00e2timent.<\/p>\n<div id=\"attachment_428793\" class=\"wp-caption alignleft\" style=\"max-width: 300px\"><img fetchpriority=\"high\" decoding=\"async\" class=\"wp-image-428793 size-medium\" src=\"https:\/\/vieassociative.be\/actualites\/wp-content\/uploads\/2025\/11\/Une-tour-medievale-de-Rome-seffondre-\u2013-un-ouvrier-du.jpg\" alt=\"\" width=\"300\" height=\"200\"><\/div>\n<p>Des t\u00e9moins oculaires ont rapport\u00e9 avoir entendu une forte d\u00e9tonation puis un nuage de poussi\u00e8re dans les rues \u00e9troites du quartier. Imm\u00e9diatement apr\u00e8s l&rsquo;effondrement partiel, les pompiers et la police ont ferm\u00e9 toute la zone aux pi\u00e9tons et aux voitures pour permettre aux services d&rsquo;urgence d&rsquo;effectuer des travaux de s\u00e9curit\u00e9.<\/p>\n<p>Alors que les pompiers \u00e9taient encore en service, une autre partie de la tour s&rsquo;est effondr\u00e9e, lib\u00e9rant un nuage de poussi\u00e8re. Les pompiers, mont\u00e9s sur une \u00e9chelle tournante, ont pu descendre \u00e0 temps et se mettre en s\u00e9curit\u00e9, a-t-on pr\u00e9cis\u00e9.<\/p>\n<p>La Torre dei Conti a \u00e9t\u00e9 construite au XIIIe si\u00e8cle sous le pontificat du pape Innocent III. construit. La tour, qui mesure aujourd&rsquo;hui 29 m\u00e8tres de haut, mesurait autrefois entre 50 et 60 m\u00e8tres de haut. Cependant, les \u00e9tages sup\u00e9rieurs ont \u00e9t\u00e9 endommag\u00e9s par une s\u00e9rie de tremblements de terre aux XIVe et XVIIe si\u00e8cles et ont ensuite \u00e9t\u00e9 d\u00e9molis. Le b\u00e2timent est inhabitable et abandonn\u00e9 depuis un certain temps. (dpa)<\/p>\n","protected":false},"excerpt":{"rendered":"<p>Une partie d&rsquo;une tour m\u00e9di\u00e9vale s&rsquo;est effondr\u00e9e dans le centre de Rome. La Torre dei Conti est situ\u00e9e \u00e0 proximit\u00e9 des sites arch\u00e9ologiques des Forums<\/p>\n","protected":false},"author":1,"featured_media":11093,"comment_status":"","ping_status":"","sticky":false,"template":"","format":"standard","meta":{"footnotes":""},"categories":[298],"tags":[7759,981,9139,9141,6817,9140,2443,110],"class_list":["post-11092","post","type-post","status-publish","format-standard","has-post-thumbnail","hentry","category-belgique","tag-batiment","tag-blesse","tag-medievale","tag-ouvrier","tag-rome","tag-seffondre","tag-tour","tag-une","generate-columns","tablet-grid-50","mobile-grid-100","grid-parent","grid-33"],"yoast_head":"<!-- This site is optimized with the Yoast SEO plugin v24.0 - https:\/\/yoast.com\/wordpress\/plugins\/seo\/ -->\n<title>Une tour m\u00e9di\u00e9vale de Rome s&#039;effondre \u2013 un ouvrier du b\u00e2timent bless\u00e9 | Vie Associative<\/title>\n<meta name=\"robots\" content=\"index, follow, max-snippet:-1, max-image-preview:large, max-video-preview:-1\" \/>\n<link rel=\"canonical\" href=\"https:\/\/vieassociative.be\/actualites\/une-tour-medievale-de-rome-seffondre-un-ouvrier-du-batiment-blesse\/\" \/>\n<meta property=\"og:locale\" content=\"fr_FR\" \/>\n<meta property=\"og:type\" content=\"article\" \/>\n<meta property=\"og:title\" content=\"Une tour m\u00e9di\u00e9vale de Rome s&#039;effondre \u2013 un ouvrier du b\u00e2timent bless\u00e9 | Vie Associative\" \/>\n<meta property=\"og:description\" content=\"Une partie d&rsquo;une tour m\u00e9di\u00e9vale s&rsquo;est effondr\u00e9e dans le centre de Rome. La Torre dei Conti est situ\u00e9e \u00e0 proximit\u00e9 des sites arch\u00e9ologiques des Forums\" \/>\n<meta property=\"og:url\" content=\"https:\/\/vieassociative.be\/actualites\/une-tour-medievale-de-rome-seffondre-un-ouvrier-du-batiment-blesse\/\" \/>\n<meta property=\"og:site_name\" content=\"Vie Associative\" \/>\n<meta property=\"article:published_time\" content=\"2025-11-04T08:17:00+00:00\" \/>\n<meta property=\"og:image\" content=\"https:\/\/vieassociative.be\/actualites\/wp-content\/uploads\/2024\/09\/header_backgroundk-01-e1726694325946.png\" \/>\n\t<meta property=\"og:image:width\" content=\"279\" \/>\n\t<meta property=\"og:image:height\" content=\"92\" \/>\n\t<meta property=\"og:image:type\" content=\"image\/png\" \/>\n<meta name=\"author\" content=\"Julien\" \/>\n<meta name=\"twitter:card\" content=\"summary_large_image\" \/>\n<meta name=\"twitter:label1\" content=\"\u00c9crit par\" \/>\n\t<meta name=\"twitter:data1\" content=\"Julien\" \/>\n\t<meta name=\"twitter:label2\" content=\"Dur\u00e9e de lecture est.\" \/>\n\t<meta name=\"twitter:data2\" content=\"1 minute\" \/>\n<script type=\"application\/ld+json\" class=\"yoast-schema-graph\">{\"@context\":\"https:\/\/schema.org\",\"@graph\":[{\"@type\":\"Article\",\"@id\":\"https:\/\/vieassociative.be\/actualites\/une-tour-medievale-de-rome-seffondre-un-ouvrier-du-batiment-blesse\/#article\",\"isPartOf\":{\"@id\":\"https:\/\/vieassociative.be\/actualites\/une-tour-medievale-de-rome-seffondre-un-ouvrier-du-batiment-blesse\/\"},\"author\":{\"name\":\"Julien\",\"@id\":\"https:\/\/vieassociative.be\/actualites\/#\/schema\/person\/b87ac4f82f9d4e7b7cec7395b679edc4\"},\"headline\":\"Une tour m\u00e9di\u00e9vale de Rome s&rsquo;effondre \u2013 un ouvrier du b\u00e2timent bless\u00e9\",\"datePublished\":\"2025-11-04T08:17:00+00:00\",\"dateModified\":\"2025-11-04T08:17:00+00:00\",\"mainEntityOfPage\":{\"@id\":\"https:\/\/vieassociative.be\/actualites\/une-tour-medievale-de-rome-seffondre-un-ouvrier-du-batiment-blesse\/\"},\"wordCount\":327,\"publisher\":{\"@id\":\"https:\/\/vieassociative.be\/actualites\/#organization\"},\"image\":{\"@id\":\"https:\/\/vieassociative.be\/actualites\/une-tour-medievale-de-rome-seffondre-un-ouvrier-du-batiment-blesse\/#primaryimage\"},\"thumbnailUrl\":\"https:\/\/vieassociative.be\/actualites\/wp-content\/uploads\/2025\/11\/1762244221_Une-tour-medievale-de-Rome-seffondre-\u2013-un-ouvrier-du.jpg\",\"keywords\":[\"b\u00e2timent\",\"blesse\",\"m\u00e9di\u00e9vale\",\"ouvrier\",\"Rome\",\"seffondre\",\"Tour\",\"une\"],\"articleSection\":[\"Belgique\"],\"inLanguage\":\"fr-BE\"},{\"@type\":\"WebPage\",\"@id\":\"https:\/\/vieassociative.be\/actualites\/une-tour-medievale-de-rome-seffondre-un-ouvrier-du-batiment-blesse\/\",\"url\":\"https:\/\/vieassociative.be\/actualites\/une-tour-medievale-de-rome-seffondre-un-ouvrier-du-batiment-blesse\/\",\"name\":\"Une tour m\u00e9di\u00e9vale de Rome s'effondre \u2013 un ouvrier du b\u00e2timent bless\u00e9 | Vie Associative\",\"isPartOf\":{\"@id\":\"https:\/\/vieassociative.be\/actualites\/#website\"},\"primaryImageOfPage\":{\"@id\":\"https:\/\/vieassociative.be\/actualites\/une-tour-medievale-de-rome-seffondre-un-ouvrier-du-batiment-blesse\/#primaryimage\"},\"image\":{\"@id\":\"https:\/\/vieassociative.be\/actualites\/une-tour-medievale-de-rome-seffondre-un-ouvrier-du-batiment-blesse\/#primaryimage\"},\"thumbnailUrl\":\"https:\/\/vieassociative.be\/actualites\/wp-content\/uploads\/2025\/11\/1762244221_Une-tour-medievale-de-Rome-seffondre-\u2013-un-ouvrier-du.jpg\",\"datePublished\":\"2025-11-04T08:17:00+00:00\",\"dateModified\":\"2025-11-04T08:17:00+00:00\",\"breadcrumb\":{\"@id\":\"https:\/\/vieassociative.be\/actualites\/une-tour-medievale-de-rome-seffondre-un-ouvrier-du-batiment-blesse\/#breadcrumb\"},\"inLanguage\":\"fr-BE\",\"potentialAction\":[{\"@type\":\"ReadAction\",\"target\":[\"https:\/\/vieassociative.be\/actualites\/une-tour-medievale-de-rome-seffondre-un-ouvrier-du-batiment-blesse\/\"]}]},{\"@type\":\"ImageObject\",\"inLanguage\":\"fr-BE\",\"@id\":\"https:\/\/vieassociative.be\/actualites\/une-tour-medievale-de-rome-seffondre-un-ouvrier-du-batiment-blesse\/#primaryimage\",\"url\":\"https:\/\/vieassociative.be\/actualites\/wp-content\/uploads\/2025\/11\/1762244221_Une-tour-medievale-de-Rome-seffondre-\u2013-un-ouvrier-du.jpg\",\"contentUrl\":\"https:\/\/vieassociative.be\/actualites\/wp-content\/uploads\/2025\/11\/1762244221_Une-tour-medievale-de-Rome-seffondre-\u2013-un-ouvrier-du.jpg\",\"width\":1200,\"height\":800,\"caption\":\"Une tour m\u00e9di\u00e9vale de Rome s'effondre \u2013 un ouvrier du b\u00e2timent bless\u00e9\"},{\"@type\":\"BreadcrumbList\",\"@id\":\"https:\/\/vieassociative.be\/actualites\/une-tour-medievale-de-rome-seffondre-un-ouvrier-du-batiment-blesse\/#breadcrumb\",\"itemListElement\":[{\"@type\":\"ListItem\",\"position\":1,\"name\":\"Accueil\",\"item\":\"https:\/\/vieassociative.be\/actualites\/\"},{\"@type\":\"ListItem\",\"position\":2,\"name\":\"Une tour m\u00e9di\u00e9vale de Rome s&rsquo;effondre \u2013 un ouvrier du b\u00e2timent bless\u00e9\"}]},{\"@type\":\"WebSite\",\"@id\":\"https:\/\/vieassociative.be\/actualites\/#website\",\"url\":\"https:\/\/vieassociative.be\/actualites\/\",\"name\":\"Vie Associative\",\"description\":\"\",\"publisher\":{\"@id\":\"https:\/\/vieassociative.be\/actualites\/#organization\"},\"potentialAction\":[{\"@type\":\"SearchAction\",\"target\":{\"@type\":\"EntryPoint\",\"urlTemplate\":\"https:\/\/vieassociative.be\/actualites\/?s={search_term_string}\"},\"query-input\":{\"@type\":\"PropertyValueSpecification\",\"valueRequired\":true,\"valueName\":\"search_term_string\"}}],\"inLanguage\":\"fr-BE\"},{\"@type\":\"Organization\",\"@id\":\"https:\/\/vieassociative.be\/actualites\/#organization\",\"name\":\"Vie Associative\",\"url\":\"https:\/\/vieassociative.be\/actualites\/\",\"logo\":{\"@type\":\"ImageObject\",\"inLanguage\":\"fr-BE\",\"@id\":\"https:\/\/vieassociative.be\/actualites\/#\/schema\/logo\/image\/\",\"url\":\"https:\/\/vieassociative.be\/actualites\/wp-content\/uploads\/2024\/09\/cropped-vieassociative_favicon.ico.png\",\"contentUrl\":\"https:\/\/vieassociative.be\/actualites\/wp-content\/uploads\/2024\/09\/cropped-vieassociative_favicon.ico.png\",\"width\":512,\"height\":512,\"caption\":\"Vie Associative\"},\"image\":{\"@id\":\"https:\/\/vieassociative.be\/actualites\/#\/schema\/logo\/image\/\"}},{\"@type\":\"Person\",\"@id\":\"https:\/\/vieassociative.be\/actualites\/#\/schema\/person\/b87ac4f82f9d4e7b7cec7395b679edc4\",\"name\":\"Julien\",\"image\":{\"@type\":\"ImageObject\",\"inLanguage\":\"fr-BE\",\"@id\":\"https:\/\/vieassociative.be\/actualites\/#\/schema\/person\/image\/\",\"url\":\"https:\/\/vieassociative.be\/actualites\/wp-content\/uploads\/2024\/09\/vie-associative-1-150x150.jpg\",\"contentUrl\":\"https:\/\/vieassociative.be\/actualites\/wp-content\/uploads\/2024\/09\/vie-associative-1-150x150.jpg\",\"caption\":\"Julien\"},\"description\":\"Je suis Julien, r\u00e9dacteur pour Vie Associative. Passionn\u00e9 par le monde associatif depuis plus de 10 ans, j'ai \u00e0 c\u0153ur de partager des histoires inspirantes et de mettre en lumi\u00e8re les initiatives locales. Mon objectif est de sensibiliser et d'encourager l'engagement communautaire \u00e0 travers mes articles.\",\"sameAs\":[\"https:\/\/vieassociative.be\/\"]}]}<\/script>\n<!-- \/ Yoast SEO plugin. -->","yoast_head_json":{"title":"Une tour m\u00e9di\u00e9vale de Rome s'effondre \u2013 un ouvrier du b\u00e2timent bless\u00e9 | Vie Associative","robots":{"index":"index","follow":"follow","max-snippet":"max-snippet:-1","max-image-preview":"max-image-preview:large","max-video-preview":"max-video-preview:-1"},"canonical":"https:\/\/vieassociative.be\/actualites\/une-tour-medievale-de-rome-seffondre-un-ouvrier-du-batiment-blesse\/","og_locale":"fr_FR","og_type":"article","og_title":"Une tour m\u00e9di\u00e9vale de Rome s'effondre \u2013 un ouvrier du b\u00e2timent bless\u00e9 | Vie Associative","og_description":"Une partie d&rsquo;une tour m\u00e9di\u00e9vale s&rsquo;est effondr\u00e9e dans le centre de Rome. La Torre dei Conti est situ\u00e9e \u00e0 proximit\u00e9 des sites arch\u00e9ologiques des Forums","og_url":"https:\/\/vieassociative.be\/actualites\/une-tour-medievale-de-rome-seffondre-un-ouvrier-du-batiment-blesse\/","og_site_name":"Vie Associative","article_published_time":"2025-11-04T08:17:00+00:00","og_image":[{"width":279,"height":92,"url":"https:\/\/vieassociative.be\/actualites\/wp-content\/uploads\/2024\/09\/header_backgroundk-01-e1726694325946.png","type":"image\/png"}],"author":"Julien","twitter_card":"summary_large_image","twitter_misc":{"\u00c9crit par":"Julien","Dur\u00e9e de lecture est.":"1 minute"},"schema":{"@context":"https:\/\/schema.org","@graph":[{"@type":"Article","@id":"https:\/\/vieassociative.be\/actualites\/une-tour-medievale-de-rome-seffondre-un-ouvrier-du-batiment-blesse\/#article","isPartOf":{"@id":"https:\/\/vieassociative.be\/actualites\/une-tour-medievale-de-rome-seffondre-un-ouvrier-du-batiment-blesse\/"},"author":{"name":"Julien","@id":"https:\/\/vieassociative.be\/actualites\/#\/schema\/person\/b87ac4f82f9d4e7b7cec7395b679edc4"},"headline":"Une tour m\u00e9di\u00e9vale de Rome s&rsquo;effondre \u2013 un ouvrier du b\u00e2timent bless\u00e9","datePublished":"2025-11-04T08:17:00+00:00","dateModified":"2025-11-04T08:17:00+00:00","mainEntityOfPage":{"@id":"https:\/\/vieassociative.be\/actualites\/une-tour-medievale-de-rome-seffondre-un-ouvrier-du-batiment-blesse\/"},"wordCount":327,"publisher":{"@id":"https:\/\/vieassociative.be\/actualites\/#organization"},"image":{"@id":"https:\/\/vieassociative.be\/actualites\/une-tour-medievale-de-rome-seffondre-un-ouvrier-du-batiment-blesse\/#primaryimage"},"thumbnailUrl":"https:\/\/vieassociative.be\/actualites\/wp-content\/uploads\/2025\/11\/1762244221_Une-tour-medievale-de-Rome-seffondre-\u2013-un-ouvrier-du.jpg","keywords":["b\u00e2timent","blesse","m\u00e9di\u00e9vale","ouvrier","Rome","seffondre","Tour","une"],"articleSection":["Belgique"],"inLanguage":"fr-BE"},{"@type":"WebPage","@id":"https:\/\/vieassociative.be\/actualites\/une-tour-medievale-de-rome-seffondre-un-ouvrier-du-batiment-blesse\/","url":"https:\/\/vieassociative.be\/actualites\/une-tour-medievale-de-rome-seffondre-un-ouvrier-du-batiment-blesse\/","name":"Une tour m\u00e9di\u00e9vale de Rome s'effondre \u2013 un ouvrier du b\u00e2timent bless\u00e9 | Vie Associative","isPartOf":{"@id":"https:\/\/vieassociative.be\/actualites\/#website"},"primaryImageOfPage":{"@id":"https:\/\/vieassociative.be\/actualites\/une-tour-medievale-de-rome-seffondre-un-ouvrier-du-batiment-blesse\/#primaryimage"},"image":{"@id":"https:\/\/vieassociative.be\/actualites\/une-tour-medievale-de-rome-seffondre-un-ouvrier-du-batiment-blesse\/#primaryimage"},"thumbnailUrl":"https:\/\/vieassociative.be\/actualites\/wp-content\/uploads\/2025\/11\/1762244221_Une-tour-medievale-de-Rome-seffondre-\u2013-un-ouvrier-du.jpg","datePublished":"2025-11-04T08:17:00+00:00","dateModified":"2025-11-04T08:17:00+00:00","breadcrumb":{"@id":"https:\/\/vieassociative.be\/actualites\/une-tour-medievale-de-rome-seffondre-un-ouvrier-du-batiment-blesse\/#breadcrumb"},"inLanguage":"fr-BE","potentialAction":[{"@type":"ReadAction","target":["https:\/\/vieassociative.be\/actualites\/une-tour-medievale-de-rome-seffondre-un-ouvrier-du-batiment-blesse\/"]}]},{"@type":"ImageObject","inLanguage":"fr-BE","@id":"https:\/\/vieassociative.be\/actualites\/une-tour-medievale-de-rome-seffondre-un-ouvrier-du-batiment-blesse\/#primaryimage","url":"https:\/\/vieassociative.be\/actualites\/wp-content\/uploads\/2025\/11\/1762244221_Une-tour-medievale-de-Rome-seffondre-\u2013-un-ouvrier-du.jpg","contentUrl":"https:\/\/vieassociative.be\/actualites\/wp-content\/uploads\/2025\/11\/1762244221_Une-tour-medievale-de-Rome-seffondre-\u2013-un-ouvrier-du.jpg","width":1200,"height":800,"caption":"Une tour m\u00e9di\u00e9vale de Rome s'effondre \u2013 un ouvrier du b\u00e2timent bless\u00e9"},{"@type":"BreadcrumbList","@id":"https:\/\/vieassociative.be\/actualites\/une-tour-medievale-de-rome-seffondre-un-ouvrier-du-batiment-blesse\/#breadcrumb","itemListElement":[{"@type":"ListItem","position":1,"name":"Accueil","item":"https:\/\/vieassociative.be\/actualites\/"},{"@type":"ListItem","position":2,"name":"Une tour m\u00e9di\u00e9vale de Rome s&rsquo;effondre \u2013 un ouvrier du b\u00e2timent bless\u00e9"}]},{"@type":"WebSite","@id":"https:\/\/vieassociative.be\/actualites\/#website","url":"https:\/\/vieassociative.be\/actualites\/","name":"Vie Associative","description":"","publisher":{"@id":"https:\/\/vieassociative.be\/actualites\/#organization"},"potentialAction":[{"@type":"SearchAction","target":{"@type":"EntryPoint","urlTemplate":"https:\/\/vieassociative.be\/actualites\/?s={search_term_string}"},"query-input":{"@type":"PropertyValueSpecification","valueRequired":true,"valueName":"search_term_string"}}],"inLanguage":"fr-BE"},{"@type":"Organization","@id":"https:\/\/vieassociative.be\/actualites\/#organization","name":"Vie Associative","url":"https:\/\/vieassociative.be\/actualites\/","logo":{"@type":"ImageObject","inLanguage":"fr-BE","@id":"https:\/\/vieassociative.be\/actualites\/#\/schema\/logo\/image\/","url":"https:\/\/vieassociative.be\/actualites\/wp-content\/uploads\/2024\/09\/cropped-vieassociative_favicon.ico.png","contentUrl":"https:\/\/vieassociative.be\/actualites\/wp-content\/uploads\/2024\/09\/cropped-vieassociative_favicon.ico.png","width":512,"height":512,"caption":"Vie Associative"},"image":{"@id":"https:\/\/vieassociative.be\/actualites\/#\/schema\/logo\/image\/"}},{"@type":"Person","@id":"https:\/\/vieassociative.be\/actualites\/#\/schema\/person\/b87ac4f82f9d4e7b7cec7395b679edc4","name":"Julien","image":{"@type":"ImageObject","inLanguage":"fr-BE","@id":"https:\/\/vieassociative.be\/actualites\/#\/schema\/person\/image\/","url":"https:\/\/vieassociative.be\/actualites\/wp-content\/uploads\/2024\/09\/vie-associative-1-150x150.jpg","contentUrl":"https:\/\/vieassociative.be\/actualites\/wp-content\/uploads\/2024\/09\/vie-associative-1-150x150.jpg","caption":"Julien"},"description":"Je suis Julien, r\u00e9dacteur pour Vie Associative. Passionn\u00e9 par le monde associatif depuis plus de 10 ans, j'ai \u00e0 c\u0153ur de partager des histoires inspirantes et de mettre en lumi\u00e8re les initiatives locales. Mon objectif est de sensibiliser et d'encourager l'engagement communautaire \u00e0 travers mes articles.","sameAs":["https:\/\/vieassociative.be\/"]}]}},"_links":{"self":[{"href":"https:\/\/vieassociative.be\/actualites\/wp-json\/wp\/v2\/posts\/11092"}],"collection":[{"href":"https:\/\/vieassociative.be\/actualites\/wp-json\/wp\/v2\/posts"}],"about":[{"href":"https:\/\/vieassociative.be\/actualites\/wp-json\/wp\/v2\/types\/post"}],"author":[{"embeddable":true,"href":"https:\/\/vieassociative.be\/actualites\/wp-json\/wp\/v2\/users\/1"}],"replies":[{"embeddable":true,"href":"https:\/\/vieassociative.be\/actualites\/wp-json\/wp\/v2\/comments?post=11092"}],"version-history":[{"count":0,"href":"https:\/\/vieassociative.be\/actualites\/wp-json\/wp\/v2\/posts\/11092\/revisions"}],"wp:featuredmedia":[{"embeddable":true,"href":"https:\/\/vieassociative.be\/actualites\/wp-json\/wp\/v2\/media\/11093"}],"wp:attachment":[{"href":"https:\/\/vieassociative.be\/actualites\/wp-json\/wp\/v2\/media?parent=11092"}],"wp:term":[{"taxonomy":"category","embeddable":true,"href":"https:\/\/vieassociative.be\/actualites\/wp-json\/wp\/v2\/categories?post=11092"},{"taxonomy":"post_tag","embeddable":true,"href":"https:\/\/vieassociative.be\/actualites\/wp-json\/wp\/v2\/tags?post=11092"}],"curies":[{"name":"wp","href":"https:\/\/api.w.org\/{rel}","templated":true}]}}