{"id":11090,"date":"2025-11-04T08:17:33","date_gmt":"2025-11-04T07:17:33","guid":{"rendered":"https:\/\/vieassociative.be\/actualites\/ces-ecouteurs-bose-quietcomfort-sont-a-leur-prix-le-plus-bas-jamais-vu\/"},"modified":"2025-11-04T08:17:33","modified_gmt":"2025-11-04T07:17:33","slug":"ces-ecouteurs-bose-quietcomfort-sont-a-leur-prix-le-plus-bas-jamais-vu","status":"publish","type":"post","link":"https:\/\/vieassociative.be\/actualites\/ces-ecouteurs-bose-quietcomfort-sont-a-leur-prix-le-plus-bas-jamais-vu\/","title":{"rendered":"Ces \u00e9couteurs Bose QuietComfort sont \u00e0 leur prix le plus bas jamais vu"},"content":{"rendered":"<div class=\"mt-4 leading-6 md:mb-8\">Batterie qui dure toute la journ\u00e9e et ANC premium avec une r\u00e9duction de 45 %.<\/div>\n<p><\/p>\n<p>Si vous \u00eates \u00e0 la recherche d&rsquo;une nouvelle paire d&rsquo;\u00e9couteurs supra-auriculaires ANC d&rsquo;une marque haut de gamme, voici une offre \u00e0 d\u00e9couvrir : les \u00e9couteurs Bose QuietComfort co\u00fbtent actuellement 199 $ (\u00e0 l&rsquo;origine 359 $) dans toutes les couleurs. Cela repr\u00e9sente une remise de 45 % et le prix le plus bas jamais enregistr\u00e9 pour ces \u00e9couteurs bien \u00e9valu\u00e9s, selon les outils de suivi des prix.<\/p>\n<div class=\"pogoClear mb-12 mt-10 rounded-md border-2 border-gray-100 py-7 shadow-xl md:py-6\">\n<div class=\"flex flex-wrap justify-between px-7 text-black no-underline md:flex-nowrap md:px-8\">\n<div class=\"order-1 mx-auto flex flex-col justify-center md:order-2 md:ml-4 md:w-full md:grow\">\n<div class=\"block cursor-pointer text-center font-akshar text-2xl font-medium leading-7 text-brand-green duration-200 ease-in-out hover:text-brand-green-700 md:text-left md:text-xl md:leading-6\">Casque Bose QuietComfort\n                <\/div>\n<div class=\"mt-4 hidden md:flex md:justify-between\">\n<div class=\"self-end\">\n<div class=\"mb-0 h-11 md:flex md:flex-col md:justify-center\">\n<div class=\" font-sans leading-4 text-black\">\n<div class=\"flex flex-wrap items-center justify-center gap-1 md:justify-start\">\n        <span class=\"font-bold\"><\/p>\n<p>            199,00\u00a0$<br \/>\n                            <span class=\"font-medium\">chez Amazon<\/span><br \/>\n                    <\/span>\n            <\/div>\n<div class=\"flex items-center justify-center gap-x-1 font-bold md:justify-start\">\n            <span class=\"text-sm line-through\">359,00\u00a0$<\/span><br \/>\n            <span class=\"text-sm text-brand-green\">\u00c9conomisez 160,00\u00a0$<\/span>\n        <\/div>\n<\/p><\/div>\n<\/p><\/div>\n<\/p><\/div>\n<div class=\"w-44 self-end\">\n                            <button class=\"flex justify-center items-center w-full bg-brand-green text-white text-base font-sans font-medium rounded-md hover:bg-brand-green-700 hover:cursor-pointer md:text-sm h-11\"><\/p>\n<p>    Obtenez une offre<br \/>\n<\/button>\n                        <\/div>\n<\/p><\/div>\n<\/p><\/div>\n<div class=\"order-2 mt-5 h-auto w-full md:order-1 md:mt-0 md:hidden\">\n<div class=\"flex aspect-video items-center justify-center\">\n                                            <img decoding=\"async\" class=\"m-0 max-h-full max-w-full rounded-md\" src=\"https:\/\/vieassociative.be\/actualites\/wp-content\/uploads\/2025\/11\/Ces-ecouteurs-Bose-QuietComfort-sont-a-leur-prix-le-plus.jpg\" alt=\"Casque Bose QuietComfort\" width=\"auto\" height=\"auto\" loading=\"lazy\">\n                                    <\/div>\n<\/p><\/div>\n<div class=\"order-2 ml-2 hidden w-32 shrink-0 items-center md:order-1 md:ml-0 md:flex\">\n<div class=\"flex aspect-video items-center justify-center\">\n                                            <img decoding=\"async\" class=\"m-0 max-h-full max-w-full rounded-md\" src=\"https:\/\/vieassociative.be\/actualites\/wp-content\/uploads\/2025\/11\/Ces-ecouteurs-Bose-QuietComfort-sont-a-leur-prix-le-plus.jpg\" alt=\"Casque Bose QuietComfort\" width=\"auto\" height=\"auto\" loading=\"lazy\">\n                                    <\/div>\n<\/p><\/div>\n<div class=\"order-3 flex grow flex-wrap md:hidden md:grow-0\">\n<div class=\"mt-4 w-full\">\n                        <button class=\"flex justify-center items-center w-full bg-brand-green text-white text-base font-sans font-medium rounded-md hover:bg-brand-green-700 hover:cursor-pointer md:text-sm h-11\"><\/p>\n<p>    Obtenez une offre<br \/>\n<\/button>\n                    <\/div>\n<div class=\"mx-2 mt-4 w-full\">\n<div class=\" font-sans leading-4 text-black\">\n<div class=\"flex flex-wrap items-center justify-center gap-1 md:justify-start\">\n        <span class=\"font-bold\"><\/p>\n<p>            199,00\u00a0$<br \/>\n                            <span class=\"font-medium\">chez Amazon<\/span><br \/>\n                    <\/span>\n            <\/div>\n<div class=\"flex items-center justify-center gap-x-1 font-bold md:justify-start\">\n            <span class=\"text-sm line-through\">359,00\u00a0$<\/span><br \/>\n            <span class=\"text-sm text-brand-green\">\u00c9conomisez 160,00\u00a0$<\/span>\n        <\/div>\n<\/p><\/div>\n<\/p><\/div>\n<\/p><\/div>\n<\/p><\/div>\n<\/div>\n<p>Ces \u00e9couteurs Bluetooth sans fil de Bose sont dot\u00e9s de coussinets d&rsquo;oreille moelleux qui les rendent parfaits pour un port \u00e0 long terme. Ils offrent une suppression automatique du bruit avec les modes \u00ab\u00a0Silencieux\u00a0\u00bb et \u00ab\u00a0Aware\u00a0\u00bb qui vous permettent de basculer entre le son isol\u00e9 et l&rsquo;\u00e9coute de votre environnement, tandis que l&rsquo;\u00e9galiseur r\u00e9glable vous permet d&rsquo;affiner le son \u00e0 votre guise. Ils dureront jusqu&rsquo;\u00e0 24 heures avec une seule charge, avec une charge rapide vous donnant environ 2,5 \u00e0 4 heures apr\u00e8s 15 minutes. Bien qu&rsquo;ils soient sans fil, ils sont \u00e9galement livr\u00e9s avec un c\u00e2ble audio pour une \u00e9coute filaire si la batterie est \u00e9puis\u00e9e. <\/p>\n<p>Selon cette \u00ab\u00a0excellente\u00a0\u00bb revue PCMag, les boutons de commande supra-auriculaires sont bien plac\u00e9s et faciles \u00e0 utiliser, et les \u00e9couteurs QuietComfort ont un \u00ab\u00a0audio riche et net\u00a0\u00bb et un ANC fantastique. Par rapport \u00e0 leurs pr\u00e9d\u00e9cesseurs, ils ont une signature sonore plus raffin\u00e9e mais n&rsquo;ont pas l&rsquo;audio immersif ni les sp\u00e9cifications Bluetooth mises \u00e0 jour des \u00e9couteurs Bose QuietComfort Ultra plus chers (ils sont compatibles avec Bluetooth 5.1 mais ne prennent pas en charge Bluetooth 5.3 et n&rsquo;utilisent pas la plate-forme sonore Snapdragon). Il leur manque \u00e9galement la conception supra-auriculaire et la charge plus rapide de l&rsquo;Ultra, mais le compromis est une diff\u00e9rence de prix de 130 $ et une construction plus l\u00e9g\u00e8re et plus conviviale pour les voyages.<\/p>\n<p>Si vous recherchez une paire d&rsquo;\u00e9couteurs supra-auriculaires confortables et l\u00e9gers avec de fortes performances ANC et que le manque de fonctionnalit\u00e9s \u00e9volutives telles que le codec haut de gamme et la prise en charge Bluetooth n&rsquo;est pas un probl\u00e8me, ces \u00e9couteurs Bose QuietComfort sont un choix fiable et un bon rapport qualit\u00e9-prix \u00e0 leur prix actuel de 199 $. <\/p>\n","protected":false},"excerpt":{"rendered":"<p>Batterie qui dure toute la journ\u00e9e et ANC premium avec une r\u00e9duction de 45 %. Si vous \u00eates \u00e0 la recherche d&rsquo;une nouvelle paire d&rsquo;\u00e9couteurs<\/p>\n","protected":false},"author":1,"featured_media":11091,"comment_status":"","ping_status":"","sticky":false,"template":"","format":"standard","meta":{"footnotes":""},"categories":[13],"tags":[700,2887,248,1537,851,958,1399,2888,18],"class_list":["post-11090","post","type-post","status-publish","format-standard","has-post-thumbnail","hentry","category-technologie","tag-bas","tag-bose","tag-ces","tag-ecouteurs","tag-jamais","tag-leur","tag-prix","tag-quietcomfort","tag-sont","generate-columns","tablet-grid-50","mobile-grid-100","grid-parent","grid-33"],"yoast_head":"<!-- This site is optimized with the Yoast SEO plugin v24.0 - https:\/\/yoast.com\/wordpress\/plugins\/seo\/ -->\n<title>Ces \u00e9couteurs Bose QuietComfort sont \u00e0 leur prix le plus bas jamais vu | Vie Associative<\/title>\n<meta name=\"robots\" content=\"index, follow, max-snippet:-1, max-image-preview:large, max-video-preview:-1\" \/>\n<link rel=\"canonical\" href=\"https:\/\/vieassociative.be\/actualites\/ces-ecouteurs-bose-quietcomfort-sont-a-leur-prix-le-plus-bas-jamais-vu\/\" \/>\n<meta property=\"og:locale\" content=\"fr_FR\" \/>\n<meta property=\"og:type\" content=\"article\" \/>\n<meta property=\"og:title\" content=\"Ces \u00e9couteurs Bose QuietComfort sont \u00e0 leur prix le plus bas jamais vu | Vie Associative\" \/>\n<meta property=\"og:description\" content=\"Batterie qui dure toute la journ\u00e9e et ANC premium avec une r\u00e9duction de 45 %. Si vous \u00eates \u00e0 la recherche d&rsquo;une nouvelle paire d&rsquo;\u00e9couteurs\" \/>\n<meta property=\"og:url\" content=\"https:\/\/vieassociative.be\/actualites\/ces-ecouteurs-bose-quietcomfort-sont-a-leur-prix-le-plus-bas-jamais-vu\/\" \/>\n<meta property=\"og:site_name\" content=\"Vie Associative\" \/>\n<meta property=\"article:published_time\" content=\"2025-11-04T07:17:33+00:00\" \/>\n<meta property=\"og:image\" content=\"https:\/\/vieassociative.be\/actualites\/wp-content\/uploads\/2025\/11\/Ces-ecouteurs-Bose-QuietComfort-sont-a-leur-prix-le-plus.jpg\" \/>\n<meta name=\"author\" content=\"Julien\" \/>\n<meta name=\"twitter:card\" content=\"summary_large_image\" \/>\n<meta name=\"twitter:label1\" content=\"\u00c9crit par\" \/>\n\t<meta name=\"twitter:data1\" content=\"Julien\" \/>\n\t<meta name=\"twitter:label2\" content=\"Dur\u00e9e de lecture est.\" \/>\n\t<meta name=\"twitter:data2\" content=\"2 minutes\" \/>\n<script type=\"application\/ld+json\" class=\"yoast-schema-graph\">{\"@context\":\"https:\/\/schema.org\",\"@graph\":[{\"@type\":\"Article\",\"@id\":\"https:\/\/vieassociative.be\/actualites\/ces-ecouteurs-bose-quietcomfort-sont-a-leur-prix-le-plus-bas-jamais-vu\/#article\",\"isPartOf\":{\"@id\":\"https:\/\/vieassociative.be\/actualites\/ces-ecouteurs-bose-quietcomfort-sont-a-leur-prix-le-plus-bas-jamais-vu\/\"},\"author\":{\"name\":\"Julien\",\"@id\":\"https:\/\/vieassociative.be\/actualites\/#\/schema\/person\/b87ac4f82f9d4e7b7cec7395b679edc4\"},\"headline\":\"Ces \u00e9couteurs Bose QuietComfort sont \u00e0 leur prix le plus bas jamais vu\",\"datePublished\":\"2025-11-04T07:17:33+00:00\",\"dateModified\":\"2025-11-04T07:17:33+00:00\",\"mainEntityOfPage\":{\"@id\":\"https:\/\/vieassociative.be\/actualites\/ces-ecouteurs-bose-quietcomfort-sont-a-leur-prix-le-plus-bas-jamais-vu\/\"},\"wordCount\":403,\"publisher\":{\"@id\":\"https:\/\/vieassociative.be\/actualites\/#organization\"},\"image\":{\"@id\":\"https:\/\/vieassociative.be\/actualites\/ces-ecouteurs-bose-quietcomfort-sont-a-leur-prix-le-plus-bas-jamais-vu\/#primaryimage\"},\"thumbnailUrl\":\"https:\/\/vieassociative.be\/actualites\/wp-content\/uploads\/2025\/11\/Ces-ecouteurs-Bose-QuietComfort-sont-a-leur-prix-le-plus.png\",\"keywords\":[\"bas\",\"Bose\",\"ces\",\"\u00e9couteurs\",\"jamais\",\"leur\",\"prix\",\"QuietComfort\",\"sont\"],\"articleSection\":[\"Technologie\"],\"inLanguage\":\"fr-BE\"},{\"@type\":\"WebPage\",\"@id\":\"https:\/\/vieassociative.be\/actualites\/ces-ecouteurs-bose-quietcomfort-sont-a-leur-prix-le-plus-bas-jamais-vu\/\",\"url\":\"https:\/\/vieassociative.be\/actualites\/ces-ecouteurs-bose-quietcomfort-sont-a-leur-prix-le-plus-bas-jamais-vu\/\",\"name\":\"Ces \u00e9couteurs Bose QuietComfort sont \u00e0 leur prix le plus bas jamais vu | Vie Associative\",\"isPartOf\":{\"@id\":\"https:\/\/vieassociative.be\/actualites\/#website\"},\"primaryImageOfPage\":{\"@id\":\"https:\/\/vieassociative.be\/actualites\/ces-ecouteurs-bose-quietcomfort-sont-a-leur-prix-le-plus-bas-jamais-vu\/#primaryimage\"},\"image\":{\"@id\":\"https:\/\/vieassociative.be\/actualites\/ces-ecouteurs-bose-quietcomfort-sont-a-leur-prix-le-plus-bas-jamais-vu\/#primaryimage\"},\"thumbnailUrl\":\"https:\/\/vieassociative.be\/actualites\/wp-content\/uploads\/2025\/11\/Ces-ecouteurs-Bose-QuietComfort-sont-a-leur-prix-le-plus.png\",\"datePublished\":\"2025-11-04T07:17:33+00:00\",\"dateModified\":\"2025-11-04T07:17:33+00:00\",\"breadcrumb\":{\"@id\":\"https:\/\/vieassociative.be\/actualites\/ces-ecouteurs-bose-quietcomfort-sont-a-leur-prix-le-plus-bas-jamais-vu\/#breadcrumb\"},\"inLanguage\":\"fr-BE\",\"potentialAction\":[{\"@type\":\"ReadAction\",\"target\":[\"https:\/\/vieassociative.be\/actualites\/ces-ecouteurs-bose-quietcomfort-sont-a-leur-prix-le-plus-bas-jamais-vu\/\"]}]},{\"@type\":\"ImageObject\",\"inLanguage\":\"fr-BE\",\"@id\":\"https:\/\/vieassociative.be\/actualites\/ces-ecouteurs-bose-quietcomfort-sont-a-leur-prix-le-plus-bas-jamais-vu\/#primaryimage\",\"url\":\"https:\/\/vieassociative.be\/actualites\/wp-content\/uploads\/2025\/11\/Ces-ecouteurs-Bose-QuietComfort-sont-a-leur-prix-le-plus.png\",\"contentUrl\":\"https:\/\/vieassociative.be\/actualites\/wp-content\/uploads\/2025\/11\/Ces-ecouteurs-Bose-QuietComfort-sont-a-leur-prix-le-plus.png\",\"width\":1200,\"height\":675,\"caption\":\"Ces \u00e9couteurs Bose QuietComfort sont \u00e0 leur prix le plus bas jamais vu\"},{\"@type\":\"BreadcrumbList\",\"@id\":\"https:\/\/vieassociative.be\/actualites\/ces-ecouteurs-bose-quietcomfort-sont-a-leur-prix-le-plus-bas-jamais-vu\/#breadcrumb\",\"itemListElement\":[{\"@type\":\"ListItem\",\"position\":1,\"name\":\"Accueil\",\"item\":\"https:\/\/vieassociative.be\/actualites\/\"},{\"@type\":\"ListItem\",\"position\":2,\"name\":\"Ces \u00e9couteurs Bose QuietComfort sont \u00e0 leur prix le plus bas jamais vu\"}]},{\"@type\":\"WebSite\",\"@id\":\"https:\/\/vieassociative.be\/actualites\/#website\",\"url\":\"https:\/\/vieassociative.be\/actualites\/\",\"name\":\"Vie Associative\",\"description\":\"\",\"publisher\":{\"@id\":\"https:\/\/vieassociative.be\/actualites\/#organization\"},\"potentialAction\":[{\"@type\":\"SearchAction\",\"target\":{\"@type\":\"EntryPoint\",\"urlTemplate\":\"https:\/\/vieassociative.be\/actualites\/?s={search_term_string}\"},\"query-input\":{\"@type\":\"PropertyValueSpecification\",\"valueRequired\":true,\"valueName\":\"search_term_string\"}}],\"inLanguage\":\"fr-BE\"},{\"@type\":\"Organization\",\"@id\":\"https:\/\/vieassociative.be\/actualites\/#organization\",\"name\":\"Vie Associative\",\"url\":\"https:\/\/vieassociative.be\/actualites\/\",\"logo\":{\"@type\":\"ImageObject\",\"inLanguage\":\"fr-BE\",\"@id\":\"https:\/\/vieassociative.be\/actualites\/#\/schema\/logo\/image\/\",\"url\":\"https:\/\/vieassociative.be\/actualites\/wp-content\/uploads\/2024\/09\/cropped-vieassociative_favicon.ico.png\",\"contentUrl\":\"https:\/\/vieassociative.be\/actualites\/wp-content\/uploads\/2024\/09\/cropped-vieassociative_favicon.ico.png\",\"width\":512,\"height\":512,\"caption\":\"Vie Associative\"},\"image\":{\"@id\":\"https:\/\/vieassociative.be\/actualites\/#\/schema\/logo\/image\/\"}},{\"@type\":\"Person\",\"@id\":\"https:\/\/vieassociative.be\/actualites\/#\/schema\/person\/b87ac4f82f9d4e7b7cec7395b679edc4\",\"name\":\"Julien\",\"image\":{\"@type\":\"ImageObject\",\"inLanguage\":\"fr-BE\",\"@id\":\"https:\/\/vieassociative.be\/actualites\/#\/schema\/person\/image\/\",\"url\":\"https:\/\/vieassociative.be\/actualites\/wp-content\/uploads\/2024\/09\/vie-associative-1-150x150.jpg\",\"contentUrl\":\"https:\/\/vieassociative.be\/actualites\/wp-content\/uploads\/2024\/09\/vie-associative-1-150x150.jpg\",\"caption\":\"Julien\"},\"description\":\"Je suis Julien, r\u00e9dacteur pour Vie Associative. Passionn\u00e9 par le monde associatif depuis plus de 10 ans, j'ai \u00e0 c\u0153ur de partager des histoires inspirantes et de mettre en lumi\u00e8re les initiatives locales. Mon objectif est de sensibiliser et d'encourager l'engagement communautaire \u00e0 travers mes articles.\",\"sameAs\":[\"https:\/\/vieassociative.be\/\"]}]}<\/script>\n<!-- \/ Yoast SEO plugin. -->","yoast_head_json":{"title":"Ces \u00e9couteurs Bose QuietComfort sont \u00e0 leur prix le plus bas jamais vu | Vie Associative","robots":{"index":"index","follow":"follow","max-snippet":"max-snippet:-1","max-image-preview":"max-image-preview:large","max-video-preview":"max-video-preview:-1"},"canonical":"https:\/\/vieassociative.be\/actualites\/ces-ecouteurs-bose-quietcomfort-sont-a-leur-prix-le-plus-bas-jamais-vu\/","og_locale":"fr_FR","og_type":"article","og_title":"Ces \u00e9couteurs Bose QuietComfort sont \u00e0 leur prix le plus bas jamais vu | Vie Associative","og_description":"Batterie qui dure toute la journ\u00e9e et ANC premium avec une r\u00e9duction de 45 %. Si vous \u00eates \u00e0 la recherche d&rsquo;une nouvelle paire d&rsquo;\u00e9couteurs","og_url":"https:\/\/vieassociative.be\/actualites\/ces-ecouteurs-bose-quietcomfort-sont-a-leur-prix-le-plus-bas-jamais-vu\/","og_site_name":"Vie Associative","article_published_time":"2025-11-04T07:17:33+00:00","og_image":[{"url":"https:\/\/vieassociative.be\/actualites\/wp-content\/uploads\/2025\/11\/Ces-ecouteurs-Bose-QuietComfort-sont-a-leur-prix-le-plus.jpg","type":"","width":"","height":""}],"author":"Julien","twitter_card":"summary_large_image","twitter_misc":{"\u00c9crit par":"Julien","Dur\u00e9e de lecture est.":"2 minutes"},"schema":{"@context":"https:\/\/schema.org","@graph":[{"@type":"Article","@id":"https:\/\/vieassociative.be\/actualites\/ces-ecouteurs-bose-quietcomfort-sont-a-leur-prix-le-plus-bas-jamais-vu\/#article","isPartOf":{"@id":"https:\/\/vieassociative.be\/actualites\/ces-ecouteurs-bose-quietcomfort-sont-a-leur-prix-le-plus-bas-jamais-vu\/"},"author":{"name":"Julien","@id":"https:\/\/vieassociative.be\/actualites\/#\/schema\/person\/b87ac4f82f9d4e7b7cec7395b679edc4"},"headline":"Ces \u00e9couteurs Bose QuietComfort sont \u00e0 leur prix le plus bas jamais vu","datePublished":"2025-11-04T07:17:33+00:00","dateModified":"2025-11-04T07:17:33+00:00","mainEntityOfPage":{"@id":"https:\/\/vieassociative.be\/actualites\/ces-ecouteurs-bose-quietcomfort-sont-a-leur-prix-le-plus-bas-jamais-vu\/"},"wordCount":403,"publisher":{"@id":"https:\/\/vieassociative.be\/actualites\/#organization"},"image":{"@id":"https:\/\/vieassociative.be\/actualites\/ces-ecouteurs-bose-quietcomfort-sont-a-leur-prix-le-plus-bas-jamais-vu\/#primaryimage"},"thumbnailUrl":"https:\/\/vieassociative.be\/actualites\/wp-content\/uploads\/2025\/11\/Ces-ecouteurs-Bose-QuietComfort-sont-a-leur-prix-le-plus.png","keywords":["bas","Bose","ces","\u00e9couteurs","jamais","leur","prix","QuietComfort","sont"],"articleSection":["Technologie"],"inLanguage":"fr-BE"},{"@type":"WebPage","@id":"https:\/\/vieassociative.be\/actualites\/ces-ecouteurs-bose-quietcomfort-sont-a-leur-prix-le-plus-bas-jamais-vu\/","url":"https:\/\/vieassociative.be\/actualites\/ces-ecouteurs-bose-quietcomfort-sont-a-leur-prix-le-plus-bas-jamais-vu\/","name":"Ces \u00e9couteurs Bose QuietComfort sont \u00e0 leur prix le plus bas jamais vu | Vie Associative","isPartOf":{"@id":"https:\/\/vieassociative.be\/actualites\/#website"},"primaryImageOfPage":{"@id":"https:\/\/vieassociative.be\/actualites\/ces-ecouteurs-bose-quietcomfort-sont-a-leur-prix-le-plus-bas-jamais-vu\/#primaryimage"},"image":{"@id":"https:\/\/vieassociative.be\/actualites\/ces-ecouteurs-bose-quietcomfort-sont-a-leur-prix-le-plus-bas-jamais-vu\/#primaryimage"},"thumbnailUrl":"https:\/\/vieassociative.be\/actualites\/wp-content\/uploads\/2025\/11\/Ces-ecouteurs-Bose-QuietComfort-sont-a-leur-prix-le-plus.png","datePublished":"2025-11-04T07:17:33+00:00","dateModified":"2025-11-04T07:17:33+00:00","breadcrumb":{"@id":"https:\/\/vieassociative.be\/actualites\/ces-ecouteurs-bose-quietcomfort-sont-a-leur-prix-le-plus-bas-jamais-vu\/#breadcrumb"},"inLanguage":"fr-BE","potentialAction":[{"@type":"ReadAction","target":["https:\/\/vieassociative.be\/actualites\/ces-ecouteurs-bose-quietcomfort-sont-a-leur-prix-le-plus-bas-jamais-vu\/"]}]},{"@type":"ImageObject","inLanguage":"fr-BE","@id":"https:\/\/vieassociative.be\/actualites\/ces-ecouteurs-bose-quietcomfort-sont-a-leur-prix-le-plus-bas-jamais-vu\/#primaryimage","url":"https:\/\/vieassociative.be\/actualites\/wp-content\/uploads\/2025\/11\/Ces-ecouteurs-Bose-QuietComfort-sont-a-leur-prix-le-plus.png","contentUrl":"https:\/\/vieassociative.be\/actualites\/wp-content\/uploads\/2025\/11\/Ces-ecouteurs-Bose-QuietComfort-sont-a-leur-prix-le-plus.png","width":1200,"height":675,"caption":"Ces \u00e9couteurs Bose QuietComfort sont \u00e0 leur prix le plus bas jamais vu"},{"@type":"BreadcrumbList","@id":"https:\/\/vieassociative.be\/actualites\/ces-ecouteurs-bose-quietcomfort-sont-a-leur-prix-le-plus-bas-jamais-vu\/#breadcrumb","itemListElement":[{"@type":"ListItem","position":1,"name":"Accueil","item":"https:\/\/vieassociative.be\/actualites\/"},{"@type":"ListItem","position":2,"name":"Ces \u00e9couteurs Bose QuietComfort sont \u00e0 leur prix le plus bas jamais vu"}]},{"@type":"WebSite","@id":"https:\/\/vieassociative.be\/actualites\/#website","url":"https:\/\/vieassociative.be\/actualites\/","name":"Vie Associative","description":"","publisher":{"@id":"https:\/\/vieassociative.be\/actualites\/#organization"},"potentialAction":[{"@type":"SearchAction","target":{"@type":"EntryPoint","urlTemplate":"https:\/\/vieassociative.be\/actualites\/?s={search_term_string}"},"query-input":{"@type":"PropertyValueSpecification","valueRequired":true,"valueName":"search_term_string"}}],"inLanguage":"fr-BE"},{"@type":"Organization","@id":"https:\/\/vieassociative.be\/actualites\/#organization","name":"Vie Associative","url":"https:\/\/vieassociative.be\/actualites\/","logo":{"@type":"ImageObject","inLanguage":"fr-BE","@id":"https:\/\/vieassociative.be\/actualites\/#\/schema\/logo\/image\/","url":"https:\/\/vieassociative.be\/actualites\/wp-content\/uploads\/2024\/09\/cropped-vieassociative_favicon.ico.png","contentUrl":"https:\/\/vieassociative.be\/actualites\/wp-content\/uploads\/2024\/09\/cropped-vieassociative_favicon.ico.png","width":512,"height":512,"caption":"Vie Associative"},"image":{"@id":"https:\/\/vieassociative.be\/actualites\/#\/schema\/logo\/image\/"}},{"@type":"Person","@id":"https:\/\/vieassociative.be\/actualites\/#\/schema\/person\/b87ac4f82f9d4e7b7cec7395b679edc4","name":"Julien","image":{"@type":"ImageObject","inLanguage":"fr-BE","@id":"https:\/\/vieassociative.be\/actualites\/#\/schema\/person\/image\/","url":"https:\/\/vieassociative.be\/actualites\/wp-content\/uploads\/2024\/09\/vie-associative-1-150x150.jpg","contentUrl":"https:\/\/vieassociative.be\/actualites\/wp-content\/uploads\/2024\/09\/vie-associative-1-150x150.jpg","caption":"Julien"},"description":"Je suis Julien, r\u00e9dacteur pour Vie Associative. Passionn\u00e9 par le monde associatif depuis plus de 10 ans, j'ai \u00e0 c\u0153ur de partager des histoires inspirantes et de mettre en lumi\u00e8re les initiatives locales. Mon objectif est de sensibiliser et d'encourager l'engagement communautaire \u00e0 travers mes articles.","sameAs":["https:\/\/vieassociative.be\/"]}]}},"_links":{"self":[{"href":"https:\/\/vieassociative.be\/actualites\/wp-json\/wp\/v2\/posts\/11090"}],"collection":[{"href":"https:\/\/vieassociative.be\/actualites\/wp-json\/wp\/v2\/posts"}],"about":[{"href":"https:\/\/vieassociative.be\/actualites\/wp-json\/wp\/v2\/types\/post"}],"author":[{"embeddable":true,"href":"https:\/\/vieassociative.be\/actualites\/wp-json\/wp\/v2\/users\/1"}],"replies":[{"embeddable":true,"href":"https:\/\/vieassociative.be\/actualites\/wp-json\/wp\/v2\/comments?post=11090"}],"version-history":[{"count":0,"href":"https:\/\/vieassociative.be\/actualites\/wp-json\/wp\/v2\/posts\/11090\/revisions"}],"wp:featuredmedia":[{"embeddable":true,"href":"https:\/\/vieassociative.be\/actualites\/wp-json\/wp\/v2\/media\/11091"}],"wp:attachment":[{"href":"https:\/\/vieassociative.be\/actualites\/wp-json\/wp\/v2\/media?parent=11090"}],"wp:term":[{"taxonomy":"category","embeddable":true,"href":"https:\/\/vieassociative.be\/actualites\/wp-json\/wp\/v2\/categories?post=11090"},{"taxonomy":"post_tag","embeddable":true,"href":"https:\/\/vieassociative.be\/actualites\/wp-json\/wp\/v2\/tags?post=11090"}],"curies":[{"name":"wp","href":"https:\/\/api.w.org\/{rel}","templated":true}]}}