{"id":11086,"date":"2025-11-04T03:17:56","date_gmt":"2025-11-04T02:17:56","guid":{"rendered":"https:\/\/vieassociative.be\/actualites\/ville-deupen-a-propos-des-frelons-asiatiques-lautomne-fait-decouvrir-de-nouveaux-nids\/"},"modified":"2025-11-04T03:17:56","modified_gmt":"2025-11-04T02:17:56","slug":"ville-deupen-a-propos-des-frelons-asiatiques-lautomne-fait-decouvrir-de-nouveaux-nids","status":"publish","type":"post","link":"https:\/\/vieassociative.be\/actualites\/ville-deupen-a-propos-des-frelons-asiatiques-lautomne-fait-decouvrir-de-nouveaux-nids\/","title":{"rendered":"Ville d&rsquo;Eupen \u00e0 propos des frelons asiatiques : l&rsquo;automne fait d\u00e9couvrir de nouveaux nids"},"content":{"rendered":"<p><strong>Ces derni\u00e8res semaines, des nids secondaires de frelons asiatiques ont \u00e9t\u00e9 de plus en plus observ\u00e9s \u00e0 Eupen. Les nids secondaires, construits en \u00e9t\u00e9 \u00e0 des hauteurs consid\u00e9rables, par exemple \u00e0 la cime des arbres, sont d\u00e9sormais visibles \u00e0 travers la chute des feuilles.<\/strong><\/p>\n<p><span id=\"more-428803\"><\/span>Bien que ces nids semblent impressionnants, ils ne repr\u00e9sentent g\u00e9n\u00e9ralement plus un danger imm\u00e9diat \u00e0 l&rsquo;automne, selon la ville d&rsquo;Eupen dans un communiqu\u00e9.<\/p>\n<div id=\"attachment_428807\" class=\"wp-caption alignleft\" style=\"max-width: 300px\"><img fetchpriority=\"high\" decoding=\"async\" class=\"wp-image-428807 size-medium\" src=\"https:\/\/vieassociative.be\/actualites\/wp-content\/uploads\/2025\/11\/Ville-dEupen-a-propos-des-frelons-asiatiques-lautomne-fait.jpg\" alt=\"\" width=\"300\" height=\"200\"  ><\/div>\n<p>\u00ab\u00a0Les jeunes reines ont d\u00e9j\u00e0 quitt\u00e9 le nid et hivernent dans des endroits prot\u00e9g\u00e9s. Les frelons restant dans le nid sont peu actifs et meurent lorsque les temp\u00e9ratures baissent. Les nids secondaires ne sont pas r\u00e9install\u00e9s l&rsquo;\u00e9t\u00e9 suivant et s&rsquo;effondrent tout seuls au cours de l&rsquo;hiver. La suppression des nids secondaires n&rsquo;a de sens qu&rsquo;en cas de danger aigu. Les frelons asiatiques sont une esp\u00e8ce envahissante qui constitue une menace s\u00e9rieuse pour la biodiversit\u00e9 indig\u00e8ne, en particulier pour les abeilles sauvages et domestiques. La d\u00e9tection pr\u00e9coce et l&rsquo;\u00e9limination des nids dits primaires. \u00e0 basse altitude, qui surviennent surtout au printemps, est cruciale pour freiner la propagation du frelon asiatique, a-t-elle d\u00e9clar\u00e9.<\/p>\n<p><em>Pour plus d&rsquo;informations sur l&rsquo;identification et l&rsquo;\u00e9limination des nids, ainsi qu&rsquo;un aper\u00e7u des contr\u00f4leurs antiparasitaires agr\u00e9\u00e9s, voir <u>https:\/\/www.cra.wallonie.be\/fr\/carte-des-operateurs-frelon-asiatique<\/u><\/em><\/p>\n","protected":false},"excerpt":{"rendered":"<p>Ces derni\u00e8res semaines, des nids secondaires de frelons asiatiques ont \u00e9t\u00e9 de plus en plus observ\u00e9s \u00e0 Eupen. Les nids secondaires, construits en \u00e9t\u00e9 \u00e0<\/p>\n","protected":false},"author":1,"featured_media":11087,"comment_status":"","ping_status":"","sticky":false,"template":"","format":"standard","meta":{"footnotes":""},"categories":[298],"tags":[5166,7952,29,2403,635,9136,7905,9137,2052,1496,684],"class_list":["post-11086","post","type-post","status-publish","format-standard","has-post-thumbnail","hentry","category-belgique","tag-asiatiques","tag-decouvrir","tag-des","tag-deupen","tag-fait","tag-frelons","tag-lautomne","tag-nids","tag-nouveaux","tag-propos","tag-ville","generate-columns","tablet-grid-50","mobile-grid-100","grid-parent","grid-33"],"yoast_head":"<!-- This site is optimized with the Yoast SEO plugin v24.0 - https:\/\/yoast.com\/wordpress\/plugins\/seo\/ -->\n<title>Ville d&#039;Eupen \u00e0 propos des frelons asiatiques : l&#039;automne fait d\u00e9couvrir de nouveaux nids | Vie Associative<\/title>\n<meta name=\"robots\" content=\"index, follow, max-snippet:-1, max-image-preview:large, max-video-preview:-1\" \/>\n<link rel=\"canonical\" href=\"https:\/\/vieassociative.be\/actualites\/ville-deupen-a-propos-des-frelons-asiatiques-lautomne-fait-decouvrir-de-nouveaux-nids\/\" \/>\n<meta property=\"og:locale\" content=\"fr_FR\" \/>\n<meta property=\"og:type\" content=\"article\" \/>\n<meta property=\"og:title\" content=\"Ville d&#039;Eupen \u00e0 propos des frelons asiatiques : l&#039;automne fait d\u00e9couvrir de nouveaux nids | Vie Associative\" \/>\n<meta property=\"og:description\" content=\"Ces derni\u00e8res semaines, des nids secondaires de frelons asiatiques ont \u00e9t\u00e9 de plus en plus observ\u00e9s \u00e0 Eupen. Les nids secondaires, construits en \u00e9t\u00e9 \u00e0\" \/>\n<meta property=\"og:url\" content=\"https:\/\/vieassociative.be\/actualites\/ville-deupen-a-propos-des-frelons-asiatiques-lautomne-fait-decouvrir-de-nouveaux-nids\/\" \/>\n<meta property=\"og:site_name\" content=\"Vie Associative\" \/>\n<meta property=\"article:published_time\" content=\"2025-11-04T02:17:56+00:00\" \/>\n<meta property=\"og:image\" content=\"https:\/\/vieassociative.be\/actualites\/wp-content\/uploads\/2024\/09\/header_backgroundk-01-e1726694325946.png\" \/>\n\t<meta property=\"og:image:width\" content=\"279\" \/>\n\t<meta property=\"og:image:height\" content=\"92\" \/>\n\t<meta property=\"og:image:type\" content=\"image\/png\" \/>\n<meta name=\"author\" content=\"Julien\" \/>\n<meta name=\"twitter:card\" content=\"summary_large_image\" \/>\n<meta name=\"twitter:label1\" content=\"\u00c9crit par\" \/>\n\t<meta name=\"twitter:data1\" content=\"Julien\" \/>\n\t<meta name=\"twitter:label2\" content=\"Dur\u00e9e de lecture est.\" \/>\n\t<meta name=\"twitter:data2\" content=\"1 minute\" \/>\n<script type=\"application\/ld+json\" class=\"yoast-schema-graph\">{\"@context\":\"https:\/\/schema.org\",\"@graph\":[{\"@type\":\"Article\",\"@id\":\"https:\/\/vieassociative.be\/actualites\/ville-deupen-a-propos-des-frelons-asiatiques-lautomne-fait-decouvrir-de-nouveaux-nids\/#article\",\"isPartOf\":{\"@id\":\"https:\/\/vieassociative.be\/actualites\/ville-deupen-a-propos-des-frelons-asiatiques-lautomne-fait-decouvrir-de-nouveaux-nids\/\"},\"author\":{\"name\":\"Julien\",\"@id\":\"https:\/\/vieassociative.be\/actualites\/#\/schema\/person\/b87ac4f82f9d4e7b7cec7395b679edc4\"},\"headline\":\"Ville d&rsquo;Eupen \u00e0 propos des frelons asiatiques : l&rsquo;automne fait d\u00e9couvrir de nouveaux nids\",\"datePublished\":\"2025-11-04T02:17:56+00:00\",\"dateModified\":\"2025-11-04T02:17:56+00:00\",\"mainEntityOfPage\":{\"@id\":\"https:\/\/vieassociative.be\/actualites\/ville-deupen-a-propos-des-frelons-asiatiques-lautomne-fait-decouvrir-de-nouveaux-nids\/\"},\"wordCount\":246,\"publisher\":{\"@id\":\"https:\/\/vieassociative.be\/actualites\/#organization\"},\"image\":{\"@id\":\"https:\/\/vieassociative.be\/actualites\/ville-deupen-a-propos-des-frelons-asiatiques-lautomne-fait-decouvrir-de-nouveaux-nids\/#primaryimage\"},\"thumbnailUrl\":\"https:\/\/vieassociative.be\/actualites\/wp-content\/uploads\/2025\/11\/1762222677_Ville-dEupen-a-propos-des-frelons-asiatiques-lautomne-fait.jpg\",\"keywords\":[\"asiatiques\",\"d\u00e9couvrir\",\"Des\",\"dEupen\",\"fait\",\"frelons\",\"lautomne\",\"nids\",\"nouveaux\",\"propos\",\"ville\"],\"articleSection\":[\"Belgique\"],\"inLanguage\":\"fr-BE\"},{\"@type\":\"WebPage\",\"@id\":\"https:\/\/vieassociative.be\/actualites\/ville-deupen-a-propos-des-frelons-asiatiques-lautomne-fait-decouvrir-de-nouveaux-nids\/\",\"url\":\"https:\/\/vieassociative.be\/actualites\/ville-deupen-a-propos-des-frelons-asiatiques-lautomne-fait-decouvrir-de-nouveaux-nids\/\",\"name\":\"Ville d'Eupen \u00e0 propos des frelons asiatiques : l'automne fait d\u00e9couvrir de nouveaux nids | Vie Associative\",\"isPartOf\":{\"@id\":\"https:\/\/vieassociative.be\/actualites\/#website\"},\"primaryImageOfPage\":{\"@id\":\"https:\/\/vieassociative.be\/actualites\/ville-deupen-a-propos-des-frelons-asiatiques-lautomne-fait-decouvrir-de-nouveaux-nids\/#primaryimage\"},\"image\":{\"@id\":\"https:\/\/vieassociative.be\/actualites\/ville-deupen-a-propos-des-frelons-asiatiques-lautomne-fait-decouvrir-de-nouveaux-nids\/#primaryimage\"},\"thumbnailUrl\":\"https:\/\/vieassociative.be\/actualites\/wp-content\/uploads\/2025\/11\/1762222677_Ville-dEupen-a-propos-des-frelons-asiatiques-lautomne-fait.jpg\",\"datePublished\":\"2025-11-04T02:17:56+00:00\",\"dateModified\":\"2025-11-04T02:17:56+00:00\",\"breadcrumb\":{\"@id\":\"https:\/\/vieassociative.be\/actualites\/ville-deupen-a-propos-des-frelons-asiatiques-lautomne-fait-decouvrir-de-nouveaux-nids\/#breadcrumb\"},\"inLanguage\":\"fr-BE\",\"potentialAction\":[{\"@type\":\"ReadAction\",\"target\":[\"https:\/\/vieassociative.be\/actualites\/ville-deupen-a-propos-des-frelons-asiatiques-lautomne-fait-decouvrir-de-nouveaux-nids\/\"]}]},{\"@type\":\"ImageObject\",\"inLanguage\":\"fr-BE\",\"@id\":\"https:\/\/vieassociative.be\/actualites\/ville-deupen-a-propos-des-frelons-asiatiques-lautomne-fait-decouvrir-de-nouveaux-nids\/#primaryimage\",\"url\":\"https:\/\/vieassociative.be\/actualites\/wp-content\/uploads\/2025\/11\/1762222677_Ville-dEupen-a-propos-des-frelons-asiatiques-lautomne-fait.jpg\",\"contentUrl\":\"https:\/\/vieassociative.be\/actualites\/wp-content\/uploads\/2025\/11\/1762222677_Ville-dEupen-a-propos-des-frelons-asiatiques-lautomne-fait.jpg\",\"width\":1200,\"height\":819,\"caption\":\"Ville d'Eupen \u00e0 propos des frelons asiatiques : l'automne fait d\u00e9couvrir de nouveaux nids\"},{\"@type\":\"BreadcrumbList\",\"@id\":\"https:\/\/vieassociative.be\/actualites\/ville-deupen-a-propos-des-frelons-asiatiques-lautomne-fait-decouvrir-de-nouveaux-nids\/#breadcrumb\",\"itemListElement\":[{\"@type\":\"ListItem\",\"position\":1,\"name\":\"Accueil\",\"item\":\"https:\/\/vieassociative.be\/actualites\/\"},{\"@type\":\"ListItem\",\"position\":2,\"name\":\"Ville d&rsquo;Eupen \u00e0 propos des frelons asiatiques : l&rsquo;automne fait d\u00e9couvrir de nouveaux nids\"}]},{\"@type\":\"WebSite\",\"@id\":\"https:\/\/vieassociative.be\/actualites\/#website\",\"url\":\"https:\/\/vieassociative.be\/actualites\/\",\"name\":\"Vie Associative\",\"description\":\"\",\"publisher\":{\"@id\":\"https:\/\/vieassociative.be\/actualites\/#organization\"},\"potentialAction\":[{\"@type\":\"SearchAction\",\"target\":{\"@type\":\"EntryPoint\",\"urlTemplate\":\"https:\/\/vieassociative.be\/actualites\/?s={search_term_string}\"},\"query-input\":{\"@type\":\"PropertyValueSpecification\",\"valueRequired\":true,\"valueName\":\"search_term_string\"}}],\"inLanguage\":\"fr-BE\"},{\"@type\":\"Organization\",\"@id\":\"https:\/\/vieassociative.be\/actualites\/#organization\",\"name\":\"Vie Associative\",\"url\":\"https:\/\/vieassociative.be\/actualites\/\",\"logo\":{\"@type\":\"ImageObject\",\"inLanguage\":\"fr-BE\",\"@id\":\"https:\/\/vieassociative.be\/actualites\/#\/schema\/logo\/image\/\",\"url\":\"https:\/\/vieassociative.be\/actualites\/wp-content\/uploads\/2024\/09\/cropped-vieassociative_favicon.ico.png\",\"contentUrl\":\"https:\/\/vieassociative.be\/actualites\/wp-content\/uploads\/2024\/09\/cropped-vieassociative_favicon.ico.png\",\"width\":512,\"height\":512,\"caption\":\"Vie Associative\"},\"image\":{\"@id\":\"https:\/\/vieassociative.be\/actualites\/#\/schema\/logo\/image\/\"}},{\"@type\":\"Person\",\"@id\":\"https:\/\/vieassociative.be\/actualites\/#\/schema\/person\/b87ac4f82f9d4e7b7cec7395b679edc4\",\"name\":\"Julien\",\"image\":{\"@type\":\"ImageObject\",\"inLanguage\":\"fr-BE\",\"@id\":\"https:\/\/vieassociative.be\/actualites\/#\/schema\/person\/image\/\",\"url\":\"https:\/\/vieassociative.be\/actualites\/wp-content\/uploads\/2024\/09\/vie-associative-1-150x150.jpg\",\"contentUrl\":\"https:\/\/vieassociative.be\/actualites\/wp-content\/uploads\/2024\/09\/vie-associative-1-150x150.jpg\",\"caption\":\"Julien\"},\"description\":\"Je suis Julien, r\u00e9dacteur pour Vie Associative. Passionn\u00e9 par le monde associatif depuis plus de 10 ans, j'ai \u00e0 c\u0153ur de partager des histoires inspirantes et de mettre en lumi\u00e8re les initiatives locales. Mon objectif est de sensibiliser et d'encourager l'engagement communautaire \u00e0 travers mes articles.\",\"sameAs\":[\"https:\/\/vieassociative.be\/\"]}]}<\/script>\n<!-- \/ Yoast SEO plugin. -->","yoast_head_json":{"title":"Ville d'Eupen \u00e0 propos des frelons asiatiques : l'automne fait d\u00e9couvrir de nouveaux nids | Vie Associative","robots":{"index":"index","follow":"follow","max-snippet":"max-snippet:-1","max-image-preview":"max-image-preview:large","max-video-preview":"max-video-preview:-1"},"canonical":"https:\/\/vieassociative.be\/actualites\/ville-deupen-a-propos-des-frelons-asiatiques-lautomne-fait-decouvrir-de-nouveaux-nids\/","og_locale":"fr_FR","og_type":"article","og_title":"Ville d'Eupen \u00e0 propos des frelons asiatiques : l'automne fait d\u00e9couvrir de nouveaux nids | Vie Associative","og_description":"Ces derni\u00e8res semaines, des nids secondaires de frelons asiatiques ont \u00e9t\u00e9 de plus en plus observ\u00e9s \u00e0 Eupen. Les nids secondaires, construits en \u00e9t\u00e9 \u00e0","og_url":"https:\/\/vieassociative.be\/actualites\/ville-deupen-a-propos-des-frelons-asiatiques-lautomne-fait-decouvrir-de-nouveaux-nids\/","og_site_name":"Vie Associative","article_published_time":"2025-11-04T02:17:56+00:00","og_image":[{"width":279,"height":92,"url":"https:\/\/vieassociative.be\/actualites\/wp-content\/uploads\/2024\/09\/header_backgroundk-01-e1726694325946.png","type":"image\/png"}],"author":"Julien","twitter_card":"summary_large_image","twitter_misc":{"\u00c9crit par":"Julien","Dur\u00e9e de lecture est.":"1 minute"},"schema":{"@context":"https:\/\/schema.org","@graph":[{"@type":"Article","@id":"https:\/\/vieassociative.be\/actualites\/ville-deupen-a-propos-des-frelons-asiatiques-lautomne-fait-decouvrir-de-nouveaux-nids\/#article","isPartOf":{"@id":"https:\/\/vieassociative.be\/actualites\/ville-deupen-a-propos-des-frelons-asiatiques-lautomne-fait-decouvrir-de-nouveaux-nids\/"},"author":{"name":"Julien","@id":"https:\/\/vieassociative.be\/actualites\/#\/schema\/person\/b87ac4f82f9d4e7b7cec7395b679edc4"},"headline":"Ville d&rsquo;Eupen \u00e0 propos des frelons asiatiques : l&rsquo;automne fait d\u00e9couvrir de nouveaux nids","datePublished":"2025-11-04T02:17:56+00:00","dateModified":"2025-11-04T02:17:56+00:00","mainEntityOfPage":{"@id":"https:\/\/vieassociative.be\/actualites\/ville-deupen-a-propos-des-frelons-asiatiques-lautomne-fait-decouvrir-de-nouveaux-nids\/"},"wordCount":246,"publisher":{"@id":"https:\/\/vieassociative.be\/actualites\/#organization"},"image":{"@id":"https:\/\/vieassociative.be\/actualites\/ville-deupen-a-propos-des-frelons-asiatiques-lautomne-fait-decouvrir-de-nouveaux-nids\/#primaryimage"},"thumbnailUrl":"https:\/\/vieassociative.be\/actualites\/wp-content\/uploads\/2025\/11\/1762222677_Ville-dEupen-a-propos-des-frelons-asiatiques-lautomne-fait.jpg","keywords":["asiatiques","d\u00e9couvrir","Des","dEupen","fait","frelons","lautomne","nids","nouveaux","propos","ville"],"articleSection":["Belgique"],"inLanguage":"fr-BE"},{"@type":"WebPage","@id":"https:\/\/vieassociative.be\/actualites\/ville-deupen-a-propos-des-frelons-asiatiques-lautomne-fait-decouvrir-de-nouveaux-nids\/","url":"https:\/\/vieassociative.be\/actualites\/ville-deupen-a-propos-des-frelons-asiatiques-lautomne-fait-decouvrir-de-nouveaux-nids\/","name":"Ville d'Eupen \u00e0 propos des frelons asiatiques : l'automne fait d\u00e9couvrir de nouveaux nids | Vie Associative","isPartOf":{"@id":"https:\/\/vieassociative.be\/actualites\/#website"},"primaryImageOfPage":{"@id":"https:\/\/vieassociative.be\/actualites\/ville-deupen-a-propos-des-frelons-asiatiques-lautomne-fait-decouvrir-de-nouveaux-nids\/#primaryimage"},"image":{"@id":"https:\/\/vieassociative.be\/actualites\/ville-deupen-a-propos-des-frelons-asiatiques-lautomne-fait-decouvrir-de-nouveaux-nids\/#primaryimage"},"thumbnailUrl":"https:\/\/vieassociative.be\/actualites\/wp-content\/uploads\/2025\/11\/1762222677_Ville-dEupen-a-propos-des-frelons-asiatiques-lautomne-fait.jpg","datePublished":"2025-11-04T02:17:56+00:00","dateModified":"2025-11-04T02:17:56+00:00","breadcrumb":{"@id":"https:\/\/vieassociative.be\/actualites\/ville-deupen-a-propos-des-frelons-asiatiques-lautomne-fait-decouvrir-de-nouveaux-nids\/#breadcrumb"},"inLanguage":"fr-BE","potentialAction":[{"@type":"ReadAction","target":["https:\/\/vieassociative.be\/actualites\/ville-deupen-a-propos-des-frelons-asiatiques-lautomne-fait-decouvrir-de-nouveaux-nids\/"]}]},{"@type":"ImageObject","inLanguage":"fr-BE","@id":"https:\/\/vieassociative.be\/actualites\/ville-deupen-a-propos-des-frelons-asiatiques-lautomne-fait-decouvrir-de-nouveaux-nids\/#primaryimage","url":"https:\/\/vieassociative.be\/actualites\/wp-content\/uploads\/2025\/11\/1762222677_Ville-dEupen-a-propos-des-frelons-asiatiques-lautomne-fait.jpg","contentUrl":"https:\/\/vieassociative.be\/actualites\/wp-content\/uploads\/2025\/11\/1762222677_Ville-dEupen-a-propos-des-frelons-asiatiques-lautomne-fait.jpg","width":1200,"height":819,"caption":"Ville d'Eupen \u00e0 propos des frelons asiatiques : l'automne fait d\u00e9couvrir de nouveaux nids"},{"@type":"BreadcrumbList","@id":"https:\/\/vieassociative.be\/actualites\/ville-deupen-a-propos-des-frelons-asiatiques-lautomne-fait-decouvrir-de-nouveaux-nids\/#breadcrumb","itemListElement":[{"@type":"ListItem","position":1,"name":"Accueil","item":"https:\/\/vieassociative.be\/actualites\/"},{"@type":"ListItem","position":2,"name":"Ville d&rsquo;Eupen \u00e0 propos des frelons asiatiques : l&rsquo;automne fait d\u00e9couvrir de nouveaux nids"}]},{"@type":"WebSite","@id":"https:\/\/vieassociative.be\/actualites\/#website","url":"https:\/\/vieassociative.be\/actualites\/","name":"Vie Associative","description":"","publisher":{"@id":"https:\/\/vieassociative.be\/actualites\/#organization"},"potentialAction":[{"@type":"SearchAction","target":{"@type":"EntryPoint","urlTemplate":"https:\/\/vieassociative.be\/actualites\/?s={search_term_string}"},"query-input":{"@type":"PropertyValueSpecification","valueRequired":true,"valueName":"search_term_string"}}],"inLanguage":"fr-BE"},{"@type":"Organization","@id":"https:\/\/vieassociative.be\/actualites\/#organization","name":"Vie Associative","url":"https:\/\/vieassociative.be\/actualites\/","logo":{"@type":"ImageObject","inLanguage":"fr-BE","@id":"https:\/\/vieassociative.be\/actualites\/#\/schema\/logo\/image\/","url":"https:\/\/vieassociative.be\/actualites\/wp-content\/uploads\/2024\/09\/cropped-vieassociative_favicon.ico.png","contentUrl":"https:\/\/vieassociative.be\/actualites\/wp-content\/uploads\/2024\/09\/cropped-vieassociative_favicon.ico.png","width":512,"height":512,"caption":"Vie Associative"},"image":{"@id":"https:\/\/vieassociative.be\/actualites\/#\/schema\/logo\/image\/"}},{"@type":"Person","@id":"https:\/\/vieassociative.be\/actualites\/#\/schema\/person\/b87ac4f82f9d4e7b7cec7395b679edc4","name":"Julien","image":{"@type":"ImageObject","inLanguage":"fr-BE","@id":"https:\/\/vieassociative.be\/actualites\/#\/schema\/person\/image\/","url":"https:\/\/vieassociative.be\/actualites\/wp-content\/uploads\/2024\/09\/vie-associative-1-150x150.jpg","contentUrl":"https:\/\/vieassociative.be\/actualites\/wp-content\/uploads\/2024\/09\/vie-associative-1-150x150.jpg","caption":"Julien"},"description":"Je suis Julien, r\u00e9dacteur pour Vie Associative. Passionn\u00e9 par le monde associatif depuis plus de 10 ans, j'ai \u00e0 c\u0153ur de partager des histoires inspirantes et de mettre en lumi\u00e8re les initiatives locales. Mon objectif est de sensibiliser et d'encourager l'engagement communautaire \u00e0 travers mes articles.","sameAs":["https:\/\/vieassociative.be\/"]}]}},"_links":{"self":[{"href":"https:\/\/vieassociative.be\/actualites\/wp-json\/wp\/v2\/posts\/11086"}],"collection":[{"href":"https:\/\/vieassociative.be\/actualites\/wp-json\/wp\/v2\/posts"}],"about":[{"href":"https:\/\/vieassociative.be\/actualites\/wp-json\/wp\/v2\/types\/post"}],"author":[{"embeddable":true,"href":"https:\/\/vieassociative.be\/actualites\/wp-json\/wp\/v2\/users\/1"}],"replies":[{"embeddable":true,"href":"https:\/\/vieassociative.be\/actualites\/wp-json\/wp\/v2\/comments?post=11086"}],"version-history":[{"count":0,"href":"https:\/\/vieassociative.be\/actualites\/wp-json\/wp\/v2\/posts\/11086\/revisions"}],"wp:featuredmedia":[{"embeddable":true,"href":"https:\/\/vieassociative.be\/actualites\/wp-json\/wp\/v2\/media\/11087"}],"wp:attachment":[{"href":"https:\/\/vieassociative.be\/actualites\/wp-json\/wp\/v2\/media?parent=11086"}],"wp:term":[{"taxonomy":"category","embeddable":true,"href":"https:\/\/vieassociative.be\/actualites\/wp-json\/wp\/v2\/categories?post=11086"},{"taxonomy":"post_tag","embeddable":true,"href":"https:\/\/vieassociative.be\/actualites\/wp-json\/wp\/v2\/tags?post=11086"}],"curies":[{"name":"wp","href":"https:\/\/api.w.org\/{rel}","templated":true}]}}