{"id":11082,"date":"2025-11-04T01:17:14","date_gmt":"2025-11-04T00:17:14","guid":{"rendered":"https:\/\/vieassociative.be\/actualites\/verifiez-si-vous-etes-eligible-a-ce-credit-youtube-tv-de-60\/"},"modified":"2025-11-04T01:17:14","modified_gmt":"2025-11-04T00:17:14","slug":"verifiez-si-vous-etes-eligible-a-ce-credit-youtube-tv-de-60","status":"publish","type":"post","link":"https:\/\/vieassociative.be\/actualites\/verifiez-si-vous-etes-eligible-a-ce-credit-youtube-tv-de-60\/","title":{"rendered":"V\u00e9rifiez si vous \u00eates \u00e9ligible \u00e0 ce cr\u00e9dit YouTube TV de 60\u00a0$"},"content":{"rendered":"<div class=\"mt-4 leading-6 md:mb-8\">Certains utilisateurs d\u00e9clarent pouvoir profiter de leurs \u00e9conomies sur leurs six prochains mois d&rsquo;utilisation de YouTube TV.<\/div>\n<p><\/p>\n<p>Cela fait quatre jours que les cha\u00eenes Disney ont disparu de YouTube TV, et certains abonn\u00e9s re\u00e7oivent une surprise cach\u00e9e dans les param\u00e8tres de leur compte : sur Reddit, il y a des rapports selon lesquels certains utilisateurs peuvent r\u00e9clamer des cr\u00e9dits de 10 $ sur leurs six prochaines factures mensuelles, bien qu&rsquo;il ne soit pas tout \u00e0 fait clair si cela est destin\u00e9 \u00e0 compenser les probl\u00e8mes Disney du streamer.<\/p>\n<p>Le cr\u00e9dit ne semble pas appara\u00eetre pour tout le monde, mais a \u00e9t\u00e9 r\u00e9cup\u00e9r\u00e9 par les abonn\u00e9s YouTube TV sur Tom&rsquo;s Guide. Google n&rsquo;a pas encore fait d&rsquo;annonce sur le cr\u00e9dit, et d&rsquo;apr\u00e8s une publication sur le compte YouTube X, il semble \u00eatre enti\u00e8rement distinct du cr\u00e9dit de 20 $ que la soci\u00e9t\u00e9 avait pr\u00e9c\u00e9demment promis aux abonn\u00e9s si les cha\u00eenes Disney restaient hors YouTube TV pendant une p\u00e9riode prolong\u00e9e. (Ce cr\u00e9dit particulier est apparemment toujours en attente, YouTube disant aux abonn\u00e9s de s&rsquo;attendre \u00e0 \u00ab\u00a0un e-mail contenant plus de d\u00e9tails dans les prochains jours.\u00a0\u00bb)<\/p>\n<p>Il est possible que le cr\u00e9dit de 10 $ n&rsquo;ait aucun rapport avec la d\u00e9b\u00e2cle de Disney, bien que le timing soit suspect, et ce n&rsquo;est pas la premi\u00e8re fois qu&rsquo;un myst\u00e9rieux cr\u00e9dit appara\u00eet pour les abonn\u00e9s de YouTube TV apr\u00e8s une controverse publique \u2013 l&rsquo;\u00e9crivain de 9to5Google, Ben Schoon, a \u00e9crit sur la r\u00e9clamation d&rsquo;un cr\u00e9dit similaire en juin, apr\u00e8s que YouTube TV ait augment\u00e9 ses prix.<\/p>\n<div class=\"mx-auto mb-12 mt-5 w-full max-w-3xl rounded-md border-2 border-gray-100 p-3 shadow-md md:px-7 md:pb-7 md:pt-5\" id=\"related-video\">\n<div class=\"mb-3 flex items-center md:mb-5\">\n        <img decoding=\"async\" class=\"mr-4 mt-0 h-10 w-10 md:mr-5 md:h-12 md:w-12\" src=\"https:\/\/vieassociative.be\/actualites\/wp-content\/uploads\/2025\/09\/1757726237_608_Meta-pourrait-devoiler-une-montre-intelligente-pour-controler-ses-lunettes.jpg\" alt=\"Logo du pirate de la vie\"><\/p><\/div>\n<div class=\"aspect-video w-full overflow-hidden rounded-md\">\n<div id=\"video-container-01K962VNC4VMJN79ZR263X38VE\"><\/div>\n<\/p><\/div>\n<\/div>\n<p>Quelles que soient les raisons, voici comment v\u00e9rifier si vous \u00eates \u00e9ligible au nouveau cr\u00e9dit YouTube TV de 10 $ sur votre propre compte et comment le r\u00e9clamer sur vos six prochaines factures (une \u00e9conomie totale de 60 $).<\/p>\n<h2 id=\"how-to-claim-youtube-tvs-new-10-credit\">Comment r\u00e9clamer le nouveau cr\u00e9dit de 10 $ de YouTube TV<\/h2>\n<p>Selon les utilisateurs de Reddit ainsi que les rapports de Schoon sur la derni\u00e8re fois que cela s&rsquo;est produit, vous ne pouvez r\u00e9clamer le cr\u00e9dit que via un navigateur Web sur un ordinateur de bureau ou portable, ce qui pourrait expliquer pourquoi certains utilisateurs ne le voient pas. <\/p>\n<p>\u00c0 l&rsquo;aide dudit navigateur de bureau, connectez-vous \u00e0 votre compte YouTube TV, cliquez sur votre photo de profil dans le coin sup\u00e9rieur droit, puis cliquez sur <strong>Param\u00e8tres<\/strong>. Cliquez sur <strong>Adh\u00e9sion<\/strong>et enfin <strong>G\u00e9rer<\/strong>. Si vous \u00eates \u00e9ligible \u00e0 la r\u00e9duction, vous le verrez ici. Cliquez <strong>Racheter<\/strong> pour le r\u00e9clamer.<\/p>\n<p>Notez, encore une fois, que m\u00eame lorsque vous suivez ces \u00e9tapes, vous ne verrez peut-\u00eatre pas la r\u00e9duction, du moins \u00e0 en juger par les rapports de la communaut\u00e9 Reddit. Actuellement, on ne sait pas exactement comment il est distribu\u00e9. J&rsquo;ai contact\u00e9 Google pour plus de d\u00e9tails et je mettrai \u00e0 jour ce message d\u00e8s que j&rsquo;aurai une r\u00e9ponse.<\/p>\n<h2 id=\"when-will-i-get-my-youtube-tv-credit\">Quand vais-je recevoir mon cr\u00e9dit YouTube\u00a0TV\u00a0?<\/h2>\n<p>Si vous ne voyez pas d&rsquo;offre pour r\u00e9clamer le nouveau cr\u00e9dit de 10 $ sur votre compte YouTube TV, vous n&rsquo;\u00eates pas totalement malchanceux : selon la publication de YouTube sur son compte X, un cr\u00e9dit de 20 $ est actuellement pr\u00e9vu si les cha\u00eenes Disney ne reviennent pas bient\u00f4t au service. La soci\u00e9t\u00e9 a annonc\u00e9 qu&rsquo;elle enverrait prochainement des e-mails contenant plus de d\u00e9tails, alors gardez un \u0153il sur votre bo\u00eete de r\u00e9ception pour savoir comment le r\u00e9clamer. Il est possible que ces e-mails contiennent \u00e9galement plus de pr\u00e9cisions sur ce cr\u00e9dit de 10 $, ce qui pourrait \u00e9galement aider ceux qui ne le voient pas \u00e0 l&rsquo;utiliser.<\/p>\n","protected":false},"excerpt":{"rendered":"<p>Certains utilisateurs d\u00e9clarent pouvoir profiter de leurs \u00e9conomies sur leurs six prochains mois d&rsquo;utilisation de YouTube TV. Cela fait quatre jours que les cha\u00eenes Disney<\/p>\n","protected":false},"author":1,"featured_media":11083,"comment_status":"","ping_status":"","sticky":false,"template":"","format":"standard","meta":{"footnotes":""},"categories":[36],"tags":[512,1106,184,1661,4,35],"class_list":["post-11082","post","type-post","status-publish","format-standard","has-post-thumbnail","hentry","category-divertissement","tag-credit","tag-eligible","tag-etes","tag-verifiez","tag-vous","tag-youtube","generate-columns","tablet-grid-50","mobile-grid-100","grid-parent","grid-33"],"yoast_head":"<!-- This site is optimized with the Yoast SEO plugin v24.0 - https:\/\/yoast.com\/wordpress\/plugins\/seo\/ -->\n<title>V\u00e9rifiez si vous \u00eates \u00e9ligible \u00e0 ce cr\u00e9dit YouTube TV de 60\u00a0$ | Vie Associative<\/title>\n<meta name=\"robots\" content=\"index, follow, max-snippet:-1, max-image-preview:large, max-video-preview:-1\" \/>\n<link rel=\"canonical\" href=\"https:\/\/vieassociative.be\/actualites\/verifiez-si-vous-etes-eligible-a-ce-credit-youtube-tv-de-60\/\" \/>\n<meta property=\"og:locale\" content=\"fr_FR\" \/>\n<meta property=\"og:type\" content=\"article\" \/>\n<meta property=\"og:title\" content=\"V\u00e9rifiez si vous \u00eates \u00e9ligible \u00e0 ce cr\u00e9dit YouTube TV de 60\u00a0$ | Vie Associative\" \/>\n<meta property=\"og:description\" content=\"Certains utilisateurs d\u00e9clarent pouvoir profiter de leurs \u00e9conomies sur leurs six prochains mois d&rsquo;utilisation de YouTube TV. Cela fait quatre jours que les cha\u00eenes Disney\" \/>\n<meta property=\"og:url\" content=\"https:\/\/vieassociative.be\/actualites\/verifiez-si-vous-etes-eligible-a-ce-credit-youtube-tv-de-60\/\" \/>\n<meta property=\"og:site_name\" content=\"Vie Associative\" \/>\n<meta property=\"article:published_time\" content=\"2025-11-04T00:17:14+00:00\" \/>\n<meta property=\"og:image\" content=\"https:\/\/vieassociative.be\/actualites\/wp-content\/uploads\/2025\/09\/1757726237_608_Meta-pourrait-devoiler-une-montre-intelligente-pour-controler-ses-lunettes.jpg\" \/>\n<meta name=\"author\" content=\"Julien\" \/>\n<meta name=\"twitter:card\" content=\"summary_large_image\" \/>\n<meta name=\"twitter:label1\" content=\"\u00c9crit par\" \/>\n\t<meta name=\"twitter:data1\" content=\"Julien\" \/>\n\t<meta name=\"twitter:label2\" content=\"Dur\u00e9e de lecture est.\" \/>\n\t<meta name=\"twitter:data2\" content=\"3 minutes\" \/>\n<script type=\"application\/ld+json\" class=\"yoast-schema-graph\">{\"@context\":\"https:\/\/schema.org\",\"@graph\":[{\"@type\":\"Article\",\"@id\":\"https:\/\/vieassociative.be\/actualites\/verifiez-si-vous-etes-eligible-a-ce-credit-youtube-tv-de-60\/#article\",\"isPartOf\":{\"@id\":\"https:\/\/vieassociative.be\/actualites\/verifiez-si-vous-etes-eligible-a-ce-credit-youtube-tv-de-60\/\"},\"author\":{\"name\":\"Julien\",\"@id\":\"https:\/\/vieassociative.be\/actualites\/#\/schema\/person\/b87ac4f82f9d4e7b7cec7395b679edc4\"},\"headline\":\"V\u00e9rifiez si vous \u00eates \u00e9ligible \u00e0 ce cr\u00e9dit YouTube TV de 60\u00a0$\",\"datePublished\":\"2025-11-04T00:17:14+00:00\",\"dateModified\":\"2025-11-04T00:17:14+00:00\",\"mainEntityOfPage\":{\"@id\":\"https:\/\/vieassociative.be\/actualites\/verifiez-si-vous-etes-eligible-a-ce-credit-youtube-tv-de-60\/\"},\"wordCount\":649,\"publisher\":{\"@id\":\"https:\/\/vieassociative.be\/actualites\/#organization\"},\"image\":{\"@id\":\"https:\/\/vieassociative.be\/actualites\/verifiez-si-vous-etes-eligible-a-ce-credit-youtube-tv-de-60\/#primaryimage\"},\"thumbnailUrl\":\"https:\/\/vieassociative.be\/actualites\/wp-content\/uploads\/2025\/11\/Verifiez-si-vous-etes-eligible-a-ce-credit-YouTube-TV.png\",\"keywords\":[\"cr\u00e9dit\",\"\u00e9ligible\",\"\u00eates\",\"V\u00e9rifiez\",\"Vous\",\"YouTube\"],\"articleSection\":[\"Divertissement\"],\"inLanguage\":\"fr-BE\"},{\"@type\":\"WebPage\",\"@id\":\"https:\/\/vieassociative.be\/actualites\/verifiez-si-vous-etes-eligible-a-ce-credit-youtube-tv-de-60\/\",\"url\":\"https:\/\/vieassociative.be\/actualites\/verifiez-si-vous-etes-eligible-a-ce-credit-youtube-tv-de-60\/\",\"name\":\"V\u00e9rifiez si vous \u00eates \u00e9ligible \u00e0 ce cr\u00e9dit YouTube TV de 60\u00a0$ | Vie Associative\",\"isPartOf\":{\"@id\":\"https:\/\/vieassociative.be\/actualites\/#website\"},\"primaryImageOfPage\":{\"@id\":\"https:\/\/vieassociative.be\/actualites\/verifiez-si-vous-etes-eligible-a-ce-credit-youtube-tv-de-60\/#primaryimage\"},\"image\":{\"@id\":\"https:\/\/vieassociative.be\/actualites\/verifiez-si-vous-etes-eligible-a-ce-credit-youtube-tv-de-60\/#primaryimage\"},\"thumbnailUrl\":\"https:\/\/vieassociative.be\/actualites\/wp-content\/uploads\/2025\/11\/Verifiez-si-vous-etes-eligible-a-ce-credit-YouTube-TV.png\",\"datePublished\":\"2025-11-04T00:17:14+00:00\",\"dateModified\":\"2025-11-04T00:17:14+00:00\",\"breadcrumb\":{\"@id\":\"https:\/\/vieassociative.be\/actualites\/verifiez-si-vous-etes-eligible-a-ce-credit-youtube-tv-de-60\/#breadcrumb\"},\"inLanguage\":\"fr-BE\",\"potentialAction\":[{\"@type\":\"ReadAction\",\"target\":[\"https:\/\/vieassociative.be\/actualites\/verifiez-si-vous-etes-eligible-a-ce-credit-youtube-tv-de-60\/\"]}]},{\"@type\":\"ImageObject\",\"inLanguage\":\"fr-BE\",\"@id\":\"https:\/\/vieassociative.be\/actualites\/verifiez-si-vous-etes-eligible-a-ce-credit-youtube-tv-de-60\/#primaryimage\",\"url\":\"https:\/\/vieassociative.be\/actualites\/wp-content\/uploads\/2025\/11\/Verifiez-si-vous-etes-eligible-a-ce-credit-YouTube-TV.png\",\"contentUrl\":\"https:\/\/vieassociative.be\/actualites\/wp-content\/uploads\/2025\/11\/Verifiez-si-vous-etes-eligible-a-ce-credit-YouTube-TV.png\",\"width\":1200,\"height\":675,\"caption\":\"V\u00e9rifiez si vous \u00eates \u00e9ligible \u00e0 ce cr\u00e9dit YouTube TV de 60\u00a0$\"},{\"@type\":\"BreadcrumbList\",\"@id\":\"https:\/\/vieassociative.be\/actualites\/verifiez-si-vous-etes-eligible-a-ce-credit-youtube-tv-de-60\/#breadcrumb\",\"itemListElement\":[{\"@type\":\"ListItem\",\"position\":1,\"name\":\"Accueil\",\"item\":\"https:\/\/vieassociative.be\/actualites\/\"},{\"@type\":\"ListItem\",\"position\":2,\"name\":\"V\u00e9rifiez si vous \u00eates \u00e9ligible \u00e0 ce cr\u00e9dit YouTube TV de 60\u00a0$\"}]},{\"@type\":\"WebSite\",\"@id\":\"https:\/\/vieassociative.be\/actualites\/#website\",\"url\":\"https:\/\/vieassociative.be\/actualites\/\",\"name\":\"Vie Associative\",\"description\":\"\",\"publisher\":{\"@id\":\"https:\/\/vieassociative.be\/actualites\/#organization\"},\"potentialAction\":[{\"@type\":\"SearchAction\",\"target\":{\"@type\":\"EntryPoint\",\"urlTemplate\":\"https:\/\/vieassociative.be\/actualites\/?s={search_term_string}\"},\"query-input\":{\"@type\":\"PropertyValueSpecification\",\"valueRequired\":true,\"valueName\":\"search_term_string\"}}],\"inLanguage\":\"fr-BE\"},{\"@type\":\"Organization\",\"@id\":\"https:\/\/vieassociative.be\/actualites\/#organization\",\"name\":\"Vie Associative\",\"url\":\"https:\/\/vieassociative.be\/actualites\/\",\"logo\":{\"@type\":\"ImageObject\",\"inLanguage\":\"fr-BE\",\"@id\":\"https:\/\/vieassociative.be\/actualites\/#\/schema\/logo\/image\/\",\"url\":\"https:\/\/vieassociative.be\/actualites\/wp-content\/uploads\/2024\/09\/cropped-vieassociative_favicon.ico.png\",\"contentUrl\":\"https:\/\/vieassociative.be\/actualites\/wp-content\/uploads\/2024\/09\/cropped-vieassociative_favicon.ico.png\",\"width\":512,\"height\":512,\"caption\":\"Vie Associative\"},\"image\":{\"@id\":\"https:\/\/vieassociative.be\/actualites\/#\/schema\/logo\/image\/\"}},{\"@type\":\"Person\",\"@id\":\"https:\/\/vieassociative.be\/actualites\/#\/schema\/person\/b87ac4f82f9d4e7b7cec7395b679edc4\",\"name\":\"Julien\",\"image\":{\"@type\":\"ImageObject\",\"inLanguage\":\"fr-BE\",\"@id\":\"https:\/\/vieassociative.be\/actualites\/#\/schema\/person\/image\/\",\"url\":\"https:\/\/vieassociative.be\/actualites\/wp-content\/uploads\/2024\/09\/vie-associative-1-150x150.jpg\",\"contentUrl\":\"https:\/\/vieassociative.be\/actualites\/wp-content\/uploads\/2024\/09\/vie-associative-1-150x150.jpg\",\"caption\":\"Julien\"},\"description\":\"Je suis Julien, r\u00e9dacteur pour Vie Associative. Passionn\u00e9 par le monde associatif depuis plus de 10 ans, j'ai \u00e0 c\u0153ur de partager des histoires inspirantes et de mettre en lumi\u00e8re les initiatives locales. Mon objectif est de sensibiliser et d'encourager l'engagement communautaire \u00e0 travers mes articles.\",\"sameAs\":[\"https:\/\/vieassociative.be\/\"]}]}<\/script>\n<!-- \/ Yoast SEO plugin. -->","yoast_head_json":{"title":"V\u00e9rifiez si vous \u00eates \u00e9ligible \u00e0 ce cr\u00e9dit YouTube TV de 60\u00a0$ | Vie Associative","robots":{"index":"index","follow":"follow","max-snippet":"max-snippet:-1","max-image-preview":"max-image-preview:large","max-video-preview":"max-video-preview:-1"},"canonical":"https:\/\/vieassociative.be\/actualites\/verifiez-si-vous-etes-eligible-a-ce-credit-youtube-tv-de-60\/","og_locale":"fr_FR","og_type":"article","og_title":"V\u00e9rifiez si vous \u00eates \u00e9ligible \u00e0 ce cr\u00e9dit YouTube TV de 60\u00a0$ | Vie Associative","og_description":"Certains utilisateurs d\u00e9clarent pouvoir profiter de leurs \u00e9conomies sur leurs six prochains mois d&rsquo;utilisation de YouTube TV. Cela fait quatre jours que les cha\u00eenes Disney","og_url":"https:\/\/vieassociative.be\/actualites\/verifiez-si-vous-etes-eligible-a-ce-credit-youtube-tv-de-60\/","og_site_name":"Vie Associative","article_published_time":"2025-11-04T00:17:14+00:00","og_image":[{"url":"https:\/\/vieassociative.be\/actualites\/wp-content\/uploads\/2025\/09\/1757726237_608_Meta-pourrait-devoiler-une-montre-intelligente-pour-controler-ses-lunettes.jpg","type":"","width":"","height":""}],"author":"Julien","twitter_card":"summary_large_image","twitter_misc":{"\u00c9crit par":"Julien","Dur\u00e9e de lecture est.":"3 minutes"},"schema":{"@context":"https:\/\/schema.org","@graph":[{"@type":"Article","@id":"https:\/\/vieassociative.be\/actualites\/verifiez-si-vous-etes-eligible-a-ce-credit-youtube-tv-de-60\/#article","isPartOf":{"@id":"https:\/\/vieassociative.be\/actualites\/verifiez-si-vous-etes-eligible-a-ce-credit-youtube-tv-de-60\/"},"author":{"name":"Julien","@id":"https:\/\/vieassociative.be\/actualites\/#\/schema\/person\/b87ac4f82f9d4e7b7cec7395b679edc4"},"headline":"V\u00e9rifiez si vous \u00eates \u00e9ligible \u00e0 ce cr\u00e9dit YouTube TV de 60\u00a0$","datePublished":"2025-11-04T00:17:14+00:00","dateModified":"2025-11-04T00:17:14+00:00","mainEntityOfPage":{"@id":"https:\/\/vieassociative.be\/actualites\/verifiez-si-vous-etes-eligible-a-ce-credit-youtube-tv-de-60\/"},"wordCount":649,"publisher":{"@id":"https:\/\/vieassociative.be\/actualites\/#organization"},"image":{"@id":"https:\/\/vieassociative.be\/actualites\/verifiez-si-vous-etes-eligible-a-ce-credit-youtube-tv-de-60\/#primaryimage"},"thumbnailUrl":"https:\/\/vieassociative.be\/actualites\/wp-content\/uploads\/2025\/11\/Verifiez-si-vous-etes-eligible-a-ce-credit-YouTube-TV.png","keywords":["cr\u00e9dit","\u00e9ligible","\u00eates","V\u00e9rifiez","Vous","YouTube"],"articleSection":["Divertissement"],"inLanguage":"fr-BE"},{"@type":"WebPage","@id":"https:\/\/vieassociative.be\/actualites\/verifiez-si-vous-etes-eligible-a-ce-credit-youtube-tv-de-60\/","url":"https:\/\/vieassociative.be\/actualites\/verifiez-si-vous-etes-eligible-a-ce-credit-youtube-tv-de-60\/","name":"V\u00e9rifiez si vous \u00eates \u00e9ligible \u00e0 ce cr\u00e9dit YouTube TV de 60\u00a0$ | Vie Associative","isPartOf":{"@id":"https:\/\/vieassociative.be\/actualites\/#website"},"primaryImageOfPage":{"@id":"https:\/\/vieassociative.be\/actualites\/verifiez-si-vous-etes-eligible-a-ce-credit-youtube-tv-de-60\/#primaryimage"},"image":{"@id":"https:\/\/vieassociative.be\/actualites\/verifiez-si-vous-etes-eligible-a-ce-credit-youtube-tv-de-60\/#primaryimage"},"thumbnailUrl":"https:\/\/vieassociative.be\/actualites\/wp-content\/uploads\/2025\/11\/Verifiez-si-vous-etes-eligible-a-ce-credit-YouTube-TV.png","datePublished":"2025-11-04T00:17:14+00:00","dateModified":"2025-11-04T00:17:14+00:00","breadcrumb":{"@id":"https:\/\/vieassociative.be\/actualites\/verifiez-si-vous-etes-eligible-a-ce-credit-youtube-tv-de-60\/#breadcrumb"},"inLanguage":"fr-BE","potentialAction":[{"@type":"ReadAction","target":["https:\/\/vieassociative.be\/actualites\/verifiez-si-vous-etes-eligible-a-ce-credit-youtube-tv-de-60\/"]}]},{"@type":"ImageObject","inLanguage":"fr-BE","@id":"https:\/\/vieassociative.be\/actualites\/verifiez-si-vous-etes-eligible-a-ce-credit-youtube-tv-de-60\/#primaryimage","url":"https:\/\/vieassociative.be\/actualites\/wp-content\/uploads\/2025\/11\/Verifiez-si-vous-etes-eligible-a-ce-credit-YouTube-TV.png","contentUrl":"https:\/\/vieassociative.be\/actualites\/wp-content\/uploads\/2025\/11\/Verifiez-si-vous-etes-eligible-a-ce-credit-YouTube-TV.png","width":1200,"height":675,"caption":"V\u00e9rifiez si vous \u00eates \u00e9ligible \u00e0 ce cr\u00e9dit YouTube TV de 60\u00a0$"},{"@type":"BreadcrumbList","@id":"https:\/\/vieassociative.be\/actualites\/verifiez-si-vous-etes-eligible-a-ce-credit-youtube-tv-de-60\/#breadcrumb","itemListElement":[{"@type":"ListItem","position":1,"name":"Accueil","item":"https:\/\/vieassociative.be\/actualites\/"},{"@type":"ListItem","position":2,"name":"V\u00e9rifiez si vous \u00eates \u00e9ligible \u00e0 ce cr\u00e9dit YouTube TV de 60\u00a0$"}]},{"@type":"WebSite","@id":"https:\/\/vieassociative.be\/actualites\/#website","url":"https:\/\/vieassociative.be\/actualites\/","name":"Vie Associative","description":"","publisher":{"@id":"https:\/\/vieassociative.be\/actualites\/#organization"},"potentialAction":[{"@type":"SearchAction","target":{"@type":"EntryPoint","urlTemplate":"https:\/\/vieassociative.be\/actualites\/?s={search_term_string}"},"query-input":{"@type":"PropertyValueSpecification","valueRequired":true,"valueName":"search_term_string"}}],"inLanguage":"fr-BE"},{"@type":"Organization","@id":"https:\/\/vieassociative.be\/actualites\/#organization","name":"Vie Associative","url":"https:\/\/vieassociative.be\/actualites\/","logo":{"@type":"ImageObject","inLanguage":"fr-BE","@id":"https:\/\/vieassociative.be\/actualites\/#\/schema\/logo\/image\/","url":"https:\/\/vieassociative.be\/actualites\/wp-content\/uploads\/2024\/09\/cropped-vieassociative_favicon.ico.png","contentUrl":"https:\/\/vieassociative.be\/actualites\/wp-content\/uploads\/2024\/09\/cropped-vieassociative_favicon.ico.png","width":512,"height":512,"caption":"Vie Associative"},"image":{"@id":"https:\/\/vieassociative.be\/actualites\/#\/schema\/logo\/image\/"}},{"@type":"Person","@id":"https:\/\/vieassociative.be\/actualites\/#\/schema\/person\/b87ac4f82f9d4e7b7cec7395b679edc4","name":"Julien","image":{"@type":"ImageObject","inLanguage":"fr-BE","@id":"https:\/\/vieassociative.be\/actualites\/#\/schema\/person\/image\/","url":"https:\/\/vieassociative.be\/actualites\/wp-content\/uploads\/2024\/09\/vie-associative-1-150x150.jpg","contentUrl":"https:\/\/vieassociative.be\/actualites\/wp-content\/uploads\/2024\/09\/vie-associative-1-150x150.jpg","caption":"Julien"},"description":"Je suis Julien, r\u00e9dacteur pour Vie Associative. Passionn\u00e9 par le monde associatif depuis plus de 10 ans, j'ai \u00e0 c\u0153ur de partager des histoires inspirantes et de mettre en lumi\u00e8re les initiatives locales. Mon objectif est de sensibiliser et d'encourager l'engagement communautaire \u00e0 travers mes articles.","sameAs":["https:\/\/vieassociative.be\/"]}]}},"_links":{"self":[{"href":"https:\/\/vieassociative.be\/actualites\/wp-json\/wp\/v2\/posts\/11082"}],"collection":[{"href":"https:\/\/vieassociative.be\/actualites\/wp-json\/wp\/v2\/posts"}],"about":[{"href":"https:\/\/vieassociative.be\/actualites\/wp-json\/wp\/v2\/types\/post"}],"author":[{"embeddable":true,"href":"https:\/\/vieassociative.be\/actualites\/wp-json\/wp\/v2\/users\/1"}],"replies":[{"embeddable":true,"href":"https:\/\/vieassociative.be\/actualites\/wp-json\/wp\/v2\/comments?post=11082"}],"version-history":[{"count":0,"href":"https:\/\/vieassociative.be\/actualites\/wp-json\/wp\/v2\/posts\/11082\/revisions"}],"wp:featuredmedia":[{"embeddable":true,"href":"https:\/\/vieassociative.be\/actualites\/wp-json\/wp\/v2\/media\/11083"}],"wp:attachment":[{"href":"https:\/\/vieassociative.be\/actualites\/wp-json\/wp\/v2\/media?parent=11082"}],"wp:term":[{"taxonomy":"category","embeddable":true,"href":"https:\/\/vieassociative.be\/actualites\/wp-json\/wp\/v2\/categories?post=11082"},{"taxonomy":"post_tag","embeddable":true,"href":"https:\/\/vieassociative.be\/actualites\/wp-json\/wp\/v2\/tags?post=11082"}],"curies":[{"name":"wp","href":"https:\/\/api.w.org\/{rel}","templated":true}]}}