{"id":11080,"date":"2025-11-03T21:17:30","date_gmt":"2025-11-03T20:17:30","guid":{"rendered":"https:\/\/vieassociative.be\/actualites\/prix-versailles-la-gare-chic-de-la-ville-de-mons-sera-lune-des-sept-plus-belles-gares-du-monde-en-2025\/"},"modified":"2025-11-03T21:17:30","modified_gmt":"2025-11-03T20:17:30","slug":"prix-versailles-la-gare-chic-de-la-ville-de-mons-sera-lune-des-sept-plus-belles-gares-du-monde-en-2025","status":"publish","type":"post","link":"https:\/\/vieassociative.be\/actualites\/prix-versailles-la-gare-chic-de-la-ville-de-mons-sera-lune-des-sept-plus-belles-gares-du-monde-en-2025\/","title":{"rendered":"Prix \u200b\u200bVersailles : La gare chic de la ville de Mons sera l&rsquo;une des sept plus belles gares du monde en 2025"},"content":{"rendered":"<p><strong>La gare de Mons, con\u00e7ue par l&rsquo;architecte vedette espagnol Santiago Calatrava et dont les co\u00fbts astronomiques font l&rsquo;objet de critiques du public belge depuis des ann\u00e9es, est l&rsquo;une des sept plus belles gares du monde en 2025.<\/strong><\/p>\n<p><span id=\"more-428815\"><\/span>Le Prix Versailles l&rsquo;a annonc\u00e9 lundi. Mons figure dans ce classement prestigieux aux c\u00f4t\u00e9s de structures de Chine, d&rsquo;Australie, de France et d&rsquo;Arabie Saoudite.<\/p>\n<p>\u00ab Avec son style a\u00e9rien, ses lignes \u00e9pur\u00e9es, ses formes en acier et son blanc \u00e9clatant, Santiago Calatrava a une nouvelle fois d\u00e9montr\u00e9 son talent artistique pour ce pont cath\u00e9drale de 165 m\u00e8tres de long qui relie le centre historique au sud au quartier en plein essor des Grands Pr\u00e9s au nord \u00bb, vante le prix d&rsquo;architecture.<\/p>\n<div id=\"attachment_395219\" class=\"wp-caption alignleft\" style=\"max-width: 300px\"><img fetchpriority=\"high\" decoding=\"async\" class=\"wp-image-395219 size-medium\" src=\"https:\/\/vieassociative.be\/actualites\/wp-content\/uploads\/2024\/11\/Au-lieu-de-37-millions-la-gare-de-Mons-pourrait.jpg\" alt=\"\" width=\"300\" height=\"225\"><\/div>\n<p>Le Prix Versailles, d\u00e9cern\u00e9 chaque ann\u00e9e par l&rsquo;UNESCO depuis 2015, met en avant d&rsquo;autres qualit\u00e9s architecturales du b\u00e2timent, comme sa galerie monumentale, hommage \u00e0 la Galerie de la Reine \u00e0 Bruxelles, et son design, qui assure des temp\u00e9ratures agr\u00e9ables m\u00eame en hiver.<\/p>\n<p>La gare de Mons, inaugur\u00e9e en d\u00e9but d&rsquo;ann\u00e9e, dont le co\u00fbt total est estim\u00e9 finalement \u00e0 480 millions d&rsquo;euros au lieu de 37 millions d&rsquo;euros, figure dans ce classement aux c\u00f4t\u00e9s de plusieurs autres \u00e9difices prestigieux.<\/p>\n<p>La station de m\u00e9tro Gadigal \u00e0 Sydney, en Australie, con\u00e7ue par le cabinet d&rsquo;architectes Foster + Partners, la station Baiyun \u00e0 Guangzhou, en Chine, con\u00e7ue par le cabinet d&rsquo;architectes japonais Nikken Sekkei, et deux projets \u00e0 Riyad, en Arabie Saoudite : la station KAFD, con\u00e7ue par Zaha Hadid Architects, et la station Qasr Al Hokm, con\u00e7ue par le cabinet d&rsquo;architectes norv\u00e9gien Snohetta ont \u00e9galement \u00e9t\u00e9 r\u00e9compens\u00e9es. <\/p>\n<\/p>\n<div id=\"attachment_428822\" class=\"wp-caption alignleft\" style=\"max-width: 300px\"><img decoding=\"async\" class=\"wp-image-428822 size-medium\" src=\"https:\/\/vieassociative.be\/actualites\/wp-content\/uploads\/2025\/11\/Prix-\u200b\u200bVersailles-La-gare-chic-de-la-ville-de.jpg\" alt=\"\" width=\"300\" height=\"200\"><\/div>\n<p>Deux gares de r\u00e9gion parisienne ont \u00e9galement \u00e9t\u00e9 mises \u00e0 l&rsquo;honneur : Saint-Denis Pleyel, con\u00e7ue par l&rsquo;architecte japonais Kengo Kuma, et Villejuif-Gustave Roussy, con\u00e7ue par le Fran\u00e7ais Dominique Perrault.<\/p>\n<p>\u00ab L&rsquo;engagement que n\u00e9cessitent ces b\u00e2timents, ainsi que leurs chefs-d&rsquo;\u0153uvre techniques et esth\u00e9tiques, honorent la communaut\u00e9 des b\u00e2tisseurs au plus haut niveau. Ces infrastructures, d\u00e9j\u00e0 inscrites au patrimoine de ce si\u00e8cle, renouvellent le r\u00f4le de la mobilit\u00e9 \u00bb, souligne J\u00e9r\u00f4me Gouadain, secr\u00e9taire g\u00e9n\u00e9ral du Prix Versailles.<\/p>\n<p>Trois stations de la liste 2025 recevront \u00e9galement un titre mondial (Prix Versailles, Prix du design d&rsquo;int\u00e9rieur, Prix de l&rsquo;architecture ext\u00e9rieure) le 4 d\u00e9cembre au si\u00e8ge de l&rsquo;UNESCO.<\/p>\n<p>Chaque ann\u00e9e, le Prix Versailles r\u00e9compense des r\u00e9alisations exemplaires dans divers domaines alliant esth\u00e9tique, efficacit\u00e9 et engagement en faveur du patrimoine culturel et du paysage urbain. (cr\u00e9er)<\/p>\n","protected":false},"excerpt":{"rendered":"<p>La gare de Mons, con\u00e7ue par l&rsquo;architecte vedette espagnol Santiago Calatrava et dont les co\u00fbts astronomiques font l&rsquo;objet de critiques du public belge depuis des<\/p>\n","protected":false},"author":1,"featured_media":2623,"comment_status":"","ping_status":"","sticky":false,"template":"","format":"standard","meta":{"footnotes":""},"categories":[298],"tags":[9134,9133,29,3353,2672,1820,237,2969,1399,525,3230,9132,684],"class_list":["post-11080","post","type-post","status-publish","format-standard","has-post-thumbnail","hentry","category-belgique","tag-belles","tag-chic","tag-des","tag-gare","tag-gares","tag-lune","tag-monde","tag-mons","tag-prix","tag-sept","tag-sera","tag-versailles","tag-ville","generate-columns","tablet-grid-50","mobile-grid-100","grid-parent","grid-33"],"yoast_head":"<!-- This site is optimized with the Yoast SEO plugin v24.0 - https:\/\/yoast.com\/wordpress\/plugins\/seo\/ -->\n<title>Prix \u200b\u200bVersailles : La gare chic de la ville de Mons sera l&#039;une des sept plus belles gares du monde en 2025 | Vie Associative<\/title>\n<meta name=\"robots\" content=\"index, follow, max-snippet:-1, max-image-preview:large, max-video-preview:-1\" \/>\n<link rel=\"canonical\" href=\"https:\/\/vieassociative.be\/actualites\/prix-versailles-la-gare-chic-de-la-ville-de-mons-sera-lune-des-sept-plus-belles-gares-du-monde-en-2025\/\" \/>\n<meta property=\"og:locale\" content=\"fr_FR\" \/>\n<meta property=\"og:type\" content=\"article\" \/>\n<meta property=\"og:title\" content=\"Prix \u200b\u200bVersailles : La gare chic de la ville de Mons sera l&#039;une des sept plus belles gares du monde en 2025 | Vie Associative\" \/>\n<meta property=\"og:description\" content=\"La gare de Mons, con\u00e7ue par l&rsquo;architecte vedette espagnol Santiago Calatrava et dont les co\u00fbts astronomiques font l&rsquo;objet de critiques du public belge depuis des\" \/>\n<meta property=\"og:url\" content=\"https:\/\/vieassociative.be\/actualites\/prix-versailles-la-gare-chic-de-la-ville-de-mons-sera-lune-des-sept-plus-belles-gares-du-monde-en-2025\/\" \/>\n<meta property=\"og:site_name\" content=\"Vie Associative\" \/>\n<meta property=\"article:published_time\" content=\"2025-11-03T20:17:30+00:00\" \/>\n<meta property=\"og:image\" content=\"https:\/\/vieassociative.be\/actualites\/wp-content\/uploads\/2024\/09\/header_backgroundk-01-e1726694325946.png\" \/>\n\t<meta property=\"og:image:width\" content=\"279\" \/>\n\t<meta property=\"og:image:height\" content=\"92\" \/>\n\t<meta property=\"og:image:type\" content=\"image\/png\" \/>\n<meta name=\"author\" content=\"Julien\" \/>\n<meta name=\"twitter:card\" content=\"summary_large_image\" \/>\n<meta name=\"twitter:label1\" content=\"\u00c9crit par\" \/>\n\t<meta name=\"twitter:data1\" content=\"Julien\" \/>\n\t<meta name=\"twitter:label2\" content=\"Dur\u00e9e de lecture est.\" \/>\n\t<meta name=\"twitter:data2\" content=\"2 minutes\" \/>\n<script type=\"application\/ld+json\" class=\"yoast-schema-graph\">{\"@context\":\"https:\/\/schema.org\",\"@graph\":[{\"@type\":\"Article\",\"@id\":\"https:\/\/vieassociative.be\/actualites\/prix-versailles-la-gare-chic-de-la-ville-de-mons-sera-lune-des-sept-plus-belles-gares-du-monde-en-2025\/#article\",\"isPartOf\":{\"@id\":\"https:\/\/vieassociative.be\/actualites\/prix-versailles-la-gare-chic-de-la-ville-de-mons-sera-lune-des-sept-plus-belles-gares-du-monde-en-2025\/\"},\"author\":{\"name\":\"Julien\",\"@id\":\"https:\/\/vieassociative.be\/actualites\/#\/schema\/person\/b87ac4f82f9d4e7b7cec7395b679edc4\"},\"headline\":\"Prix \u200b\u200bVersailles : La gare chic de la ville de Mons sera l&rsquo;une des sept plus belles gares du monde en 2025\",\"datePublished\":\"2025-11-03T20:17:30+00:00\",\"dateModified\":\"2025-11-03T20:17:30+00:00\",\"mainEntityOfPage\":{\"@id\":\"https:\/\/vieassociative.be\/actualites\/prix-versailles-la-gare-chic-de-la-ville-de-mons-sera-lune-des-sept-plus-belles-gares-du-monde-en-2025\/\"},\"wordCount\":471,\"publisher\":{\"@id\":\"https:\/\/vieassociative.be\/actualites\/#organization\"},\"image\":{\"@id\":\"https:\/\/vieassociative.be\/actualites\/prix-versailles-la-gare-chic-de-la-ville-de-mons-sera-lune-des-sept-plus-belles-gares-du-monde-en-2025\/#primaryimage\"},\"thumbnailUrl\":\"https:\/\/vieassociative.be\/actualites\/wp-content\/uploads\/2024\/11\/1732155617_Au-lieu-de-37-millions-la-gare-de-Mons-pourrait.jpg\",\"keywords\":[\"belles\",\"chic\",\"Des\",\"gare\",\"gar\u00e9s\",\"lune\",\"monde\",\"Mons\",\"prix\",\"Sept\",\"sera\",\"Versailles\",\"ville\"],\"articleSection\":[\"Belgique\"],\"inLanguage\":\"fr-BE\"},{\"@type\":\"WebPage\",\"@id\":\"https:\/\/vieassociative.be\/actualites\/prix-versailles-la-gare-chic-de-la-ville-de-mons-sera-lune-des-sept-plus-belles-gares-du-monde-en-2025\/\",\"url\":\"https:\/\/vieassociative.be\/actualites\/prix-versailles-la-gare-chic-de-la-ville-de-mons-sera-lune-des-sept-plus-belles-gares-du-monde-en-2025\/\",\"name\":\"Prix \u200b\u200bVersailles : La gare chic de la ville de Mons sera l'une des sept plus belles gares du monde en 2025 | Vie Associative\",\"isPartOf\":{\"@id\":\"https:\/\/vieassociative.be\/actualites\/#website\"},\"primaryImageOfPage\":{\"@id\":\"https:\/\/vieassociative.be\/actualites\/prix-versailles-la-gare-chic-de-la-ville-de-mons-sera-lune-des-sept-plus-belles-gares-du-monde-en-2025\/#primaryimage\"},\"image\":{\"@id\":\"https:\/\/vieassociative.be\/actualites\/prix-versailles-la-gare-chic-de-la-ville-de-mons-sera-lune-des-sept-plus-belles-gares-du-monde-en-2025\/#primaryimage\"},\"thumbnailUrl\":\"https:\/\/vieassociative.be\/actualites\/wp-content\/uploads\/2024\/11\/1732155617_Au-lieu-de-37-millions-la-gare-de-Mons-pourrait.jpg\",\"datePublished\":\"2025-11-03T20:17:30+00:00\",\"dateModified\":\"2025-11-03T20:17:30+00:00\",\"breadcrumb\":{\"@id\":\"https:\/\/vieassociative.be\/actualites\/prix-versailles-la-gare-chic-de-la-ville-de-mons-sera-lune-des-sept-plus-belles-gares-du-monde-en-2025\/#breadcrumb\"},\"inLanguage\":\"fr-BE\",\"potentialAction\":[{\"@type\":\"ReadAction\",\"target\":[\"https:\/\/vieassociative.be\/actualites\/prix-versailles-la-gare-chic-de-la-ville-de-mons-sera-lune-des-sept-plus-belles-gares-du-monde-en-2025\/\"]}]},{\"@type\":\"ImageObject\",\"inLanguage\":\"fr-BE\",\"@id\":\"https:\/\/vieassociative.be\/actualites\/prix-versailles-la-gare-chic-de-la-ville-de-mons-sera-lune-des-sept-plus-belles-gares-du-monde-en-2025\/#primaryimage\",\"url\":\"https:\/\/vieassociative.be\/actualites\/wp-content\/uploads\/2024\/11\/1732155617_Au-lieu-de-37-millions-la-gare-de-Mons-pourrait.jpg\",\"contentUrl\":\"https:\/\/vieassociative.be\/actualites\/wp-content\/uploads\/2024\/11\/1732155617_Au-lieu-de-37-millions-la-gare-de-Mons-pourrait.jpg\",\"width\":1200,\"height\":540,\"caption\":\"Au lieu de 37 millions, la gare de Mons pourrait co\u00fbter au final 480 millions d\u2019euros \u2013 \u00ab C\u2019est un scandale \u00bb\"},{\"@type\":\"BreadcrumbList\",\"@id\":\"https:\/\/vieassociative.be\/actualites\/prix-versailles-la-gare-chic-de-la-ville-de-mons-sera-lune-des-sept-plus-belles-gares-du-monde-en-2025\/#breadcrumb\",\"itemListElement\":[{\"@type\":\"ListItem\",\"position\":1,\"name\":\"Accueil\",\"item\":\"https:\/\/vieassociative.be\/actualites\/\"},{\"@type\":\"ListItem\",\"position\":2,\"name\":\"Prix \u200b\u200bVersailles : La gare chic de la ville de Mons sera l&rsquo;une des sept plus belles gares du monde en 2025\"}]},{\"@type\":\"WebSite\",\"@id\":\"https:\/\/vieassociative.be\/actualites\/#website\",\"url\":\"https:\/\/vieassociative.be\/actualites\/\",\"name\":\"Vie Associative\",\"description\":\"\",\"publisher\":{\"@id\":\"https:\/\/vieassociative.be\/actualites\/#organization\"},\"potentialAction\":[{\"@type\":\"SearchAction\",\"target\":{\"@type\":\"EntryPoint\",\"urlTemplate\":\"https:\/\/vieassociative.be\/actualites\/?s={search_term_string}\"},\"query-input\":{\"@type\":\"PropertyValueSpecification\",\"valueRequired\":true,\"valueName\":\"search_term_string\"}}],\"inLanguage\":\"fr-BE\"},{\"@type\":\"Organization\",\"@id\":\"https:\/\/vieassociative.be\/actualites\/#organization\",\"name\":\"Vie Associative\",\"url\":\"https:\/\/vieassociative.be\/actualites\/\",\"logo\":{\"@type\":\"ImageObject\",\"inLanguage\":\"fr-BE\",\"@id\":\"https:\/\/vieassociative.be\/actualites\/#\/schema\/logo\/image\/\",\"url\":\"https:\/\/vieassociative.be\/actualites\/wp-content\/uploads\/2024\/09\/cropped-vieassociative_favicon.ico.png\",\"contentUrl\":\"https:\/\/vieassociative.be\/actualites\/wp-content\/uploads\/2024\/09\/cropped-vieassociative_favicon.ico.png\",\"width\":512,\"height\":512,\"caption\":\"Vie Associative\"},\"image\":{\"@id\":\"https:\/\/vieassociative.be\/actualites\/#\/schema\/logo\/image\/\"}},{\"@type\":\"Person\",\"@id\":\"https:\/\/vieassociative.be\/actualites\/#\/schema\/person\/b87ac4f82f9d4e7b7cec7395b679edc4\",\"name\":\"Julien\",\"image\":{\"@type\":\"ImageObject\",\"inLanguage\":\"fr-BE\",\"@id\":\"https:\/\/vieassociative.be\/actualites\/#\/schema\/person\/image\/\",\"url\":\"https:\/\/vieassociative.be\/actualites\/wp-content\/uploads\/2024\/09\/vie-associative-1-150x150.jpg\",\"contentUrl\":\"https:\/\/vieassociative.be\/actualites\/wp-content\/uploads\/2024\/09\/vie-associative-1-150x150.jpg\",\"caption\":\"Julien\"},\"description\":\"Je suis Julien, r\u00e9dacteur pour Vie Associative. Passionn\u00e9 par le monde associatif depuis plus de 10 ans, j'ai \u00e0 c\u0153ur de partager des histoires inspirantes et de mettre en lumi\u00e8re les initiatives locales. Mon objectif est de sensibiliser et d'encourager l'engagement communautaire \u00e0 travers mes articles.\",\"sameAs\":[\"https:\/\/vieassociative.be\/\"]}]}<\/script>\n<!-- \/ Yoast SEO plugin. -->","yoast_head_json":{"title":"Prix \u200b\u200bVersailles : La gare chic de la ville de Mons sera l'une des sept plus belles gares du monde en 2025 | Vie Associative","robots":{"index":"index","follow":"follow","max-snippet":"max-snippet:-1","max-image-preview":"max-image-preview:large","max-video-preview":"max-video-preview:-1"},"canonical":"https:\/\/vieassociative.be\/actualites\/prix-versailles-la-gare-chic-de-la-ville-de-mons-sera-lune-des-sept-plus-belles-gares-du-monde-en-2025\/","og_locale":"fr_FR","og_type":"article","og_title":"Prix \u200b\u200bVersailles : La gare chic de la ville de Mons sera l'une des sept plus belles gares du monde en 2025 | Vie Associative","og_description":"La gare de Mons, con\u00e7ue par l&rsquo;architecte vedette espagnol Santiago Calatrava et dont les co\u00fbts astronomiques font l&rsquo;objet de critiques du public belge depuis des","og_url":"https:\/\/vieassociative.be\/actualites\/prix-versailles-la-gare-chic-de-la-ville-de-mons-sera-lune-des-sept-plus-belles-gares-du-monde-en-2025\/","og_site_name":"Vie Associative","article_published_time":"2025-11-03T20:17:30+00:00","og_image":[{"width":279,"height":92,"url":"https:\/\/vieassociative.be\/actualites\/wp-content\/uploads\/2024\/09\/header_backgroundk-01-e1726694325946.png","type":"image\/png"}],"author":"Julien","twitter_card":"summary_large_image","twitter_misc":{"\u00c9crit par":"Julien","Dur\u00e9e de lecture est.":"2 minutes"},"schema":{"@context":"https:\/\/schema.org","@graph":[{"@type":"Article","@id":"https:\/\/vieassociative.be\/actualites\/prix-versailles-la-gare-chic-de-la-ville-de-mons-sera-lune-des-sept-plus-belles-gares-du-monde-en-2025\/#article","isPartOf":{"@id":"https:\/\/vieassociative.be\/actualites\/prix-versailles-la-gare-chic-de-la-ville-de-mons-sera-lune-des-sept-plus-belles-gares-du-monde-en-2025\/"},"author":{"name":"Julien","@id":"https:\/\/vieassociative.be\/actualites\/#\/schema\/person\/b87ac4f82f9d4e7b7cec7395b679edc4"},"headline":"Prix \u200b\u200bVersailles : La gare chic de la ville de Mons sera l&rsquo;une des sept plus belles gares du monde en 2025","datePublished":"2025-11-03T20:17:30+00:00","dateModified":"2025-11-03T20:17:30+00:00","mainEntityOfPage":{"@id":"https:\/\/vieassociative.be\/actualites\/prix-versailles-la-gare-chic-de-la-ville-de-mons-sera-lune-des-sept-plus-belles-gares-du-monde-en-2025\/"},"wordCount":471,"publisher":{"@id":"https:\/\/vieassociative.be\/actualites\/#organization"},"image":{"@id":"https:\/\/vieassociative.be\/actualites\/prix-versailles-la-gare-chic-de-la-ville-de-mons-sera-lune-des-sept-plus-belles-gares-du-monde-en-2025\/#primaryimage"},"thumbnailUrl":"https:\/\/vieassociative.be\/actualites\/wp-content\/uploads\/2024\/11\/1732155617_Au-lieu-de-37-millions-la-gare-de-Mons-pourrait.jpg","keywords":["belles","chic","Des","gare","gar\u00e9s","lune","monde","Mons","prix","Sept","sera","Versailles","ville"],"articleSection":["Belgique"],"inLanguage":"fr-BE"},{"@type":"WebPage","@id":"https:\/\/vieassociative.be\/actualites\/prix-versailles-la-gare-chic-de-la-ville-de-mons-sera-lune-des-sept-plus-belles-gares-du-monde-en-2025\/","url":"https:\/\/vieassociative.be\/actualites\/prix-versailles-la-gare-chic-de-la-ville-de-mons-sera-lune-des-sept-plus-belles-gares-du-monde-en-2025\/","name":"Prix \u200b\u200bVersailles : La gare chic de la ville de Mons sera l'une des sept plus belles gares du monde en 2025 | Vie Associative","isPartOf":{"@id":"https:\/\/vieassociative.be\/actualites\/#website"},"primaryImageOfPage":{"@id":"https:\/\/vieassociative.be\/actualites\/prix-versailles-la-gare-chic-de-la-ville-de-mons-sera-lune-des-sept-plus-belles-gares-du-monde-en-2025\/#primaryimage"},"image":{"@id":"https:\/\/vieassociative.be\/actualites\/prix-versailles-la-gare-chic-de-la-ville-de-mons-sera-lune-des-sept-plus-belles-gares-du-monde-en-2025\/#primaryimage"},"thumbnailUrl":"https:\/\/vieassociative.be\/actualites\/wp-content\/uploads\/2024\/11\/1732155617_Au-lieu-de-37-millions-la-gare-de-Mons-pourrait.jpg","datePublished":"2025-11-03T20:17:30+00:00","dateModified":"2025-11-03T20:17:30+00:00","breadcrumb":{"@id":"https:\/\/vieassociative.be\/actualites\/prix-versailles-la-gare-chic-de-la-ville-de-mons-sera-lune-des-sept-plus-belles-gares-du-monde-en-2025\/#breadcrumb"},"inLanguage":"fr-BE","potentialAction":[{"@type":"ReadAction","target":["https:\/\/vieassociative.be\/actualites\/prix-versailles-la-gare-chic-de-la-ville-de-mons-sera-lune-des-sept-plus-belles-gares-du-monde-en-2025\/"]}]},{"@type":"ImageObject","inLanguage":"fr-BE","@id":"https:\/\/vieassociative.be\/actualites\/prix-versailles-la-gare-chic-de-la-ville-de-mons-sera-lune-des-sept-plus-belles-gares-du-monde-en-2025\/#primaryimage","url":"https:\/\/vieassociative.be\/actualites\/wp-content\/uploads\/2024\/11\/1732155617_Au-lieu-de-37-millions-la-gare-de-Mons-pourrait.jpg","contentUrl":"https:\/\/vieassociative.be\/actualites\/wp-content\/uploads\/2024\/11\/1732155617_Au-lieu-de-37-millions-la-gare-de-Mons-pourrait.jpg","width":1200,"height":540,"caption":"Au lieu de 37 millions, la gare de Mons pourrait co\u00fbter au final 480 millions d\u2019euros \u2013 \u00ab C\u2019est un scandale \u00bb"},{"@type":"BreadcrumbList","@id":"https:\/\/vieassociative.be\/actualites\/prix-versailles-la-gare-chic-de-la-ville-de-mons-sera-lune-des-sept-plus-belles-gares-du-monde-en-2025\/#breadcrumb","itemListElement":[{"@type":"ListItem","position":1,"name":"Accueil","item":"https:\/\/vieassociative.be\/actualites\/"},{"@type":"ListItem","position":2,"name":"Prix \u200b\u200bVersailles : La gare chic de la ville de Mons sera l&rsquo;une des sept plus belles gares du monde en 2025"}]},{"@type":"WebSite","@id":"https:\/\/vieassociative.be\/actualites\/#website","url":"https:\/\/vieassociative.be\/actualites\/","name":"Vie Associative","description":"","publisher":{"@id":"https:\/\/vieassociative.be\/actualites\/#organization"},"potentialAction":[{"@type":"SearchAction","target":{"@type":"EntryPoint","urlTemplate":"https:\/\/vieassociative.be\/actualites\/?s={search_term_string}"},"query-input":{"@type":"PropertyValueSpecification","valueRequired":true,"valueName":"search_term_string"}}],"inLanguage":"fr-BE"},{"@type":"Organization","@id":"https:\/\/vieassociative.be\/actualites\/#organization","name":"Vie Associative","url":"https:\/\/vieassociative.be\/actualites\/","logo":{"@type":"ImageObject","inLanguage":"fr-BE","@id":"https:\/\/vieassociative.be\/actualites\/#\/schema\/logo\/image\/","url":"https:\/\/vieassociative.be\/actualites\/wp-content\/uploads\/2024\/09\/cropped-vieassociative_favicon.ico.png","contentUrl":"https:\/\/vieassociative.be\/actualites\/wp-content\/uploads\/2024\/09\/cropped-vieassociative_favicon.ico.png","width":512,"height":512,"caption":"Vie Associative"},"image":{"@id":"https:\/\/vieassociative.be\/actualites\/#\/schema\/logo\/image\/"}},{"@type":"Person","@id":"https:\/\/vieassociative.be\/actualites\/#\/schema\/person\/b87ac4f82f9d4e7b7cec7395b679edc4","name":"Julien","image":{"@type":"ImageObject","inLanguage":"fr-BE","@id":"https:\/\/vieassociative.be\/actualites\/#\/schema\/person\/image\/","url":"https:\/\/vieassociative.be\/actualites\/wp-content\/uploads\/2024\/09\/vie-associative-1-150x150.jpg","contentUrl":"https:\/\/vieassociative.be\/actualites\/wp-content\/uploads\/2024\/09\/vie-associative-1-150x150.jpg","caption":"Julien"},"description":"Je suis Julien, r\u00e9dacteur pour Vie Associative. Passionn\u00e9 par le monde associatif depuis plus de 10 ans, j'ai \u00e0 c\u0153ur de partager des histoires inspirantes et de mettre en lumi\u00e8re les initiatives locales. Mon objectif est de sensibiliser et d'encourager l'engagement communautaire \u00e0 travers mes articles.","sameAs":["https:\/\/vieassociative.be\/"]}]}},"_links":{"self":[{"href":"https:\/\/vieassociative.be\/actualites\/wp-json\/wp\/v2\/posts\/11080"}],"collection":[{"href":"https:\/\/vieassociative.be\/actualites\/wp-json\/wp\/v2\/posts"}],"about":[{"href":"https:\/\/vieassociative.be\/actualites\/wp-json\/wp\/v2\/types\/post"}],"author":[{"embeddable":true,"href":"https:\/\/vieassociative.be\/actualites\/wp-json\/wp\/v2\/users\/1"}],"replies":[{"embeddable":true,"href":"https:\/\/vieassociative.be\/actualites\/wp-json\/wp\/v2\/comments?post=11080"}],"version-history":[{"count":0,"href":"https:\/\/vieassociative.be\/actualites\/wp-json\/wp\/v2\/posts\/11080\/revisions"}],"wp:featuredmedia":[{"embeddable":true,"href":"https:\/\/vieassociative.be\/actualites\/wp-json\/wp\/v2\/media\/2623"}],"wp:attachment":[{"href":"https:\/\/vieassociative.be\/actualites\/wp-json\/wp\/v2\/media?parent=11080"}],"wp:term":[{"taxonomy":"category","embeddable":true,"href":"https:\/\/vieassociative.be\/actualites\/wp-json\/wp\/v2\/categories?post=11080"},{"taxonomy":"post_tag","embeddable":true,"href":"https:\/\/vieassociative.be\/actualites\/wp-json\/wp\/v2\/tags?post=11080"}],"curies":[{"name":"wp","href":"https:\/\/api.w.org\/{rel}","templated":true}]}}