{"id":11076,"date":"2025-11-03T19:17:52","date_gmt":"2025-11-03T18:17:52","guid":{"rendered":"https:\/\/vieassociative.be\/actualites\/le-guide-de-la-culture-des-enfants-pour-adultes-deconnectes-pourquoi-6-7-est-le-mot-de-lannee\/"},"modified":"2025-11-03T19:17:52","modified_gmt":"2025-11-03T18:17:52","slug":"le-guide-de-la-culture-des-enfants-pour-adultes-deconnectes-pourquoi-6-7-est-le-mot-de-lannee","status":"publish","type":"post","link":"https:\/\/vieassociative.be\/actualites\/le-guide-de-la-culture-des-enfants-pour-adultes-deconnectes-pourquoi-6-7-est-le-mot-de-lannee\/","title":{"rendered":"Le guide de la culture des enfants pour adultes d\u00e9connect\u00e9s\u00a0: pourquoi \u00ab\u00a06-7\u00a0\u00bb est le mot de l&rsquo;ann\u00e9e"},"content":{"rendered":"<div class=\"mt-4 leading-6 md:mb-8\">Ils n&rsquo;arr\u00eateront jamais de dire \u00ab\u00a0six dix-sept\u00a0\u00bb, n&rsquo;est-ce pas ?<\/div>\n<p><\/p>\n<p>Au grand dam des nombres banals comme 35 et 192, le 6-7 a envahi la culture am\u00e9ricaine. Je suppose que les jeunes aiment tellement 6-7 parce que 67 est le 19\u00e8me nombre premier et le poids atomique de l&rsquo;holmium, qui est essentiel aux aimants au samarium-cobalt, mais je ne peux pas le dire avec certitude. <\/p>\n<p>Je peux dire que 6-7 est partout : sur TikTok, dans les m\u00e8mes et maintenant dans le dictionnaire. Et ce n\u2019est qu\u2019une des nombreuses tendances d\u00e9routantes que j\u2019explique cette semaine. Je vous parlerai aussi de Soulja Boy qui vend des lunettes intelligentes, de la tendance lunettes de soleil sur votre taille, et de \u00ab\u00a0Beez in the Trap\u00a0\u00bb (Be-Beez in the trap&#8230;)<\/p>\n<h2 id=\"dictionarycom-names-6-7-word-of-the-year\">Dictionary.com nomme \u00ab\u00a06-7\u00a0\u00bb le mot de l&rsquo;ann\u00e9e<\/h2>\n<p>Le mot d&rsquo;argot Gen-Alpha brainrot 6-7 a \u00e9t\u00e9 nomm\u00e9 mot de l&rsquo;ann\u00e9e 2025 par Dictionary.com. \u00ab\u00a0Nous essayons tous encore de comprendre exactement ce que cela signifie\u00a0\u00bb, d\u00e9clare Dictionary.com sur son site Internet, ajoutant : \u00ab\u00a0Peut-\u00eatre que la caract\u00e9ristique la plus d\u00e9terminante du 6-7 est qu&rsquo;il est impossible \u00e0 d\u00e9finir. C&rsquo;est d\u00e9nu\u00e9 de sens, omnipr\u00e9sent et absurde.\u00a0\u00bb <\/p>\n<div class=\"mx-auto mb-12 mt-5 w-full max-w-3xl rounded-md border-2 border-gray-100 p-3 shadow-md md:px-7 md:pb-7 md:pt-5\" id=\"related-video\">\n<div class=\"mb-3 flex items-center md:mb-5\">\n        <img decoding=\"async\" class=\"mr-4 mt-0 h-10 w-10 md:mr-5 md:h-12 md:w-12\" src=\"https:\/\/vieassociative.be\/actualites\/wp-content\/uploads\/2025\/09\/1757726237_608_Meta-pourrait-devoiler-une-montre-intelligente-pour-controler-ses-lunettes.jpg\" alt=\"Logo du pirate de la vie\"><\/p><\/div>\n<div class=\"aspect-video w-full overflow-hidden rounded-md\">\n<div id=\"video-container-01K95EZSJ770XVGVZGCQ2N12FN\"><\/div>\n<\/p><\/div>\n<\/div>\n<p>Le site de dictionnaire souligne que 6-7 est g\u00e9n\u00e9ralement ennuyeux pour les adultes alors qu&rsquo;il conf\u00e8re un statut de groupe aux enfants qui l&rsquo;utilisent ; frapper un \u00ab\u00a0six-<em>dix-sept<\/em>\u00a0\u00bb exactement au bon moment vous marque comme un type sp\u00e9cifique de personne par rapport aux autres membres de la g\u00e9n\u00e9ration A. La vraie question \u00e0 propos de 6-7 est de savoir combien de temps cela peut-il durer\u00a0: maintenant que tout le monde, y compris le dictionnaire et HBO, utilise votre mot secret, peut-il continuer \u00e0 \u00eatre cool\u00a0?  <\/p>\n<p>Les finalistes de Dictionary.com pour le mot de l&rsquo;ann\u00e9e incluent \u00ab aura farming \u00bb, un mot qui fait r\u00e9f\u00e9rence \u00e0 une personne qui fait quelque chose de cool de mani\u00e8re performative ; \u00ab\u00a0clanker\u00a0\u00bb, une insulte destin\u00e9e aux robots et aux agents d&rsquo;IA se faisant passer pour des humains\u00a0; et \u00ab tradwife \u00bb, une femme qui croit et pratique les r\u00f4les de genre traditionnels au sein du mariage.<\/p>\n<p><em>(Si vous souhaitez conna\u00eetre les d\u00e9finitions de toute une s\u00e9rie d&rsquo;argots actuels qui ne sont pas encore parvenus sur Dictionary.com, consultez le glossaire de Vie Associative sur l&rsquo;argot Gen Z et Gen Alpha. Vous pourriez avoir besoin d&rsquo;aide pour d\u00e9coder<\/em><em>.<\/em>)<\/p>\n<h2 id=\"sam-altman-just-renames-chatgpt-6-to-chatgpt-6-7\">Sam Altman renomme simplement ChatGPT 6 en ChatGPT 6-7<\/h2>\n<p>Dans un article sur X vendredi, Sam Altman, PDG d&rsquo;OpenAI, a d\u00e9clar\u00e9 que GPT-6 serait renomm\u00e9 GPT-6-7. Voir?<\/p>\n<blockquote class=\"twitterEmbed twitter-tweet\"><p>\n    <a rel=\"nofollow noopener\" class=\"text-gray-600\" href=\"https:\/\/twitter.com\/sama\/status\/1984025727763935585\" title=\"open in a new window\" target=\"_blank\"><\/p>\n<p>        Ce Tweet est actuellement indisponible. Il est peut-\u00eatre en cours de chargement ou a \u00e9t\u00e9 supprim\u00e9.<br \/>\n    <\/a>\n<\/p><\/blockquote>\n<p>Altman n&rsquo;a fourni aucun autre d\u00e9tail, et ce n&rsquo;est probablement qu&rsquo;une blague en r\u00e9ponse au choix du mot de l&rsquo;ann\u00e9e de Dictionary.com. Mais \u00e7a me fait vraiment penser que le 6-7 est termin\u00e9. Comment tant de personnes extr\u00eamement pas cool peuvent-elles continuer \u00e0 utiliser votre mot \u00e0 la mode avant de devoir en trouver un nouveau\u00a0?<\/p>\n<h2 id=\"soulja-boy-is-selling-ai-smart-glasses\">Soulja Boy vend des lunettes intelligentes IA<\/h2>\n<p>Le rappeur Soulja Boy a 35 ans, il ressemble donc plus \u00e0 Soulja Middle-Aged-Man, mais le <em>esprit<\/em> de Soulja Boy est \u00e9ternellement jeune, surtout lorsqu&rsquo;il fait des choses comme vendre sa propre marque de \u00ab lunettes intelligentes IA \u00bb. Dans une publication r\u00e9cente sur son compte Instagram, Souljah a invit\u00e9 tout le monde \u00e0 \u00ab entrer dans le futur \u00bb et \u00e0 \u00ab voir le monde avec style \u00bb avec des lunettes intelligentes qui promettent \u00ab l&rsquo;innovation rencontre le goutte-\u00e0-goutte \u00bb. <\/p>\n<p>Alors que d&rsquo;autres personnes paient 800 $ pour les derni\u00e8res lunettes Meta, les lunettes intelligentes de Soulja Boy peuvent \u00eatre les v\u00f4tres pour seulement 64,50 $. Vous n&rsquo;obtiendrez pas d&rsquo;\u00e9cran ou de commande au poignet pour ce genre d&rsquo;argent. Au lieu de cela, les lunettes Soulja Boy offrent \u00ab un contr\u00f4le mains libres de la musique, des am\u00e9liorations des performances en direct et une connectivit\u00e9 transparente aux m\u00e9dias sociaux \u00bb. Je ne sais pas ce que tout cela signifie. Autres produits g\u00e9nials Soulja Boy que vous pouvez acheter : une console de jeu portable \u00e0 42 $ et des \u00e9couteurs Soulja Boy \u00e0 20 $. <\/p>\n<h2 id=\"characterai-shuts-down-teen-chats\">Character.ai ferme les discussions entre adolescents<\/h2>\n<p>Dans une d\u00e9marche qui ressemble beaucoup \u00e0 une r\u00e9ponse aux r\u00e9centes poursuites judiciaires, la principale plateforme de chatbot IA Character.ai a annonc\u00e9 qu&rsquo;elle n&rsquo;autoriserait plus toute personne de moins de 18 ans \u00e0 avoir des conversations ouvertes avec ses chatbots. La plateforme compte plus de 20 millions d&rsquo;utilisateurs ; officiellement, environ 53 % d&rsquo;entre eux ont entre 18 et 24 ans, et seulement 10 % ont moins de 18 ans. Mais il s&rsquo;agit d&rsquo;\u00e2ges autod\u00e9clar\u00e9s sans v\u00e9rification, il est donc impossible de savoir combien d&rsquo;utilisateurs sont secr\u00e8tement des enfants. Je suppose que c&rsquo;est bien plus de 10\u00a0%\u00a0: le but de la plate-forme est de permettre aux gens d&rsquo;interagir avec des \u00ab\u00a0personnages\u00a0\u00bb cr\u00e9\u00e9s par les utilisateurs et aliment\u00e9s par des mod\u00e8les d&rsquo;IA, et un rapide coup d&rsquo;\u0153il sur le site sugg\u00e8re que les personnages de dessins anim\u00e9s, les m\u00e8mes et les rappeurs dont vous n&rsquo;avez jamais entendu parler sont des \u00ab\u00a0personnages\u00a0\u00bb tr\u00e8s populaires sur le site. De plus, il est difficile de voir comment quelque chose comme \u00e7a pourrait susciter l\u2019int\u00e9r\u00eat d\u2019une personne de plus d\u2019un certain \u00e2ge. <\/p>\n<p>Quoi qu&rsquo;il en soit, si vous voulez v\u00e9rifier les types de conversations troublantes que les enfants ont avec les chatbots, ce rapport publi\u00e9 en septembre par les d\u00e9fenseurs de la s\u00e9curit\u00e9 en ligne Parents Together Action met en \u00e9vidence des interactions comme Rey de Star Wars donnant \u00e0 une jeune de 13 ans des conseils sur la fa\u00e7on de cacher qu&rsquo;elle ne prend pas les antid\u00e9presseurs prescrits par ses parents, et un robot de Patrick Mahomes offrant \u00e0 une jeune de 15 ans un produit comestible au cannabis.<\/p>\n<h2 id=\"troubling-tiktok-trend-of-the-week-sunglasses-on-waist\">Tendance TikTok troublante de la semaine\u00a0: lunettes de soleil \u00e0 la taille<\/h2>\n<p>TikTok semble jouer \u00e0 un jeu perp\u00e9tuel de frappe avec un contenu di\u00e9t\u00e9tique malsain. Des hashtags apparemment innocents comme \u00ab\u00a0ce que je mange dans une journ\u00e9e\u00a0\u00bb sont remplis de vid\u00e9os de personnes qui ne mangent clairement pas assez, et TikTok a compl\u00e8tement interdit le hashtag #skinnytok il y a quelques mois. La derni\u00e8re tendance est le \u00ab d\u00e9fi des lunettes de soleil \u00e0 la taille \u00bb, qui consiste \u00e0 voir si vos lunettes de soleil peuvent s&rsquo;adapter \u00e0 votre taille. (La mienne non, mais seulement parce que ma t\u00eate ne l&rsquo;est pas <em>gigantesque<\/em>.) Il n&rsquo;y a rien de particuli\u00e8rement nocif l\u00e0-dedans, je suppose, mais il y a des f\u00e9licitations implicites si vous parvenez \u00e0 le g\u00e9rer, car cela signifie que vous \u00eates <em>extr\u00eamement<\/em> maigre. C&rsquo;est le genre de technique de contournement de l&rsquo;interdiction qui met en \u00e9vidence la difficult\u00e9 d&rsquo;essayer d&rsquo;interdire des id\u00e9es, m\u00eame des id\u00e9es nuisibles. De toute fa\u00e7on, ils ont une fa\u00e7on de s\u2019\u00e9chapper. (M\u00eame si, pour ce que \u00e7a vaut, un certain nombre de TikToks \u00ab\u00a0Lunettes de soleil \u00e0 la taille\u00a0\u00bb qui apparaissent sur Google semblent avoir \u00e9t\u00e9 supprim\u00e9s, bien qu&rsquo;il ne soit pas clair si l&rsquo;application de m\u00e9dias sociaux les a interdits ou si les propri\u00e9taires du compte les ont supprim\u00e9s.)<\/p>\n<h2 id=\"viral-video-trend-of-the-week-beez-in-the-trap\">Tendance vid\u00e9o virale de la semaine\u00a0: Beez in the Trap<\/h2>\n<p>Le bop \u00ab\u00a0Beez in the Trap\u00a0\u00bb de Nicki Minaj en 2012 et le hit de 4 Non-Blonde en 1993 \u00ab\u00a0What&rsquo;s Going on?\u00a0\u00bb sont tous deux des bangers certifi\u00e9s \u00e0 leur mani\u00e8re, mais qui aurait pu deviner qu&rsquo;ils s&rsquo;assembleraient suffisamment bien pour inspirer des dizaines de milliers de vid\u00e9os m\u00e8mes sur TikTok ? <\/p>\n<p>Mais permettez-moi de commencer par une explication de \u00ab\u00a0Beez in the trap\u00a0\u00bb. Dans ce contexte, \u00ab beez \u00bb signifie \u00ab je suis toujours \u00bb et \u00ab pi\u00e8ge \u00bb signifiait autrefois un endroit o\u00f9 l&rsquo;on vend de la drogue, mais signifie d\u00e9sormais n&rsquo;importe quel endroit o\u00f9 l&rsquo;on gagne de l&rsquo;argent, comme un bureau, donc \u00ab je suis dans le pi\u00e8ge \u00bb signifie quelque chose comme \u00ab je me bats toujours pour gagner de l&rsquo;argent \u00bb. <\/p>\n<p>Passons aux vid\u00e9os m\u00e8mes\u00a0: elles fonctionnent comme ceci\u00a0: deux personnes se tiennent dos \u00e0 dos. La premi\u00e8re personne synchronise passionn\u00e9ment le refrain de la chanson de 4 Non Blonde, la cam\u00e9ra tourne vers la deuxi\u00e8me personne, qui fait \u00e9cho \u00e0 la contribution moins existentiellement angoissante de Minaj au mash up. C&rsquo;est une de ces choses qui fonctionne d&rsquo;une mani\u00e8re qui d\u00e9fie toute explication. Regarder:<\/p>\n<blockquote class=\"tiktokEmbed tiktok-embed\" data-video-id=\"7561961569404407053\" style=\"max-width: 605px;min-width: 325px;\">\n<section><\/section>\n<\/blockquote>\n<blockquote class=\"tiktokEmbed tiktok-embed\" data-video-id=\"7556026740770950413\" style=\"max-width: 605px;min-width: 325px;\">\n<section><\/section>\n<\/blockquote>\n<p>Quoi qu&rsquo;il en soit, la tendance s&rsquo;est r\u00e9pandue et des personnes c\u00e9l\u00e8bres ont commenc\u00e9 \u00e0 le faire aussi, comme les Kardashian :<\/p>\n<blockquote class=\"tiktokEmbed tiktok-embed\" data-video-id=\"7565179758338788622\" style=\"max-width: 605px;min-width: 325px;\">\n<section><\/section>\n<\/blockquote>\n<p>Et Jimmy Fallon :<\/p>\n<blockquote class=\"tiktokEmbed tiktok-embed\" data-video-id=\"7563451267578645791\" style=\"max-width: 605px;min-width: 325px;\">\n<section><\/section>\n<\/blockquote>\n<p>Je suppose qu&rsquo;il n&rsquo;est pas surprenant que les professionnels disent \u00ab\u00a0regardez <em>moi<\/em>!\u00a0\u00bb serait une tendance qui attirerait l&rsquo;attention, mais je pr\u00e9f\u00e8re de loin les vid\u00e9os de personnes normales. <\/p>\n<p><script async src=\"https:\/\/platform.twitter.com\/widgets.js\" charset=\"utf-8\"><\/script><script async src=\"\/\/www.tiktok.com\/embed.js\"><\/script><\/p>\n","protected":false},"excerpt":{"rendered":"<p>Ils n&rsquo;arr\u00eateront jamais de dire \u00ab\u00a0six dix-sept\u00a0\u00bb, n&rsquo;est-ce pas ? Au grand dam des nombres banals comme 35 et 192, le 6-7 a envahi la<\/p>\n","protected":false},"author":1,"featured_media":11077,"comment_status":"","ping_status":"","sticky":false,"template":"","format":"standard","meta":{"footnotes":""},"categories":[36],"tags":[899,2805,2806,29,324,76,461,396,1072,81,734],"class_list":["post-11076","post","type-post","status-publish","format-standard","has-post-thumbnail","hentry","category-divertissement","tag-adultes","tag-culture","tag-deconnectes","tag-des","tag-enfants","tag-est","tag-guide","tag-lannee","tag-mot","tag-pour","tag-pourquoi","generate-columns","tablet-grid-50","mobile-grid-100","grid-parent","grid-33"],"yoast_head":"<!-- This site is optimized with the Yoast SEO plugin v24.0 - https:\/\/yoast.com\/wordpress\/plugins\/seo\/ -->\n<title>Le guide de la culture des enfants pour adultes d\u00e9connect\u00e9s\u00a0: pourquoi \u00ab\u00a06-7\u00a0\u00bb est le mot de l&#039;ann\u00e9e | Vie Associative<\/title>\n<meta name=\"robots\" content=\"index, follow, max-snippet:-1, max-image-preview:large, max-video-preview:-1\" \/>\n<link rel=\"canonical\" href=\"https:\/\/vieassociative.be\/actualites\/le-guide-de-la-culture-des-enfants-pour-adultes-deconnectes-pourquoi-6-7-est-le-mot-de-lannee\/\" \/>\n<meta property=\"og:locale\" content=\"fr_FR\" \/>\n<meta property=\"og:type\" content=\"article\" \/>\n<meta property=\"og:title\" content=\"Le guide de la culture des enfants pour adultes d\u00e9connect\u00e9s\u00a0: pourquoi \u00ab\u00a06-7\u00a0\u00bb est le mot de l&#039;ann\u00e9e | Vie Associative\" \/>\n<meta property=\"og:description\" content=\"Ils n&rsquo;arr\u00eateront jamais de dire \u00ab\u00a0six dix-sept\u00a0\u00bb, n&rsquo;est-ce pas ? Au grand dam des nombres banals comme 35 et 192, le 6-7 a envahi la\" \/>\n<meta property=\"og:url\" content=\"https:\/\/vieassociative.be\/actualites\/le-guide-de-la-culture-des-enfants-pour-adultes-deconnectes-pourquoi-6-7-est-le-mot-de-lannee\/\" \/>\n<meta property=\"og:site_name\" content=\"Vie Associative\" \/>\n<meta property=\"article:published_time\" content=\"2025-11-03T18:17:52+00:00\" \/>\n<meta property=\"og:image\" content=\"https:\/\/vieassociative.be\/actualites\/wp-content\/uploads\/2025\/09\/1757726237_608_Meta-pourrait-devoiler-une-montre-intelligente-pour-controler-ses-lunettes.jpg\" \/>\n<meta name=\"author\" content=\"Julien\" \/>\n<meta name=\"twitter:card\" content=\"summary_large_image\" \/>\n<meta name=\"twitter:label1\" content=\"\u00c9crit par\" \/>\n\t<meta name=\"twitter:data1\" content=\"Julien\" \/>\n\t<meta name=\"twitter:label2\" content=\"Dur\u00e9e de lecture est.\" \/>\n\t<meta name=\"twitter:data2\" content=\"7 minutes\" \/>\n<script type=\"application\/ld+json\" class=\"yoast-schema-graph\">{\"@context\":\"https:\/\/schema.org\",\"@graph\":[{\"@type\":\"Article\",\"@id\":\"https:\/\/vieassociative.be\/actualites\/le-guide-de-la-culture-des-enfants-pour-adultes-deconnectes-pourquoi-6-7-est-le-mot-de-lannee\/#article\",\"isPartOf\":{\"@id\":\"https:\/\/vieassociative.be\/actualites\/le-guide-de-la-culture-des-enfants-pour-adultes-deconnectes-pourquoi-6-7-est-le-mot-de-lannee\/\"},\"author\":{\"name\":\"Julien\",\"@id\":\"https:\/\/vieassociative.be\/actualites\/#\/schema\/person\/b87ac4f82f9d4e7b7cec7395b679edc4\"},\"headline\":\"Le guide de la culture des enfants pour adultes d\u00e9connect\u00e9s\u00a0: pourquoi \u00ab\u00a06-7\u00a0\u00bb est le mot de l&rsquo;ann\u00e9e\",\"datePublished\":\"2025-11-03T18:17:52+00:00\",\"dateModified\":\"2025-11-03T18:17:52+00:00\",\"mainEntityOfPage\":{\"@id\":\"https:\/\/vieassociative.be\/actualites\/le-guide-de-la-culture-des-enfants-pour-adultes-deconnectes-pourquoi-6-7-est-le-mot-de-lannee\/\"},\"wordCount\":1534,\"publisher\":{\"@id\":\"https:\/\/vieassociative.be\/actualites\/#organization\"},\"image\":{\"@id\":\"https:\/\/vieassociative.be\/actualites\/le-guide-de-la-culture-des-enfants-pour-adultes-deconnectes-pourquoi-6-7-est-le-mot-de-lannee\/#primaryimage\"},\"thumbnailUrl\":\"https:\/\/vieassociative.be\/actualites\/wp-content\/uploads\/2025\/11\/Le-guide-de-la-culture-des-enfants-pour-adultes-deconnectes.png\",\"keywords\":[\"adultes\",\"culture\",\"d\u00e9connect\u00e9s\",\"Des\",\"enfants\",\"est\",\"Guide\",\"lann\u00e9e\",\"mot\",\"pour\",\"Pourquoi\"],\"articleSection\":[\"Divertissement\"],\"inLanguage\":\"fr-BE\"},{\"@type\":\"WebPage\",\"@id\":\"https:\/\/vieassociative.be\/actualites\/le-guide-de-la-culture-des-enfants-pour-adultes-deconnectes-pourquoi-6-7-est-le-mot-de-lannee\/\",\"url\":\"https:\/\/vieassociative.be\/actualites\/le-guide-de-la-culture-des-enfants-pour-adultes-deconnectes-pourquoi-6-7-est-le-mot-de-lannee\/\",\"name\":\"Le guide de la culture des enfants pour adultes d\u00e9connect\u00e9s\u00a0: pourquoi \u00ab\u00a06-7\u00a0\u00bb est le mot de l'ann\u00e9e | Vie Associative\",\"isPartOf\":{\"@id\":\"https:\/\/vieassociative.be\/actualites\/#website\"},\"primaryImageOfPage\":{\"@id\":\"https:\/\/vieassociative.be\/actualites\/le-guide-de-la-culture-des-enfants-pour-adultes-deconnectes-pourquoi-6-7-est-le-mot-de-lannee\/#primaryimage\"},\"image\":{\"@id\":\"https:\/\/vieassociative.be\/actualites\/le-guide-de-la-culture-des-enfants-pour-adultes-deconnectes-pourquoi-6-7-est-le-mot-de-lannee\/#primaryimage\"},\"thumbnailUrl\":\"https:\/\/vieassociative.be\/actualites\/wp-content\/uploads\/2025\/11\/Le-guide-de-la-culture-des-enfants-pour-adultes-deconnectes.png\",\"datePublished\":\"2025-11-03T18:17:52+00:00\",\"dateModified\":\"2025-11-03T18:17:52+00:00\",\"breadcrumb\":{\"@id\":\"https:\/\/vieassociative.be\/actualites\/le-guide-de-la-culture-des-enfants-pour-adultes-deconnectes-pourquoi-6-7-est-le-mot-de-lannee\/#breadcrumb\"},\"inLanguage\":\"fr-BE\",\"potentialAction\":[{\"@type\":\"ReadAction\",\"target\":[\"https:\/\/vieassociative.be\/actualites\/le-guide-de-la-culture-des-enfants-pour-adultes-deconnectes-pourquoi-6-7-est-le-mot-de-lannee\/\"]}]},{\"@type\":\"ImageObject\",\"inLanguage\":\"fr-BE\",\"@id\":\"https:\/\/vieassociative.be\/actualites\/le-guide-de-la-culture-des-enfants-pour-adultes-deconnectes-pourquoi-6-7-est-le-mot-de-lannee\/#primaryimage\",\"url\":\"https:\/\/vieassociative.be\/actualites\/wp-content\/uploads\/2025\/11\/Le-guide-de-la-culture-des-enfants-pour-adultes-deconnectes.png\",\"contentUrl\":\"https:\/\/vieassociative.be\/actualites\/wp-content\/uploads\/2025\/11\/Le-guide-de-la-culture-des-enfants-pour-adultes-deconnectes.png\",\"width\":1200,\"height\":675,\"caption\":\"Le guide de la culture des enfants pour adultes d\u00e9connect\u00e9s\u00a0: pourquoi \u00ab\u00a06-7\u00a0\u00bb est le mot de l'ann\u00e9e\"},{\"@type\":\"BreadcrumbList\",\"@id\":\"https:\/\/vieassociative.be\/actualites\/le-guide-de-la-culture-des-enfants-pour-adultes-deconnectes-pourquoi-6-7-est-le-mot-de-lannee\/#breadcrumb\",\"itemListElement\":[{\"@type\":\"ListItem\",\"position\":1,\"name\":\"Accueil\",\"item\":\"https:\/\/vieassociative.be\/actualites\/\"},{\"@type\":\"ListItem\",\"position\":2,\"name\":\"Le guide de la culture des enfants pour adultes d\u00e9connect\u00e9s\u00a0: pourquoi \u00ab\u00a06-7\u00a0\u00bb est le mot de l&rsquo;ann\u00e9e\"}]},{\"@type\":\"WebSite\",\"@id\":\"https:\/\/vieassociative.be\/actualites\/#website\",\"url\":\"https:\/\/vieassociative.be\/actualites\/\",\"name\":\"Vie Associative\",\"description\":\"\",\"publisher\":{\"@id\":\"https:\/\/vieassociative.be\/actualites\/#organization\"},\"potentialAction\":[{\"@type\":\"SearchAction\",\"target\":{\"@type\":\"EntryPoint\",\"urlTemplate\":\"https:\/\/vieassociative.be\/actualites\/?s={search_term_string}\"},\"query-input\":{\"@type\":\"PropertyValueSpecification\",\"valueRequired\":true,\"valueName\":\"search_term_string\"}}],\"inLanguage\":\"fr-BE\"},{\"@type\":\"Organization\",\"@id\":\"https:\/\/vieassociative.be\/actualites\/#organization\",\"name\":\"Vie Associative\",\"url\":\"https:\/\/vieassociative.be\/actualites\/\",\"logo\":{\"@type\":\"ImageObject\",\"inLanguage\":\"fr-BE\",\"@id\":\"https:\/\/vieassociative.be\/actualites\/#\/schema\/logo\/image\/\",\"url\":\"https:\/\/vieassociative.be\/actualites\/wp-content\/uploads\/2024\/09\/cropped-vieassociative_favicon.ico.png\",\"contentUrl\":\"https:\/\/vieassociative.be\/actualites\/wp-content\/uploads\/2024\/09\/cropped-vieassociative_favicon.ico.png\",\"width\":512,\"height\":512,\"caption\":\"Vie Associative\"},\"image\":{\"@id\":\"https:\/\/vieassociative.be\/actualites\/#\/schema\/logo\/image\/\"}},{\"@type\":\"Person\",\"@id\":\"https:\/\/vieassociative.be\/actualites\/#\/schema\/person\/b87ac4f82f9d4e7b7cec7395b679edc4\",\"name\":\"Julien\",\"image\":{\"@type\":\"ImageObject\",\"inLanguage\":\"fr-BE\",\"@id\":\"https:\/\/vieassociative.be\/actualites\/#\/schema\/person\/image\/\",\"url\":\"https:\/\/vieassociative.be\/actualites\/wp-content\/uploads\/2024\/09\/vie-associative-1-150x150.jpg\",\"contentUrl\":\"https:\/\/vieassociative.be\/actualites\/wp-content\/uploads\/2024\/09\/vie-associative-1-150x150.jpg\",\"caption\":\"Julien\"},\"description\":\"Je suis Julien, r\u00e9dacteur pour Vie Associative. Passionn\u00e9 par le monde associatif depuis plus de 10 ans, j'ai \u00e0 c\u0153ur de partager des histoires inspirantes et de mettre en lumi\u00e8re les initiatives locales. Mon objectif est de sensibiliser et d'encourager l'engagement communautaire \u00e0 travers mes articles.\",\"sameAs\":[\"https:\/\/vieassociative.be\/\"]}]}<\/script>\n<!-- \/ Yoast SEO plugin. -->","yoast_head_json":{"title":"Le guide de la culture des enfants pour adultes d\u00e9connect\u00e9s\u00a0: pourquoi \u00ab\u00a06-7\u00a0\u00bb est le mot de l'ann\u00e9e | Vie Associative","robots":{"index":"index","follow":"follow","max-snippet":"max-snippet:-1","max-image-preview":"max-image-preview:large","max-video-preview":"max-video-preview:-1"},"canonical":"https:\/\/vieassociative.be\/actualites\/le-guide-de-la-culture-des-enfants-pour-adultes-deconnectes-pourquoi-6-7-est-le-mot-de-lannee\/","og_locale":"fr_FR","og_type":"article","og_title":"Le guide de la culture des enfants pour adultes d\u00e9connect\u00e9s\u00a0: pourquoi \u00ab\u00a06-7\u00a0\u00bb est le mot de l'ann\u00e9e | Vie Associative","og_description":"Ils n&rsquo;arr\u00eateront jamais de dire \u00ab\u00a0six dix-sept\u00a0\u00bb, n&rsquo;est-ce pas ? Au grand dam des nombres banals comme 35 et 192, le 6-7 a envahi la","og_url":"https:\/\/vieassociative.be\/actualites\/le-guide-de-la-culture-des-enfants-pour-adultes-deconnectes-pourquoi-6-7-est-le-mot-de-lannee\/","og_site_name":"Vie Associative","article_published_time":"2025-11-03T18:17:52+00:00","og_image":[{"url":"https:\/\/vieassociative.be\/actualites\/wp-content\/uploads\/2025\/09\/1757726237_608_Meta-pourrait-devoiler-une-montre-intelligente-pour-controler-ses-lunettes.jpg","type":"","width":"","height":""}],"author":"Julien","twitter_card":"summary_large_image","twitter_misc":{"\u00c9crit par":"Julien","Dur\u00e9e de lecture est.":"7 minutes"},"schema":{"@context":"https:\/\/schema.org","@graph":[{"@type":"Article","@id":"https:\/\/vieassociative.be\/actualites\/le-guide-de-la-culture-des-enfants-pour-adultes-deconnectes-pourquoi-6-7-est-le-mot-de-lannee\/#article","isPartOf":{"@id":"https:\/\/vieassociative.be\/actualites\/le-guide-de-la-culture-des-enfants-pour-adultes-deconnectes-pourquoi-6-7-est-le-mot-de-lannee\/"},"author":{"name":"Julien","@id":"https:\/\/vieassociative.be\/actualites\/#\/schema\/person\/b87ac4f82f9d4e7b7cec7395b679edc4"},"headline":"Le guide de la culture des enfants pour adultes d\u00e9connect\u00e9s\u00a0: pourquoi \u00ab\u00a06-7\u00a0\u00bb est le mot de l&rsquo;ann\u00e9e","datePublished":"2025-11-03T18:17:52+00:00","dateModified":"2025-11-03T18:17:52+00:00","mainEntityOfPage":{"@id":"https:\/\/vieassociative.be\/actualites\/le-guide-de-la-culture-des-enfants-pour-adultes-deconnectes-pourquoi-6-7-est-le-mot-de-lannee\/"},"wordCount":1534,"publisher":{"@id":"https:\/\/vieassociative.be\/actualites\/#organization"},"image":{"@id":"https:\/\/vieassociative.be\/actualites\/le-guide-de-la-culture-des-enfants-pour-adultes-deconnectes-pourquoi-6-7-est-le-mot-de-lannee\/#primaryimage"},"thumbnailUrl":"https:\/\/vieassociative.be\/actualites\/wp-content\/uploads\/2025\/11\/Le-guide-de-la-culture-des-enfants-pour-adultes-deconnectes.png","keywords":["adultes","culture","d\u00e9connect\u00e9s","Des","enfants","est","Guide","lann\u00e9e","mot","pour","Pourquoi"],"articleSection":["Divertissement"],"inLanguage":"fr-BE"},{"@type":"WebPage","@id":"https:\/\/vieassociative.be\/actualites\/le-guide-de-la-culture-des-enfants-pour-adultes-deconnectes-pourquoi-6-7-est-le-mot-de-lannee\/","url":"https:\/\/vieassociative.be\/actualites\/le-guide-de-la-culture-des-enfants-pour-adultes-deconnectes-pourquoi-6-7-est-le-mot-de-lannee\/","name":"Le guide de la culture des enfants pour adultes d\u00e9connect\u00e9s\u00a0: pourquoi \u00ab\u00a06-7\u00a0\u00bb est le mot de l'ann\u00e9e | Vie Associative","isPartOf":{"@id":"https:\/\/vieassociative.be\/actualites\/#website"},"primaryImageOfPage":{"@id":"https:\/\/vieassociative.be\/actualites\/le-guide-de-la-culture-des-enfants-pour-adultes-deconnectes-pourquoi-6-7-est-le-mot-de-lannee\/#primaryimage"},"image":{"@id":"https:\/\/vieassociative.be\/actualites\/le-guide-de-la-culture-des-enfants-pour-adultes-deconnectes-pourquoi-6-7-est-le-mot-de-lannee\/#primaryimage"},"thumbnailUrl":"https:\/\/vieassociative.be\/actualites\/wp-content\/uploads\/2025\/11\/Le-guide-de-la-culture-des-enfants-pour-adultes-deconnectes.png","datePublished":"2025-11-03T18:17:52+00:00","dateModified":"2025-11-03T18:17:52+00:00","breadcrumb":{"@id":"https:\/\/vieassociative.be\/actualites\/le-guide-de-la-culture-des-enfants-pour-adultes-deconnectes-pourquoi-6-7-est-le-mot-de-lannee\/#breadcrumb"},"inLanguage":"fr-BE","potentialAction":[{"@type":"ReadAction","target":["https:\/\/vieassociative.be\/actualites\/le-guide-de-la-culture-des-enfants-pour-adultes-deconnectes-pourquoi-6-7-est-le-mot-de-lannee\/"]}]},{"@type":"ImageObject","inLanguage":"fr-BE","@id":"https:\/\/vieassociative.be\/actualites\/le-guide-de-la-culture-des-enfants-pour-adultes-deconnectes-pourquoi-6-7-est-le-mot-de-lannee\/#primaryimage","url":"https:\/\/vieassociative.be\/actualites\/wp-content\/uploads\/2025\/11\/Le-guide-de-la-culture-des-enfants-pour-adultes-deconnectes.png","contentUrl":"https:\/\/vieassociative.be\/actualites\/wp-content\/uploads\/2025\/11\/Le-guide-de-la-culture-des-enfants-pour-adultes-deconnectes.png","width":1200,"height":675,"caption":"Le guide de la culture des enfants pour adultes d\u00e9connect\u00e9s\u00a0: pourquoi \u00ab\u00a06-7\u00a0\u00bb est le mot de l'ann\u00e9e"},{"@type":"BreadcrumbList","@id":"https:\/\/vieassociative.be\/actualites\/le-guide-de-la-culture-des-enfants-pour-adultes-deconnectes-pourquoi-6-7-est-le-mot-de-lannee\/#breadcrumb","itemListElement":[{"@type":"ListItem","position":1,"name":"Accueil","item":"https:\/\/vieassociative.be\/actualites\/"},{"@type":"ListItem","position":2,"name":"Le guide de la culture des enfants pour adultes d\u00e9connect\u00e9s\u00a0: pourquoi \u00ab\u00a06-7\u00a0\u00bb est le mot de l&rsquo;ann\u00e9e"}]},{"@type":"WebSite","@id":"https:\/\/vieassociative.be\/actualites\/#website","url":"https:\/\/vieassociative.be\/actualites\/","name":"Vie Associative","description":"","publisher":{"@id":"https:\/\/vieassociative.be\/actualites\/#organization"},"potentialAction":[{"@type":"SearchAction","target":{"@type":"EntryPoint","urlTemplate":"https:\/\/vieassociative.be\/actualites\/?s={search_term_string}"},"query-input":{"@type":"PropertyValueSpecification","valueRequired":true,"valueName":"search_term_string"}}],"inLanguage":"fr-BE"},{"@type":"Organization","@id":"https:\/\/vieassociative.be\/actualites\/#organization","name":"Vie Associative","url":"https:\/\/vieassociative.be\/actualites\/","logo":{"@type":"ImageObject","inLanguage":"fr-BE","@id":"https:\/\/vieassociative.be\/actualites\/#\/schema\/logo\/image\/","url":"https:\/\/vieassociative.be\/actualites\/wp-content\/uploads\/2024\/09\/cropped-vieassociative_favicon.ico.png","contentUrl":"https:\/\/vieassociative.be\/actualites\/wp-content\/uploads\/2024\/09\/cropped-vieassociative_favicon.ico.png","width":512,"height":512,"caption":"Vie Associative"},"image":{"@id":"https:\/\/vieassociative.be\/actualites\/#\/schema\/logo\/image\/"}},{"@type":"Person","@id":"https:\/\/vieassociative.be\/actualites\/#\/schema\/person\/b87ac4f82f9d4e7b7cec7395b679edc4","name":"Julien","image":{"@type":"ImageObject","inLanguage":"fr-BE","@id":"https:\/\/vieassociative.be\/actualites\/#\/schema\/person\/image\/","url":"https:\/\/vieassociative.be\/actualites\/wp-content\/uploads\/2024\/09\/vie-associative-1-150x150.jpg","contentUrl":"https:\/\/vieassociative.be\/actualites\/wp-content\/uploads\/2024\/09\/vie-associative-1-150x150.jpg","caption":"Julien"},"description":"Je suis Julien, r\u00e9dacteur pour Vie Associative. Passionn\u00e9 par le monde associatif depuis plus de 10 ans, j'ai \u00e0 c\u0153ur de partager des histoires inspirantes et de mettre en lumi\u00e8re les initiatives locales. Mon objectif est de sensibiliser et d'encourager l'engagement communautaire \u00e0 travers mes articles.","sameAs":["https:\/\/vieassociative.be\/"]}]}},"_links":{"self":[{"href":"https:\/\/vieassociative.be\/actualites\/wp-json\/wp\/v2\/posts\/11076"}],"collection":[{"href":"https:\/\/vieassociative.be\/actualites\/wp-json\/wp\/v2\/posts"}],"about":[{"href":"https:\/\/vieassociative.be\/actualites\/wp-json\/wp\/v2\/types\/post"}],"author":[{"embeddable":true,"href":"https:\/\/vieassociative.be\/actualites\/wp-json\/wp\/v2\/users\/1"}],"replies":[{"embeddable":true,"href":"https:\/\/vieassociative.be\/actualites\/wp-json\/wp\/v2\/comments?post=11076"}],"version-history":[{"count":0,"href":"https:\/\/vieassociative.be\/actualites\/wp-json\/wp\/v2\/posts\/11076\/revisions"}],"wp:featuredmedia":[{"embeddable":true,"href":"https:\/\/vieassociative.be\/actualites\/wp-json\/wp\/v2\/media\/11077"}],"wp:attachment":[{"href":"https:\/\/vieassociative.be\/actualites\/wp-json\/wp\/v2\/media?parent=11076"}],"wp:term":[{"taxonomy":"category","embeddable":true,"href":"https:\/\/vieassociative.be\/actualites\/wp-json\/wp\/v2\/categories?post=11076"},{"taxonomy":"post_tag","embeddable":true,"href":"https:\/\/vieassociative.be\/actualites\/wp-json\/wp\/v2\/tags?post=11076"}],"curies":[{"name":"wp","href":"https:\/\/api.w.org\/{rel}","templated":true}]}}