{"id":11074,"date":"2025-11-03T15:17:46","date_gmt":"2025-11-03T14:17:46","guid":{"rendered":"https:\/\/vieassociative.be\/actualites\/semaine-de-la-derniere-chance-pour-le-premier-ministre-de-wever\/"},"modified":"2025-11-03T15:17:46","modified_gmt":"2025-11-03T14:17:46","slug":"semaine-de-la-derniere-chance-pour-le-premier-ministre-de-wever","status":"publish","type":"post","link":"https:\/\/vieassociative.be\/actualites\/semaine-de-la-derniere-chance-pour-le-premier-ministre-de-wever\/","title":{"rendered":"\u00ab Semaine de la derni\u00e8re chance \u00bb pour le Premier ministre De Wever ?"},"content":{"rendered":"<p><strong>Le gouvernement f\u00e9d\u00e9ral se r\u00e9unit ce lundi pour parvenir \u00e0 un accord sur le budget 2026, qui devrait permettre d&rsquo;\u00e9conomiser dix milliards d&rsquo;euros suppl\u00e9mentaires d&rsquo;ici la fin de la l\u00e9gislature. Si aucun accord n&rsquo;est trouv\u00e9 d&rsquo;ici jeudi, il n&rsquo;est pas \u00e0 exclure que le Premier ministre Bart De Wever (N-VA) pr\u00e9sente sa d\u00e9mission au roi.<\/strong><\/p>\n<p><span id=\"more-428751\"><\/span>De Wever doit pr\u00e9senter lundi une nouvelle proposition aux vice-Premiers ministres apr\u00e8s les avoir rencontr\u00e9s en t\u00eate-\u00e0-t\u00eate la semaine derni\u00e8re.<\/p>\n<p>Le compte \u00e0 rebours est lanc\u00e9. Les partis du gouvernement de l&rsquo;Arizona (N-VA, MR, Vooruit, Les Engag\u00e9s et CD&#038;V) doivent se mettre d&rsquo;accord sur dix milliards d&rsquo;euros suppl\u00e9mentaires s&rsquo;ils veulent respecter les engagements budg\u00e9taires de la Belgique envers l&rsquo;UE.<\/p>\n<div id=\"attachment_151841\" class=\"wp-caption alignleft\" style=\"max-width: 300px\"><img fetchpriority=\"high\" decoding=\"async\" class=\"wp-image-151841 size-medium\" src=\"https:\/\/vieassociative.be\/actualites\/wp-content\/uploads\/2025\/11\/Semaine-de-la-derniere-chance-pour-le-Premier.jpg\" alt=\"\" width=\"300\" height=\"210\"  ><\/div>\n<p>Depuis plusieurs semaines, De Wever tente de parvenir \u00e0 un consensus autour de quatre mesures : augmenter la TVA, suspendre l&rsquo;ajustement de l&rsquo;indice, diminuer le taux de croissance du secteur de la sant\u00e9 et intensifier les efforts pour ramener au travail les malades de longue dur\u00e9e.<\/p>\n<p>Plusieurs propositions ont \u00e9t\u00e9 avanc\u00e9es, mais aucune n&rsquo;a r\u00e9ussi \u00e0 satisfaire tous les partenaires de la coalition, soit parce qu&rsquo;ils &#8211; comme le MR &#8211; rejettent toute augmentation d&rsquo;imp\u00f4ts, soit parce que &#8211; comme le Vooruit &#8211; ils veulent imposer une charge plus lourde aux plus hauts revenus.<\/p>\n<p>Apr\u00e8s quelques jours de \u00ab cessez-le-feu \u00bb\u2070, le Premier ministre a de nouveau rencontr\u00e9 ses vice-Premiers ministres pour des entretiens bilat\u00e9raux afin de recueillir leurs avis sur de nouvelles formules. Selon des sources fiables, il n&rsquo;y a eu aucun changement majeur par rapport aux discussions pr\u00e9c\u00e9dentes. On a dit que les tensions s&rsquo;\u00e9taient quelque peu apais\u00e9es, mais le risque d&rsquo;une chute du gouvernement \u00e9tait toujours bien r\u00e9el.<\/p>\n<div id=\"attachment_394584\" class=\"wp-caption alignleft\" style=\"max-width: 300px\"><img decoding=\"async\" class=\"wp-image-394584 size-medium\" src=\"https:\/\/vieassociative.be\/actualites\/wp-content\/uploads\/2025\/11\/1762179466_0_Semaine-de-la-derniere-chance-pour-le-Premier.jpg\" alt=\"\" width=\"300\" height=\"200\"  ><\/div>\n<p>\u00ab\u00a0J&rsquo;esp\u00e8re que chacun fera appel \u00e0 son intelligence. Une d\u00e9mission du gouvernement nous plongerait dans une instabilit\u00e9 totale et serait un cadeau incroyable pour nos ennemis\u00a0\u00bb, a pr\u00e9venu dimanche le ministre de la D\u00e9fense Theo Francken (N-VA).<\/p>\n<p>La Franconie est aux prises depuis plusieurs jours avec des drones survolant des endroits strat\u00e9giques. Sa guerre des mots avec l\u2019agitateur russe Dimitri Medvedev a m\u00eame fait la une des journaux internationaux.<\/p>\n<p>L\u2019\u00e9l\u00e9ment d\u00e9clencheur a \u00e9t\u00e9 une interview accord\u00e9e par Francken au magazine flamand \u00ab Humo \u00bb. Dans ce document, le ministre belge a d\u00e9clar\u00e9 que si le pr\u00e9sident russe Vladimir Poutine tirait un missile sur Bruxelles, l\u2019OTAN \u00ab raserait Moscou \u00bb. Medvedev a r\u00e9pondu \u00e0 cela sur Plateforme X et a qualifi\u00e9 Francken de \u00ab stupide \u00bb.<\/p>\n<p>Francken \u00e0 propos des d\u00e9lib\u00e9rations difficiles sur le budget 2026 : \u00ab\u00a0Nous devons rester calmes, il y aura un compromis. Nous devons continuer \u00e0 gouverner et je pense que Bart De Wever fait un excellent travail. Ce n&rsquo;est pas facile de gouverner ce pays. C&rsquo;est une t\u00e2che difficile, mais il n&rsquo;y a pas d&rsquo;alternative.\u00a0\u00bb (cr\u00e9er)<\/p>\n","protected":false},"excerpt":{"rendered":"<p>Le gouvernement f\u00e9d\u00e9ral se r\u00e9unit ce lundi pour parvenir \u00e0 un accord sur le budget 2026, qui devrait permettre d&rsquo;\u00e9conomiser dix milliards d&rsquo;euros suppl\u00e9mentaires d&rsquo;ici<\/p>\n","protected":false},"author":1,"featured_media":11075,"comment_status":"","ping_status":"","sticky":false,"template":"","format":"standard","meta":{"footnotes":""},"categories":[298],"tags":[5810,139,1245,81,443,1348,2755],"class_list":["post-11074","post","type-post","status-publish","format-standard","has-post-thumbnail","hentry","category-belgique","tag-chance","tag-derniere","tag-ministre","tag-pour","tag-premier","tag-semaine","tag-wever","generate-columns","tablet-grid-50","mobile-grid-100","grid-parent","grid-33"],"yoast_head":"<!-- This site is optimized with the Yoast SEO plugin v24.0 - https:\/\/yoast.com\/wordpress\/plugins\/seo\/ -->\n<title>\u00ab Semaine de la derni\u00e8re chance \u00bb pour le Premier ministre De Wever ? | Vie Associative<\/title>\n<meta name=\"robots\" content=\"index, follow, max-snippet:-1, max-image-preview:large, max-video-preview:-1\" \/>\n<link rel=\"canonical\" href=\"https:\/\/vieassociative.be\/actualites\/semaine-de-la-derniere-chance-pour-le-premier-ministre-de-wever\/\" \/>\n<meta property=\"og:locale\" content=\"fr_FR\" \/>\n<meta property=\"og:type\" content=\"article\" \/>\n<meta property=\"og:title\" content=\"\u00ab Semaine de la derni\u00e8re chance \u00bb pour le Premier ministre De Wever ? | Vie Associative\" \/>\n<meta property=\"og:description\" content=\"Le gouvernement f\u00e9d\u00e9ral se r\u00e9unit ce lundi pour parvenir \u00e0 un accord sur le budget 2026, qui devrait permettre d&rsquo;\u00e9conomiser dix milliards d&rsquo;euros suppl\u00e9mentaires d&rsquo;ici\" \/>\n<meta property=\"og:url\" content=\"https:\/\/vieassociative.be\/actualites\/semaine-de-la-derniere-chance-pour-le-premier-ministre-de-wever\/\" \/>\n<meta property=\"og:site_name\" content=\"Vie Associative\" \/>\n<meta property=\"article:published_time\" content=\"2025-11-03T14:17:46+00:00\" \/>\n<meta property=\"og:image\" content=\"https:\/\/vieassociative.be\/actualites\/wp-content\/uploads\/2024\/09\/header_backgroundk-01-e1726694325946.png\" \/>\n\t<meta property=\"og:image:width\" content=\"279\" \/>\n\t<meta property=\"og:image:height\" content=\"92\" \/>\n\t<meta property=\"og:image:type\" content=\"image\/png\" \/>\n<meta name=\"author\" content=\"Julien\" \/>\n<meta name=\"twitter:card\" content=\"summary_large_image\" \/>\n<meta name=\"twitter:label1\" content=\"\u00c9crit par\" \/>\n\t<meta name=\"twitter:data1\" content=\"Julien\" \/>\n\t<meta name=\"twitter:label2\" content=\"Dur\u00e9e de lecture est.\" \/>\n\t<meta name=\"twitter:data2\" content=\"2 minutes\" \/>\n<script type=\"application\/ld+json\" class=\"yoast-schema-graph\">{\"@context\":\"https:\/\/schema.org\",\"@graph\":[{\"@type\":\"Article\",\"@id\":\"https:\/\/vieassociative.be\/actualites\/semaine-de-la-derniere-chance-pour-le-premier-ministre-de-wever\/#article\",\"isPartOf\":{\"@id\":\"https:\/\/vieassociative.be\/actualites\/semaine-de-la-derniere-chance-pour-le-premier-ministre-de-wever\/\"},\"author\":{\"name\":\"Julien\",\"@id\":\"https:\/\/vieassociative.be\/actualites\/#\/schema\/person\/b87ac4f82f9d4e7b7cec7395b679edc4\"},\"headline\":\"\u00ab Semaine de la derni\u00e8re chance \u00bb pour le Premier ministre De Wever ?\",\"datePublished\":\"2025-11-03T14:17:46+00:00\",\"dateModified\":\"2025-11-03T14:17:46+00:00\",\"mainEntityOfPage\":{\"@id\":\"https:\/\/vieassociative.be\/actualites\/semaine-de-la-derniere-chance-pour-le-premier-ministre-de-wever\/\"},\"wordCount\":517,\"publisher\":{\"@id\":\"https:\/\/vieassociative.be\/actualites\/#organization\"},\"image\":{\"@id\":\"https:\/\/vieassociative.be\/actualites\/semaine-de-la-derniere-chance-pour-le-premier-ministre-de-wever\/#primaryimage\"},\"thumbnailUrl\":\"https:\/\/vieassociative.be\/actualites\/wp-content\/uploads\/2025\/11\/1762179466_Semaine-de-la-derniere-chance-pour-le-Premier.jpg\",\"keywords\":[\"chance\",\"derni\u00e8re\",\"ministre\",\"pour\",\"premier\",\"semaine\",\"Wever\"],\"articleSection\":[\"Belgique\"],\"inLanguage\":\"fr-BE\"},{\"@type\":\"WebPage\",\"@id\":\"https:\/\/vieassociative.be\/actualites\/semaine-de-la-derniere-chance-pour-le-premier-ministre-de-wever\/\",\"url\":\"https:\/\/vieassociative.be\/actualites\/semaine-de-la-derniere-chance-pour-le-premier-ministre-de-wever\/\",\"name\":\"\u00ab Semaine de la derni\u00e8re chance \u00bb pour le Premier ministre De Wever ? | Vie Associative\",\"isPartOf\":{\"@id\":\"https:\/\/vieassociative.be\/actualites\/#website\"},\"primaryImageOfPage\":{\"@id\":\"https:\/\/vieassociative.be\/actualites\/semaine-de-la-derniere-chance-pour-le-premier-ministre-de-wever\/#primaryimage\"},\"image\":{\"@id\":\"https:\/\/vieassociative.be\/actualites\/semaine-de-la-derniere-chance-pour-le-premier-ministre-de-wever\/#primaryimage\"},\"thumbnailUrl\":\"https:\/\/vieassociative.be\/actualites\/wp-content\/uploads\/2025\/11\/1762179466_Semaine-de-la-derniere-chance-pour-le-Premier.jpg\",\"datePublished\":\"2025-11-03T14:17:46+00:00\",\"dateModified\":\"2025-11-03T14:17:46+00:00\",\"breadcrumb\":{\"@id\":\"https:\/\/vieassociative.be\/actualites\/semaine-de-la-derniere-chance-pour-le-premier-ministre-de-wever\/#breadcrumb\"},\"inLanguage\":\"fr-BE\",\"potentialAction\":[{\"@type\":\"ReadAction\",\"target\":[\"https:\/\/vieassociative.be\/actualites\/semaine-de-la-derniere-chance-pour-le-premier-ministre-de-wever\/\"]}]},{\"@type\":\"ImageObject\",\"inLanguage\":\"fr-BE\",\"@id\":\"https:\/\/vieassociative.be\/actualites\/semaine-de-la-derniere-chance-pour-le-premier-ministre-de-wever\/#primaryimage\",\"url\":\"https:\/\/vieassociative.be\/actualites\/wp-content\/uploads\/2025\/11\/1762179466_Semaine-de-la-derniere-chance-pour-le-Premier.jpg\",\"contentUrl\":\"https:\/\/vieassociative.be\/actualites\/wp-content\/uploads\/2025\/11\/1762179466_Semaine-de-la-derniere-chance-pour-le-Premier.jpg\",\"width\":1200,\"height\":800,\"caption\":\"\u00ab Semaine de la derni\u00e8re chance \u00bb pour le Premier ministre De Wever ?\"},{\"@type\":\"BreadcrumbList\",\"@id\":\"https:\/\/vieassociative.be\/actualites\/semaine-de-la-derniere-chance-pour-le-premier-ministre-de-wever\/#breadcrumb\",\"itemListElement\":[{\"@type\":\"ListItem\",\"position\":1,\"name\":\"Accueil\",\"item\":\"https:\/\/vieassociative.be\/actualites\/\"},{\"@type\":\"ListItem\",\"position\":2,\"name\":\"\u00ab Semaine de la derni\u00e8re chance \u00bb pour le Premier ministre De Wever ?\"}]},{\"@type\":\"WebSite\",\"@id\":\"https:\/\/vieassociative.be\/actualites\/#website\",\"url\":\"https:\/\/vieassociative.be\/actualites\/\",\"name\":\"Vie Associative\",\"description\":\"\",\"publisher\":{\"@id\":\"https:\/\/vieassociative.be\/actualites\/#organization\"},\"potentialAction\":[{\"@type\":\"SearchAction\",\"target\":{\"@type\":\"EntryPoint\",\"urlTemplate\":\"https:\/\/vieassociative.be\/actualites\/?s={search_term_string}\"},\"query-input\":{\"@type\":\"PropertyValueSpecification\",\"valueRequired\":true,\"valueName\":\"search_term_string\"}}],\"inLanguage\":\"fr-BE\"},{\"@type\":\"Organization\",\"@id\":\"https:\/\/vieassociative.be\/actualites\/#organization\",\"name\":\"Vie Associative\",\"url\":\"https:\/\/vieassociative.be\/actualites\/\",\"logo\":{\"@type\":\"ImageObject\",\"inLanguage\":\"fr-BE\",\"@id\":\"https:\/\/vieassociative.be\/actualites\/#\/schema\/logo\/image\/\",\"url\":\"https:\/\/vieassociative.be\/actualites\/wp-content\/uploads\/2024\/09\/cropped-vieassociative_favicon.ico.png\",\"contentUrl\":\"https:\/\/vieassociative.be\/actualites\/wp-content\/uploads\/2024\/09\/cropped-vieassociative_favicon.ico.png\",\"width\":512,\"height\":512,\"caption\":\"Vie Associative\"},\"image\":{\"@id\":\"https:\/\/vieassociative.be\/actualites\/#\/schema\/logo\/image\/\"}},{\"@type\":\"Person\",\"@id\":\"https:\/\/vieassociative.be\/actualites\/#\/schema\/person\/b87ac4f82f9d4e7b7cec7395b679edc4\",\"name\":\"Julien\",\"image\":{\"@type\":\"ImageObject\",\"inLanguage\":\"fr-BE\",\"@id\":\"https:\/\/vieassociative.be\/actualites\/#\/schema\/person\/image\/\",\"url\":\"https:\/\/vieassociative.be\/actualites\/wp-content\/uploads\/2024\/09\/vie-associative-1-150x150.jpg\",\"contentUrl\":\"https:\/\/vieassociative.be\/actualites\/wp-content\/uploads\/2024\/09\/vie-associative-1-150x150.jpg\",\"caption\":\"Julien\"},\"description\":\"Je suis Julien, r\u00e9dacteur pour Vie Associative. Passionn\u00e9 par le monde associatif depuis plus de 10 ans, j'ai \u00e0 c\u0153ur de partager des histoires inspirantes et de mettre en lumi\u00e8re les initiatives locales. Mon objectif est de sensibiliser et d'encourager l'engagement communautaire \u00e0 travers mes articles.\",\"sameAs\":[\"https:\/\/vieassociative.be\/\"]}]}<\/script>\n<!-- \/ Yoast SEO plugin. -->","yoast_head_json":{"title":"\u00ab Semaine de la derni\u00e8re chance \u00bb pour le Premier ministre De Wever ? | Vie Associative","robots":{"index":"index","follow":"follow","max-snippet":"max-snippet:-1","max-image-preview":"max-image-preview:large","max-video-preview":"max-video-preview:-1"},"canonical":"https:\/\/vieassociative.be\/actualites\/semaine-de-la-derniere-chance-pour-le-premier-ministre-de-wever\/","og_locale":"fr_FR","og_type":"article","og_title":"\u00ab Semaine de la derni\u00e8re chance \u00bb pour le Premier ministre De Wever ? | Vie Associative","og_description":"Le gouvernement f\u00e9d\u00e9ral se r\u00e9unit ce lundi pour parvenir \u00e0 un accord sur le budget 2026, qui devrait permettre d&rsquo;\u00e9conomiser dix milliards d&rsquo;euros suppl\u00e9mentaires d&rsquo;ici","og_url":"https:\/\/vieassociative.be\/actualites\/semaine-de-la-derniere-chance-pour-le-premier-ministre-de-wever\/","og_site_name":"Vie Associative","article_published_time":"2025-11-03T14:17:46+00:00","og_image":[{"width":279,"height":92,"url":"https:\/\/vieassociative.be\/actualites\/wp-content\/uploads\/2024\/09\/header_backgroundk-01-e1726694325946.png","type":"image\/png"}],"author":"Julien","twitter_card":"summary_large_image","twitter_misc":{"\u00c9crit par":"Julien","Dur\u00e9e de lecture est.":"2 minutes"},"schema":{"@context":"https:\/\/schema.org","@graph":[{"@type":"Article","@id":"https:\/\/vieassociative.be\/actualites\/semaine-de-la-derniere-chance-pour-le-premier-ministre-de-wever\/#article","isPartOf":{"@id":"https:\/\/vieassociative.be\/actualites\/semaine-de-la-derniere-chance-pour-le-premier-ministre-de-wever\/"},"author":{"name":"Julien","@id":"https:\/\/vieassociative.be\/actualites\/#\/schema\/person\/b87ac4f82f9d4e7b7cec7395b679edc4"},"headline":"\u00ab Semaine de la derni\u00e8re chance \u00bb pour le Premier ministre De Wever ?","datePublished":"2025-11-03T14:17:46+00:00","dateModified":"2025-11-03T14:17:46+00:00","mainEntityOfPage":{"@id":"https:\/\/vieassociative.be\/actualites\/semaine-de-la-derniere-chance-pour-le-premier-ministre-de-wever\/"},"wordCount":517,"publisher":{"@id":"https:\/\/vieassociative.be\/actualites\/#organization"},"image":{"@id":"https:\/\/vieassociative.be\/actualites\/semaine-de-la-derniere-chance-pour-le-premier-ministre-de-wever\/#primaryimage"},"thumbnailUrl":"https:\/\/vieassociative.be\/actualites\/wp-content\/uploads\/2025\/11\/1762179466_Semaine-de-la-derniere-chance-pour-le-Premier.jpg","keywords":["chance","derni\u00e8re","ministre","pour","premier","semaine","Wever"],"articleSection":["Belgique"],"inLanguage":"fr-BE"},{"@type":"WebPage","@id":"https:\/\/vieassociative.be\/actualites\/semaine-de-la-derniere-chance-pour-le-premier-ministre-de-wever\/","url":"https:\/\/vieassociative.be\/actualites\/semaine-de-la-derniere-chance-pour-le-premier-ministre-de-wever\/","name":"\u00ab Semaine de la derni\u00e8re chance \u00bb pour le Premier ministre De Wever ? | Vie Associative","isPartOf":{"@id":"https:\/\/vieassociative.be\/actualites\/#website"},"primaryImageOfPage":{"@id":"https:\/\/vieassociative.be\/actualites\/semaine-de-la-derniere-chance-pour-le-premier-ministre-de-wever\/#primaryimage"},"image":{"@id":"https:\/\/vieassociative.be\/actualites\/semaine-de-la-derniere-chance-pour-le-premier-ministre-de-wever\/#primaryimage"},"thumbnailUrl":"https:\/\/vieassociative.be\/actualites\/wp-content\/uploads\/2025\/11\/1762179466_Semaine-de-la-derniere-chance-pour-le-Premier.jpg","datePublished":"2025-11-03T14:17:46+00:00","dateModified":"2025-11-03T14:17:46+00:00","breadcrumb":{"@id":"https:\/\/vieassociative.be\/actualites\/semaine-de-la-derniere-chance-pour-le-premier-ministre-de-wever\/#breadcrumb"},"inLanguage":"fr-BE","potentialAction":[{"@type":"ReadAction","target":["https:\/\/vieassociative.be\/actualites\/semaine-de-la-derniere-chance-pour-le-premier-ministre-de-wever\/"]}]},{"@type":"ImageObject","inLanguage":"fr-BE","@id":"https:\/\/vieassociative.be\/actualites\/semaine-de-la-derniere-chance-pour-le-premier-ministre-de-wever\/#primaryimage","url":"https:\/\/vieassociative.be\/actualites\/wp-content\/uploads\/2025\/11\/1762179466_Semaine-de-la-derniere-chance-pour-le-Premier.jpg","contentUrl":"https:\/\/vieassociative.be\/actualites\/wp-content\/uploads\/2025\/11\/1762179466_Semaine-de-la-derniere-chance-pour-le-Premier.jpg","width":1200,"height":800,"caption":"\u00ab Semaine de la derni\u00e8re chance \u00bb pour le Premier ministre De Wever ?"},{"@type":"BreadcrumbList","@id":"https:\/\/vieassociative.be\/actualites\/semaine-de-la-derniere-chance-pour-le-premier-ministre-de-wever\/#breadcrumb","itemListElement":[{"@type":"ListItem","position":1,"name":"Accueil","item":"https:\/\/vieassociative.be\/actualites\/"},{"@type":"ListItem","position":2,"name":"\u00ab Semaine de la derni\u00e8re chance \u00bb pour le Premier ministre De Wever ?"}]},{"@type":"WebSite","@id":"https:\/\/vieassociative.be\/actualites\/#website","url":"https:\/\/vieassociative.be\/actualites\/","name":"Vie Associative","description":"","publisher":{"@id":"https:\/\/vieassociative.be\/actualites\/#organization"},"potentialAction":[{"@type":"SearchAction","target":{"@type":"EntryPoint","urlTemplate":"https:\/\/vieassociative.be\/actualites\/?s={search_term_string}"},"query-input":{"@type":"PropertyValueSpecification","valueRequired":true,"valueName":"search_term_string"}}],"inLanguage":"fr-BE"},{"@type":"Organization","@id":"https:\/\/vieassociative.be\/actualites\/#organization","name":"Vie Associative","url":"https:\/\/vieassociative.be\/actualites\/","logo":{"@type":"ImageObject","inLanguage":"fr-BE","@id":"https:\/\/vieassociative.be\/actualites\/#\/schema\/logo\/image\/","url":"https:\/\/vieassociative.be\/actualites\/wp-content\/uploads\/2024\/09\/cropped-vieassociative_favicon.ico.png","contentUrl":"https:\/\/vieassociative.be\/actualites\/wp-content\/uploads\/2024\/09\/cropped-vieassociative_favicon.ico.png","width":512,"height":512,"caption":"Vie Associative"},"image":{"@id":"https:\/\/vieassociative.be\/actualites\/#\/schema\/logo\/image\/"}},{"@type":"Person","@id":"https:\/\/vieassociative.be\/actualites\/#\/schema\/person\/b87ac4f82f9d4e7b7cec7395b679edc4","name":"Julien","image":{"@type":"ImageObject","inLanguage":"fr-BE","@id":"https:\/\/vieassociative.be\/actualites\/#\/schema\/person\/image\/","url":"https:\/\/vieassociative.be\/actualites\/wp-content\/uploads\/2024\/09\/vie-associative-1-150x150.jpg","contentUrl":"https:\/\/vieassociative.be\/actualites\/wp-content\/uploads\/2024\/09\/vie-associative-1-150x150.jpg","caption":"Julien"},"description":"Je suis Julien, r\u00e9dacteur pour Vie Associative. Passionn\u00e9 par le monde associatif depuis plus de 10 ans, j'ai \u00e0 c\u0153ur de partager des histoires inspirantes et de mettre en lumi\u00e8re les initiatives locales. Mon objectif est de sensibiliser et d'encourager l'engagement communautaire \u00e0 travers mes articles.","sameAs":["https:\/\/vieassociative.be\/"]}]}},"_links":{"self":[{"href":"https:\/\/vieassociative.be\/actualites\/wp-json\/wp\/v2\/posts\/11074"}],"collection":[{"href":"https:\/\/vieassociative.be\/actualites\/wp-json\/wp\/v2\/posts"}],"about":[{"href":"https:\/\/vieassociative.be\/actualites\/wp-json\/wp\/v2\/types\/post"}],"author":[{"embeddable":true,"href":"https:\/\/vieassociative.be\/actualites\/wp-json\/wp\/v2\/users\/1"}],"replies":[{"embeddable":true,"href":"https:\/\/vieassociative.be\/actualites\/wp-json\/wp\/v2\/comments?post=11074"}],"version-history":[{"count":0,"href":"https:\/\/vieassociative.be\/actualites\/wp-json\/wp\/v2\/posts\/11074\/revisions"}],"wp:featuredmedia":[{"embeddable":true,"href":"https:\/\/vieassociative.be\/actualites\/wp-json\/wp\/v2\/media\/11075"}],"wp:attachment":[{"href":"https:\/\/vieassociative.be\/actualites\/wp-json\/wp\/v2\/media?parent=11074"}],"wp:term":[{"taxonomy":"category","embeddable":true,"href":"https:\/\/vieassociative.be\/actualites\/wp-json\/wp\/v2\/categories?post=11074"},{"taxonomy":"post_tag","embeddable":true,"href":"https:\/\/vieassociative.be\/actualites\/wp-json\/wp\/v2\/tags?post=11074"}],"curies":[{"name":"wp","href":"https:\/\/api.w.org\/{rel}","templated":true}]}}