{"id":11069,"date":"2025-11-03T09:17:59","date_gmt":"2025-11-03T08:17:59","guid":{"rendered":"https:\/\/vieassociative.be\/actualites\/cinq-alpinistes-morts-dans-un-accident-davalanche-au-tyrol-du-sud\/"},"modified":"2025-11-03T09:17:59","modified_gmt":"2025-11-03T08:17:59","slug":"cinq-alpinistes-morts-dans-un-accident-davalanche-au-tyrol-du-sud","status":"publish","type":"post","link":"https:\/\/vieassociative.be\/actualites\/cinq-alpinistes-morts-dans-un-accident-davalanche-au-tyrol-du-sud\/","title":{"rendered":"Cinq alpinistes morts dans un accident d&rsquo;avalanche au Tyrol du Sud"},"content":{"rendered":"<p><strong>Cinq alpinistes sont morts dans un accident d&rsquo;avalanche au Tyrol du Sud l&rsquo;apr\u00e8s-midi pr\u00e9c\u00e9dant la Toussaint &#8211; tous originaires d&rsquo;Allemagne. Trois morts ont \u00e9t\u00e9 retrouv\u00e9s samedi. Le processus exact n\u2019est toujours pas clair.<\/strong><\/p>\n<p><span id=\"more-428695\"><\/span>Les alpinistes ont \u00e9t\u00e9 touch\u00e9s samedi par une avalanche de neige alors qu&rsquo;ils gravissaient le Vertainspitze, culminant \u00e0 plus de 3 500 m\u00e8tres d&rsquo;altitude, dans les monts Ortles, assez tard dans l&rsquo;apr\u00e8s-midi, peu avant 16 heures. Selon les services de secours en montagne, ils voyageaient ind\u00e9pendamment en trois groupes : une \u00e9quipe de cordes de trois personnes et deux \u00e9quipes de cordes de deux chacune. Deux hommes ont surv\u00e9cu \u00e0 l&rsquo;accident. Ils ont \u00e9t\u00e9 transport\u00e9s par h\u00e9licopt\u00e8re vers un h\u00f4pital de Bolzano.<\/p>\n<p>En raison de l&rsquo;obscurit\u00e9, les recherches ont d\u00fb \u00eatre interrompues dans la soir\u00e9e. \u00c0 ce moment-l\u00e0, les services de secours en montagne avaient d\u00e9j\u00e0 abandonn\u00e9 tout espoir de retrouver vivants deux personnes port\u00e9es disparues. Le p\u00e8re et sa fille de 17 ans sont \u00ab certainement \u00bb morts apr\u00e8s une chute d&rsquo;environ 200 m\u00e8tres dans les profondeurs, a d\u00e9clar\u00e9 le porte-parole Olaf Reinstadler. Dimanche, c&rsquo;est devenu une certitude. Il n&rsquo;existait initialement aucune information officielle sur l&rsquo;\u00e2ge et l&rsquo;origine des autres d\u00e9c\u00e8s.<\/p>\n<div id=\"attachment_428697\" class=\"wp-caption alignleft\" style=\"max-width: 300px\"><img fetchpriority=\"high\" decoding=\"async\" class=\"wp-image-428697 size-medium\" src=\"https:\/\/vieassociative.be\/actualites\/wp-content\/uploads\/2025\/11\/Cinq-alpinistes-morts-dans-un-accident-davalanche-au-Tyrol-du.jpg\" alt=\"\" width=\"300\" height=\"200\"><\/div>\n<p>Selon les secours en montagne, l&rsquo;accident s&rsquo;est produit peu avant 16 heures. sur la face nord en contrebas du sommet \u00e0 environ 3 200 m\u00e8tres d&rsquo;altitude. Ce qui \u00e9tait d&rsquo;abord curieux, c&rsquo;\u00e9tait pourquoi les trois groupes \u00e9taient toujours en route \u00e0 cette heure relativement tardive.<\/p>\n<p>La mont\u00e9e jusqu&rsquo;au Vertainspitze est longue et fatigante, mais pas techniquement difficile. Selon les informations des sauveteurs en montagne, ils avaient d\u00e9j\u00e0 commenc\u00e9 la tourn\u00e9e \u00e0 Sulden ce matin-l\u00e0. L&rsquo;avalanche a commenc\u00e9 alors qu&rsquo;il commen\u00e7ait presque \u00e0 faire nuit.<\/p>\n<p>La face nord est consid\u00e9r\u00e9e comme un \u00ab tour de glace de haute montagne \u00bb : selon Reinstadler, il n&rsquo;y avait pas de risque d&rsquo;avalanche particuli\u00e8rement \u00e9lev\u00e9 samedi. L&rsquo;avalanche pourrait avoir \u00e9t\u00e9 d\u00e9clench\u00e9e par de fortes cong\u00e8res, car la neige fra\u00eechement tomb\u00e9e n&rsquo;\u00e9tait pas encore suffisamment adh\u00e9rente au sol. Les premi\u00e8res neiges fra\u00eeches de la saison sont tomb\u00e9es dans la r\u00e9gion il y a quelques jours. Pendant la journ\u00e9e, les temp\u00e9ratures y sont encore assez \u00e9lev\u00e9es pour cette p\u00e9riode de l&rsquo;ann\u00e9e. La nuit, il fait tr\u00e8s froid en altitude.<\/p>\n<p>Parmi les alpinistes, la face nord est consid\u00e9r\u00e9e comme un \u00ab tour de glace en haute montagne \u00bb qui n\u00e9cessite une corde et un \u00e9quipement complet d&rsquo;escalade sur glace. Selon les connaissances actuelles, l&rsquo;avalanche s&rsquo;est produite \u00e0 une centaine de m\u00e8tres sous le sommet. Les alpinistes ont visiblement \u00e9t\u00e9 compl\u00e8tement surpris. Il n&rsquo;y avait pratiquement aucune \u00e9chappatoire pour les grimpeurs qui utilisaient alors crampons et piolets. Les deux hommes, qui surveillaient le d\u00e9part d&rsquo;un peu plus loin, ont alors donn\u00e9 l&rsquo;alerte. (dpa)<\/p>\n","protected":false},"excerpt":{"rendered":"<p>Cinq alpinistes sont morts dans un accident d&rsquo;avalanche au Tyrol du Sud l&rsquo;apr\u00e8s-midi pr\u00e9c\u00e9dant la Toussaint &#8211; tous originaires d&rsquo;Allemagne. Trois morts ont \u00e9t\u00e9 retrouv\u00e9s<\/p>\n","protected":false},"author":1,"featured_media":11070,"comment_status":"","ping_status":"","sticky":false,"template":"","format":"standard","meta":{"footnotes":""},"categories":[298],"tags":[3013,9129,317,166,9130,439,617,9131],"class_list":["post-11069","post","type-post","status-publish","format-standard","has-post-thumbnail","hentry","category-belgique","tag-accident","tag-alpinistes","tag-cinq","tag-dans","tag-davalanche","tag-morts","tag-sud","tag-tyrol","generate-columns","tablet-grid-50","mobile-grid-100","grid-parent","grid-33"],"yoast_head":"<!-- This site is optimized with the Yoast SEO plugin v24.0 - https:\/\/yoast.com\/wordpress\/plugins\/seo\/ -->\n<title>Cinq alpinistes morts dans un accident d&#039;avalanche au Tyrol du Sud | Vie Associative<\/title>\n<meta name=\"robots\" content=\"index, follow, max-snippet:-1, max-image-preview:large, max-video-preview:-1\" \/>\n<link rel=\"canonical\" href=\"https:\/\/vieassociative.be\/actualites\/cinq-alpinistes-morts-dans-un-accident-davalanche-au-tyrol-du-sud\/\" \/>\n<meta property=\"og:locale\" content=\"fr_FR\" \/>\n<meta property=\"og:type\" content=\"article\" \/>\n<meta property=\"og:title\" content=\"Cinq alpinistes morts dans un accident d&#039;avalanche au Tyrol du Sud | Vie Associative\" \/>\n<meta property=\"og:description\" content=\"Cinq alpinistes sont morts dans un accident d&rsquo;avalanche au Tyrol du Sud l&rsquo;apr\u00e8s-midi pr\u00e9c\u00e9dant la Toussaint &#8211; tous originaires d&rsquo;Allemagne. Trois morts ont \u00e9t\u00e9 retrouv\u00e9s\" \/>\n<meta property=\"og:url\" content=\"https:\/\/vieassociative.be\/actualites\/cinq-alpinistes-morts-dans-un-accident-davalanche-au-tyrol-du-sud\/\" \/>\n<meta property=\"og:site_name\" content=\"Vie Associative\" \/>\n<meta property=\"article:published_time\" content=\"2025-11-03T08:17:59+00:00\" \/>\n<meta property=\"og:image\" content=\"https:\/\/vieassociative.be\/actualites\/wp-content\/uploads\/2024\/09\/header_backgroundk-01-e1726694325946.png\" \/>\n\t<meta property=\"og:image:width\" content=\"279\" \/>\n\t<meta property=\"og:image:height\" content=\"92\" \/>\n\t<meta property=\"og:image:type\" content=\"image\/png\" \/>\n<meta name=\"author\" content=\"Julien\" \/>\n<meta name=\"twitter:card\" content=\"summary_large_image\" \/>\n<meta name=\"twitter:label1\" content=\"\u00c9crit par\" \/>\n\t<meta name=\"twitter:data1\" content=\"Julien\" \/>\n\t<meta name=\"twitter:label2\" content=\"Dur\u00e9e de lecture est.\" \/>\n\t<meta name=\"twitter:data2\" content=\"2 minutes\" \/>\n<script type=\"application\/ld+json\" class=\"yoast-schema-graph\">{\"@context\":\"https:\/\/schema.org\",\"@graph\":[{\"@type\":\"Article\",\"@id\":\"https:\/\/vieassociative.be\/actualites\/cinq-alpinistes-morts-dans-un-accident-davalanche-au-tyrol-du-sud\/#article\",\"isPartOf\":{\"@id\":\"https:\/\/vieassociative.be\/actualites\/cinq-alpinistes-morts-dans-un-accident-davalanche-au-tyrol-du-sud\/\"},\"author\":{\"name\":\"Julien\",\"@id\":\"https:\/\/vieassociative.be\/actualites\/#\/schema\/person\/b87ac4f82f9d4e7b7cec7395b679edc4\"},\"headline\":\"Cinq alpinistes morts dans un accident d&rsquo;avalanche au Tyrol du Sud\",\"datePublished\":\"2025-11-03T08:17:59+00:00\",\"dateModified\":\"2025-11-03T08:17:59+00:00\",\"mainEntityOfPage\":{\"@id\":\"https:\/\/vieassociative.be\/actualites\/cinq-alpinistes-morts-dans-un-accident-davalanche-au-tyrol-du-sud\/\"},\"wordCount\":523,\"publisher\":{\"@id\":\"https:\/\/vieassociative.be\/actualites\/#organization\"},\"image\":{\"@id\":\"https:\/\/vieassociative.be\/actualites\/cinq-alpinistes-morts-dans-un-accident-davalanche-au-tyrol-du-sud\/#primaryimage\"},\"thumbnailUrl\":\"https:\/\/vieassociative.be\/actualites\/wp-content\/uploads\/2025\/11\/1762157880_Cinq-alpinistes-morts-dans-un-accident-davalanche-au-Tyrol-du.jpg\",\"keywords\":[\"accident\",\"alpinistes\",\"Cinq\",\"dans\",\"davalanche\",\"morts\",\"Sud\",\"Tyrol\"],\"articleSection\":[\"Belgique\"],\"inLanguage\":\"fr-BE\"},{\"@type\":\"WebPage\",\"@id\":\"https:\/\/vieassociative.be\/actualites\/cinq-alpinistes-morts-dans-un-accident-davalanche-au-tyrol-du-sud\/\",\"url\":\"https:\/\/vieassociative.be\/actualites\/cinq-alpinistes-morts-dans-un-accident-davalanche-au-tyrol-du-sud\/\",\"name\":\"Cinq alpinistes morts dans un accident d'avalanche au Tyrol du Sud | Vie Associative\",\"isPartOf\":{\"@id\":\"https:\/\/vieassociative.be\/actualites\/#website\"},\"primaryImageOfPage\":{\"@id\":\"https:\/\/vieassociative.be\/actualites\/cinq-alpinistes-morts-dans-un-accident-davalanche-au-tyrol-du-sud\/#primaryimage\"},\"image\":{\"@id\":\"https:\/\/vieassociative.be\/actualites\/cinq-alpinistes-morts-dans-un-accident-davalanche-au-tyrol-du-sud\/#primaryimage\"},\"thumbnailUrl\":\"https:\/\/vieassociative.be\/actualites\/wp-content\/uploads\/2025\/11\/1762157880_Cinq-alpinistes-morts-dans-un-accident-davalanche-au-Tyrol-du.jpg\",\"datePublished\":\"2025-11-03T08:17:59+00:00\",\"dateModified\":\"2025-11-03T08:17:59+00:00\",\"breadcrumb\":{\"@id\":\"https:\/\/vieassociative.be\/actualites\/cinq-alpinistes-morts-dans-un-accident-davalanche-au-tyrol-du-sud\/#breadcrumb\"},\"inLanguage\":\"fr-BE\",\"potentialAction\":[{\"@type\":\"ReadAction\",\"target\":[\"https:\/\/vieassociative.be\/actualites\/cinq-alpinistes-morts-dans-un-accident-davalanche-au-tyrol-du-sud\/\"]}]},{\"@type\":\"ImageObject\",\"inLanguage\":\"fr-BE\",\"@id\":\"https:\/\/vieassociative.be\/actualites\/cinq-alpinistes-morts-dans-un-accident-davalanche-au-tyrol-du-sud\/#primaryimage\",\"url\":\"https:\/\/vieassociative.be\/actualites\/wp-content\/uploads\/2025\/11\/1762157880_Cinq-alpinistes-morts-dans-un-accident-davalanche-au-Tyrol-du.jpg\",\"contentUrl\":\"https:\/\/vieassociative.be\/actualites\/wp-content\/uploads\/2025\/11\/1762157880_Cinq-alpinistes-morts-dans-un-accident-davalanche-au-Tyrol-du.jpg\",\"width\":1200,\"height\":786,\"caption\":\"Cinq alpinistes morts dans un accident d'avalanche au Tyrol du Sud\"},{\"@type\":\"BreadcrumbList\",\"@id\":\"https:\/\/vieassociative.be\/actualites\/cinq-alpinistes-morts-dans-un-accident-davalanche-au-tyrol-du-sud\/#breadcrumb\",\"itemListElement\":[{\"@type\":\"ListItem\",\"position\":1,\"name\":\"Accueil\",\"item\":\"https:\/\/vieassociative.be\/actualites\/\"},{\"@type\":\"ListItem\",\"position\":2,\"name\":\"Cinq alpinistes morts dans un accident d&rsquo;avalanche au Tyrol du Sud\"}]},{\"@type\":\"WebSite\",\"@id\":\"https:\/\/vieassociative.be\/actualites\/#website\",\"url\":\"https:\/\/vieassociative.be\/actualites\/\",\"name\":\"Vie Associative\",\"description\":\"\",\"publisher\":{\"@id\":\"https:\/\/vieassociative.be\/actualites\/#organization\"},\"potentialAction\":[{\"@type\":\"SearchAction\",\"target\":{\"@type\":\"EntryPoint\",\"urlTemplate\":\"https:\/\/vieassociative.be\/actualites\/?s={search_term_string}\"},\"query-input\":{\"@type\":\"PropertyValueSpecification\",\"valueRequired\":true,\"valueName\":\"search_term_string\"}}],\"inLanguage\":\"fr-BE\"},{\"@type\":\"Organization\",\"@id\":\"https:\/\/vieassociative.be\/actualites\/#organization\",\"name\":\"Vie Associative\",\"url\":\"https:\/\/vieassociative.be\/actualites\/\",\"logo\":{\"@type\":\"ImageObject\",\"inLanguage\":\"fr-BE\",\"@id\":\"https:\/\/vieassociative.be\/actualites\/#\/schema\/logo\/image\/\",\"url\":\"https:\/\/vieassociative.be\/actualites\/wp-content\/uploads\/2024\/09\/cropped-vieassociative_favicon.ico.png\",\"contentUrl\":\"https:\/\/vieassociative.be\/actualites\/wp-content\/uploads\/2024\/09\/cropped-vieassociative_favicon.ico.png\",\"width\":512,\"height\":512,\"caption\":\"Vie Associative\"},\"image\":{\"@id\":\"https:\/\/vieassociative.be\/actualites\/#\/schema\/logo\/image\/\"}},{\"@type\":\"Person\",\"@id\":\"https:\/\/vieassociative.be\/actualites\/#\/schema\/person\/b87ac4f82f9d4e7b7cec7395b679edc4\",\"name\":\"Julien\",\"image\":{\"@type\":\"ImageObject\",\"inLanguage\":\"fr-BE\",\"@id\":\"https:\/\/vieassociative.be\/actualites\/#\/schema\/person\/image\/\",\"url\":\"https:\/\/vieassociative.be\/actualites\/wp-content\/uploads\/2024\/09\/vie-associative-1-150x150.jpg\",\"contentUrl\":\"https:\/\/vieassociative.be\/actualites\/wp-content\/uploads\/2024\/09\/vie-associative-1-150x150.jpg\",\"caption\":\"Julien\"},\"description\":\"Je suis Julien, r\u00e9dacteur pour Vie Associative. Passionn\u00e9 par le monde associatif depuis plus de 10 ans, j'ai \u00e0 c\u0153ur de partager des histoires inspirantes et de mettre en lumi\u00e8re les initiatives locales. Mon objectif est de sensibiliser et d'encourager l'engagement communautaire \u00e0 travers mes articles.\",\"sameAs\":[\"https:\/\/vieassociative.be\/\"]}]}<\/script>\n<!-- \/ Yoast SEO plugin. -->","yoast_head_json":{"title":"Cinq alpinistes morts dans un accident d'avalanche au Tyrol du Sud | Vie Associative","robots":{"index":"index","follow":"follow","max-snippet":"max-snippet:-1","max-image-preview":"max-image-preview:large","max-video-preview":"max-video-preview:-1"},"canonical":"https:\/\/vieassociative.be\/actualites\/cinq-alpinistes-morts-dans-un-accident-davalanche-au-tyrol-du-sud\/","og_locale":"fr_FR","og_type":"article","og_title":"Cinq alpinistes morts dans un accident d'avalanche au Tyrol du Sud | Vie Associative","og_description":"Cinq alpinistes sont morts dans un accident d&rsquo;avalanche au Tyrol du Sud l&rsquo;apr\u00e8s-midi pr\u00e9c\u00e9dant la Toussaint &#8211; tous originaires d&rsquo;Allemagne. Trois morts ont \u00e9t\u00e9 retrouv\u00e9s","og_url":"https:\/\/vieassociative.be\/actualites\/cinq-alpinistes-morts-dans-un-accident-davalanche-au-tyrol-du-sud\/","og_site_name":"Vie Associative","article_published_time":"2025-11-03T08:17:59+00:00","og_image":[{"width":279,"height":92,"url":"https:\/\/vieassociative.be\/actualites\/wp-content\/uploads\/2024\/09\/header_backgroundk-01-e1726694325946.png","type":"image\/png"}],"author":"Julien","twitter_card":"summary_large_image","twitter_misc":{"\u00c9crit par":"Julien","Dur\u00e9e de lecture est.":"2 minutes"},"schema":{"@context":"https:\/\/schema.org","@graph":[{"@type":"Article","@id":"https:\/\/vieassociative.be\/actualites\/cinq-alpinistes-morts-dans-un-accident-davalanche-au-tyrol-du-sud\/#article","isPartOf":{"@id":"https:\/\/vieassociative.be\/actualites\/cinq-alpinistes-morts-dans-un-accident-davalanche-au-tyrol-du-sud\/"},"author":{"name":"Julien","@id":"https:\/\/vieassociative.be\/actualites\/#\/schema\/person\/b87ac4f82f9d4e7b7cec7395b679edc4"},"headline":"Cinq alpinistes morts dans un accident d&rsquo;avalanche au Tyrol du Sud","datePublished":"2025-11-03T08:17:59+00:00","dateModified":"2025-11-03T08:17:59+00:00","mainEntityOfPage":{"@id":"https:\/\/vieassociative.be\/actualites\/cinq-alpinistes-morts-dans-un-accident-davalanche-au-tyrol-du-sud\/"},"wordCount":523,"publisher":{"@id":"https:\/\/vieassociative.be\/actualites\/#organization"},"image":{"@id":"https:\/\/vieassociative.be\/actualites\/cinq-alpinistes-morts-dans-un-accident-davalanche-au-tyrol-du-sud\/#primaryimage"},"thumbnailUrl":"https:\/\/vieassociative.be\/actualites\/wp-content\/uploads\/2025\/11\/1762157880_Cinq-alpinistes-morts-dans-un-accident-davalanche-au-Tyrol-du.jpg","keywords":["accident","alpinistes","Cinq","dans","davalanche","morts","Sud","Tyrol"],"articleSection":["Belgique"],"inLanguage":"fr-BE"},{"@type":"WebPage","@id":"https:\/\/vieassociative.be\/actualites\/cinq-alpinistes-morts-dans-un-accident-davalanche-au-tyrol-du-sud\/","url":"https:\/\/vieassociative.be\/actualites\/cinq-alpinistes-morts-dans-un-accident-davalanche-au-tyrol-du-sud\/","name":"Cinq alpinistes morts dans un accident d'avalanche au Tyrol du Sud | Vie Associative","isPartOf":{"@id":"https:\/\/vieassociative.be\/actualites\/#website"},"primaryImageOfPage":{"@id":"https:\/\/vieassociative.be\/actualites\/cinq-alpinistes-morts-dans-un-accident-davalanche-au-tyrol-du-sud\/#primaryimage"},"image":{"@id":"https:\/\/vieassociative.be\/actualites\/cinq-alpinistes-morts-dans-un-accident-davalanche-au-tyrol-du-sud\/#primaryimage"},"thumbnailUrl":"https:\/\/vieassociative.be\/actualites\/wp-content\/uploads\/2025\/11\/1762157880_Cinq-alpinistes-morts-dans-un-accident-davalanche-au-Tyrol-du.jpg","datePublished":"2025-11-03T08:17:59+00:00","dateModified":"2025-11-03T08:17:59+00:00","breadcrumb":{"@id":"https:\/\/vieassociative.be\/actualites\/cinq-alpinistes-morts-dans-un-accident-davalanche-au-tyrol-du-sud\/#breadcrumb"},"inLanguage":"fr-BE","potentialAction":[{"@type":"ReadAction","target":["https:\/\/vieassociative.be\/actualites\/cinq-alpinistes-morts-dans-un-accident-davalanche-au-tyrol-du-sud\/"]}]},{"@type":"ImageObject","inLanguage":"fr-BE","@id":"https:\/\/vieassociative.be\/actualites\/cinq-alpinistes-morts-dans-un-accident-davalanche-au-tyrol-du-sud\/#primaryimage","url":"https:\/\/vieassociative.be\/actualites\/wp-content\/uploads\/2025\/11\/1762157880_Cinq-alpinistes-morts-dans-un-accident-davalanche-au-Tyrol-du.jpg","contentUrl":"https:\/\/vieassociative.be\/actualites\/wp-content\/uploads\/2025\/11\/1762157880_Cinq-alpinistes-morts-dans-un-accident-davalanche-au-Tyrol-du.jpg","width":1200,"height":786,"caption":"Cinq alpinistes morts dans un accident d'avalanche au Tyrol du Sud"},{"@type":"BreadcrumbList","@id":"https:\/\/vieassociative.be\/actualites\/cinq-alpinistes-morts-dans-un-accident-davalanche-au-tyrol-du-sud\/#breadcrumb","itemListElement":[{"@type":"ListItem","position":1,"name":"Accueil","item":"https:\/\/vieassociative.be\/actualites\/"},{"@type":"ListItem","position":2,"name":"Cinq alpinistes morts dans un accident d&rsquo;avalanche au Tyrol du Sud"}]},{"@type":"WebSite","@id":"https:\/\/vieassociative.be\/actualites\/#website","url":"https:\/\/vieassociative.be\/actualites\/","name":"Vie Associative","description":"","publisher":{"@id":"https:\/\/vieassociative.be\/actualites\/#organization"},"potentialAction":[{"@type":"SearchAction","target":{"@type":"EntryPoint","urlTemplate":"https:\/\/vieassociative.be\/actualites\/?s={search_term_string}"},"query-input":{"@type":"PropertyValueSpecification","valueRequired":true,"valueName":"search_term_string"}}],"inLanguage":"fr-BE"},{"@type":"Organization","@id":"https:\/\/vieassociative.be\/actualites\/#organization","name":"Vie Associative","url":"https:\/\/vieassociative.be\/actualites\/","logo":{"@type":"ImageObject","inLanguage":"fr-BE","@id":"https:\/\/vieassociative.be\/actualites\/#\/schema\/logo\/image\/","url":"https:\/\/vieassociative.be\/actualites\/wp-content\/uploads\/2024\/09\/cropped-vieassociative_favicon.ico.png","contentUrl":"https:\/\/vieassociative.be\/actualites\/wp-content\/uploads\/2024\/09\/cropped-vieassociative_favicon.ico.png","width":512,"height":512,"caption":"Vie Associative"},"image":{"@id":"https:\/\/vieassociative.be\/actualites\/#\/schema\/logo\/image\/"}},{"@type":"Person","@id":"https:\/\/vieassociative.be\/actualites\/#\/schema\/person\/b87ac4f82f9d4e7b7cec7395b679edc4","name":"Julien","image":{"@type":"ImageObject","inLanguage":"fr-BE","@id":"https:\/\/vieassociative.be\/actualites\/#\/schema\/person\/image\/","url":"https:\/\/vieassociative.be\/actualites\/wp-content\/uploads\/2024\/09\/vie-associative-1-150x150.jpg","contentUrl":"https:\/\/vieassociative.be\/actualites\/wp-content\/uploads\/2024\/09\/vie-associative-1-150x150.jpg","caption":"Julien"},"description":"Je suis Julien, r\u00e9dacteur pour Vie Associative. Passionn\u00e9 par le monde associatif depuis plus de 10 ans, j'ai \u00e0 c\u0153ur de partager des histoires inspirantes et de mettre en lumi\u00e8re les initiatives locales. Mon objectif est de sensibiliser et d'encourager l'engagement communautaire \u00e0 travers mes articles.","sameAs":["https:\/\/vieassociative.be\/"]}]}},"_links":{"self":[{"href":"https:\/\/vieassociative.be\/actualites\/wp-json\/wp\/v2\/posts\/11069"}],"collection":[{"href":"https:\/\/vieassociative.be\/actualites\/wp-json\/wp\/v2\/posts"}],"about":[{"href":"https:\/\/vieassociative.be\/actualites\/wp-json\/wp\/v2\/types\/post"}],"author":[{"embeddable":true,"href":"https:\/\/vieassociative.be\/actualites\/wp-json\/wp\/v2\/users\/1"}],"replies":[{"embeddable":true,"href":"https:\/\/vieassociative.be\/actualites\/wp-json\/wp\/v2\/comments?post=11069"}],"version-history":[{"count":0,"href":"https:\/\/vieassociative.be\/actualites\/wp-json\/wp\/v2\/posts\/11069\/revisions"}],"wp:featuredmedia":[{"embeddable":true,"href":"https:\/\/vieassociative.be\/actualites\/wp-json\/wp\/v2\/media\/11070"}],"wp:attachment":[{"href":"https:\/\/vieassociative.be\/actualites\/wp-json\/wp\/v2\/media?parent=11069"}],"wp:term":[{"taxonomy":"category","embeddable":true,"href":"https:\/\/vieassociative.be\/actualites\/wp-json\/wp\/v2\/categories?post=11069"},{"taxonomy":"post_tag","embeddable":true,"href":"https:\/\/vieassociative.be\/actualites\/wp-json\/wp\/v2\/tags?post=11069"}],"curies":[{"name":"wp","href":"https:\/\/api.w.org\/{rel}","templated":true}]}}