{"id":11063,"date":"2025-11-03T03:17:27","date_gmt":"2025-11-03T02:17:27","guid":{"rendered":"https:\/\/vieassociative.be\/actualites\/des-drones-a-nouveau-au-dessus-de-laerodrome-militaire-de-kleine-brogel\/"},"modified":"2025-11-03T03:17:27","modified_gmt":"2025-11-03T02:17:27","slug":"des-drones-a-nouveau-au-dessus-de-laerodrome-militaire-de-kleine-brogel","status":"publish","type":"post","link":"https:\/\/vieassociative.be\/actualites\/des-drones-a-nouveau-au-dessus-de-laerodrome-militaire-de-kleine-brogel\/","title":{"rendered":"Des drones \u00e0 nouveau au-dessus de l&rsquo;a\u00e9rodrome militaire de Kleine-Brogel"},"content":{"rendered":"<p><strong>Des personnes non identifi\u00e9es survolent avec des drones l&rsquo;a\u00e9rodrome militaire de Kleine-Brogel, o\u00f9 a r\u00e9cemment eu lieu un exercice de l&rsquo;OTAN. La Belgique utilise un brouilleur \u2013 mais les drones continuent de voler.<\/strong><\/p>\n<p><span id=\"more-428700\"><\/span>Des drones ont de nouveau \u00e9t\u00e9 rep\u00e9r\u00e9s dimanche soir au-dessus de la base militaire belge de Kleine-Brogel utilis\u00e9e par l&rsquo;OTAN. Un brouilleur a \u00e9t\u00e9 utilis\u00e9 sans succ\u00e8s, a \u00e9crit le ministre belge de la D\u00e9fense Theo Francken (N-VA) sur la plate-forme X. \u00ab\u00a0Un h\u00e9licopt\u00e8re et des v\u00e9hicules de police ont suivi un drone, mais l&rsquo;ont perdu apr\u00e8s plusieurs kilom\u00e8tres.\u00a0\u00bb<\/p>\n<div id=\"attachment_151722\" class=\"wp-caption alignleft\" style=\"max-width: 300px\"><img fetchpriority=\"high\" decoding=\"async\" class=\"wp-image-151722 size-medium\" src=\"https:\/\/vieassociative.be\/actualites\/wp-content\/uploads\/2025\/11\/Des-drones-a-nouveau-au-dessus-de-laerodrome-militaire-de-Kleine-Brogel.jpg\" alt=\"\" width=\"300\" height=\"200\"  ><\/div>\n<p>Il y avait des mod\u00e8les plus grands \u00e0 des altitudes plus \u00e9lev\u00e9es, a poursuivi Francken. Ils ne survolaient pas simplement la base militaire, mais la visaient sp\u00e9cifiquement. L&rsquo;enqu\u00eate \u00e9tait en cours.<\/p>\n<p>Des drones avaient d\u00e9j\u00e0 \u00e9t\u00e9 rep\u00e9r\u00e9s au-dessus de la base. Francken a \u00e9crit samedi qu&rsquo;ils rencontreraient la police la semaine prochaine pour analyser la menace et prendre les mesures n\u00e9cessaires pour retrouver et arr\u00eater les pilotes de drones.<\/p>\n<p>L&rsquo;OTAN a transmis les demandes de renseignements sur les observations de drones aux autorit\u00e9s belges. En octobre, la base militaire de Kleine-Brogel, en Flandre, a particip\u00e9 \u00e0 l&rsquo;exercice annuel de l&rsquo;OTAN visant \u00e0 d\u00e9fendre le territoire de l&rsquo;alliance avec des armes nucl\u00e9aires avec environ 2 000 militaires. Selon des informations non confirm\u00e9es, la base a\u00e9rienne est l&rsquo;un des endroits en Europe o\u00f9 sont stock\u00e9es les armes nucl\u00e9aires am\u00e9ricaines.<\/p>\n<p>Un drone a \u00e9galement \u00e9t\u00e9 rep\u00e9r\u00e9 au-dessus de l&rsquo;a\u00e9roport d&rsquo;Anvers samedi soir, comme le rapporte l&rsquo;agence de presse belge Belga, citant la police. (dpa)<\/p>\n","protected":false},"excerpt":{"rendered":"<p>Des personnes non identifi\u00e9es survolent avec des drones l&rsquo;a\u00e9rodrome militaire de Kleine-Brogel, o\u00f9 a r\u00e9cemment eu lieu un exercice de l&rsquo;OTAN. La Belgique utilise un<\/p>\n","protected":false},"author":1,"featured_media":11064,"comment_status":"","ping_status":"","sticky":false,"template":"","format":"standard","meta":{"footnotes":""},"categories":[298],"tags":[9126,29,4144,9128,9127,7852,553],"class_list":["post-11063","post","type-post","status-publish","format-standard","has-post-thumbnail","hentry","category-belgique","tag-audessus","tag-des","tag-drones","tag-kleinebrogel","tag-laerodrome","tag-militaire","tag-nouveau","generate-columns","tablet-grid-50","mobile-grid-100","grid-parent","grid-33"],"yoast_head":"<!-- This site is optimized with the Yoast SEO plugin v24.0 - https:\/\/yoast.com\/wordpress\/plugins\/seo\/ -->\n<title>Des drones \u00e0 nouveau au-dessus de l&#039;a\u00e9rodrome militaire de Kleine-Brogel | Vie Associative<\/title>\n<meta name=\"robots\" content=\"index, follow, max-snippet:-1, max-image-preview:large, max-video-preview:-1\" \/>\n<link rel=\"canonical\" href=\"https:\/\/vieassociative.be\/actualites\/des-drones-a-nouveau-au-dessus-de-laerodrome-militaire-de-kleine-brogel\/\" \/>\n<meta property=\"og:locale\" content=\"fr_FR\" \/>\n<meta property=\"og:type\" content=\"article\" \/>\n<meta property=\"og:title\" content=\"Des drones \u00e0 nouveau au-dessus de l&#039;a\u00e9rodrome militaire de Kleine-Brogel | Vie Associative\" \/>\n<meta property=\"og:description\" content=\"Des personnes non identifi\u00e9es survolent avec des drones l&rsquo;a\u00e9rodrome militaire de Kleine-Brogel, o\u00f9 a r\u00e9cemment eu lieu un exercice de l&rsquo;OTAN. La Belgique utilise un\" \/>\n<meta property=\"og:url\" content=\"https:\/\/vieassociative.be\/actualites\/des-drones-a-nouveau-au-dessus-de-laerodrome-militaire-de-kleine-brogel\/\" \/>\n<meta property=\"og:site_name\" content=\"Vie Associative\" \/>\n<meta property=\"article:published_time\" content=\"2025-11-03T02:17:27+00:00\" \/>\n<meta property=\"og:image\" content=\"https:\/\/vieassociative.be\/actualites\/wp-content\/uploads\/2024\/09\/header_backgroundk-01-e1726694325946.png\" \/>\n\t<meta property=\"og:image:width\" content=\"279\" \/>\n\t<meta property=\"og:image:height\" content=\"92\" \/>\n\t<meta property=\"og:image:type\" content=\"image\/png\" \/>\n<meta name=\"author\" content=\"Julien\" \/>\n<meta name=\"twitter:card\" content=\"summary_large_image\" \/>\n<meta name=\"twitter:label1\" content=\"\u00c9crit par\" \/>\n\t<meta name=\"twitter:data1\" content=\"Julien\" \/>\n\t<meta name=\"twitter:label2\" content=\"Dur\u00e9e de lecture est.\" \/>\n\t<meta name=\"twitter:data2\" content=\"1 minute\" \/>\n<script type=\"application\/ld+json\" class=\"yoast-schema-graph\">{\"@context\":\"https:\/\/schema.org\",\"@graph\":[{\"@type\":\"Article\",\"@id\":\"https:\/\/vieassociative.be\/actualites\/des-drones-a-nouveau-au-dessus-de-laerodrome-militaire-de-kleine-brogel\/#article\",\"isPartOf\":{\"@id\":\"https:\/\/vieassociative.be\/actualites\/des-drones-a-nouveau-au-dessus-de-laerodrome-militaire-de-kleine-brogel\/\"},\"author\":{\"name\":\"Julien\",\"@id\":\"https:\/\/vieassociative.be\/actualites\/#\/schema\/person\/b87ac4f82f9d4e7b7cec7395b679edc4\"},\"headline\":\"Des drones \u00e0 nouveau au-dessus de l&rsquo;a\u00e9rodrome militaire de Kleine-Brogel\",\"datePublished\":\"2025-11-03T02:17:27+00:00\",\"dateModified\":\"2025-11-03T02:17:27+00:00\",\"mainEntityOfPage\":{\"@id\":\"https:\/\/vieassociative.be\/actualites\/des-drones-a-nouveau-au-dessus-de-laerodrome-militaire-de-kleine-brogel\/\"},\"wordCount\":304,\"publisher\":{\"@id\":\"https:\/\/vieassociative.be\/actualites\/#organization\"},\"image\":{\"@id\":\"https:\/\/vieassociative.be\/actualites\/des-drones-a-nouveau-au-dessus-de-laerodrome-militaire-de-kleine-brogel\/#primaryimage\"},\"thumbnailUrl\":\"https:\/\/vieassociative.be\/actualites\/wp-content\/uploads\/2025\/11\/1762136248_Des-drones-a-nouveau-au-dessus-de-laerodrome-militaire-de-Kleine-Brogel.jpg\",\"keywords\":[\"audessus\",\"Des\",\"drones\",\"KleineBrogel\",\"la\u00e9rodrome\",\"militaire\",\"nouveau\"],\"articleSection\":[\"Belgique\"],\"inLanguage\":\"fr-BE\"},{\"@type\":\"WebPage\",\"@id\":\"https:\/\/vieassociative.be\/actualites\/des-drones-a-nouveau-au-dessus-de-laerodrome-militaire-de-kleine-brogel\/\",\"url\":\"https:\/\/vieassociative.be\/actualites\/des-drones-a-nouveau-au-dessus-de-laerodrome-militaire-de-kleine-brogel\/\",\"name\":\"Des drones \u00e0 nouveau au-dessus de l'a\u00e9rodrome militaire de Kleine-Brogel | Vie Associative\",\"isPartOf\":{\"@id\":\"https:\/\/vieassociative.be\/actualites\/#website\"},\"primaryImageOfPage\":{\"@id\":\"https:\/\/vieassociative.be\/actualites\/des-drones-a-nouveau-au-dessus-de-laerodrome-militaire-de-kleine-brogel\/#primaryimage\"},\"image\":{\"@id\":\"https:\/\/vieassociative.be\/actualites\/des-drones-a-nouveau-au-dessus-de-laerodrome-militaire-de-kleine-brogel\/#primaryimage\"},\"thumbnailUrl\":\"https:\/\/vieassociative.be\/actualites\/wp-content\/uploads\/2025\/11\/1762136248_Des-drones-a-nouveau-au-dessus-de-laerodrome-militaire-de-Kleine-Brogel.jpg\",\"datePublished\":\"2025-11-03T02:17:27+00:00\",\"dateModified\":\"2025-11-03T02:17:27+00:00\",\"breadcrumb\":{\"@id\":\"https:\/\/vieassociative.be\/actualites\/des-drones-a-nouveau-au-dessus-de-laerodrome-militaire-de-kleine-brogel\/#breadcrumb\"},\"inLanguage\":\"fr-BE\",\"potentialAction\":[{\"@type\":\"ReadAction\",\"target\":[\"https:\/\/vieassociative.be\/actualites\/des-drones-a-nouveau-au-dessus-de-laerodrome-militaire-de-kleine-brogel\/\"]}]},{\"@type\":\"ImageObject\",\"inLanguage\":\"fr-BE\",\"@id\":\"https:\/\/vieassociative.be\/actualites\/des-drones-a-nouveau-au-dessus-de-laerodrome-militaire-de-kleine-brogel\/#primaryimage\",\"url\":\"https:\/\/vieassociative.be\/actualites\/wp-content\/uploads\/2025\/11\/1762136248_Des-drones-a-nouveau-au-dessus-de-laerodrome-militaire-de-Kleine-Brogel.jpg\",\"contentUrl\":\"https:\/\/vieassociative.be\/actualites\/wp-content\/uploads\/2025\/11\/1762136248_Des-drones-a-nouveau-au-dessus-de-laerodrome-militaire-de-Kleine-Brogel.jpg\",\"width\":1200,\"height\":798,\"caption\":\"Des drones \u00e0 nouveau au-dessus de l'a\u00e9rodrome militaire de Kleine-Brogel\"},{\"@type\":\"BreadcrumbList\",\"@id\":\"https:\/\/vieassociative.be\/actualites\/des-drones-a-nouveau-au-dessus-de-laerodrome-militaire-de-kleine-brogel\/#breadcrumb\",\"itemListElement\":[{\"@type\":\"ListItem\",\"position\":1,\"name\":\"Accueil\",\"item\":\"https:\/\/vieassociative.be\/actualites\/\"},{\"@type\":\"ListItem\",\"position\":2,\"name\":\"Des drones \u00e0 nouveau au-dessus de l&rsquo;a\u00e9rodrome militaire de Kleine-Brogel\"}]},{\"@type\":\"WebSite\",\"@id\":\"https:\/\/vieassociative.be\/actualites\/#website\",\"url\":\"https:\/\/vieassociative.be\/actualites\/\",\"name\":\"Vie Associative\",\"description\":\"\",\"publisher\":{\"@id\":\"https:\/\/vieassociative.be\/actualites\/#organization\"},\"potentialAction\":[{\"@type\":\"SearchAction\",\"target\":{\"@type\":\"EntryPoint\",\"urlTemplate\":\"https:\/\/vieassociative.be\/actualites\/?s={search_term_string}\"},\"query-input\":{\"@type\":\"PropertyValueSpecification\",\"valueRequired\":true,\"valueName\":\"search_term_string\"}}],\"inLanguage\":\"fr-BE\"},{\"@type\":\"Organization\",\"@id\":\"https:\/\/vieassociative.be\/actualites\/#organization\",\"name\":\"Vie Associative\",\"url\":\"https:\/\/vieassociative.be\/actualites\/\",\"logo\":{\"@type\":\"ImageObject\",\"inLanguage\":\"fr-BE\",\"@id\":\"https:\/\/vieassociative.be\/actualites\/#\/schema\/logo\/image\/\",\"url\":\"https:\/\/vieassociative.be\/actualites\/wp-content\/uploads\/2024\/09\/cropped-vieassociative_favicon.ico.png\",\"contentUrl\":\"https:\/\/vieassociative.be\/actualites\/wp-content\/uploads\/2024\/09\/cropped-vieassociative_favicon.ico.png\",\"width\":512,\"height\":512,\"caption\":\"Vie Associative\"},\"image\":{\"@id\":\"https:\/\/vieassociative.be\/actualites\/#\/schema\/logo\/image\/\"}},{\"@type\":\"Person\",\"@id\":\"https:\/\/vieassociative.be\/actualites\/#\/schema\/person\/b87ac4f82f9d4e7b7cec7395b679edc4\",\"name\":\"Julien\",\"image\":{\"@type\":\"ImageObject\",\"inLanguage\":\"fr-BE\",\"@id\":\"https:\/\/vieassociative.be\/actualites\/#\/schema\/person\/image\/\",\"url\":\"https:\/\/vieassociative.be\/actualites\/wp-content\/uploads\/2024\/09\/vie-associative-1-150x150.jpg\",\"contentUrl\":\"https:\/\/vieassociative.be\/actualites\/wp-content\/uploads\/2024\/09\/vie-associative-1-150x150.jpg\",\"caption\":\"Julien\"},\"description\":\"Je suis Julien, r\u00e9dacteur pour Vie Associative. Passionn\u00e9 par le monde associatif depuis plus de 10 ans, j'ai \u00e0 c\u0153ur de partager des histoires inspirantes et de mettre en lumi\u00e8re les initiatives locales. Mon objectif est de sensibiliser et d'encourager l'engagement communautaire \u00e0 travers mes articles.\",\"sameAs\":[\"https:\/\/vieassociative.be\/\"]}]}<\/script>\n<!-- \/ Yoast SEO plugin. -->","yoast_head_json":{"title":"Des drones \u00e0 nouveau au-dessus de l'a\u00e9rodrome militaire de Kleine-Brogel | Vie Associative","robots":{"index":"index","follow":"follow","max-snippet":"max-snippet:-1","max-image-preview":"max-image-preview:large","max-video-preview":"max-video-preview:-1"},"canonical":"https:\/\/vieassociative.be\/actualites\/des-drones-a-nouveau-au-dessus-de-laerodrome-militaire-de-kleine-brogel\/","og_locale":"fr_FR","og_type":"article","og_title":"Des drones \u00e0 nouveau au-dessus de l'a\u00e9rodrome militaire de Kleine-Brogel | Vie Associative","og_description":"Des personnes non identifi\u00e9es survolent avec des drones l&rsquo;a\u00e9rodrome militaire de Kleine-Brogel, o\u00f9 a r\u00e9cemment eu lieu un exercice de l&rsquo;OTAN. La Belgique utilise un","og_url":"https:\/\/vieassociative.be\/actualites\/des-drones-a-nouveau-au-dessus-de-laerodrome-militaire-de-kleine-brogel\/","og_site_name":"Vie Associative","article_published_time":"2025-11-03T02:17:27+00:00","og_image":[{"width":279,"height":92,"url":"https:\/\/vieassociative.be\/actualites\/wp-content\/uploads\/2024\/09\/header_backgroundk-01-e1726694325946.png","type":"image\/png"}],"author":"Julien","twitter_card":"summary_large_image","twitter_misc":{"\u00c9crit par":"Julien","Dur\u00e9e de lecture est.":"1 minute"},"schema":{"@context":"https:\/\/schema.org","@graph":[{"@type":"Article","@id":"https:\/\/vieassociative.be\/actualites\/des-drones-a-nouveau-au-dessus-de-laerodrome-militaire-de-kleine-brogel\/#article","isPartOf":{"@id":"https:\/\/vieassociative.be\/actualites\/des-drones-a-nouveau-au-dessus-de-laerodrome-militaire-de-kleine-brogel\/"},"author":{"name":"Julien","@id":"https:\/\/vieassociative.be\/actualites\/#\/schema\/person\/b87ac4f82f9d4e7b7cec7395b679edc4"},"headline":"Des drones \u00e0 nouveau au-dessus de l&rsquo;a\u00e9rodrome militaire de Kleine-Brogel","datePublished":"2025-11-03T02:17:27+00:00","dateModified":"2025-11-03T02:17:27+00:00","mainEntityOfPage":{"@id":"https:\/\/vieassociative.be\/actualites\/des-drones-a-nouveau-au-dessus-de-laerodrome-militaire-de-kleine-brogel\/"},"wordCount":304,"publisher":{"@id":"https:\/\/vieassociative.be\/actualites\/#organization"},"image":{"@id":"https:\/\/vieassociative.be\/actualites\/des-drones-a-nouveau-au-dessus-de-laerodrome-militaire-de-kleine-brogel\/#primaryimage"},"thumbnailUrl":"https:\/\/vieassociative.be\/actualites\/wp-content\/uploads\/2025\/11\/1762136248_Des-drones-a-nouveau-au-dessus-de-laerodrome-militaire-de-Kleine-Brogel.jpg","keywords":["audessus","Des","drones","KleineBrogel","la\u00e9rodrome","militaire","nouveau"],"articleSection":["Belgique"],"inLanguage":"fr-BE"},{"@type":"WebPage","@id":"https:\/\/vieassociative.be\/actualites\/des-drones-a-nouveau-au-dessus-de-laerodrome-militaire-de-kleine-brogel\/","url":"https:\/\/vieassociative.be\/actualites\/des-drones-a-nouveau-au-dessus-de-laerodrome-militaire-de-kleine-brogel\/","name":"Des drones \u00e0 nouveau au-dessus de l'a\u00e9rodrome militaire de Kleine-Brogel | Vie Associative","isPartOf":{"@id":"https:\/\/vieassociative.be\/actualites\/#website"},"primaryImageOfPage":{"@id":"https:\/\/vieassociative.be\/actualites\/des-drones-a-nouveau-au-dessus-de-laerodrome-militaire-de-kleine-brogel\/#primaryimage"},"image":{"@id":"https:\/\/vieassociative.be\/actualites\/des-drones-a-nouveau-au-dessus-de-laerodrome-militaire-de-kleine-brogel\/#primaryimage"},"thumbnailUrl":"https:\/\/vieassociative.be\/actualites\/wp-content\/uploads\/2025\/11\/1762136248_Des-drones-a-nouveau-au-dessus-de-laerodrome-militaire-de-Kleine-Brogel.jpg","datePublished":"2025-11-03T02:17:27+00:00","dateModified":"2025-11-03T02:17:27+00:00","breadcrumb":{"@id":"https:\/\/vieassociative.be\/actualites\/des-drones-a-nouveau-au-dessus-de-laerodrome-militaire-de-kleine-brogel\/#breadcrumb"},"inLanguage":"fr-BE","potentialAction":[{"@type":"ReadAction","target":["https:\/\/vieassociative.be\/actualites\/des-drones-a-nouveau-au-dessus-de-laerodrome-militaire-de-kleine-brogel\/"]}]},{"@type":"ImageObject","inLanguage":"fr-BE","@id":"https:\/\/vieassociative.be\/actualites\/des-drones-a-nouveau-au-dessus-de-laerodrome-militaire-de-kleine-brogel\/#primaryimage","url":"https:\/\/vieassociative.be\/actualites\/wp-content\/uploads\/2025\/11\/1762136248_Des-drones-a-nouveau-au-dessus-de-laerodrome-militaire-de-Kleine-Brogel.jpg","contentUrl":"https:\/\/vieassociative.be\/actualites\/wp-content\/uploads\/2025\/11\/1762136248_Des-drones-a-nouveau-au-dessus-de-laerodrome-militaire-de-Kleine-Brogel.jpg","width":1200,"height":798,"caption":"Des drones \u00e0 nouveau au-dessus de l'a\u00e9rodrome militaire de Kleine-Brogel"},{"@type":"BreadcrumbList","@id":"https:\/\/vieassociative.be\/actualites\/des-drones-a-nouveau-au-dessus-de-laerodrome-militaire-de-kleine-brogel\/#breadcrumb","itemListElement":[{"@type":"ListItem","position":1,"name":"Accueil","item":"https:\/\/vieassociative.be\/actualites\/"},{"@type":"ListItem","position":2,"name":"Des drones \u00e0 nouveau au-dessus de l&rsquo;a\u00e9rodrome militaire de Kleine-Brogel"}]},{"@type":"WebSite","@id":"https:\/\/vieassociative.be\/actualites\/#website","url":"https:\/\/vieassociative.be\/actualites\/","name":"Vie Associative","description":"","publisher":{"@id":"https:\/\/vieassociative.be\/actualites\/#organization"},"potentialAction":[{"@type":"SearchAction","target":{"@type":"EntryPoint","urlTemplate":"https:\/\/vieassociative.be\/actualites\/?s={search_term_string}"},"query-input":{"@type":"PropertyValueSpecification","valueRequired":true,"valueName":"search_term_string"}}],"inLanguage":"fr-BE"},{"@type":"Organization","@id":"https:\/\/vieassociative.be\/actualites\/#organization","name":"Vie Associative","url":"https:\/\/vieassociative.be\/actualites\/","logo":{"@type":"ImageObject","inLanguage":"fr-BE","@id":"https:\/\/vieassociative.be\/actualites\/#\/schema\/logo\/image\/","url":"https:\/\/vieassociative.be\/actualites\/wp-content\/uploads\/2024\/09\/cropped-vieassociative_favicon.ico.png","contentUrl":"https:\/\/vieassociative.be\/actualites\/wp-content\/uploads\/2024\/09\/cropped-vieassociative_favicon.ico.png","width":512,"height":512,"caption":"Vie Associative"},"image":{"@id":"https:\/\/vieassociative.be\/actualites\/#\/schema\/logo\/image\/"}},{"@type":"Person","@id":"https:\/\/vieassociative.be\/actualites\/#\/schema\/person\/b87ac4f82f9d4e7b7cec7395b679edc4","name":"Julien","image":{"@type":"ImageObject","inLanguage":"fr-BE","@id":"https:\/\/vieassociative.be\/actualites\/#\/schema\/person\/image\/","url":"https:\/\/vieassociative.be\/actualites\/wp-content\/uploads\/2024\/09\/vie-associative-1-150x150.jpg","contentUrl":"https:\/\/vieassociative.be\/actualites\/wp-content\/uploads\/2024\/09\/vie-associative-1-150x150.jpg","caption":"Julien"},"description":"Je suis Julien, r\u00e9dacteur pour Vie Associative. Passionn\u00e9 par le monde associatif depuis plus de 10 ans, j'ai \u00e0 c\u0153ur de partager des histoires inspirantes et de mettre en lumi\u00e8re les initiatives locales. Mon objectif est de sensibiliser et d'encourager l'engagement communautaire \u00e0 travers mes articles.","sameAs":["https:\/\/vieassociative.be\/"]}]}},"_links":{"self":[{"href":"https:\/\/vieassociative.be\/actualites\/wp-json\/wp\/v2\/posts\/11063"}],"collection":[{"href":"https:\/\/vieassociative.be\/actualites\/wp-json\/wp\/v2\/posts"}],"about":[{"href":"https:\/\/vieassociative.be\/actualites\/wp-json\/wp\/v2\/types\/post"}],"author":[{"embeddable":true,"href":"https:\/\/vieassociative.be\/actualites\/wp-json\/wp\/v2\/users\/1"}],"replies":[{"embeddable":true,"href":"https:\/\/vieassociative.be\/actualites\/wp-json\/wp\/v2\/comments?post=11063"}],"version-history":[{"count":0,"href":"https:\/\/vieassociative.be\/actualites\/wp-json\/wp\/v2\/posts\/11063\/revisions"}],"wp:featuredmedia":[{"embeddable":true,"href":"https:\/\/vieassociative.be\/actualites\/wp-json\/wp\/v2\/media\/11064"}],"wp:attachment":[{"href":"https:\/\/vieassociative.be\/actualites\/wp-json\/wp\/v2\/media?parent=11063"}],"wp:term":[{"taxonomy":"category","embeddable":true,"href":"https:\/\/vieassociative.be\/actualites\/wp-json\/wp\/v2\/categories?post=11063"},{"taxonomy":"post_tag","embeddable":true,"href":"https:\/\/vieassociative.be\/actualites\/wp-json\/wp\/v2\/tags?post=11063"}],"curies":[{"name":"wp","href":"https:\/\/api.w.org\/{rel}","templated":true}]}}