{"id":11062,"date":"2025-11-03T02:17:29","date_gmt":"2025-11-03T01:17:29","guid":{"rendered":"https:\/\/vieassociative.be\/actualites\/hierarchisez-vos-listes-de-taches-avec-la-methode-abc-2\/"},"modified":"2025-11-03T02:17:29","modified_gmt":"2025-11-03T01:17:29","slug":"hierarchisez-vos-listes-de-taches-avec-la-methode-abc-2","status":"publish","type":"post","link":"https:\/\/vieassociative.be\/actualites\/hierarchisez-vos-listes-de-taches-avec-la-methode-abc-2\/","title":{"rendered":"Hi\u00e9rarchisez vos listes de t\u00e2ches avec la m\u00e9thode ABC"},"content":{"rendered":"<div class=\"mt-4 leading-6 md:mb-8\">D\u00e9terminez facilement vos priorit\u00e9s avec quelques notes rapides.<\/div>\n<p><\/p>\n<p>Donner la priorit\u00e9 \u00e0 votre liste de t\u00e2ches est essentiel pour que tout soit fait. Vous devez vous assurer de consacrer suffisamment de temps aux t\u00e2ches difficiles et importantes, tout en \u00e9conomisant de l&rsquo;espace pour les plus petits, tout en ne d\u00e9signant pas <em>aussi<\/em> beaucoup de temps non plus. Essayez la m\u00e9thode ABC pour cat\u00e9goriser vos responsabilit\u00e9s de la journ\u00e9e. C&rsquo;est simple \u00e0 mettre en \u0153uvre et vous aidera \u00e0 donner un sens \u00e0 vos listes de t\u00e2ches.<\/p>\n<h2 id=\"what-is-the-abc-method\">Qu&rsquo;est-ce que la m\u00e9thode ABC ?<\/h2>\n<p>Il est important de classer vos t\u00e2ches par besoin, calendrier et temps n\u00e9cessaire \u00e0 leur ex\u00e9cution. C&rsquo;est pourquoi certaines personnes utilisent la matrice d&rsquo;Eisenhower et d&rsquo;autres surchargent leurs agendas Google. Ce sont d\u2019excellentes m\u00e9thodes, mais vous devez trouver celle qui vous convient et qui convient au travail que vous effectuez. L&rsquo;une des m\u00e9thodes les plus simples que vous puissiez essayer a \u00e9t\u00e9 con\u00e7ue par Alan Lakein, un auteur connu pour ses livres classiques sur la gestion du temps, comme <em>Comment prendre le contr\u00f4le de votre temps et de votre vie<\/em>. Il a sugg\u00e9r\u00e9 d&rsquo;attribuer un statut prioritaire en termes de \u00ab\u00a0A\u00a0\u00bb, \u00ab\u00a0B\u00a0\u00bb et \u00ab\u00a0C\u00a0\u00bb \u00e0 tout ce que vous avez \u00e0 faire, ces lettres refl\u00e9tant une hi\u00e9rarchie d&rsquo;importance\u00a0:<\/p>\n<ul>\n<li>\n<p>Les \u00e9l\u00e9ments \u00ab A \u00bb sont des t\u00e2ches \u00ab incontournables \u00bb qui sont importantes ou critiques et dont les d\u00e9lais sont serr\u00e9s.<\/p>\n<\/li>\n<li>\n<p>Les t\u00e2ches \u00ab\u00a0B\u00a0\u00bb sont \u00ab\u00a0\u00e0 faire\u00a0\u00bb, ce qui signifie qu&rsquo;elles ont un niveau de priorit\u00e9 moyen, qu&rsquo;elles seront importantes au fil du temps, mais qu&rsquo;elles n&rsquo;ont pas d&rsquo;\u00e9ch\u00e9ance imminente. Vous devez toujours les prioriser dans une certaine mesure, car elles peuvent \u00e9voluer vers des t\u00e2ches \u00ab\u00a0A\u00a0\u00bb si elles ne sont pas coch\u00e9es. <\/p>\n<\/li>\n<li>\n<p>\u00ab\u00a0C\u00a0\u00bb correspond \u00e0 tout ce qui est actuellement peu prioritaire, soit parce qu&rsquo;il a peu de cons\u00e9quences imm\u00e9diates, soit parce qu&rsquo;il n&rsquo;y a pas de d\u00e9lai proche.<\/p>\n<\/li>\n<\/ul>\n<p>D\u00e9terminer ce qui est important de faire <em>tout de suite<\/em> et ce qui peut attendre vous aidera \u00e0 vous sentir moins d\u00e9pass\u00e9 et \u00e0 comprendre sur quoi vous concentrer, de sorte que vous perdrez moins de temps \u00e0 r\u00e9fl\u00e9chir sur par o\u00f9 commencer.<\/p>\n<div class=\"mx-auto mb-12 mt-5 w-full max-w-3xl rounded-md border-2 border-gray-100 p-3 shadow-md md:px-7 md:pb-7 md:pt-5\" id=\"related-video\">\n<div class=\"mb-3 flex items-center md:mb-5\">\n        <img decoding=\"async\" class=\"mr-4 mt-0 h-10 w-10 md:mr-5 md:h-12 md:w-12\" src=\"https:\/\/vieassociative.be\/actualites\/wp-content\/uploads\/2025\/09\/1757726237_608_Meta-pourrait-devoiler-une-montre-intelligente-pour-controler-ses-lunettes.jpg\" alt=\"Logo du pirate de la vie\"><\/p><\/div>\n<div class=\"aspect-video w-full overflow-hidden rounded-md\">\n<div id=\"video-container-01K93MHCH9ZQRJTM2SRH3GPMQ5\"><\/div>\n<\/p><\/div>\n<\/div>\n<h2 id=\"how-to-incorporate-this-method-into-your-work-day\">Comment int\u00e9grer cette m\u00e9thode dans votre journ\u00e9e de travail<\/h2>\n<p>Parcourez toute votre liste de t\u00e2ches et commencez \u00e0 classer chaque t\u00e2che au niveau A, B ou C. Ensuite, r\u00e9fl\u00e9chissez \u00e0 ce que vous allez en faire. Je recommande une m\u00e9thode comme la technique 3-3-3, qui implique trois heures de travail en profondeur sur un gros projet (une de vos t\u00e2ches A), la r\u00e9alisation de trois projets de niveau interm\u00e9diaire (il y a vos B) et un peu de temps restant pour les petites t\u00e2ches (vos \u00e9l\u00e9ments C).<\/p>\n<p>Vous pouvez \u00e9galement consacrer des journ\u00e9es enti\u00e8res \u00e0 certaines t\u00e2ches, surtout si vos t\u00e2ches A sont tr\u00e8s exigeantes. Th\u00e9matiser vos journ\u00e9es vous aide \u00e0 rester concentr\u00e9 sur votre t\u00e2che pendant des heures sans vous soucier d&rsquo;autres responsabilit\u00e9s moins importantes, alors pensez \u00e0 consacrer une journ\u00e9e de travail enti\u00e8re \u00e0 votre travail A, le lendemain au travail B et le lendemain au travail C. N&rsquo;oubliez pas de r\u00e9\u00e9valuer votre syst\u00e8me de lettrage tous les matins environ, car m\u00eame les projets de niveau C peuvent soudainement se transformer en projets d&rsquo;urgence de niveau A. <\/p>\n","protected":false},"excerpt":{"rendered":"<p>D\u00e9terminez facilement vos priorit\u00e9s avec quelques notes rapides. Donner la priorit\u00e9 \u00e0 votre liste de t\u00e2ches est essentiel pour que tout soit fait. Vous devez<\/p>\n","protected":false},"author":1,"featured_media":11039,"comment_status":"","ping_status":"","sticky":false,"template":"","format":"standard","meta":{"footnotes":""},"categories":[43],"tags":[9116,61,9115,3957,106,2830,27],"class_list":["post-11062","post","type-post","status-publish","format-standard","has-post-thumbnail","hentry","category-travail","tag-abc","tag-avec","tag-hierarchisez","tag-listes","tag-methode","tag-taches","tag-vos","generate-columns","tablet-grid-50","mobile-grid-100","grid-parent","grid-33"],"yoast_head":"<!-- This site is optimized with the Yoast SEO plugin v24.0 - https:\/\/yoast.com\/wordpress\/plugins\/seo\/ -->\n<title>Hi\u00e9rarchisez vos listes de t\u00e2ches avec la m\u00e9thode ABC | Vie Associative<\/title>\n<meta name=\"robots\" content=\"index, follow, max-snippet:-1, max-image-preview:large, max-video-preview:-1\" \/>\n<link rel=\"canonical\" href=\"https:\/\/vieassociative.be\/actualites\/hierarchisez-vos-listes-de-taches-avec-la-methode-abc-2\/\" \/>\n<meta property=\"og:locale\" content=\"fr_FR\" \/>\n<meta property=\"og:type\" content=\"article\" \/>\n<meta property=\"og:title\" content=\"Hi\u00e9rarchisez vos listes de t\u00e2ches avec la m\u00e9thode ABC | Vie Associative\" \/>\n<meta property=\"og:description\" content=\"D\u00e9terminez facilement vos priorit\u00e9s avec quelques notes rapides. Donner la priorit\u00e9 \u00e0 votre liste de t\u00e2ches est essentiel pour que tout soit fait. Vous devez\" \/>\n<meta property=\"og:url\" content=\"https:\/\/vieassociative.be\/actualites\/hierarchisez-vos-listes-de-taches-avec-la-methode-abc-2\/\" \/>\n<meta property=\"og:site_name\" content=\"Vie Associative\" \/>\n<meta property=\"article:published_time\" content=\"2025-11-03T01:17:29+00:00\" \/>\n<meta property=\"og:image\" content=\"https:\/\/vieassociative.be\/actualites\/wp-content\/uploads\/2025\/09\/1757726237_608_Meta-pourrait-devoiler-une-montre-intelligente-pour-controler-ses-lunettes.jpg\" \/>\n<meta name=\"author\" content=\"Julien\" \/>\n<meta name=\"twitter:card\" content=\"summary_large_image\" \/>\n<meta name=\"twitter:label1\" content=\"\u00c9crit par\" \/>\n\t<meta name=\"twitter:data1\" content=\"Julien\" \/>\n\t<meta name=\"twitter:label2\" content=\"Dur\u00e9e de lecture est.\" \/>\n\t<meta name=\"twitter:data2\" content=\"3 minutes\" \/>\n<script type=\"application\/ld+json\" class=\"yoast-schema-graph\">{\"@context\":\"https:\/\/schema.org\",\"@graph\":[{\"@type\":\"Article\",\"@id\":\"https:\/\/vieassociative.be\/actualites\/hierarchisez-vos-listes-de-taches-avec-la-methode-abc-2\/#article\",\"isPartOf\":{\"@id\":\"https:\/\/vieassociative.be\/actualites\/hierarchisez-vos-listes-de-taches-avec-la-methode-abc-2\/\"},\"author\":{\"name\":\"Julien\",\"@id\":\"https:\/\/vieassociative.be\/actualites\/#\/schema\/person\/b87ac4f82f9d4e7b7cec7395b679edc4\"},\"headline\":\"Hi\u00e9rarchisez vos listes de t\u00e2ches avec la m\u00e9thode ABC\",\"datePublished\":\"2025-11-03T01:17:29+00:00\",\"dateModified\":\"2025-11-03T01:17:29+00:00\",\"mainEntityOfPage\":{\"@id\":\"https:\/\/vieassociative.be\/actualites\/hierarchisez-vos-listes-de-taches-avec-la-methode-abc-2\/\"},\"wordCount\":607,\"publisher\":{\"@id\":\"https:\/\/vieassociative.be\/actualites\/#organization\"},\"image\":{\"@id\":\"https:\/\/vieassociative.be\/actualites\/hierarchisez-vos-listes-de-taches-avec-la-methode-abc-2\/#primaryimage\"},\"thumbnailUrl\":\"https:\/\/vieassociative.be\/actualites\/wp-content\/uploads\/2025\/11\/Hierarchisez-vos-listes-de-taches-avec-la-methode-ABC.jpg\",\"keywords\":[\"ABC\",\"avec\",\"Hi\u00e9rarchisez\",\"listes\",\"m\u00e9thode\",\"t\u00e2ches\",\"vos\"],\"articleSection\":[\"Travail\"],\"inLanguage\":\"fr-BE\"},{\"@type\":\"WebPage\",\"@id\":\"https:\/\/vieassociative.be\/actualites\/hierarchisez-vos-listes-de-taches-avec-la-methode-abc-2\/\",\"url\":\"https:\/\/vieassociative.be\/actualites\/hierarchisez-vos-listes-de-taches-avec-la-methode-abc-2\/\",\"name\":\"Hi\u00e9rarchisez vos listes de t\u00e2ches avec la m\u00e9thode ABC | Vie Associative\",\"isPartOf\":{\"@id\":\"https:\/\/vieassociative.be\/actualites\/#website\"},\"primaryImageOfPage\":{\"@id\":\"https:\/\/vieassociative.be\/actualites\/hierarchisez-vos-listes-de-taches-avec-la-methode-abc-2\/#primaryimage\"},\"image\":{\"@id\":\"https:\/\/vieassociative.be\/actualites\/hierarchisez-vos-listes-de-taches-avec-la-methode-abc-2\/#primaryimage\"},\"thumbnailUrl\":\"https:\/\/vieassociative.be\/actualites\/wp-content\/uploads\/2025\/11\/Hierarchisez-vos-listes-de-taches-avec-la-methode-ABC.jpg\",\"datePublished\":\"2025-11-03T01:17:29+00:00\",\"dateModified\":\"2025-11-03T01:17:29+00:00\",\"breadcrumb\":{\"@id\":\"https:\/\/vieassociative.be\/actualites\/hierarchisez-vos-listes-de-taches-avec-la-methode-abc-2\/#breadcrumb\"},\"inLanguage\":\"fr-BE\",\"potentialAction\":[{\"@type\":\"ReadAction\",\"target\":[\"https:\/\/vieassociative.be\/actualites\/hierarchisez-vos-listes-de-taches-avec-la-methode-abc-2\/\"]}]},{\"@type\":\"ImageObject\",\"inLanguage\":\"fr-BE\",\"@id\":\"https:\/\/vieassociative.be\/actualites\/hierarchisez-vos-listes-de-taches-avec-la-methode-abc-2\/#primaryimage\",\"url\":\"https:\/\/vieassociative.be\/actualites\/wp-content\/uploads\/2025\/11\/Hierarchisez-vos-listes-de-taches-avec-la-methode-ABC.jpg\",\"contentUrl\":\"https:\/\/vieassociative.be\/actualites\/wp-content\/uploads\/2025\/11\/Hierarchisez-vos-listes-de-taches-avec-la-methode-ABC.jpg\",\"width\":1200,\"height\":675,\"caption\":\"Hi\u00e9rarchisez vos listes de t\u00e2ches avec la m\u00e9thode ABC\"},{\"@type\":\"BreadcrumbList\",\"@id\":\"https:\/\/vieassociative.be\/actualites\/hierarchisez-vos-listes-de-taches-avec-la-methode-abc-2\/#breadcrumb\",\"itemListElement\":[{\"@type\":\"ListItem\",\"position\":1,\"name\":\"Accueil\",\"item\":\"https:\/\/vieassociative.be\/actualites\/\"},{\"@type\":\"ListItem\",\"position\":2,\"name\":\"Hi\u00e9rarchisez vos listes de t\u00e2ches avec la m\u00e9thode ABC\"}]},{\"@type\":\"WebSite\",\"@id\":\"https:\/\/vieassociative.be\/actualites\/#website\",\"url\":\"https:\/\/vieassociative.be\/actualites\/\",\"name\":\"Vie Associative\",\"description\":\"\",\"publisher\":{\"@id\":\"https:\/\/vieassociative.be\/actualites\/#organization\"},\"potentialAction\":[{\"@type\":\"SearchAction\",\"target\":{\"@type\":\"EntryPoint\",\"urlTemplate\":\"https:\/\/vieassociative.be\/actualites\/?s={search_term_string}\"},\"query-input\":{\"@type\":\"PropertyValueSpecification\",\"valueRequired\":true,\"valueName\":\"search_term_string\"}}],\"inLanguage\":\"fr-BE\"},{\"@type\":\"Organization\",\"@id\":\"https:\/\/vieassociative.be\/actualites\/#organization\",\"name\":\"Vie Associative\",\"url\":\"https:\/\/vieassociative.be\/actualites\/\",\"logo\":{\"@type\":\"ImageObject\",\"inLanguage\":\"fr-BE\",\"@id\":\"https:\/\/vieassociative.be\/actualites\/#\/schema\/logo\/image\/\",\"url\":\"https:\/\/vieassociative.be\/actualites\/wp-content\/uploads\/2024\/09\/cropped-vieassociative_favicon.ico.png\",\"contentUrl\":\"https:\/\/vieassociative.be\/actualites\/wp-content\/uploads\/2024\/09\/cropped-vieassociative_favicon.ico.png\",\"width\":512,\"height\":512,\"caption\":\"Vie Associative\"},\"image\":{\"@id\":\"https:\/\/vieassociative.be\/actualites\/#\/schema\/logo\/image\/\"}},{\"@type\":\"Person\",\"@id\":\"https:\/\/vieassociative.be\/actualites\/#\/schema\/person\/b87ac4f82f9d4e7b7cec7395b679edc4\",\"name\":\"Julien\",\"image\":{\"@type\":\"ImageObject\",\"inLanguage\":\"fr-BE\",\"@id\":\"https:\/\/vieassociative.be\/actualites\/#\/schema\/person\/image\/\",\"url\":\"https:\/\/vieassociative.be\/actualites\/wp-content\/uploads\/2024\/09\/vie-associative-1-150x150.jpg\",\"contentUrl\":\"https:\/\/vieassociative.be\/actualites\/wp-content\/uploads\/2024\/09\/vie-associative-1-150x150.jpg\",\"caption\":\"Julien\"},\"description\":\"Je suis Julien, r\u00e9dacteur pour Vie Associative. Passionn\u00e9 par le monde associatif depuis plus de 10 ans, j'ai \u00e0 c\u0153ur de partager des histoires inspirantes et de mettre en lumi\u00e8re les initiatives locales. Mon objectif est de sensibiliser et d'encourager l'engagement communautaire \u00e0 travers mes articles.\",\"sameAs\":[\"https:\/\/vieassociative.be\/\"]}]}<\/script>\n<!-- \/ Yoast SEO plugin. -->","yoast_head_json":{"title":"Hi\u00e9rarchisez vos listes de t\u00e2ches avec la m\u00e9thode ABC | Vie Associative","robots":{"index":"index","follow":"follow","max-snippet":"max-snippet:-1","max-image-preview":"max-image-preview:large","max-video-preview":"max-video-preview:-1"},"canonical":"https:\/\/vieassociative.be\/actualites\/hierarchisez-vos-listes-de-taches-avec-la-methode-abc-2\/","og_locale":"fr_FR","og_type":"article","og_title":"Hi\u00e9rarchisez vos listes de t\u00e2ches avec la m\u00e9thode ABC | Vie Associative","og_description":"D\u00e9terminez facilement vos priorit\u00e9s avec quelques notes rapides. Donner la priorit\u00e9 \u00e0 votre liste de t\u00e2ches est essentiel pour que tout soit fait. Vous devez","og_url":"https:\/\/vieassociative.be\/actualites\/hierarchisez-vos-listes-de-taches-avec-la-methode-abc-2\/","og_site_name":"Vie Associative","article_published_time":"2025-11-03T01:17:29+00:00","og_image":[{"url":"https:\/\/vieassociative.be\/actualites\/wp-content\/uploads\/2025\/09\/1757726237_608_Meta-pourrait-devoiler-une-montre-intelligente-pour-controler-ses-lunettes.jpg","type":"","width":"","height":""}],"author":"Julien","twitter_card":"summary_large_image","twitter_misc":{"\u00c9crit par":"Julien","Dur\u00e9e de lecture est.":"3 minutes"},"schema":{"@context":"https:\/\/schema.org","@graph":[{"@type":"Article","@id":"https:\/\/vieassociative.be\/actualites\/hierarchisez-vos-listes-de-taches-avec-la-methode-abc-2\/#article","isPartOf":{"@id":"https:\/\/vieassociative.be\/actualites\/hierarchisez-vos-listes-de-taches-avec-la-methode-abc-2\/"},"author":{"name":"Julien","@id":"https:\/\/vieassociative.be\/actualites\/#\/schema\/person\/b87ac4f82f9d4e7b7cec7395b679edc4"},"headline":"Hi\u00e9rarchisez vos listes de t\u00e2ches avec la m\u00e9thode ABC","datePublished":"2025-11-03T01:17:29+00:00","dateModified":"2025-11-03T01:17:29+00:00","mainEntityOfPage":{"@id":"https:\/\/vieassociative.be\/actualites\/hierarchisez-vos-listes-de-taches-avec-la-methode-abc-2\/"},"wordCount":607,"publisher":{"@id":"https:\/\/vieassociative.be\/actualites\/#organization"},"image":{"@id":"https:\/\/vieassociative.be\/actualites\/hierarchisez-vos-listes-de-taches-avec-la-methode-abc-2\/#primaryimage"},"thumbnailUrl":"https:\/\/vieassociative.be\/actualites\/wp-content\/uploads\/2025\/11\/Hierarchisez-vos-listes-de-taches-avec-la-methode-ABC.jpg","keywords":["ABC","avec","Hi\u00e9rarchisez","listes","m\u00e9thode","t\u00e2ches","vos"],"articleSection":["Travail"],"inLanguage":"fr-BE"},{"@type":"WebPage","@id":"https:\/\/vieassociative.be\/actualites\/hierarchisez-vos-listes-de-taches-avec-la-methode-abc-2\/","url":"https:\/\/vieassociative.be\/actualites\/hierarchisez-vos-listes-de-taches-avec-la-methode-abc-2\/","name":"Hi\u00e9rarchisez vos listes de t\u00e2ches avec la m\u00e9thode ABC | Vie Associative","isPartOf":{"@id":"https:\/\/vieassociative.be\/actualites\/#website"},"primaryImageOfPage":{"@id":"https:\/\/vieassociative.be\/actualites\/hierarchisez-vos-listes-de-taches-avec-la-methode-abc-2\/#primaryimage"},"image":{"@id":"https:\/\/vieassociative.be\/actualites\/hierarchisez-vos-listes-de-taches-avec-la-methode-abc-2\/#primaryimage"},"thumbnailUrl":"https:\/\/vieassociative.be\/actualites\/wp-content\/uploads\/2025\/11\/Hierarchisez-vos-listes-de-taches-avec-la-methode-ABC.jpg","datePublished":"2025-11-03T01:17:29+00:00","dateModified":"2025-11-03T01:17:29+00:00","breadcrumb":{"@id":"https:\/\/vieassociative.be\/actualites\/hierarchisez-vos-listes-de-taches-avec-la-methode-abc-2\/#breadcrumb"},"inLanguage":"fr-BE","potentialAction":[{"@type":"ReadAction","target":["https:\/\/vieassociative.be\/actualites\/hierarchisez-vos-listes-de-taches-avec-la-methode-abc-2\/"]}]},{"@type":"ImageObject","inLanguage":"fr-BE","@id":"https:\/\/vieassociative.be\/actualites\/hierarchisez-vos-listes-de-taches-avec-la-methode-abc-2\/#primaryimage","url":"https:\/\/vieassociative.be\/actualites\/wp-content\/uploads\/2025\/11\/Hierarchisez-vos-listes-de-taches-avec-la-methode-ABC.jpg","contentUrl":"https:\/\/vieassociative.be\/actualites\/wp-content\/uploads\/2025\/11\/Hierarchisez-vos-listes-de-taches-avec-la-methode-ABC.jpg","width":1200,"height":675,"caption":"Hi\u00e9rarchisez vos listes de t\u00e2ches avec la m\u00e9thode ABC"},{"@type":"BreadcrumbList","@id":"https:\/\/vieassociative.be\/actualites\/hierarchisez-vos-listes-de-taches-avec-la-methode-abc-2\/#breadcrumb","itemListElement":[{"@type":"ListItem","position":1,"name":"Accueil","item":"https:\/\/vieassociative.be\/actualites\/"},{"@type":"ListItem","position":2,"name":"Hi\u00e9rarchisez vos listes de t\u00e2ches avec la m\u00e9thode ABC"}]},{"@type":"WebSite","@id":"https:\/\/vieassociative.be\/actualites\/#website","url":"https:\/\/vieassociative.be\/actualites\/","name":"Vie Associative","description":"","publisher":{"@id":"https:\/\/vieassociative.be\/actualites\/#organization"},"potentialAction":[{"@type":"SearchAction","target":{"@type":"EntryPoint","urlTemplate":"https:\/\/vieassociative.be\/actualites\/?s={search_term_string}"},"query-input":{"@type":"PropertyValueSpecification","valueRequired":true,"valueName":"search_term_string"}}],"inLanguage":"fr-BE"},{"@type":"Organization","@id":"https:\/\/vieassociative.be\/actualites\/#organization","name":"Vie Associative","url":"https:\/\/vieassociative.be\/actualites\/","logo":{"@type":"ImageObject","inLanguage":"fr-BE","@id":"https:\/\/vieassociative.be\/actualites\/#\/schema\/logo\/image\/","url":"https:\/\/vieassociative.be\/actualites\/wp-content\/uploads\/2024\/09\/cropped-vieassociative_favicon.ico.png","contentUrl":"https:\/\/vieassociative.be\/actualites\/wp-content\/uploads\/2024\/09\/cropped-vieassociative_favicon.ico.png","width":512,"height":512,"caption":"Vie Associative"},"image":{"@id":"https:\/\/vieassociative.be\/actualites\/#\/schema\/logo\/image\/"}},{"@type":"Person","@id":"https:\/\/vieassociative.be\/actualites\/#\/schema\/person\/b87ac4f82f9d4e7b7cec7395b679edc4","name":"Julien","image":{"@type":"ImageObject","inLanguage":"fr-BE","@id":"https:\/\/vieassociative.be\/actualites\/#\/schema\/person\/image\/","url":"https:\/\/vieassociative.be\/actualites\/wp-content\/uploads\/2024\/09\/vie-associative-1-150x150.jpg","contentUrl":"https:\/\/vieassociative.be\/actualites\/wp-content\/uploads\/2024\/09\/vie-associative-1-150x150.jpg","caption":"Julien"},"description":"Je suis Julien, r\u00e9dacteur pour Vie Associative. Passionn\u00e9 par le monde associatif depuis plus de 10 ans, j'ai \u00e0 c\u0153ur de partager des histoires inspirantes et de mettre en lumi\u00e8re les initiatives locales. Mon objectif est de sensibiliser et d'encourager l'engagement communautaire \u00e0 travers mes articles.","sameAs":["https:\/\/vieassociative.be\/"]}]}},"_links":{"self":[{"href":"https:\/\/vieassociative.be\/actualites\/wp-json\/wp\/v2\/posts\/11062"}],"collection":[{"href":"https:\/\/vieassociative.be\/actualites\/wp-json\/wp\/v2\/posts"}],"about":[{"href":"https:\/\/vieassociative.be\/actualites\/wp-json\/wp\/v2\/types\/post"}],"author":[{"embeddable":true,"href":"https:\/\/vieassociative.be\/actualites\/wp-json\/wp\/v2\/users\/1"}],"replies":[{"embeddable":true,"href":"https:\/\/vieassociative.be\/actualites\/wp-json\/wp\/v2\/comments?post=11062"}],"version-history":[{"count":0,"href":"https:\/\/vieassociative.be\/actualites\/wp-json\/wp\/v2\/posts\/11062\/revisions"}],"wp:featuredmedia":[{"embeddable":true,"href":"https:\/\/vieassociative.be\/actualites\/wp-json\/wp\/v2\/media\/11039"}],"wp:attachment":[{"href":"https:\/\/vieassociative.be\/actualites\/wp-json\/wp\/v2\/media?parent=11062"}],"wp:term":[{"taxonomy":"category","embeddable":true,"href":"https:\/\/vieassociative.be\/actualites\/wp-json\/wp\/v2\/categories?post=11062"},{"taxonomy":"post_tag","embeddable":true,"href":"https:\/\/vieassociative.be\/actualites\/wp-json\/wp\/v2\/tags?post=11062"}],"curies":[{"name":"wp","href":"https:\/\/api.w.org\/{rel}","templated":true}]}}