{"id":11060,"date":"2025-11-02T21:17:19","date_gmt":"2025-11-02T20:17:19","guid":{"rendered":"https:\/\/vieassociative.be\/actualites\/les-u23-de-las-eupen-ont-battu-lequipe-premiere-du-fc-eupen-2-1-dans-un-derby-historique\/"},"modified":"2025-11-02T21:17:19","modified_gmt":"2025-11-02T20:17:19","slug":"les-u23-de-las-eupen-ont-battu-lequipe-premiere-du-fc-eupen-2-1-dans-un-derby-historique","status":"publish","type":"post","link":"https:\/\/vieassociative.be\/actualites\/les-u23-de-las-eupen-ont-battu-lequipe-premiere-du-fc-eupen-2-1-dans-un-derby-historique\/","title":{"rendered":"Les U23 de l&rsquo;AS Eupen ont battu l&rsquo;\u00e9quipe premi\u00e8re du FC Eupen 2-1 dans un derby historique."},"content":{"rendered":"<p><strong>Dimanche, au stade Kehrweg d&rsquo;Eupen, s&rsquo;est d\u00e9roul\u00e9 un match de football qui restera dans l&rsquo;histoire du sport de l&rsquo;Est de la Belgique. Pour la premi\u00e8re fois, un match de comp\u00e9tition entre l&rsquo;AS Eupen et le FC Eupen a d\u00e9but\u00e9 dans les classes nationales. Les noirs et blancs battent les bleus et blancs 2-1.<\/strong><\/p>\n<p><span id=\"more-428555\"><\/span>Ce n&rsquo;est pas l&rsquo;\u00e9quipe de l&rsquo;AS 1\u00e8re qui a rencontr\u00e9 l&rsquo;\u00e9quipe du FC 1\u00e8re. La rencontre \u00e9tait quand m\u00eame quelque chose de tr\u00e8s sp\u00e9cial.<\/p>\n<p>La rencontre historique de ce dimanche n&rsquo;a \u00e9t\u00e9 possible que parce que la direction du club de l&rsquo;AS Eupen a r\u00e9cemment inscrit une \u00e9quipe U23 dans les classes nationales, mais \u00e0 la fin de la saison 2024\/2025, elle a d\u00fb \u00eatre rel\u00e9gu\u00e9e de la 2e division amateur, \u00e0 laquelle participent encore le RFC Raeren et l&rsquo;Union Kelmis, \u00e0 la 3e division amateur, dans laquelle joue la 1\u00e8re \u00e9quipe du FC Eupen depuis la saison 2024\/2025.<\/p>\n<div id=\"attachment_428730\" class=\"wp-caption alignleft\" style=\"max-width: 300px\"><img fetchpriority=\"high\" decoding=\"async\" class=\"wp-image-428730 size-medium\" src=\"https:\/\/vieassociative.be\/actualites\/wp-content\/uploads\/2025\/11\/Les-U23-de-lAS-Eupen-ont-battu-lequipe-premiere-du.jpg\" alt=\"\" width=\"300\" height=\"200\"  ><\/div>\n<p>Pourtant, ce premier derby entre les U23 de l&rsquo;AS Eupen, aussi appel\u00e9 PandaYoungsters23 ou AS Eupen B, n&rsquo;\u00e9tait pas tout \u00e0 fait \u00e9gal, du moins avant le coup d&rsquo;envoi. Les U23 de l&rsquo;AS Eupen occupent la deuxi\u00e8me place du classement avec 19 points apr\u00e8s 10 journ\u00e9es de match, mais le FC Eupen n&rsquo;a jusqu&rsquo;\u00e0 pr\u00e9sent obtenu que 6 points et se retrouve en queue de peloton.<\/p>\n<p>\u00ab\u00a0N\u00e9anmoins, les supporters peuvent s&rsquo;attendre \u00e0 un match passionnant car les deux \u00e9quipes sont \u00e9galement motiv\u00e9es pour prendre les trois points du derby local\u00a0\u00bb, a d\u00e9clar\u00e9 l&rsquo;h\u00f4te AS sur son site Internet. Le match s&rsquo;est d\u00e9roul\u00e9 sur le terrain A du stade Kehrweg.<\/p>\n<p>Le derby de la ville d&rsquo;Eupen s&rsquo;est d\u00e9cid\u00e9 par deux p\u00e9nalit\u00e9s. A la 23\u00e8me minute, Ilan Hanf a donn\u00e9 l&rsquo;avantage aux U23 de l&rsquo;AS Eupen sur penalty. Quatre minutes plus tard, le FC Eupen \u00e9galisait pour porter le score \u00e0 1-1 gr\u00e2ce \u00e0 Zidane Benlahbib.<\/p>\n<p>La d\u00e9cision est intervenue en phase finale lorsque les Noirs et Blancs ont obtenu un deuxi\u00e8me penalty, que Matteo Filorizzo a transform\u00e9 pour porter le score final \u00e0 2-1. (cr\u00e9er)<\/p>\n<p><em><strong>Vous trouverez ci-dessous d&rsquo;autres photos du photographe Patrick von Staufenberg du derby de la ville d&rsquo;Eupen au stade Kehrweg dimanche (cliquez sur l&rsquo;image pour l&rsquo;agrandir) :<\/strong><\/em><\/p>\n<div class=\"wp-gallery row\">\n<figure class=\"column small-6 medium-3 end\"><img decoding=\"async\" src=\"https:\/\/vieassociative.be\/actualites\/wp-content\/uploads\/2025\/11\/1762114639_69_Les-U23-de-lAS-Eupen-ont-battu-lequipe-premiere-du.jpg\" width=\"159\" height=\"159\" alt=\"\"><\/figure>\n<figure class=\"column small-6 medium-3 end\"><img decoding=\"async\" src=\"https:\/\/vieassociative.be\/actualites\/wp-content\/uploads\/2025\/11\/1762114639_316_Les-U23-de-lAS-Eupen-ont-battu-lequipe-premiere-du.jpg\" width=\"159\" height=\"159\" alt=\"\"><\/figure>\n<figure class=\"column small-6 medium-3 end\"><img loading=\"lazy\" decoding=\"async\" src=\"https:\/\/vieassociative.be\/actualites\/wp-content\/uploads\/2025\/11\/1762114639_996_Les-U23-de-lAS-Eupen-ont-battu-lequipe-premiere-du.jpg\" width=\"159\" height=\"159\" alt=\"\"><\/figure>\n<figure class=\"column small-6 medium-3 end\"><img loading=\"lazy\" decoding=\"async\" src=\"https:\/\/vieassociative.be\/actualites\/wp-content\/uploads\/2025\/11\/1762114639_890_Les-U23-de-lAS-Eupen-ont-battu-lequipe-premiere-du.jpg\" width=\"159\" height=\"159\" alt=\"\"><\/figure>\n<\/div>\n<p><em><strong>Sur le sujet, voir aussi l&rsquo;article suivant sur l&rsquo;OD :<\/strong><\/em><\/p>\n<div class=\"responsive-embed widescreen\">\n<blockquote class=\"wp-embedded-content\" data-secret=\"hBBLAo1PTd\">\n<p>Les supporters de l&rsquo;AS n&rsquo;ont pas eu de quoi rire \u00e0 Gand &#8211; une \u00e9quipe d&rsquo;Eupen incroyablement faible a perdu 1:2<\/p>\n<\/blockquote>\n<p><iframe loading=\"lazy\" class=\"wp-embedded-content\" sandbox=\"allow-scripts\" security=\"restricted\" style=\"position: absolute; visibility: hidden;\" title=\"\u201eDie Supporter der AS hatten in Gent nichts zu lachen \u2013 Eine erschreckend schwache Eupener Elf verliert 1:2\u201c \u2014 Ostbelgien Direkt\" src=\"https:\/\/ostbelgiendirekt.be\/about:blank\" data-secret=\"hBBLAo1PTd\" width=\"500\" height=\"282\" frameborder=\"0\" marginwidth=\"0\" marginheight=\"0\" scrolling=\"no\" data-rocket-lazyload=\"fitvidscompatible\" data-lazy-src=\"https:\/\/ostbelgiendirekt.be\/as-verliert-in-gent-12-428622\/embed#?secret=SPiAPrONtV#?secret=hBBLAo1PTd\"><\/iframe><noscript><iframe class=\"wp-embedded-content\" sandbox=\"allow-scripts\" security=\"restricted\" style=\"position: absolute; visibility: hidden;\" title=\"\u201eDie Supporter der AS hatten in Gent nichts zu lachen \u2013 Eine erschreckend schwache Eupener Elf verliert 1:2\u201c \u2014 Ostbelgien Direkt\" src=\"https:\/\/ostbelgiendirekt.be\/as-verliert-in-gent-12-428622\/embed#?secret=SPiAPrONtV#?secret=hBBLAo1PTd\" data-secret=\"hBBLAo1PTd\" width=\"500\" height=\"282\" frameborder=\"0\" marginwidth=\"0\" marginheight=\"0\" scrolling=\"no\"><\/iframe><\/noscript><\/p>\n<\/div>\n","protected":false},"excerpt":{"rendered":"<p>Dimanche, au stade Kehrweg d&rsquo;Eupen, s&rsquo;est d\u00e9roul\u00e9 un match de football qui restera dans l&rsquo;histoire du sport de l&rsquo;Est de la Belgique. Pour la premi\u00e8re<\/p>\n","protected":false},"author":1,"featured_media":11061,"comment_status":"","ping_status":"","sticky":false,"template":"","format":"standard","meta":{"footnotes":""},"categories":[298],"tags":[9125,166,4176,2329,2840,2353,537,14,1374,610,2621],"class_list":["post-11060","post","type-post","status-publish","format-standard","has-post-thumbnail","hentry","category-belgique","tag-battu","tag-dans","tag-derby","tag-eupen","tag-historique","tag-las","tag-lequipe","tag-les","tag-ont","tag-premiere","tag-u23","generate-columns","tablet-grid-50","mobile-grid-100","grid-parent","grid-33"],"yoast_head":"<!-- This site is optimized with the Yoast SEO plugin v24.0 - https:\/\/yoast.com\/wordpress\/plugins\/seo\/ -->\n<title>Les U23 de l&#039;AS Eupen ont battu l&#039;\u00e9quipe premi\u00e8re du FC Eupen 2-1 dans un derby historique. | Vie Associative<\/title>\n<meta name=\"robots\" content=\"index, follow, max-snippet:-1, max-image-preview:large, max-video-preview:-1\" \/>\n<link rel=\"canonical\" href=\"https:\/\/vieassociative.be\/actualites\/les-u23-de-las-eupen-ont-battu-lequipe-premiere-du-fc-eupen-2-1-dans-un-derby-historique\/\" \/>\n<meta property=\"og:locale\" content=\"fr_FR\" \/>\n<meta property=\"og:type\" content=\"article\" \/>\n<meta property=\"og:title\" content=\"Les U23 de l&#039;AS Eupen ont battu l&#039;\u00e9quipe premi\u00e8re du FC Eupen 2-1 dans un derby historique. | Vie Associative\" \/>\n<meta property=\"og:description\" content=\"Dimanche, au stade Kehrweg d&rsquo;Eupen, s&rsquo;est d\u00e9roul\u00e9 un match de football qui restera dans l&rsquo;histoire du sport de l&rsquo;Est de la Belgique. Pour la premi\u00e8re\" \/>\n<meta property=\"og:url\" content=\"https:\/\/vieassociative.be\/actualites\/les-u23-de-las-eupen-ont-battu-lequipe-premiere-du-fc-eupen-2-1-dans-un-derby-historique\/\" \/>\n<meta property=\"og:site_name\" content=\"Vie Associative\" \/>\n<meta property=\"article:published_time\" content=\"2025-11-02T20:17:19+00:00\" \/>\n<meta property=\"og:image\" content=\"https:\/\/vieassociative.be\/actualites\/wp-content\/uploads\/2024\/09\/header_backgroundk-01-e1726694325946.png\" \/>\n\t<meta property=\"og:image:width\" content=\"279\" \/>\n\t<meta property=\"og:image:height\" content=\"92\" \/>\n\t<meta property=\"og:image:type\" content=\"image\/png\" \/>\n<meta name=\"author\" content=\"Julien\" \/>\n<meta name=\"twitter:card\" content=\"summary_large_image\" \/>\n<meta name=\"twitter:label1\" content=\"\u00c9crit par\" \/>\n\t<meta name=\"twitter:data1\" content=\"Julien\" \/>\n\t<meta name=\"twitter:label2\" content=\"Dur\u00e9e de lecture est.\" \/>\n\t<meta name=\"twitter:data2\" content=\"2 minutes\" \/>\n<script type=\"application\/ld+json\" class=\"yoast-schema-graph\">{\"@context\":\"https:\/\/schema.org\",\"@graph\":[{\"@type\":\"Article\",\"@id\":\"https:\/\/vieassociative.be\/actualites\/les-u23-de-las-eupen-ont-battu-lequipe-premiere-du-fc-eupen-2-1-dans-un-derby-historique\/#article\",\"isPartOf\":{\"@id\":\"https:\/\/vieassociative.be\/actualites\/les-u23-de-las-eupen-ont-battu-lequipe-premiere-du-fc-eupen-2-1-dans-un-derby-historique\/\"},\"author\":{\"name\":\"Julien\",\"@id\":\"https:\/\/vieassociative.be\/actualites\/#\/schema\/person\/b87ac4f82f9d4e7b7cec7395b679edc4\"},\"headline\":\"Les U23 de l&rsquo;AS Eupen ont battu l&rsquo;\u00e9quipe premi\u00e8re du FC Eupen 2-1 dans un derby historique.\",\"datePublished\":\"2025-11-02T20:17:19+00:00\",\"dateModified\":\"2025-11-02T20:17:19+00:00\",\"mainEntityOfPage\":{\"@id\":\"https:\/\/vieassociative.be\/actualites\/les-u23-de-las-eupen-ont-battu-lequipe-premiere-du-fc-eupen-2-1-dans-un-derby-historique\/\"},\"wordCount\":455,\"publisher\":{\"@id\":\"https:\/\/vieassociative.be\/actualites\/#organization\"},\"image\":{\"@id\":\"https:\/\/vieassociative.be\/actualites\/les-u23-de-las-eupen-ont-battu-lequipe-premiere-du-fc-eupen-2-1-dans-un-derby-historique\/#primaryimage\"},\"thumbnailUrl\":\"https:\/\/vieassociative.be\/actualites\/wp-content\/uploads\/2025\/11\/1762114640_Les-U23-de-lAS-Eupen-ont-battu-lequipe-premiere-du.jpg\",\"keywords\":[\"battu\",\"dans\",\"derby\",\"Eupen\",\"historique\",\"lAS\",\"l\u00e9quipe\",\"Les\",\"ont\",\"premi\u00e8re\",\"U23\"],\"articleSection\":[\"Belgique\"],\"inLanguage\":\"fr-BE\"},{\"@type\":\"WebPage\",\"@id\":\"https:\/\/vieassociative.be\/actualites\/les-u23-de-las-eupen-ont-battu-lequipe-premiere-du-fc-eupen-2-1-dans-un-derby-historique\/\",\"url\":\"https:\/\/vieassociative.be\/actualites\/les-u23-de-las-eupen-ont-battu-lequipe-premiere-du-fc-eupen-2-1-dans-un-derby-historique\/\",\"name\":\"Les U23 de l'AS Eupen ont battu l'\u00e9quipe premi\u00e8re du FC Eupen 2-1 dans un derby historique. | Vie Associative\",\"isPartOf\":{\"@id\":\"https:\/\/vieassociative.be\/actualites\/#website\"},\"primaryImageOfPage\":{\"@id\":\"https:\/\/vieassociative.be\/actualites\/les-u23-de-las-eupen-ont-battu-lequipe-premiere-du-fc-eupen-2-1-dans-un-derby-historique\/#primaryimage\"},\"image\":{\"@id\":\"https:\/\/vieassociative.be\/actualites\/les-u23-de-las-eupen-ont-battu-lequipe-premiere-du-fc-eupen-2-1-dans-un-derby-historique\/#primaryimage\"},\"thumbnailUrl\":\"https:\/\/vieassociative.be\/actualites\/wp-content\/uploads\/2025\/11\/1762114640_Les-U23-de-lAS-Eupen-ont-battu-lequipe-premiere-du.jpg\",\"datePublished\":\"2025-11-02T20:17:19+00:00\",\"dateModified\":\"2025-11-02T20:17:19+00:00\",\"breadcrumb\":{\"@id\":\"https:\/\/vieassociative.be\/actualites\/les-u23-de-las-eupen-ont-battu-lequipe-premiere-du-fc-eupen-2-1-dans-un-derby-historique\/#breadcrumb\"},\"inLanguage\":\"fr-BE\",\"potentialAction\":[{\"@type\":\"ReadAction\",\"target\":[\"https:\/\/vieassociative.be\/actualites\/les-u23-de-las-eupen-ont-battu-lequipe-premiere-du-fc-eupen-2-1-dans-un-derby-historique\/\"]}]},{\"@type\":\"ImageObject\",\"inLanguage\":\"fr-BE\",\"@id\":\"https:\/\/vieassociative.be\/actualites\/les-u23-de-las-eupen-ont-battu-lequipe-premiere-du-fc-eupen-2-1-dans-un-derby-historique\/#primaryimage\",\"url\":\"https:\/\/vieassociative.be\/actualites\/wp-content\/uploads\/2025\/11\/1762114640_Les-U23-de-lAS-Eupen-ont-battu-lequipe-premiere-du.jpg\",\"contentUrl\":\"https:\/\/vieassociative.be\/actualites\/wp-content\/uploads\/2025\/11\/1762114640_Les-U23-de-lAS-Eupen-ont-battu-lequipe-premiere-du.jpg\",\"width\":1200,\"height\":800,\"caption\":\"Les U23 de l'AS Eupen ont battu l'\u00e9quipe premi\u00e8re du FC Eupen 2-1 dans un derby historique.\"},{\"@type\":\"BreadcrumbList\",\"@id\":\"https:\/\/vieassociative.be\/actualites\/les-u23-de-las-eupen-ont-battu-lequipe-premiere-du-fc-eupen-2-1-dans-un-derby-historique\/#breadcrumb\",\"itemListElement\":[{\"@type\":\"ListItem\",\"position\":1,\"name\":\"Accueil\",\"item\":\"https:\/\/vieassociative.be\/actualites\/\"},{\"@type\":\"ListItem\",\"position\":2,\"name\":\"Les U23 de l&rsquo;AS Eupen ont battu l&rsquo;\u00e9quipe premi\u00e8re du FC Eupen 2-1 dans un derby historique.\"}]},{\"@type\":\"WebSite\",\"@id\":\"https:\/\/vieassociative.be\/actualites\/#website\",\"url\":\"https:\/\/vieassociative.be\/actualites\/\",\"name\":\"Vie Associative\",\"description\":\"\",\"publisher\":{\"@id\":\"https:\/\/vieassociative.be\/actualites\/#organization\"},\"potentialAction\":[{\"@type\":\"SearchAction\",\"target\":{\"@type\":\"EntryPoint\",\"urlTemplate\":\"https:\/\/vieassociative.be\/actualites\/?s={search_term_string}\"},\"query-input\":{\"@type\":\"PropertyValueSpecification\",\"valueRequired\":true,\"valueName\":\"search_term_string\"}}],\"inLanguage\":\"fr-BE\"},{\"@type\":\"Organization\",\"@id\":\"https:\/\/vieassociative.be\/actualites\/#organization\",\"name\":\"Vie Associative\",\"url\":\"https:\/\/vieassociative.be\/actualites\/\",\"logo\":{\"@type\":\"ImageObject\",\"inLanguage\":\"fr-BE\",\"@id\":\"https:\/\/vieassociative.be\/actualites\/#\/schema\/logo\/image\/\",\"url\":\"https:\/\/vieassociative.be\/actualites\/wp-content\/uploads\/2024\/09\/cropped-vieassociative_favicon.ico.png\",\"contentUrl\":\"https:\/\/vieassociative.be\/actualites\/wp-content\/uploads\/2024\/09\/cropped-vieassociative_favicon.ico.png\",\"width\":512,\"height\":512,\"caption\":\"Vie Associative\"},\"image\":{\"@id\":\"https:\/\/vieassociative.be\/actualites\/#\/schema\/logo\/image\/\"}},{\"@type\":\"Person\",\"@id\":\"https:\/\/vieassociative.be\/actualites\/#\/schema\/person\/b87ac4f82f9d4e7b7cec7395b679edc4\",\"name\":\"Julien\",\"image\":{\"@type\":\"ImageObject\",\"inLanguage\":\"fr-BE\",\"@id\":\"https:\/\/vieassociative.be\/actualites\/#\/schema\/person\/image\/\",\"url\":\"https:\/\/vieassociative.be\/actualites\/wp-content\/uploads\/2024\/09\/vie-associative-1-150x150.jpg\",\"contentUrl\":\"https:\/\/vieassociative.be\/actualites\/wp-content\/uploads\/2024\/09\/vie-associative-1-150x150.jpg\",\"caption\":\"Julien\"},\"description\":\"Je suis Julien, r\u00e9dacteur pour Vie Associative. Passionn\u00e9 par le monde associatif depuis plus de 10 ans, j'ai \u00e0 c\u0153ur de partager des histoires inspirantes et de mettre en lumi\u00e8re les initiatives locales. Mon objectif est de sensibiliser et d'encourager l'engagement communautaire \u00e0 travers mes articles.\",\"sameAs\":[\"https:\/\/vieassociative.be\/\"]}]}<\/script>\n<!-- \/ Yoast SEO plugin. -->","yoast_head_json":{"title":"Les U23 de l'AS Eupen ont battu l'\u00e9quipe premi\u00e8re du FC Eupen 2-1 dans un derby historique. | Vie Associative","robots":{"index":"index","follow":"follow","max-snippet":"max-snippet:-1","max-image-preview":"max-image-preview:large","max-video-preview":"max-video-preview:-1"},"canonical":"https:\/\/vieassociative.be\/actualites\/les-u23-de-las-eupen-ont-battu-lequipe-premiere-du-fc-eupen-2-1-dans-un-derby-historique\/","og_locale":"fr_FR","og_type":"article","og_title":"Les U23 de l'AS Eupen ont battu l'\u00e9quipe premi\u00e8re du FC Eupen 2-1 dans un derby historique. | Vie Associative","og_description":"Dimanche, au stade Kehrweg d&rsquo;Eupen, s&rsquo;est d\u00e9roul\u00e9 un match de football qui restera dans l&rsquo;histoire du sport de l&rsquo;Est de la Belgique. Pour la premi\u00e8re","og_url":"https:\/\/vieassociative.be\/actualites\/les-u23-de-las-eupen-ont-battu-lequipe-premiere-du-fc-eupen-2-1-dans-un-derby-historique\/","og_site_name":"Vie Associative","article_published_time":"2025-11-02T20:17:19+00:00","og_image":[{"width":279,"height":92,"url":"https:\/\/vieassociative.be\/actualites\/wp-content\/uploads\/2024\/09\/header_backgroundk-01-e1726694325946.png","type":"image\/png"}],"author":"Julien","twitter_card":"summary_large_image","twitter_misc":{"\u00c9crit par":"Julien","Dur\u00e9e de lecture est.":"2 minutes"},"schema":{"@context":"https:\/\/schema.org","@graph":[{"@type":"Article","@id":"https:\/\/vieassociative.be\/actualites\/les-u23-de-las-eupen-ont-battu-lequipe-premiere-du-fc-eupen-2-1-dans-un-derby-historique\/#article","isPartOf":{"@id":"https:\/\/vieassociative.be\/actualites\/les-u23-de-las-eupen-ont-battu-lequipe-premiere-du-fc-eupen-2-1-dans-un-derby-historique\/"},"author":{"name":"Julien","@id":"https:\/\/vieassociative.be\/actualites\/#\/schema\/person\/b87ac4f82f9d4e7b7cec7395b679edc4"},"headline":"Les U23 de l&rsquo;AS Eupen ont battu l&rsquo;\u00e9quipe premi\u00e8re du FC Eupen 2-1 dans un derby historique.","datePublished":"2025-11-02T20:17:19+00:00","dateModified":"2025-11-02T20:17:19+00:00","mainEntityOfPage":{"@id":"https:\/\/vieassociative.be\/actualites\/les-u23-de-las-eupen-ont-battu-lequipe-premiere-du-fc-eupen-2-1-dans-un-derby-historique\/"},"wordCount":455,"publisher":{"@id":"https:\/\/vieassociative.be\/actualites\/#organization"},"image":{"@id":"https:\/\/vieassociative.be\/actualites\/les-u23-de-las-eupen-ont-battu-lequipe-premiere-du-fc-eupen-2-1-dans-un-derby-historique\/#primaryimage"},"thumbnailUrl":"https:\/\/vieassociative.be\/actualites\/wp-content\/uploads\/2025\/11\/1762114640_Les-U23-de-lAS-Eupen-ont-battu-lequipe-premiere-du.jpg","keywords":["battu","dans","derby","Eupen","historique","lAS","l\u00e9quipe","Les","ont","premi\u00e8re","U23"],"articleSection":["Belgique"],"inLanguage":"fr-BE"},{"@type":"WebPage","@id":"https:\/\/vieassociative.be\/actualites\/les-u23-de-las-eupen-ont-battu-lequipe-premiere-du-fc-eupen-2-1-dans-un-derby-historique\/","url":"https:\/\/vieassociative.be\/actualites\/les-u23-de-las-eupen-ont-battu-lequipe-premiere-du-fc-eupen-2-1-dans-un-derby-historique\/","name":"Les U23 de l'AS Eupen ont battu l'\u00e9quipe premi\u00e8re du FC Eupen 2-1 dans un derby historique. | Vie Associative","isPartOf":{"@id":"https:\/\/vieassociative.be\/actualites\/#website"},"primaryImageOfPage":{"@id":"https:\/\/vieassociative.be\/actualites\/les-u23-de-las-eupen-ont-battu-lequipe-premiere-du-fc-eupen-2-1-dans-un-derby-historique\/#primaryimage"},"image":{"@id":"https:\/\/vieassociative.be\/actualites\/les-u23-de-las-eupen-ont-battu-lequipe-premiere-du-fc-eupen-2-1-dans-un-derby-historique\/#primaryimage"},"thumbnailUrl":"https:\/\/vieassociative.be\/actualites\/wp-content\/uploads\/2025\/11\/1762114640_Les-U23-de-lAS-Eupen-ont-battu-lequipe-premiere-du.jpg","datePublished":"2025-11-02T20:17:19+00:00","dateModified":"2025-11-02T20:17:19+00:00","breadcrumb":{"@id":"https:\/\/vieassociative.be\/actualites\/les-u23-de-las-eupen-ont-battu-lequipe-premiere-du-fc-eupen-2-1-dans-un-derby-historique\/#breadcrumb"},"inLanguage":"fr-BE","potentialAction":[{"@type":"ReadAction","target":["https:\/\/vieassociative.be\/actualites\/les-u23-de-las-eupen-ont-battu-lequipe-premiere-du-fc-eupen-2-1-dans-un-derby-historique\/"]}]},{"@type":"ImageObject","inLanguage":"fr-BE","@id":"https:\/\/vieassociative.be\/actualites\/les-u23-de-las-eupen-ont-battu-lequipe-premiere-du-fc-eupen-2-1-dans-un-derby-historique\/#primaryimage","url":"https:\/\/vieassociative.be\/actualites\/wp-content\/uploads\/2025\/11\/1762114640_Les-U23-de-lAS-Eupen-ont-battu-lequipe-premiere-du.jpg","contentUrl":"https:\/\/vieassociative.be\/actualites\/wp-content\/uploads\/2025\/11\/1762114640_Les-U23-de-lAS-Eupen-ont-battu-lequipe-premiere-du.jpg","width":1200,"height":800,"caption":"Les U23 de l'AS Eupen ont battu l'\u00e9quipe premi\u00e8re du FC Eupen 2-1 dans un derby historique."},{"@type":"BreadcrumbList","@id":"https:\/\/vieassociative.be\/actualites\/les-u23-de-las-eupen-ont-battu-lequipe-premiere-du-fc-eupen-2-1-dans-un-derby-historique\/#breadcrumb","itemListElement":[{"@type":"ListItem","position":1,"name":"Accueil","item":"https:\/\/vieassociative.be\/actualites\/"},{"@type":"ListItem","position":2,"name":"Les U23 de l&rsquo;AS Eupen ont battu l&rsquo;\u00e9quipe premi\u00e8re du FC Eupen 2-1 dans un derby historique."}]},{"@type":"WebSite","@id":"https:\/\/vieassociative.be\/actualites\/#website","url":"https:\/\/vieassociative.be\/actualites\/","name":"Vie Associative","description":"","publisher":{"@id":"https:\/\/vieassociative.be\/actualites\/#organization"},"potentialAction":[{"@type":"SearchAction","target":{"@type":"EntryPoint","urlTemplate":"https:\/\/vieassociative.be\/actualites\/?s={search_term_string}"},"query-input":{"@type":"PropertyValueSpecification","valueRequired":true,"valueName":"search_term_string"}}],"inLanguage":"fr-BE"},{"@type":"Organization","@id":"https:\/\/vieassociative.be\/actualites\/#organization","name":"Vie Associative","url":"https:\/\/vieassociative.be\/actualites\/","logo":{"@type":"ImageObject","inLanguage":"fr-BE","@id":"https:\/\/vieassociative.be\/actualites\/#\/schema\/logo\/image\/","url":"https:\/\/vieassociative.be\/actualites\/wp-content\/uploads\/2024\/09\/cropped-vieassociative_favicon.ico.png","contentUrl":"https:\/\/vieassociative.be\/actualites\/wp-content\/uploads\/2024\/09\/cropped-vieassociative_favicon.ico.png","width":512,"height":512,"caption":"Vie Associative"},"image":{"@id":"https:\/\/vieassociative.be\/actualites\/#\/schema\/logo\/image\/"}},{"@type":"Person","@id":"https:\/\/vieassociative.be\/actualites\/#\/schema\/person\/b87ac4f82f9d4e7b7cec7395b679edc4","name":"Julien","image":{"@type":"ImageObject","inLanguage":"fr-BE","@id":"https:\/\/vieassociative.be\/actualites\/#\/schema\/person\/image\/","url":"https:\/\/vieassociative.be\/actualites\/wp-content\/uploads\/2024\/09\/vie-associative-1-150x150.jpg","contentUrl":"https:\/\/vieassociative.be\/actualites\/wp-content\/uploads\/2024\/09\/vie-associative-1-150x150.jpg","caption":"Julien"},"description":"Je suis Julien, r\u00e9dacteur pour Vie Associative. Passionn\u00e9 par le monde associatif depuis plus de 10 ans, j'ai \u00e0 c\u0153ur de partager des histoires inspirantes et de mettre en lumi\u00e8re les initiatives locales. Mon objectif est de sensibiliser et d'encourager l'engagement communautaire \u00e0 travers mes articles.","sameAs":["https:\/\/vieassociative.be\/"]}]}},"_links":{"self":[{"href":"https:\/\/vieassociative.be\/actualites\/wp-json\/wp\/v2\/posts\/11060"}],"collection":[{"href":"https:\/\/vieassociative.be\/actualites\/wp-json\/wp\/v2\/posts"}],"about":[{"href":"https:\/\/vieassociative.be\/actualites\/wp-json\/wp\/v2\/types\/post"}],"author":[{"embeddable":true,"href":"https:\/\/vieassociative.be\/actualites\/wp-json\/wp\/v2\/users\/1"}],"replies":[{"embeddable":true,"href":"https:\/\/vieassociative.be\/actualites\/wp-json\/wp\/v2\/comments?post=11060"}],"version-history":[{"count":0,"href":"https:\/\/vieassociative.be\/actualites\/wp-json\/wp\/v2\/posts\/11060\/revisions"}],"wp:featuredmedia":[{"embeddable":true,"href":"https:\/\/vieassociative.be\/actualites\/wp-json\/wp\/v2\/media\/11061"}],"wp:attachment":[{"href":"https:\/\/vieassociative.be\/actualites\/wp-json\/wp\/v2\/media?parent=11060"}],"wp:term":[{"taxonomy":"category","embeddable":true,"href":"https:\/\/vieassociative.be\/actualites\/wp-json\/wp\/v2\/categories?post=11060"},{"taxonomy":"post_tag","embeddable":true,"href":"https:\/\/vieassociative.be\/actualites\/wp-json\/wp\/v2\/tags?post=11060"}],"curies":[{"name":"wp","href":"https:\/\/api.w.org\/{rel}","templated":true}]}}