{"id":11058,"date":"2025-11-02T20:18:47","date_gmt":"2025-11-02T19:18:47","guid":{"rendered":"https:\/\/vieassociative.be\/actualites\/le-jbl-charge-6-est-a-30-de-reduction-en-ce-moment\/"},"modified":"2025-11-02T20:18:47","modified_gmt":"2025-11-02T19:18:47","slug":"le-jbl-charge-6-est-a-30-de-reduction-en-ce-moment","status":"publish","type":"post","link":"https:\/\/vieassociative.be\/actualites\/le-jbl-charge-6-est-a-30-de-reduction-en-ce-moment\/","title":{"rendered":"Le JBL Charge 6 est \u00e0 30 $ de r\u00e9duction en ce moment"},"content":{"rendered":"<div class=\"mt-4 leading-6 md:mb-8\">Le dernier n\u00e9 de la gamme d&rsquo;enceintes portables de JBL est d\u00e9sormais propos\u00e9 \u00e0 un prix plus attractif.<\/div>\n<p><\/p>\n<p>Le JBL Charge 6 est actuellement disponible au prix de 169,95 $ chez Walmart, en baisse par rapport \u00e0 ses 199,95 $ d&rsquo;origine. Cette petite baisse n\u2019a peut-\u00eatre pas l\u2019air dramatique sur le papier, mais \u00e9tant donn\u00e9 que ce mod\u00e8le n\u2019est sorti que r\u00e9cemment, c\u2019est l\u2019une des meilleures offres que vous trouverez sur un haut-parleur ext\u00e9rieur portable haut de gamme. <\/p>\n<div class=\"pogoClear mb-12 mt-10 rounded-md border-2 border-gray-100 py-7 shadow-xl md:py-6\">\n<div class=\"flex flex-wrap justify-between px-7 text-black no-underline md:flex-nowrap md:px-8\">\n<div class=\"order-1 mx-auto flex flex-col justify-center md:order-2 md:ml-4 md:w-full md:grow\">\n<div class=\"block cursor-pointer text-center font-akshar text-2xl font-medium leading-7 text-brand-green duration-200 ease-in-out hover:text-brand-green-700 md:text-left md:text-xl md:leading-6\">JBL Charge 6\n                <\/div>\n<div class=\"mt-4 hidden md:flex md:justify-between\">\n<div class=\"self-end\">\n<div class=\"mb-0 h-11 md:flex md:flex-col md:justify-center\">\n<div class=\" font-sans leading-4 text-black\">\n<div class=\"flex flex-wrap items-center justify-center gap-1 md:justify-start\">\n        <span class=\"font-bold\"><\/p>\n<p>            169,95\u00a0$<br \/>\n                            <span class=\"font-medium\">chez Walmart <\/span><br \/>\n                    <\/span>\n            <\/div>\n<div class=\"flex items-center justify-center gap-x-1 font-bold md:justify-start\">\n            <span class=\"text-sm line-through\">199,95\u00a0$<\/span><br \/>\n            <span class=\"text-sm text-brand-green\">\u00c9conomisez 30,00\u00a0$<\/span>\n        <\/div>\n<\/p><\/div>\n<\/p><\/div>\n<\/p><\/div>\n<div class=\"w-44 self-end\">\n                            <button class=\"flex justify-center items-center w-full bg-brand-green text-white text-base font-sans font-medium rounded-md hover:bg-brand-green-700 hover:cursor-pointer md:text-sm h-11\"><\/p>\n<p>    Obtenez une offre<br \/>\n<\/button>\n                        <\/div>\n<\/p><\/div>\n<\/p><\/div>\n<div class=\"order-2 mt-5 h-auto w-full md:order-1 md:mt-0 md:hidden\">\n<div class=\"flex aspect-video items-center justify-center\">\n                                            <img decoding=\"async\" class=\"m-0 max-h-full max-w-full rounded-md\" src=\"https:\/\/vieassociative.be\/actualites\/wp-content\/uploads\/2025\/11\/Le-JBL-Charge-6-est-a-30-de-reduction.png\" alt=\"JBL Charge 6\" width=\"auto\" height=\"auto\" loading=\"lazy\">\n                                    <\/div>\n<\/p><\/div>\n<div class=\"order-2 ml-2 hidden w-32 shrink-0 items-center md:order-1 md:ml-0 md:flex\">\n<div class=\"flex aspect-video items-center justify-center\">\n                                            <img decoding=\"async\" class=\"m-0 max-h-full max-w-full rounded-md\" src=\"https:\/\/vieassociative.be\/actualites\/wp-content\/uploads\/2025\/11\/Le-JBL-Charge-6-est-a-30-de-reduction.png\" alt=\"JBL Charge 6\" width=\"auto\" height=\"auto\" loading=\"lazy\">\n                                    <\/div>\n<\/p><\/div>\n<div class=\"order-3 flex grow flex-wrap md:hidden md:grow-0\">\n<div class=\"mt-4 w-full\">\n                        <button class=\"flex justify-center items-center w-full bg-brand-green text-white text-base font-sans font-medium rounded-md hover:bg-brand-green-700 hover:cursor-pointer md:text-sm h-11\"><\/p>\n<p>    Obtenez une offre<br \/>\n<\/button>\n                    <\/div>\n<div class=\"mx-2 mt-4 w-full\">\n<div class=\" font-sans leading-4 text-black\">\n<div class=\"flex flex-wrap items-center justify-center gap-1 md:justify-start\">\n        <span class=\"font-bold\"><\/p>\n<p>            169,95\u00a0$<br \/>\n                            <span class=\"font-medium\">chez Walmart <\/span><br \/>\n                    <\/span>\n            <\/div>\n<div class=\"flex items-center justify-center gap-x-1 font-bold md:justify-start\">\n            <span class=\"text-sm line-through\">199,95\u00a0$<\/span><br \/>\n            <span class=\"text-sm text-brand-green\">\u00c9conomisez 30,00\u00a0$<\/span>\n        <\/div>\n<\/p><\/div>\n<\/p><\/div>\n<\/p><\/div>\n<\/p><\/div>\n<\/div>\n<p>Le Charge 6 conserve le m\u00eame design robuste et adapt\u00e9 aux voyages pour lequel JBL est connu tout en am\u00e9liorant ce qui a fait du Charge 5 un tel favori du public. Il est con\u00e7u pour l&rsquo;ext\u00e9rieur, suffisamment durable pour r\u00e9sister \u00e0 quelques chocs et est class\u00e9 IP68, ce qui signifie qu&rsquo;il est \u00e0 la fois \u00e9tanche \u00e0 la poussi\u00e8re et \u00e0 l&rsquo;eau. Vous pouvez le d\u00e9poser dans une piscine ou l&#8217;emmener \u00e0 la plage sans vous soucier des dommages. JBL a \u00e9galement ajout\u00e9 une poign\u00e9e en boucle, ce qui facilite le transport d&rsquo;un endroit \u00e0 un autre.<\/p>\n<p>Sur le plan sonore, il s&rsquo;agit d&rsquo;une avanc\u00e9e notable par rapport \u00e0 la g\u00e9n\u00e9ration pr\u00e9c\u00e9dente. \u00c0 l&rsquo;int\u00e9rieur se trouvent un woofer de 2,1 x 3,7 pouces et un tweeter de 0,8 pouce qui se combinent pour 45 watts de puissance, soutenus par des radiateurs passifs \u00e0 chaque extr\u00e9mit\u00e9 pour un punch suppl\u00e9mentaire dans les basses fr\u00e9quences. L&rsquo;audio a du poids et de la clart\u00e9, et m\u00eame si vous n&rsquo;obtiendrez pas de basses qui font claquer la poitrine, c&rsquo;est plus que suffisant pour une r\u00e9union dans la cour ou un long apr\u00e8s-midi au bord de la piscine, note cette revue de PCMag.<\/p>\n<p>Si vous souhaitez plus de contr\u00f4le, l&rsquo;\u00e9galiseur \u00e0 sept bandes de JBL dans l&rsquo;application compagnon vous offre suffisamment d&rsquo;espace pour ajuster le son \u00e0 votre guise. En ce qui concerne la dur\u00e9e de vie de la batterie, le Charge 6 durerait jusqu&rsquo;\u00e0 24 heures avec une charge compl\u00e8te (selon l&rsquo;utilisation) et peut m\u00eame servir de banque d&rsquo;alimentation pour votre t\u00e9l\u00e9phone via le port USB-C, qui prend \u00e9galement en charge l&rsquo;audio sans perte lorsqu&rsquo;il est branch\u00e9.<\/p>\n<p>La connectivit\u00e9 et les fonctionnalit\u00e9s sont solides pour cette taille et ce prix. Le Charge 6 fonctionne sur Bluetooth 5.4 pour des connexions stables et prend d\u00e9sormais en charge Auracast, une nouvelle fonctionnalit\u00e9 de diffusion qui vous permet de syntoniser des flux audio compatibles ou de synchroniser plusieurs haut-parleurs pour une \u00e9coute de groupe. La prise en charge des codecs est limit\u00e9e \u00e0 AAC et SBC, ce qui peut d\u00e9cevoir tous ceux qui souhaitent un son haut de gamme via Bluetooth, mais l&rsquo;option filaire compense en partie cela. JBL n&rsquo;a pas inclus de brique ou de c\u00e2ble de chargement, ce qui est une d\u00e9ception pour quelque chose dans cette gamme de prix. N\u00e9anmoins, si vous recherchez un haut-parleur puissant, portable et capable de g\u00e9rer les abus du monde r\u00e9el tout en sonnant bien, le Charge 6 fait l&rsquo;affaire, et ce prix le rend encore plus attrayant.<\/p>\n<hr>\n","protected":false},"excerpt":{"rendered":"<p>Le dernier n\u00e9 de la gamme d&rsquo;enceintes portables de JBL est d\u00e9sormais propos\u00e9 \u00e0 un prix plus attractif. Le JBL Charge 6 est actuellement disponible<\/p>\n","protected":false},"author":1,"featured_media":11059,"comment_status":"","ping_status":"","sticky":false,"template":"","format":"standard","meta":{"footnotes":""},"categories":[13],"tags":[3135,76,6985,1429,308],"class_list":["post-11058","post","type-post","status-publish","format-standard","has-post-thumbnail","hentry","category-technologie","tag-charge","tag-est","tag-jbl","tag-moment","tag-reduction","generate-columns","tablet-grid-50","mobile-grid-100","grid-parent","grid-33"],"yoast_head":"<!-- This site is optimized with the Yoast SEO plugin v24.0 - https:\/\/yoast.com\/wordpress\/plugins\/seo\/ -->\n<title>Le JBL Charge 6 est \u00e0 30 $ de r\u00e9duction en ce moment | Vie Associative<\/title>\n<meta name=\"robots\" content=\"index, follow, max-snippet:-1, max-image-preview:large, max-video-preview:-1\" \/>\n<link rel=\"canonical\" href=\"https:\/\/vieassociative.be\/actualites\/le-jbl-charge-6-est-a-30-de-reduction-en-ce-moment\/\" \/>\n<meta property=\"og:locale\" content=\"fr_FR\" \/>\n<meta property=\"og:type\" content=\"article\" \/>\n<meta property=\"og:title\" content=\"Le JBL Charge 6 est \u00e0 30 $ de r\u00e9duction en ce moment | Vie Associative\" \/>\n<meta property=\"og:description\" content=\"Le dernier n\u00e9 de la gamme d&rsquo;enceintes portables de JBL est d\u00e9sormais propos\u00e9 \u00e0 un prix plus attractif. Le JBL Charge 6 est actuellement disponible\" \/>\n<meta property=\"og:url\" content=\"https:\/\/vieassociative.be\/actualites\/le-jbl-charge-6-est-a-30-de-reduction-en-ce-moment\/\" \/>\n<meta property=\"og:site_name\" content=\"Vie Associative\" \/>\n<meta property=\"article:published_time\" content=\"2025-11-02T19:18:47+00:00\" \/>\n<meta property=\"og:image\" content=\"https:\/\/vieassociative.be\/actualites\/wp-content\/uploads\/2025\/11\/Le-JBL-Charge-6-est-a-30-de-reduction.png\" \/>\n<meta name=\"author\" content=\"Julien\" \/>\n<meta name=\"twitter:card\" content=\"summary_large_image\" \/>\n<meta name=\"twitter:label1\" content=\"\u00c9crit par\" \/>\n\t<meta name=\"twitter:data1\" content=\"Julien\" \/>\n\t<meta name=\"twitter:label2\" content=\"Dur\u00e9e de lecture est.\" \/>\n\t<meta name=\"twitter:data2\" content=\"3 minutes\" \/>\n<script type=\"application\/ld+json\" class=\"yoast-schema-graph\">{\"@context\":\"https:\/\/schema.org\",\"@graph\":[{\"@type\":\"Article\",\"@id\":\"https:\/\/vieassociative.be\/actualites\/le-jbl-charge-6-est-a-30-de-reduction-en-ce-moment\/#article\",\"isPartOf\":{\"@id\":\"https:\/\/vieassociative.be\/actualites\/le-jbl-charge-6-est-a-30-de-reduction-en-ce-moment\/\"},\"author\":{\"name\":\"Julien\",\"@id\":\"https:\/\/vieassociative.be\/actualites\/#\/schema\/person\/b87ac4f82f9d4e7b7cec7395b679edc4\"},\"headline\":\"Le JBL Charge 6 est \u00e0 30 $ de r\u00e9duction en ce moment\",\"datePublished\":\"2025-11-02T19:18:47+00:00\",\"dateModified\":\"2025-11-02T19:18:47+00:00\",\"mainEntityOfPage\":{\"@id\":\"https:\/\/vieassociative.be\/actualites\/le-jbl-charge-6-est-a-30-de-reduction-en-ce-moment\/\"},\"wordCount\":560,\"publisher\":{\"@id\":\"https:\/\/vieassociative.be\/actualites\/#organization\"},\"image\":{\"@id\":\"https:\/\/vieassociative.be\/actualites\/le-jbl-charge-6-est-a-30-de-reduction-en-ce-moment\/#primaryimage\"},\"thumbnailUrl\":\"https:\/\/vieassociative.be\/actualites\/wp-content\/uploads\/2025\/11\/1762111128_Le-JBL-Charge-6-est-a-30-de-reduction.png\",\"keywords\":[\"charge\",\"est\",\"JBL\",\"moment\",\"r\u00e9duction\"],\"articleSection\":[\"Technologie\"],\"inLanguage\":\"fr-BE\"},{\"@type\":\"WebPage\",\"@id\":\"https:\/\/vieassociative.be\/actualites\/le-jbl-charge-6-est-a-30-de-reduction-en-ce-moment\/\",\"url\":\"https:\/\/vieassociative.be\/actualites\/le-jbl-charge-6-est-a-30-de-reduction-en-ce-moment\/\",\"name\":\"Le JBL Charge 6 est \u00e0 30 $ de r\u00e9duction en ce moment | Vie Associative\",\"isPartOf\":{\"@id\":\"https:\/\/vieassociative.be\/actualites\/#website\"},\"primaryImageOfPage\":{\"@id\":\"https:\/\/vieassociative.be\/actualites\/le-jbl-charge-6-est-a-30-de-reduction-en-ce-moment\/#primaryimage\"},\"image\":{\"@id\":\"https:\/\/vieassociative.be\/actualites\/le-jbl-charge-6-est-a-30-de-reduction-en-ce-moment\/#primaryimage\"},\"thumbnailUrl\":\"https:\/\/vieassociative.be\/actualites\/wp-content\/uploads\/2025\/11\/1762111128_Le-JBL-Charge-6-est-a-30-de-reduction.png\",\"datePublished\":\"2025-11-02T19:18:47+00:00\",\"dateModified\":\"2025-11-02T19:18:47+00:00\",\"breadcrumb\":{\"@id\":\"https:\/\/vieassociative.be\/actualites\/le-jbl-charge-6-est-a-30-de-reduction-en-ce-moment\/#breadcrumb\"},\"inLanguage\":\"fr-BE\",\"potentialAction\":[{\"@type\":\"ReadAction\",\"target\":[\"https:\/\/vieassociative.be\/actualites\/le-jbl-charge-6-est-a-30-de-reduction-en-ce-moment\/\"]}]},{\"@type\":\"ImageObject\",\"inLanguage\":\"fr-BE\",\"@id\":\"https:\/\/vieassociative.be\/actualites\/le-jbl-charge-6-est-a-30-de-reduction-en-ce-moment\/#primaryimage\",\"url\":\"https:\/\/vieassociative.be\/actualites\/wp-content\/uploads\/2025\/11\/1762111128_Le-JBL-Charge-6-est-a-30-de-reduction.png\",\"contentUrl\":\"https:\/\/vieassociative.be\/actualites\/wp-content\/uploads\/2025\/11\/1762111128_Le-JBL-Charge-6-est-a-30-de-reduction.png\",\"width\":1200,\"height\":675,\"caption\":\"Le JBL Charge 6 est \u00e0 30 $ de r\u00e9duction en ce moment\"},{\"@type\":\"BreadcrumbList\",\"@id\":\"https:\/\/vieassociative.be\/actualites\/le-jbl-charge-6-est-a-30-de-reduction-en-ce-moment\/#breadcrumb\",\"itemListElement\":[{\"@type\":\"ListItem\",\"position\":1,\"name\":\"Accueil\",\"item\":\"https:\/\/vieassociative.be\/actualites\/\"},{\"@type\":\"ListItem\",\"position\":2,\"name\":\"Le JBL Charge 6 est \u00e0 30 $ de r\u00e9duction en ce moment\"}]},{\"@type\":\"WebSite\",\"@id\":\"https:\/\/vieassociative.be\/actualites\/#website\",\"url\":\"https:\/\/vieassociative.be\/actualites\/\",\"name\":\"Vie Associative\",\"description\":\"\",\"publisher\":{\"@id\":\"https:\/\/vieassociative.be\/actualites\/#organization\"},\"potentialAction\":[{\"@type\":\"SearchAction\",\"target\":{\"@type\":\"EntryPoint\",\"urlTemplate\":\"https:\/\/vieassociative.be\/actualites\/?s={search_term_string}\"},\"query-input\":{\"@type\":\"PropertyValueSpecification\",\"valueRequired\":true,\"valueName\":\"search_term_string\"}}],\"inLanguage\":\"fr-BE\"},{\"@type\":\"Organization\",\"@id\":\"https:\/\/vieassociative.be\/actualites\/#organization\",\"name\":\"Vie Associative\",\"url\":\"https:\/\/vieassociative.be\/actualites\/\",\"logo\":{\"@type\":\"ImageObject\",\"inLanguage\":\"fr-BE\",\"@id\":\"https:\/\/vieassociative.be\/actualites\/#\/schema\/logo\/image\/\",\"url\":\"https:\/\/vieassociative.be\/actualites\/wp-content\/uploads\/2024\/09\/cropped-vieassociative_favicon.ico.png\",\"contentUrl\":\"https:\/\/vieassociative.be\/actualites\/wp-content\/uploads\/2024\/09\/cropped-vieassociative_favicon.ico.png\",\"width\":512,\"height\":512,\"caption\":\"Vie Associative\"},\"image\":{\"@id\":\"https:\/\/vieassociative.be\/actualites\/#\/schema\/logo\/image\/\"}},{\"@type\":\"Person\",\"@id\":\"https:\/\/vieassociative.be\/actualites\/#\/schema\/person\/b87ac4f82f9d4e7b7cec7395b679edc4\",\"name\":\"Julien\",\"image\":{\"@type\":\"ImageObject\",\"inLanguage\":\"fr-BE\",\"@id\":\"https:\/\/vieassociative.be\/actualites\/#\/schema\/person\/image\/\",\"url\":\"https:\/\/vieassociative.be\/actualites\/wp-content\/uploads\/2024\/09\/vie-associative-1-150x150.jpg\",\"contentUrl\":\"https:\/\/vieassociative.be\/actualites\/wp-content\/uploads\/2024\/09\/vie-associative-1-150x150.jpg\",\"caption\":\"Julien\"},\"description\":\"Je suis Julien, r\u00e9dacteur pour Vie Associative. Passionn\u00e9 par le monde associatif depuis plus de 10 ans, j'ai \u00e0 c\u0153ur de partager des histoires inspirantes et de mettre en lumi\u00e8re les initiatives locales. Mon objectif est de sensibiliser et d'encourager l'engagement communautaire \u00e0 travers mes articles.\",\"sameAs\":[\"https:\/\/vieassociative.be\/\"]}]}<\/script>\n<!-- \/ Yoast SEO plugin. -->","yoast_head_json":{"title":"Le JBL Charge 6 est \u00e0 30 $ de r\u00e9duction en ce moment | Vie Associative","robots":{"index":"index","follow":"follow","max-snippet":"max-snippet:-1","max-image-preview":"max-image-preview:large","max-video-preview":"max-video-preview:-1"},"canonical":"https:\/\/vieassociative.be\/actualites\/le-jbl-charge-6-est-a-30-de-reduction-en-ce-moment\/","og_locale":"fr_FR","og_type":"article","og_title":"Le JBL Charge 6 est \u00e0 30 $ de r\u00e9duction en ce moment | Vie Associative","og_description":"Le dernier n\u00e9 de la gamme d&rsquo;enceintes portables de JBL est d\u00e9sormais propos\u00e9 \u00e0 un prix plus attractif. Le JBL Charge 6 est actuellement disponible","og_url":"https:\/\/vieassociative.be\/actualites\/le-jbl-charge-6-est-a-30-de-reduction-en-ce-moment\/","og_site_name":"Vie Associative","article_published_time":"2025-11-02T19:18:47+00:00","og_image":[{"url":"https:\/\/vieassociative.be\/actualites\/wp-content\/uploads\/2025\/11\/Le-JBL-Charge-6-est-a-30-de-reduction.png","type":"","width":"","height":""}],"author":"Julien","twitter_card":"summary_large_image","twitter_misc":{"\u00c9crit par":"Julien","Dur\u00e9e de lecture est.":"3 minutes"},"schema":{"@context":"https:\/\/schema.org","@graph":[{"@type":"Article","@id":"https:\/\/vieassociative.be\/actualites\/le-jbl-charge-6-est-a-30-de-reduction-en-ce-moment\/#article","isPartOf":{"@id":"https:\/\/vieassociative.be\/actualites\/le-jbl-charge-6-est-a-30-de-reduction-en-ce-moment\/"},"author":{"name":"Julien","@id":"https:\/\/vieassociative.be\/actualites\/#\/schema\/person\/b87ac4f82f9d4e7b7cec7395b679edc4"},"headline":"Le JBL Charge 6 est \u00e0 30 $ de r\u00e9duction en ce moment","datePublished":"2025-11-02T19:18:47+00:00","dateModified":"2025-11-02T19:18:47+00:00","mainEntityOfPage":{"@id":"https:\/\/vieassociative.be\/actualites\/le-jbl-charge-6-est-a-30-de-reduction-en-ce-moment\/"},"wordCount":560,"publisher":{"@id":"https:\/\/vieassociative.be\/actualites\/#organization"},"image":{"@id":"https:\/\/vieassociative.be\/actualites\/le-jbl-charge-6-est-a-30-de-reduction-en-ce-moment\/#primaryimage"},"thumbnailUrl":"https:\/\/vieassociative.be\/actualites\/wp-content\/uploads\/2025\/11\/1762111128_Le-JBL-Charge-6-est-a-30-de-reduction.png","keywords":["charge","est","JBL","moment","r\u00e9duction"],"articleSection":["Technologie"],"inLanguage":"fr-BE"},{"@type":"WebPage","@id":"https:\/\/vieassociative.be\/actualites\/le-jbl-charge-6-est-a-30-de-reduction-en-ce-moment\/","url":"https:\/\/vieassociative.be\/actualites\/le-jbl-charge-6-est-a-30-de-reduction-en-ce-moment\/","name":"Le JBL Charge 6 est \u00e0 30 $ de r\u00e9duction en ce moment | Vie Associative","isPartOf":{"@id":"https:\/\/vieassociative.be\/actualites\/#website"},"primaryImageOfPage":{"@id":"https:\/\/vieassociative.be\/actualites\/le-jbl-charge-6-est-a-30-de-reduction-en-ce-moment\/#primaryimage"},"image":{"@id":"https:\/\/vieassociative.be\/actualites\/le-jbl-charge-6-est-a-30-de-reduction-en-ce-moment\/#primaryimage"},"thumbnailUrl":"https:\/\/vieassociative.be\/actualites\/wp-content\/uploads\/2025\/11\/1762111128_Le-JBL-Charge-6-est-a-30-de-reduction.png","datePublished":"2025-11-02T19:18:47+00:00","dateModified":"2025-11-02T19:18:47+00:00","breadcrumb":{"@id":"https:\/\/vieassociative.be\/actualites\/le-jbl-charge-6-est-a-30-de-reduction-en-ce-moment\/#breadcrumb"},"inLanguage":"fr-BE","potentialAction":[{"@type":"ReadAction","target":["https:\/\/vieassociative.be\/actualites\/le-jbl-charge-6-est-a-30-de-reduction-en-ce-moment\/"]}]},{"@type":"ImageObject","inLanguage":"fr-BE","@id":"https:\/\/vieassociative.be\/actualites\/le-jbl-charge-6-est-a-30-de-reduction-en-ce-moment\/#primaryimage","url":"https:\/\/vieassociative.be\/actualites\/wp-content\/uploads\/2025\/11\/1762111128_Le-JBL-Charge-6-est-a-30-de-reduction.png","contentUrl":"https:\/\/vieassociative.be\/actualites\/wp-content\/uploads\/2025\/11\/1762111128_Le-JBL-Charge-6-est-a-30-de-reduction.png","width":1200,"height":675,"caption":"Le JBL Charge 6 est \u00e0 30 $ de r\u00e9duction en ce moment"},{"@type":"BreadcrumbList","@id":"https:\/\/vieassociative.be\/actualites\/le-jbl-charge-6-est-a-30-de-reduction-en-ce-moment\/#breadcrumb","itemListElement":[{"@type":"ListItem","position":1,"name":"Accueil","item":"https:\/\/vieassociative.be\/actualites\/"},{"@type":"ListItem","position":2,"name":"Le JBL Charge 6 est \u00e0 30 $ de r\u00e9duction en ce moment"}]},{"@type":"WebSite","@id":"https:\/\/vieassociative.be\/actualites\/#website","url":"https:\/\/vieassociative.be\/actualites\/","name":"Vie Associative","description":"","publisher":{"@id":"https:\/\/vieassociative.be\/actualites\/#organization"},"potentialAction":[{"@type":"SearchAction","target":{"@type":"EntryPoint","urlTemplate":"https:\/\/vieassociative.be\/actualites\/?s={search_term_string}"},"query-input":{"@type":"PropertyValueSpecification","valueRequired":true,"valueName":"search_term_string"}}],"inLanguage":"fr-BE"},{"@type":"Organization","@id":"https:\/\/vieassociative.be\/actualites\/#organization","name":"Vie Associative","url":"https:\/\/vieassociative.be\/actualites\/","logo":{"@type":"ImageObject","inLanguage":"fr-BE","@id":"https:\/\/vieassociative.be\/actualites\/#\/schema\/logo\/image\/","url":"https:\/\/vieassociative.be\/actualites\/wp-content\/uploads\/2024\/09\/cropped-vieassociative_favicon.ico.png","contentUrl":"https:\/\/vieassociative.be\/actualites\/wp-content\/uploads\/2024\/09\/cropped-vieassociative_favicon.ico.png","width":512,"height":512,"caption":"Vie Associative"},"image":{"@id":"https:\/\/vieassociative.be\/actualites\/#\/schema\/logo\/image\/"}},{"@type":"Person","@id":"https:\/\/vieassociative.be\/actualites\/#\/schema\/person\/b87ac4f82f9d4e7b7cec7395b679edc4","name":"Julien","image":{"@type":"ImageObject","inLanguage":"fr-BE","@id":"https:\/\/vieassociative.be\/actualites\/#\/schema\/person\/image\/","url":"https:\/\/vieassociative.be\/actualites\/wp-content\/uploads\/2024\/09\/vie-associative-1-150x150.jpg","contentUrl":"https:\/\/vieassociative.be\/actualites\/wp-content\/uploads\/2024\/09\/vie-associative-1-150x150.jpg","caption":"Julien"},"description":"Je suis Julien, r\u00e9dacteur pour Vie Associative. Passionn\u00e9 par le monde associatif depuis plus de 10 ans, j'ai \u00e0 c\u0153ur de partager des histoires inspirantes et de mettre en lumi\u00e8re les initiatives locales. Mon objectif est de sensibiliser et d'encourager l'engagement communautaire \u00e0 travers mes articles.","sameAs":["https:\/\/vieassociative.be\/"]}]}},"_links":{"self":[{"href":"https:\/\/vieassociative.be\/actualites\/wp-json\/wp\/v2\/posts\/11058"}],"collection":[{"href":"https:\/\/vieassociative.be\/actualites\/wp-json\/wp\/v2\/posts"}],"about":[{"href":"https:\/\/vieassociative.be\/actualites\/wp-json\/wp\/v2\/types\/post"}],"author":[{"embeddable":true,"href":"https:\/\/vieassociative.be\/actualites\/wp-json\/wp\/v2\/users\/1"}],"replies":[{"embeddable":true,"href":"https:\/\/vieassociative.be\/actualites\/wp-json\/wp\/v2\/comments?post=11058"}],"version-history":[{"count":0,"href":"https:\/\/vieassociative.be\/actualites\/wp-json\/wp\/v2\/posts\/11058\/revisions"}],"wp:featuredmedia":[{"embeddable":true,"href":"https:\/\/vieassociative.be\/actualites\/wp-json\/wp\/v2\/media\/11059"}],"wp:attachment":[{"href":"https:\/\/vieassociative.be\/actualites\/wp-json\/wp\/v2\/media?parent=11058"}],"wp:term":[{"taxonomy":"category","embeddable":true,"href":"https:\/\/vieassociative.be\/actualites\/wp-json\/wp\/v2\/categories?post=11058"},{"taxonomy":"post_tag","embeddable":true,"href":"https:\/\/vieassociative.be\/actualites\/wp-json\/wp\/v2\/tags?post=11058"}],"curies":[{"name":"wp","href":"https:\/\/api.w.org\/{rel}","templated":true}]}}