{"id":11056,"date":"2025-11-02T15:17:03","date_gmt":"2025-11-02T14:17:03","guid":{"rendered":"https:\/\/vieassociative.be\/actualites\/vivant-souhaite-deplacer-les-journees-de-conference-vers-des-heures-non-pedagogiques-juste-pour-les-parents-et-bon-pour-les-enfants\/"},"modified":"2025-11-02T15:17:03","modified_gmt":"2025-11-02T14:17:03","slug":"vivant-souhaite-deplacer-les-journees-de-conference-vers-des-heures-non-pedagogiques-juste-pour-les-parents-et-bon-pour-les-enfants","status":"publish","type":"post","link":"https:\/\/vieassociative.be\/actualites\/vivant-souhaite-deplacer-les-journees-de-conference-vers-des-heures-non-pedagogiques-juste-pour-les-parents-et-bon-pour-les-enfants\/","title":{"rendered":"Vivant souhaite d\u00e9placer les journ\u00e9es de conf\u00e9rence vers des heures non p\u00e9dagogiques \u2013 \u00ab\u00a0Juste pour les parents et bon pour les enfants\u00a0\u00bb"},"content":{"rendered":"<p><strong>Le groupe parlementaire Vivant a soumis une proposition de d\u00e9cret \u00e0 la DG Parlement qui d\u00e9placerait g\u00e9n\u00e9ralement les jours de conf\u00e9rences p\u00e9dagogiques vers des heures non p\u00e9dagogiques. \u00ab Pas de r\u00e9duction des vacances, pas de modification des horaires de vacances \u2013 tout est une question de planification \u00bb, soulignent Michael Balter, Diana Stiel, Elena Peters et Marco Hoffmann.<\/strong><\/p>\n<p><span id=\"more-428705\"><\/span>Avec cette mesure, Vivant veut garantir la continuit\u00e9 de l&rsquo;enseignement et minimiser les annulations de cours : \u00ab Si les journ\u00e9es de conf\u00e9rence ont lieu pendant les heures normales d&rsquo;enseignement, les cours peuvent \u00eatre planifi\u00e9s &#8211; et les parents doivent organiser la garde \u00e0 bref d\u00e9lai. En p\u00e9riode de p\u00e9nurie d&rsquo;enseignants et d&rsquo;absences pour cause de maladie, les temps d&rsquo;arr\u00eat suppl\u00e9mentaires sont particuli\u00e8rement stressants pour les familles et les progr\u00e8s de l&rsquo;apprentissage. La proposition renforce la continuit\u00e9 de l&rsquo;enseignement et rend la planification plus fiable pour les parents, sans affaiblir le travail d&rsquo;\u00e9quipe, la formation continue et le travail de d\u00e9veloppement n\u00e9cessaires dans les \u00e9coles.<\/p>\n<div id=\"attachment_428711\" class=\"wp-caption alignleft\" style=\"max-width: 300px\"><img fetchpriority=\"high\" decoding=\"async\" class=\"wp-image-428711 size-medium\" src=\"https:\/\/vieassociative.be\/actualites\/wp-content\/uploads\/2025\/11\/Vivant-souhaite-deplacer-les-journees-de-conference-vers-des-heures.jpg\" alt=\"\" width=\"300\" height=\"200\"  ><\/div>\n<p>Points cl\u00e9s de la proposition\u00a0:<\/p>\n<p>\u2013 Les conf\u00e9rences ont g\u00e9n\u00e9ralement lieu pendant les p\u00e9riodes non p\u00e9dagogiques : vacances de Toussaint et de Carnaval ainsi que les cinq derniers jours ouvr\u00e9s du mois d\u2019ao\u00fbt.<\/p>\n<p>\u2013 Exceptions uniquement sur demande justifi\u00e9e ; l&rsquo;\u00e9cole assure alors un encadrement appropri\u00e9.<\/p>\n<p>\u2013 Pas de modification des droits aux vacances du personnel ; tout est question de planification organisationnelle de l&rsquo;\u00e9cole.<\/p>\n<p>\u2013 Pas d\u2019augmentation du nombre de jours de conf\u00e9rence \u2013 l\u2019assurance qualit\u00e9 p\u00e9dagogique est maintenue.<\/p>\n<p>Afin que les \u00e9coles puissent adapter leurs calendriers \u00e0 temps, l&rsquo;entr\u00e9e en vigueur est pr\u00e9vue pour le 1er septembre 2026. \u00ab\u00a0Les parents ont besoin de fiabilit\u00e9. Les journ\u00e9es de conf\u00e9rence pendant les heures d&rsquo;enseignement sont difficiles \u00e0 g\u00e9rer pour de nombreuses familles &#8211; et chaque interruption suppl\u00e9mentaire perturbe le progr\u00e8s de l&rsquo;apprentissage\u00a0\u00bb, explique Vivant. \u00ab\u00a0Nous d\u00e9pla\u00e7ons les dates pr\u00e9vues vers les p\u00e9riodes o\u00f9 il n&rsquo;y a pas de cours. Cela signifie que le d\u00e9veloppement scolaire reste fort et que le temps d&rsquo;enseignement est prot\u00e9g\u00e9.\u00a0\u00bb<\/p>\n<p>Enfin, il dit : \u00ab\u00a0Moins d&rsquo;\u00e9checs, plus de planification : c&rsquo;est juste pour les parents et bon pour les enfants. La proposition est sur la table. Le Parlement n&rsquo;a qu&rsquo;\u00e0 accepter cette simplification.\u00a0\u00bb (cr\u00e9er)<\/p>\n","protected":false},"excerpt":{"rendered":"<p>Le groupe parlementaire Vivant a soumis une proposition de d\u00e9cret \u00e0 la DG Parlement qui d\u00e9placerait g\u00e9n\u00e9ralement les jours de conf\u00e9rences p\u00e9dagogiques vers des heures<\/p>\n","protected":false},"author":1,"featured_media":11057,"comment_status":"","ping_status":"","sticky":false,"template":"","format":"standard","meta":{"footnotes":""},"categories":[298],"tags":[1036,2989,8131,29,324,3258,9123,1499,14,1319,9124,81,7514,2778,3138],"class_list":["post-11056","post","type-post","status-publish","format-standard","has-post-thumbnail","hentry","category-belgique","tag-bon","tag-conference","tag-deplacer","tag-des","tag-enfants","tag-heures","tag-journees","tag-juste","tag-les","tag-parents","tag-pedagogiques","tag-pour","tag-souhaite","tag-vers","tag-vivant","generate-columns","tablet-grid-50","mobile-grid-100","grid-parent","grid-33"],"yoast_head":"<!-- This site is optimized with the Yoast SEO plugin v24.0 - https:\/\/yoast.com\/wordpress\/plugins\/seo\/ -->\n<title>Vivant souhaite d\u00e9placer les journ\u00e9es de conf\u00e9rence vers des heures non p\u00e9dagogiques \u2013 \u00ab\u00a0Juste pour les parents et bon pour les enfants\u00a0\u00bb | Vie Associative<\/title>\n<meta name=\"robots\" content=\"index, follow, max-snippet:-1, max-image-preview:large, max-video-preview:-1\" \/>\n<link rel=\"canonical\" href=\"https:\/\/vieassociative.be\/actualites\/vivant-souhaite-deplacer-les-journees-de-conference-vers-des-heures-non-pedagogiques-juste-pour-les-parents-et-bon-pour-les-enfants\/\" \/>\n<meta property=\"og:locale\" content=\"fr_FR\" \/>\n<meta property=\"og:type\" content=\"article\" \/>\n<meta property=\"og:title\" content=\"Vivant souhaite d\u00e9placer les journ\u00e9es de conf\u00e9rence vers des heures non p\u00e9dagogiques \u2013 \u00ab\u00a0Juste pour les parents et bon pour les enfants\u00a0\u00bb | Vie Associative\" \/>\n<meta property=\"og:description\" content=\"Le groupe parlementaire Vivant a soumis une proposition de d\u00e9cret \u00e0 la DG Parlement qui d\u00e9placerait g\u00e9n\u00e9ralement les jours de conf\u00e9rences p\u00e9dagogiques vers des heures\" \/>\n<meta property=\"og:url\" content=\"https:\/\/vieassociative.be\/actualites\/vivant-souhaite-deplacer-les-journees-de-conference-vers-des-heures-non-pedagogiques-juste-pour-les-parents-et-bon-pour-les-enfants\/\" \/>\n<meta property=\"og:site_name\" content=\"Vie Associative\" \/>\n<meta property=\"article:published_time\" content=\"2025-11-02T14:17:03+00:00\" \/>\n<meta property=\"og:image\" content=\"https:\/\/vieassociative.be\/actualites\/wp-content\/uploads\/2024\/09\/header_backgroundk-01-e1726694325946.png\" \/>\n\t<meta property=\"og:image:width\" content=\"279\" \/>\n\t<meta property=\"og:image:height\" content=\"92\" \/>\n\t<meta property=\"og:image:type\" content=\"image\/png\" \/>\n<meta name=\"author\" content=\"Julien\" \/>\n<meta name=\"twitter:card\" content=\"summary_large_image\" \/>\n<meta name=\"twitter:label1\" content=\"\u00c9crit par\" \/>\n\t<meta name=\"twitter:data1\" content=\"Julien\" \/>\n\t<meta name=\"twitter:label2\" content=\"Dur\u00e9e de lecture est.\" \/>\n\t<meta name=\"twitter:data2\" content=\"2 minutes\" \/>\n<script type=\"application\/ld+json\" class=\"yoast-schema-graph\">{\"@context\":\"https:\/\/schema.org\",\"@graph\":[{\"@type\":\"Article\",\"@id\":\"https:\/\/vieassociative.be\/actualites\/vivant-souhaite-deplacer-les-journees-de-conference-vers-des-heures-non-pedagogiques-juste-pour-les-parents-et-bon-pour-les-enfants\/#article\",\"isPartOf\":{\"@id\":\"https:\/\/vieassociative.be\/actualites\/vivant-souhaite-deplacer-les-journees-de-conference-vers-des-heures-non-pedagogiques-juste-pour-les-parents-et-bon-pour-les-enfants\/\"},\"author\":{\"name\":\"Julien\",\"@id\":\"https:\/\/vieassociative.be\/actualites\/#\/schema\/person\/b87ac4f82f9d4e7b7cec7395b679edc4\"},\"headline\":\"Vivant souhaite d\u00e9placer les journ\u00e9es de conf\u00e9rence vers des heures non p\u00e9dagogiques \u2013 \u00ab\u00a0Juste pour les parents et bon pour les enfants\u00a0\u00bb\",\"datePublished\":\"2025-11-02T14:17:03+00:00\",\"dateModified\":\"2025-11-02T14:17:03+00:00\",\"mainEntityOfPage\":{\"@id\":\"https:\/\/vieassociative.be\/actualites\/vivant-souhaite-deplacer-les-journees-de-conference-vers-des-heures-non-pedagogiques-juste-pour-les-parents-et-bon-pour-les-enfants\/\"},\"wordCount\":432,\"publisher\":{\"@id\":\"https:\/\/vieassociative.be\/actualites\/#organization\"},\"image\":{\"@id\":\"https:\/\/vieassociative.be\/actualites\/vivant-souhaite-deplacer-les-journees-de-conference-vers-des-heures-non-pedagogiques-juste-pour-les-parents-et-bon-pour-les-enfants\/#primaryimage\"},\"thumbnailUrl\":\"https:\/\/vieassociative.be\/actualites\/wp-content\/uploads\/2025\/11\/1762093024_Vivant-souhaite-deplacer-les-journees-de-conference-vers-des-heures.jpg\",\"keywords\":[\"bon\",\"conf\u00e9rence\",\"d\u00e9placer\",\"Des\",\"enfants\",\"heures\",\"journ\u00e9es\",\"juste\",\"Les\",\"parents\",\"p\u00e9dagogiques\",\"pour\",\"souhait\u00e9\",\"vers\",\"Vivant\"],\"articleSection\":[\"Belgique\"],\"inLanguage\":\"fr-BE\"},{\"@type\":\"WebPage\",\"@id\":\"https:\/\/vieassociative.be\/actualites\/vivant-souhaite-deplacer-les-journees-de-conference-vers-des-heures-non-pedagogiques-juste-pour-les-parents-et-bon-pour-les-enfants\/\",\"url\":\"https:\/\/vieassociative.be\/actualites\/vivant-souhaite-deplacer-les-journees-de-conference-vers-des-heures-non-pedagogiques-juste-pour-les-parents-et-bon-pour-les-enfants\/\",\"name\":\"Vivant souhaite d\u00e9placer les journ\u00e9es de conf\u00e9rence vers des heures non p\u00e9dagogiques \u2013 \u00ab\u00a0Juste pour les parents et bon pour les enfants\u00a0\u00bb | Vie Associative\",\"isPartOf\":{\"@id\":\"https:\/\/vieassociative.be\/actualites\/#website\"},\"primaryImageOfPage\":{\"@id\":\"https:\/\/vieassociative.be\/actualites\/vivant-souhaite-deplacer-les-journees-de-conference-vers-des-heures-non-pedagogiques-juste-pour-les-parents-et-bon-pour-les-enfants\/#primaryimage\"},\"image\":{\"@id\":\"https:\/\/vieassociative.be\/actualites\/vivant-souhaite-deplacer-les-journees-de-conference-vers-des-heures-non-pedagogiques-juste-pour-les-parents-et-bon-pour-les-enfants\/#primaryimage\"},\"thumbnailUrl\":\"https:\/\/vieassociative.be\/actualites\/wp-content\/uploads\/2025\/11\/1762093024_Vivant-souhaite-deplacer-les-journees-de-conference-vers-des-heures.jpg\",\"datePublished\":\"2025-11-02T14:17:03+00:00\",\"dateModified\":\"2025-11-02T14:17:03+00:00\",\"breadcrumb\":{\"@id\":\"https:\/\/vieassociative.be\/actualites\/vivant-souhaite-deplacer-les-journees-de-conference-vers-des-heures-non-pedagogiques-juste-pour-les-parents-et-bon-pour-les-enfants\/#breadcrumb\"},\"inLanguage\":\"fr-BE\",\"potentialAction\":[{\"@type\":\"ReadAction\",\"target\":[\"https:\/\/vieassociative.be\/actualites\/vivant-souhaite-deplacer-les-journees-de-conference-vers-des-heures-non-pedagogiques-juste-pour-les-parents-et-bon-pour-les-enfants\/\"]}]},{\"@type\":\"ImageObject\",\"inLanguage\":\"fr-BE\",\"@id\":\"https:\/\/vieassociative.be\/actualites\/vivant-souhaite-deplacer-les-journees-de-conference-vers-des-heures-non-pedagogiques-juste-pour-les-parents-et-bon-pour-les-enfants\/#primaryimage\",\"url\":\"https:\/\/vieassociative.be\/actualites\/wp-content\/uploads\/2025\/11\/1762093024_Vivant-souhaite-deplacer-les-journees-de-conference-vers-des-heures.jpg\",\"contentUrl\":\"https:\/\/vieassociative.be\/actualites\/wp-content\/uploads\/2025\/11\/1762093024_Vivant-souhaite-deplacer-les-journees-de-conference-vers-des-heures.jpg\",\"width\":1200,\"height\":800,\"caption\":\"Vivant souhaite d\u00e9placer les journ\u00e9es de conf\u00e9rence vers des heures non p\u00e9dagogiques \u2013 \u00ab\u00a0Juste pour les parents et bon pour les enfants\u00a0\u00bb\"},{\"@type\":\"BreadcrumbList\",\"@id\":\"https:\/\/vieassociative.be\/actualites\/vivant-souhaite-deplacer-les-journees-de-conference-vers-des-heures-non-pedagogiques-juste-pour-les-parents-et-bon-pour-les-enfants\/#breadcrumb\",\"itemListElement\":[{\"@type\":\"ListItem\",\"position\":1,\"name\":\"Accueil\",\"item\":\"https:\/\/vieassociative.be\/actualites\/\"},{\"@type\":\"ListItem\",\"position\":2,\"name\":\"Vivant souhaite d\u00e9placer les journ\u00e9es de conf\u00e9rence vers des heures non p\u00e9dagogiques \u2013 \u00ab\u00a0Juste pour les parents et bon pour les enfants\u00a0\u00bb\"}]},{\"@type\":\"WebSite\",\"@id\":\"https:\/\/vieassociative.be\/actualites\/#website\",\"url\":\"https:\/\/vieassociative.be\/actualites\/\",\"name\":\"Vie Associative\",\"description\":\"\",\"publisher\":{\"@id\":\"https:\/\/vieassociative.be\/actualites\/#organization\"},\"potentialAction\":[{\"@type\":\"SearchAction\",\"target\":{\"@type\":\"EntryPoint\",\"urlTemplate\":\"https:\/\/vieassociative.be\/actualites\/?s={search_term_string}\"},\"query-input\":{\"@type\":\"PropertyValueSpecification\",\"valueRequired\":true,\"valueName\":\"search_term_string\"}}],\"inLanguage\":\"fr-BE\"},{\"@type\":\"Organization\",\"@id\":\"https:\/\/vieassociative.be\/actualites\/#organization\",\"name\":\"Vie Associative\",\"url\":\"https:\/\/vieassociative.be\/actualites\/\",\"logo\":{\"@type\":\"ImageObject\",\"inLanguage\":\"fr-BE\",\"@id\":\"https:\/\/vieassociative.be\/actualites\/#\/schema\/logo\/image\/\",\"url\":\"https:\/\/vieassociative.be\/actualites\/wp-content\/uploads\/2024\/09\/cropped-vieassociative_favicon.ico.png\",\"contentUrl\":\"https:\/\/vieassociative.be\/actualites\/wp-content\/uploads\/2024\/09\/cropped-vieassociative_favicon.ico.png\",\"width\":512,\"height\":512,\"caption\":\"Vie Associative\"},\"image\":{\"@id\":\"https:\/\/vieassociative.be\/actualites\/#\/schema\/logo\/image\/\"}},{\"@type\":\"Person\",\"@id\":\"https:\/\/vieassociative.be\/actualites\/#\/schema\/person\/b87ac4f82f9d4e7b7cec7395b679edc4\",\"name\":\"Julien\",\"image\":{\"@type\":\"ImageObject\",\"inLanguage\":\"fr-BE\",\"@id\":\"https:\/\/vieassociative.be\/actualites\/#\/schema\/person\/image\/\",\"url\":\"https:\/\/vieassociative.be\/actualites\/wp-content\/uploads\/2024\/09\/vie-associative-1-150x150.jpg\",\"contentUrl\":\"https:\/\/vieassociative.be\/actualites\/wp-content\/uploads\/2024\/09\/vie-associative-1-150x150.jpg\",\"caption\":\"Julien\"},\"description\":\"Je suis Julien, r\u00e9dacteur pour Vie Associative. Passionn\u00e9 par le monde associatif depuis plus de 10 ans, j'ai \u00e0 c\u0153ur de partager des histoires inspirantes et de mettre en lumi\u00e8re les initiatives locales. Mon objectif est de sensibiliser et d'encourager l'engagement communautaire \u00e0 travers mes articles.\",\"sameAs\":[\"https:\/\/vieassociative.be\/\"]}]}<\/script>\n<!-- \/ Yoast SEO plugin. -->","yoast_head_json":{"title":"Vivant souhaite d\u00e9placer les journ\u00e9es de conf\u00e9rence vers des heures non p\u00e9dagogiques \u2013 \u00ab\u00a0Juste pour les parents et bon pour les enfants\u00a0\u00bb | Vie Associative","robots":{"index":"index","follow":"follow","max-snippet":"max-snippet:-1","max-image-preview":"max-image-preview:large","max-video-preview":"max-video-preview:-1"},"canonical":"https:\/\/vieassociative.be\/actualites\/vivant-souhaite-deplacer-les-journees-de-conference-vers-des-heures-non-pedagogiques-juste-pour-les-parents-et-bon-pour-les-enfants\/","og_locale":"fr_FR","og_type":"article","og_title":"Vivant souhaite d\u00e9placer les journ\u00e9es de conf\u00e9rence vers des heures non p\u00e9dagogiques \u2013 \u00ab\u00a0Juste pour les parents et bon pour les enfants\u00a0\u00bb | Vie Associative","og_description":"Le groupe parlementaire Vivant a soumis une proposition de d\u00e9cret \u00e0 la DG Parlement qui d\u00e9placerait g\u00e9n\u00e9ralement les jours de conf\u00e9rences p\u00e9dagogiques vers des heures","og_url":"https:\/\/vieassociative.be\/actualites\/vivant-souhaite-deplacer-les-journees-de-conference-vers-des-heures-non-pedagogiques-juste-pour-les-parents-et-bon-pour-les-enfants\/","og_site_name":"Vie Associative","article_published_time":"2025-11-02T14:17:03+00:00","og_image":[{"width":279,"height":92,"url":"https:\/\/vieassociative.be\/actualites\/wp-content\/uploads\/2024\/09\/header_backgroundk-01-e1726694325946.png","type":"image\/png"}],"author":"Julien","twitter_card":"summary_large_image","twitter_misc":{"\u00c9crit par":"Julien","Dur\u00e9e de lecture est.":"2 minutes"},"schema":{"@context":"https:\/\/schema.org","@graph":[{"@type":"Article","@id":"https:\/\/vieassociative.be\/actualites\/vivant-souhaite-deplacer-les-journees-de-conference-vers-des-heures-non-pedagogiques-juste-pour-les-parents-et-bon-pour-les-enfants\/#article","isPartOf":{"@id":"https:\/\/vieassociative.be\/actualites\/vivant-souhaite-deplacer-les-journees-de-conference-vers-des-heures-non-pedagogiques-juste-pour-les-parents-et-bon-pour-les-enfants\/"},"author":{"name":"Julien","@id":"https:\/\/vieassociative.be\/actualites\/#\/schema\/person\/b87ac4f82f9d4e7b7cec7395b679edc4"},"headline":"Vivant souhaite d\u00e9placer les journ\u00e9es de conf\u00e9rence vers des heures non p\u00e9dagogiques \u2013 \u00ab\u00a0Juste pour les parents et bon pour les enfants\u00a0\u00bb","datePublished":"2025-11-02T14:17:03+00:00","dateModified":"2025-11-02T14:17:03+00:00","mainEntityOfPage":{"@id":"https:\/\/vieassociative.be\/actualites\/vivant-souhaite-deplacer-les-journees-de-conference-vers-des-heures-non-pedagogiques-juste-pour-les-parents-et-bon-pour-les-enfants\/"},"wordCount":432,"publisher":{"@id":"https:\/\/vieassociative.be\/actualites\/#organization"},"image":{"@id":"https:\/\/vieassociative.be\/actualites\/vivant-souhaite-deplacer-les-journees-de-conference-vers-des-heures-non-pedagogiques-juste-pour-les-parents-et-bon-pour-les-enfants\/#primaryimage"},"thumbnailUrl":"https:\/\/vieassociative.be\/actualites\/wp-content\/uploads\/2025\/11\/1762093024_Vivant-souhaite-deplacer-les-journees-de-conference-vers-des-heures.jpg","keywords":["bon","conf\u00e9rence","d\u00e9placer","Des","enfants","heures","journ\u00e9es","juste","Les","parents","p\u00e9dagogiques","pour","souhait\u00e9","vers","Vivant"],"articleSection":["Belgique"],"inLanguage":"fr-BE"},{"@type":"WebPage","@id":"https:\/\/vieassociative.be\/actualites\/vivant-souhaite-deplacer-les-journees-de-conference-vers-des-heures-non-pedagogiques-juste-pour-les-parents-et-bon-pour-les-enfants\/","url":"https:\/\/vieassociative.be\/actualites\/vivant-souhaite-deplacer-les-journees-de-conference-vers-des-heures-non-pedagogiques-juste-pour-les-parents-et-bon-pour-les-enfants\/","name":"Vivant souhaite d\u00e9placer les journ\u00e9es de conf\u00e9rence vers des heures non p\u00e9dagogiques \u2013 \u00ab\u00a0Juste pour les parents et bon pour les enfants\u00a0\u00bb | Vie Associative","isPartOf":{"@id":"https:\/\/vieassociative.be\/actualites\/#website"},"primaryImageOfPage":{"@id":"https:\/\/vieassociative.be\/actualites\/vivant-souhaite-deplacer-les-journees-de-conference-vers-des-heures-non-pedagogiques-juste-pour-les-parents-et-bon-pour-les-enfants\/#primaryimage"},"image":{"@id":"https:\/\/vieassociative.be\/actualites\/vivant-souhaite-deplacer-les-journees-de-conference-vers-des-heures-non-pedagogiques-juste-pour-les-parents-et-bon-pour-les-enfants\/#primaryimage"},"thumbnailUrl":"https:\/\/vieassociative.be\/actualites\/wp-content\/uploads\/2025\/11\/1762093024_Vivant-souhaite-deplacer-les-journees-de-conference-vers-des-heures.jpg","datePublished":"2025-11-02T14:17:03+00:00","dateModified":"2025-11-02T14:17:03+00:00","breadcrumb":{"@id":"https:\/\/vieassociative.be\/actualites\/vivant-souhaite-deplacer-les-journees-de-conference-vers-des-heures-non-pedagogiques-juste-pour-les-parents-et-bon-pour-les-enfants\/#breadcrumb"},"inLanguage":"fr-BE","potentialAction":[{"@type":"ReadAction","target":["https:\/\/vieassociative.be\/actualites\/vivant-souhaite-deplacer-les-journees-de-conference-vers-des-heures-non-pedagogiques-juste-pour-les-parents-et-bon-pour-les-enfants\/"]}]},{"@type":"ImageObject","inLanguage":"fr-BE","@id":"https:\/\/vieassociative.be\/actualites\/vivant-souhaite-deplacer-les-journees-de-conference-vers-des-heures-non-pedagogiques-juste-pour-les-parents-et-bon-pour-les-enfants\/#primaryimage","url":"https:\/\/vieassociative.be\/actualites\/wp-content\/uploads\/2025\/11\/1762093024_Vivant-souhaite-deplacer-les-journees-de-conference-vers-des-heures.jpg","contentUrl":"https:\/\/vieassociative.be\/actualites\/wp-content\/uploads\/2025\/11\/1762093024_Vivant-souhaite-deplacer-les-journees-de-conference-vers-des-heures.jpg","width":1200,"height":800,"caption":"Vivant souhaite d\u00e9placer les journ\u00e9es de conf\u00e9rence vers des heures non p\u00e9dagogiques \u2013 \u00ab\u00a0Juste pour les parents et bon pour les enfants\u00a0\u00bb"},{"@type":"BreadcrumbList","@id":"https:\/\/vieassociative.be\/actualites\/vivant-souhaite-deplacer-les-journees-de-conference-vers-des-heures-non-pedagogiques-juste-pour-les-parents-et-bon-pour-les-enfants\/#breadcrumb","itemListElement":[{"@type":"ListItem","position":1,"name":"Accueil","item":"https:\/\/vieassociative.be\/actualites\/"},{"@type":"ListItem","position":2,"name":"Vivant souhaite d\u00e9placer les journ\u00e9es de conf\u00e9rence vers des heures non p\u00e9dagogiques \u2013 \u00ab\u00a0Juste pour les parents et bon pour les enfants\u00a0\u00bb"}]},{"@type":"WebSite","@id":"https:\/\/vieassociative.be\/actualites\/#website","url":"https:\/\/vieassociative.be\/actualites\/","name":"Vie Associative","description":"","publisher":{"@id":"https:\/\/vieassociative.be\/actualites\/#organization"},"potentialAction":[{"@type":"SearchAction","target":{"@type":"EntryPoint","urlTemplate":"https:\/\/vieassociative.be\/actualites\/?s={search_term_string}"},"query-input":{"@type":"PropertyValueSpecification","valueRequired":true,"valueName":"search_term_string"}}],"inLanguage":"fr-BE"},{"@type":"Organization","@id":"https:\/\/vieassociative.be\/actualites\/#organization","name":"Vie Associative","url":"https:\/\/vieassociative.be\/actualites\/","logo":{"@type":"ImageObject","inLanguage":"fr-BE","@id":"https:\/\/vieassociative.be\/actualites\/#\/schema\/logo\/image\/","url":"https:\/\/vieassociative.be\/actualites\/wp-content\/uploads\/2024\/09\/cropped-vieassociative_favicon.ico.png","contentUrl":"https:\/\/vieassociative.be\/actualites\/wp-content\/uploads\/2024\/09\/cropped-vieassociative_favicon.ico.png","width":512,"height":512,"caption":"Vie Associative"},"image":{"@id":"https:\/\/vieassociative.be\/actualites\/#\/schema\/logo\/image\/"}},{"@type":"Person","@id":"https:\/\/vieassociative.be\/actualites\/#\/schema\/person\/b87ac4f82f9d4e7b7cec7395b679edc4","name":"Julien","image":{"@type":"ImageObject","inLanguage":"fr-BE","@id":"https:\/\/vieassociative.be\/actualites\/#\/schema\/person\/image\/","url":"https:\/\/vieassociative.be\/actualites\/wp-content\/uploads\/2024\/09\/vie-associative-1-150x150.jpg","contentUrl":"https:\/\/vieassociative.be\/actualites\/wp-content\/uploads\/2024\/09\/vie-associative-1-150x150.jpg","caption":"Julien"},"description":"Je suis Julien, r\u00e9dacteur pour Vie Associative. Passionn\u00e9 par le monde associatif depuis plus de 10 ans, j'ai \u00e0 c\u0153ur de partager des histoires inspirantes et de mettre en lumi\u00e8re les initiatives locales. Mon objectif est de sensibiliser et d'encourager l'engagement communautaire \u00e0 travers mes articles.","sameAs":["https:\/\/vieassociative.be\/"]}]}},"_links":{"self":[{"href":"https:\/\/vieassociative.be\/actualites\/wp-json\/wp\/v2\/posts\/11056"}],"collection":[{"href":"https:\/\/vieassociative.be\/actualites\/wp-json\/wp\/v2\/posts"}],"about":[{"href":"https:\/\/vieassociative.be\/actualites\/wp-json\/wp\/v2\/types\/post"}],"author":[{"embeddable":true,"href":"https:\/\/vieassociative.be\/actualites\/wp-json\/wp\/v2\/users\/1"}],"replies":[{"embeddable":true,"href":"https:\/\/vieassociative.be\/actualites\/wp-json\/wp\/v2\/comments?post=11056"}],"version-history":[{"count":0,"href":"https:\/\/vieassociative.be\/actualites\/wp-json\/wp\/v2\/posts\/11056\/revisions"}],"wp:featuredmedia":[{"embeddable":true,"href":"https:\/\/vieassociative.be\/actualites\/wp-json\/wp\/v2\/media\/11057"}],"wp:attachment":[{"href":"https:\/\/vieassociative.be\/actualites\/wp-json\/wp\/v2\/media?parent=11056"}],"wp:term":[{"taxonomy":"category","embeddable":true,"href":"https:\/\/vieassociative.be\/actualites\/wp-json\/wp\/v2\/categories?post=11056"},{"taxonomy":"post_tag","embeddable":true,"href":"https:\/\/vieassociative.be\/actualites\/wp-json\/wp\/v2\/tags?post=11056"}],"curies":[{"name":"wp","href":"https:\/\/api.w.org\/{rel}","templated":true}]}}