{"id":11054,"date":"2025-11-02T14:17:16","date_gmt":"2025-11-02T13:17:16","guid":{"rendered":"https:\/\/vieassociative.be\/actualites\/vous-pouvez-desormais-payer-pour-generer-plus-de-videos-sora-ai-et-je-suis-inquiet\/"},"modified":"2025-11-02T14:17:16","modified_gmt":"2025-11-02T13:17:16","slug":"vous-pouvez-desormais-payer-pour-generer-plus-de-videos-sora-ai-et-je-suis-inquiet","status":"publish","type":"post","link":"https:\/\/vieassociative.be\/actualites\/vous-pouvez-desormais-payer-pour-generer-plus-de-videos-sora-ai-et-je-suis-inquiet\/","title":{"rendered":"Vous pouvez d\u00e9sormais payer pour g\u00e9n\u00e9rer plus de vid\u00e9os Sora AI, et je suis inquiet"},"content":{"rendered":"<div class=\"mt-4 leading-6 md:mb-8\">Juste ce dont nous avons besoin : plus de slop d\u2019IA.<\/div>\n<p><\/p>\n<p>Sora, le g\u00e9n\u00e9rateur vid\u00e9o d&rsquo;IA abr\u00e9g\u00e9 d&rsquo;OpenAI, est disponible depuis \u00e0 peine un mois maintenant et contribue d\u00e9j\u00e0 \u00e0 diffuser de la d\u00e9sinformation sur les r\u00e9seaux sociaux. Les comptes partagent les g\u00e9n\u00e9rations Sora sans aucune transparence, parfois avec le filigrane Sora <em>supprim\u00e9<\/em>et tandis que des observateurs avis\u00e9s voient \u00e0 travers l&rsquo;IA, de nombreuses personnes qui d\u00e9filent n&rsquo;y r\u00e9fl\u00e9chissent pas \u00e0 deux fois et croient que des choses qui ne se sont pas produites se sont produites. Cela pourrait \u00eatre aussi inoffensif que Jake Paul se maquillant, ou aussi dangereux qu&rsquo;une fausse interview destin\u00e9e \u00e0 manipuler les t\u00e9l\u00e9spectateurs vers un parti pris politique. \u00c7a commence \u00e0 faire peur l\u00e0-bas. <\/p>\n<p>Jusqu&rsquo;\u00e0 pr\u00e9sent, pour le mod\u00e8le gratuit, Sora a limit\u00e9 les g\u00e9n\u00e9rations de vid\u00e9os \u00e0 30 par jour. Si vous payez pour le mod\u00e8le Pro, vous obtenez 100 g\u00e9n\u00e9rations par jour. Mais si vous utilisez Sora gratuitement, une fois que vous avez produit votre 30\u00e8me vid\u00e9o, vous ne pouvez plus en faire d&rsquo;autres. Je consid\u00e8re cela comme une bonne chose moi-m\u00eame\u00a0: 30 vid\u00e9os d&rsquo;IA hyperr\u00e9alistes par jour et par utilisateur, c&rsquo;est d\u00e9j\u00e0 <em>chemin<\/em> trop haut.  <\/p>\n<p>Malheureusement, OpenAI ne me consulte pas et Sora permet d\u00e9sormais aux utilisateurs de payer pour des g\u00e9n\u00e9rations suppl\u00e9mentaires une fois qu&rsquo;ils ont atteint la limite gratuite. Bill Peebles, directeur de Sora, a annonc\u00e9 le changement dans un article publi\u00e9 jeudi sur X. Peebles a d\u00e9clar\u00e9 que l&rsquo;entreprise avait \u00e9t\u00e9 \u00ab\u00a0\u00e9tonn\u00e9e\u00a0\u00bb par la demande des \u00ab\u00a0utilisateurs exp\u00e9riment\u00e9s\u00a0\u00bb, mais que, dans l&rsquo;\u00e9tat actuel des choses, \u00ab\u00a0les conditions \u00e9conomiques sont actuellement totalement insoutenables\u00a0\u00bb. Selon Peebles, l&rsquo;\u00e9quipe Sora pensait que 30 g\u00e9n\u00e9rations gratuites par jour suffiraient, mais cela n&rsquo;a pas \u00e9t\u00e9 le cas. En offrant aux utilisateurs la possibilit\u00e9 de payer pour des g\u00e9n\u00e9rations suppl\u00e9mentaires, OpenAI pr\u00e9voit de commencer \u00e0 g\u00e9n\u00e9rer des revenus suppl\u00e9mentaires gr\u00e2ce \u00e0 son populaire g\u00e9n\u00e9rateur de vid\u00e9os IA de forme courte. <\/p>\n<div class=\"mx-auto mb-12 mt-5 w-full max-w-3xl rounded-md border-2 border-gray-100 p-3 shadow-md md:px-7 md:pb-7 md:pt-5\" id=\"related-video\">\n<div class=\"mb-3 flex items-center md:mb-5\">\n        <img decoding=\"async\" class=\"mr-4 mt-0 h-10 w-10 md:mr-5 md:h-12 md:w-12\" src=\"https:\/\/vieassociative.be\/actualites\/wp-content\/uploads\/2025\/09\/1757726237_608_Meta-pourrait-devoiler-une-montre-intelligente-pour-controler-ses-lunettes.jpg\" alt=\"Logo du pirate de la vie\"><\/p><\/div>\n<div class=\"aspect-video w-full overflow-hidden rounded-md\">\n<div id=\"video-container-01K928NFVGWVW7ENFFNH57W4DP\"><\/div>\n<\/p><\/div>\n<\/div>\n<p>Peebles estime \u00e9galement que l&rsquo;entreprise g\u00e9n\u00e9rera des fonds futurs \u00e0 partir d&rsquo;une \u00ab nouvelle \u00e9conomie Sora \u00bb. Cela comprendrait deux parties\u00a0: les titulaires de droits facturant des frais aux utilisateurs pour faire appara\u00eetre leurs personnages ou des personnes r\u00e9elles, ainsi que les cr\u00e9ateurs gagnant de l&rsquo;argent gr\u00e2ce aux vid\u00e9os qu&rsquo;ils publient. Si vous n&rsquo;envisagez pas de payer pour les g\u00e9n\u00e9rations Sora, il y a de \u00ab\u00a0mauvaises\u00a0\u00bb nouvelles : Peebles affirme que la soci\u00e9t\u00e9 r\u00e9duira le nombre de g\u00e9n\u00e9rations gratuites \u00e0 mesure que les plates-formes se d\u00e9veloppent, car la soci\u00e9t\u00e9 ne dispose pas de suffisamment de GPU pour g\u00e9rer la demande.<\/p>\n<p>Comme le rapporte The Verge, vous pourrez acheter 10 g\u00e9n\u00e9rations de vid\u00e9os suppl\u00e9mentaires pour 4\u00a0$ pi\u00e8ce, bien que les cr\u00e9dits r\u00e9els n\u00e9cessaires \u00e0 chaque vid\u00e9o puissent d\u00e9pendre de nombreux facteurs diff\u00e9rents. Lorsque vous atteignez votre limite, l&rsquo;application vous permettra d&rsquo;acheter davantage via l&rsquo;App Store (Sora est actuellement uniquement disponible sur iOS). Ces cr\u00e9dits expireront apr\u00e8s 12 mois, ce qui, j&rsquo;imagine, sera suffisant pour quelqu&rsquo;un qui r\u00e9alise des vid\u00e9os Sora. Vous pouvez \u00e9galement les transf\u00e9rer pour les utiliser sur Codex, la plateforme de codage d&rsquo;OpenAI.<\/p>\n<p>Personnellement, je consid\u00e8re la croissance exponentielle de Sora comme une mauvaise chose. J&rsquo;ai les finances\u00a0: OpenAI fonctionne d\u00e9sormais comme une entreprise \u00e0 but lucratif et a besoin de g\u00e9n\u00e9rer des revenus. Mais OpenAI, ainsi que d\u2019autres soci\u00e9t\u00e9s d\u2019IA, ignorent de mani\u00e8re flagrante la machine de d\u00e9sinformation deepfake que ces produits sont devenues. Plus l&rsquo;entreprise pousse les utilisateurs \u00e0 g\u00e9n\u00e9rer avec Sora, plus nous rencontrerons de probl\u00e8mes d&rsquo;IA r\u00e9alistes dans nos flux.<\/p>\n<p><script async src=\"\/\/www.instagram.com\/embed.js\"><\/script><\/p>\n","protected":false},"excerpt":{"rendered":"<p>Juste ce dont nous avons besoin : plus de slop d\u2019IA. Sora, le g\u00e9n\u00e9rateur vid\u00e9o d&rsquo;IA abr\u00e9g\u00e9 d&rsquo;OpenAI, est disponible depuis \u00e0 peine un mois<\/p>\n","protected":false},"author":1,"featured_media":11055,"comment_status":"","ping_status":"","sticky":false,"template":"","format":"standard","meta":{"footnotes":""},"categories":[13],"tags":[6,9122,4228,655,81,5,3898,2985,1189,4],"class_list":["post-11054","post","type-post","status-publish","format-standard","has-post-thumbnail","hentry","category-technologie","tag-desormais","tag-generer","tag-inquiet","tag-payer","tag-pour","tag-pouvez","tag-sora","tag-suis","tag-videos","tag-vous","generate-columns","tablet-grid-50","mobile-grid-100","grid-parent","grid-33"],"yoast_head":"<!-- This site is optimized with the Yoast SEO plugin v24.0 - https:\/\/yoast.com\/wordpress\/plugins\/seo\/ -->\n<title>Vous pouvez d\u00e9sormais payer pour g\u00e9n\u00e9rer plus de vid\u00e9os Sora AI, et je suis inquiet | Vie Associative<\/title>\n<meta name=\"robots\" content=\"index, follow, max-snippet:-1, max-image-preview:large, max-video-preview:-1\" \/>\n<link rel=\"canonical\" href=\"https:\/\/vieassociative.be\/actualites\/vous-pouvez-desormais-payer-pour-generer-plus-de-videos-sora-ai-et-je-suis-inquiet\/\" \/>\n<meta property=\"og:locale\" content=\"fr_FR\" \/>\n<meta property=\"og:type\" content=\"article\" \/>\n<meta property=\"og:title\" content=\"Vous pouvez d\u00e9sormais payer pour g\u00e9n\u00e9rer plus de vid\u00e9os Sora AI, et je suis inquiet | Vie Associative\" \/>\n<meta property=\"og:description\" content=\"Juste ce dont nous avons besoin : plus de slop d\u2019IA. Sora, le g\u00e9n\u00e9rateur vid\u00e9o d&rsquo;IA abr\u00e9g\u00e9 d&rsquo;OpenAI, est disponible depuis \u00e0 peine un mois\" \/>\n<meta property=\"og:url\" content=\"https:\/\/vieassociative.be\/actualites\/vous-pouvez-desormais-payer-pour-generer-plus-de-videos-sora-ai-et-je-suis-inquiet\/\" \/>\n<meta property=\"og:site_name\" content=\"Vie Associative\" \/>\n<meta property=\"article:published_time\" content=\"2025-11-02T13:17:16+00:00\" \/>\n<meta property=\"og:image\" content=\"https:\/\/vieassociative.be\/actualites\/wp-content\/uploads\/2025\/09\/1757726237_608_Meta-pourrait-devoiler-une-montre-intelligente-pour-controler-ses-lunettes.jpg\" \/>\n<meta name=\"author\" content=\"Julien\" \/>\n<meta name=\"twitter:card\" content=\"summary_large_image\" \/>\n<meta name=\"twitter:label1\" content=\"\u00c9crit par\" \/>\n\t<meta name=\"twitter:data1\" content=\"Julien\" \/>\n\t<meta name=\"twitter:label2\" content=\"Dur\u00e9e de lecture est.\" \/>\n\t<meta name=\"twitter:data2\" content=\"3 minutes\" \/>\n<script type=\"application\/ld+json\" class=\"yoast-schema-graph\">{\"@context\":\"https:\/\/schema.org\",\"@graph\":[{\"@type\":\"Article\",\"@id\":\"https:\/\/vieassociative.be\/actualites\/vous-pouvez-desormais-payer-pour-generer-plus-de-videos-sora-ai-et-je-suis-inquiet\/#article\",\"isPartOf\":{\"@id\":\"https:\/\/vieassociative.be\/actualites\/vous-pouvez-desormais-payer-pour-generer-plus-de-videos-sora-ai-et-je-suis-inquiet\/\"},\"author\":{\"name\":\"Julien\",\"@id\":\"https:\/\/vieassociative.be\/actualites\/#\/schema\/person\/b87ac4f82f9d4e7b7cec7395b679edc4\"},\"headline\":\"Vous pouvez d\u00e9sormais payer pour g\u00e9n\u00e9rer plus de vid\u00e9os Sora AI, et je suis inquiet\",\"datePublished\":\"2025-11-02T13:17:16+00:00\",\"dateModified\":\"2025-11-02T13:17:16+00:00\",\"mainEntityOfPage\":{\"@id\":\"https:\/\/vieassociative.be\/actualites\/vous-pouvez-desormais-payer-pour-generer-plus-de-videos-sora-ai-et-je-suis-inquiet\/\"},\"wordCount\":690,\"publisher\":{\"@id\":\"https:\/\/vieassociative.be\/actualites\/#organization\"},\"image\":{\"@id\":\"https:\/\/vieassociative.be\/actualites\/vous-pouvez-desormais-payer-pour-generer-plus-de-videos-sora-ai-et-je-suis-inquiet\/#primaryimage\"},\"thumbnailUrl\":\"https:\/\/vieassociative.be\/actualites\/wp-content\/uploads\/2025\/11\/Vous-pouvez-desormais-payer-pour-generer-plus-de-videos-Sora.jpg\",\"keywords\":[\"d\u00e9sormais\",\"g\u00e9n\u00e9rer\",\"inquiet\",\"payer\",\"pour\",\"pouvez\",\"Sora\",\"suis\",\"vid\u00e9os\",\"Vous\"],\"articleSection\":[\"Technologie\"],\"inLanguage\":\"fr-BE\"},{\"@type\":\"WebPage\",\"@id\":\"https:\/\/vieassociative.be\/actualites\/vous-pouvez-desormais-payer-pour-generer-plus-de-videos-sora-ai-et-je-suis-inquiet\/\",\"url\":\"https:\/\/vieassociative.be\/actualites\/vous-pouvez-desormais-payer-pour-generer-plus-de-videos-sora-ai-et-je-suis-inquiet\/\",\"name\":\"Vous pouvez d\u00e9sormais payer pour g\u00e9n\u00e9rer plus de vid\u00e9os Sora AI, et je suis inquiet | Vie Associative\",\"isPartOf\":{\"@id\":\"https:\/\/vieassociative.be\/actualites\/#website\"},\"primaryImageOfPage\":{\"@id\":\"https:\/\/vieassociative.be\/actualites\/vous-pouvez-desormais-payer-pour-generer-plus-de-videos-sora-ai-et-je-suis-inquiet\/#primaryimage\"},\"image\":{\"@id\":\"https:\/\/vieassociative.be\/actualites\/vous-pouvez-desormais-payer-pour-generer-plus-de-videos-sora-ai-et-je-suis-inquiet\/#primaryimage\"},\"thumbnailUrl\":\"https:\/\/vieassociative.be\/actualites\/wp-content\/uploads\/2025\/11\/Vous-pouvez-desormais-payer-pour-generer-plus-de-videos-Sora.jpg\",\"datePublished\":\"2025-11-02T13:17:16+00:00\",\"dateModified\":\"2025-11-02T13:17:16+00:00\",\"breadcrumb\":{\"@id\":\"https:\/\/vieassociative.be\/actualites\/vous-pouvez-desormais-payer-pour-generer-plus-de-videos-sora-ai-et-je-suis-inquiet\/#breadcrumb\"},\"inLanguage\":\"fr-BE\",\"potentialAction\":[{\"@type\":\"ReadAction\",\"target\":[\"https:\/\/vieassociative.be\/actualites\/vous-pouvez-desormais-payer-pour-generer-plus-de-videos-sora-ai-et-je-suis-inquiet\/\"]}]},{\"@type\":\"ImageObject\",\"inLanguage\":\"fr-BE\",\"@id\":\"https:\/\/vieassociative.be\/actualites\/vous-pouvez-desormais-payer-pour-generer-plus-de-videos-sora-ai-et-je-suis-inquiet\/#primaryimage\",\"url\":\"https:\/\/vieassociative.be\/actualites\/wp-content\/uploads\/2025\/11\/Vous-pouvez-desormais-payer-pour-generer-plus-de-videos-Sora.jpg\",\"contentUrl\":\"https:\/\/vieassociative.be\/actualites\/wp-content\/uploads\/2025\/11\/Vous-pouvez-desormais-payer-pour-generer-plus-de-videos-Sora.jpg\",\"width\":1200,\"height\":675,\"caption\":\"Vous pouvez d\u00e9sormais payer pour g\u00e9n\u00e9rer plus de vid\u00e9os Sora AI, et je suis inquiet\"},{\"@type\":\"BreadcrumbList\",\"@id\":\"https:\/\/vieassociative.be\/actualites\/vous-pouvez-desormais-payer-pour-generer-plus-de-videos-sora-ai-et-je-suis-inquiet\/#breadcrumb\",\"itemListElement\":[{\"@type\":\"ListItem\",\"position\":1,\"name\":\"Accueil\",\"item\":\"https:\/\/vieassociative.be\/actualites\/\"},{\"@type\":\"ListItem\",\"position\":2,\"name\":\"Vous pouvez d\u00e9sormais payer pour g\u00e9n\u00e9rer plus de vid\u00e9os Sora AI, et je suis inquiet\"}]},{\"@type\":\"WebSite\",\"@id\":\"https:\/\/vieassociative.be\/actualites\/#website\",\"url\":\"https:\/\/vieassociative.be\/actualites\/\",\"name\":\"Vie Associative\",\"description\":\"\",\"publisher\":{\"@id\":\"https:\/\/vieassociative.be\/actualites\/#organization\"},\"potentialAction\":[{\"@type\":\"SearchAction\",\"target\":{\"@type\":\"EntryPoint\",\"urlTemplate\":\"https:\/\/vieassociative.be\/actualites\/?s={search_term_string}\"},\"query-input\":{\"@type\":\"PropertyValueSpecification\",\"valueRequired\":true,\"valueName\":\"search_term_string\"}}],\"inLanguage\":\"fr-BE\"},{\"@type\":\"Organization\",\"@id\":\"https:\/\/vieassociative.be\/actualites\/#organization\",\"name\":\"Vie Associative\",\"url\":\"https:\/\/vieassociative.be\/actualites\/\",\"logo\":{\"@type\":\"ImageObject\",\"inLanguage\":\"fr-BE\",\"@id\":\"https:\/\/vieassociative.be\/actualites\/#\/schema\/logo\/image\/\",\"url\":\"https:\/\/vieassociative.be\/actualites\/wp-content\/uploads\/2024\/09\/cropped-vieassociative_favicon.ico.png\",\"contentUrl\":\"https:\/\/vieassociative.be\/actualites\/wp-content\/uploads\/2024\/09\/cropped-vieassociative_favicon.ico.png\",\"width\":512,\"height\":512,\"caption\":\"Vie Associative\"},\"image\":{\"@id\":\"https:\/\/vieassociative.be\/actualites\/#\/schema\/logo\/image\/\"}},{\"@type\":\"Person\",\"@id\":\"https:\/\/vieassociative.be\/actualites\/#\/schema\/person\/b87ac4f82f9d4e7b7cec7395b679edc4\",\"name\":\"Julien\",\"image\":{\"@type\":\"ImageObject\",\"inLanguage\":\"fr-BE\",\"@id\":\"https:\/\/vieassociative.be\/actualites\/#\/schema\/person\/image\/\",\"url\":\"https:\/\/vieassociative.be\/actualites\/wp-content\/uploads\/2024\/09\/vie-associative-1-150x150.jpg\",\"contentUrl\":\"https:\/\/vieassociative.be\/actualites\/wp-content\/uploads\/2024\/09\/vie-associative-1-150x150.jpg\",\"caption\":\"Julien\"},\"description\":\"Je suis Julien, r\u00e9dacteur pour Vie Associative. Passionn\u00e9 par le monde associatif depuis plus de 10 ans, j'ai \u00e0 c\u0153ur de partager des histoires inspirantes et de mettre en lumi\u00e8re les initiatives locales. Mon objectif est de sensibiliser et d'encourager l'engagement communautaire \u00e0 travers mes articles.\",\"sameAs\":[\"https:\/\/vieassociative.be\/\"]}]}<\/script>\n<!-- \/ Yoast SEO plugin. -->","yoast_head_json":{"title":"Vous pouvez d\u00e9sormais payer pour g\u00e9n\u00e9rer plus de vid\u00e9os Sora AI, et je suis inquiet | Vie Associative","robots":{"index":"index","follow":"follow","max-snippet":"max-snippet:-1","max-image-preview":"max-image-preview:large","max-video-preview":"max-video-preview:-1"},"canonical":"https:\/\/vieassociative.be\/actualites\/vous-pouvez-desormais-payer-pour-generer-plus-de-videos-sora-ai-et-je-suis-inquiet\/","og_locale":"fr_FR","og_type":"article","og_title":"Vous pouvez d\u00e9sormais payer pour g\u00e9n\u00e9rer plus de vid\u00e9os Sora AI, et je suis inquiet | Vie Associative","og_description":"Juste ce dont nous avons besoin : plus de slop d\u2019IA. Sora, le g\u00e9n\u00e9rateur vid\u00e9o d&rsquo;IA abr\u00e9g\u00e9 d&rsquo;OpenAI, est disponible depuis \u00e0 peine un mois","og_url":"https:\/\/vieassociative.be\/actualites\/vous-pouvez-desormais-payer-pour-generer-plus-de-videos-sora-ai-et-je-suis-inquiet\/","og_site_name":"Vie Associative","article_published_time":"2025-11-02T13:17:16+00:00","og_image":[{"url":"https:\/\/vieassociative.be\/actualites\/wp-content\/uploads\/2025\/09\/1757726237_608_Meta-pourrait-devoiler-une-montre-intelligente-pour-controler-ses-lunettes.jpg","type":"","width":"","height":""}],"author":"Julien","twitter_card":"summary_large_image","twitter_misc":{"\u00c9crit par":"Julien","Dur\u00e9e de lecture est.":"3 minutes"},"schema":{"@context":"https:\/\/schema.org","@graph":[{"@type":"Article","@id":"https:\/\/vieassociative.be\/actualites\/vous-pouvez-desormais-payer-pour-generer-plus-de-videos-sora-ai-et-je-suis-inquiet\/#article","isPartOf":{"@id":"https:\/\/vieassociative.be\/actualites\/vous-pouvez-desormais-payer-pour-generer-plus-de-videos-sora-ai-et-je-suis-inquiet\/"},"author":{"name":"Julien","@id":"https:\/\/vieassociative.be\/actualites\/#\/schema\/person\/b87ac4f82f9d4e7b7cec7395b679edc4"},"headline":"Vous pouvez d\u00e9sormais payer pour g\u00e9n\u00e9rer plus de vid\u00e9os Sora AI, et je suis inquiet","datePublished":"2025-11-02T13:17:16+00:00","dateModified":"2025-11-02T13:17:16+00:00","mainEntityOfPage":{"@id":"https:\/\/vieassociative.be\/actualites\/vous-pouvez-desormais-payer-pour-generer-plus-de-videos-sora-ai-et-je-suis-inquiet\/"},"wordCount":690,"publisher":{"@id":"https:\/\/vieassociative.be\/actualites\/#organization"},"image":{"@id":"https:\/\/vieassociative.be\/actualites\/vous-pouvez-desormais-payer-pour-generer-plus-de-videos-sora-ai-et-je-suis-inquiet\/#primaryimage"},"thumbnailUrl":"https:\/\/vieassociative.be\/actualites\/wp-content\/uploads\/2025\/11\/Vous-pouvez-desormais-payer-pour-generer-plus-de-videos-Sora.jpg","keywords":["d\u00e9sormais","g\u00e9n\u00e9rer","inquiet","payer","pour","pouvez","Sora","suis","vid\u00e9os","Vous"],"articleSection":["Technologie"],"inLanguage":"fr-BE"},{"@type":"WebPage","@id":"https:\/\/vieassociative.be\/actualites\/vous-pouvez-desormais-payer-pour-generer-plus-de-videos-sora-ai-et-je-suis-inquiet\/","url":"https:\/\/vieassociative.be\/actualites\/vous-pouvez-desormais-payer-pour-generer-plus-de-videos-sora-ai-et-je-suis-inquiet\/","name":"Vous pouvez d\u00e9sormais payer pour g\u00e9n\u00e9rer plus de vid\u00e9os Sora AI, et je suis inquiet | Vie Associative","isPartOf":{"@id":"https:\/\/vieassociative.be\/actualites\/#website"},"primaryImageOfPage":{"@id":"https:\/\/vieassociative.be\/actualites\/vous-pouvez-desormais-payer-pour-generer-plus-de-videos-sora-ai-et-je-suis-inquiet\/#primaryimage"},"image":{"@id":"https:\/\/vieassociative.be\/actualites\/vous-pouvez-desormais-payer-pour-generer-plus-de-videos-sora-ai-et-je-suis-inquiet\/#primaryimage"},"thumbnailUrl":"https:\/\/vieassociative.be\/actualites\/wp-content\/uploads\/2025\/11\/Vous-pouvez-desormais-payer-pour-generer-plus-de-videos-Sora.jpg","datePublished":"2025-11-02T13:17:16+00:00","dateModified":"2025-11-02T13:17:16+00:00","breadcrumb":{"@id":"https:\/\/vieassociative.be\/actualites\/vous-pouvez-desormais-payer-pour-generer-plus-de-videos-sora-ai-et-je-suis-inquiet\/#breadcrumb"},"inLanguage":"fr-BE","potentialAction":[{"@type":"ReadAction","target":["https:\/\/vieassociative.be\/actualites\/vous-pouvez-desormais-payer-pour-generer-plus-de-videos-sora-ai-et-je-suis-inquiet\/"]}]},{"@type":"ImageObject","inLanguage":"fr-BE","@id":"https:\/\/vieassociative.be\/actualites\/vous-pouvez-desormais-payer-pour-generer-plus-de-videos-sora-ai-et-je-suis-inquiet\/#primaryimage","url":"https:\/\/vieassociative.be\/actualites\/wp-content\/uploads\/2025\/11\/Vous-pouvez-desormais-payer-pour-generer-plus-de-videos-Sora.jpg","contentUrl":"https:\/\/vieassociative.be\/actualites\/wp-content\/uploads\/2025\/11\/Vous-pouvez-desormais-payer-pour-generer-plus-de-videos-Sora.jpg","width":1200,"height":675,"caption":"Vous pouvez d\u00e9sormais payer pour g\u00e9n\u00e9rer plus de vid\u00e9os Sora AI, et je suis inquiet"},{"@type":"BreadcrumbList","@id":"https:\/\/vieassociative.be\/actualites\/vous-pouvez-desormais-payer-pour-generer-plus-de-videos-sora-ai-et-je-suis-inquiet\/#breadcrumb","itemListElement":[{"@type":"ListItem","position":1,"name":"Accueil","item":"https:\/\/vieassociative.be\/actualites\/"},{"@type":"ListItem","position":2,"name":"Vous pouvez d\u00e9sormais payer pour g\u00e9n\u00e9rer plus de vid\u00e9os Sora AI, et je suis inquiet"}]},{"@type":"WebSite","@id":"https:\/\/vieassociative.be\/actualites\/#website","url":"https:\/\/vieassociative.be\/actualites\/","name":"Vie Associative","description":"","publisher":{"@id":"https:\/\/vieassociative.be\/actualites\/#organization"},"potentialAction":[{"@type":"SearchAction","target":{"@type":"EntryPoint","urlTemplate":"https:\/\/vieassociative.be\/actualites\/?s={search_term_string}"},"query-input":{"@type":"PropertyValueSpecification","valueRequired":true,"valueName":"search_term_string"}}],"inLanguage":"fr-BE"},{"@type":"Organization","@id":"https:\/\/vieassociative.be\/actualites\/#organization","name":"Vie Associative","url":"https:\/\/vieassociative.be\/actualites\/","logo":{"@type":"ImageObject","inLanguage":"fr-BE","@id":"https:\/\/vieassociative.be\/actualites\/#\/schema\/logo\/image\/","url":"https:\/\/vieassociative.be\/actualites\/wp-content\/uploads\/2024\/09\/cropped-vieassociative_favicon.ico.png","contentUrl":"https:\/\/vieassociative.be\/actualites\/wp-content\/uploads\/2024\/09\/cropped-vieassociative_favicon.ico.png","width":512,"height":512,"caption":"Vie Associative"},"image":{"@id":"https:\/\/vieassociative.be\/actualites\/#\/schema\/logo\/image\/"}},{"@type":"Person","@id":"https:\/\/vieassociative.be\/actualites\/#\/schema\/person\/b87ac4f82f9d4e7b7cec7395b679edc4","name":"Julien","image":{"@type":"ImageObject","inLanguage":"fr-BE","@id":"https:\/\/vieassociative.be\/actualites\/#\/schema\/person\/image\/","url":"https:\/\/vieassociative.be\/actualites\/wp-content\/uploads\/2024\/09\/vie-associative-1-150x150.jpg","contentUrl":"https:\/\/vieassociative.be\/actualites\/wp-content\/uploads\/2024\/09\/vie-associative-1-150x150.jpg","caption":"Julien"},"description":"Je suis Julien, r\u00e9dacteur pour Vie Associative. Passionn\u00e9 par le monde associatif depuis plus de 10 ans, j'ai \u00e0 c\u0153ur de partager des histoires inspirantes et de mettre en lumi\u00e8re les initiatives locales. Mon objectif est de sensibiliser et d'encourager l'engagement communautaire \u00e0 travers mes articles.","sameAs":["https:\/\/vieassociative.be\/"]}]}},"_links":{"self":[{"href":"https:\/\/vieassociative.be\/actualites\/wp-json\/wp\/v2\/posts\/11054"}],"collection":[{"href":"https:\/\/vieassociative.be\/actualites\/wp-json\/wp\/v2\/posts"}],"about":[{"href":"https:\/\/vieassociative.be\/actualites\/wp-json\/wp\/v2\/types\/post"}],"author":[{"embeddable":true,"href":"https:\/\/vieassociative.be\/actualites\/wp-json\/wp\/v2\/users\/1"}],"replies":[{"embeddable":true,"href":"https:\/\/vieassociative.be\/actualites\/wp-json\/wp\/v2\/comments?post=11054"}],"version-history":[{"count":0,"href":"https:\/\/vieassociative.be\/actualites\/wp-json\/wp\/v2\/posts\/11054\/revisions"}],"wp:featuredmedia":[{"embeddable":true,"href":"https:\/\/vieassociative.be\/actualites\/wp-json\/wp\/v2\/media\/11055"}],"wp:attachment":[{"href":"https:\/\/vieassociative.be\/actualites\/wp-json\/wp\/v2\/media?parent=11054"}],"wp:term":[{"taxonomy":"category","embeddable":true,"href":"https:\/\/vieassociative.be\/actualites\/wp-json\/wp\/v2\/categories?post=11054"},{"taxonomy":"post_tag","embeddable":true,"href":"https:\/\/vieassociative.be\/actualites\/wp-json\/wp\/v2\/tags?post=11054"}],"curies":[{"name":"wp","href":"https:\/\/api.w.org\/{rel}","templated":true}]}}