{"id":11052,"date":"2025-11-02T13:17:18","date_gmt":"2025-11-02T12:17:18","guid":{"rendered":"https:\/\/vieassociative.be\/actualites\/quoi-de-mieux-et-de-pire-dans-lapercu-de-la-nouvelle-application-de-fitbit\/"},"modified":"2025-11-02T13:17:18","modified_gmt":"2025-11-02T12:17:18","slug":"quoi-de-mieux-et-de-pire-dans-lapercu-de-la-nouvelle-application-de-fitbit","status":"publish","type":"post","link":"https:\/\/vieassociative.be\/actualites\/quoi-de-mieux-et-de-pire-dans-lapercu-de-la-nouvelle-application-de-fitbit\/","title":{"rendered":"Quoi de mieux (et de pire) dans l&rsquo;aper\u00e7u de la nouvelle application de Fitbit"},"content":{"rendered":"<div class=\"mt-4 leading-6 md:mb-8\">Je ne suis pas fan de la fa\u00e7on dont il s&rsquo;adresse constamment \u00e0 l&rsquo;IA.<\/div>\n<p><\/p>\n<p>J&rsquo;utilise l&rsquo;application remani\u00e9e de Fitbit, actuellement en mode \u00ab\u00a0aper\u00e7u public\u00a0\u00bb pour les utilisateurs adultes d&rsquo;Android aux \u00c9tats-Unis. Bien que j&rsquo;aime l&rsquo;esth\u00e9tique simplifi\u00e9e, sa fonctionnalit\u00e9 semble se concentrer sur l&rsquo;IA douteuse qui m&rsquo;a donn\u00e9 tant de r\u00e9ponses fausses et d\u00e9routantes. Laissez-moi vous faire d\u00e9couvrir les am\u00e9liorations apport\u00e9es \u00e0 la nouvelle application, les lacunes et ce qui manque encore. <\/p>\n<h2 id=\"better-cardio-load-and-key-metrics-are-easy-to-read\">Mieux\u00a0: la charge cardio et les indicateurs cl\u00e9s sont faciles \u00e0 lire<\/h2>\n<p>Les premi\u00e8res mesures de l&rsquo;\u00e9cran d&rsquo;accueil ont toujours \u00e9t\u00e9 configurables, mais je trouve que la nouvelle version est encore plus lisible que l&rsquo;ancienne. Vous obtenez trois \u00ab mesures de concentration \u00bb sur le c\u00f4t\u00e9 droit et une grosse forme de beignet indiquant votre progression vers votre charge cardio. <\/p>\n<div class=\"eloquent-imagery-image\">\n<div class=\"flex justify-center\">\n                    <img decoding=\"async\" class=\"border border-gray-100\" src=\"https:\/\/vieassociative.be\/actualites\/wp-content\/uploads\/2025\/11\/Quoi-de-mieux-et-de-pire-dans-lapercu-de-la.jpg\" alt=\"L'application actuelle de Fitbit \u00e0 gauche\u00a0; la version d'aper\u00e7u mise \u00e0 jour se trouve \u00e0 droite.\" width=\"2000\" height=\"1125\" loading=\"lazy\"  >\n            <\/div>\n<\/p><\/div>\n<p>Mesurer la charge cardio au fur et \u00e0 mesure de la progression vers un objectif hebdomadaire est un changement bienvenu\u00a0; auparavant, la charge cardio \u00e9tait une mesure quotidienne qui ne correspondait souvent pas \u00e0 la r\u00e9alit\u00e9. Il y a cependant un inconv\u00e9nient \u00e0 la nouvelle vue : dans l\u2019ancienne version de l\u2019application, vous pouviez d\u00e9sactiver les recommandations ou les masquer. Dans cette version, je n&rsquo;ai aucun moyen de supprimer cette m\u00e9trique du haut de votre \u00e9cran.<\/p>\n<div class=\"mx-auto mb-12 mt-5 w-full max-w-3xl rounded-md border-2 border-gray-100 p-3 shadow-md md:px-7 md:pb-7 md:pt-5\" id=\"related-video\">\n<div class=\"mb-3 flex items-center md:mb-5\">\n        <img decoding=\"async\" class=\"mr-4 mt-0 h-10 w-10 md:mr-5 md:h-12 md:w-12\" src=\"https:\/\/vieassociative.be\/actualites\/wp-content\/uploads\/2025\/09\/1757726237_608_Meta-pourrait-devoiler-une-montre-intelligente-pour-controler-ses-lunettes.jpg\" alt=\"Logo du pirate de la vie\"><\/p><\/div>\n<div class=\"aspect-video w-full overflow-hidden rounded-md\">\n<div id=\"video-container-01K926CR8Y8RVKB4VQ76AH0F76\"><\/div>\n<\/p><\/div>\n<\/div>\n<h2 id=\"better-separate-tabs-for-fitness-sleep-and-health\">Mieux\u00a0: des onglets s\u00e9par\u00e9s pour la forme physique, le sommeil et la sant\u00e9<\/h2>\n<div class=\"eloquent-imagery-image\">\n<div class=\"flex justify-center\">\n                    <img decoding=\"async\" class=\"border border-gray-100\" src=\"https:\/\/vieassociative.be\/actualites\/wp-content\/uploads\/2025\/11\/1762085838_447_Quoi-de-mieux-et-de-pire-dans-lapercu-de-la.jpg\" alt=\"Captures d'\u00e9cran des onglets Fitness, Sommeil et Sant\u00e9\" width=\"2000\" height=\"1125\" loading=\"lazy\"  >\n            <\/div>\n<\/p><\/div>\n<p>Trouver des donn\u00e9es sp\u00e9cifiques dans l&rsquo;ancienne application Fitbit signifiait toujours faire d\u00e9filer une liste de la longueur d&rsquo;un re\u00e7u CVS des choses que vous <em>n&rsquo;\u00e9taient pas<\/em> \u00e0 la recherche de. Les \u00e9l\u00e9ments avaient tendance \u00e0 \u00eatre regroup\u00e9s, ce qui aidait un peu, mais au final, certains \u00e9l\u00e9ments n\u00e9cessitent plus d&rsquo;espace que la petite carte dans laquelle ils \u00e9taient rang\u00e9s. Vous ne pouviez pas trouver vos entra\u00eenements r\u00e9cents sans deviner sur quelle vignette appuyer. Il s&rsquo;av\u00e8re qu&rsquo;il s&rsquo;agit des jours d&rsquo;exercice (mais <em>pas<\/em> Charge Cardio ou Minutes en Zone Active).<\/p>\n<p>Mais maintenant, il vous suffit d&rsquo;appuyer sur l&rsquo;ic\u00f4ne Fitness en bas, et tout est l\u00e0\u00a0! Mes jours d&rsquo;exercice et mon cardio hebdomadaire sont l\u00e0, puis une liste des entra\u00eenements \u00e0 venir, puis mes activit\u00e9s r\u00e9centes. Je peux enregistrer une activit\u00e9 manuelle directement \u00e0 partir de cet \u00e9cran. Parfait. (Le bouton ne semble pas fonctionner pour le moment, mais bon, c&rsquo;est une version b\u00eata. Je peux appr\u00e9cier le <em>id\u00e9e<\/em>.) <\/p>\n<p>Il en va de m\u00eame pour l&rsquo;onglet Sommeil. Tout en haut, il y a un aper\u00e7u des tendances (\u00ab Vos pas li\u00e9s (sic) \u00e0 une meilleure qualit\u00e9 de sommeil \u00bb), puis j&rsquo;obtiens mon graphique des \u00e9tapes du sommeil et une liste de \u00ab mesures cl\u00e9s \u00bb comme le moment o\u00f9 je me suis couch\u00e9 et combien de temps j&rsquo;ai pass\u00e9 au lit \u00e9veill\u00e9. <\/p>\n<p>L&rsquo;onglet Sant\u00e9 donne mes signes vitaux, comme ma fr\u00e9quence cardiaque au repos et mon VRC. Si je fais d\u00e9filer vers le bas, je peux configurer des alertes, mettre \u00e0 jour mon profil et les \u00ab notes du coach \u00bb que l&rsquo;IA a \u00e9crites \u00e0 mon sujet. Par exemple, je vois \u00ab veut des r\u00e9p\u00e9titions faibles et des poids lourds \u00bb et \u00ab d\u00e9teste les fentes \u00bb. <\/p>\n<h2 id=\"worse-glitches-galore\">Pire encore : des bugs \u00e0 gogo<\/h2>\n<p>Je sais que c&rsquo;est une version b\u00eata, mais les choses semblent vraiment difficiles. Mon entra\u00eenement d\u2019il y a deux jours est r\u00e9pertori\u00e9 comme \u00ab \u00e0 venir \u00bb et l\u2019application se bloque lorsque j\u2019essaie de le marquer comme termin\u00e9. L&rsquo;ancienne application Fitbit indique que mes notifications de fr\u00e9quence cardiaque \u00e9lev\u00e9e et faible sont \u00ab activ\u00e9es et v\u00e9rifi\u00e9es \u00bb, mais la nouvelle application indique que je dois encore les configurer. <\/p>\n<p>Certaines conversations IA ne parviennent pas \u00e0 se charger du tout. Lorsqu&rsquo;ils le font, le robot me dit souvent qu&rsquo;il n&rsquo;a pas acc\u00e8s aux informations que je demande, ou il dit qu&rsquo;\u00ab en interne \u00bb, il voit quelque chose de diff\u00e9rent de ce que je vois sur les \u00e9crans principaux de l&rsquo;application. L\u2019\u00e9quipe a beaucoup \u00e0 corriger avant que ces fonctionnalit\u00e9s soient pr\u00eates \u00e0 \u00eatre utilis\u00e9es \u00e0 grande \u00e9chelle.<\/p>\n<h2 id=\"worse-structured-data-views-are-replaced-with-ai-conversations\">Pire encore\u00a0: les vues de donn\u00e9es structur\u00e9es sont remplac\u00e9es par des conversations IA<\/h2>\n<p>Les humains ont invent\u00e9 les graphiques, les diagrammes et d\u2019autres moyens de pr\u00e9sentation des donn\u00e9es, car ils sont faciles \u00e0 num\u00e9riser et \u00e0 interpr\u00e9ter d\u2019un seul coup d\u2019\u0153il. La nouvelle application Fitbit peut g\u00e9n\u00e9rer des graphiques (super\u00a0!), mais a tendance \u00e0 les pr\u00e9senter sous forme de petites cartes pour illustrer les informations du robot IA. <\/p>\n<p>Pour voir plus de donn\u00e9es, vous penseriez que vous pourriez appuyer sur un bouton ou une carte concernant une course r\u00e9cente pour obtenir vos temps au tour, la dynamique de course et d&rsquo;autres informations. Mais cela ne semble pas \u00eatre une option. Au lieu de cela, j&rsquo;obtiens un bouton \u00ab\u00a0Continuer la conversation\u00a0\u00bb qui semble vouloir renvoyer une capture d&rsquo;\u00e9cran de la sortie de l&rsquo;IA dans le bot IA. <\/p>\n<p>J&rsquo;ai d\u00e9j\u00e0 \u00e9crit sur certains des probl\u00e8mes que j&rsquo;ai rencontr\u00e9s en discutant avec le robot IA, je ne vais donc pas revenir sur ces probl\u00e8mes ici. (Elle hallucine d&rsquo;une mani\u00e8re parfois hilarante et souvent frustrante.) Mais m\u00eame si l&rsquo;IA \u00e9tait aussi intelligente qu&rsquo;elle est cens\u00e9e l&rsquo;\u00eatre, cela resterait un probl\u00e8me majeur. Les r\u00e9ponses de l&rsquo;IA sont lentes et je n&rsquo;arrive pas toujours \u00e0 faire en sorte que le bot donne une r\u00e9ponse claire \u00e0 mes questions. <\/p>\n<p>En bref, il semble que les concepteurs de l&rsquo;application aient dit \u00ab nous laisserons l&rsquo;IA s&rsquo;en charger \u00bb chaque fois qu&rsquo;ils ne savaient pas comment cr\u00e9er une fonctionnalit\u00e9. L\u2019application ressemble donc \u00e0 un simple emballage autour du bot, et celui-ci n\u2019est tout simplement pas le bon outil pour toutes ces t\u00e2ches. <\/p>\n<h2 id=\"missing-nutrition-menstrual-health-and-more\">Manquant\u00a0: nutrition, sant\u00e9 menstruelle et plus encore<\/h2>\n<p>Google affirme qu&rsquo;il n&rsquo;a pas port\u00e9 toutes les fonctionnalit\u00e9s de l&rsquo;application Fitbit vers la nouvelle version pr\u00e9liminaire. Lorsque j&rsquo;ai pos\u00e9 des questions sur ces limitations par e-mail, la r\u00e9ponse que j&rsquo;ai re\u00e7ue a \u00e9t\u00e9 la suivante\u00a0:\u00a0\u00ab\u00a0En avant-premi\u00e8re, le service n&rsquo;est pas encore complet en fonctionnalit\u00e9s et il lui manque plusieurs fonctionnalit\u00e9s pour concentrer les tests sur l&rsquo;exp\u00e9rience de base de coaching en IA.\u00a0\u00bb <\/p>\n<p>Une liste compl\u00e8te des fonctionnalit\u00e9s manquantes est disponible sur ce message du forum Fitbit. Ils comprennent\u00a0: <\/p>\n<ul>\n<li>\n<p>Suivi nutritionnel<\/p>\n<\/li>\n<li>\n<p>Suivi de l&rsquo;hydratation<\/p>\n<\/li>\n<li>\n<p>Sant\u00e9 menstruelle<\/p>\n<\/li>\n<li>\n<p>Fonctionnalit\u00e9s communautaires<\/p>\n<\/li>\n<li>\n<p>Insignes<\/p>\n<\/li>\n<li>\n<p>Partage sur les r\u00e9seaux sociaux<\/p>\n<\/li>\n<li>\n<p>Analyse des zones de fr\u00e9quence cardiaque pour les entra\u00eenements<\/p>\n<\/li>\n<li>\n<p>Ex\u00e9cution d&rsquo;analyses pour les utilisateurs de Pixel\u00a0Watch\u00a03 et 4 (les autres appareils ne fournissent pas ces donn\u00e9es)<\/p>\n<\/li>\n<li>\n<p>Synchronisation des donn\u00e9es des balances intelligentes Aria Air<\/p>\n<\/li>\n<\/ul>\n<p>Le message note \u00e9galement que l&rsquo;entra\u00eeneur en IA traite certains sujets comme interdits pour le moment, notamment ceux li\u00e9s au poids, \u00e0 la graisse corporelle, \u00e0 la distance de course et aux mesures de la sant\u00e9 cardiaque comme l&rsquo;ECG et les notifications de rythme irr\u00e9gulier.<\/p>\n","protected":false},"excerpt":{"rendered":"<p>Je ne suis pas fan de la fa\u00e7on dont il s&rsquo;adresse constamment \u00e0 l&rsquo;IA. J&rsquo;utilise l&rsquo;application remani\u00e9e de Fitbit, actuellement en mode \u00ab\u00a0aper\u00e7u public\u00a0\u00bb pour<\/p>\n","protected":false},"author":1,"featured_media":11053,"comment_status":"","ping_status":"","sticky":false,"template":"","format":"standard","meta":{"footnotes":""},"categories":[38],"tags":[1277,166,331,9121,1503,491,3420,202],"class_list":["post-11052","post","type-post","status-publish","format-standard","has-post-thumbnail","hentry","category-sante","tag-application","tag-dans","tag-fitbit","tag-lapercu","tag-mieux","tag-nouvelle","tag-pire","tag-quoi","generate-columns","tablet-grid-50","mobile-grid-100","grid-parent","grid-33"],"yoast_head":"<!-- This site is optimized with the Yoast SEO plugin v24.0 - https:\/\/yoast.com\/wordpress\/plugins\/seo\/ -->\n<title>Quoi de mieux (et de pire) dans l&#039;aper\u00e7u de la nouvelle application de Fitbit | Vie Associative<\/title>\n<meta name=\"robots\" content=\"index, follow, max-snippet:-1, max-image-preview:large, max-video-preview:-1\" \/>\n<link rel=\"canonical\" href=\"https:\/\/vieassociative.be\/actualites\/quoi-de-mieux-et-de-pire-dans-lapercu-de-la-nouvelle-application-de-fitbit\/\" \/>\n<meta property=\"og:locale\" content=\"fr_FR\" \/>\n<meta property=\"og:type\" content=\"article\" \/>\n<meta property=\"og:title\" content=\"Quoi de mieux (et de pire) dans l&#039;aper\u00e7u de la nouvelle application de Fitbit | Vie Associative\" \/>\n<meta property=\"og:description\" content=\"Je ne suis pas fan de la fa\u00e7on dont il s&rsquo;adresse constamment \u00e0 l&rsquo;IA. J&rsquo;utilise l&rsquo;application remani\u00e9e de Fitbit, actuellement en mode \u00ab\u00a0aper\u00e7u public\u00a0\u00bb pour\" \/>\n<meta property=\"og:url\" content=\"https:\/\/vieassociative.be\/actualites\/quoi-de-mieux-et-de-pire-dans-lapercu-de-la-nouvelle-application-de-fitbit\/\" \/>\n<meta property=\"og:site_name\" content=\"Vie Associative\" \/>\n<meta property=\"article:published_time\" content=\"2025-11-02T12:17:18+00:00\" \/>\n<meta property=\"og:image\" content=\"https:\/\/vieassociative.be\/actualites\/wp-content\/uploads\/2025\/11\/Quoi-de-mieux-et-de-pire-dans-lapercu-de-la.jpg\" \/>\n<meta name=\"author\" content=\"Julien\" \/>\n<meta name=\"twitter:card\" content=\"summary_large_image\" \/>\n<meta name=\"twitter:label1\" content=\"\u00c9crit par\" \/>\n\t<meta name=\"twitter:data1\" content=\"Julien\" \/>\n\t<meta name=\"twitter:label2\" content=\"Dur\u00e9e de lecture est.\" \/>\n\t<meta name=\"twitter:data2\" content=\"6 minutes\" \/>\n<script type=\"application\/ld+json\" class=\"yoast-schema-graph\">{\"@context\":\"https:\/\/schema.org\",\"@graph\":[{\"@type\":\"Article\",\"@id\":\"https:\/\/vieassociative.be\/actualites\/quoi-de-mieux-et-de-pire-dans-lapercu-de-la-nouvelle-application-de-fitbit\/#article\",\"isPartOf\":{\"@id\":\"https:\/\/vieassociative.be\/actualites\/quoi-de-mieux-et-de-pire-dans-lapercu-de-la-nouvelle-application-de-fitbit\/\"},\"author\":{\"name\":\"Julien\",\"@id\":\"https:\/\/vieassociative.be\/actualites\/#\/schema\/person\/b87ac4f82f9d4e7b7cec7395b679edc4\"},\"headline\":\"Quoi de mieux (et de pire) dans l&rsquo;aper\u00e7u de la nouvelle application de Fitbit\",\"datePublished\":\"2025-11-02T12:17:18+00:00\",\"dateModified\":\"2025-11-02T12:17:18+00:00\",\"mainEntityOfPage\":{\"@id\":\"https:\/\/vieassociative.be\/actualites\/quoi-de-mieux-et-de-pire-dans-lapercu-de-la-nouvelle-application-de-fitbit\/\"},\"wordCount\":1240,\"publisher\":{\"@id\":\"https:\/\/vieassociative.be\/actualites\/#organization\"},\"image\":{\"@id\":\"https:\/\/vieassociative.be\/actualites\/quoi-de-mieux-et-de-pire-dans-lapercu-de-la-nouvelle-application-de-fitbit\/#primaryimage\"},\"thumbnailUrl\":\"https:\/\/vieassociative.be\/actualites\/wp-content\/uploads\/2025\/11\/1762085839_Quoi-de-mieux-et-de-pire-dans-lapercu-de-la.jpg\",\"keywords\":[\"application\",\"dans\",\"Fitbit\",\"laper\u00e7u\",\"mieux\",\"nouvelle\",\"pire\",\"quoi\"],\"articleSection\":[\"Sant\u00e9\"],\"inLanguage\":\"fr-BE\"},{\"@type\":\"WebPage\",\"@id\":\"https:\/\/vieassociative.be\/actualites\/quoi-de-mieux-et-de-pire-dans-lapercu-de-la-nouvelle-application-de-fitbit\/\",\"url\":\"https:\/\/vieassociative.be\/actualites\/quoi-de-mieux-et-de-pire-dans-lapercu-de-la-nouvelle-application-de-fitbit\/\",\"name\":\"Quoi de mieux (et de pire) dans l'aper\u00e7u de la nouvelle application de Fitbit | Vie Associative\",\"isPartOf\":{\"@id\":\"https:\/\/vieassociative.be\/actualites\/#website\"},\"primaryImageOfPage\":{\"@id\":\"https:\/\/vieassociative.be\/actualites\/quoi-de-mieux-et-de-pire-dans-lapercu-de-la-nouvelle-application-de-fitbit\/#primaryimage\"},\"image\":{\"@id\":\"https:\/\/vieassociative.be\/actualites\/quoi-de-mieux-et-de-pire-dans-lapercu-de-la-nouvelle-application-de-fitbit\/#primaryimage\"},\"thumbnailUrl\":\"https:\/\/vieassociative.be\/actualites\/wp-content\/uploads\/2025\/11\/1762085839_Quoi-de-mieux-et-de-pire-dans-lapercu-de-la.jpg\",\"datePublished\":\"2025-11-02T12:17:18+00:00\",\"dateModified\":\"2025-11-02T12:17:18+00:00\",\"breadcrumb\":{\"@id\":\"https:\/\/vieassociative.be\/actualites\/quoi-de-mieux-et-de-pire-dans-lapercu-de-la-nouvelle-application-de-fitbit\/#breadcrumb\"},\"inLanguage\":\"fr-BE\",\"potentialAction\":[{\"@type\":\"ReadAction\",\"target\":[\"https:\/\/vieassociative.be\/actualites\/quoi-de-mieux-et-de-pire-dans-lapercu-de-la-nouvelle-application-de-fitbit\/\"]}]},{\"@type\":\"ImageObject\",\"inLanguage\":\"fr-BE\",\"@id\":\"https:\/\/vieassociative.be\/actualites\/quoi-de-mieux-et-de-pire-dans-lapercu-de-la-nouvelle-application-de-fitbit\/#primaryimage\",\"url\":\"https:\/\/vieassociative.be\/actualites\/wp-content\/uploads\/2025\/11\/1762085839_Quoi-de-mieux-et-de-pire-dans-lapercu-de-la.jpg\",\"contentUrl\":\"https:\/\/vieassociative.be\/actualites\/wp-content\/uploads\/2025\/11\/1762085839_Quoi-de-mieux-et-de-pire-dans-lapercu-de-la.jpg\",\"width\":1200,\"height\":675,\"caption\":\"Quoi de mieux (et de pire) dans l'aper\u00e7u de la nouvelle application de Fitbit\"},{\"@type\":\"BreadcrumbList\",\"@id\":\"https:\/\/vieassociative.be\/actualites\/quoi-de-mieux-et-de-pire-dans-lapercu-de-la-nouvelle-application-de-fitbit\/#breadcrumb\",\"itemListElement\":[{\"@type\":\"ListItem\",\"position\":1,\"name\":\"Accueil\",\"item\":\"https:\/\/vieassociative.be\/actualites\/\"},{\"@type\":\"ListItem\",\"position\":2,\"name\":\"Quoi de mieux (et de pire) dans l&rsquo;aper\u00e7u de la nouvelle application de Fitbit\"}]},{\"@type\":\"WebSite\",\"@id\":\"https:\/\/vieassociative.be\/actualites\/#website\",\"url\":\"https:\/\/vieassociative.be\/actualites\/\",\"name\":\"Vie Associative\",\"description\":\"\",\"publisher\":{\"@id\":\"https:\/\/vieassociative.be\/actualites\/#organization\"},\"potentialAction\":[{\"@type\":\"SearchAction\",\"target\":{\"@type\":\"EntryPoint\",\"urlTemplate\":\"https:\/\/vieassociative.be\/actualites\/?s={search_term_string}\"},\"query-input\":{\"@type\":\"PropertyValueSpecification\",\"valueRequired\":true,\"valueName\":\"search_term_string\"}}],\"inLanguage\":\"fr-BE\"},{\"@type\":\"Organization\",\"@id\":\"https:\/\/vieassociative.be\/actualites\/#organization\",\"name\":\"Vie Associative\",\"url\":\"https:\/\/vieassociative.be\/actualites\/\",\"logo\":{\"@type\":\"ImageObject\",\"inLanguage\":\"fr-BE\",\"@id\":\"https:\/\/vieassociative.be\/actualites\/#\/schema\/logo\/image\/\",\"url\":\"https:\/\/vieassociative.be\/actualites\/wp-content\/uploads\/2024\/09\/cropped-vieassociative_favicon.ico.png\",\"contentUrl\":\"https:\/\/vieassociative.be\/actualites\/wp-content\/uploads\/2024\/09\/cropped-vieassociative_favicon.ico.png\",\"width\":512,\"height\":512,\"caption\":\"Vie Associative\"},\"image\":{\"@id\":\"https:\/\/vieassociative.be\/actualites\/#\/schema\/logo\/image\/\"}},{\"@type\":\"Person\",\"@id\":\"https:\/\/vieassociative.be\/actualites\/#\/schema\/person\/b87ac4f82f9d4e7b7cec7395b679edc4\",\"name\":\"Julien\",\"image\":{\"@type\":\"ImageObject\",\"inLanguage\":\"fr-BE\",\"@id\":\"https:\/\/vieassociative.be\/actualites\/#\/schema\/person\/image\/\",\"url\":\"https:\/\/vieassociative.be\/actualites\/wp-content\/uploads\/2024\/09\/vie-associative-1-150x150.jpg\",\"contentUrl\":\"https:\/\/vieassociative.be\/actualites\/wp-content\/uploads\/2024\/09\/vie-associative-1-150x150.jpg\",\"caption\":\"Julien\"},\"description\":\"Je suis Julien, r\u00e9dacteur pour Vie Associative. Passionn\u00e9 par le monde associatif depuis plus de 10 ans, j'ai \u00e0 c\u0153ur de partager des histoires inspirantes et de mettre en lumi\u00e8re les initiatives locales. Mon objectif est de sensibiliser et d'encourager l'engagement communautaire \u00e0 travers mes articles.\",\"sameAs\":[\"https:\/\/vieassociative.be\/\"]}]}<\/script>\n<!-- \/ Yoast SEO plugin. -->","yoast_head_json":{"title":"Quoi de mieux (et de pire) dans l'aper\u00e7u de la nouvelle application de Fitbit | Vie Associative","robots":{"index":"index","follow":"follow","max-snippet":"max-snippet:-1","max-image-preview":"max-image-preview:large","max-video-preview":"max-video-preview:-1"},"canonical":"https:\/\/vieassociative.be\/actualites\/quoi-de-mieux-et-de-pire-dans-lapercu-de-la-nouvelle-application-de-fitbit\/","og_locale":"fr_FR","og_type":"article","og_title":"Quoi de mieux (et de pire) dans l'aper\u00e7u de la nouvelle application de Fitbit | Vie Associative","og_description":"Je ne suis pas fan de la fa\u00e7on dont il s&rsquo;adresse constamment \u00e0 l&rsquo;IA. J&rsquo;utilise l&rsquo;application remani\u00e9e de Fitbit, actuellement en mode \u00ab\u00a0aper\u00e7u public\u00a0\u00bb pour","og_url":"https:\/\/vieassociative.be\/actualites\/quoi-de-mieux-et-de-pire-dans-lapercu-de-la-nouvelle-application-de-fitbit\/","og_site_name":"Vie Associative","article_published_time":"2025-11-02T12:17:18+00:00","og_image":[{"url":"https:\/\/vieassociative.be\/actualites\/wp-content\/uploads\/2025\/11\/Quoi-de-mieux-et-de-pire-dans-lapercu-de-la.jpg","type":"","width":"","height":""}],"author":"Julien","twitter_card":"summary_large_image","twitter_misc":{"\u00c9crit par":"Julien","Dur\u00e9e de lecture est.":"6 minutes"},"schema":{"@context":"https:\/\/schema.org","@graph":[{"@type":"Article","@id":"https:\/\/vieassociative.be\/actualites\/quoi-de-mieux-et-de-pire-dans-lapercu-de-la-nouvelle-application-de-fitbit\/#article","isPartOf":{"@id":"https:\/\/vieassociative.be\/actualites\/quoi-de-mieux-et-de-pire-dans-lapercu-de-la-nouvelle-application-de-fitbit\/"},"author":{"name":"Julien","@id":"https:\/\/vieassociative.be\/actualites\/#\/schema\/person\/b87ac4f82f9d4e7b7cec7395b679edc4"},"headline":"Quoi de mieux (et de pire) dans l&rsquo;aper\u00e7u de la nouvelle application de Fitbit","datePublished":"2025-11-02T12:17:18+00:00","dateModified":"2025-11-02T12:17:18+00:00","mainEntityOfPage":{"@id":"https:\/\/vieassociative.be\/actualites\/quoi-de-mieux-et-de-pire-dans-lapercu-de-la-nouvelle-application-de-fitbit\/"},"wordCount":1240,"publisher":{"@id":"https:\/\/vieassociative.be\/actualites\/#organization"},"image":{"@id":"https:\/\/vieassociative.be\/actualites\/quoi-de-mieux-et-de-pire-dans-lapercu-de-la-nouvelle-application-de-fitbit\/#primaryimage"},"thumbnailUrl":"https:\/\/vieassociative.be\/actualites\/wp-content\/uploads\/2025\/11\/1762085839_Quoi-de-mieux-et-de-pire-dans-lapercu-de-la.jpg","keywords":["application","dans","Fitbit","laper\u00e7u","mieux","nouvelle","pire","quoi"],"articleSection":["Sant\u00e9"],"inLanguage":"fr-BE"},{"@type":"WebPage","@id":"https:\/\/vieassociative.be\/actualites\/quoi-de-mieux-et-de-pire-dans-lapercu-de-la-nouvelle-application-de-fitbit\/","url":"https:\/\/vieassociative.be\/actualites\/quoi-de-mieux-et-de-pire-dans-lapercu-de-la-nouvelle-application-de-fitbit\/","name":"Quoi de mieux (et de pire) dans l'aper\u00e7u de la nouvelle application de Fitbit | Vie Associative","isPartOf":{"@id":"https:\/\/vieassociative.be\/actualites\/#website"},"primaryImageOfPage":{"@id":"https:\/\/vieassociative.be\/actualites\/quoi-de-mieux-et-de-pire-dans-lapercu-de-la-nouvelle-application-de-fitbit\/#primaryimage"},"image":{"@id":"https:\/\/vieassociative.be\/actualites\/quoi-de-mieux-et-de-pire-dans-lapercu-de-la-nouvelle-application-de-fitbit\/#primaryimage"},"thumbnailUrl":"https:\/\/vieassociative.be\/actualites\/wp-content\/uploads\/2025\/11\/1762085839_Quoi-de-mieux-et-de-pire-dans-lapercu-de-la.jpg","datePublished":"2025-11-02T12:17:18+00:00","dateModified":"2025-11-02T12:17:18+00:00","breadcrumb":{"@id":"https:\/\/vieassociative.be\/actualites\/quoi-de-mieux-et-de-pire-dans-lapercu-de-la-nouvelle-application-de-fitbit\/#breadcrumb"},"inLanguage":"fr-BE","potentialAction":[{"@type":"ReadAction","target":["https:\/\/vieassociative.be\/actualites\/quoi-de-mieux-et-de-pire-dans-lapercu-de-la-nouvelle-application-de-fitbit\/"]}]},{"@type":"ImageObject","inLanguage":"fr-BE","@id":"https:\/\/vieassociative.be\/actualites\/quoi-de-mieux-et-de-pire-dans-lapercu-de-la-nouvelle-application-de-fitbit\/#primaryimage","url":"https:\/\/vieassociative.be\/actualites\/wp-content\/uploads\/2025\/11\/1762085839_Quoi-de-mieux-et-de-pire-dans-lapercu-de-la.jpg","contentUrl":"https:\/\/vieassociative.be\/actualites\/wp-content\/uploads\/2025\/11\/1762085839_Quoi-de-mieux-et-de-pire-dans-lapercu-de-la.jpg","width":1200,"height":675,"caption":"Quoi de mieux (et de pire) dans l'aper\u00e7u de la nouvelle application de Fitbit"},{"@type":"BreadcrumbList","@id":"https:\/\/vieassociative.be\/actualites\/quoi-de-mieux-et-de-pire-dans-lapercu-de-la-nouvelle-application-de-fitbit\/#breadcrumb","itemListElement":[{"@type":"ListItem","position":1,"name":"Accueil","item":"https:\/\/vieassociative.be\/actualites\/"},{"@type":"ListItem","position":2,"name":"Quoi de mieux (et de pire) dans l&rsquo;aper\u00e7u de la nouvelle application de Fitbit"}]},{"@type":"WebSite","@id":"https:\/\/vieassociative.be\/actualites\/#website","url":"https:\/\/vieassociative.be\/actualites\/","name":"Vie Associative","description":"","publisher":{"@id":"https:\/\/vieassociative.be\/actualites\/#organization"},"potentialAction":[{"@type":"SearchAction","target":{"@type":"EntryPoint","urlTemplate":"https:\/\/vieassociative.be\/actualites\/?s={search_term_string}"},"query-input":{"@type":"PropertyValueSpecification","valueRequired":true,"valueName":"search_term_string"}}],"inLanguage":"fr-BE"},{"@type":"Organization","@id":"https:\/\/vieassociative.be\/actualites\/#organization","name":"Vie Associative","url":"https:\/\/vieassociative.be\/actualites\/","logo":{"@type":"ImageObject","inLanguage":"fr-BE","@id":"https:\/\/vieassociative.be\/actualites\/#\/schema\/logo\/image\/","url":"https:\/\/vieassociative.be\/actualites\/wp-content\/uploads\/2024\/09\/cropped-vieassociative_favicon.ico.png","contentUrl":"https:\/\/vieassociative.be\/actualites\/wp-content\/uploads\/2024\/09\/cropped-vieassociative_favicon.ico.png","width":512,"height":512,"caption":"Vie Associative"},"image":{"@id":"https:\/\/vieassociative.be\/actualites\/#\/schema\/logo\/image\/"}},{"@type":"Person","@id":"https:\/\/vieassociative.be\/actualites\/#\/schema\/person\/b87ac4f82f9d4e7b7cec7395b679edc4","name":"Julien","image":{"@type":"ImageObject","inLanguage":"fr-BE","@id":"https:\/\/vieassociative.be\/actualites\/#\/schema\/person\/image\/","url":"https:\/\/vieassociative.be\/actualites\/wp-content\/uploads\/2024\/09\/vie-associative-1-150x150.jpg","contentUrl":"https:\/\/vieassociative.be\/actualites\/wp-content\/uploads\/2024\/09\/vie-associative-1-150x150.jpg","caption":"Julien"},"description":"Je suis Julien, r\u00e9dacteur pour Vie Associative. Passionn\u00e9 par le monde associatif depuis plus de 10 ans, j'ai \u00e0 c\u0153ur de partager des histoires inspirantes et de mettre en lumi\u00e8re les initiatives locales. Mon objectif est de sensibiliser et d'encourager l'engagement communautaire \u00e0 travers mes articles.","sameAs":["https:\/\/vieassociative.be\/"]}]}},"_links":{"self":[{"href":"https:\/\/vieassociative.be\/actualites\/wp-json\/wp\/v2\/posts\/11052"}],"collection":[{"href":"https:\/\/vieassociative.be\/actualites\/wp-json\/wp\/v2\/posts"}],"about":[{"href":"https:\/\/vieassociative.be\/actualites\/wp-json\/wp\/v2\/types\/post"}],"author":[{"embeddable":true,"href":"https:\/\/vieassociative.be\/actualites\/wp-json\/wp\/v2\/users\/1"}],"replies":[{"embeddable":true,"href":"https:\/\/vieassociative.be\/actualites\/wp-json\/wp\/v2\/comments?post=11052"}],"version-history":[{"count":0,"href":"https:\/\/vieassociative.be\/actualites\/wp-json\/wp\/v2\/posts\/11052\/revisions"}],"wp:featuredmedia":[{"embeddable":true,"href":"https:\/\/vieassociative.be\/actualites\/wp-json\/wp\/v2\/media\/11053"}],"wp:attachment":[{"href":"https:\/\/vieassociative.be\/actualites\/wp-json\/wp\/v2\/media?parent=11052"}],"wp:term":[{"taxonomy":"category","embeddable":true,"href":"https:\/\/vieassociative.be\/actualites\/wp-json\/wp\/v2\/categories?post=11052"},{"taxonomy":"post_tag","embeddable":true,"href":"https:\/\/vieassociative.be\/actualites\/wp-json\/wp\/v2\/tags?post=11052"}],"curies":[{"name":"wp","href":"https:\/\/api.w.org\/{rel}","templated":true}]}}