{"id":11050,"date":"2025-11-02T08:17:57","date_gmt":"2025-11-02T07:17:57","guid":{"rendered":"https:\/\/vieassociative.be\/actualites\/comment-jutilise-le-changement-dheure-pour-demarrer-ma-routine-dexercices-matinaux\/"},"modified":"2025-11-02T08:17:57","modified_gmt":"2025-11-02T07:17:57","slug":"comment-jutilise-le-changement-dheure-pour-demarrer-ma-routine-dexercices-matinaux","status":"publish","type":"post","link":"https:\/\/vieassociative.be\/actualites\/comment-jutilise-le-changement-dheure-pour-demarrer-ma-routine-dexercices-matinaux\/","title":{"rendered":"Comment j&rsquo;utilise le changement d&rsquo;heure pour d\u00e9marrer ma routine d&rsquo;exercices matinaux"},"content":{"rendered":"<div class=\"mt-4 leading-6 md:mb-8\">Une fois par an, vous pouvez devenir une personne du matin sans effort suppl\u00e9mentaire.<\/div>\n<p><\/p>\n<p>J&rsquo;attends avec impatience le changement d&rsquo;heure d&rsquo;automne chaque ann\u00e9e, car j&rsquo;ai <em>plans<\/em> pour cette heure suppl\u00e9mentaire du matin. Remonter le temps est une excellente occasion de relancer une routine matinale, puisqu&rsquo;on peut se lever une heure plus t\u00f4t sans cela. <em>sentiment<\/em> comme si tu te levais une heure plus t\u00f4t. C\u2019est une excellente fa\u00e7on de se pencher sur votre arc hivernal.<\/p>\n<p>Malheureusement, nous continuons \u00e0 appliquer l&rsquo;heure d&rsquo;\u00e9t\u00e9. Mais j&rsquo;en profiterai tant que je le peux, car le changement d&rsquo;heure d&rsquo;automne nous offre une heure suppl\u00e9mentaire le matin (m\u00eame si elle est cruellement arrach\u00e9e \u00e0 nos routines du soir). Je ne suis pas du matin par nature, mais ma journ\u00e9e se passe toujours mieux lorsque je m&rsquo;entra\u00eene t\u00f4t, je vais donc profiter de cette heure suppl\u00e9mentaire du matin et l&rsquo;utiliser pour une s\u00e9ance d&rsquo;entra\u00eenement au lieu de recalibrer mon horloge biologique pour me r\u00e9veiller plus tard. Je recommande \u00e0 tous mes coll\u00e8gues oiseaux de nuit de faire de m\u00eame. <\/p>\n<h2 id=\"when-to-wake-up-if-youre-taking-advantage-of-the-time-change\">Quand se r\u00e9veiller si vous profitez du changement d&rsquo;heure<\/h2>\n<p>Je veux dire, toi <em>pourrait<\/em> utilisez votre heure suppl\u00e9mentaire pour dormir \u2013 prenez-la si vous en avez besoin. Mais personnellement, je vais r\u00e9gler mon r\u00e9veil une heure plus t\u00f4t que de me lever, \u00e0 partir de ce dimanche (2 novembre, premier jour de l&rsquo;heure standard de 2025). Une heure suffit pour un simple entra\u00eenement de force, ou pour une courte course et une douche rapide avant de commencer officiellement votre journ\u00e9e. Je me r\u00e9serve un jour par semaine pour dormir, ce qui pour moi est le samedi. Les jours o\u00f9 je me repose apr\u00e8s avoir fait de l&rsquo;exercice, je me r\u00e9veille toujours \u00e0 l&rsquo;heure, mais je profite de mon heure du matin pour quelque chose d&rsquo;amusant ou de relaxant, comme lire un livre.<\/p>\n<div class=\"mx-auto mb-12 mt-5 w-full max-w-3xl rounded-md border-2 border-gray-100 p-3 shadow-md md:px-7 md:pb-7 md:pt-5\" id=\"related-video\">\n<div class=\"mb-3 flex items-center md:mb-5\">\n        <img decoding=\"async\" class=\"mr-4 mt-0 h-10 w-10 md:mr-5 md:h-12 md:w-12\" src=\"https:\/\/vieassociative.be\/actualites\/wp-content\/uploads\/2025\/09\/1757726237_608_Meta-pourrait-devoiler-une-montre-intelligente-pour-controler-ses-lunettes.jpg\" alt=\"Logo du pirate de la vie\"><\/p><\/div>\n<div class=\"aspect-video w-full overflow-hidden rounded-md\">\n<div id=\"video-container-01K91NVFVHEWHWYC2KF9N1HBJT\"><\/div>\n<\/p><\/div>\n<\/div>\n<p>Si vous souhaitez int\u00e9grer un entra\u00eenement complet et avez besoin de plus de temps que l\u2019heure ne vous en donne, c\u2019est toujours un bon moyen d\u2019att\u00e9nuer le choc. Par exemple, vous pouvez vous r\u00e9veiller 90 minutes plus t\u00f4t (selon l&rsquo;horloge) et ne vous sentir que 30 minutes plus t\u00f4t que d&rsquo;habitude (selon vos rythmes circadiens). <\/p>\n<h2 id=\"how-to-plan-for-morning-workouts\">Comment planifier les entra\u00eenements du matin<\/h2>\n<p>Le premier jour o\u00f9 vous vous r\u00e9veillerez \u00ab t\u00f4t \u00bb, les choses seront comme elles le sont toujours. Mais maintenant que vous faites de l&rsquo;exercice le matin, vous devrez accepter l&rsquo;obscurit\u00e9 hivernale. Il s&rsquo;infiltrera, le lever du soleil se fera quelques minutes plus tard chaque jour, jusqu&rsquo;\u00e0 ce que votre jogging matinal soit, tr\u00e8s probablement, compl\u00e8tement dans l&rsquo;obscurit\u00e9. <\/p>\n<p>Si vous courez t\u00f4t le matin, procurez-vous certainement une lumi\u00e8re pour vous aider \u00e0 voir et \u00e0 \u00eatre vu. J&rsquo;ai un Petzl Tikkina, que j&rsquo;ai achet\u00e9 l&rsquo;ann\u00e9e derni\u00e8re parce que Petzl a une r\u00e9putation de fiabilit\u00e9, et le Tikkina est l&rsquo;un de leurs mod\u00e8les les plus abordables. Cela a tr\u00e8s bien fonctionn\u00e9 pour moi, donc cette ann\u00e9e, j&rsquo;opterai probablement pour la batterie rechargeable qui remplace ses trois cellules AAA. Le rechargeable est con\u00e7u pour bien fonctionner m\u00eame par temps froid, ce qui sera utile. Pensez \u00e9galement \u00e0 porter des couleurs vives, un gilet r\u00e9fl\u00e9chissant, ou m\u00eame quelque chose comme le Noxgear Tracer pour vous offrir une bonne visibilit\u00e9 sur le bord de la route. J&rsquo;ai une veste rose fluo qui ressort les matins froids et sombres.<\/p>\n<div class=\"pogoClear mb-12 mt-10 rounded-md border-2 border-gray-100 py-7 shadow-xl md:py-6\">\n<div class=\"flex flex-wrap justify-between px-7 text-black no-underline md:flex-nowrap md:px-8\">\n<div class=\"order-1 mx-auto flex flex-col justify-center md:order-2 md:ml-4 md:w-full md:grow\">\n<div class=\"block cursor-pointer text-center font-akshar text-2xl font-medium leading-7 text-brand-green duration-200 ease-in-out hover:text-brand-green-700 md:text-left md:text-xl md:leading-6\">Gilet de visibilit\u00e9 noxgear Tracer2 (petit)\n                <\/div>\n<div class=\"mt-4 hidden md:flex md:justify-between\">\n<div class=\"self-end\">\n<div class=\"mb-0 h-11 md:flex md:flex-col md:justify-center\">\n<div class=\" font-sans leading-4 text-black\">\n<div class=\"flex flex-wrap items-center justify-center gap-1 md:justify-start\">\n        <span class=\"font-bold\"><\/p>\n<p>            67,95\u00a0$<br \/>\n                            <span class=\"font-medium\">chez Amazon<\/span><br \/>\n                    <\/span>\n            <\/div>\n<div class=\"flex items-center justify-center gap-x-1 font-bold md:justify-start\">\n            <span class=\"text-sm line-through\">79,95\u00a0$<\/span><br \/>\n            <span class=\"text-sm text-brand-green\">\u00c9conomisez 12,00\u00a0$<\/span>\n        <\/div>\n<\/p><\/div>\n<\/p><\/div>\n<\/p><\/div>\n<div class=\"w-44 self-end\">\n                            <button class=\"flex justify-center items-center w-full bg-brand-green text-white text-base font-sans font-medium rounded-md hover:bg-brand-green-700 hover:cursor-pointer md:text-sm h-11\"><\/p>\n<p>    Achetez maintenant<br \/>\n<\/button>\n                        <\/div>\n<\/p><\/div>\n<\/p><\/div>\n<div class=\"order-2 mt-5 h-auto w-full md:order-1 md:mt-0 md:hidden\">\n<div class=\"flex aspect-video items-center justify-center\">\n                                            <img decoding=\"async\" class=\"m-0 max-h-full max-w-full rounded-md\" src=\"https:\/\/vieassociative.be\/actualites\/wp-content\/uploads\/2025\/09\/1759195030_499_Lautomne-signifie-des-courses-le-matin-et-le-soir-plus.jpg\" alt=\"Gilet de visibilit\u00e9 noxgear Tracer2 (petit)\" width=\"auto\" height=\"auto\" loading=\"lazy\">\n                                    <\/div>\n<\/p><\/div>\n<div class=\"order-2 ml-2 hidden w-32 shrink-0 items-center md:order-1 md:ml-0 md:flex\">\n<div class=\"flex aspect-video items-center justify-center\">\n                                            <img decoding=\"async\" class=\"m-0 max-h-full max-w-full rounded-md\" src=\"https:\/\/vieassociative.be\/actualites\/wp-content\/uploads\/2025\/09\/1759195030_499_Lautomne-signifie-des-courses-le-matin-et-le-soir-plus.jpg\" alt=\"Gilet de visibilit\u00e9 noxgear Tracer2 (petit)\" width=\"auto\" height=\"auto\" loading=\"lazy\">\n                                    <\/div>\n<\/p><\/div>\n<div class=\"order-3 flex grow flex-wrap md:hidden md:grow-0\">\n<div class=\"mt-4 w-full\">\n                        <button class=\"flex justify-center items-center w-full bg-brand-green text-white text-base font-sans font-medium rounded-md hover:bg-brand-green-700 hover:cursor-pointer md:text-sm h-11\"><\/p>\n<p>    Achetez maintenant<br \/>\n<\/button>\n                    <\/div>\n<div class=\"mx-2 mt-4 w-full\">\n<div class=\" font-sans leading-4 text-black\">\n<div class=\"flex flex-wrap items-center justify-center gap-1 md:justify-start\">\n        <span class=\"font-bold\"><\/p>\n<p>            67,95\u00a0$<br \/>\n                            <span class=\"font-medium\">chez Amazon<\/span><br \/>\n                    <\/span>\n            <\/div>\n<div class=\"flex items-center justify-center gap-x-1 font-bold md:justify-start\">\n            <span class=\"text-sm line-through\">79,95\u00a0$<\/span><br \/>\n            <span class=\"text-sm text-brand-green\">\u00c9conomisez 12,00\u00a0$<\/span>\n        <\/div>\n<\/p><\/div>\n<\/p><\/div>\n<\/p><\/div>\n<\/p><\/div>\n<\/div>\n<p>A la salle de sport, sachez que le rythme du lieu va changer. Il y aura un groupe d&rsquo;habitu\u00e9s diff\u00e9rent, et il sera peut-\u00eatre plus ou moins occup\u00e9 que d&rsquo;habitude. Mais m\u00eame si tout est pareil, il y a quelque chose de luxueux \u00e0 pouvoir prendre son temps, alors que d&rsquo;habitude il faut rassembler ses derniers exercices et se pr\u00e9cipiter au travail. Savourez cette heure suppl\u00e9mentaire.<\/p>\n","protected":false},"excerpt":{"rendered":"<p>Une fois par an, vous pouvez devenir une personne du matin sans effort suppl\u00e9mentaire. J&rsquo;attends avec impatience le changement d&rsquo;heure d&rsquo;automne chaque ann\u00e9e, car j&rsquo;ai<\/p>\n","protected":false},"author":1,"featured_media":11051,"comment_status":"","ping_status":"","sticky":false,"template":"","format":"standard","meta":{"footnotes":""},"categories":[38],"tags":[2590,44,991,8101,8972,3406,9120,81,1375],"class_list":["post-11050","post","type-post","status-publish","format-standard","has-post-thumbnail","hentry","category-sante","tag-changement","tag-comment","tag-demarrer","tag-dexercices","tag-dheure","tag-jutilise","tag-matinaux","tag-pour","tag-routine","generate-columns","tablet-grid-50","mobile-grid-100","grid-parent","grid-33"],"yoast_head":"<!-- This site is optimized with the Yoast SEO plugin v24.0 - https:\/\/yoast.com\/wordpress\/plugins\/seo\/ -->\n<title>Comment j&#039;utilise le changement d&#039;heure pour d\u00e9marrer ma routine d&#039;exercices matinaux | Vie Associative<\/title>\n<meta name=\"robots\" content=\"index, follow, max-snippet:-1, max-image-preview:large, max-video-preview:-1\" \/>\n<link rel=\"canonical\" href=\"https:\/\/vieassociative.be\/actualites\/comment-jutilise-le-changement-dheure-pour-demarrer-ma-routine-dexercices-matinaux\/\" \/>\n<meta property=\"og:locale\" content=\"fr_FR\" \/>\n<meta property=\"og:type\" content=\"article\" \/>\n<meta property=\"og:title\" content=\"Comment j&#039;utilise le changement d&#039;heure pour d\u00e9marrer ma routine d&#039;exercices matinaux | Vie Associative\" \/>\n<meta property=\"og:description\" content=\"Une fois par an, vous pouvez devenir une personne du matin sans effort suppl\u00e9mentaire. J&rsquo;attends avec impatience le changement d&rsquo;heure d&rsquo;automne chaque ann\u00e9e, car j&rsquo;ai\" \/>\n<meta property=\"og:url\" content=\"https:\/\/vieassociative.be\/actualites\/comment-jutilise-le-changement-dheure-pour-demarrer-ma-routine-dexercices-matinaux\/\" \/>\n<meta property=\"og:site_name\" content=\"Vie Associative\" \/>\n<meta property=\"article:published_time\" content=\"2025-11-02T07:17:57+00:00\" \/>\n<meta property=\"og:image\" content=\"https:\/\/vieassociative.be\/actualites\/wp-content\/uploads\/2025\/09\/1757726237_608_Meta-pourrait-devoiler-une-montre-intelligente-pour-controler-ses-lunettes.jpg\" \/>\n<meta name=\"author\" content=\"Julien\" \/>\n<meta name=\"twitter:card\" content=\"summary_large_image\" \/>\n<meta name=\"twitter:label1\" content=\"\u00c9crit par\" \/>\n\t<meta name=\"twitter:data1\" content=\"Julien\" \/>\n\t<meta name=\"twitter:label2\" content=\"Dur\u00e9e de lecture est.\" \/>\n\t<meta name=\"twitter:data2\" content=\"3 minutes\" \/>\n<script type=\"application\/ld+json\" class=\"yoast-schema-graph\">{\"@context\":\"https:\/\/schema.org\",\"@graph\":[{\"@type\":\"Article\",\"@id\":\"https:\/\/vieassociative.be\/actualites\/comment-jutilise-le-changement-dheure-pour-demarrer-ma-routine-dexercices-matinaux\/#article\",\"isPartOf\":{\"@id\":\"https:\/\/vieassociative.be\/actualites\/comment-jutilise-le-changement-dheure-pour-demarrer-ma-routine-dexercices-matinaux\/\"},\"author\":{\"name\":\"Julien\",\"@id\":\"https:\/\/vieassociative.be\/actualites\/#\/schema\/person\/b87ac4f82f9d4e7b7cec7395b679edc4\"},\"headline\":\"Comment j&rsquo;utilise le changement d&rsquo;heure pour d\u00e9marrer ma routine d&rsquo;exercices matinaux\",\"datePublished\":\"2025-11-02T07:17:57+00:00\",\"dateModified\":\"2025-11-02T07:17:57+00:00\",\"mainEntityOfPage\":{\"@id\":\"https:\/\/vieassociative.be\/actualites\/comment-jutilise-le-changement-dheure-pour-demarrer-ma-routine-dexercices-matinaux\/\"},\"wordCount\":726,\"publisher\":{\"@id\":\"https:\/\/vieassociative.be\/actualites\/#organization\"},\"image\":{\"@id\":\"https:\/\/vieassociative.be\/actualites\/comment-jutilise-le-changement-dheure-pour-demarrer-ma-routine-dexercices-matinaux\/#primaryimage\"},\"thumbnailUrl\":\"https:\/\/vieassociative.be\/actualites\/wp-content\/uploads\/2025\/11\/Comment-jutilise-le-changement-dheure-pour-demarrer-ma-routine-dexercices.jpg\",\"keywords\":[\"Changement\",\"Comment\",\"d\u00e9marrer\",\"dexercices\",\"dheure\",\"jutilise\",\"matinaux\",\"pour\",\"routine\"],\"articleSection\":[\"Sant\u00e9\"],\"inLanguage\":\"fr-BE\"},{\"@type\":\"WebPage\",\"@id\":\"https:\/\/vieassociative.be\/actualites\/comment-jutilise-le-changement-dheure-pour-demarrer-ma-routine-dexercices-matinaux\/\",\"url\":\"https:\/\/vieassociative.be\/actualites\/comment-jutilise-le-changement-dheure-pour-demarrer-ma-routine-dexercices-matinaux\/\",\"name\":\"Comment j'utilise le changement d'heure pour d\u00e9marrer ma routine d'exercices matinaux | Vie Associative\",\"isPartOf\":{\"@id\":\"https:\/\/vieassociative.be\/actualites\/#website\"},\"primaryImageOfPage\":{\"@id\":\"https:\/\/vieassociative.be\/actualites\/comment-jutilise-le-changement-dheure-pour-demarrer-ma-routine-dexercices-matinaux\/#primaryimage\"},\"image\":{\"@id\":\"https:\/\/vieassociative.be\/actualites\/comment-jutilise-le-changement-dheure-pour-demarrer-ma-routine-dexercices-matinaux\/#primaryimage\"},\"thumbnailUrl\":\"https:\/\/vieassociative.be\/actualites\/wp-content\/uploads\/2025\/11\/Comment-jutilise-le-changement-dheure-pour-demarrer-ma-routine-dexercices.jpg\",\"datePublished\":\"2025-11-02T07:17:57+00:00\",\"dateModified\":\"2025-11-02T07:17:57+00:00\",\"breadcrumb\":{\"@id\":\"https:\/\/vieassociative.be\/actualites\/comment-jutilise-le-changement-dheure-pour-demarrer-ma-routine-dexercices-matinaux\/#breadcrumb\"},\"inLanguage\":\"fr-BE\",\"potentialAction\":[{\"@type\":\"ReadAction\",\"target\":[\"https:\/\/vieassociative.be\/actualites\/comment-jutilise-le-changement-dheure-pour-demarrer-ma-routine-dexercices-matinaux\/\"]}]},{\"@type\":\"ImageObject\",\"inLanguage\":\"fr-BE\",\"@id\":\"https:\/\/vieassociative.be\/actualites\/comment-jutilise-le-changement-dheure-pour-demarrer-ma-routine-dexercices-matinaux\/#primaryimage\",\"url\":\"https:\/\/vieassociative.be\/actualites\/wp-content\/uploads\/2025\/11\/Comment-jutilise-le-changement-dheure-pour-demarrer-ma-routine-dexercices.jpg\",\"contentUrl\":\"https:\/\/vieassociative.be\/actualites\/wp-content\/uploads\/2025\/11\/Comment-jutilise-le-changement-dheure-pour-demarrer-ma-routine-dexercices.jpg\",\"width\":1200,\"height\":675,\"caption\":\"Comment j'utilise le changement d'heure pour d\u00e9marrer ma routine d'exercices matinaux\"},{\"@type\":\"BreadcrumbList\",\"@id\":\"https:\/\/vieassociative.be\/actualites\/comment-jutilise-le-changement-dheure-pour-demarrer-ma-routine-dexercices-matinaux\/#breadcrumb\",\"itemListElement\":[{\"@type\":\"ListItem\",\"position\":1,\"name\":\"Accueil\",\"item\":\"https:\/\/vieassociative.be\/actualites\/\"},{\"@type\":\"ListItem\",\"position\":2,\"name\":\"Comment j&rsquo;utilise le changement d&rsquo;heure pour d\u00e9marrer ma routine d&rsquo;exercices matinaux\"}]},{\"@type\":\"WebSite\",\"@id\":\"https:\/\/vieassociative.be\/actualites\/#website\",\"url\":\"https:\/\/vieassociative.be\/actualites\/\",\"name\":\"Vie Associative\",\"description\":\"\",\"publisher\":{\"@id\":\"https:\/\/vieassociative.be\/actualites\/#organization\"},\"potentialAction\":[{\"@type\":\"SearchAction\",\"target\":{\"@type\":\"EntryPoint\",\"urlTemplate\":\"https:\/\/vieassociative.be\/actualites\/?s={search_term_string}\"},\"query-input\":{\"@type\":\"PropertyValueSpecification\",\"valueRequired\":true,\"valueName\":\"search_term_string\"}}],\"inLanguage\":\"fr-BE\"},{\"@type\":\"Organization\",\"@id\":\"https:\/\/vieassociative.be\/actualites\/#organization\",\"name\":\"Vie Associative\",\"url\":\"https:\/\/vieassociative.be\/actualites\/\",\"logo\":{\"@type\":\"ImageObject\",\"inLanguage\":\"fr-BE\",\"@id\":\"https:\/\/vieassociative.be\/actualites\/#\/schema\/logo\/image\/\",\"url\":\"https:\/\/vieassociative.be\/actualites\/wp-content\/uploads\/2024\/09\/cropped-vieassociative_favicon.ico.png\",\"contentUrl\":\"https:\/\/vieassociative.be\/actualites\/wp-content\/uploads\/2024\/09\/cropped-vieassociative_favicon.ico.png\",\"width\":512,\"height\":512,\"caption\":\"Vie Associative\"},\"image\":{\"@id\":\"https:\/\/vieassociative.be\/actualites\/#\/schema\/logo\/image\/\"}},{\"@type\":\"Person\",\"@id\":\"https:\/\/vieassociative.be\/actualites\/#\/schema\/person\/b87ac4f82f9d4e7b7cec7395b679edc4\",\"name\":\"Julien\",\"image\":{\"@type\":\"ImageObject\",\"inLanguage\":\"fr-BE\",\"@id\":\"https:\/\/vieassociative.be\/actualites\/#\/schema\/person\/image\/\",\"url\":\"https:\/\/vieassociative.be\/actualites\/wp-content\/uploads\/2024\/09\/vie-associative-1-150x150.jpg\",\"contentUrl\":\"https:\/\/vieassociative.be\/actualites\/wp-content\/uploads\/2024\/09\/vie-associative-1-150x150.jpg\",\"caption\":\"Julien\"},\"description\":\"Je suis Julien, r\u00e9dacteur pour Vie Associative. Passionn\u00e9 par le monde associatif depuis plus de 10 ans, j'ai \u00e0 c\u0153ur de partager des histoires inspirantes et de mettre en lumi\u00e8re les initiatives locales. Mon objectif est de sensibiliser et d'encourager l'engagement communautaire \u00e0 travers mes articles.\",\"sameAs\":[\"https:\/\/vieassociative.be\/\"]}]}<\/script>\n<!-- \/ Yoast SEO plugin. -->","yoast_head_json":{"title":"Comment j'utilise le changement d'heure pour d\u00e9marrer ma routine d'exercices matinaux | Vie Associative","robots":{"index":"index","follow":"follow","max-snippet":"max-snippet:-1","max-image-preview":"max-image-preview:large","max-video-preview":"max-video-preview:-1"},"canonical":"https:\/\/vieassociative.be\/actualites\/comment-jutilise-le-changement-dheure-pour-demarrer-ma-routine-dexercices-matinaux\/","og_locale":"fr_FR","og_type":"article","og_title":"Comment j'utilise le changement d'heure pour d\u00e9marrer ma routine d'exercices matinaux | Vie Associative","og_description":"Une fois par an, vous pouvez devenir une personne du matin sans effort suppl\u00e9mentaire. J&rsquo;attends avec impatience le changement d&rsquo;heure d&rsquo;automne chaque ann\u00e9e, car j&rsquo;ai","og_url":"https:\/\/vieassociative.be\/actualites\/comment-jutilise-le-changement-dheure-pour-demarrer-ma-routine-dexercices-matinaux\/","og_site_name":"Vie Associative","article_published_time":"2025-11-02T07:17:57+00:00","og_image":[{"url":"https:\/\/vieassociative.be\/actualites\/wp-content\/uploads\/2025\/09\/1757726237_608_Meta-pourrait-devoiler-une-montre-intelligente-pour-controler-ses-lunettes.jpg","type":"","width":"","height":""}],"author":"Julien","twitter_card":"summary_large_image","twitter_misc":{"\u00c9crit par":"Julien","Dur\u00e9e de lecture est.":"3 minutes"},"schema":{"@context":"https:\/\/schema.org","@graph":[{"@type":"Article","@id":"https:\/\/vieassociative.be\/actualites\/comment-jutilise-le-changement-dheure-pour-demarrer-ma-routine-dexercices-matinaux\/#article","isPartOf":{"@id":"https:\/\/vieassociative.be\/actualites\/comment-jutilise-le-changement-dheure-pour-demarrer-ma-routine-dexercices-matinaux\/"},"author":{"name":"Julien","@id":"https:\/\/vieassociative.be\/actualites\/#\/schema\/person\/b87ac4f82f9d4e7b7cec7395b679edc4"},"headline":"Comment j&rsquo;utilise le changement d&rsquo;heure pour d\u00e9marrer ma routine d&rsquo;exercices matinaux","datePublished":"2025-11-02T07:17:57+00:00","dateModified":"2025-11-02T07:17:57+00:00","mainEntityOfPage":{"@id":"https:\/\/vieassociative.be\/actualites\/comment-jutilise-le-changement-dheure-pour-demarrer-ma-routine-dexercices-matinaux\/"},"wordCount":726,"publisher":{"@id":"https:\/\/vieassociative.be\/actualites\/#organization"},"image":{"@id":"https:\/\/vieassociative.be\/actualites\/comment-jutilise-le-changement-dheure-pour-demarrer-ma-routine-dexercices-matinaux\/#primaryimage"},"thumbnailUrl":"https:\/\/vieassociative.be\/actualites\/wp-content\/uploads\/2025\/11\/Comment-jutilise-le-changement-dheure-pour-demarrer-ma-routine-dexercices.jpg","keywords":["Changement","Comment","d\u00e9marrer","dexercices","dheure","jutilise","matinaux","pour","routine"],"articleSection":["Sant\u00e9"],"inLanguage":"fr-BE"},{"@type":"WebPage","@id":"https:\/\/vieassociative.be\/actualites\/comment-jutilise-le-changement-dheure-pour-demarrer-ma-routine-dexercices-matinaux\/","url":"https:\/\/vieassociative.be\/actualites\/comment-jutilise-le-changement-dheure-pour-demarrer-ma-routine-dexercices-matinaux\/","name":"Comment j'utilise le changement d'heure pour d\u00e9marrer ma routine d'exercices matinaux | Vie Associative","isPartOf":{"@id":"https:\/\/vieassociative.be\/actualites\/#website"},"primaryImageOfPage":{"@id":"https:\/\/vieassociative.be\/actualites\/comment-jutilise-le-changement-dheure-pour-demarrer-ma-routine-dexercices-matinaux\/#primaryimage"},"image":{"@id":"https:\/\/vieassociative.be\/actualites\/comment-jutilise-le-changement-dheure-pour-demarrer-ma-routine-dexercices-matinaux\/#primaryimage"},"thumbnailUrl":"https:\/\/vieassociative.be\/actualites\/wp-content\/uploads\/2025\/11\/Comment-jutilise-le-changement-dheure-pour-demarrer-ma-routine-dexercices.jpg","datePublished":"2025-11-02T07:17:57+00:00","dateModified":"2025-11-02T07:17:57+00:00","breadcrumb":{"@id":"https:\/\/vieassociative.be\/actualites\/comment-jutilise-le-changement-dheure-pour-demarrer-ma-routine-dexercices-matinaux\/#breadcrumb"},"inLanguage":"fr-BE","potentialAction":[{"@type":"ReadAction","target":["https:\/\/vieassociative.be\/actualites\/comment-jutilise-le-changement-dheure-pour-demarrer-ma-routine-dexercices-matinaux\/"]}]},{"@type":"ImageObject","inLanguage":"fr-BE","@id":"https:\/\/vieassociative.be\/actualites\/comment-jutilise-le-changement-dheure-pour-demarrer-ma-routine-dexercices-matinaux\/#primaryimage","url":"https:\/\/vieassociative.be\/actualites\/wp-content\/uploads\/2025\/11\/Comment-jutilise-le-changement-dheure-pour-demarrer-ma-routine-dexercices.jpg","contentUrl":"https:\/\/vieassociative.be\/actualites\/wp-content\/uploads\/2025\/11\/Comment-jutilise-le-changement-dheure-pour-demarrer-ma-routine-dexercices.jpg","width":1200,"height":675,"caption":"Comment j'utilise le changement d'heure pour d\u00e9marrer ma routine d'exercices matinaux"},{"@type":"BreadcrumbList","@id":"https:\/\/vieassociative.be\/actualites\/comment-jutilise-le-changement-dheure-pour-demarrer-ma-routine-dexercices-matinaux\/#breadcrumb","itemListElement":[{"@type":"ListItem","position":1,"name":"Accueil","item":"https:\/\/vieassociative.be\/actualites\/"},{"@type":"ListItem","position":2,"name":"Comment j&rsquo;utilise le changement d&rsquo;heure pour d\u00e9marrer ma routine d&rsquo;exercices matinaux"}]},{"@type":"WebSite","@id":"https:\/\/vieassociative.be\/actualites\/#website","url":"https:\/\/vieassociative.be\/actualites\/","name":"Vie Associative","description":"","publisher":{"@id":"https:\/\/vieassociative.be\/actualites\/#organization"},"potentialAction":[{"@type":"SearchAction","target":{"@type":"EntryPoint","urlTemplate":"https:\/\/vieassociative.be\/actualites\/?s={search_term_string}"},"query-input":{"@type":"PropertyValueSpecification","valueRequired":true,"valueName":"search_term_string"}}],"inLanguage":"fr-BE"},{"@type":"Organization","@id":"https:\/\/vieassociative.be\/actualites\/#organization","name":"Vie Associative","url":"https:\/\/vieassociative.be\/actualites\/","logo":{"@type":"ImageObject","inLanguage":"fr-BE","@id":"https:\/\/vieassociative.be\/actualites\/#\/schema\/logo\/image\/","url":"https:\/\/vieassociative.be\/actualites\/wp-content\/uploads\/2024\/09\/cropped-vieassociative_favicon.ico.png","contentUrl":"https:\/\/vieassociative.be\/actualites\/wp-content\/uploads\/2024\/09\/cropped-vieassociative_favicon.ico.png","width":512,"height":512,"caption":"Vie Associative"},"image":{"@id":"https:\/\/vieassociative.be\/actualites\/#\/schema\/logo\/image\/"}},{"@type":"Person","@id":"https:\/\/vieassociative.be\/actualites\/#\/schema\/person\/b87ac4f82f9d4e7b7cec7395b679edc4","name":"Julien","image":{"@type":"ImageObject","inLanguage":"fr-BE","@id":"https:\/\/vieassociative.be\/actualites\/#\/schema\/person\/image\/","url":"https:\/\/vieassociative.be\/actualites\/wp-content\/uploads\/2024\/09\/vie-associative-1-150x150.jpg","contentUrl":"https:\/\/vieassociative.be\/actualites\/wp-content\/uploads\/2024\/09\/vie-associative-1-150x150.jpg","caption":"Julien"},"description":"Je suis Julien, r\u00e9dacteur pour Vie Associative. Passionn\u00e9 par le monde associatif depuis plus de 10 ans, j'ai \u00e0 c\u0153ur de partager des histoires inspirantes et de mettre en lumi\u00e8re les initiatives locales. Mon objectif est de sensibiliser et d'encourager l'engagement communautaire \u00e0 travers mes articles.","sameAs":["https:\/\/vieassociative.be\/"]}]}},"_links":{"self":[{"href":"https:\/\/vieassociative.be\/actualites\/wp-json\/wp\/v2\/posts\/11050"}],"collection":[{"href":"https:\/\/vieassociative.be\/actualites\/wp-json\/wp\/v2\/posts"}],"about":[{"href":"https:\/\/vieassociative.be\/actualites\/wp-json\/wp\/v2\/types\/post"}],"author":[{"embeddable":true,"href":"https:\/\/vieassociative.be\/actualites\/wp-json\/wp\/v2\/users\/1"}],"replies":[{"embeddable":true,"href":"https:\/\/vieassociative.be\/actualites\/wp-json\/wp\/v2\/comments?post=11050"}],"version-history":[{"count":0,"href":"https:\/\/vieassociative.be\/actualites\/wp-json\/wp\/v2\/posts\/11050\/revisions"}],"wp:featuredmedia":[{"embeddable":true,"href":"https:\/\/vieassociative.be\/actualites\/wp-json\/wp\/v2\/media\/11051"}],"wp:attachment":[{"href":"https:\/\/vieassociative.be\/actualites\/wp-json\/wp\/v2\/media?parent=11050"}],"wp:term":[{"taxonomy":"category","embeddable":true,"href":"https:\/\/vieassociative.be\/actualites\/wp-json\/wp\/v2\/categories?post=11050"},{"taxonomy":"post_tag","embeddable":true,"href":"https:\/\/vieassociative.be\/actualites\/wp-json\/wp\/v2\/tags?post=11050"}],"curies":[{"name":"wp","href":"https:\/\/api.w.org\/{rel}","templated":true}]}}