{"id":11046,"date":"2025-11-02T03:17:15","date_gmt":"2025-11-02T02:17:15","guid":{"rendered":"https:\/\/vieassociative.be\/actualites\/les-supporters-de-las-nont-pas-eu-de-quoi-rire-a-gand-une-equipe-deupen-incroyablement-faible-a-perdu-12\/"},"modified":"2025-11-02T03:17:15","modified_gmt":"2025-11-02T02:17:15","slug":"les-supporters-de-las-nont-pas-eu-de-quoi-rire-a-gand-une-equipe-deupen-incroyablement-faible-a-perdu-12","status":"publish","type":"post","link":"https:\/\/vieassociative.be\/actualites\/les-supporters-de-las-nont-pas-eu-de-quoi-rire-a-gand-une-equipe-deupen-incroyablement-faible-a-perdu-12\/","title":{"rendered":"Les supporters de l&rsquo;AS n&rsquo;ont pas eu de quoi rire \u00e0 Gand &#8211; une \u00e9quipe d&rsquo;Eupen incroyablement faible a perdu 1:2"},"content":{"rendered":"<p><strong>L&rsquo;AS Eupen a perdu son match contre l&rsquo;AA Gent 1-2 samedi apr\u00e8s une nouvelle performance d\u00e9sastreuse. Peu avant la fin, les Noirs et Blancs se sont m\u00eame offert le luxe de ne pas transformer un penalty.<\/strong><\/p>\n<p><span id=\"more-428622\"><\/span>A l&rsquo;AS Eupen, Logan Delaurier-Choodet \u00e9tait absent au coup d&rsquo;envoi non seulement en raison d&rsquo;une blessure, mais \u00e0 la grande horreur de nombreux supporters, le gardien Marco Hiller \u00e9tait \u00e9galement absent pour cause de maladie. C&rsquo;est pourquoi Manaf Nurudeen, qui a commis plusieurs erreurs graves lors du match de coupe contre le Royal Antwerp FC mercredi, s&rsquo;est de nouveau retrouv\u00e9 entre les poteaux \u00e0 Gand.<\/p>\n<p>Sinon, Paeshuyse, M\u00f6hwald, Nuhu et Atteri sont revenus dans le onze de d\u00e9part. Bokadi, Wedingo, Prunier et Busquets retrouvaient le banc des rempla\u00e7ants.<\/p>\n<div id=\"attachment_292430\" class=\"wp-caption alignleft\" style=\"max-width: 300px\"><img fetchpriority=\"high\" decoding=\"async\" class=\"wp-image-292430 size-medium\" src=\"https:\/\/vieassociative.be\/actualites\/wp-content\/uploads\/2024\/10\/LAS-Eupen-resiste-pendant-une-heure-face-au-champion-en.jpeg\" alt=\"\" width=\"300\" height=\"200\"><\/div>\n<p>Le onze de d\u00e9part d&rsquo;Eupen : Nurudeen \u2013 Van Genechten, Paeshuyse, Kennedy, Gavory \u2013 Bar\u00e8s, M\u00f6hwald, M\u00fcller, Bitumazala \u2013 Nuhu, Atteri.<\/p>\n<p>Dans la Planet Group Arena presque vide (capacit\u00e9 : 20 000 spectateurs), on n&rsquo;entendait que les supporters de l&rsquo;AS Eupen qui avaient voyag\u00e9 avec eux.<\/p>\n<p>Jong Gent a pris l&rsquo;initiative d\u00e8s le d\u00e9but. Chez AS, rien n&rsquo;avan\u00e7ait dans le jeu dans le premier quart d&rsquo;heure. En cons\u00e9quence, Nurudeen a \u00e9t\u00e9 sollicit\u00e9 \u00e0 plusieurs reprises. La premi\u00e8re situation critique est survenue \u00e0 la 19e minute lorsque Paeshuyse a d\u00fb d\u00e9gager Abdullahi \u00e0 la derni\u00e8re seconde.<\/p>\n<p>Les joueurs de Jong Gent se sont montr\u00e9s beaucoup plus agiles et d\u00e9sireux de jouer que les invit\u00e9s d&rsquo;Eupen, qui s&rsquo;\u00e9taient pr\u00e9par\u00e9s pour ce match dans le centre de performance de la F\u00e9d\u00e9ration Belge de Football \u00e0 Tubize apr\u00e8s la d\u00e9faite en coupe contre le Royal Anvers FC. Cependant, il n\u2019y avait aucun signe d\u2019une bonne pr\u00e9paration.<\/p>\n<p>Si quelqu\u2019un a \u00e9t\u00e9 interpell\u00e9 au cours de la premi\u00e8re demi-heure, c\u2019est bien le gardien de l\u2019AS Nurudeen. Les joueurs de l&rsquo;AS semblaient raides.<\/p>\n<p>A la 37e minute, Eupen est puni pour sa passivit\u00e9 jusque-l\u00e0. Jong Gent a \u00e9cop\u00e9 d&rsquo;un penalty qu&rsquo;Abdullahi a converti en toute s\u00e9curit\u00e9, 1-0.<\/p>\n<p>Ce n&rsquo;est qu&rsquo;\u00e0 la 44e minute (!) que AS a eu sa premi\u00e8re occasion de marquer avec une t\u00eate de Van Genechten apr\u00e8s une contre-attaque via Nuhu. Cependant, le gardien gantois Peersman \u00e9tait \u00e0 son poste.<\/p>\n<p>Comme \u00e0 l&rsquo;Olympic Charleroi et \u00e0 Anvers, Eupen a encore une fois connu une mi-temps \u00e9pouvantable et \u00e9tait men\u00e9 \u00e0 juste titre 1-0 apr\u00e8s 45 minutes.<\/p>\n<\/p>\n<div id=\"attachment_303838\" class=\"wp-caption alignleft\" style=\"max-width: 300px\"><img decoding=\"async\" class=\"wp-image-303838 size-medium\" src=\"https:\/\/vieassociative.be\/actualites\/wp-content\/uploads\/2025\/11\/Les-supporters-de-lAS-nont-pas-eu-de-quoi-rire.jpeg\" alt=\"\" width=\"300\" height=\"300\"  ><\/div>\n<p>Les joueurs de l&rsquo;AS Eupen sont apparemment sortis du vestiaire avec d&rsquo;autres intentions, car peu apr\u00e8s la reprise, le gardien Peersman a d\u00fb parer un tir de Bitumazala.<\/p>\n<p>\u00c0 la 55e minute, l&rsquo;\u00e9galisation a \u00e9t\u00e9 r\u00e9alis\u00e9e 1-1 par Nuhu, qui, apr\u00e8s une passe de l&rsquo;avanc\u00e9 Van Genechten, a plac\u00e9 le ballon dans la lucarne imparable pour Peersman. \u00c9tait-ce le tournant ?<\/p>\n<p>A la 60\u00e8me minute, premier changement se produit chez AS : Prunier remplace Atteri.<\/p>\n<p>Tous ceux qui croyaient \u00e0 un retournement de situation \u00e9taient d\u00e9\u00e7us dix minutes seulement apr\u00e8s l&rsquo;\u00e9galisation de Nuhu, car \u00e0 la 65e minute, Jong Gent prenait \u00e0 nouveau l&rsquo;avantage gr\u00e2ce \u00e0 Seck, 2-1.<\/p>\n<p>Une minute plus tard, le m\u00eame Seck portait le score \u00e0 3-1. Heureusement pour Eupen, le Gantois s&#8217;empressa de passer le ballon au-dessus du but de Nurudeen.<\/p>\n<p>L&rsquo;entra\u00eeneur de l&rsquo;AS Pinheiro a fait venir Keita et Caliskan \u00e0 la place de Bitumazala et M\u00fcller.<\/p>\n<p>A la 88e minute, Eupen obtenait un penalty. Eupen aurait pu passer sous silence beaucoup de choses avec un match nul. Mais les Noirs et Blancs n&rsquo;y sont m\u00eame pas parvenus : Bar\u00e8s a \u00e9t\u00e9 contr\u00e9 par le gardien gantois Peersman, qui a \u00e9t\u00e9 c\u00e9l\u00e9br\u00e9 par ses co\u00e9quipiers apr\u00e8s le coup de sifflet final.<\/p>\n<p>Avec ce mauvais r\u00e9sultat, AS prend d\u00e9sormais une pause plus longue. Elle n&rsquo;aura pas de match le week-end prochain et il y aura ensuite une tr\u00eave internationale avant de se rendre chez les leaders Waasland-Beveren. Pendant ce temps, l&rsquo;entra\u00eeneur-chef Bruno Pinheiro fait \u00e9galement l&rsquo;objet de critiques croissantes. (cr\u00e9er)<\/p>\n","protected":false},"excerpt":{"rendered":"<p>L&rsquo;AS Eupen a perdu son match contre l&rsquo;AA Gent 1-2 samedi apr\u00e8s une nouvelle performance d\u00e9sastreuse. Peu avant la fin, les Noirs et Blancs se<\/p>\n","protected":false},"author":1,"featured_media":11047,"comment_status":"","ping_status":"","sticky":false,"template":"","format":"standard","meta":{"footnotes":""},"categories":[298],"tags":[2403,3875,740,7153,2521,2353,14,4345,126,2207,202,5623,2962,110],"class_list":["post-11046","post","type-post","status-publish","format-standard","has-post-thumbnail","hentry","category-belgique","tag-deupen","tag-equipe","tag-faible","tag-gand","tag-incroyablement","tag-las","tag-les","tag-nont","tag-pas","tag-perdu","tag-quoi","tag-rire","tag-supporters","tag-une","generate-columns","tablet-grid-50","mobile-grid-100","grid-parent","grid-33"],"yoast_head":"<!-- This site is optimized with the Yoast SEO plugin v24.0 - https:\/\/yoast.com\/wordpress\/plugins\/seo\/ -->\n<title>Les supporters de l&#039;AS n&#039;ont pas eu de quoi rire \u00e0 Gand - une \u00e9quipe d&#039;Eupen incroyablement faible a perdu 1:2 | Vie Associative<\/title>\n<meta name=\"robots\" content=\"index, follow, max-snippet:-1, max-image-preview:large, max-video-preview:-1\" \/>\n<link rel=\"canonical\" href=\"https:\/\/vieassociative.be\/actualites\/les-supporters-de-las-nont-pas-eu-de-quoi-rire-a-gand-une-equipe-deupen-incroyablement-faible-a-perdu-12\/\" \/>\n<meta property=\"og:locale\" content=\"fr_FR\" \/>\n<meta property=\"og:type\" content=\"article\" \/>\n<meta property=\"og:title\" content=\"Les supporters de l&#039;AS n&#039;ont pas eu de quoi rire \u00e0 Gand - une \u00e9quipe d&#039;Eupen incroyablement faible a perdu 1:2 | Vie Associative\" \/>\n<meta property=\"og:description\" content=\"L&rsquo;AS Eupen a perdu son match contre l&rsquo;AA Gent 1-2 samedi apr\u00e8s une nouvelle performance d\u00e9sastreuse. Peu avant la fin, les Noirs et Blancs se\" \/>\n<meta property=\"og:url\" content=\"https:\/\/vieassociative.be\/actualites\/les-supporters-de-las-nont-pas-eu-de-quoi-rire-a-gand-une-equipe-deupen-incroyablement-faible-a-perdu-12\/\" \/>\n<meta property=\"og:site_name\" content=\"Vie Associative\" \/>\n<meta property=\"article:published_time\" content=\"2025-11-02T02:17:15+00:00\" \/>\n<meta property=\"og:image\" content=\"https:\/\/vieassociative.be\/actualites\/wp-content\/uploads\/2024\/09\/header_backgroundk-01-e1726694325946.png\" \/>\n\t<meta property=\"og:image:width\" content=\"279\" \/>\n\t<meta property=\"og:image:height\" content=\"92\" \/>\n\t<meta property=\"og:image:type\" content=\"image\/png\" \/>\n<meta name=\"author\" content=\"Julien\" \/>\n<meta name=\"twitter:card\" content=\"summary_large_image\" \/>\n<meta name=\"twitter:label1\" content=\"\u00c9crit par\" \/>\n\t<meta name=\"twitter:data1\" content=\"Julien\" \/>\n\t<meta name=\"twitter:label2\" content=\"Dur\u00e9e de lecture est.\" \/>\n\t<meta name=\"twitter:data2\" content=\"3 minutes\" \/>\n<script type=\"application\/ld+json\" class=\"yoast-schema-graph\">{\"@context\":\"https:\/\/schema.org\",\"@graph\":[{\"@type\":\"Article\",\"@id\":\"https:\/\/vieassociative.be\/actualites\/les-supporters-de-las-nont-pas-eu-de-quoi-rire-a-gand-une-equipe-deupen-incroyablement-faible-a-perdu-12\/#article\",\"isPartOf\":{\"@id\":\"https:\/\/vieassociative.be\/actualites\/les-supporters-de-las-nont-pas-eu-de-quoi-rire-a-gand-une-equipe-deupen-incroyablement-faible-a-perdu-12\/\"},\"author\":{\"name\":\"Julien\",\"@id\":\"https:\/\/vieassociative.be\/actualites\/#\/schema\/person\/b87ac4f82f9d4e7b7cec7395b679edc4\"},\"headline\":\"Les supporters de l&rsquo;AS n&rsquo;ont pas eu de quoi rire \u00e0 Gand &#8211; une \u00e9quipe d&rsquo;Eupen incroyablement faible a perdu 1:2\",\"datePublished\":\"2025-11-02T02:17:15+00:00\",\"dateModified\":\"2025-11-02T02:17:15+00:00\",\"mainEntityOfPage\":{\"@id\":\"https:\/\/vieassociative.be\/actualites\/les-supporters-de-las-nont-pas-eu-de-quoi-rire-a-gand-une-equipe-deupen-incroyablement-faible-a-perdu-12\/\"},\"wordCount\":725,\"publisher\":{\"@id\":\"https:\/\/vieassociative.be\/actualites\/#organization\"},\"image\":{\"@id\":\"https:\/\/vieassociative.be\/actualites\/les-supporters-de-las-nont-pas-eu-de-quoi-rire-a-gand-une-equipe-deupen-incroyablement-faible-a-perdu-12\/#primaryimage\"},\"thumbnailUrl\":\"https:\/\/vieassociative.be\/actualites\/wp-content\/uploads\/2025\/11\/Les-supporters-de-lAS-nont-pas-eu-de-quoi-rire.jpg\",\"keywords\":[\"dEupen\",\"\u00e9quipe\",\"faible\",\"Gand\",\"incroyablement\",\"lAS\",\"Les\",\"nont\",\"pas\",\"perdu\",\"quoi\",\"rire\",\"supporters\",\"une\"],\"articleSection\":[\"Belgique\"],\"inLanguage\":\"fr-BE\"},{\"@type\":\"WebPage\",\"@id\":\"https:\/\/vieassociative.be\/actualites\/les-supporters-de-las-nont-pas-eu-de-quoi-rire-a-gand-une-equipe-deupen-incroyablement-faible-a-perdu-12\/\",\"url\":\"https:\/\/vieassociative.be\/actualites\/les-supporters-de-las-nont-pas-eu-de-quoi-rire-a-gand-une-equipe-deupen-incroyablement-faible-a-perdu-12\/\",\"name\":\"Les supporters de l'AS n'ont pas eu de quoi rire \u00e0 Gand - une \u00e9quipe d'Eupen incroyablement faible a perdu 1:2 | Vie Associative\",\"isPartOf\":{\"@id\":\"https:\/\/vieassociative.be\/actualites\/#website\"},\"primaryImageOfPage\":{\"@id\":\"https:\/\/vieassociative.be\/actualites\/les-supporters-de-las-nont-pas-eu-de-quoi-rire-a-gand-une-equipe-deupen-incroyablement-faible-a-perdu-12\/#primaryimage\"},\"image\":{\"@id\":\"https:\/\/vieassociative.be\/actualites\/les-supporters-de-las-nont-pas-eu-de-quoi-rire-a-gand-une-equipe-deupen-incroyablement-faible-a-perdu-12\/#primaryimage\"},\"thumbnailUrl\":\"https:\/\/vieassociative.be\/actualites\/wp-content\/uploads\/2025\/11\/Les-supporters-de-lAS-nont-pas-eu-de-quoi-rire.jpg\",\"datePublished\":\"2025-11-02T02:17:15+00:00\",\"dateModified\":\"2025-11-02T02:17:15+00:00\",\"breadcrumb\":{\"@id\":\"https:\/\/vieassociative.be\/actualites\/les-supporters-de-las-nont-pas-eu-de-quoi-rire-a-gand-une-equipe-deupen-incroyablement-faible-a-perdu-12\/#breadcrumb\"},\"inLanguage\":\"fr-BE\",\"potentialAction\":[{\"@type\":\"ReadAction\",\"target\":[\"https:\/\/vieassociative.be\/actualites\/les-supporters-de-las-nont-pas-eu-de-quoi-rire-a-gand-une-equipe-deupen-incroyablement-faible-a-perdu-12\/\"]}]},{\"@type\":\"ImageObject\",\"inLanguage\":\"fr-BE\",\"@id\":\"https:\/\/vieassociative.be\/actualites\/les-supporters-de-las-nont-pas-eu-de-quoi-rire-a-gand-une-equipe-deupen-incroyablement-faible-a-perdu-12\/#primaryimage\",\"url\":\"https:\/\/vieassociative.be\/actualites\/wp-content\/uploads\/2025\/11\/Les-supporters-de-lAS-nont-pas-eu-de-quoi-rire.jpg\",\"contentUrl\":\"https:\/\/vieassociative.be\/actualites\/wp-content\/uploads\/2025\/11\/Les-supporters-de-lAS-nont-pas-eu-de-quoi-rire.jpg\",\"width\":1200,\"height\":780,\"caption\":\"Les supporters de l'AS n'ont pas eu de quoi rire \u00e0 Gand - une \u00e9quipe d'Eupen incroyablement faible a perdu 1:2\"},{\"@type\":\"BreadcrumbList\",\"@id\":\"https:\/\/vieassociative.be\/actualites\/les-supporters-de-las-nont-pas-eu-de-quoi-rire-a-gand-une-equipe-deupen-incroyablement-faible-a-perdu-12\/#breadcrumb\",\"itemListElement\":[{\"@type\":\"ListItem\",\"position\":1,\"name\":\"Accueil\",\"item\":\"https:\/\/vieassociative.be\/actualites\/\"},{\"@type\":\"ListItem\",\"position\":2,\"name\":\"Les supporters de l&rsquo;AS n&rsquo;ont pas eu de quoi rire \u00e0 Gand &#8211; une \u00e9quipe d&rsquo;Eupen incroyablement faible a perdu 1:2\"}]},{\"@type\":\"WebSite\",\"@id\":\"https:\/\/vieassociative.be\/actualites\/#website\",\"url\":\"https:\/\/vieassociative.be\/actualites\/\",\"name\":\"Vie Associative\",\"description\":\"\",\"publisher\":{\"@id\":\"https:\/\/vieassociative.be\/actualites\/#organization\"},\"potentialAction\":[{\"@type\":\"SearchAction\",\"target\":{\"@type\":\"EntryPoint\",\"urlTemplate\":\"https:\/\/vieassociative.be\/actualites\/?s={search_term_string}\"},\"query-input\":{\"@type\":\"PropertyValueSpecification\",\"valueRequired\":true,\"valueName\":\"search_term_string\"}}],\"inLanguage\":\"fr-BE\"},{\"@type\":\"Organization\",\"@id\":\"https:\/\/vieassociative.be\/actualites\/#organization\",\"name\":\"Vie Associative\",\"url\":\"https:\/\/vieassociative.be\/actualites\/\",\"logo\":{\"@type\":\"ImageObject\",\"inLanguage\":\"fr-BE\",\"@id\":\"https:\/\/vieassociative.be\/actualites\/#\/schema\/logo\/image\/\",\"url\":\"https:\/\/vieassociative.be\/actualites\/wp-content\/uploads\/2024\/09\/cropped-vieassociative_favicon.ico.png\",\"contentUrl\":\"https:\/\/vieassociative.be\/actualites\/wp-content\/uploads\/2024\/09\/cropped-vieassociative_favicon.ico.png\",\"width\":512,\"height\":512,\"caption\":\"Vie Associative\"},\"image\":{\"@id\":\"https:\/\/vieassociative.be\/actualites\/#\/schema\/logo\/image\/\"}},{\"@type\":\"Person\",\"@id\":\"https:\/\/vieassociative.be\/actualites\/#\/schema\/person\/b87ac4f82f9d4e7b7cec7395b679edc4\",\"name\":\"Julien\",\"image\":{\"@type\":\"ImageObject\",\"inLanguage\":\"fr-BE\",\"@id\":\"https:\/\/vieassociative.be\/actualites\/#\/schema\/person\/image\/\",\"url\":\"https:\/\/vieassociative.be\/actualites\/wp-content\/uploads\/2024\/09\/vie-associative-1-150x150.jpg\",\"contentUrl\":\"https:\/\/vieassociative.be\/actualites\/wp-content\/uploads\/2024\/09\/vie-associative-1-150x150.jpg\",\"caption\":\"Julien\"},\"description\":\"Je suis Julien, r\u00e9dacteur pour Vie Associative. Passionn\u00e9 par le monde associatif depuis plus de 10 ans, j'ai \u00e0 c\u0153ur de partager des histoires inspirantes et de mettre en lumi\u00e8re les initiatives locales. Mon objectif est de sensibiliser et d'encourager l'engagement communautaire \u00e0 travers mes articles.\",\"sameAs\":[\"https:\/\/vieassociative.be\/\"]}]}<\/script>\n<!-- \/ Yoast SEO plugin. -->","yoast_head_json":{"title":"Les supporters de l'AS n'ont pas eu de quoi rire \u00e0 Gand - une \u00e9quipe d'Eupen incroyablement faible a perdu 1:2 | Vie Associative","robots":{"index":"index","follow":"follow","max-snippet":"max-snippet:-1","max-image-preview":"max-image-preview:large","max-video-preview":"max-video-preview:-1"},"canonical":"https:\/\/vieassociative.be\/actualites\/les-supporters-de-las-nont-pas-eu-de-quoi-rire-a-gand-une-equipe-deupen-incroyablement-faible-a-perdu-12\/","og_locale":"fr_FR","og_type":"article","og_title":"Les supporters de l'AS n'ont pas eu de quoi rire \u00e0 Gand - une \u00e9quipe d'Eupen incroyablement faible a perdu 1:2 | Vie Associative","og_description":"L&rsquo;AS Eupen a perdu son match contre l&rsquo;AA Gent 1-2 samedi apr\u00e8s une nouvelle performance d\u00e9sastreuse. Peu avant la fin, les Noirs et Blancs se","og_url":"https:\/\/vieassociative.be\/actualites\/les-supporters-de-las-nont-pas-eu-de-quoi-rire-a-gand-une-equipe-deupen-incroyablement-faible-a-perdu-12\/","og_site_name":"Vie Associative","article_published_time":"2025-11-02T02:17:15+00:00","og_image":[{"width":279,"height":92,"url":"https:\/\/vieassociative.be\/actualites\/wp-content\/uploads\/2024\/09\/header_backgroundk-01-e1726694325946.png","type":"image\/png"}],"author":"Julien","twitter_card":"summary_large_image","twitter_misc":{"\u00c9crit par":"Julien","Dur\u00e9e de lecture est.":"3 minutes"},"schema":{"@context":"https:\/\/schema.org","@graph":[{"@type":"Article","@id":"https:\/\/vieassociative.be\/actualites\/les-supporters-de-las-nont-pas-eu-de-quoi-rire-a-gand-une-equipe-deupen-incroyablement-faible-a-perdu-12\/#article","isPartOf":{"@id":"https:\/\/vieassociative.be\/actualites\/les-supporters-de-las-nont-pas-eu-de-quoi-rire-a-gand-une-equipe-deupen-incroyablement-faible-a-perdu-12\/"},"author":{"name":"Julien","@id":"https:\/\/vieassociative.be\/actualites\/#\/schema\/person\/b87ac4f82f9d4e7b7cec7395b679edc4"},"headline":"Les supporters de l&rsquo;AS n&rsquo;ont pas eu de quoi rire \u00e0 Gand &#8211; une \u00e9quipe d&rsquo;Eupen incroyablement faible a perdu 1:2","datePublished":"2025-11-02T02:17:15+00:00","dateModified":"2025-11-02T02:17:15+00:00","mainEntityOfPage":{"@id":"https:\/\/vieassociative.be\/actualites\/les-supporters-de-las-nont-pas-eu-de-quoi-rire-a-gand-une-equipe-deupen-incroyablement-faible-a-perdu-12\/"},"wordCount":725,"publisher":{"@id":"https:\/\/vieassociative.be\/actualites\/#organization"},"image":{"@id":"https:\/\/vieassociative.be\/actualites\/les-supporters-de-las-nont-pas-eu-de-quoi-rire-a-gand-une-equipe-deupen-incroyablement-faible-a-perdu-12\/#primaryimage"},"thumbnailUrl":"https:\/\/vieassociative.be\/actualites\/wp-content\/uploads\/2025\/11\/Les-supporters-de-lAS-nont-pas-eu-de-quoi-rire.jpg","keywords":["dEupen","\u00e9quipe","faible","Gand","incroyablement","lAS","Les","nont","pas","perdu","quoi","rire","supporters","une"],"articleSection":["Belgique"],"inLanguage":"fr-BE"},{"@type":"WebPage","@id":"https:\/\/vieassociative.be\/actualites\/les-supporters-de-las-nont-pas-eu-de-quoi-rire-a-gand-une-equipe-deupen-incroyablement-faible-a-perdu-12\/","url":"https:\/\/vieassociative.be\/actualites\/les-supporters-de-las-nont-pas-eu-de-quoi-rire-a-gand-une-equipe-deupen-incroyablement-faible-a-perdu-12\/","name":"Les supporters de l'AS n'ont pas eu de quoi rire \u00e0 Gand - une \u00e9quipe d'Eupen incroyablement faible a perdu 1:2 | Vie Associative","isPartOf":{"@id":"https:\/\/vieassociative.be\/actualites\/#website"},"primaryImageOfPage":{"@id":"https:\/\/vieassociative.be\/actualites\/les-supporters-de-las-nont-pas-eu-de-quoi-rire-a-gand-une-equipe-deupen-incroyablement-faible-a-perdu-12\/#primaryimage"},"image":{"@id":"https:\/\/vieassociative.be\/actualites\/les-supporters-de-las-nont-pas-eu-de-quoi-rire-a-gand-une-equipe-deupen-incroyablement-faible-a-perdu-12\/#primaryimage"},"thumbnailUrl":"https:\/\/vieassociative.be\/actualites\/wp-content\/uploads\/2025\/11\/Les-supporters-de-lAS-nont-pas-eu-de-quoi-rire.jpg","datePublished":"2025-11-02T02:17:15+00:00","dateModified":"2025-11-02T02:17:15+00:00","breadcrumb":{"@id":"https:\/\/vieassociative.be\/actualites\/les-supporters-de-las-nont-pas-eu-de-quoi-rire-a-gand-une-equipe-deupen-incroyablement-faible-a-perdu-12\/#breadcrumb"},"inLanguage":"fr-BE","potentialAction":[{"@type":"ReadAction","target":["https:\/\/vieassociative.be\/actualites\/les-supporters-de-las-nont-pas-eu-de-quoi-rire-a-gand-une-equipe-deupen-incroyablement-faible-a-perdu-12\/"]}]},{"@type":"ImageObject","inLanguage":"fr-BE","@id":"https:\/\/vieassociative.be\/actualites\/les-supporters-de-las-nont-pas-eu-de-quoi-rire-a-gand-une-equipe-deupen-incroyablement-faible-a-perdu-12\/#primaryimage","url":"https:\/\/vieassociative.be\/actualites\/wp-content\/uploads\/2025\/11\/Les-supporters-de-lAS-nont-pas-eu-de-quoi-rire.jpg","contentUrl":"https:\/\/vieassociative.be\/actualites\/wp-content\/uploads\/2025\/11\/Les-supporters-de-lAS-nont-pas-eu-de-quoi-rire.jpg","width":1200,"height":780,"caption":"Les supporters de l'AS n'ont pas eu de quoi rire \u00e0 Gand - une \u00e9quipe d'Eupen incroyablement faible a perdu 1:2"},{"@type":"BreadcrumbList","@id":"https:\/\/vieassociative.be\/actualites\/les-supporters-de-las-nont-pas-eu-de-quoi-rire-a-gand-une-equipe-deupen-incroyablement-faible-a-perdu-12\/#breadcrumb","itemListElement":[{"@type":"ListItem","position":1,"name":"Accueil","item":"https:\/\/vieassociative.be\/actualites\/"},{"@type":"ListItem","position":2,"name":"Les supporters de l&rsquo;AS n&rsquo;ont pas eu de quoi rire \u00e0 Gand &#8211; une \u00e9quipe d&rsquo;Eupen incroyablement faible a perdu 1:2"}]},{"@type":"WebSite","@id":"https:\/\/vieassociative.be\/actualites\/#website","url":"https:\/\/vieassociative.be\/actualites\/","name":"Vie Associative","description":"","publisher":{"@id":"https:\/\/vieassociative.be\/actualites\/#organization"},"potentialAction":[{"@type":"SearchAction","target":{"@type":"EntryPoint","urlTemplate":"https:\/\/vieassociative.be\/actualites\/?s={search_term_string}"},"query-input":{"@type":"PropertyValueSpecification","valueRequired":true,"valueName":"search_term_string"}}],"inLanguage":"fr-BE"},{"@type":"Organization","@id":"https:\/\/vieassociative.be\/actualites\/#organization","name":"Vie Associative","url":"https:\/\/vieassociative.be\/actualites\/","logo":{"@type":"ImageObject","inLanguage":"fr-BE","@id":"https:\/\/vieassociative.be\/actualites\/#\/schema\/logo\/image\/","url":"https:\/\/vieassociative.be\/actualites\/wp-content\/uploads\/2024\/09\/cropped-vieassociative_favicon.ico.png","contentUrl":"https:\/\/vieassociative.be\/actualites\/wp-content\/uploads\/2024\/09\/cropped-vieassociative_favicon.ico.png","width":512,"height":512,"caption":"Vie Associative"},"image":{"@id":"https:\/\/vieassociative.be\/actualites\/#\/schema\/logo\/image\/"}},{"@type":"Person","@id":"https:\/\/vieassociative.be\/actualites\/#\/schema\/person\/b87ac4f82f9d4e7b7cec7395b679edc4","name":"Julien","image":{"@type":"ImageObject","inLanguage":"fr-BE","@id":"https:\/\/vieassociative.be\/actualites\/#\/schema\/person\/image\/","url":"https:\/\/vieassociative.be\/actualites\/wp-content\/uploads\/2024\/09\/vie-associative-1-150x150.jpg","contentUrl":"https:\/\/vieassociative.be\/actualites\/wp-content\/uploads\/2024\/09\/vie-associative-1-150x150.jpg","caption":"Julien"},"description":"Je suis Julien, r\u00e9dacteur pour Vie Associative. Passionn\u00e9 par le monde associatif depuis plus de 10 ans, j'ai \u00e0 c\u0153ur de partager des histoires inspirantes et de mettre en lumi\u00e8re les initiatives locales. Mon objectif est de sensibiliser et d'encourager l'engagement communautaire \u00e0 travers mes articles.","sameAs":["https:\/\/vieassociative.be\/"]}]}},"_links":{"self":[{"href":"https:\/\/vieassociative.be\/actualites\/wp-json\/wp\/v2\/posts\/11046"}],"collection":[{"href":"https:\/\/vieassociative.be\/actualites\/wp-json\/wp\/v2\/posts"}],"about":[{"href":"https:\/\/vieassociative.be\/actualites\/wp-json\/wp\/v2\/types\/post"}],"author":[{"embeddable":true,"href":"https:\/\/vieassociative.be\/actualites\/wp-json\/wp\/v2\/users\/1"}],"replies":[{"embeddable":true,"href":"https:\/\/vieassociative.be\/actualites\/wp-json\/wp\/v2\/comments?post=11046"}],"version-history":[{"count":0,"href":"https:\/\/vieassociative.be\/actualites\/wp-json\/wp\/v2\/posts\/11046\/revisions"}],"wp:featuredmedia":[{"embeddable":true,"href":"https:\/\/vieassociative.be\/actualites\/wp-json\/wp\/v2\/media\/11047"}],"wp:attachment":[{"href":"https:\/\/vieassociative.be\/actualites\/wp-json\/wp\/v2\/media?parent=11046"}],"wp:term":[{"taxonomy":"category","embeddable":true,"href":"https:\/\/vieassociative.be\/actualites\/wp-json\/wp\/v2\/categories?post=11046"},{"taxonomy":"post_tag","embeddable":true,"href":"https:\/\/vieassociative.be\/actualites\/wp-json\/wp\/v2\/tags?post=11046"}],"curies":[{"name":"wp","href":"https:\/\/api.w.org\/{rel}","templated":true}]}}