{"id":11044,"date":"2025-11-02T02:17:30","date_gmt":"2025-11-02T01:17:30","guid":{"rendered":"https:\/\/vieassociative.be\/actualites\/disney-a-retire-ses-chaines-de-youtube-tv\/"},"modified":"2025-11-02T02:17:30","modified_gmt":"2025-11-02T01:17:30","slug":"disney-a-retire-ses-chaines-de-youtube-tv","status":"publish","type":"post","link":"https:\/\/vieassociative.be\/actualites\/disney-a-retire-ses-chaines-de-youtube-tv\/","title":{"rendered":"Disney a retir\u00e9 ses cha\u00eenes de YouTube TV"},"content":{"rendered":"<div class=\"mt-4 leading-6 md:mb-8\">Plus de 20 cha\u00eenes exploit\u00e9es par Disney viennent de retirer Thanos de YouTube TV.<\/div>\n<p><\/p>\n<p>Plus t\u00f4t cette semaine, YouTube et Disney ont tous deux averti les abonn\u00e9s de YouTube TV qu&rsquo;ils pourraient perdre l&rsquo;acc\u00e8s aux cha\u00eenes appartenant \u00e0 Disney, notamment ESPN et FX, \u00e0 partir du 31 octobre. Ce n&rsquo;est probablement pas le cadeau d&rsquo;Halloween que vous recherchiez, mais maintenant que la fin du mois est arriv\u00e9e, c&rsquo;est exactement ce qui s&rsquo;est pass\u00e9 : \u00e0 l&rsquo;heure actuelle, plus de 20 cha\u00eenes Disney sont devenues sombres sur YouTube TV.<\/p>\n<h2 id=\"why-did-disney-pull-its-channels-from-youtube-tv\">Pourquoi Disney a-t-il retir\u00e9 ses cha\u00eenes de YouTube TV\u00a0?<\/h2>\n<p>\u00c0 ne pas confondre avec YouTube Premium, YouTube TV est le service Live TV de Google, un peu comme le c\u00e2ble sans le d\u00e9codeur. En tant que tel, il doit payer des frais aux fournisseurs de contenu comme Disney pour proposer leurs cha\u00eenes, ce qui signifie parfois que des diff\u00e9rends surgissent sur le montant de ces frais. Bien qu&rsquo;aucune des deux soci\u00e9t\u00e9s n&rsquo;ait donn\u00e9 d&rsquo;informations sur des chiffres pr\u00e9cis, l&rsquo;essentiel semble \u00eatre que Disney veut augmenter ses frais et que Google ne veut pas payer.<\/p>\n<p>C&rsquo;est une corde raide difficile \u00e0 parcourir. Du c\u00f4t\u00e9 de Disney, la soci\u00e9t\u00e9 a d\u00e9clar\u00e9 \u00e0 Variety qu&rsquo;elle avait l&rsquo;impression de facturer des \u00ab tarifs \u00e9quitables \u00bb et a accus\u00e9 YouTube de potentiellement priver ses clients payants de cha\u00eenes qu&rsquo;ils devraient l\u00e9gitimement pouvoir regarder en ne jouant pas au ballon. Du c\u00f4t\u00e9 de YouTube, la soci\u00e9t\u00e9 a fait valoir que payer les nouveaux tarifs de Disney l&rsquo;obligerait \u00e0 \u00ab\u00a0augmenter les prix sur YouTube TV\u00a0\u00bb.<\/p>\n<p>Ajoutez \u00e0 cela que Disney poss\u00e8de son propre service de t\u00e9l\u00e9vision en direct, Hulu + Live TV, et qu&rsquo;il existe \u00e9galement un angle anticoncurrentiel potentiel en jeu, que Google \u00e9tait heureux de souligner, notant que l&rsquo;augmentation des frais propos\u00e9e \u00ab\u00a0nuite directement \u00e0 nos abonn\u00e9s tout en b\u00e9n\u00e9ficiant \u00e0 leurs propres produits de t\u00e9l\u00e9vision en direct (de Disney).\u00a0\u00bb<\/p>\n<div class=\"mx-auto mb-12 mt-5 w-full max-w-3xl rounded-md border-2 border-gray-100 p-3 shadow-md md:px-7 md:pb-7 md:pt-5\" id=\"related-video\">\n<div class=\"mb-3 flex items-center md:mb-5\">\n        <img decoding=\"async\" class=\"mr-4 mt-0 h-10 w-10 md:mr-5 md:h-12 md:w-12\" src=\"https:\/\/vieassociative.be\/actualites\/wp-content\/uploads\/2025\/09\/1757726237_608_Meta-pourrait-devoiler-une-montre-intelligente-pour-controler-ses-lunettes.jpg\" alt=\"Logo du pirate de la vie\"><\/p><\/div>\n<div class=\"aspect-video w-full overflow-hidden rounded-md\">\n<div id=\"video-container-01K9126Q13K90376362TY0GYYY\"><\/div>\n<\/p><\/div>\n<\/div>\n<h2 id=\"which-disney-channels-have-been-pulled-from-youtube-tv\">Quelles cha\u00eenes Disney ont \u00e9t\u00e9 retir\u00e9es de YouTube TV ?<\/h2>\n<p>Ce n&rsquo;est pas la premi\u00e8re fois que YouTube TV doit n\u00e9gocier des frais avec des fournisseurs de contenu, et il a \u00e9t\u00e9 en mesure d&rsquo;\u00e9viter de perdre l&rsquo;acc\u00e8s \u00e0 des cha\u00eenes comme Paramount, Fox Corp. et NBC Universal dans le pass\u00e9. Mais avec l\u2019\u00e9chec des n\u00e9gociations avec Disney, il s\u2019agit de l\u2019une des plus grandes pertes de contenu auxquelles les abonn\u00e9s de YouTube TV ont d\u00fb faire face depuis des ann\u00e9es. La liste compl\u00e8te des cha\u00eenes extraites du service comprend\u00a0:<\/p>\n<ul>\n<li>\n<p>abc<\/p>\n<\/li>\n<li>\n<p>ESPN<\/p>\n<\/li>\n<li>\n<p>ESPN2<\/p>\n<\/li>\n<li>\n<p>ESPNU<\/p>\n<\/li>\n<li>\n<p>ESPActualit\u00e9s<\/p>\n<\/li>\n<li>\n<p>Cha\u00eene Disney<\/p>\n<\/li>\n<li>\n<p>Disney Junior<\/p>\n<\/li>\n<li>\n<p>Disney XD<\/p>\n<\/li>\n<li>\n<p>Forme libre<\/p>\n<\/li>\n<li>\n<p>Effets<\/p>\n<\/li>\n<li>\n<p>FXX<\/p>\n<\/li>\n<li>\n<p>FXM<\/p>\n<\/li>\n<li>\n<p>R\u00e9seau SEC<\/p>\n<\/li>\n<li>\n<p>Nat G\u00e9o<\/p>\n<\/li>\n<li>\n<p>Nat G\u00e9o Sauvage<\/p>\n<\/li>\n<li>\n<p>ABC Nouvelles en direct<\/p>\n<\/li>\n<li>\n<p>R\u00e9seau ACC<\/p>\n<\/li>\n<li>\n<p>Localiste<\/p>\n<\/li>\n<\/ul>\n<p>De plus, si vous utilisez le forfait YouTube TV espagnol, vous avez \u00e9galement perdu l&rsquo;acc\u00e8s aux cha\u00eenes suivantes\u00a0:<\/p>\n<ul>\n<li>\n<p>ESPN expulse<\/p>\n<\/li>\n<li>\n<p>B\u00e9b\u00e9 TV espagnol<\/p>\n<\/li>\n<li>\n<p>Nat Geo Mundo<\/p>\n<\/li>\n<\/ul>\n<h2 id=\"when-will-disneys-channels-come-back-to-youtube-tv\">Quand les cha\u00eenes Disney reviendront-elles sur YouTube TV ?<\/h2>\n<p>S\u2019il y a un c\u00f4t\u00e9 positif, c\u2019est que la perte des cha\u00eenes Disney sur YouTube TV n\u2019est probablement pas permanente. Une panne similaire s\u2019est produite en 2021, pour des raisons similaires, et a dur\u00e9 moins d\u2019une semaine.<\/p>\n<p>Cela dit, aucun calendrier direct pour la restauration du contenu de Disney sur YouTube TV n&rsquo;est encore disponible. Dans une mise \u00e0 jour de son avertissement initial, YouTube a d\u00e9clar\u00e9 que Disney \u00ab\u00a0mettait d\u00e9sormais \u00e0 ex\u00e9cution sa menace\u00a0\u00bb et que \u00ab\u00a0nous continuons d&rsquo;exhorter Disney \u00e0 travailler avec nous de mani\u00e8re constructive pour parvenir \u00e0 un accord \u00e9quitable qui r\u00e9tablisse leurs r\u00e9seaux sur YouTube TV\u00a0\u00bb. Comme auparavant, la plate-forme a \u00e9galement promis aux abonn\u00e9s un cr\u00e9dit de 20 $ si le contenu Disney \u00ab reste hors de YouTube TV pendant une p\u00e9riode prolong\u00e9e \u00bb, bien que l&rsquo;on ne sache pas exactement quelle est la dur\u00e9e r\u00e9elle d&rsquo;une \u00ab p\u00e9riode prolong\u00e9e \u00bb. Notamment, 20 $ suffisent pour s&rsquo;abonner \u00e0 un mois du forfait Disney+, Hulu et ESPN avec publicit\u00e9s.<\/p>\n<p>Du c\u00f4t\u00e9 de Disney, une banni\u00e8re en haut du centre d&rsquo;aide Disney+ indique actuellement aux utilisateurs confus quant \u00e0 la perte d&rsquo;acc\u00e8s aux cha\u00eenes de l&rsquo;entreprise vers un site appel\u00e9 keepmynetworks.com, qui sugg\u00e8re d&rsquo;autres moyens d&rsquo;acc\u00e9der au contenu t\u00e9l\u00e9vis\u00e9 de Disney et exhorte les clients m\u00e9contents \u00e0 contacter directement YouTube, ainsi qu&rsquo;\u00e0 publier des articles sur la panne sur les r\u00e9seaux sociaux.<\/p>\n<h2 id=\"other-live-tv-services-that-offer-disney-channels\">Autres services de t\u00e9l\u00e9vision en direct proposant les cha\u00eenes Disney<\/h2>\n<p>Alors que YouTube TV a perdu l&rsquo;acc\u00e8s au contenu de Disney pour le moment, d&rsquo;autres services continuent de le proposer, notamment Hulu + Live TV de Disney. Cependant, m\u00eame si Hulu + Live TV est moins cher que YouTube TV pendant les trois premiers mois (64,99 $ contre 72,99 $), il est plus cher par la suite (89,99 $ contre 82,99 $).<\/p>\n<p>\u00c9tant donn\u00e9 que la panne de contenu est probablement temporaire, une solution potentielle \u00e0 court terme pourrait \u00eatre le plan Sling Orange, qui propose des laissez-passer journaliers pour 5 $ pi\u00e8ce et permet d&rsquo;acc\u00e9der \u00e0 ESPN, ESPN2, ESPN3, ESPN4K, Freeform et Disney Channel.<\/p>\n","protected":false},"excerpt":{"rendered":"<p>Plus de 20 cha\u00eenes exploit\u00e9es par Disney viennent de retirer Thanos de YouTube TV. Plus t\u00f4t cette semaine, YouTube et Disney ont tous deux averti<\/p>\n","protected":false},"author":1,"featured_media":11045,"comment_status":"","ping_status":"","sticky":false,"template":"","format":"standard","meta":{"footnotes":""},"categories":[36],"tags":[2906,1893,2955,1055,35],"class_list":["post-11044","post","type-post","status-publish","format-standard","has-post-thumbnail","hentry","category-divertissement","tag-chaines","tag-disney","tag-retire","tag-ses","tag-youtube","generate-columns","tablet-grid-50","mobile-grid-100","grid-parent","grid-33"],"yoast_head":"<!-- This site is optimized with the Yoast SEO plugin v24.0 - https:\/\/yoast.com\/wordpress\/plugins\/seo\/ -->\n<title>Disney a retir\u00e9 ses cha\u00eenes de YouTube TV | Vie Associative<\/title>\n<meta name=\"robots\" content=\"index, follow, max-snippet:-1, max-image-preview:large, max-video-preview:-1\" \/>\n<link rel=\"canonical\" href=\"https:\/\/vieassociative.be\/actualites\/disney-a-retire-ses-chaines-de-youtube-tv\/\" \/>\n<meta property=\"og:locale\" content=\"fr_FR\" \/>\n<meta property=\"og:type\" content=\"article\" \/>\n<meta property=\"og:title\" content=\"Disney a retir\u00e9 ses cha\u00eenes de YouTube TV | Vie Associative\" \/>\n<meta property=\"og:description\" content=\"Plus de 20 cha\u00eenes exploit\u00e9es par Disney viennent de retirer Thanos de YouTube TV. Plus t\u00f4t cette semaine, YouTube et Disney ont tous deux averti\" \/>\n<meta property=\"og:url\" content=\"https:\/\/vieassociative.be\/actualites\/disney-a-retire-ses-chaines-de-youtube-tv\/\" \/>\n<meta property=\"og:site_name\" content=\"Vie Associative\" \/>\n<meta property=\"article:published_time\" content=\"2025-11-02T01:17:30+00:00\" \/>\n<meta property=\"og:image\" content=\"https:\/\/vieassociative.be\/actualites\/wp-content\/uploads\/2025\/09\/1757726237_608_Meta-pourrait-devoiler-une-montre-intelligente-pour-controler-ses-lunettes.jpg\" \/>\n<meta name=\"author\" content=\"Julien\" \/>\n<meta name=\"twitter:card\" content=\"summary_large_image\" \/>\n<meta name=\"twitter:label1\" content=\"\u00c9crit par\" \/>\n\t<meta name=\"twitter:data1\" content=\"Julien\" \/>\n\t<meta name=\"twitter:label2\" content=\"Dur\u00e9e de lecture est.\" \/>\n\t<meta name=\"twitter:data2\" content=\"4 minutes\" \/>\n<script type=\"application\/ld+json\" class=\"yoast-schema-graph\">{\"@context\":\"https:\/\/schema.org\",\"@graph\":[{\"@type\":\"Article\",\"@id\":\"https:\/\/vieassociative.be\/actualites\/disney-a-retire-ses-chaines-de-youtube-tv\/#article\",\"isPartOf\":{\"@id\":\"https:\/\/vieassociative.be\/actualites\/disney-a-retire-ses-chaines-de-youtube-tv\/\"},\"author\":{\"name\":\"Julien\",\"@id\":\"https:\/\/vieassociative.be\/actualites\/#\/schema\/person\/b87ac4f82f9d4e7b7cec7395b679edc4\"},\"headline\":\"Disney a retir\u00e9 ses cha\u00eenes de YouTube TV\",\"datePublished\":\"2025-11-02T01:17:30+00:00\",\"dateModified\":\"2025-11-02T01:17:30+00:00\",\"mainEntityOfPage\":{\"@id\":\"https:\/\/vieassociative.be\/actualites\/disney-a-retire-ses-chaines-de-youtube-tv\/\"},\"wordCount\":900,\"publisher\":{\"@id\":\"https:\/\/vieassociative.be\/actualites\/#organization\"},\"image\":{\"@id\":\"https:\/\/vieassociative.be\/actualites\/disney-a-retire-ses-chaines-de-youtube-tv\/#primaryimage\"},\"thumbnailUrl\":\"https:\/\/vieassociative.be\/actualites\/wp-content\/uploads\/2025\/11\/Disney-a-retire-ses-chaines-de-YouTube-TV.png\",\"keywords\":[\"cha\u00eenes\",\"Disney\",\"retire\",\"ses\",\"YouTube\"],\"articleSection\":[\"Divertissement\"],\"inLanguage\":\"fr-BE\"},{\"@type\":\"WebPage\",\"@id\":\"https:\/\/vieassociative.be\/actualites\/disney-a-retire-ses-chaines-de-youtube-tv\/\",\"url\":\"https:\/\/vieassociative.be\/actualites\/disney-a-retire-ses-chaines-de-youtube-tv\/\",\"name\":\"Disney a retir\u00e9 ses cha\u00eenes de YouTube TV | Vie Associative\",\"isPartOf\":{\"@id\":\"https:\/\/vieassociative.be\/actualites\/#website\"},\"primaryImageOfPage\":{\"@id\":\"https:\/\/vieassociative.be\/actualites\/disney-a-retire-ses-chaines-de-youtube-tv\/#primaryimage\"},\"image\":{\"@id\":\"https:\/\/vieassociative.be\/actualites\/disney-a-retire-ses-chaines-de-youtube-tv\/#primaryimage\"},\"thumbnailUrl\":\"https:\/\/vieassociative.be\/actualites\/wp-content\/uploads\/2025\/11\/Disney-a-retire-ses-chaines-de-YouTube-TV.png\",\"datePublished\":\"2025-11-02T01:17:30+00:00\",\"dateModified\":\"2025-11-02T01:17:30+00:00\",\"breadcrumb\":{\"@id\":\"https:\/\/vieassociative.be\/actualites\/disney-a-retire-ses-chaines-de-youtube-tv\/#breadcrumb\"},\"inLanguage\":\"fr-BE\",\"potentialAction\":[{\"@type\":\"ReadAction\",\"target\":[\"https:\/\/vieassociative.be\/actualites\/disney-a-retire-ses-chaines-de-youtube-tv\/\"]}]},{\"@type\":\"ImageObject\",\"inLanguage\":\"fr-BE\",\"@id\":\"https:\/\/vieassociative.be\/actualites\/disney-a-retire-ses-chaines-de-youtube-tv\/#primaryimage\",\"url\":\"https:\/\/vieassociative.be\/actualites\/wp-content\/uploads\/2025\/11\/Disney-a-retire-ses-chaines-de-YouTube-TV.png\",\"contentUrl\":\"https:\/\/vieassociative.be\/actualites\/wp-content\/uploads\/2025\/11\/Disney-a-retire-ses-chaines-de-YouTube-TV.png\",\"width\":1200,\"height\":675,\"caption\":\"Disney a retir\u00e9 ses cha\u00eenes de YouTube TV\"},{\"@type\":\"BreadcrumbList\",\"@id\":\"https:\/\/vieassociative.be\/actualites\/disney-a-retire-ses-chaines-de-youtube-tv\/#breadcrumb\",\"itemListElement\":[{\"@type\":\"ListItem\",\"position\":1,\"name\":\"Accueil\",\"item\":\"https:\/\/vieassociative.be\/actualites\/\"},{\"@type\":\"ListItem\",\"position\":2,\"name\":\"Disney a retir\u00e9 ses cha\u00eenes de YouTube TV\"}]},{\"@type\":\"WebSite\",\"@id\":\"https:\/\/vieassociative.be\/actualites\/#website\",\"url\":\"https:\/\/vieassociative.be\/actualites\/\",\"name\":\"Vie Associative\",\"description\":\"\",\"publisher\":{\"@id\":\"https:\/\/vieassociative.be\/actualites\/#organization\"},\"potentialAction\":[{\"@type\":\"SearchAction\",\"target\":{\"@type\":\"EntryPoint\",\"urlTemplate\":\"https:\/\/vieassociative.be\/actualites\/?s={search_term_string}\"},\"query-input\":{\"@type\":\"PropertyValueSpecification\",\"valueRequired\":true,\"valueName\":\"search_term_string\"}}],\"inLanguage\":\"fr-BE\"},{\"@type\":\"Organization\",\"@id\":\"https:\/\/vieassociative.be\/actualites\/#organization\",\"name\":\"Vie Associative\",\"url\":\"https:\/\/vieassociative.be\/actualites\/\",\"logo\":{\"@type\":\"ImageObject\",\"inLanguage\":\"fr-BE\",\"@id\":\"https:\/\/vieassociative.be\/actualites\/#\/schema\/logo\/image\/\",\"url\":\"https:\/\/vieassociative.be\/actualites\/wp-content\/uploads\/2024\/09\/cropped-vieassociative_favicon.ico.png\",\"contentUrl\":\"https:\/\/vieassociative.be\/actualites\/wp-content\/uploads\/2024\/09\/cropped-vieassociative_favicon.ico.png\",\"width\":512,\"height\":512,\"caption\":\"Vie Associative\"},\"image\":{\"@id\":\"https:\/\/vieassociative.be\/actualites\/#\/schema\/logo\/image\/\"}},{\"@type\":\"Person\",\"@id\":\"https:\/\/vieassociative.be\/actualites\/#\/schema\/person\/b87ac4f82f9d4e7b7cec7395b679edc4\",\"name\":\"Julien\",\"image\":{\"@type\":\"ImageObject\",\"inLanguage\":\"fr-BE\",\"@id\":\"https:\/\/vieassociative.be\/actualites\/#\/schema\/person\/image\/\",\"url\":\"https:\/\/vieassociative.be\/actualites\/wp-content\/uploads\/2024\/09\/vie-associative-1-150x150.jpg\",\"contentUrl\":\"https:\/\/vieassociative.be\/actualites\/wp-content\/uploads\/2024\/09\/vie-associative-1-150x150.jpg\",\"caption\":\"Julien\"},\"description\":\"Je suis Julien, r\u00e9dacteur pour Vie Associative. Passionn\u00e9 par le monde associatif depuis plus de 10 ans, j'ai \u00e0 c\u0153ur de partager des histoires inspirantes et de mettre en lumi\u00e8re les initiatives locales. Mon objectif est de sensibiliser et d'encourager l'engagement communautaire \u00e0 travers mes articles.\",\"sameAs\":[\"https:\/\/vieassociative.be\/\"]}]}<\/script>\n<!-- \/ Yoast SEO plugin. -->","yoast_head_json":{"title":"Disney a retir\u00e9 ses cha\u00eenes de YouTube TV | Vie Associative","robots":{"index":"index","follow":"follow","max-snippet":"max-snippet:-1","max-image-preview":"max-image-preview:large","max-video-preview":"max-video-preview:-1"},"canonical":"https:\/\/vieassociative.be\/actualites\/disney-a-retire-ses-chaines-de-youtube-tv\/","og_locale":"fr_FR","og_type":"article","og_title":"Disney a retir\u00e9 ses cha\u00eenes de YouTube TV | Vie Associative","og_description":"Plus de 20 cha\u00eenes exploit\u00e9es par Disney viennent de retirer Thanos de YouTube TV. Plus t\u00f4t cette semaine, YouTube et Disney ont tous deux averti","og_url":"https:\/\/vieassociative.be\/actualites\/disney-a-retire-ses-chaines-de-youtube-tv\/","og_site_name":"Vie Associative","article_published_time":"2025-11-02T01:17:30+00:00","og_image":[{"url":"https:\/\/vieassociative.be\/actualites\/wp-content\/uploads\/2025\/09\/1757726237_608_Meta-pourrait-devoiler-une-montre-intelligente-pour-controler-ses-lunettes.jpg","type":"","width":"","height":""}],"author":"Julien","twitter_card":"summary_large_image","twitter_misc":{"\u00c9crit par":"Julien","Dur\u00e9e de lecture est.":"4 minutes"},"schema":{"@context":"https:\/\/schema.org","@graph":[{"@type":"Article","@id":"https:\/\/vieassociative.be\/actualites\/disney-a-retire-ses-chaines-de-youtube-tv\/#article","isPartOf":{"@id":"https:\/\/vieassociative.be\/actualites\/disney-a-retire-ses-chaines-de-youtube-tv\/"},"author":{"name":"Julien","@id":"https:\/\/vieassociative.be\/actualites\/#\/schema\/person\/b87ac4f82f9d4e7b7cec7395b679edc4"},"headline":"Disney a retir\u00e9 ses cha\u00eenes de YouTube TV","datePublished":"2025-11-02T01:17:30+00:00","dateModified":"2025-11-02T01:17:30+00:00","mainEntityOfPage":{"@id":"https:\/\/vieassociative.be\/actualites\/disney-a-retire-ses-chaines-de-youtube-tv\/"},"wordCount":900,"publisher":{"@id":"https:\/\/vieassociative.be\/actualites\/#organization"},"image":{"@id":"https:\/\/vieassociative.be\/actualites\/disney-a-retire-ses-chaines-de-youtube-tv\/#primaryimage"},"thumbnailUrl":"https:\/\/vieassociative.be\/actualites\/wp-content\/uploads\/2025\/11\/Disney-a-retire-ses-chaines-de-YouTube-TV.png","keywords":["cha\u00eenes","Disney","retire","ses","YouTube"],"articleSection":["Divertissement"],"inLanguage":"fr-BE"},{"@type":"WebPage","@id":"https:\/\/vieassociative.be\/actualites\/disney-a-retire-ses-chaines-de-youtube-tv\/","url":"https:\/\/vieassociative.be\/actualites\/disney-a-retire-ses-chaines-de-youtube-tv\/","name":"Disney a retir\u00e9 ses cha\u00eenes de YouTube TV | Vie Associative","isPartOf":{"@id":"https:\/\/vieassociative.be\/actualites\/#website"},"primaryImageOfPage":{"@id":"https:\/\/vieassociative.be\/actualites\/disney-a-retire-ses-chaines-de-youtube-tv\/#primaryimage"},"image":{"@id":"https:\/\/vieassociative.be\/actualites\/disney-a-retire-ses-chaines-de-youtube-tv\/#primaryimage"},"thumbnailUrl":"https:\/\/vieassociative.be\/actualites\/wp-content\/uploads\/2025\/11\/Disney-a-retire-ses-chaines-de-YouTube-TV.png","datePublished":"2025-11-02T01:17:30+00:00","dateModified":"2025-11-02T01:17:30+00:00","breadcrumb":{"@id":"https:\/\/vieassociative.be\/actualites\/disney-a-retire-ses-chaines-de-youtube-tv\/#breadcrumb"},"inLanguage":"fr-BE","potentialAction":[{"@type":"ReadAction","target":["https:\/\/vieassociative.be\/actualites\/disney-a-retire-ses-chaines-de-youtube-tv\/"]}]},{"@type":"ImageObject","inLanguage":"fr-BE","@id":"https:\/\/vieassociative.be\/actualites\/disney-a-retire-ses-chaines-de-youtube-tv\/#primaryimage","url":"https:\/\/vieassociative.be\/actualites\/wp-content\/uploads\/2025\/11\/Disney-a-retire-ses-chaines-de-YouTube-TV.png","contentUrl":"https:\/\/vieassociative.be\/actualites\/wp-content\/uploads\/2025\/11\/Disney-a-retire-ses-chaines-de-YouTube-TV.png","width":1200,"height":675,"caption":"Disney a retir\u00e9 ses cha\u00eenes de YouTube TV"},{"@type":"BreadcrumbList","@id":"https:\/\/vieassociative.be\/actualites\/disney-a-retire-ses-chaines-de-youtube-tv\/#breadcrumb","itemListElement":[{"@type":"ListItem","position":1,"name":"Accueil","item":"https:\/\/vieassociative.be\/actualites\/"},{"@type":"ListItem","position":2,"name":"Disney a retir\u00e9 ses cha\u00eenes de YouTube TV"}]},{"@type":"WebSite","@id":"https:\/\/vieassociative.be\/actualites\/#website","url":"https:\/\/vieassociative.be\/actualites\/","name":"Vie Associative","description":"","publisher":{"@id":"https:\/\/vieassociative.be\/actualites\/#organization"},"potentialAction":[{"@type":"SearchAction","target":{"@type":"EntryPoint","urlTemplate":"https:\/\/vieassociative.be\/actualites\/?s={search_term_string}"},"query-input":{"@type":"PropertyValueSpecification","valueRequired":true,"valueName":"search_term_string"}}],"inLanguage":"fr-BE"},{"@type":"Organization","@id":"https:\/\/vieassociative.be\/actualites\/#organization","name":"Vie Associative","url":"https:\/\/vieassociative.be\/actualites\/","logo":{"@type":"ImageObject","inLanguage":"fr-BE","@id":"https:\/\/vieassociative.be\/actualites\/#\/schema\/logo\/image\/","url":"https:\/\/vieassociative.be\/actualites\/wp-content\/uploads\/2024\/09\/cropped-vieassociative_favicon.ico.png","contentUrl":"https:\/\/vieassociative.be\/actualites\/wp-content\/uploads\/2024\/09\/cropped-vieassociative_favicon.ico.png","width":512,"height":512,"caption":"Vie Associative"},"image":{"@id":"https:\/\/vieassociative.be\/actualites\/#\/schema\/logo\/image\/"}},{"@type":"Person","@id":"https:\/\/vieassociative.be\/actualites\/#\/schema\/person\/b87ac4f82f9d4e7b7cec7395b679edc4","name":"Julien","image":{"@type":"ImageObject","inLanguage":"fr-BE","@id":"https:\/\/vieassociative.be\/actualites\/#\/schema\/person\/image\/","url":"https:\/\/vieassociative.be\/actualites\/wp-content\/uploads\/2024\/09\/vie-associative-1-150x150.jpg","contentUrl":"https:\/\/vieassociative.be\/actualites\/wp-content\/uploads\/2024\/09\/vie-associative-1-150x150.jpg","caption":"Julien"},"description":"Je suis Julien, r\u00e9dacteur pour Vie Associative. Passionn\u00e9 par le monde associatif depuis plus de 10 ans, j'ai \u00e0 c\u0153ur de partager des histoires inspirantes et de mettre en lumi\u00e8re les initiatives locales. Mon objectif est de sensibiliser et d'encourager l'engagement communautaire \u00e0 travers mes articles.","sameAs":["https:\/\/vieassociative.be\/"]}]}},"_links":{"self":[{"href":"https:\/\/vieassociative.be\/actualites\/wp-json\/wp\/v2\/posts\/11044"}],"collection":[{"href":"https:\/\/vieassociative.be\/actualites\/wp-json\/wp\/v2\/posts"}],"about":[{"href":"https:\/\/vieassociative.be\/actualites\/wp-json\/wp\/v2\/types\/post"}],"author":[{"embeddable":true,"href":"https:\/\/vieassociative.be\/actualites\/wp-json\/wp\/v2\/users\/1"}],"replies":[{"embeddable":true,"href":"https:\/\/vieassociative.be\/actualites\/wp-json\/wp\/v2\/comments?post=11044"}],"version-history":[{"count":0,"href":"https:\/\/vieassociative.be\/actualites\/wp-json\/wp\/v2\/posts\/11044\/revisions"}],"wp:featuredmedia":[{"embeddable":true,"href":"https:\/\/vieassociative.be\/actualites\/wp-json\/wp\/v2\/media\/11045"}],"wp:attachment":[{"href":"https:\/\/vieassociative.be\/actualites\/wp-json\/wp\/v2\/media?parent=11044"}],"wp:term":[{"taxonomy":"category","embeddable":true,"href":"https:\/\/vieassociative.be\/actualites\/wp-json\/wp\/v2\/categories?post=11044"},{"taxonomy":"post_tag","embeddable":true,"href":"https:\/\/vieassociative.be\/actualites\/wp-json\/wp\/v2\/tags?post=11044"}],"curies":[{"name":"wp","href":"https:\/\/api.w.org\/{rel}","templated":true}]}}