{"id":11042,"date":"2025-11-01T21:17:03","date_gmt":"2025-11-01T20:17:03","guid":{"rendered":"https:\/\/vieassociative.be\/actualites\/malgre-kane-a-temps-partiel-lequipe-de-rotation-du-bayern-domine-le-bayer\/"},"modified":"2025-11-01T21:17:03","modified_gmt":"2025-11-01T20:17:03","slug":"malgre-kane-a-temps-partiel-lequipe-de-rotation-du-bayern-domine-le-bayer","status":"publish","type":"post","link":"https:\/\/vieassociative.be\/actualites\/malgre-kane-a-temps-partiel-lequipe-de-rotation-du-bayern-domine-le-bayer\/","title":{"rendered":"Malgr\u00e9 Kane \u00e0 temps partiel : l&rsquo;\u00e9quipe de rotation du Bayern domine le Bayer"},"content":{"rendered":"<p><strong>Le FC Bayern montre clairement les limites de son ancien rival pour le titre Leverkusen lors du sommet du championnat &#8211; et sans ses meilleurs buteurs. Le prochain match est extr\u00eamement important pour Munich.<\/strong><\/p>\n<p><span id=\"more-428680\"><\/span>Apr\u00e8s la prochaine victoire dominante, m\u00eame sans les trois meilleurs buteurs autour de Harry Kane, longtemps \u00e9pargn\u00e9s, les stars du Bayern ont joyeusement saut\u00e9 bras dessus bras dessous devant leurs supporters. Sans Kane et les ailiers Michael Olise et Luis D\u00edaz ainsi que d&rsquo;autres onze titulaires qui \u00e9taient au repos pour le grand test de la Ligue des Champions contre le Paris Saint-Germain, leurs repr\u00e9sentants ont assum\u00e9 de mani\u00e8re convaincante les r\u00f4les principaux lors de la victoire 3-0 (3-0) contre le Bayer Leverkusen. Dans le match de haut niveau de Bundesliga, une seule \u00e9quipe \u00e9tait en t\u00eate.<\/p>\n<p>Alors que Munich a gagn\u00e9 pour la 15e fois lors du 15e match de comp\u00e9tition de la saison, la s\u00e9quence de Leverkusen \u00e0 l&rsquo;ext\u00e9rieur en championnat s&rsquo;est termin\u00e9e sans d\u00e9faite apr\u00e8s deux ans et demi et 37 matchs. Le Bayer a agi sans courage \u00e0 l\u2019Allianz Arena.<\/p>\n<div id=\"attachment_428687\" class=\"wp-caption alignleft\" style=\"max-width: 300px\"><img fetchpriority=\"high\" decoding=\"async\" class=\"wp-image-428687 size-medium\" src=\"https:\/\/vieassociative.be\/actualites\/wp-content\/uploads\/2025\/11\/Malgre-Kane-a-temps-partiel-lequipe-de-rotation-du.jpg\" alt=\"\" width=\"300\" height=\"200\"><\/div>\n<p>\u00ab\u00a0Leverkusen est une \u00e9quipe de haut niveau, ils ont tr\u00e8s bien r\u00e9cup\u00e9r\u00e9. C&rsquo;est pourquoi nous avons d\u00e9finitivement mis un point d&rsquo;exclamation\u00a0\u00bb, a d\u00e9clar\u00e9 le buteur Serge Gnabry sur la cha\u00eene de t\u00e9l\u00e9vision Sky et a ajout\u00e9, au sujet des changements importants dans le onze de d\u00e9part : \u00ab\u00a0Beau signe de l&rsquo;entra\u00eeneur qu&rsquo;il fait confiance \u00e0 tout le monde. Les gar\u00e7ons l&rsquo;ont r\u00e9compens\u00e9 par leur performance.\u00a0\u00bb<\/p>\n<p>L&rsquo;entra\u00eeneur Vincent Kompany envisageait d\u00e9j\u00e0 le match contre Paris : \u00ab\u00a0Nous m\u00e9ritons d&rsquo;aborder ce match avec enthousiasme. Il faut que ce soit du rock&rsquo;n&rsquo;roll. Ils ont confiance, nous avons confiance. Il n&rsquo;y a aucune raison d&rsquo;avoir des arri\u00e8re-pens\u00e9es sur les cons\u00e9quences si nous gagnons ou perdons. C&rsquo;est juste un grand match.\u00a0\u00bb<\/p>\n<p>Gnabry pour son 250e match de Bundesliga (25e minute), Nicolas Jackson, pr\u00eat\u00e9 par Chelsea, avec son premier but en championnat (31e) et l&rsquo;incertitude d\u00e9fensive de Leverkusen Loic Bad\u00e9 avec un but contre son camp (44e) ont mis les choses au clair \u00e0 la mi-temps dans ce qui avait r\u00e9cemment \u00e9t\u00e9 une confrontation si passionnante. (dpa)<\/p>\n","protected":false},"excerpt":{"rendered":"<p>Le FC Bayern montre clairement les limites de son ancien rival pour le titre Leverkusen lors du sommet du championnat &#8211; et sans ses meilleurs<\/p>\n","protected":false},"author":1,"featured_media":11043,"comment_status":"","ping_status":"","sticky":false,"template":"","format":"standard","meta":{"footnotes":""},"categories":[298],"tags":[2821,2298,9119,3418,537,4205,9117,9118,790],"class_list":["post-11042","post","type-post","status-publish","format-standard","has-post-thumbnail","hentry","category-belgique","tag-bayer","tag-bayern","tag-domine","tag-kane","tag-lequipe","tag-malgre","tag-partiel","tag-rotation","tag-temps","generate-columns","tablet-grid-50","mobile-grid-100","grid-parent","grid-33"],"yoast_head":"<!-- This site is optimized with the Yoast SEO plugin v24.0 - https:\/\/yoast.com\/wordpress\/plugins\/seo\/ -->\n<title>Malgr\u00e9 Kane \u00e0 temps partiel : l&#039;\u00e9quipe de rotation du Bayern domine le Bayer | Vie Associative<\/title>\n<meta name=\"robots\" content=\"index, follow, max-snippet:-1, max-image-preview:large, max-video-preview:-1\" \/>\n<link rel=\"canonical\" href=\"https:\/\/vieassociative.be\/actualites\/malgre-kane-a-temps-partiel-lequipe-de-rotation-du-bayern-domine-le-bayer\/\" \/>\n<meta property=\"og:locale\" content=\"fr_FR\" \/>\n<meta property=\"og:type\" content=\"article\" \/>\n<meta property=\"og:title\" content=\"Malgr\u00e9 Kane \u00e0 temps partiel : l&#039;\u00e9quipe de rotation du Bayern domine le Bayer | Vie Associative\" \/>\n<meta property=\"og:description\" content=\"Le FC Bayern montre clairement les limites de son ancien rival pour le titre Leverkusen lors du sommet du championnat &#8211; et sans ses meilleurs\" \/>\n<meta property=\"og:url\" content=\"https:\/\/vieassociative.be\/actualites\/malgre-kane-a-temps-partiel-lequipe-de-rotation-du-bayern-domine-le-bayer\/\" \/>\n<meta property=\"og:site_name\" content=\"Vie Associative\" \/>\n<meta property=\"article:published_time\" content=\"2025-11-01T20:17:03+00:00\" \/>\n<meta property=\"og:image\" content=\"https:\/\/vieassociative.be\/actualites\/wp-content\/uploads\/2024\/09\/header_backgroundk-01-e1726694325946.png\" \/>\n\t<meta property=\"og:image:width\" content=\"279\" \/>\n\t<meta property=\"og:image:height\" content=\"92\" \/>\n\t<meta property=\"og:image:type\" content=\"image\/png\" \/>\n<meta name=\"author\" content=\"Julien\" \/>\n<meta name=\"twitter:card\" content=\"summary_large_image\" \/>\n<meta name=\"twitter:label1\" content=\"\u00c9crit par\" \/>\n\t<meta name=\"twitter:data1\" content=\"Julien\" \/>\n\t<meta name=\"twitter:label2\" content=\"Dur\u00e9e de lecture est.\" \/>\n\t<meta name=\"twitter:data2\" content=\"2 minutes\" \/>\n<script type=\"application\/ld+json\" class=\"yoast-schema-graph\">{\"@context\":\"https:\/\/schema.org\",\"@graph\":[{\"@type\":\"Article\",\"@id\":\"https:\/\/vieassociative.be\/actualites\/malgre-kane-a-temps-partiel-lequipe-de-rotation-du-bayern-domine-le-bayer\/#article\",\"isPartOf\":{\"@id\":\"https:\/\/vieassociative.be\/actualites\/malgre-kane-a-temps-partiel-lequipe-de-rotation-du-bayern-domine-le-bayer\/\"},\"author\":{\"name\":\"Julien\",\"@id\":\"https:\/\/vieassociative.be\/actualites\/#\/schema\/person\/b87ac4f82f9d4e7b7cec7395b679edc4\"},\"headline\":\"Malgr\u00e9 Kane \u00e0 temps partiel : l&rsquo;\u00e9quipe de rotation du Bayern domine le Bayer\",\"datePublished\":\"2025-11-01T20:17:03+00:00\",\"dateModified\":\"2025-11-01T20:17:03+00:00\",\"mainEntityOfPage\":{\"@id\":\"https:\/\/vieassociative.be\/actualites\/malgre-kane-a-temps-partiel-lequipe-de-rotation-du-bayern-domine-le-bayer\/\"},\"wordCount\":408,\"publisher\":{\"@id\":\"https:\/\/vieassociative.be\/actualites\/#organization\"},\"image\":{\"@id\":\"https:\/\/vieassociative.be\/actualites\/malgre-kane-a-temps-partiel-lequipe-de-rotation-du-bayern-domine-le-bayer\/#primaryimage\"},\"thumbnailUrl\":\"https:\/\/vieassociative.be\/actualites\/wp-content\/uploads\/2025\/11\/1762028224_Malgre-Kane-a-temps-partiel-lequipe-de-rotation-du.jpg\",\"keywords\":[\"Bayer\",\"Bayern\",\"domine\",\"Kane\",\"l\u00e9quipe\",\"malgr\u00e9\",\"partiel\",\"rotation\",\"temps\"],\"articleSection\":[\"Belgique\"],\"inLanguage\":\"fr-BE\"},{\"@type\":\"WebPage\",\"@id\":\"https:\/\/vieassociative.be\/actualites\/malgre-kane-a-temps-partiel-lequipe-de-rotation-du-bayern-domine-le-bayer\/\",\"url\":\"https:\/\/vieassociative.be\/actualites\/malgre-kane-a-temps-partiel-lequipe-de-rotation-du-bayern-domine-le-bayer\/\",\"name\":\"Malgr\u00e9 Kane \u00e0 temps partiel : l'\u00e9quipe de rotation du Bayern domine le Bayer | Vie Associative\",\"isPartOf\":{\"@id\":\"https:\/\/vieassociative.be\/actualites\/#website\"},\"primaryImageOfPage\":{\"@id\":\"https:\/\/vieassociative.be\/actualites\/malgre-kane-a-temps-partiel-lequipe-de-rotation-du-bayern-domine-le-bayer\/#primaryimage\"},\"image\":{\"@id\":\"https:\/\/vieassociative.be\/actualites\/malgre-kane-a-temps-partiel-lequipe-de-rotation-du-bayern-domine-le-bayer\/#primaryimage\"},\"thumbnailUrl\":\"https:\/\/vieassociative.be\/actualites\/wp-content\/uploads\/2025\/11\/1762028224_Malgre-Kane-a-temps-partiel-lequipe-de-rotation-du.jpg\",\"datePublished\":\"2025-11-01T20:17:03+00:00\",\"dateModified\":\"2025-11-01T20:17:03+00:00\",\"breadcrumb\":{\"@id\":\"https:\/\/vieassociative.be\/actualites\/malgre-kane-a-temps-partiel-lequipe-de-rotation-du-bayern-domine-le-bayer\/#breadcrumb\"},\"inLanguage\":\"fr-BE\",\"potentialAction\":[{\"@type\":\"ReadAction\",\"target\":[\"https:\/\/vieassociative.be\/actualites\/malgre-kane-a-temps-partiel-lequipe-de-rotation-du-bayern-domine-le-bayer\/\"]}]},{\"@type\":\"ImageObject\",\"inLanguage\":\"fr-BE\",\"@id\":\"https:\/\/vieassociative.be\/actualites\/malgre-kane-a-temps-partiel-lequipe-de-rotation-du-bayern-domine-le-bayer\/#primaryimage\",\"url\":\"https:\/\/vieassociative.be\/actualites\/wp-content\/uploads\/2025\/11\/1762028224_Malgre-Kane-a-temps-partiel-lequipe-de-rotation-du.jpg\",\"contentUrl\":\"https:\/\/vieassociative.be\/actualites\/wp-content\/uploads\/2025\/11\/1762028224_Malgre-Kane-a-temps-partiel-lequipe-de-rotation-du.jpg\",\"width\":1200,\"height\":800,\"caption\":\"Malgr\u00e9 Kane \u00e0 temps partiel : l'\u00e9quipe de rotation du Bayern domine le Bayer\"},{\"@type\":\"BreadcrumbList\",\"@id\":\"https:\/\/vieassociative.be\/actualites\/malgre-kane-a-temps-partiel-lequipe-de-rotation-du-bayern-domine-le-bayer\/#breadcrumb\",\"itemListElement\":[{\"@type\":\"ListItem\",\"position\":1,\"name\":\"Accueil\",\"item\":\"https:\/\/vieassociative.be\/actualites\/\"},{\"@type\":\"ListItem\",\"position\":2,\"name\":\"Malgr\u00e9 Kane \u00e0 temps partiel : l&rsquo;\u00e9quipe de rotation du Bayern domine le Bayer\"}]},{\"@type\":\"WebSite\",\"@id\":\"https:\/\/vieassociative.be\/actualites\/#website\",\"url\":\"https:\/\/vieassociative.be\/actualites\/\",\"name\":\"Vie Associative\",\"description\":\"\",\"publisher\":{\"@id\":\"https:\/\/vieassociative.be\/actualites\/#organization\"},\"potentialAction\":[{\"@type\":\"SearchAction\",\"target\":{\"@type\":\"EntryPoint\",\"urlTemplate\":\"https:\/\/vieassociative.be\/actualites\/?s={search_term_string}\"},\"query-input\":{\"@type\":\"PropertyValueSpecification\",\"valueRequired\":true,\"valueName\":\"search_term_string\"}}],\"inLanguage\":\"fr-BE\"},{\"@type\":\"Organization\",\"@id\":\"https:\/\/vieassociative.be\/actualites\/#organization\",\"name\":\"Vie Associative\",\"url\":\"https:\/\/vieassociative.be\/actualites\/\",\"logo\":{\"@type\":\"ImageObject\",\"inLanguage\":\"fr-BE\",\"@id\":\"https:\/\/vieassociative.be\/actualites\/#\/schema\/logo\/image\/\",\"url\":\"https:\/\/vieassociative.be\/actualites\/wp-content\/uploads\/2024\/09\/cropped-vieassociative_favicon.ico.png\",\"contentUrl\":\"https:\/\/vieassociative.be\/actualites\/wp-content\/uploads\/2024\/09\/cropped-vieassociative_favicon.ico.png\",\"width\":512,\"height\":512,\"caption\":\"Vie Associative\"},\"image\":{\"@id\":\"https:\/\/vieassociative.be\/actualites\/#\/schema\/logo\/image\/\"}},{\"@type\":\"Person\",\"@id\":\"https:\/\/vieassociative.be\/actualites\/#\/schema\/person\/b87ac4f82f9d4e7b7cec7395b679edc4\",\"name\":\"Julien\",\"image\":{\"@type\":\"ImageObject\",\"inLanguage\":\"fr-BE\",\"@id\":\"https:\/\/vieassociative.be\/actualites\/#\/schema\/person\/image\/\",\"url\":\"https:\/\/vieassociative.be\/actualites\/wp-content\/uploads\/2024\/09\/vie-associative-1-150x150.jpg\",\"contentUrl\":\"https:\/\/vieassociative.be\/actualites\/wp-content\/uploads\/2024\/09\/vie-associative-1-150x150.jpg\",\"caption\":\"Julien\"},\"description\":\"Je suis Julien, r\u00e9dacteur pour Vie Associative. Passionn\u00e9 par le monde associatif depuis plus de 10 ans, j'ai \u00e0 c\u0153ur de partager des histoires inspirantes et de mettre en lumi\u00e8re les initiatives locales. Mon objectif est de sensibiliser et d'encourager l'engagement communautaire \u00e0 travers mes articles.\",\"sameAs\":[\"https:\/\/vieassociative.be\/\"]}]}<\/script>\n<!-- \/ Yoast SEO plugin. -->","yoast_head_json":{"title":"Malgr\u00e9 Kane \u00e0 temps partiel : l'\u00e9quipe de rotation du Bayern domine le Bayer | Vie Associative","robots":{"index":"index","follow":"follow","max-snippet":"max-snippet:-1","max-image-preview":"max-image-preview:large","max-video-preview":"max-video-preview:-1"},"canonical":"https:\/\/vieassociative.be\/actualites\/malgre-kane-a-temps-partiel-lequipe-de-rotation-du-bayern-domine-le-bayer\/","og_locale":"fr_FR","og_type":"article","og_title":"Malgr\u00e9 Kane \u00e0 temps partiel : l'\u00e9quipe de rotation du Bayern domine le Bayer | Vie Associative","og_description":"Le FC Bayern montre clairement les limites de son ancien rival pour le titre Leverkusen lors du sommet du championnat &#8211; et sans ses meilleurs","og_url":"https:\/\/vieassociative.be\/actualites\/malgre-kane-a-temps-partiel-lequipe-de-rotation-du-bayern-domine-le-bayer\/","og_site_name":"Vie Associative","article_published_time":"2025-11-01T20:17:03+00:00","og_image":[{"width":279,"height":92,"url":"https:\/\/vieassociative.be\/actualites\/wp-content\/uploads\/2024\/09\/header_backgroundk-01-e1726694325946.png","type":"image\/png"}],"author":"Julien","twitter_card":"summary_large_image","twitter_misc":{"\u00c9crit par":"Julien","Dur\u00e9e de lecture est.":"2 minutes"},"schema":{"@context":"https:\/\/schema.org","@graph":[{"@type":"Article","@id":"https:\/\/vieassociative.be\/actualites\/malgre-kane-a-temps-partiel-lequipe-de-rotation-du-bayern-domine-le-bayer\/#article","isPartOf":{"@id":"https:\/\/vieassociative.be\/actualites\/malgre-kane-a-temps-partiel-lequipe-de-rotation-du-bayern-domine-le-bayer\/"},"author":{"name":"Julien","@id":"https:\/\/vieassociative.be\/actualites\/#\/schema\/person\/b87ac4f82f9d4e7b7cec7395b679edc4"},"headline":"Malgr\u00e9 Kane \u00e0 temps partiel : l&rsquo;\u00e9quipe de rotation du Bayern domine le Bayer","datePublished":"2025-11-01T20:17:03+00:00","dateModified":"2025-11-01T20:17:03+00:00","mainEntityOfPage":{"@id":"https:\/\/vieassociative.be\/actualites\/malgre-kane-a-temps-partiel-lequipe-de-rotation-du-bayern-domine-le-bayer\/"},"wordCount":408,"publisher":{"@id":"https:\/\/vieassociative.be\/actualites\/#organization"},"image":{"@id":"https:\/\/vieassociative.be\/actualites\/malgre-kane-a-temps-partiel-lequipe-de-rotation-du-bayern-domine-le-bayer\/#primaryimage"},"thumbnailUrl":"https:\/\/vieassociative.be\/actualites\/wp-content\/uploads\/2025\/11\/1762028224_Malgre-Kane-a-temps-partiel-lequipe-de-rotation-du.jpg","keywords":["Bayer","Bayern","domine","Kane","l\u00e9quipe","malgr\u00e9","partiel","rotation","temps"],"articleSection":["Belgique"],"inLanguage":"fr-BE"},{"@type":"WebPage","@id":"https:\/\/vieassociative.be\/actualites\/malgre-kane-a-temps-partiel-lequipe-de-rotation-du-bayern-domine-le-bayer\/","url":"https:\/\/vieassociative.be\/actualites\/malgre-kane-a-temps-partiel-lequipe-de-rotation-du-bayern-domine-le-bayer\/","name":"Malgr\u00e9 Kane \u00e0 temps partiel : l'\u00e9quipe de rotation du Bayern domine le Bayer | Vie Associative","isPartOf":{"@id":"https:\/\/vieassociative.be\/actualites\/#website"},"primaryImageOfPage":{"@id":"https:\/\/vieassociative.be\/actualites\/malgre-kane-a-temps-partiel-lequipe-de-rotation-du-bayern-domine-le-bayer\/#primaryimage"},"image":{"@id":"https:\/\/vieassociative.be\/actualites\/malgre-kane-a-temps-partiel-lequipe-de-rotation-du-bayern-domine-le-bayer\/#primaryimage"},"thumbnailUrl":"https:\/\/vieassociative.be\/actualites\/wp-content\/uploads\/2025\/11\/1762028224_Malgre-Kane-a-temps-partiel-lequipe-de-rotation-du.jpg","datePublished":"2025-11-01T20:17:03+00:00","dateModified":"2025-11-01T20:17:03+00:00","breadcrumb":{"@id":"https:\/\/vieassociative.be\/actualites\/malgre-kane-a-temps-partiel-lequipe-de-rotation-du-bayern-domine-le-bayer\/#breadcrumb"},"inLanguage":"fr-BE","potentialAction":[{"@type":"ReadAction","target":["https:\/\/vieassociative.be\/actualites\/malgre-kane-a-temps-partiel-lequipe-de-rotation-du-bayern-domine-le-bayer\/"]}]},{"@type":"ImageObject","inLanguage":"fr-BE","@id":"https:\/\/vieassociative.be\/actualites\/malgre-kane-a-temps-partiel-lequipe-de-rotation-du-bayern-domine-le-bayer\/#primaryimage","url":"https:\/\/vieassociative.be\/actualites\/wp-content\/uploads\/2025\/11\/1762028224_Malgre-Kane-a-temps-partiel-lequipe-de-rotation-du.jpg","contentUrl":"https:\/\/vieassociative.be\/actualites\/wp-content\/uploads\/2025\/11\/1762028224_Malgre-Kane-a-temps-partiel-lequipe-de-rotation-du.jpg","width":1200,"height":800,"caption":"Malgr\u00e9 Kane \u00e0 temps partiel : l'\u00e9quipe de rotation du Bayern domine le Bayer"},{"@type":"BreadcrumbList","@id":"https:\/\/vieassociative.be\/actualites\/malgre-kane-a-temps-partiel-lequipe-de-rotation-du-bayern-domine-le-bayer\/#breadcrumb","itemListElement":[{"@type":"ListItem","position":1,"name":"Accueil","item":"https:\/\/vieassociative.be\/actualites\/"},{"@type":"ListItem","position":2,"name":"Malgr\u00e9 Kane \u00e0 temps partiel : l&rsquo;\u00e9quipe de rotation du Bayern domine le Bayer"}]},{"@type":"WebSite","@id":"https:\/\/vieassociative.be\/actualites\/#website","url":"https:\/\/vieassociative.be\/actualites\/","name":"Vie Associative","description":"","publisher":{"@id":"https:\/\/vieassociative.be\/actualites\/#organization"},"potentialAction":[{"@type":"SearchAction","target":{"@type":"EntryPoint","urlTemplate":"https:\/\/vieassociative.be\/actualites\/?s={search_term_string}"},"query-input":{"@type":"PropertyValueSpecification","valueRequired":true,"valueName":"search_term_string"}}],"inLanguage":"fr-BE"},{"@type":"Organization","@id":"https:\/\/vieassociative.be\/actualites\/#organization","name":"Vie Associative","url":"https:\/\/vieassociative.be\/actualites\/","logo":{"@type":"ImageObject","inLanguage":"fr-BE","@id":"https:\/\/vieassociative.be\/actualites\/#\/schema\/logo\/image\/","url":"https:\/\/vieassociative.be\/actualites\/wp-content\/uploads\/2024\/09\/cropped-vieassociative_favicon.ico.png","contentUrl":"https:\/\/vieassociative.be\/actualites\/wp-content\/uploads\/2024\/09\/cropped-vieassociative_favicon.ico.png","width":512,"height":512,"caption":"Vie Associative"},"image":{"@id":"https:\/\/vieassociative.be\/actualites\/#\/schema\/logo\/image\/"}},{"@type":"Person","@id":"https:\/\/vieassociative.be\/actualites\/#\/schema\/person\/b87ac4f82f9d4e7b7cec7395b679edc4","name":"Julien","image":{"@type":"ImageObject","inLanguage":"fr-BE","@id":"https:\/\/vieassociative.be\/actualites\/#\/schema\/person\/image\/","url":"https:\/\/vieassociative.be\/actualites\/wp-content\/uploads\/2024\/09\/vie-associative-1-150x150.jpg","contentUrl":"https:\/\/vieassociative.be\/actualites\/wp-content\/uploads\/2024\/09\/vie-associative-1-150x150.jpg","caption":"Julien"},"description":"Je suis Julien, r\u00e9dacteur pour Vie Associative. Passionn\u00e9 par le monde associatif depuis plus de 10 ans, j'ai \u00e0 c\u0153ur de partager des histoires inspirantes et de mettre en lumi\u00e8re les initiatives locales. Mon objectif est de sensibiliser et d'encourager l'engagement communautaire \u00e0 travers mes articles.","sameAs":["https:\/\/vieassociative.be\/"]}]}},"_links":{"self":[{"href":"https:\/\/vieassociative.be\/actualites\/wp-json\/wp\/v2\/posts\/11042"}],"collection":[{"href":"https:\/\/vieassociative.be\/actualites\/wp-json\/wp\/v2\/posts"}],"about":[{"href":"https:\/\/vieassociative.be\/actualites\/wp-json\/wp\/v2\/types\/post"}],"author":[{"embeddable":true,"href":"https:\/\/vieassociative.be\/actualites\/wp-json\/wp\/v2\/users\/1"}],"replies":[{"embeddable":true,"href":"https:\/\/vieassociative.be\/actualites\/wp-json\/wp\/v2\/comments?post=11042"}],"version-history":[{"count":0,"href":"https:\/\/vieassociative.be\/actualites\/wp-json\/wp\/v2\/posts\/11042\/revisions"}],"wp:featuredmedia":[{"embeddable":true,"href":"https:\/\/vieassociative.be\/actualites\/wp-json\/wp\/v2\/media\/11043"}],"wp:attachment":[{"href":"https:\/\/vieassociative.be\/actualites\/wp-json\/wp\/v2\/media?parent=11042"}],"wp:term":[{"taxonomy":"category","embeddable":true,"href":"https:\/\/vieassociative.be\/actualites\/wp-json\/wp\/v2\/categories?post=11042"},{"taxonomy":"post_tag","embeddable":true,"href":"https:\/\/vieassociative.be\/actualites\/wp-json\/wp\/v2\/tags?post=11042"}],"curies":[{"name":"wp","href":"https:\/\/api.w.org\/{rel}","templated":true}]}}