{"id":11040,"date":"2025-11-01T20:17:36","date_gmt":"2025-11-01T19:17:36","guid":{"rendered":"https:\/\/vieassociative.be\/actualites\/les-meilleures-lunettes-intelligentes-pour-chaque-type-de-personne\/"},"modified":"2025-11-01T20:17:36","modified_gmt":"2025-11-01T19:17:36","slug":"les-meilleures-lunettes-intelligentes-pour-chaque-type-de-personne","status":"publish","type":"post","link":"https:\/\/vieassociative.be\/actualites\/les-meilleures-lunettes-intelligentes-pour-chaque-type-de-personne\/","title":{"rendered":"Les meilleures lunettes intelligentes pour chaque type de personne"},"content":{"rendered":"<div class=\"mt-4 leading-6 md:mb-8\">Il est temps d&rsquo;abandonner vos lunettes de l&rsquo;\u00e2ge de pierre et de mettre quelque chose de cool sur votre visage.<\/div>\n<p><\/p>\n<p>Tout le monde parle d&rsquo;IA, mais les lunettes intelligentes sont en train de percer en 2025. Alors que Meta, Apple et Google se disputent la domination, et que le mat\u00e9riel est enfin suffisamment puissant pour \u00eatre pratique au lieu de simple gadget, les sp\u00e9cifications intelligentes passent d&rsquo;ordinateurs \u00e0 visage g\u00eanant pour les techniciens \u00e0 quelque chose de potentiellement utile pour tout le monde. <\/p>\n<p>Si vous envisagez de vous lancer, la gamme de styles, de fonctionnalit\u00e9s et de prix peut \u00eatre intimidante, c&rsquo;est pourquoi j&rsquo;ai \u00e9labor\u00e9 ce guide pour vous aider \u00e0 trouver votre paire parfaite.<\/p>\n<h2 id=\"what-smart-glasses-can-do\">Ce que les lunettes intelligentes peuvent faire <\/h2>\n<p>Le terme \u00ab lunettes intelligentes \u00bb est presque trop large pour \u00eatre utile. Il a \u00e9t\u00e9 appliqu\u00e9 \u00e0 tout, des lunettes de soleil compatibles avec l&rsquo;IA aux lunettes d&rsquo;affichage de r\u00e9alit\u00e9 augment\u00e9e, donc avant d&rsquo;acheter, cela vaut la peine de r\u00e9fl\u00e9chir \u00e0 ce que vous voulez que vos lunettes fassent. <\/p>\n<div class=\"mx-auto mb-12 mt-5 w-full max-w-3xl rounded-md border-2 border-gray-100 p-3 shadow-md md:px-7 md:pb-7 md:pt-5\" id=\"related-video\">\n<div class=\"mb-3 flex items-center md:mb-5\">\n        <img decoding=\"async\" class=\"mr-4 mt-0 h-10 w-10 md:mr-5 md:h-12 md:w-12\" src=\"https:\/\/vieassociative.be\/actualites\/wp-content\/uploads\/2025\/09\/1757726237_608_Meta-pourrait-devoiler-une-montre-intelligente-pour-controler-ses-lunettes.jpg\" alt=\"Logo du pirate de la vie\"><\/p><\/div>\n<div class=\"aspect-video w-full overflow-hidden rounded-md\">\n<div id=\"video-container-01K90C5MJ9HNJ1FDZATQ5N52WS\"><\/div>\n<\/p><\/div>\n<\/div>\n<p>En gros, les lunettes intelligentes existent dans les cat\u00e9gories suivantes, bien que la plupart soient \u00e0 cheval sur quelques classifications\u00a0:<\/p>\n<h3>Lunettes intelligentes audio-first<\/h3>\n<p>Ce sont essentiellement des \u00e9couteurs int\u00e9gr\u00e9s dans des lunettes. Elles ressemblent g\u00e9n\u00e9ralement \u00e0 des lunettes \u00ab normales \u00bb et sont con\u00e7ues pour \u00e9couter de la musique, prendre des appels et souvent pour vous permettre de parler \u00e0 un assistant IA. Ils n&rsquo;ont pas d&rsquo;\u00e9crans ni de superpositions AR. <\/p>\n<p><strong>\u00c0 qui s&rsquo;adressent-ils\u00a0:<\/strong> Toute personne souhaitant passer des appels t\u00e9l\u00e9phoniques en mains libres ou \u00e9couter des podcasts sans avoir \u00e0 se soucier des \u00e9couteurs. <strong>Exemple: <\/strong>Lunettes audio intelligentes Reebok<\/p>\n<h3>Lunettes intelligentes dot\u00e9es d&rsquo;un appareil photo<\/h3>\n<p>Les lunettes d&rsquo;appareil photo produisent des images fixes et vid\u00e9o de haute qualit\u00e9 \u00e0 partir de cam\u00e9ras presque invisibles. Ils sont comme une Go Pro plus l\u00e9g\u00e8re. <\/p>\n<p><strong>Pour qui ils sont<\/strong>: Toute personne souhaitant capturer la vie \u00e0 la vol\u00e9e et\/ou enregistrer un concert sans lever son t\u00e9l\u00e9phone. <strong>Exemple:<\/strong> Ray-Ban m\u00e9tas. <\/p>\n<h3>Lunettes intelligentes display-first<\/h3>\n<p>Les lunettes con\u00e7ues pour la vid\u00e9o ou la r\u00e9alit\u00e9 augment\u00e9e affichent des vid\u00e9os haute d\u00e9finition et\/ou des informations num\u00e9riques comme des itin\u00e9raires, des messages, des vid\u00e9os ou encore des animations 3D directement dans votre champ de vision.<\/p>\n<p><strong>\u00c0 qui s&rsquo;adressent-ils\u00a0:<\/strong> Fans de technologie de pointe et voyageurs fr\u00e9quents.  <strong>Exemple:<\/strong> XReal One Pro.<\/p>\n<h3>Lunettes intelligentes ax\u00e9es sur la vision<\/h3>\n<p>Le but des lunettes ax\u00e9es sur la vision n&rsquo;est pas de vous permettre d&rsquo;\u00e9couter des podcasts, mais d&rsquo;am\u00e9liorer votre vision. Il n&rsquo;existe pas de lunettes intelligentes ax\u00e9es sur la vision sur le march\u00e9 aux \u00c9tats-Unis, mais l&rsquo;avenir pourrait proposer des am\u00e9liorations de style cyborg pour vos yeux, du zoom automatique aux lunettes bifocales \u00e0 r\u00e9glage automatique.  <\/p>\n<p><strong>Pour qui ils sont<\/strong>: Les personnes qui ont besoin de lunettes pour mieux voir. <\/p>\n<p>Voil\u00e0 donc les bases. Voici mes choix pour les meilleures lunettes intelligentes dans chaque cat\u00e9gorie.<\/p>\n<h2 id=\"best-overall-smart-glasses-for-most-people-ray-ban-meta\">Meilleures lunettes intelligentes pour la plupart des gens : Ray-Ban Meta <\/h2>\n<div class=\"eloquent-imagery-image\">\n<div class=\"flex justify-center\">\n                    <img decoding=\"async\" class=\"border border-gray-100\" src=\"https:\/\/vieassociative.be\/actualites\/wp-content\/uploads\/2025\/11\/Les-meilleures-lunettes-intelligentes-pour-chaque-type-de-personne.webp.webp\" alt=\"Lunettes Ray-Ban M\u00e9ta\" width=\"2000\" height=\"1259\" loading=\"lazy\"  >\n            <\/div>\n<\/p><\/div>\n<p>J&rsquo;ai test\u00e9 une tonne de lunettes intelligentes diff\u00e9rentes pour Vie Associative, des lunettes AR de tr\u00e8s haute technologie comme la XReal One Pro aux nouveaut\u00e9s amusantes comme la Chamelo Music Shield, mais les lunettes intelligentes que je porte tous les jours sont des Ray-Ban Metas. Elles ont l&rsquo;air bien, elles sont confortables et elles font tout ce que je veux qu&rsquo;une paire de lunettes intelligentes fasse. Ils diffusent de la musique, prennent des photos et des vid\u00e9os, diffusent du contenu et permettent d&rsquo;acc\u00e9der \u00e0 un agent IA, le tout sans douleur. Je n&rsquo;ai pas encore eu l&rsquo;occasion d&rsquo;essayer les lunettes Meta Ray-Ban Display, mais mon choix pour la paire de lunettes intelligentes la plus utile en 2025 est les Ray-Ban Metas. Consultez mon avis complet pour plus de d\u00e9tails. <\/p>\n<div class=\"pogoClear mb-12 mt-10 rounded-md border-2 border-gray-100 py-7 shadow-xl md:py-6\">\n<div class=\"flex flex-wrap justify-between px-7 text-black no-underline md:flex-nowrap md:px-8\">\n<div class=\"order-1 mx-auto flex flex-col justify-center md:order-2 md:ml-4 md:w-full md:grow\">\n<div class=\"block cursor-pointer text-center font-akshar text-2xl font-medium leading-7 text-brand-green duration-200 ease-in-out hover:text-brand-green-700 md:text-left md:text-xl md:leading-6\">Ray-Ban Meta &#8211; Wayfarer Large lunettes avec compatibilit\u00e9 Meta AI, audio, photo, vid\u00e9o &#8211; Verres polaris\u00e9s en graphite d\u00e9grad\u00e9 (remis \u00e0 neuf) &#8211; Noir mat\n                <\/div>\n<div class=\"mt-4 hidden md:flex md:justify-between\">\n<div class=\"self-end\">\n<div class=\"mb-0 h-11 md:flex md:flex-col md:justify-center\">\n<div class=\" font-sans leading-4 text-black\">\n<div class=\"flex flex-wrap items-center justify-center gap-1 md:justify-start\">\n        <span class=\"font-bold\"><\/p>\n<p>            263,00\u00a0$<br \/>\n                            <span class=\"font-medium\">chez Best Buy<\/span><br \/>\n                    <\/span>\n            <\/div>\n<\/p><\/div>\n<\/p><\/div>\n<\/p><\/div>\n<div class=\"w-44 self-end\">\n                            <button class=\"flex justify-center items-center w-full bg-brand-green text-white text-base font-sans font-medium rounded-md hover:bg-brand-green-700 hover:cursor-pointer md:text-sm h-11\"><\/p>\n<p>    Obtenez une offre<br \/>\n<\/button>\n                        <\/div>\n<\/p><\/div>\n<\/p><\/div>\n<div class=\"order-2 mt-5 h-auto w-full md:order-1 md:mt-0 md:hidden\">\n<div class=\"flex aspect-video items-center justify-center\">\n                                            <img decoding=\"async\" class=\"m-0 max-h-full max-w-full rounded-md\" src=\"https:\/\/vieassociative.be\/actualites\/wp-content\/uploads\/2025\/05\/Voici-ce-que-jai-appris-apres-six-mois-de-port.jpg\" alt=\"Ray-Ban Meta - Wayfarer Large lunettes avec compatibilit\u00e9 Meta AI, audio, photo, vid\u00e9o - Verres polaris\u00e9s en graphite d\u00e9grad\u00e9 (remis \u00e0 neuf) - Noir mat\" width=\"auto\" height=\"auto\" loading=\"lazy\">\n                                    <\/div>\n<\/p><\/div>\n<div class=\"order-2 ml-2 hidden w-32 shrink-0 items-center md:order-1 md:ml-0 md:flex\">\n<div class=\"flex aspect-video items-center justify-center\">\n                                            <img decoding=\"async\" class=\"m-0 max-h-full max-w-full rounded-md\" src=\"https:\/\/vieassociative.be\/actualites\/wp-content\/uploads\/2025\/05\/Voici-ce-que-jai-appris-apres-six-mois-de-port.jpg\" alt=\"Ray-Ban Meta - Wayfarer Large lunettes avec compatibilit\u00e9 Meta AI, audio, photo, vid\u00e9o - Verres polaris\u00e9s en graphite d\u00e9grad\u00e9 (remis \u00e0 neuf) - Noir mat\" width=\"auto\" height=\"auto\" loading=\"lazy\">\n                                    <\/div>\n<\/p><\/div>\n<div class=\"order-3 flex grow flex-wrap md:hidden md:grow-0\">\n<div class=\"mt-4 w-full\">\n                        <button class=\"flex justify-center items-center w-full bg-brand-green text-white text-base font-sans font-medium rounded-md hover:bg-brand-green-700 hover:cursor-pointer md:text-sm h-11\"><\/p>\n<p>    Obtenez une offre<br \/>\n<\/button>\n                    <\/div>\n<div class=\"mx-2 mt-4 w-full\">\n<div class=\" font-sans leading-4 text-black\">\n<div class=\"flex flex-wrap items-center justify-center gap-1 md:justify-start\">\n        <span class=\"font-bold\"><\/p>\n<p>            263,00\u00a0$<br \/>\n                            <span class=\"font-medium\">chez Best Buy<\/span><br \/>\n                    <\/span>\n            <\/div>\n<\/p><\/div>\n<\/p><\/div>\n<\/p><\/div>\n<\/p><\/div>\n<\/div>\n<h2 id=\"best-display-smart-glasses-xreal-one-pro\">Meilleures lunettes intelligentes \u00e0 \u00e9cran\u00a0: Xreal One Pro<\/h2>\n<div class=\"eloquent-imagery-image\">\n<div class=\"flex justify-center\">\n                    <img decoding=\"async\" class=\"border border-gray-100\" src=\"https:\/\/vieassociative.be\/actualites\/wp-content\/uploads\/2025\/11\/1762024652_122_Les-meilleures-lunettes-intelligentes-pour-chaque-type-de-personne.webp.webp\" alt=\"Lunettes intelligentes XReal One Pro\" width=\"2000\" height=\"1125\" loading=\"lazy\"  >\n            <\/div>\n<\/p><\/div>\n<p>Les lunettes intelligentes One Pro de XReal vous permettent de regarder des films, de jouer \u00e0 des jeux et de r\u00e9pondre \u00e0 vos e-mails depuis vos lunettes. Il vous suffit de les brancher sur n&rsquo;importe quel appareil dot\u00e9 d&rsquo;une vid\u00e9o USB-C et vous \u00eates en affaires. L\u2019\u00e9cran est impressionnant \u2013 l\u2019\u00e9quivalent d\u2019un t\u00e9l\u00e9viseur grand \u00e9cran en 1080p \u2013 et comprend \u00e9galement une puce int\u00e9gr\u00e9e pour la r\u00e9alit\u00e9 augment\u00e9e rudimentaire. Par contre, ce ne sont pas des lunettes de tous les jours. Vous ne pouvez pas raisonnablement les porter en ville et ils doivent \u00eatre connect\u00e9s \u00e0 un autre appareil pour fonctionner. Mais si vous faites un long voyage en avion ou si vous souhaitez un \u00e9cran s\u00e9par\u00e9 pour votre ordinateur, les lunettes XReal sont une excellente option. Consultez mon avis complet pour plus de d\u00e9tails. <\/p>\n<div class=\"pogoClear mb-12 mt-10 rounded-md border-2 border-gray-100 py-7 shadow-xl md:py-6\">\n<div class=\"flex flex-wrap justify-between px-7 text-black no-underline md:flex-nowrap md:px-8\">\n<div class=\"order-1 mx-auto flex flex-col justify-center md:order-2 md:ml-4 md:w-full md:grow\">\n<div class=\"block cursor-pointer text-center font-akshar text-2xl font-medium leading-7 text-brand-green duration-200 ease-in-out hover:text-brand-green-700 md:text-left md:text-xl md:leading-6\">Ensemble de lunettes XREAL ONE PRO AR M (IPD 57-66 mm) et Beam Pro WiFi (6G+128G) \u2013 Prend en charge toutes les applications Google Play Store, am\u00e9liorez votre exp\u00e9rience spatiale\n                <\/div>\n<div class=\"mt-4 hidden md:flex md:justify-between\">\n<div class=\"self-end\">\n<div class=\"mb-0 h-11 md:flex md:flex-col md:justify-center\">\n<div class=\" font-sans leading-4 text-black\">\n<div class=\"flex flex-wrap items-center justify-center gap-1 md:justify-start\">\n        <span class=\"font-bold\"><\/p>\n<p>            798,00\u00a0$<br \/>\n                            <span class=\"font-medium\">chez Amazon<\/span><br \/>\n                    <\/span>\n            <\/div>\n<div class=\"flex items-center justify-center gap-x-1 font-bold md:justify-start\">\n            <span class=\"text-sm line-through\">968,00\u00a0$<\/span><br \/>\n            <span class=\"text-sm text-brand-green\">\u00c9conomisez 170,00\u00a0$<\/span>\n        <\/div>\n<\/p><\/div>\n<\/p><\/div>\n<\/p><\/div>\n<div class=\"w-44 self-end\">\n                            <button class=\"flex justify-center items-center w-full bg-brand-green text-white text-base font-sans font-medium rounded-md hover:bg-brand-green-700 hover:cursor-pointer md:text-sm h-11\"><\/p>\n<p>    Obtenez une offre<br \/>\n<\/button>\n                        <\/div>\n<\/p><\/div>\n<\/p><\/div>\n<div class=\"order-2 mt-5 h-auto w-full md:order-1 md:mt-0 md:hidden\">\n<div class=\"flex aspect-video items-center justify-center\">\n                                            <img decoding=\"async\" class=\"m-0 max-h-full max-w-full rounded-md\" src=\"https:\/\/vieassociative.be\/actualites\/wp-content\/uploads\/2025\/10\/Jai-classe-la-qualite-audio-de-huit-paires-de-lunettes.jpg\" alt=\"Ensemble de lunettes XREAL ONE PRO AR M (IPD 57-66 mm) et Beam Pro WiFi (6G+128G) \u2013 Prend en charge toutes les applications Google Play Store, am\u00e9liorez votre exp\u00e9rience spatiale\" width=\"auto\" height=\"auto\" loading=\"lazy\">\n                                    <\/div>\n<\/p><\/div>\n<div class=\"order-2 ml-2 hidden w-32 shrink-0 items-center md:order-1 md:ml-0 md:flex\">\n<div class=\"flex aspect-video items-center justify-center\">\n                                            <img decoding=\"async\" class=\"m-0 max-h-full max-w-full rounded-md\" src=\"https:\/\/vieassociative.be\/actualites\/wp-content\/uploads\/2025\/10\/Jai-classe-la-qualite-audio-de-huit-paires-de-lunettes.jpg\" alt=\"Ensemble de lunettes XREAL ONE PRO AR M (IPD 57-66 mm) et Beam Pro WiFi (6G+128G) \u2013 Prend en charge toutes les applications Google Play Store, am\u00e9liorez votre exp\u00e9rience spatiale\" width=\"auto\" height=\"auto\" loading=\"lazy\">\n                                    <\/div>\n<\/p><\/div>\n<div class=\"order-3 flex grow flex-wrap md:hidden md:grow-0\">\n<div class=\"mt-4 w-full\">\n                        <button class=\"flex justify-center items-center w-full bg-brand-green text-white text-base font-sans font-medium rounded-md hover:bg-brand-green-700 hover:cursor-pointer md:text-sm h-11\"><\/p>\n<p>    Obtenez une offre<br \/>\n<\/button>\n                    <\/div>\n<div class=\"mx-2 mt-4 w-full\">\n<div class=\" font-sans leading-4 text-black\">\n<div class=\"flex flex-wrap items-center justify-center gap-1 md:justify-start\">\n        <span class=\"font-bold\"><\/p>\n<p>            798,00\u00a0$<br \/>\n                            <span class=\"font-medium\">chez Amazon<\/span><br \/>\n                    <\/span>\n            <\/div>\n<div class=\"flex items-center justify-center gap-x-1 font-bold md:justify-start\">\n            <span class=\"text-sm line-through\">968,00\u00a0$<\/span><br \/>\n            <span class=\"text-sm text-brand-green\">\u00c9conomisez 170,00\u00a0$<\/span>\n        <\/div>\n<\/p><\/div>\n<\/p><\/div>\n<\/p><\/div>\n<\/p><\/div>\n<\/div>\n<h2 id=\"best-everyday-display-glasses-even-realities-g1-smart-glasses\">Meilleures lunettes d&rsquo;affichage de tous les jours : lunettes intelligentes Even Realities G1<\/h2>\n<div class=\"eloquent-imagery-image\">\n<div class=\"flex justify-center\">\n                    <img decoding=\"async\" class=\"border border-gray-100\" src=\"https:\/\/vieassociative.be\/actualites\/wp-content\/uploads\/2025\/11\/Les-meilleures-lunettes-intelligentes-pour-chaque-type-de-personne.png\" alt=\"Lunettes intelligentes Even Realities g1\" width=\"2000\" height=\"1125\" loading=\"lazy\"  >\n            <\/div>\n<\/p><\/div>\n<p>Vous ne pouvez pas regarder de vid\u00e9os ni jouer \u00e0 des jeux dessus, mais les lunettes intelligentes Even Realities G1 peuvent \u00eatre port\u00e9es tous les jours et offrent aux utilisateurs un HUD : un regard vers le haut s&rsquo;allume sur un \u00e9cran monochrome qui peut afficher une carte, un fil d&rsquo;actualit\u00e9 et d&rsquo;autres informations. Ils disposent d\u2019une IA int\u00e9gr\u00e9e \u00e0 laquelle vous pouvez acc\u00e9der instantan\u00e9ment sans que personne ne le sache, ce qui ouvre une gamme de possibilit\u00e9s, \u00e0 la fois \u00e9thiques et contraires \u00e0 l\u2019\u00e9thique. Contrairement aux autres lunettes de style AR, les G1 sont l\u00e9g\u00e8res et con\u00e7ues pour \u00eatre port\u00e9es au quotidien. Consultez mon avis complet pour plus de d\u00e9tails. <\/p>\n<h2 id=\"best-sports-smart-glasses-bleequp-rangers\">Meilleures lunettes intelligentes de sport : Bleequp Rangers<\/h2>\n<div class=\"eloquent-imagery-image\">\n<div class=\"flex justify-center\">\n                    <img decoding=\"async\" class=\"border border-gray-100\" src=\"https:\/\/vieassociative.be\/actualites\/wp-content\/uploads\/2025\/11\/1762024656_649_Les-meilleures-lunettes-intelligentes-pour-chaque-type-de-personne.webp.webp\" alt=\"Lunettes intelligentes BleeqUp Ranger\" width=\"2000\" height=\"1125\" loading=\"lazy\"  >\n            <\/div>\n<\/p><\/div>\n<p>Les Bleequp Rangers \u00e0 379 $ n&rsquo;ont pas d&rsquo;assistant vocal AI ni aucun type d&rsquo;\u00e9cran, mais si vous souhaitez documenter vos courses ou vos balades \u00e0 v\u00e9lo, ces lunettes de sport l\u00e9g\u00e8res prennent des images fixes de 16 MP et des vid\u00e9os haute d\u00e9finition, et disposent d&rsquo;un son \u00e0 oreille ouverte, d&rsquo;une navigation \u00e9tape par \u00e9tape et d&rsquo;un talkie-walkie. C&rsquo;est tout ce dont vous avez besoin pour un long trajet, et la batterie en option vous offre jusqu&rsquo;\u00e0 quatre heures d&rsquo;autonomie d&rsquo;enregistrement. Consultez mon avis complet pour plus de d\u00e9tails. <\/p>\n<h2 id=\"best-audio-onlyfashion-smart-glasses-chamelo-music-shield\">Meilleures lunettes intelligentes audio uniquement\/mode\u00a0: Chamelo Music Shield<\/h2>\n<div class=\"eloquent-imagery-image\">\n<div class=\"flex justify-center\">\n                    <img decoding=\"async\" class=\"border border-gray-100\" src=\"https:\/\/vieassociative.be\/actualites\/wp-content\/uploads\/2025\/11\/1762024656_326_Les-meilleures-lunettes-intelligentes-pour-chaque-type-de-personne.webp.webp\" alt=\"Bouclier musical Chamelo\" width=\"2000\" height=\"1125\" loading=\"lazy\"  >\n            <\/div>\n<\/p><\/div>\n<p>Je ne suis pas s\u00fbr que le Music Shield de Chamelo compte m\u00eame comme une paire de \u00ab lunettes intelligentes \u00bb, mais elles sont tellement cool que j&rsquo;ai d\u00fb les inclure. Ils n&rsquo;ont pas d&rsquo;IA, d&rsquo;appareil photo ou d&rsquo;\u00e9cran int\u00e9gr\u00e9 \u00e0 l&rsquo;objectif, mais ils jouent de la musique et les objectifs passent du clair au fonc\u00e9 d&rsquo;un simple glissement du doigt, vous pouvez donc choisir la meilleure teinte pour les conditions d&rsquo;\u00e9clairage ou la coordonner avec votre tenue, mais surtout, impressionner vos amis avec vos sp\u00e9cifications \u00e9l\u00e9gantes et novatrices. Consultez mon avis complet pour plus de d\u00e9tails. <\/p>\n<div class=\"pogoClear mb-12 mt-10 rounded-md border-2 border-gray-100 py-7 shadow-xl md:py-6\">\n<div class=\"flex flex-wrap justify-between px-7 text-black no-underline md:flex-nowrap md:px-8\">\n<div class=\"order-1 mx-auto flex flex-col justify-center md:order-2 md:ml-4 md:w-full md:grow\">\n<div class=\"block cursor-pointer text-center font-akshar text-2xl font-medium leading-7 text-brand-green duration-200 ease-in-out hover:text-brand-green-700 md:text-left md:text-xl md:leading-6\">Lunettes de soleil CHAMELO Music Shield Smart Audio \u2013 Monture noire mate, verres Fire | Lunettes Bluetooth \u00e0 oreille ouverte pour hommes et femmes avec contr\u00f4le \u00e9lectronique de la teinte, r\u00e9sistantes \u00e0 la transpiration, lunettes de sport, protection UV \u00e0 100 %\n                <\/div>\n<div class=\"mt-4 hidden md:flex md:justify-between\">\n<div class=\"self-end\">\n<div class=\"mb-0 h-11 md:flex md:flex-col md:justify-center\">\n<div class=\" font-sans leading-4 text-black\">\n<div class=\"flex flex-wrap items-center justify-center gap-1 md:justify-start\">\n        <span class=\"font-bold\"><\/p>\n<p>            259,99\u00a0$<br \/>\n                            <span class=\"font-medium\">chez Amazon<\/span><br \/>\n                    <\/span>\n            <\/div>\n<\/p><\/div>\n<\/p><\/div>\n<\/p><\/div>\n<div class=\"w-44 self-end\">\n                            <button class=\"flex justify-center items-center w-full bg-brand-green text-white text-base font-sans font-medium rounded-md hover:bg-brand-green-700 hover:cursor-pointer md:text-sm h-11\"><\/p>\n<p>    Obtenez une offre<br \/>\n<\/button>\n                        <\/div>\n<\/p><\/div>\n<\/p><\/div>\n<div class=\"order-2 mt-5 h-auto w-full md:order-1 md:mt-0 md:hidden\">\n<div class=\"flex aspect-video items-center justify-center\">\n                                            <img decoding=\"async\" class=\"m-0 max-h-full max-w-full rounded-md\" src=\"https:\/\/vieassociative.be\/actualites\/wp-content\/uploads\/2025\/11\/Les-meilleures-lunettes-intelligentes-pour-chaque-type-de-personne.jpg\" alt=\"Lunettes de soleil CHAMELO Music Shield Smart Audio \u2013 Monture noire mate, verres Fire | Lunettes Bluetooth \u00e0 oreille ouverte pour hommes et femmes avec contr\u00f4le \u00e9lectronique de la teinte, r\u00e9sistantes \u00e0 la transpiration, lunettes de sport, protection UV \u00e0 100 %\" width=\"auto\" height=\"auto\" loading=\"lazy\">\n                                    <\/div>\n<\/p><\/div>\n<div class=\"order-2 ml-2 hidden w-32 shrink-0 items-center md:order-1 md:ml-0 md:flex\">\n<div class=\"flex aspect-video items-center justify-center\">\n                                            <img decoding=\"async\" class=\"m-0 max-h-full max-w-full rounded-md\" src=\"https:\/\/vieassociative.be\/actualites\/wp-content\/uploads\/2025\/11\/Les-meilleures-lunettes-intelligentes-pour-chaque-type-de-personne.jpg\" alt=\"Lunettes de soleil CHAMELO Music Shield Smart Audio \u2013 Monture noire mate, verres Fire | Lunettes Bluetooth \u00e0 oreille ouverte pour hommes et femmes avec contr\u00f4le \u00e9lectronique de la teinte, r\u00e9sistantes \u00e0 la transpiration, lunettes de sport, protection UV \u00e0 100 %\" width=\"auto\" height=\"auto\" loading=\"lazy\">\n                                    <\/div>\n<\/p><\/div>\n<div class=\"order-3 flex grow flex-wrap md:hidden md:grow-0\">\n<div class=\"mt-4 w-full\">\n                        <button class=\"flex justify-center items-center w-full bg-brand-green text-white text-base font-sans font-medium rounded-md hover:bg-brand-green-700 hover:cursor-pointer md:text-sm h-11\"><\/p>\n<p>    Obtenez une offre<br \/>\n<\/button>\n                    <\/div>\n<div class=\"mx-2 mt-4 w-full\">\n<div class=\" font-sans leading-4 text-black\">\n<div class=\"flex flex-wrap items-center justify-center gap-1 md:justify-start\">\n        <span class=\"font-bold\"><\/p>\n<p>            259,99\u00a0$<br \/>\n                            <span class=\"font-medium\">chez Amazon<\/span><br \/>\n                    <\/span>\n            <\/div>\n<\/p><\/div>\n<\/p><\/div>\n<\/p><\/div>\n<\/p><\/div>\n<\/div>\n<h2 id=\"upcoming-smart-glasses-to-watch-for\">Lunettes intelligentes \u00e0 surveiller \u00e0 venir<\/h2>\n<p>Si vous attendez la prochaine g\u00e9n\u00e9ration de lunettes intelligentes avant de vous jeter dans la piscine, voici quelques-uns des mod\u00e8les intrigants actuellement en d\u00e9veloppement. <\/p>\n<h2 id=\"apple-smart-glasses\">Lunettes intelligentes Apple <\/h2>\n<p>Rien n&rsquo;a \u00e9t\u00e9 annonc\u00e9 officiellement, mais les rumeurs technologiques tournent autour du projet d&rsquo;Apple de lancer une gamme de lunettes intelligentes au lieu de d\u00e9velopper davantage son \u00e9quipement de r\u00e9alit\u00e9 virtuelle comme l&rsquo;Apple Vision Pro. Les premi\u00e8res lunettes intelligentes d&rsquo;Apple seraient cens\u00e9es sortir en 2026. Elles ressembleront aux lunettes intelligentes de Meta, mais en mieux \u2013 peut-\u00eatre mieux simplement parce qu&rsquo;elles portent l&rsquo;inscription \u00ab Apple \u00bb, ou peut-\u00eatre en fait. <em>mieux<\/em>. Nous ne le saurons pas avec certitude tant que quelque chose ne sera pas officiellement annonc\u00e9.<\/p>\n<h2 id=\"google-android-xr-glasses\">Lunettes Google Android XR<\/h2>\n<p>Google semble avoir mis le fiasco des Google Glass derri\u00e8re lui et pr\u00e9voit de lancer une paire de lunettes intelligentes fonctionnant sous Android avec un appareil photo, la prise en charge de Gemini AI et un micro-\u00e9cran transparent en option qui vous permettra de projeter des informations (messages, navigation et traduction en temps r\u00e9el) directement sur vos objectifs. Ils ont d\u00e9j\u00e0 sorti le syst\u00e8me d&rsquo;exploitation Android XR et les lunettes devraient \u00eatre disponibles courant 2026. <\/p>\n<h2 id=\"samsungs-project-haean\">Le projet HAEAN de Samsung<\/h2>\n<p>Les prochaines lunettes intelligentes de Samsung sont encore secr\u00e8tes, mais les rumeurs sont intrigantes. Contrairement au Galaxy VR de Samsung, HAEAN (s&rsquo;il est r\u00e9el) n&rsquo;est pas un gros casque VR. C&rsquo;est une paire de lunettes que vous pouvez porter en public sans vous sentir ridicule. Selon la rumeur, ils seraient aliment\u00e9s par la puce XR interne de Samsung et int\u00e9gr\u00e9s \u00e0 Galaxy AI, probablement avec l&rsquo;objectif final d&rsquo;un portable centr\u00e9 sur la voix et l&rsquo;IA et ax\u00e9 sur le confort. <\/p>\n<h2 id=\"ixi-autofocus-smart-glasses\">Lunettes intelligentes \u00e0 mise au point automatique IXI<\/h2>\n<p>Il est trop t\u00f4t pour dire si les affirmations de cette start-up finlandaise se transformeront en vapeur, mais IXI a r\u00e9cemment lev\u00e9 36,5 millions de dollars aupr\u00e8s d&rsquo;investisseurs pour d\u00e9velopper des lunettes intelligentes qui s&rsquo;ajustent de mani\u00e8re invisible et automatique pour corriger l&rsquo;hyperm\u00e9tropie, au lieu de prendre des photos ou de lire des podcasts ou autre. Des objectifs qui s&rsquo;ajustent automatiquement pour une mise au point optimale seraient un <em>grand<\/em> affaire, car la prochaine \u00e9tape, ce sont les lunettes qui <em>am\u00e9liorer<\/em> sur une vision 20\/20, peut-\u00eatre en autorisant des vues \u00e0 longue distance ou des yeux de microscope instantan\u00e9s. Pas de date de sortie pour ceux-ci non plus, mais \u00ab\u00a0loin loin\u00a0\u00bb semble logique. <\/p>\n","protected":false},"excerpt":{"rendered":"<p>Il est temps d&rsquo;abandonner vos lunettes de l&rsquo;\u00e2ge de pierre et de mettre quelque chose de cool sur votre visage. Tout le monde parle d&rsquo;IA,<\/p>\n","protected":false},"author":1,"featured_media":11041,"comment_status":"","ping_status":"","sticky":false,"template":"","format":"standard","meta":{"footnotes":""},"categories":[13],"tags":[90,2170,14,3912,79,1110,81,2154],"class_list":["post-11040","post","type-post","status-publish","format-standard","has-post-thumbnail","hentry","category-technologie","tag-chaque","tag-intelligentes","tag-les","tag-lunettes","tag-meilleures","tag-personne","tag-pour","tag-type","generate-columns","tablet-grid-50","mobile-grid-100","grid-parent","grid-33"],"yoast_head":"<!-- This site is optimized with the Yoast SEO plugin v24.0 - https:\/\/yoast.com\/wordpress\/plugins\/seo\/ -->\n<title>Les meilleures lunettes intelligentes pour chaque type de personne | Vie Associative<\/title>\n<meta name=\"robots\" content=\"index, follow, max-snippet:-1, max-image-preview:large, max-video-preview:-1\" \/>\n<link rel=\"canonical\" href=\"https:\/\/vieassociative.be\/actualites\/les-meilleures-lunettes-intelligentes-pour-chaque-type-de-personne\/\" \/>\n<meta property=\"og:locale\" content=\"fr_FR\" \/>\n<meta property=\"og:type\" content=\"article\" \/>\n<meta property=\"og:title\" content=\"Les meilleures lunettes intelligentes pour chaque type de personne | Vie Associative\" \/>\n<meta property=\"og:description\" content=\"Il est temps d&rsquo;abandonner vos lunettes de l&rsquo;\u00e2ge de pierre et de mettre quelque chose de cool sur votre visage. Tout le monde parle d&rsquo;IA,\" \/>\n<meta property=\"og:url\" content=\"https:\/\/vieassociative.be\/actualites\/les-meilleures-lunettes-intelligentes-pour-chaque-type-de-personne\/\" \/>\n<meta property=\"og:site_name\" content=\"Vie Associative\" \/>\n<meta property=\"article:published_time\" content=\"2025-11-01T19:17:36+00:00\" \/>\n<meta property=\"og:image\" content=\"https:\/\/vieassociative.be\/actualites\/wp-content\/uploads\/2025\/09\/1757726237_608_Meta-pourrait-devoiler-une-montre-intelligente-pour-controler-ses-lunettes.jpg\" \/>\n<meta name=\"author\" content=\"Julien\" \/>\n<meta name=\"twitter:card\" content=\"summary_large_image\" \/>\n<meta name=\"twitter:label1\" content=\"\u00c9crit par\" \/>\n\t<meta name=\"twitter:data1\" content=\"Julien\" \/>\n\t<meta name=\"twitter:label2\" content=\"Dur\u00e9e de lecture est.\" \/>\n\t<meta name=\"twitter:data2\" content=\"8 minutes\" \/>\n<script type=\"application\/ld+json\" class=\"yoast-schema-graph\">{\"@context\":\"https:\/\/schema.org\",\"@graph\":[{\"@type\":\"Article\",\"@id\":\"https:\/\/vieassociative.be\/actualites\/les-meilleures-lunettes-intelligentes-pour-chaque-type-de-personne\/#article\",\"isPartOf\":{\"@id\":\"https:\/\/vieassociative.be\/actualites\/les-meilleures-lunettes-intelligentes-pour-chaque-type-de-personne\/\"},\"author\":{\"name\":\"Julien\",\"@id\":\"https:\/\/vieassociative.be\/actualites\/#\/schema\/person\/b87ac4f82f9d4e7b7cec7395b679edc4\"},\"headline\":\"Les meilleures lunettes intelligentes pour chaque type de personne\",\"datePublished\":\"2025-11-01T19:17:36+00:00\",\"dateModified\":\"2025-11-01T19:17:36+00:00\",\"mainEntityOfPage\":{\"@id\":\"https:\/\/vieassociative.be\/actualites\/les-meilleures-lunettes-intelligentes-pour-chaque-type-de-personne\/\"},\"wordCount\":1762,\"publisher\":{\"@id\":\"https:\/\/vieassociative.be\/actualites\/#organization\"},\"image\":{\"@id\":\"https:\/\/vieassociative.be\/actualites\/les-meilleures-lunettes-intelligentes-pour-chaque-type-de-personne\/#primaryimage\"},\"thumbnailUrl\":\"https:\/\/vieassociative.be\/actualites\/wp-content\/uploads\/2025\/11\/1762024658_Les-meilleures-lunettes-intelligentes-pour-chaque-type-de-personne.webp.webp\",\"keywords\":[\"chaque\",\"intelligentes\",\"Les\",\"lunettes\",\"meilleures\",\"personne\",\"pour\",\"type\"],\"articleSection\":[\"Technologie\"],\"inLanguage\":\"fr-BE\"},{\"@type\":\"WebPage\",\"@id\":\"https:\/\/vieassociative.be\/actualites\/les-meilleures-lunettes-intelligentes-pour-chaque-type-de-personne\/\",\"url\":\"https:\/\/vieassociative.be\/actualites\/les-meilleures-lunettes-intelligentes-pour-chaque-type-de-personne\/\",\"name\":\"Les meilleures lunettes intelligentes pour chaque type de personne | Vie Associative\",\"isPartOf\":{\"@id\":\"https:\/\/vieassociative.be\/actualites\/#website\"},\"primaryImageOfPage\":{\"@id\":\"https:\/\/vieassociative.be\/actualites\/les-meilleures-lunettes-intelligentes-pour-chaque-type-de-personne\/#primaryimage\"},\"image\":{\"@id\":\"https:\/\/vieassociative.be\/actualites\/les-meilleures-lunettes-intelligentes-pour-chaque-type-de-personne\/#primaryimage\"},\"thumbnailUrl\":\"https:\/\/vieassociative.be\/actualites\/wp-content\/uploads\/2025\/11\/1762024658_Les-meilleures-lunettes-intelligentes-pour-chaque-type-de-personne.webp.webp\",\"datePublished\":\"2025-11-01T19:17:36+00:00\",\"dateModified\":\"2025-11-01T19:17:36+00:00\",\"breadcrumb\":{\"@id\":\"https:\/\/vieassociative.be\/actualites\/les-meilleures-lunettes-intelligentes-pour-chaque-type-de-personne\/#breadcrumb\"},\"inLanguage\":\"fr-BE\",\"potentialAction\":[{\"@type\":\"ReadAction\",\"target\":[\"https:\/\/vieassociative.be\/actualites\/les-meilleures-lunettes-intelligentes-pour-chaque-type-de-personne\/\"]}]},{\"@type\":\"ImageObject\",\"inLanguage\":\"fr-BE\",\"@id\":\"https:\/\/vieassociative.be\/actualites\/les-meilleures-lunettes-intelligentes-pour-chaque-type-de-personne\/#primaryimage\",\"url\":\"https:\/\/vieassociative.be\/actualites\/wp-content\/uploads\/2025\/11\/1762024658_Les-meilleures-lunettes-intelligentes-pour-chaque-type-de-personne.webp.webp\",\"contentUrl\":\"https:\/\/vieassociative.be\/actualites\/wp-content\/uploads\/2025\/11\/1762024658_Les-meilleures-lunettes-intelligentes-pour-chaque-type-de-personne.webp.webp\",\"width\":1200,\"height\":675,\"caption\":\"Les meilleures lunettes intelligentes pour chaque type de personne\"},{\"@type\":\"BreadcrumbList\",\"@id\":\"https:\/\/vieassociative.be\/actualites\/les-meilleures-lunettes-intelligentes-pour-chaque-type-de-personne\/#breadcrumb\",\"itemListElement\":[{\"@type\":\"ListItem\",\"position\":1,\"name\":\"Accueil\",\"item\":\"https:\/\/vieassociative.be\/actualites\/\"},{\"@type\":\"ListItem\",\"position\":2,\"name\":\"Les meilleures lunettes intelligentes pour chaque type de personne\"}]},{\"@type\":\"WebSite\",\"@id\":\"https:\/\/vieassociative.be\/actualites\/#website\",\"url\":\"https:\/\/vieassociative.be\/actualites\/\",\"name\":\"Vie Associative\",\"description\":\"\",\"publisher\":{\"@id\":\"https:\/\/vieassociative.be\/actualites\/#organization\"},\"potentialAction\":[{\"@type\":\"SearchAction\",\"target\":{\"@type\":\"EntryPoint\",\"urlTemplate\":\"https:\/\/vieassociative.be\/actualites\/?s={search_term_string}\"},\"query-input\":{\"@type\":\"PropertyValueSpecification\",\"valueRequired\":true,\"valueName\":\"search_term_string\"}}],\"inLanguage\":\"fr-BE\"},{\"@type\":\"Organization\",\"@id\":\"https:\/\/vieassociative.be\/actualites\/#organization\",\"name\":\"Vie Associative\",\"url\":\"https:\/\/vieassociative.be\/actualites\/\",\"logo\":{\"@type\":\"ImageObject\",\"inLanguage\":\"fr-BE\",\"@id\":\"https:\/\/vieassociative.be\/actualites\/#\/schema\/logo\/image\/\",\"url\":\"https:\/\/vieassociative.be\/actualites\/wp-content\/uploads\/2024\/09\/cropped-vieassociative_favicon.ico.png\",\"contentUrl\":\"https:\/\/vieassociative.be\/actualites\/wp-content\/uploads\/2024\/09\/cropped-vieassociative_favicon.ico.png\",\"width\":512,\"height\":512,\"caption\":\"Vie Associative\"},\"image\":{\"@id\":\"https:\/\/vieassociative.be\/actualites\/#\/schema\/logo\/image\/\"}},{\"@type\":\"Person\",\"@id\":\"https:\/\/vieassociative.be\/actualites\/#\/schema\/person\/b87ac4f82f9d4e7b7cec7395b679edc4\",\"name\":\"Julien\",\"image\":{\"@type\":\"ImageObject\",\"inLanguage\":\"fr-BE\",\"@id\":\"https:\/\/vieassociative.be\/actualites\/#\/schema\/person\/image\/\",\"url\":\"https:\/\/vieassociative.be\/actualites\/wp-content\/uploads\/2024\/09\/vie-associative-1-150x150.jpg\",\"contentUrl\":\"https:\/\/vieassociative.be\/actualites\/wp-content\/uploads\/2024\/09\/vie-associative-1-150x150.jpg\",\"caption\":\"Julien\"},\"description\":\"Je suis Julien, r\u00e9dacteur pour Vie Associative. Passionn\u00e9 par le monde associatif depuis plus de 10 ans, j'ai \u00e0 c\u0153ur de partager des histoires inspirantes et de mettre en lumi\u00e8re les initiatives locales. Mon objectif est de sensibiliser et d'encourager l'engagement communautaire \u00e0 travers mes articles.\",\"sameAs\":[\"https:\/\/vieassociative.be\/\"]}]}<\/script>\n<!-- \/ Yoast SEO plugin. -->","yoast_head_json":{"title":"Les meilleures lunettes intelligentes pour chaque type de personne | Vie Associative","robots":{"index":"index","follow":"follow","max-snippet":"max-snippet:-1","max-image-preview":"max-image-preview:large","max-video-preview":"max-video-preview:-1"},"canonical":"https:\/\/vieassociative.be\/actualites\/les-meilleures-lunettes-intelligentes-pour-chaque-type-de-personne\/","og_locale":"fr_FR","og_type":"article","og_title":"Les meilleures lunettes intelligentes pour chaque type de personne | Vie Associative","og_description":"Il est temps d&rsquo;abandonner vos lunettes de l&rsquo;\u00e2ge de pierre et de mettre quelque chose de cool sur votre visage. Tout le monde parle d&rsquo;IA,","og_url":"https:\/\/vieassociative.be\/actualites\/les-meilleures-lunettes-intelligentes-pour-chaque-type-de-personne\/","og_site_name":"Vie Associative","article_published_time":"2025-11-01T19:17:36+00:00","og_image":[{"url":"https:\/\/vieassociative.be\/actualites\/wp-content\/uploads\/2025\/09\/1757726237_608_Meta-pourrait-devoiler-une-montre-intelligente-pour-controler-ses-lunettes.jpg","type":"","width":"","height":""}],"author":"Julien","twitter_card":"summary_large_image","twitter_misc":{"\u00c9crit par":"Julien","Dur\u00e9e de lecture est.":"8 minutes"},"schema":{"@context":"https:\/\/schema.org","@graph":[{"@type":"Article","@id":"https:\/\/vieassociative.be\/actualites\/les-meilleures-lunettes-intelligentes-pour-chaque-type-de-personne\/#article","isPartOf":{"@id":"https:\/\/vieassociative.be\/actualites\/les-meilleures-lunettes-intelligentes-pour-chaque-type-de-personne\/"},"author":{"name":"Julien","@id":"https:\/\/vieassociative.be\/actualites\/#\/schema\/person\/b87ac4f82f9d4e7b7cec7395b679edc4"},"headline":"Les meilleures lunettes intelligentes pour chaque type de personne","datePublished":"2025-11-01T19:17:36+00:00","dateModified":"2025-11-01T19:17:36+00:00","mainEntityOfPage":{"@id":"https:\/\/vieassociative.be\/actualites\/les-meilleures-lunettes-intelligentes-pour-chaque-type-de-personne\/"},"wordCount":1762,"publisher":{"@id":"https:\/\/vieassociative.be\/actualites\/#organization"},"image":{"@id":"https:\/\/vieassociative.be\/actualites\/les-meilleures-lunettes-intelligentes-pour-chaque-type-de-personne\/#primaryimage"},"thumbnailUrl":"https:\/\/vieassociative.be\/actualites\/wp-content\/uploads\/2025\/11\/1762024658_Les-meilleures-lunettes-intelligentes-pour-chaque-type-de-personne.webp.webp","keywords":["chaque","intelligentes","Les","lunettes","meilleures","personne","pour","type"],"articleSection":["Technologie"],"inLanguage":"fr-BE"},{"@type":"WebPage","@id":"https:\/\/vieassociative.be\/actualites\/les-meilleures-lunettes-intelligentes-pour-chaque-type-de-personne\/","url":"https:\/\/vieassociative.be\/actualites\/les-meilleures-lunettes-intelligentes-pour-chaque-type-de-personne\/","name":"Les meilleures lunettes intelligentes pour chaque type de personne | Vie Associative","isPartOf":{"@id":"https:\/\/vieassociative.be\/actualites\/#website"},"primaryImageOfPage":{"@id":"https:\/\/vieassociative.be\/actualites\/les-meilleures-lunettes-intelligentes-pour-chaque-type-de-personne\/#primaryimage"},"image":{"@id":"https:\/\/vieassociative.be\/actualites\/les-meilleures-lunettes-intelligentes-pour-chaque-type-de-personne\/#primaryimage"},"thumbnailUrl":"https:\/\/vieassociative.be\/actualites\/wp-content\/uploads\/2025\/11\/1762024658_Les-meilleures-lunettes-intelligentes-pour-chaque-type-de-personne.webp.webp","datePublished":"2025-11-01T19:17:36+00:00","dateModified":"2025-11-01T19:17:36+00:00","breadcrumb":{"@id":"https:\/\/vieassociative.be\/actualites\/les-meilleures-lunettes-intelligentes-pour-chaque-type-de-personne\/#breadcrumb"},"inLanguage":"fr-BE","potentialAction":[{"@type":"ReadAction","target":["https:\/\/vieassociative.be\/actualites\/les-meilleures-lunettes-intelligentes-pour-chaque-type-de-personne\/"]}]},{"@type":"ImageObject","inLanguage":"fr-BE","@id":"https:\/\/vieassociative.be\/actualites\/les-meilleures-lunettes-intelligentes-pour-chaque-type-de-personne\/#primaryimage","url":"https:\/\/vieassociative.be\/actualites\/wp-content\/uploads\/2025\/11\/1762024658_Les-meilleures-lunettes-intelligentes-pour-chaque-type-de-personne.webp.webp","contentUrl":"https:\/\/vieassociative.be\/actualites\/wp-content\/uploads\/2025\/11\/1762024658_Les-meilleures-lunettes-intelligentes-pour-chaque-type-de-personne.webp.webp","width":1200,"height":675,"caption":"Les meilleures lunettes intelligentes pour chaque type de personne"},{"@type":"BreadcrumbList","@id":"https:\/\/vieassociative.be\/actualites\/les-meilleures-lunettes-intelligentes-pour-chaque-type-de-personne\/#breadcrumb","itemListElement":[{"@type":"ListItem","position":1,"name":"Accueil","item":"https:\/\/vieassociative.be\/actualites\/"},{"@type":"ListItem","position":2,"name":"Les meilleures lunettes intelligentes pour chaque type de personne"}]},{"@type":"WebSite","@id":"https:\/\/vieassociative.be\/actualites\/#website","url":"https:\/\/vieassociative.be\/actualites\/","name":"Vie Associative","description":"","publisher":{"@id":"https:\/\/vieassociative.be\/actualites\/#organization"},"potentialAction":[{"@type":"SearchAction","target":{"@type":"EntryPoint","urlTemplate":"https:\/\/vieassociative.be\/actualites\/?s={search_term_string}"},"query-input":{"@type":"PropertyValueSpecification","valueRequired":true,"valueName":"search_term_string"}}],"inLanguage":"fr-BE"},{"@type":"Organization","@id":"https:\/\/vieassociative.be\/actualites\/#organization","name":"Vie Associative","url":"https:\/\/vieassociative.be\/actualites\/","logo":{"@type":"ImageObject","inLanguage":"fr-BE","@id":"https:\/\/vieassociative.be\/actualites\/#\/schema\/logo\/image\/","url":"https:\/\/vieassociative.be\/actualites\/wp-content\/uploads\/2024\/09\/cropped-vieassociative_favicon.ico.png","contentUrl":"https:\/\/vieassociative.be\/actualites\/wp-content\/uploads\/2024\/09\/cropped-vieassociative_favicon.ico.png","width":512,"height":512,"caption":"Vie Associative"},"image":{"@id":"https:\/\/vieassociative.be\/actualites\/#\/schema\/logo\/image\/"}},{"@type":"Person","@id":"https:\/\/vieassociative.be\/actualites\/#\/schema\/person\/b87ac4f82f9d4e7b7cec7395b679edc4","name":"Julien","image":{"@type":"ImageObject","inLanguage":"fr-BE","@id":"https:\/\/vieassociative.be\/actualites\/#\/schema\/person\/image\/","url":"https:\/\/vieassociative.be\/actualites\/wp-content\/uploads\/2024\/09\/vie-associative-1-150x150.jpg","contentUrl":"https:\/\/vieassociative.be\/actualites\/wp-content\/uploads\/2024\/09\/vie-associative-1-150x150.jpg","caption":"Julien"},"description":"Je suis Julien, r\u00e9dacteur pour Vie Associative. Passionn\u00e9 par le monde associatif depuis plus de 10 ans, j'ai \u00e0 c\u0153ur de partager des histoires inspirantes et de mettre en lumi\u00e8re les initiatives locales. Mon objectif est de sensibiliser et d'encourager l'engagement communautaire \u00e0 travers mes articles.","sameAs":["https:\/\/vieassociative.be\/"]}]}},"_links":{"self":[{"href":"https:\/\/vieassociative.be\/actualites\/wp-json\/wp\/v2\/posts\/11040"}],"collection":[{"href":"https:\/\/vieassociative.be\/actualites\/wp-json\/wp\/v2\/posts"}],"about":[{"href":"https:\/\/vieassociative.be\/actualites\/wp-json\/wp\/v2\/types\/post"}],"author":[{"embeddable":true,"href":"https:\/\/vieassociative.be\/actualites\/wp-json\/wp\/v2\/users\/1"}],"replies":[{"embeddable":true,"href":"https:\/\/vieassociative.be\/actualites\/wp-json\/wp\/v2\/comments?post=11040"}],"version-history":[{"count":0,"href":"https:\/\/vieassociative.be\/actualites\/wp-json\/wp\/v2\/posts\/11040\/revisions"}],"wp:featuredmedia":[{"embeddable":true,"href":"https:\/\/vieassociative.be\/actualites\/wp-json\/wp\/v2\/media\/11041"}],"wp:attachment":[{"href":"https:\/\/vieassociative.be\/actualites\/wp-json\/wp\/v2\/media?parent=11040"}],"wp:term":[{"taxonomy":"category","embeddable":true,"href":"https:\/\/vieassociative.be\/actualites\/wp-json\/wp\/v2\/categories?post=11040"},{"taxonomy":"post_tag","embeddable":true,"href":"https:\/\/vieassociative.be\/actualites\/wp-json\/wp\/v2\/tags?post=11040"}],"curies":[{"name":"wp","href":"https:\/\/api.w.org\/{rel}","templated":true}]}}