{"id":11036,"date":"2025-11-01T15:24:33","date_gmt":"2025-11-01T14:24:33","guid":{"rendered":"https:\/\/vieassociative.be\/actualites\/la-bce-vise-a-introduire-leuro-numerique-en-2029\/"},"modified":"2025-11-01T15:24:33","modified_gmt":"2025-11-01T14:24:33","slug":"la-bce-vise-a-introduire-leuro-numerique-en-2029","status":"publish","type":"post","link":"https:\/\/vieassociative.be\/actualites\/la-bce-vise-a-introduire-leuro-numerique-en-2029\/","title":{"rendered":"La BCE vise \u00e0 introduire l\u2019euro num\u00e9rique en 2029"},"content":{"rendered":"<p><strong>La Banque centrale europ\u00e9enne (BCE) poursuit ses travaux sur un euro num\u00e9rique et vise \u00e0 introduire l\u2019alternative aux esp\u00e8ces en 2029.<\/strong><\/p>\n<p><span id=\"more-428613\"><\/span>La condition pr\u00e9alable est qu\u2019il existe d\u2019ici l\u00e0 un cadre juridique \u00e0 cet effet. Ind\u00e9pendamment de l&rsquo;accord en suspens au niveau politique, le Conseil des gouverneurs de la BCE a d\u00e9cid\u00e9 lors de sa r\u00e9union externe \u00e0 Florence de poursuivre les pr\u00e9paratifs de la banque centrale pour un euro num\u00e9rique.<\/p>\n<p>\u00ab\u00a0Si la l\u00e9gislation entre en vigueur courant 2026, un projet pilote pourrait d\u00e9marrer en 2027 et l&rsquo;Eurosyst\u00e8me devrait \u00eatre pr\u00eat pour une \u00e9ventuelle premi\u00e8re \u00e9mission de l&rsquo;euro num\u00e9rique en 2029\u00a0\u00bb, a d\u00e9clar\u00e9 la banque centrale bas\u00e9e \u00e0 Francfort. <\/p>\n<\/p>\n<div id=\"attachment_428616\" class=\"wp-caption alignleft\" style=\"max-width: 300px\"><img fetchpriority=\"high\" decoding=\"async\" class=\"wp-image-428616 size-medium\" src=\"https:\/\/vieassociative.be\/actualites\/wp-content\/uploads\/2025\/11\/La-BCE-vise-a-introduire-leuro-numerique-en-2029.jpg\" alt=\"\" width=\"300\" height=\"200\"><\/div>\n<p>En collaboration avec les prestataires de paiement, les commer\u00e7ants et les consommateurs, les autorit\u00e9s mon\u00e9taires souhaitent rendre l\u2019euro num\u00e9rique adapt\u00e9 \u00e0 la pratique. Tant que le cadre juridique sera en place, les premi\u00e8res transactions pourraient \u00eatre r\u00e9alis\u00e9es \u00e0 titre exp\u00e9rimental \u00e0 partir de mi-2027, selon la banque centrale.<\/p>\n<p>Depuis des ann\u00e9es, les organismes de surveillance de la monnaie euro travaillent sur une version num\u00e9rique de la monnaie commune europ\u00e9enne. Apr\u00e8s avoir travaill\u00e9 sur la technologie et la protection des donn\u00e9es, la BCE a entam\u00e9 le 1er novembre 2023 une premi\u00e8re phase pr\u00e9paratoire de deux ans.<\/p>\n<p>Les consommateurs recevraient un euro num\u00e9rique cr\u00e9dit\u00e9 sur un portefeuille num\u00e9rique, appel\u00e9 portefeuille, et pourraient payer en quelques secondes, 24 heures sur 24, par exemple \u00e0 l&rsquo;aide d&rsquo;un smartphone.<\/p>\n<\/p>\n<div id=\"attachment_404481\" class=\"wp-caption alignnone\" style=\"max-width: 300px\"><img decoding=\"async\" src=\"https:\/\/vieassociative.be\/actualites\/wp-content\/uploads\/2025\/11\/1762007073_353_La-BCE-vise-a-introduire-leuro-numerique-en-2029.jpg\" alt=\"\" width=\"300\" height=\"200\" class=\"size-medium wp-image-404481\"><\/div>\n<p>La BCE estime le co\u00fbt de l\u2019ensemble du projet, que les banques et les caisses d\u2019\u00e9pargne poursuivent encore avec beaucoup de scepticisme, \u00e0 environ 1,3 milliard d\u2019euros pour l\u2019Eurosyst\u00e8me d\u2019ici 2029. \u00ab Les co\u00fbts de fonctionnement annuels ult\u00e9rieurs sont estim\u00e9s \u00e0 environ 320 millions d\u2019euros par an \u00e0 partir de 2029 \u00bb, a d\u00e9clar\u00e9 la BCE.<\/p>\n<p>Avec un euro num\u00e9rique, les banques centrales de la zone euro veulent contrecarrer les prestataires priv\u00e9s, notamment am\u00e9ricains comme Paypal, Mastercard et Visa, qui dominent actuellement le march\u00e9 des paiements num\u00e9riques en Europe, avec une offre europ\u00e9enne.<\/p>\n<p>Les craintes selon lesquelles les esp\u00e8ces pourraient \u00eatre abolies sont r\u00e9fut\u00e9es \u00e0 plusieurs reprises par la BCE et la Commission europ\u00e9enne. Une proposition de cadre juridique de l\u2019autorit\u00e9 de juin 2023 stipule que l\u2019euro num\u00e9rique aura cours l\u00e9gal, mais qu\u2019il ne remplacera pas les billets et les pi\u00e8ces. Dans le m\u00eame temps, Bruxelles souhaite garantir par la loi que les esp\u00e8ces continuent d\u2019\u00eatre largement accept\u00e9es et facilement disponibles dans l\u2019Union europ\u00e9enne.<\/p>\n<p>Les critiques se demandent si l\u2019effort en vaut la peine et s\u2019il serait plus judicieux d\u2019\u00e9tendre le service de paiement Wero, disponible depuis juillet 2024. Wero est pilot\u00e9 par une association de banques et de prestataires de services de paiement europ\u00e9ens (European Payments Initiative\/EPI) et peut actuellement \u00eatre utilis\u00e9 en Allemagne, en France et en Belgique. (dpa)<\/p>\n","protected":false},"excerpt":{"rendered":"<p>La Banque centrale europ\u00e9enne (BCE) poursuit ses travaux sur un euro num\u00e9rique et vise \u00e0 introduire l\u2019alternative aux esp\u00e8ces en 2029. La condition pr\u00e9alable est<\/p>\n","protected":false},"author":1,"featured_media":11037,"comment_status":"","ping_status":"","sticky":false,"template":"","format":"standard","meta":{"footnotes":""},"categories":[298],"tags":[9113,1015,3014,651,9114],"class_list":["post-11036","post","type-post","status-publish","format-standard","has-post-thumbnail","hentry","category-belgique","tag-bce","tag-introduire","tag-leuro","tag-numerique","tag-vise","generate-columns","tablet-grid-50","mobile-grid-100","grid-parent","grid-33"],"yoast_head":"<!-- This site is optimized with the Yoast SEO plugin v24.0 - https:\/\/yoast.com\/wordpress\/plugins\/seo\/ -->\n<title>La BCE vise \u00e0 introduire l\u2019euro num\u00e9rique en 2029 | Vie Associative<\/title>\n<meta name=\"robots\" content=\"index, follow, max-snippet:-1, max-image-preview:large, max-video-preview:-1\" \/>\n<link rel=\"canonical\" href=\"https:\/\/vieassociative.be\/actualites\/la-bce-vise-a-introduire-leuro-numerique-en-2029\/\" \/>\n<meta property=\"og:locale\" content=\"fr_FR\" \/>\n<meta property=\"og:type\" content=\"article\" \/>\n<meta property=\"og:title\" content=\"La BCE vise \u00e0 introduire l\u2019euro num\u00e9rique en 2029 | Vie Associative\" \/>\n<meta property=\"og:description\" content=\"La Banque centrale europ\u00e9enne (BCE) poursuit ses travaux sur un euro num\u00e9rique et vise \u00e0 introduire l\u2019alternative aux esp\u00e8ces en 2029. La condition pr\u00e9alable est\" \/>\n<meta property=\"og:url\" content=\"https:\/\/vieassociative.be\/actualites\/la-bce-vise-a-introduire-leuro-numerique-en-2029\/\" \/>\n<meta property=\"og:site_name\" content=\"Vie Associative\" \/>\n<meta property=\"article:published_time\" content=\"2025-11-01T14:24:33+00:00\" \/>\n<meta property=\"og:image\" content=\"https:\/\/vieassociative.be\/actualites\/wp-content\/uploads\/2024\/09\/header_backgroundk-01-e1726694325946.png\" \/>\n\t<meta property=\"og:image:width\" content=\"279\" \/>\n\t<meta property=\"og:image:height\" content=\"92\" \/>\n\t<meta property=\"og:image:type\" content=\"image\/png\" \/>\n<meta name=\"author\" content=\"Julien\" \/>\n<meta name=\"twitter:card\" content=\"summary_large_image\" \/>\n<meta name=\"twitter:label1\" content=\"\u00c9crit par\" \/>\n\t<meta name=\"twitter:data1\" content=\"Julien\" \/>\n\t<meta name=\"twitter:label2\" content=\"Dur\u00e9e de lecture est.\" \/>\n\t<meta name=\"twitter:data2\" content=\"3 minutes\" \/>\n<script type=\"application\/ld+json\" class=\"yoast-schema-graph\">{\"@context\":\"https:\/\/schema.org\",\"@graph\":[{\"@type\":\"Article\",\"@id\":\"https:\/\/vieassociative.be\/actualites\/la-bce-vise-a-introduire-leuro-numerique-en-2029\/#article\",\"isPartOf\":{\"@id\":\"https:\/\/vieassociative.be\/actualites\/la-bce-vise-a-introduire-leuro-numerique-en-2029\/\"},\"author\":{\"name\":\"Julien\",\"@id\":\"https:\/\/vieassociative.be\/actualites\/#\/schema\/person\/b87ac4f82f9d4e7b7cec7395b679edc4\"},\"headline\":\"La BCE vise \u00e0 introduire l\u2019euro num\u00e9rique en 2029\",\"datePublished\":\"2025-11-01T14:24:33+00:00\",\"dateModified\":\"2025-11-01T14:24:33+00:00\",\"mainEntityOfPage\":{\"@id\":\"https:\/\/vieassociative.be\/actualites\/la-bce-vise-a-introduire-leuro-numerique-en-2029\/\"},\"wordCount\":518,\"publisher\":{\"@id\":\"https:\/\/vieassociative.be\/actualites\/#organization\"},\"image\":{\"@id\":\"https:\/\/vieassociative.be\/actualites\/la-bce-vise-a-introduire-leuro-numerique-en-2029\/#primaryimage\"},\"thumbnailUrl\":\"https:\/\/vieassociative.be\/actualites\/wp-content\/uploads\/2025\/11\/1762007073_La-BCE-vise-a-introduire-leuro-numerique-en-2029.jpg\",\"keywords\":[\"BCE\",\"introduire\",\"lEuro\",\"num\u00e9rique\",\"vise\"],\"articleSection\":[\"Belgique\"],\"inLanguage\":\"fr-BE\"},{\"@type\":\"WebPage\",\"@id\":\"https:\/\/vieassociative.be\/actualites\/la-bce-vise-a-introduire-leuro-numerique-en-2029\/\",\"url\":\"https:\/\/vieassociative.be\/actualites\/la-bce-vise-a-introduire-leuro-numerique-en-2029\/\",\"name\":\"La BCE vise \u00e0 introduire l\u2019euro num\u00e9rique en 2029 | Vie Associative\",\"isPartOf\":{\"@id\":\"https:\/\/vieassociative.be\/actualites\/#website\"},\"primaryImageOfPage\":{\"@id\":\"https:\/\/vieassociative.be\/actualites\/la-bce-vise-a-introduire-leuro-numerique-en-2029\/#primaryimage\"},\"image\":{\"@id\":\"https:\/\/vieassociative.be\/actualites\/la-bce-vise-a-introduire-leuro-numerique-en-2029\/#primaryimage\"},\"thumbnailUrl\":\"https:\/\/vieassociative.be\/actualites\/wp-content\/uploads\/2025\/11\/1762007073_La-BCE-vise-a-introduire-leuro-numerique-en-2029.jpg\",\"datePublished\":\"2025-11-01T14:24:33+00:00\",\"dateModified\":\"2025-11-01T14:24:33+00:00\",\"breadcrumb\":{\"@id\":\"https:\/\/vieassociative.be\/actualites\/la-bce-vise-a-introduire-leuro-numerique-en-2029\/#breadcrumb\"},\"inLanguage\":\"fr-BE\",\"potentialAction\":[{\"@type\":\"ReadAction\",\"target\":[\"https:\/\/vieassociative.be\/actualites\/la-bce-vise-a-introduire-leuro-numerique-en-2029\/\"]}]},{\"@type\":\"ImageObject\",\"inLanguage\":\"fr-BE\",\"@id\":\"https:\/\/vieassociative.be\/actualites\/la-bce-vise-a-introduire-leuro-numerique-en-2029\/#primaryimage\",\"url\":\"https:\/\/vieassociative.be\/actualites\/wp-content\/uploads\/2025\/11\/1762007073_La-BCE-vise-a-introduire-leuro-numerique-en-2029.jpg\",\"contentUrl\":\"https:\/\/vieassociative.be\/actualites\/wp-content\/uploads\/2025\/11\/1762007073_La-BCE-vise-a-introduire-leuro-numerique-en-2029.jpg\",\"width\":1200,\"height\":707,\"caption\":\"La BCE vise \u00e0 introduire l\u2019euro num\u00e9rique en 2029\"},{\"@type\":\"BreadcrumbList\",\"@id\":\"https:\/\/vieassociative.be\/actualites\/la-bce-vise-a-introduire-leuro-numerique-en-2029\/#breadcrumb\",\"itemListElement\":[{\"@type\":\"ListItem\",\"position\":1,\"name\":\"Accueil\",\"item\":\"https:\/\/vieassociative.be\/actualites\/\"},{\"@type\":\"ListItem\",\"position\":2,\"name\":\"La BCE vise \u00e0 introduire l\u2019euro num\u00e9rique en 2029\"}]},{\"@type\":\"WebSite\",\"@id\":\"https:\/\/vieassociative.be\/actualites\/#website\",\"url\":\"https:\/\/vieassociative.be\/actualites\/\",\"name\":\"Vie Associative\",\"description\":\"\",\"publisher\":{\"@id\":\"https:\/\/vieassociative.be\/actualites\/#organization\"},\"potentialAction\":[{\"@type\":\"SearchAction\",\"target\":{\"@type\":\"EntryPoint\",\"urlTemplate\":\"https:\/\/vieassociative.be\/actualites\/?s={search_term_string}\"},\"query-input\":{\"@type\":\"PropertyValueSpecification\",\"valueRequired\":true,\"valueName\":\"search_term_string\"}}],\"inLanguage\":\"fr-BE\"},{\"@type\":\"Organization\",\"@id\":\"https:\/\/vieassociative.be\/actualites\/#organization\",\"name\":\"Vie Associative\",\"url\":\"https:\/\/vieassociative.be\/actualites\/\",\"logo\":{\"@type\":\"ImageObject\",\"inLanguage\":\"fr-BE\",\"@id\":\"https:\/\/vieassociative.be\/actualites\/#\/schema\/logo\/image\/\",\"url\":\"https:\/\/vieassociative.be\/actualites\/wp-content\/uploads\/2024\/09\/cropped-vieassociative_favicon.ico.png\",\"contentUrl\":\"https:\/\/vieassociative.be\/actualites\/wp-content\/uploads\/2024\/09\/cropped-vieassociative_favicon.ico.png\",\"width\":512,\"height\":512,\"caption\":\"Vie Associative\"},\"image\":{\"@id\":\"https:\/\/vieassociative.be\/actualites\/#\/schema\/logo\/image\/\"}},{\"@type\":\"Person\",\"@id\":\"https:\/\/vieassociative.be\/actualites\/#\/schema\/person\/b87ac4f82f9d4e7b7cec7395b679edc4\",\"name\":\"Julien\",\"image\":{\"@type\":\"ImageObject\",\"inLanguage\":\"fr-BE\",\"@id\":\"https:\/\/vieassociative.be\/actualites\/#\/schema\/person\/image\/\",\"url\":\"https:\/\/vieassociative.be\/actualites\/wp-content\/uploads\/2024\/09\/vie-associative-1-150x150.jpg\",\"contentUrl\":\"https:\/\/vieassociative.be\/actualites\/wp-content\/uploads\/2024\/09\/vie-associative-1-150x150.jpg\",\"caption\":\"Julien\"},\"description\":\"Je suis Julien, r\u00e9dacteur pour Vie Associative. Passionn\u00e9 par le monde associatif depuis plus de 10 ans, j'ai \u00e0 c\u0153ur de partager des histoires inspirantes et de mettre en lumi\u00e8re les initiatives locales. Mon objectif est de sensibiliser et d'encourager l'engagement communautaire \u00e0 travers mes articles.\",\"sameAs\":[\"https:\/\/vieassociative.be\/\"]}]}<\/script>\n<!-- \/ Yoast SEO plugin. -->","yoast_head_json":{"title":"La BCE vise \u00e0 introduire l\u2019euro num\u00e9rique en 2029 | Vie Associative","robots":{"index":"index","follow":"follow","max-snippet":"max-snippet:-1","max-image-preview":"max-image-preview:large","max-video-preview":"max-video-preview:-1"},"canonical":"https:\/\/vieassociative.be\/actualites\/la-bce-vise-a-introduire-leuro-numerique-en-2029\/","og_locale":"fr_FR","og_type":"article","og_title":"La BCE vise \u00e0 introduire l\u2019euro num\u00e9rique en 2029 | Vie Associative","og_description":"La Banque centrale europ\u00e9enne (BCE) poursuit ses travaux sur un euro num\u00e9rique et vise \u00e0 introduire l\u2019alternative aux esp\u00e8ces en 2029. La condition pr\u00e9alable est","og_url":"https:\/\/vieassociative.be\/actualites\/la-bce-vise-a-introduire-leuro-numerique-en-2029\/","og_site_name":"Vie Associative","article_published_time":"2025-11-01T14:24:33+00:00","og_image":[{"width":279,"height":92,"url":"https:\/\/vieassociative.be\/actualites\/wp-content\/uploads\/2024\/09\/header_backgroundk-01-e1726694325946.png","type":"image\/png"}],"author":"Julien","twitter_card":"summary_large_image","twitter_misc":{"\u00c9crit par":"Julien","Dur\u00e9e de lecture est.":"3 minutes"},"schema":{"@context":"https:\/\/schema.org","@graph":[{"@type":"Article","@id":"https:\/\/vieassociative.be\/actualites\/la-bce-vise-a-introduire-leuro-numerique-en-2029\/#article","isPartOf":{"@id":"https:\/\/vieassociative.be\/actualites\/la-bce-vise-a-introduire-leuro-numerique-en-2029\/"},"author":{"name":"Julien","@id":"https:\/\/vieassociative.be\/actualites\/#\/schema\/person\/b87ac4f82f9d4e7b7cec7395b679edc4"},"headline":"La BCE vise \u00e0 introduire l\u2019euro num\u00e9rique en 2029","datePublished":"2025-11-01T14:24:33+00:00","dateModified":"2025-11-01T14:24:33+00:00","mainEntityOfPage":{"@id":"https:\/\/vieassociative.be\/actualites\/la-bce-vise-a-introduire-leuro-numerique-en-2029\/"},"wordCount":518,"publisher":{"@id":"https:\/\/vieassociative.be\/actualites\/#organization"},"image":{"@id":"https:\/\/vieassociative.be\/actualites\/la-bce-vise-a-introduire-leuro-numerique-en-2029\/#primaryimage"},"thumbnailUrl":"https:\/\/vieassociative.be\/actualites\/wp-content\/uploads\/2025\/11\/1762007073_La-BCE-vise-a-introduire-leuro-numerique-en-2029.jpg","keywords":["BCE","introduire","lEuro","num\u00e9rique","vise"],"articleSection":["Belgique"],"inLanguage":"fr-BE"},{"@type":"WebPage","@id":"https:\/\/vieassociative.be\/actualites\/la-bce-vise-a-introduire-leuro-numerique-en-2029\/","url":"https:\/\/vieassociative.be\/actualites\/la-bce-vise-a-introduire-leuro-numerique-en-2029\/","name":"La BCE vise \u00e0 introduire l\u2019euro num\u00e9rique en 2029 | Vie Associative","isPartOf":{"@id":"https:\/\/vieassociative.be\/actualites\/#website"},"primaryImageOfPage":{"@id":"https:\/\/vieassociative.be\/actualites\/la-bce-vise-a-introduire-leuro-numerique-en-2029\/#primaryimage"},"image":{"@id":"https:\/\/vieassociative.be\/actualites\/la-bce-vise-a-introduire-leuro-numerique-en-2029\/#primaryimage"},"thumbnailUrl":"https:\/\/vieassociative.be\/actualites\/wp-content\/uploads\/2025\/11\/1762007073_La-BCE-vise-a-introduire-leuro-numerique-en-2029.jpg","datePublished":"2025-11-01T14:24:33+00:00","dateModified":"2025-11-01T14:24:33+00:00","breadcrumb":{"@id":"https:\/\/vieassociative.be\/actualites\/la-bce-vise-a-introduire-leuro-numerique-en-2029\/#breadcrumb"},"inLanguage":"fr-BE","potentialAction":[{"@type":"ReadAction","target":["https:\/\/vieassociative.be\/actualites\/la-bce-vise-a-introduire-leuro-numerique-en-2029\/"]}]},{"@type":"ImageObject","inLanguage":"fr-BE","@id":"https:\/\/vieassociative.be\/actualites\/la-bce-vise-a-introduire-leuro-numerique-en-2029\/#primaryimage","url":"https:\/\/vieassociative.be\/actualites\/wp-content\/uploads\/2025\/11\/1762007073_La-BCE-vise-a-introduire-leuro-numerique-en-2029.jpg","contentUrl":"https:\/\/vieassociative.be\/actualites\/wp-content\/uploads\/2025\/11\/1762007073_La-BCE-vise-a-introduire-leuro-numerique-en-2029.jpg","width":1200,"height":707,"caption":"La BCE vise \u00e0 introduire l\u2019euro num\u00e9rique en 2029"},{"@type":"BreadcrumbList","@id":"https:\/\/vieassociative.be\/actualites\/la-bce-vise-a-introduire-leuro-numerique-en-2029\/#breadcrumb","itemListElement":[{"@type":"ListItem","position":1,"name":"Accueil","item":"https:\/\/vieassociative.be\/actualites\/"},{"@type":"ListItem","position":2,"name":"La BCE vise \u00e0 introduire l\u2019euro num\u00e9rique en 2029"}]},{"@type":"WebSite","@id":"https:\/\/vieassociative.be\/actualites\/#website","url":"https:\/\/vieassociative.be\/actualites\/","name":"Vie Associative","description":"","publisher":{"@id":"https:\/\/vieassociative.be\/actualites\/#organization"},"potentialAction":[{"@type":"SearchAction","target":{"@type":"EntryPoint","urlTemplate":"https:\/\/vieassociative.be\/actualites\/?s={search_term_string}"},"query-input":{"@type":"PropertyValueSpecification","valueRequired":true,"valueName":"search_term_string"}}],"inLanguage":"fr-BE"},{"@type":"Organization","@id":"https:\/\/vieassociative.be\/actualites\/#organization","name":"Vie Associative","url":"https:\/\/vieassociative.be\/actualites\/","logo":{"@type":"ImageObject","inLanguage":"fr-BE","@id":"https:\/\/vieassociative.be\/actualites\/#\/schema\/logo\/image\/","url":"https:\/\/vieassociative.be\/actualites\/wp-content\/uploads\/2024\/09\/cropped-vieassociative_favicon.ico.png","contentUrl":"https:\/\/vieassociative.be\/actualites\/wp-content\/uploads\/2024\/09\/cropped-vieassociative_favicon.ico.png","width":512,"height":512,"caption":"Vie Associative"},"image":{"@id":"https:\/\/vieassociative.be\/actualites\/#\/schema\/logo\/image\/"}},{"@type":"Person","@id":"https:\/\/vieassociative.be\/actualites\/#\/schema\/person\/b87ac4f82f9d4e7b7cec7395b679edc4","name":"Julien","image":{"@type":"ImageObject","inLanguage":"fr-BE","@id":"https:\/\/vieassociative.be\/actualites\/#\/schema\/person\/image\/","url":"https:\/\/vieassociative.be\/actualites\/wp-content\/uploads\/2024\/09\/vie-associative-1-150x150.jpg","contentUrl":"https:\/\/vieassociative.be\/actualites\/wp-content\/uploads\/2024\/09\/vie-associative-1-150x150.jpg","caption":"Julien"},"description":"Je suis Julien, r\u00e9dacteur pour Vie Associative. Passionn\u00e9 par le monde associatif depuis plus de 10 ans, j'ai \u00e0 c\u0153ur de partager des histoires inspirantes et de mettre en lumi\u00e8re les initiatives locales. Mon objectif est de sensibiliser et d'encourager l'engagement communautaire \u00e0 travers mes articles.","sameAs":["https:\/\/vieassociative.be\/"]}]}},"_links":{"self":[{"href":"https:\/\/vieassociative.be\/actualites\/wp-json\/wp\/v2\/posts\/11036"}],"collection":[{"href":"https:\/\/vieassociative.be\/actualites\/wp-json\/wp\/v2\/posts"}],"about":[{"href":"https:\/\/vieassociative.be\/actualites\/wp-json\/wp\/v2\/types\/post"}],"author":[{"embeddable":true,"href":"https:\/\/vieassociative.be\/actualites\/wp-json\/wp\/v2\/users\/1"}],"replies":[{"embeddable":true,"href":"https:\/\/vieassociative.be\/actualites\/wp-json\/wp\/v2\/comments?post=11036"}],"version-history":[{"count":0,"href":"https:\/\/vieassociative.be\/actualites\/wp-json\/wp\/v2\/posts\/11036\/revisions"}],"wp:featuredmedia":[{"embeddable":true,"href":"https:\/\/vieassociative.be\/actualites\/wp-json\/wp\/v2\/media\/11037"}],"wp:attachment":[{"href":"https:\/\/vieassociative.be\/actualites\/wp-json\/wp\/v2\/media?parent=11036"}],"wp:term":[{"taxonomy":"category","embeddable":true,"href":"https:\/\/vieassociative.be\/actualites\/wp-json\/wp\/v2\/categories?post=11036"},{"taxonomy":"post_tag","embeddable":true,"href":"https:\/\/vieassociative.be\/actualites\/wp-json\/wp\/v2\/tags?post=11036"}],"curies":[{"name":"wp","href":"https:\/\/api.w.org\/{rel}","templated":true}]}}