{"id":11034,"date":"2025-11-01T14:17:26","date_gmt":"2025-11-01T13:17:26","guid":{"rendered":"https:\/\/vieassociative.be\/actualites\/disney-pourrait-retirer-ses-chaines-de-youtube-tv\/"},"modified":"2025-11-01T14:17:26","modified_gmt":"2025-11-01T13:17:26","slug":"disney-pourrait-retirer-ses-chaines-de-youtube-tv","status":"publish","type":"post","link":"https:\/\/vieassociative.be\/actualites\/disney-pourrait-retirer-ses-chaines-de-youtube-tv\/","title":{"rendered":"Disney pourrait retirer ses cha\u00eenes de YouTube TV"},"content":{"rendered":"<div class=\"mt-4 leading-6 md:mb-8\">Les abonn\u00e9s pourraient perdre l&rsquo;acc\u00e8s \u00e0 ABC, ESPN et bien plus encore.<\/div>\n<p><\/p>\n<p><em>Mise \u00e0 jour le 31\/10\/2025 \u00e0 14h00\u00a0:<\/em><\/p>\n<p>Disney et YouTube ont atteint la date limite du 31 octobre sans qu&rsquo;une fin des n\u00e9gociations soit en vue. En tant que tel, plus de 20 cha\u00eenes appartenant \u00e0 Disney ont \u00e9t\u00e9 retir\u00e9es de YouTube TV. Pour en savoir plus, continuez \u00e0 lire ici.<\/p>\n<hr>\n<p>Rien n\u2019\u00e9voque mieux Halloween qu\u2019un compte \u00e0 rebours inqui\u00e9tant. \u00c0 l&rsquo;heure actuelle, les abonn\u00e9s \u00e0 YouTube TV, le service de t\u00e9l\u00e9vision en direct de la soci\u00e9t\u00e9, attendent de savoir s&rsquo;ils auront toujours acc\u00e8s aux cha\u00eenes exploit\u00e9es par Disney, notamment ABC et ESPN, le 31 octobre. Il s&rsquo;agit du dernier conflit en date dans les diff\u00e9rends tarifaires en cours entre Google et ses diff\u00e9rents fournisseurs de contenu, mais m\u00eame si Disney prend le relais et rentre chez lui, vous ne vous retrouverez pas enti\u00e8rement sans options.<\/p>\n<h2 id=\"when-could-disney-channels-go-dark-on-youtube-tv\">Quand les cha\u00eenes Disney pourraient-elles dispara\u00eetre sur YouTube TV ?<\/h2>\n<p>Selon Variety, si Disney et Google ne parviennent pas \u00e0 parvenir \u00e0 un accord d&rsquo;ici la fin de jeudi, tous les r\u00e9seaux Disney dispara\u00eetront de YouTube TV le 30 octobre \u00e0 minuit HE. Il s&rsquo;agit notamment de Disney Channel, ESPN, ABC News, Disney Jr., FX, FXX, FRXM, NatGeo, Freefrom et m\u00eame des stations ABC locales. <\/p>\n<div class=\"mx-auto mb-12 mt-5 w-full max-w-3xl rounded-md border-2 border-gray-100 p-3 shadow-md md:px-7 md:pb-7 md:pt-5\" id=\"related-video\">\n<div class=\"mb-3 flex items-center md:mb-5\">\n        <img decoding=\"async\" class=\"mr-4 mt-0 h-10 w-10 md:mr-5 md:h-12 md:w-12\" src=\"https:\/\/vieassociative.be\/actualites\/wp-content\/uploads\/2025\/09\/1757726237_608_Meta-pourrait-devoiler-une-montre-intelligente-pour-controler-ses-lunettes.jpg\" alt=\"Logo du pirate de la vie\"><\/p><\/div>\n<div class=\"aspect-video w-full overflow-hidden rounded-md\">\n<div id=\"video-container-01K8ZQ7PQ35J0FKNBR6MQC3R7C\"><\/div>\n<\/p><\/div>\n<\/div>\n<p>Ce n&rsquo;est pas la premi\u00e8re fois que YouTube vit quelque chose comme \u00e7a. En f\u00e9vrier dernier, Paramount a prof\u00e9r\u00e9 une menace similaire avant de finalement parvenir \u00e0 un accord qui ne pr\u00e9voyait aucune interruption de l&rsquo;acc\u00e8s des clients \u00e0 ses cha\u00eenes. Depuis lors, YouTube a eu des conflits similaires avec Fox Corp., NBC Universal et Univision, seul le r\u00e9seau de langue espagnole n&rsquo;ayant pas r\u00e9ussi \u00e0 parvenir \u00e0 un accord avant que ses cha\u00eenes ne disparaissent.<\/p>\n<h2 id=\"its-all-about-licensing-fees\">Tout est question de frais de licence<\/h2>\n<p>Ce qui se passe ici se r\u00e9sume aux frais de licence. Pour proposer des cha\u00eenes comme celles des c\u00e2blodistributeurs qu&rsquo;elle tente de remplacer, YouTube TV doit continuellement payer des frais aux fournisseurs de contenu, et ces fournisseurs proposent parfois des frais plus \u00e9lev\u00e9s. Cela laisse YouTube dans une situation un peu difficile, car il essaie de naviguer entre payer un prix \u00e9quitable \u00e0 ses partenaires tout en \u00e9vitant d&rsquo;augmenter les prix pour ses abonn\u00e9s.<\/p>\n<p>Disney a d\u00e9clar\u00e9 \u00e0 Variety que \u00ab\u00a0c&rsquo;est le dernier exemple de Google exploitant sa position aux d\u00e9pens de ses propres clients\u00a0\u00bb, ce qui implique que Google risquait de supprimer les cha\u00eenes pour lesquelles ses clients avaient pay\u00e9 en refusant de compenser Disney avec des \u00ab\u00a0tarifs \u00e9quitables\u00a0\u00bb. Google affirme \u00e0 son tour que c\u00e9der aux \u00ab conditions \u00e9conomiques co\u00fbteuses \u00bb de Disney obligerait l&rsquo;entreprise \u00e0 \u00ab augmenter les prix sur YouTube TV \u00bb, ainsi qu&rsquo;\u00e0 laisser le service dans une situation difficile par rapport \u00e0 l&rsquo;offre Live TV de Disney, Hulu + Live TV.<\/p>\n<h2 id=\"what-happens-if-a-deal-isnt-reached\">Que se passe-t-il si un accord n&rsquo;est pas conclu<\/h2>\n<p>Personnellement, je ne prendrais pas la d\u00e9claration de l&rsquo;une ou l&rsquo;autre soci\u00e9t\u00e9 trop au s\u00e9rieux, du moins si l&rsquo;on en croit les conflits ant\u00e9rieurs entre Paramount et NBC Universal : il y a de fortes chances qu&rsquo;un accord soit conclu avant que les abonn\u00e9s de YouTube TV ne soient affect\u00e9s. Mais comme pour ces conflits pr\u00e9c\u00e9dents, YouTube est pr\u00eat \u00e0 se rattraper aupr\u00e8s de ses clients s&rsquo;ils perdent l&rsquo;acc\u00e8s au contenu Disney.<\/p>\n<p>\u00ab\u00a0Si le contenu Disney reste indisponible pendant une p\u00e9riode prolong\u00e9e, nous offrirons aux abonn\u00e9s un cr\u00e9dit de 20 $\u00a0\u00bb, a d\u00e9clar\u00e9 YouTube. Cela suffirait pour s&rsquo;abonner \u00e0 un mois de forfait Disney+, Hulu et ESPN avec publicit\u00e9s, bien que YouTube n&rsquo;ait pas pr\u00e9cis\u00e9 si le cr\u00e9dit serait r\u00e9current.<\/p>\n<p>Actuellement, un forfait de base YouTube TV commence \u00e0 72,99 $\/mois pour vos trois premiers mois, puis grimpe jusqu&rsquo;\u00e0 82,99 $\/mois par la suite, ce qui le rend l\u00e9g\u00e8rement moins cher que Hulu + Live TV \u00e0 long terme (64,99 $\/mois pour les trois premiers mois, puis 89,99 $\/mois par la suite). Reste \u00e0 savoir si les prix resteront les m\u00eames si Disney retire ses cha\u00eenes.<\/p>\n","protected":false},"excerpt":{"rendered":"<p>Les abonn\u00e9s pourraient perdre l&rsquo;acc\u00e8s \u00e0 ABC, ESPN et bien plus encore. Mise \u00e0 jour le 31\/10\/2025 \u00e0 14h00\u00a0: Disney et YouTube ont atteint la<\/p>\n","protected":false},"author":1,"featured_media":11035,"comment_status":"","ping_status":"","sticky":false,"template":"","format":"standard","meta":{"footnotes":""},"categories":[36],"tags":[2906,1893,1041,4969,1055,35],"class_list":["post-11034","post","type-post","status-publish","format-standard","has-post-thumbnail","hentry","category-divertissement","tag-chaines","tag-disney","tag-pourrait","tag-retirer","tag-ses","tag-youtube","generate-columns","tablet-grid-50","mobile-grid-100","grid-parent","grid-33"],"yoast_head":"<!-- This site is optimized with the Yoast SEO plugin v24.0 - https:\/\/yoast.com\/wordpress\/plugins\/seo\/ -->\n<title>Disney pourrait retirer ses cha\u00eenes de YouTube TV | Vie Associative<\/title>\n<meta name=\"robots\" content=\"index, follow, max-snippet:-1, max-image-preview:large, max-video-preview:-1\" \/>\n<link rel=\"canonical\" href=\"https:\/\/vieassociative.be\/actualites\/disney-pourrait-retirer-ses-chaines-de-youtube-tv\/\" \/>\n<meta property=\"og:locale\" content=\"fr_FR\" \/>\n<meta property=\"og:type\" content=\"article\" \/>\n<meta property=\"og:title\" content=\"Disney pourrait retirer ses cha\u00eenes de YouTube TV | Vie Associative\" \/>\n<meta property=\"og:description\" content=\"Les abonn\u00e9s pourraient perdre l&rsquo;acc\u00e8s \u00e0 ABC, ESPN et bien plus encore. Mise \u00e0 jour le 31\/10\/2025 \u00e0 14h00\u00a0: Disney et YouTube ont atteint la\" \/>\n<meta property=\"og:url\" content=\"https:\/\/vieassociative.be\/actualites\/disney-pourrait-retirer-ses-chaines-de-youtube-tv\/\" \/>\n<meta property=\"og:site_name\" content=\"Vie Associative\" \/>\n<meta property=\"article:published_time\" content=\"2025-11-01T13:17:26+00:00\" \/>\n<meta property=\"og:image\" content=\"https:\/\/vieassociative.be\/actualites\/wp-content\/uploads\/2025\/09\/1757726237_608_Meta-pourrait-devoiler-une-montre-intelligente-pour-controler-ses-lunettes.jpg\" \/>\n<meta name=\"author\" content=\"Julien\" \/>\n<meta name=\"twitter:card\" content=\"summary_large_image\" \/>\n<meta name=\"twitter:label1\" content=\"\u00c9crit par\" \/>\n\t<meta name=\"twitter:data1\" content=\"Julien\" \/>\n\t<meta name=\"twitter:label2\" content=\"Dur\u00e9e de lecture est.\" \/>\n\t<meta name=\"twitter:data2\" content=\"3 minutes\" \/>\n<script type=\"application\/ld+json\" class=\"yoast-schema-graph\">{\"@context\":\"https:\/\/schema.org\",\"@graph\":[{\"@type\":\"Article\",\"@id\":\"https:\/\/vieassociative.be\/actualites\/disney-pourrait-retirer-ses-chaines-de-youtube-tv\/#article\",\"isPartOf\":{\"@id\":\"https:\/\/vieassociative.be\/actualites\/disney-pourrait-retirer-ses-chaines-de-youtube-tv\/\"},\"author\":{\"name\":\"Julien\",\"@id\":\"https:\/\/vieassociative.be\/actualites\/#\/schema\/person\/b87ac4f82f9d4e7b7cec7395b679edc4\"},\"headline\":\"Disney pourrait retirer ses cha\u00eenes de YouTube TV\",\"datePublished\":\"2025-11-01T13:17:26+00:00\",\"dateModified\":\"2025-11-01T13:17:26+00:00\",\"mainEntityOfPage\":{\"@id\":\"https:\/\/vieassociative.be\/actualites\/disney-pourrait-retirer-ses-chaines-de-youtube-tv\/\"},\"wordCount\":714,\"publisher\":{\"@id\":\"https:\/\/vieassociative.be\/actualites\/#organization\"},\"image\":{\"@id\":\"https:\/\/vieassociative.be\/actualites\/disney-pourrait-retirer-ses-chaines-de-youtube-tv\/#primaryimage\"},\"thumbnailUrl\":\"https:\/\/vieassociative.be\/actualites\/wp-content\/uploads\/2025\/11\/Disney-pourrait-retirer-ses-chaines-de-YouTube-TV.png\",\"keywords\":[\"cha\u00eenes\",\"Disney\",\"pourrait\",\"retirer\",\"ses\",\"YouTube\"],\"articleSection\":[\"Divertissement\"],\"inLanguage\":\"fr-BE\"},{\"@type\":\"WebPage\",\"@id\":\"https:\/\/vieassociative.be\/actualites\/disney-pourrait-retirer-ses-chaines-de-youtube-tv\/\",\"url\":\"https:\/\/vieassociative.be\/actualites\/disney-pourrait-retirer-ses-chaines-de-youtube-tv\/\",\"name\":\"Disney pourrait retirer ses cha\u00eenes de YouTube TV | Vie Associative\",\"isPartOf\":{\"@id\":\"https:\/\/vieassociative.be\/actualites\/#website\"},\"primaryImageOfPage\":{\"@id\":\"https:\/\/vieassociative.be\/actualites\/disney-pourrait-retirer-ses-chaines-de-youtube-tv\/#primaryimage\"},\"image\":{\"@id\":\"https:\/\/vieassociative.be\/actualites\/disney-pourrait-retirer-ses-chaines-de-youtube-tv\/#primaryimage\"},\"thumbnailUrl\":\"https:\/\/vieassociative.be\/actualites\/wp-content\/uploads\/2025\/11\/Disney-pourrait-retirer-ses-chaines-de-YouTube-TV.png\",\"datePublished\":\"2025-11-01T13:17:26+00:00\",\"dateModified\":\"2025-11-01T13:17:26+00:00\",\"breadcrumb\":{\"@id\":\"https:\/\/vieassociative.be\/actualites\/disney-pourrait-retirer-ses-chaines-de-youtube-tv\/#breadcrumb\"},\"inLanguage\":\"fr-BE\",\"potentialAction\":[{\"@type\":\"ReadAction\",\"target\":[\"https:\/\/vieassociative.be\/actualites\/disney-pourrait-retirer-ses-chaines-de-youtube-tv\/\"]}]},{\"@type\":\"ImageObject\",\"inLanguage\":\"fr-BE\",\"@id\":\"https:\/\/vieassociative.be\/actualites\/disney-pourrait-retirer-ses-chaines-de-youtube-tv\/#primaryimage\",\"url\":\"https:\/\/vieassociative.be\/actualites\/wp-content\/uploads\/2025\/11\/Disney-pourrait-retirer-ses-chaines-de-YouTube-TV.png\",\"contentUrl\":\"https:\/\/vieassociative.be\/actualites\/wp-content\/uploads\/2025\/11\/Disney-pourrait-retirer-ses-chaines-de-YouTube-TV.png\",\"width\":1200,\"height\":675,\"caption\":\"Disney pourrait retirer ses cha\u00eenes de YouTube TV\"},{\"@type\":\"BreadcrumbList\",\"@id\":\"https:\/\/vieassociative.be\/actualites\/disney-pourrait-retirer-ses-chaines-de-youtube-tv\/#breadcrumb\",\"itemListElement\":[{\"@type\":\"ListItem\",\"position\":1,\"name\":\"Accueil\",\"item\":\"https:\/\/vieassociative.be\/actualites\/\"},{\"@type\":\"ListItem\",\"position\":2,\"name\":\"Disney pourrait retirer ses cha\u00eenes de YouTube TV\"}]},{\"@type\":\"WebSite\",\"@id\":\"https:\/\/vieassociative.be\/actualites\/#website\",\"url\":\"https:\/\/vieassociative.be\/actualites\/\",\"name\":\"Vie Associative\",\"description\":\"\",\"publisher\":{\"@id\":\"https:\/\/vieassociative.be\/actualites\/#organization\"},\"potentialAction\":[{\"@type\":\"SearchAction\",\"target\":{\"@type\":\"EntryPoint\",\"urlTemplate\":\"https:\/\/vieassociative.be\/actualites\/?s={search_term_string}\"},\"query-input\":{\"@type\":\"PropertyValueSpecification\",\"valueRequired\":true,\"valueName\":\"search_term_string\"}}],\"inLanguage\":\"fr-BE\"},{\"@type\":\"Organization\",\"@id\":\"https:\/\/vieassociative.be\/actualites\/#organization\",\"name\":\"Vie Associative\",\"url\":\"https:\/\/vieassociative.be\/actualites\/\",\"logo\":{\"@type\":\"ImageObject\",\"inLanguage\":\"fr-BE\",\"@id\":\"https:\/\/vieassociative.be\/actualites\/#\/schema\/logo\/image\/\",\"url\":\"https:\/\/vieassociative.be\/actualites\/wp-content\/uploads\/2024\/09\/cropped-vieassociative_favicon.ico.png\",\"contentUrl\":\"https:\/\/vieassociative.be\/actualites\/wp-content\/uploads\/2024\/09\/cropped-vieassociative_favicon.ico.png\",\"width\":512,\"height\":512,\"caption\":\"Vie Associative\"},\"image\":{\"@id\":\"https:\/\/vieassociative.be\/actualites\/#\/schema\/logo\/image\/\"}},{\"@type\":\"Person\",\"@id\":\"https:\/\/vieassociative.be\/actualites\/#\/schema\/person\/b87ac4f82f9d4e7b7cec7395b679edc4\",\"name\":\"Julien\",\"image\":{\"@type\":\"ImageObject\",\"inLanguage\":\"fr-BE\",\"@id\":\"https:\/\/vieassociative.be\/actualites\/#\/schema\/person\/image\/\",\"url\":\"https:\/\/vieassociative.be\/actualites\/wp-content\/uploads\/2024\/09\/vie-associative-1-150x150.jpg\",\"contentUrl\":\"https:\/\/vieassociative.be\/actualites\/wp-content\/uploads\/2024\/09\/vie-associative-1-150x150.jpg\",\"caption\":\"Julien\"},\"description\":\"Je suis Julien, r\u00e9dacteur pour Vie Associative. Passionn\u00e9 par le monde associatif depuis plus de 10 ans, j'ai \u00e0 c\u0153ur de partager des histoires inspirantes et de mettre en lumi\u00e8re les initiatives locales. Mon objectif est de sensibiliser et d'encourager l'engagement communautaire \u00e0 travers mes articles.\",\"sameAs\":[\"https:\/\/vieassociative.be\/\"]}]}<\/script>\n<!-- \/ Yoast SEO plugin. -->","yoast_head_json":{"title":"Disney pourrait retirer ses cha\u00eenes de YouTube TV | Vie Associative","robots":{"index":"index","follow":"follow","max-snippet":"max-snippet:-1","max-image-preview":"max-image-preview:large","max-video-preview":"max-video-preview:-1"},"canonical":"https:\/\/vieassociative.be\/actualites\/disney-pourrait-retirer-ses-chaines-de-youtube-tv\/","og_locale":"fr_FR","og_type":"article","og_title":"Disney pourrait retirer ses cha\u00eenes de YouTube TV | Vie Associative","og_description":"Les abonn\u00e9s pourraient perdre l&rsquo;acc\u00e8s \u00e0 ABC, ESPN et bien plus encore. Mise \u00e0 jour le 31\/10\/2025 \u00e0 14h00\u00a0: Disney et YouTube ont atteint la","og_url":"https:\/\/vieassociative.be\/actualites\/disney-pourrait-retirer-ses-chaines-de-youtube-tv\/","og_site_name":"Vie Associative","article_published_time":"2025-11-01T13:17:26+00:00","og_image":[{"url":"https:\/\/vieassociative.be\/actualites\/wp-content\/uploads\/2025\/09\/1757726237_608_Meta-pourrait-devoiler-une-montre-intelligente-pour-controler-ses-lunettes.jpg","type":"","width":"","height":""}],"author":"Julien","twitter_card":"summary_large_image","twitter_misc":{"\u00c9crit par":"Julien","Dur\u00e9e de lecture est.":"3 minutes"},"schema":{"@context":"https:\/\/schema.org","@graph":[{"@type":"Article","@id":"https:\/\/vieassociative.be\/actualites\/disney-pourrait-retirer-ses-chaines-de-youtube-tv\/#article","isPartOf":{"@id":"https:\/\/vieassociative.be\/actualites\/disney-pourrait-retirer-ses-chaines-de-youtube-tv\/"},"author":{"name":"Julien","@id":"https:\/\/vieassociative.be\/actualites\/#\/schema\/person\/b87ac4f82f9d4e7b7cec7395b679edc4"},"headline":"Disney pourrait retirer ses cha\u00eenes de YouTube TV","datePublished":"2025-11-01T13:17:26+00:00","dateModified":"2025-11-01T13:17:26+00:00","mainEntityOfPage":{"@id":"https:\/\/vieassociative.be\/actualites\/disney-pourrait-retirer-ses-chaines-de-youtube-tv\/"},"wordCount":714,"publisher":{"@id":"https:\/\/vieassociative.be\/actualites\/#organization"},"image":{"@id":"https:\/\/vieassociative.be\/actualites\/disney-pourrait-retirer-ses-chaines-de-youtube-tv\/#primaryimage"},"thumbnailUrl":"https:\/\/vieassociative.be\/actualites\/wp-content\/uploads\/2025\/11\/Disney-pourrait-retirer-ses-chaines-de-YouTube-TV.png","keywords":["cha\u00eenes","Disney","pourrait","retirer","ses","YouTube"],"articleSection":["Divertissement"],"inLanguage":"fr-BE"},{"@type":"WebPage","@id":"https:\/\/vieassociative.be\/actualites\/disney-pourrait-retirer-ses-chaines-de-youtube-tv\/","url":"https:\/\/vieassociative.be\/actualites\/disney-pourrait-retirer-ses-chaines-de-youtube-tv\/","name":"Disney pourrait retirer ses cha\u00eenes de YouTube TV | Vie Associative","isPartOf":{"@id":"https:\/\/vieassociative.be\/actualites\/#website"},"primaryImageOfPage":{"@id":"https:\/\/vieassociative.be\/actualites\/disney-pourrait-retirer-ses-chaines-de-youtube-tv\/#primaryimage"},"image":{"@id":"https:\/\/vieassociative.be\/actualites\/disney-pourrait-retirer-ses-chaines-de-youtube-tv\/#primaryimage"},"thumbnailUrl":"https:\/\/vieassociative.be\/actualites\/wp-content\/uploads\/2025\/11\/Disney-pourrait-retirer-ses-chaines-de-YouTube-TV.png","datePublished":"2025-11-01T13:17:26+00:00","dateModified":"2025-11-01T13:17:26+00:00","breadcrumb":{"@id":"https:\/\/vieassociative.be\/actualites\/disney-pourrait-retirer-ses-chaines-de-youtube-tv\/#breadcrumb"},"inLanguage":"fr-BE","potentialAction":[{"@type":"ReadAction","target":["https:\/\/vieassociative.be\/actualites\/disney-pourrait-retirer-ses-chaines-de-youtube-tv\/"]}]},{"@type":"ImageObject","inLanguage":"fr-BE","@id":"https:\/\/vieassociative.be\/actualites\/disney-pourrait-retirer-ses-chaines-de-youtube-tv\/#primaryimage","url":"https:\/\/vieassociative.be\/actualites\/wp-content\/uploads\/2025\/11\/Disney-pourrait-retirer-ses-chaines-de-YouTube-TV.png","contentUrl":"https:\/\/vieassociative.be\/actualites\/wp-content\/uploads\/2025\/11\/Disney-pourrait-retirer-ses-chaines-de-YouTube-TV.png","width":1200,"height":675,"caption":"Disney pourrait retirer ses cha\u00eenes de YouTube TV"},{"@type":"BreadcrumbList","@id":"https:\/\/vieassociative.be\/actualites\/disney-pourrait-retirer-ses-chaines-de-youtube-tv\/#breadcrumb","itemListElement":[{"@type":"ListItem","position":1,"name":"Accueil","item":"https:\/\/vieassociative.be\/actualites\/"},{"@type":"ListItem","position":2,"name":"Disney pourrait retirer ses cha\u00eenes de YouTube TV"}]},{"@type":"WebSite","@id":"https:\/\/vieassociative.be\/actualites\/#website","url":"https:\/\/vieassociative.be\/actualites\/","name":"Vie Associative","description":"","publisher":{"@id":"https:\/\/vieassociative.be\/actualites\/#organization"},"potentialAction":[{"@type":"SearchAction","target":{"@type":"EntryPoint","urlTemplate":"https:\/\/vieassociative.be\/actualites\/?s={search_term_string}"},"query-input":{"@type":"PropertyValueSpecification","valueRequired":true,"valueName":"search_term_string"}}],"inLanguage":"fr-BE"},{"@type":"Organization","@id":"https:\/\/vieassociative.be\/actualites\/#organization","name":"Vie Associative","url":"https:\/\/vieassociative.be\/actualites\/","logo":{"@type":"ImageObject","inLanguage":"fr-BE","@id":"https:\/\/vieassociative.be\/actualites\/#\/schema\/logo\/image\/","url":"https:\/\/vieassociative.be\/actualites\/wp-content\/uploads\/2024\/09\/cropped-vieassociative_favicon.ico.png","contentUrl":"https:\/\/vieassociative.be\/actualites\/wp-content\/uploads\/2024\/09\/cropped-vieassociative_favicon.ico.png","width":512,"height":512,"caption":"Vie Associative"},"image":{"@id":"https:\/\/vieassociative.be\/actualites\/#\/schema\/logo\/image\/"}},{"@type":"Person","@id":"https:\/\/vieassociative.be\/actualites\/#\/schema\/person\/b87ac4f82f9d4e7b7cec7395b679edc4","name":"Julien","image":{"@type":"ImageObject","inLanguage":"fr-BE","@id":"https:\/\/vieassociative.be\/actualites\/#\/schema\/person\/image\/","url":"https:\/\/vieassociative.be\/actualites\/wp-content\/uploads\/2024\/09\/vie-associative-1-150x150.jpg","contentUrl":"https:\/\/vieassociative.be\/actualites\/wp-content\/uploads\/2024\/09\/vie-associative-1-150x150.jpg","caption":"Julien"},"description":"Je suis Julien, r\u00e9dacteur pour Vie Associative. Passionn\u00e9 par le monde associatif depuis plus de 10 ans, j'ai \u00e0 c\u0153ur de partager des histoires inspirantes et de mettre en lumi\u00e8re les initiatives locales. Mon objectif est de sensibiliser et d'encourager l'engagement communautaire \u00e0 travers mes articles.","sameAs":["https:\/\/vieassociative.be\/"]}]}},"_links":{"self":[{"href":"https:\/\/vieassociative.be\/actualites\/wp-json\/wp\/v2\/posts\/11034"}],"collection":[{"href":"https:\/\/vieassociative.be\/actualites\/wp-json\/wp\/v2\/posts"}],"about":[{"href":"https:\/\/vieassociative.be\/actualites\/wp-json\/wp\/v2\/types\/post"}],"author":[{"embeddable":true,"href":"https:\/\/vieassociative.be\/actualites\/wp-json\/wp\/v2\/users\/1"}],"replies":[{"embeddable":true,"href":"https:\/\/vieassociative.be\/actualites\/wp-json\/wp\/v2\/comments?post=11034"}],"version-history":[{"count":0,"href":"https:\/\/vieassociative.be\/actualites\/wp-json\/wp\/v2\/posts\/11034\/revisions"}],"wp:featuredmedia":[{"embeddable":true,"href":"https:\/\/vieassociative.be\/actualites\/wp-json\/wp\/v2\/media\/11035"}],"wp:attachment":[{"href":"https:\/\/vieassociative.be\/actualites\/wp-json\/wp\/v2\/media?parent=11034"}],"wp:term":[{"taxonomy":"category","embeddable":true,"href":"https:\/\/vieassociative.be\/actualites\/wp-json\/wp\/v2\/categories?post=11034"},{"taxonomy":"post_tag","embeddable":true,"href":"https:\/\/vieassociative.be\/actualites\/wp-json\/wp\/v2\/tags?post=11034"}],"curies":[{"name":"wp","href":"https:\/\/api.w.org\/{rel}","templated":true}]}}