{"id":11032,"date":"2025-11-01T08:17:31","date_gmt":"2025-11-01T07:17:31","guid":{"rendered":"https:\/\/vieassociative.be\/actualites\/les-premieres-offres-du-black-friday-de-best-buy-sont-en-ligne-et-elles-sont-bonnes\/"},"modified":"2025-11-01T08:17:31","modified_gmt":"2025-11-01T07:17:31","slug":"les-premieres-offres-du-black-friday-de-best-buy-sont-en-ligne-et-elles-sont-bonnes","status":"publish","type":"post","link":"https:\/\/vieassociative.be\/actualites\/les-premieres-offres-du-black-friday-de-best-buy-sont-en-ligne-et-elles-sont-bonnes\/","title":{"rendered":"Les premi\u00e8res offres du Black Friday de Best Buy sont en ligne et elles sont bonnes"},"content":{"rendered":"<div class=\"mt-4 leading-6 md:mb-8\">Un t\u00e9l\u00e9viseur OLED dans la fourchette de 500 $ ? Du jamais vu.<\/div>\n<p><\/p>\n<p>Les soldes des f\u00eates de fin d\u2019ann\u00e9e ont officiellement commenc\u00e9. Cette ann\u00e9e, Best Buy organise six ventes \u00e0 partir d&rsquo;Halloween et jusqu&rsquo;\u00e0 No\u00ebl. Les premi\u00e8res (tr\u00e8s premi\u00e8res) offres du Black Friday sont d\u00e9j\u00e0 en ligne et elles sont bonnes. Voici les meilleurs que j&rsquo;ai trouv\u00e9s jusqu&rsquo;\u00e0 pr\u00e9sent.<\/p>\n<div class=\"shadow-b-2 mb-12 mt-10 rounded-md border-2 border-(#F0F0F0) px-6 py-2 shadow-lg md:px-12\" role=\"region\" aria-label=\"Products List\" x-data=\"{ showMore: false }\">\n<div class=\"flex w-full gap-x-5\">\n<div class=\"flex w-full flex-col flex-nowrap justify-center gap-2 text-black no-underline md:order-2 md:gap-y-6\">\n<div class=\"flex flex-col justify-between gap-y-2 md:w-full md:gap-y-1\">\n<div class=\"block w-fit cursor-pointer font-akshar text-lg font-medium leading-5 text-brand-green duration-200 ease-in-out hover:text-brand-green-700 md:text-xl md:leading-6\">\n<p>                            LG &#8211; T\u00e9l\u00e9viseur intelligent webOS OLED AI 4K UHD s\u00e9rie B5 de 48 po (2025)\n                        <\/p><\/div>\n<\/p><\/div>\n<div class=\"hidden md:flex md:justify-between md:gap-x-4\">\n<div class=\"w-full mb-0 md:flex md:flex-col md:justify-center font-sans leading-4 text-black\">\n<div class=\"flex flex-wrap items-center justify-center gap-1 md:justify-start\">\n        <span class=\"font-bold\"><\/p>\n<p>            529,99\u00a0$<br \/>\n                            <span class=\"font-medium\">chez Best Buy<\/span><br \/>\n                    <\/span>\n            <\/div>\n<div class=\"flex items-center justify-center gap-x-1 font-bold md:justify-start\">\n            <span class=\"text-sm line-through\">1\u00a0299,99\u00a0$<\/span><br \/>\n            <span class=\"text-sm text-brand-green\">\u00c9conomisez 770,00\u00a0$<\/span>\n        <\/div>\n<\/p><\/div>\n<p>                            <button class=\"flex justify-center items-center w-full bg-brand-green text-white text-base font-sans font-medium rounded-md hover:bg-brand-green-700 hover:cursor-pointer md:text-sm hidden self-end h-12 max-w-(10rem) duration-200 ease-in-out hover:bg-brand-green-700 md:flex md:h-10\"><\/p>\n<p>    Obtenez une offre<br \/>\n<\/button>\n                        <\/div>\n<\/p><\/div>\n<div class=\"flex aspect-video h-(90px) shrink-0 items-center justify-center self-center md:order-1\">\n                        <img decoding=\"async\" class=\"m-0 max-h-full max-w-full rounded-md\" src=\"https:\/\/vieassociative.be\/actualites\/wp-content\/uploads\/2025\/11\/Les-premieres-offres-du-Black-Friday-de-Best-Buy-sont.png\" alt=\"LG-48\" b5 series oled ai uhd smart webos tv width=\"auto\" height=\"auto\" loading=\"lazy\">\n                    <\/div>\n<\/p><\/div>\n<p>                            <button class=\"flex justify-center items-center w-full bg-brand-green text-white text-base font-sans font-medium rounded-md hover:bg-brand-green-700 hover:cursor-pointer md:text-sm w-full h-12 duration-200 ease-in-out hover:bg-brand-green-700 md:hidden md:h-10\"><\/p>\n<p>    Obtenez une offre<br \/>\n<\/button><\/p>\n<div class=\"flex flex-col items-center w-full md:hidden font-sans leading-4 text-black\">\n<div class=\"flex flex-wrap items-center justify-center gap-1 md:justify-start\">\n        <span class=\"font-bold\"><\/p>\n<p>            529,99\u00a0$<br \/>\n                            <span class=\"font-medium\">chez Best Buy<\/span><br \/>\n                    <\/span>\n            <\/div>\n<div class=\"flex items-center justify-center gap-x-1 font-bold md:justify-start\">\n            <span class=\"text-sm line-through\">1\u00a0299,99\u00a0$<\/span><br \/>\n            <span class=\"text-sm text-brand-green\">\u00c9conomisez 770,00\u00a0$<\/span>\n        <\/div>\n<\/p><\/div>\n<div class=\"flex w-full gap-x-5\">\n<div class=\"flex w-full flex-col flex-nowrap justify-center gap-2 text-black no-underline md:order-2 md:gap-y-6\">\n<div class=\"flex flex-col justify-between gap-y-2 md:w-full md:gap-y-1\">\n<div class=\"block w-fit cursor-pointer font-akshar text-lg font-medium leading-5 text-brand-green duration-200 ease-in-out hover:text-brand-green-700 md:text-xl md:leading-6\">\n<p>                            Samsung &#8211; T\u00e9l\u00e9viseur intelligent Tizen OLED 4K UHD Vision AI Classe S84F de 65 pouces (2025)\n                        <\/p><\/div>\n<\/p><\/div>\n<div class=\"hidden md:flex md:justify-between md:gap-x-4\">\n<div class=\"w-full mb-0 md:flex md:flex-col md:justify-center font-sans leading-4 text-black\">\n<div class=\"flex flex-wrap items-center justify-center gap-1 md:justify-start\">\n        <span class=\"font-bold\"><\/p>\n<p>            949,99\u00a0$<br \/>\n                    <\/span>\n            <\/div>\n<div class=\"flex items-center justify-center gap-x-1 font-bold md:justify-start\">\n            <span class=\"text-sm line-through\">1\u00a0999,99\u00a0$<\/span><br \/>\n            <span class=\"text-sm text-brand-green\">\u00c9conomisez 1\u00a0050,00\u00a0$<\/span>\n        <\/div>\n<\/p><\/div>\n<p>                            <button class=\"flex justify-center items-center w-full bg-brand-green text-white text-base font-sans font-medium rounded-md hover:bg-brand-green-700 hover:cursor-pointer md:text-sm hidden self-end h-12 max-w-(10rem) duration-200 ease-in-out hover:bg-brand-green-700 md:flex md:h-10\"><\/p>\n<p>    Obtenez une offre<br \/>\n<\/button>\n                        <\/div>\n<\/p><\/div>\n<div class=\"flex aspect-video h-(90px) shrink-0 items-center justify-center self-center md:order-1\">\n                        <img decoding=\"async\" class=\"m-0 max-h-full max-w-full rounded-md\" src=\"https:\/\/vieassociative.be\/actualites\/wp-content\/uploads\/2025\/11\/1761981449_523_Les-premieres-offres-du-Black-Friday-de-Best-Buy-sont.png\" alt=\"Samsung-65\" s84f oled uhd vision ai smart tizen tv width=\"auto\" height=\"auto\" loading=\"lazy\">\n                    <\/div>\n<\/p><\/div>\n<p>                            <button class=\"flex justify-center items-center w-full bg-brand-green text-white text-base font-sans font-medium rounded-md hover:bg-brand-green-700 hover:cursor-pointer md:text-sm w-full h-12 duration-200 ease-in-out hover:bg-brand-green-700 md:hidden md:h-10\"><\/p>\n<p>    Obtenez une offre<br \/>\n<\/button><\/p>\n<div class=\"flex flex-col items-center w-full md:hidden font-sans leading-4 text-black\">\n<div class=\"flex flex-wrap items-center justify-center gap-1 md:justify-start\">\n        <span class=\"font-bold\"><\/p>\n<p>            949,99\u00a0$<br \/>\n                    <\/span>\n            <\/div>\n<div class=\"flex items-center justify-center gap-x-1 font-bold md:justify-start\">\n            <span class=\"text-sm line-through\">1\u00a0999,99\u00a0$<\/span><br \/>\n            <span class=\"text-sm text-brand-green\">\u00c9conomisez 1\u00a0050,00\u00a0$<\/span>\n        <\/div>\n<\/p><\/div>\n<div class=\"flex w-full gap-x-5\">\n<div class=\"flex w-full flex-col flex-nowrap justify-center gap-2 text-black no-underline md:order-2 md:gap-y-6\">\n<div class=\"flex flex-col justify-between gap-y-2 md:w-full md:gap-y-1\">\n<div class=\"block w-fit cursor-pointer font-akshar text-lg font-medium leading-5 text-brand-green duration-200 ease-in-out hover:text-brand-green-700 md:text-xl md:leading-6\">\n<p>                            JBL &#8211; Enceinte de f\u00eate portable sans fil PartyBox Stage 320\n                        <\/p><\/div>\n<\/p><\/div>\n<div class=\"hidden md:flex md:justify-between md:gap-x-4\">\n<div class=\"w-full mb-0 md:flex md:flex-col md:justify-center font-sans leading-4 text-black\">\n<div class=\"flex flex-wrap items-center justify-center gap-1 md:justify-start\">\n        <span class=\"font-bold\"><\/p>\n<p>            549,99\u00a0$<br \/>\n                            <span class=\"font-medium\">chez Best Buy<\/span><br \/>\n                    <\/span>\n            <\/div>\n<div class=\"flex items-center justify-center gap-x-1 font-bold md:justify-start\">\n            <span class=\"text-sm line-through\">629,99\u00a0$<\/span><br \/>\n            <span class=\"text-sm text-brand-green\">\u00c9conomisez 80,00\u00a0$<\/span>\n        <\/div>\n<\/p><\/div>\n<p>                            <button class=\"flex justify-center items-center w-full bg-brand-green text-white text-base font-sans font-medium rounded-md hover:bg-brand-green-700 hover:cursor-pointer md:text-sm hidden self-end h-12 max-w-(10rem) duration-200 ease-in-out hover:bg-brand-green-700 md:flex md:h-10\"><\/p>\n<p>    Obtenez une offre<br \/>\n<\/button>\n                        <\/div>\n<\/p><\/div>\n<div class=\"flex aspect-video h-(90px) shrink-0 items-center justify-center self-center md:order-1\">\n                        <img decoding=\"async\" class=\"m-0 max-h-full max-w-full rounded-md\" src=\"https:\/\/vieassociative.be\/actualites\/wp-content\/uploads\/2025\/11\/1761981450_979_Les-premieres-offres-du-Black-Friday-de-Best-Buy-sont.png\" alt=\"JBL - Enceinte de f\u00eate portable sans fil PartyBox Stage 320\" width=\"auto\" height=\"auto\" loading=\"lazy\">\n                    <\/div>\n<\/p><\/div>\n<p>                            <button class=\"flex justify-center items-center w-full bg-brand-green text-white text-base font-sans font-medium rounded-md hover:bg-brand-green-700 hover:cursor-pointer md:text-sm w-full h-12 duration-200 ease-in-out hover:bg-brand-green-700 md:hidden md:h-10\"><\/p>\n<p>    Obtenez une offre<br \/>\n<\/button><\/p>\n<div class=\"flex flex-col items-center w-full md:hidden font-sans leading-4 text-black\">\n<div class=\"flex flex-wrap items-center justify-center gap-1 md:justify-start\">\n        <span class=\"font-bold\"><\/p>\n<p>            549,99\u00a0$<br \/>\n                            <span class=\"font-medium\">chez Best Buy<\/span><br \/>\n                    <\/span>\n            <\/div>\n<div class=\"flex items-center justify-center gap-x-1 font-bold md:justify-start\">\n            <span class=\"text-sm line-through\">629,99\u00a0$<\/span><br \/>\n            <span class=\"text-sm text-brand-green\">\u00c9conomisez 80,00\u00a0$<\/span>\n        <\/div>\n<\/p><\/div>\n<div class=\"flex w-full gap-x-5\">\n<div class=\"flex w-full flex-col flex-nowrap justify-center gap-2 text-black no-underline md:order-2 md:gap-y-6\">\n<div class=\"flex flex-col justify-between gap-y-2 md:w-full md:gap-y-1\">\n<div class=\"block w-fit cursor-pointer font-akshar text-lg font-medium leading-5 text-brand-green duration-200 ease-in-out hover:text-brand-green-700 md:text-xl md:leading-6\">\n<p>                            Apple &#8211; Ordinateur portable MacBook Air 13 pouces &#8211; Puce Apple M2\n                        <\/p><\/div>\n<\/p><\/div>\n<div class=\"hidden md:flex md:justify-between md:gap-x-4\">\n<div class=\"w-full mb-0 md:flex md:flex-col md:justify-center font-sans leading-4 text-black\">\n<div class=\"flex flex-wrap items-center justify-center gap-1 md:justify-start\">\n        <span class=\"font-bold\"><\/p>\n<p>            649,00\u00a0$<br \/>\n                            <span class=\"font-medium\">chez Best Buy<\/span><br \/>\n                    <\/span>\n            <\/div>\n<div class=\"flex items-center justify-center gap-x-1 font-bold md:justify-start\">\n            <span class=\"text-sm line-through\">799,00\u00a0$<\/span><br \/>\n            <span class=\"text-sm text-brand-green\">\u00c9conomisez 150,00\u00a0$<\/span>\n        <\/div>\n<\/p><\/div>\n<p>                            <button class=\"flex justify-center items-center w-full bg-brand-green text-white text-base font-sans font-medium rounded-md hover:bg-brand-green-700 hover:cursor-pointer md:text-sm hidden self-end h-12 max-w-(10rem) duration-200 ease-in-out hover:bg-brand-green-700 md:flex md:h-10\"><\/p>\n<p>    Obtenez une offre<br \/>\n<\/button>\n                        <\/div>\n<\/p><\/div>\n<div class=\"flex aspect-video h-(90px) shrink-0 items-center justify-center self-center md:order-1\">\n                        <img decoding=\"async\" class=\"m-0 max-h-full max-w-full rounded-md\" src=\"https:\/\/vieassociative.be\/actualites\/wp-content\/uploads\/2025\/11\/1761981450_376_Les-premieres-offres-du-Black-Friday-de-Best-Buy-sont.png\" alt=\"Apple - Ordinateur portable MacBook Air 13 pouces - Puce Apple M2 con\u00e7ue pour Apple Intelligence - M\u00e9moire 16 Go - SSD 256 Go\" width=\"auto\" height=\"auto\" loading=\"lazy\">\n                    <\/div>\n<\/p><\/div>\n<p>                            <button class=\"flex justify-center items-center w-full bg-brand-green text-white text-base font-sans font-medium rounded-md hover:bg-brand-green-700 hover:cursor-pointer md:text-sm w-full h-12 duration-200 ease-in-out hover:bg-brand-green-700 md:hidden md:h-10\"><\/p>\n<p>    Obtenez une offre<br \/>\n<\/button><\/p>\n<div class=\"flex flex-col items-center w-full md:hidden font-sans leading-4 text-black\">\n<div class=\"flex flex-wrap items-center justify-center gap-1 md:justify-start\">\n        <span class=\"font-bold\"><\/p>\n<p>            649,00\u00a0$<br \/>\n                            <span class=\"font-medium\">chez Best Buy<\/span><br \/>\n                    <\/span>\n            <\/div>\n<div class=\"flex items-center justify-center gap-x-1 font-bold md:justify-start\">\n            <span class=\"text-sm line-through\">799,00\u00a0$<\/span><br \/>\n            <span class=\"text-sm text-brand-green\">\u00c9conomisez 150,00\u00a0$<\/span>\n        <\/div>\n<\/p><\/div>\n<div class=\"flex w-full gap-x-5\">\n<div class=\"flex w-full flex-col flex-nowrap justify-center gap-2 text-black no-underline md:order-2 md:gap-y-6\">\n<div class=\"flex flex-col justify-between gap-y-2 md:w-full md:gap-y-1\">\n<div class=\"block w-fit cursor-pointer font-akshar text-lg font-medium leading-5 text-brand-green duration-200 ease-in-out hover:text-brand-green-700 md:text-xl md:leading-6\">\n<p>                            Lenovo &#8211; Ordinateur portable Ideapad 1i 15,6&Prime; \u00e0 \u00e9cran tactile Full HD\n                        <\/p><\/div>\n<\/p><\/div>\n<div class=\"hidden md:flex md:justify-between md:gap-x-4\">\n<div class=\"w-full mb-0 md:flex md:flex-col md:justify-center font-sans leading-4 text-black\">\n<div class=\"flex flex-wrap items-center justify-center gap-1 md:justify-start\">\n        <span class=\"font-bold\"><\/p>\n<p>            399,99\u00a0$<br \/>\n                            <span class=\"font-medium\">chez Best Buy<\/span><br \/>\n                    <\/span>\n            <\/div>\n<div class=\"flex items-center justify-center gap-x-1 font-bold md:justify-start\">\n            <span class=\"text-sm line-through\">699,99\u00a0$<\/span><br \/>\n            <span class=\"text-sm text-brand-green\">\u00c9conomisez 300,00\u00a0$<\/span>\n        <\/div>\n<\/p><\/div>\n<p>                            <button class=\"flex justify-center items-center w-full bg-brand-green text-white text-base font-sans font-medium rounded-md hover:bg-brand-green-700 hover:cursor-pointer md:text-sm hidden self-end h-12 max-w-(10rem) duration-200 ease-in-out hover:bg-brand-green-700 md:flex md:h-10\"><\/p>\n<p>    Obtenez une offre<br \/>\n<\/button>\n                        <\/div>\n<\/p><\/div>\n<div class=\"flex aspect-video h-(90px) shrink-0 items-center justify-center self-center md:order-1\">\n                        <img decoding=\"async\" class=\"m-0 max-h-full max-w-full rounded-md\" src=\"https:\/\/vieassociative.be\/actualites\/wp-content\/uploads\/2025\/11\/1761981451_29_Les-premieres-offres-du-Black-Friday-de-Best-Buy-sont.png\" alt=\"Lenovo-Ideapad 1i 15.6\" full hd touchscreen laptop intel core i5-1334u memory ssd width=\"auto\" height=\"auto\" loading=\"lazy\">\n                    <\/div>\n<\/p><\/div>\n<p>                            <button class=\"flex justify-center items-center w-full bg-brand-green text-white text-base font-sans font-medium rounded-md hover:bg-brand-green-700 hover:cursor-pointer md:text-sm w-full h-12 duration-200 ease-in-out hover:bg-brand-green-700 md:hidden md:h-10\"><\/p>\n<p>    Obtenez une offre<br \/>\n<\/button><\/p>\n<div class=\"flex flex-col items-center w-full md:hidden font-sans leading-4 text-black\">\n<div class=\"flex flex-wrap items-center justify-center gap-1 md:justify-start\">\n        <span class=\"font-bold\"><\/p>\n<p>            399,99\u00a0$<br \/>\n                            <span class=\"font-medium\">chez Best Buy<\/span><br \/>\n                    <\/span>\n            <\/div>\n<div class=\"flex items-center justify-center gap-x-1 font-bold md:justify-start\">\n            <span class=\"text-sm line-through\">699,99\u00a0$<\/span><br \/>\n            <span class=\"text-sm text-brand-green\">\u00c9conomisez 300,00\u00a0$<\/span>\n        <\/div>\n<\/p><\/div>\n<div class=\"flex w-full gap-x-5\">\n<div class=\"flex w-full flex-col flex-nowrap justify-center gap-2 text-black no-underline md:order-2 md:gap-y-6\">\n<div class=\"flex flex-col justify-between gap-y-2 md:w-full md:gap-y-1\">\n<div class=\"block w-fit cursor-pointer font-akshar text-lg font-medium leading-5 text-brand-green duration-200 ease-in-out hover:text-brand-green-700 md:text-xl md:leading-6\">\n<p>                            Bose-QuietComfort Ultra\n                        <\/p><\/div>\n<\/p><\/div>\n<div class=\"hidden md:flex md:justify-between md:gap-x-4\">\n<div class=\"w-full mb-0 md:flex md:flex-col md:justify-center font-sans leading-4 text-black\">\n<div class=\"flex flex-wrap items-center justify-center gap-1 md:justify-start\">\n        <span class=\"font-bold\"><\/p>\n<p>            329,00\u00a0$<br \/>\n                            <span class=\"font-medium\">chez Best Buy<\/span><br \/>\n                    <\/span>\n            <\/div>\n<div class=\"flex items-center justify-center gap-x-1 font-bold md:justify-start\">\n            <span class=\"text-sm line-through\">429,00\u00a0$<\/span><br \/>\n            <span class=\"text-sm text-brand-green\">\u00c9conomisez 100,00\u00a0$<\/span>\n        <\/div>\n<\/p><\/div>\n<p>                            <button class=\"flex justify-center items-center w-full bg-brand-green text-white text-base font-sans font-medium rounded-md hover:bg-brand-green-700 hover:cursor-pointer md:text-sm hidden self-end h-12 max-w-(10rem) duration-200 ease-in-out hover:bg-brand-green-700 md:flex md:h-10\"><\/p>\n<p>    Obtenez une offre<br \/>\n<\/button>\n                        <\/div>\n<\/p><\/div>\n<div class=\"flex aspect-video h-(90px) shrink-0 items-center justify-center self-center md:order-1\">\n                        <img decoding=\"async\" class=\"m-0 max-h-full max-w-full rounded-md\" src=\"https:\/\/vieassociative.be\/actualites\/wp-content\/uploads\/2025\/11\/1761981451_512_Les-premieres-offres-du-Black-Friday-de-Best-Buy-sont.png\" alt=\"Bose-QuietComfort Ultra\" width=\"auto\" height=\"auto\" loading=\"lazy\">\n                    <\/div>\n<\/p><\/div>\n<p>                            <button class=\"flex justify-center items-center w-full bg-brand-green text-white text-base font-sans font-medium rounded-md hover:bg-brand-green-700 hover:cursor-pointer md:text-sm w-full h-12 duration-200 ease-in-out hover:bg-brand-green-700 md:hidden md:h-10\"><\/p>\n<p>    Obtenez une offre<br \/>\n<\/button><\/p>\n<div class=\"flex flex-col items-center w-full md:hidden font-sans leading-4 text-black\">\n<div class=\"flex flex-wrap items-center justify-center gap-1 md:justify-start\">\n        <span class=\"font-bold\"><\/p>\n<p>            329,00\u00a0$<br \/>\n                            <span class=\"font-medium\">chez Best Buy<\/span><br \/>\n                    <\/span>\n            <\/div>\n<div class=\"flex items-center justify-center gap-x-1 font-bold md:justify-start\">\n            <span class=\"text-sm line-through\">429,00\u00a0$<\/span><br \/>\n            <span class=\"text-sm text-brand-green\">\u00c9conomisez 100,00\u00a0$<\/span>\n        <\/div>\n<\/p><\/div>\n<\/div>\n<h2 id=\"great-prices-on-oled-tvs\">Des prix avantageux sur les t\u00e9l\u00e9viseurs OLED<\/h2>\n<p>Je suis impressionn\u00e9 par la baisse de prix de l&rsquo;OLED LG 48&Prime; classe B5 s\u00e9rie. Vous pouvez l&rsquo;obtenir pour <strong>529,99\u00a0$<\/strong> (\u00e0 l&rsquo;origine 1 299,99 $), le prix le plus bas jamais enregistr\u00e9 et un excellent prix pour obtenir un t\u00e9l\u00e9viseur OLED, dont la plupart commencent facilement dans les 1 000 $. Si vous pouvez d\u00e9penser un peu plus, le Samsung 65&Prime; Classe S84F OLED est<strong> 949,99\u00a0$ <\/strong>(\u00e0 l&rsquo;origine 1999,99 $) \u2013 c&rsquo;est un prix incroyablement bon pour un OLED de 65 pouces. <\/p>\n<h2 id=\"deals-on-speakers-and-headphones\">Offres sur les haut-parleurs et les \u00e9couteurs<\/h2>\n<p>J&rsquo;adore mon enceinte JBL PartyBox Stage 320, et tous ceux qui l&rsquo;entendent me posent des questions \u00e0 ce sujet. C\u2019est un haut-parleur amusant, puissant et riche en fonctionnalit\u00e9s que j\u2019ai ador\u00e9 tester. Vous pouvez l&rsquo;obtenir pour<strong> 549,99\u00a0$ <\/strong>(\u00e0 l&rsquo;origine 629,99 $) en ce moment.<\/p>\n<p>Best Buy propose \u00e9galement de nombreux \u00e9couteurs Bose en vente. Je recommande leurs \u00e9couteurs phares, le Bose QuietComfort Ultra, qui co\u00fbtent actuellement 329 $ (\u00e0 l&rsquo;origine 429 $). <\/p>\n<h2 id=\"laptops-at-great-prices\">Ordinateurs portables \u00e0 des prix avantageux<\/h2>\n<p>Les ordinateurs portables Apple b\u00e9n\u00e9ficient de prix avantageux dans tous les domaines. Le MacBook Air 13 pouces ordinateur portable M2 avec 16 Go de RAM et 256 Go de SSD est <strong>649\u00a0$<\/strong> (\u00e0 l&rsquo;origine 799 $). C&rsquo;est le prix le plus bas que j&rsquo;ai vu pour cet excellent ordinateur portable.<\/p>\n<p>Pour les utilisateurs de PC, je recommande le Lenovo Ideapad 15,6 pouces avec un processeur Intel Core i5 et 16 Go de RAM avec 512 Go de stockage SSD. <strong>399,99\u00a0$<\/strong> (\u00e0 l\u2019origine 699,99 $), ce qui repr\u00e9sente un excellent prix pour le mat\u00e9riel.<\/p>\n<h2 id=\"what-other-sales-is-best-buy-having-this-holiday-season\">Quelles autres ventes Best Buy organise-t-elle cette p\u00e9riode des f\u00eates ?<\/h2>\n<p>Best Buy a annonc\u00e9 les \u00e9v\u00e9nements suivants\u00a0:<\/p>\n<ul>\n<li>\n<p><strong>Porte-portes<\/strong>: Le 31 octobre aura lieu l&rsquo;\u00e9v\u00e9nement \u00ab\u00a0DoorBOOsters\u00a0\u00bb avec des deals technologiques.<\/p>\n<\/li>\n<li>\n<p><strong>De nouveaux doorbusters tous les vendredis<\/strong>: Ensuite, tous les vendredis de la p\u00e9riode des f\u00eates (jusqu&rsquo;au 24 d\u00e9cembre), de nouvelles offres seront propos\u00e9es sur certaines technologies.<\/p>\n<\/li>\n<li>\n<p><strong>Vente anticip\u00e9e du Black Friday<\/strong>: La vente anticip\u00e9e du Black Friday d\u00e9butera le 31 octobre et se poursuivra jusqu&rsquo;au 19 novembre. <\/p>\n<\/li>\n<li>\n<p><strong>Vente du vendredi noir<\/strong>: Best Buy affirme qu&rsquo;il s&rsquo;agira de sa vente principale, qui d\u00e9butera le jeudi 20 novembre et se poursuivra jusqu&rsquo;au 29 novembre avec des offres sur \u00ab\u00a0l&rsquo;informatique, les jeux, le cin\u00e9ma maison, les appareils portables et plus encore\u00a0\u00bb.<\/p>\n<\/li>\n<li>\n<p><strong>Cyber \u200b\u200bdimanche et lundi<\/strong>: Best Buy \u00e9tend le Cyber \u200b\u200b\u200b\u200bMonday \u00e0 deux jours et affirme que vous pouvez trouver des offres allant jusqu&rsquo;\u00e0 50 % de r\u00e9duction sur certaines technologies.<\/p>\n<\/li>\n<li>\n<p><strong>\u00c9conomies de derni\u00e8re minute<\/strong>: La vente de No\u00ebl se d\u00e9roulera du 15 d\u00e9cembre au 24 d\u00e9cembre.<\/p>\n<\/li>\n<\/ul>\n<h2 id=\"what-deals-can-you-expect-during-the-holiday-sale-events\">\u00c0 quelles offres pouvez-vous vous attendre lors des \u00e9v\u00e9nements de soldes de No\u00ebl\u00a0?<\/h2>\n<p>Best Buy annonce qu&rsquo;il proposera des offres et des d\u00e9mos en magasin sur Meta Ray-Ban Display\u00a0; T\u00e9l\u00e9viseurs XXL ; PC Copilot+\u00a0; ventes de petits appareils \u00e9lectrom\u00e9nagers de Shark, Ninja, Dyson et Breville. Best Buy indique qu&rsquo;il b\u00e9n\u00e9ficiera \u00e9galement de sa garantie habituelle d&rsquo;\u00e9galisation des prix, donc si le prix de quelque chose que vous avez achet\u00e9 chez Best Buy descend \u00e0 un prix inf\u00e9rieur pendant la p\u00e9riode des f\u00eates, il l&rsquo;\u00e9galera. Cela prolonge \u00e9galement les heures d&rsquo;ouverture des magasins, qui varient selon l&#8217;emplacement.<\/p>\n<h2 id=\"do-you-need-to-be-a-member-to-shop-best-buys-holiday-sales\">Devez-vous \u00eatre membre pour profiter des soldes des F\u00eates de Best Buy\u00a0?<\/h2>\n<p>Bien que vous n&rsquo;ayez pas besoin d&rsquo;un abonnement Best Buy pour magasiner des offres, les membres peuvent r\u00e9aliser de meilleures \u00e9conomies. Il est gratuit de souscrire \u00e0 un abonnement My Best Buy, qui vous offrira la livraison gratuite, mais si vous adh\u00e9rez \u00e0 l&rsquo;un de ses abonnements payants (My Best Buy Plus pour <strong>49,99\u00a0$<\/strong> par an ou My Best Buy Total pour 179,99 $ par an), vous b\u00e9n\u00e9ficierez d&rsquo;une livraison gratuite plus rapide, de prix et d&rsquo;offres exclusifs, d&rsquo;une fen\u00eatre de retour prolong\u00e9e de 60 jours sur la plupart des produits et d&rsquo;un acc\u00e8s \u00e0 certaines ventes. Les membres payants gagneront \u00e9galement des r\u00e9compenses suppl\u00e9mentaires.<\/p>\n","protected":false},"excerpt":{"rendered":"<p>Un t\u00e9l\u00e9viseur OLED dans la fourchette de 500 $ ? Du jamais vu. Les soldes des f\u00eates de fin d\u2019ann\u00e9e ont officiellement commenc\u00e9. Cette ann\u00e9e,<\/p>\n","protected":false},"author":1,"featured_media":11033,"comment_status":"","ping_status":"","sticky":false,"template":"","format":"standard","meta":{"footnotes":""},"categories":[41],"tags":[73,3038,1256,3522,1255,14,11,345,597,18],"class_list":["post-11032","post","type-post","status-publish","format-standard","has-post-thumbnail","hentry","category-argent","tag-black","tag-bonnes","tag-buy","tag-elles","tag-friday","tag-les","tag-ligne","tag-offres","tag-premieres","tag-sont","generate-columns","tablet-grid-50","mobile-grid-100","grid-parent","grid-33"],"yoast_head":"<!-- This site is optimized with the Yoast SEO plugin v24.0 - https:\/\/yoast.com\/wordpress\/plugins\/seo\/ -->\n<title>Les premi\u00e8res offres du Black Friday de Best Buy sont en ligne et elles sont bonnes | Vie Associative<\/title>\n<meta name=\"robots\" content=\"index, follow, max-snippet:-1, max-image-preview:large, max-video-preview:-1\" \/>\n<link rel=\"canonical\" href=\"https:\/\/vieassociative.be\/actualites\/les-premieres-offres-du-black-friday-de-best-buy-sont-en-ligne-et-elles-sont-bonnes\/\" \/>\n<meta property=\"og:locale\" content=\"fr_FR\" \/>\n<meta property=\"og:type\" content=\"article\" \/>\n<meta property=\"og:title\" content=\"Les premi\u00e8res offres du Black Friday de Best Buy sont en ligne et elles sont bonnes | Vie Associative\" \/>\n<meta property=\"og:description\" content=\"Un t\u00e9l\u00e9viseur OLED dans la fourchette de 500 $ ? Du jamais vu. Les soldes des f\u00eates de fin d\u2019ann\u00e9e ont officiellement commenc\u00e9. Cette ann\u00e9e,\" \/>\n<meta property=\"og:url\" content=\"https:\/\/vieassociative.be\/actualites\/les-premieres-offres-du-black-friday-de-best-buy-sont-en-ligne-et-elles-sont-bonnes\/\" \/>\n<meta property=\"og:site_name\" content=\"Vie Associative\" \/>\n<meta property=\"article:published_time\" content=\"2025-11-01T07:17:31+00:00\" \/>\n<meta property=\"og:image\" content=\"https:\/\/vieassociative.be\/actualites\/wp-content\/uploads\/2025\/11\/Les-premieres-offres-du-Black-Friday-de-Best-Buy-sont.png\" \/>\n<meta name=\"author\" content=\"Julien\" \/>\n<meta name=\"twitter:card\" content=\"summary_large_image\" \/>\n<meta name=\"twitter:label1\" content=\"\u00c9crit par\" \/>\n\t<meta name=\"twitter:data1\" content=\"Julien\" \/>\n\t<meta name=\"twitter:label2\" content=\"Dur\u00e9e de lecture est.\" \/>\n\t<meta name=\"twitter:data2\" content=\"4 minutes\" \/>\n<script type=\"application\/ld+json\" class=\"yoast-schema-graph\">{\"@context\":\"https:\/\/schema.org\",\"@graph\":[{\"@type\":\"Article\",\"@id\":\"https:\/\/vieassociative.be\/actualites\/les-premieres-offres-du-black-friday-de-best-buy-sont-en-ligne-et-elles-sont-bonnes\/#article\",\"isPartOf\":{\"@id\":\"https:\/\/vieassociative.be\/actualites\/les-premieres-offres-du-black-friday-de-best-buy-sont-en-ligne-et-elles-sont-bonnes\/\"},\"author\":{\"name\":\"Julien\",\"@id\":\"https:\/\/vieassociative.be\/actualites\/#\/schema\/person\/b87ac4f82f9d4e7b7cec7395b679edc4\"},\"headline\":\"Les premi\u00e8res offres du Black Friday de Best Buy sont en ligne et elles sont bonnes\",\"datePublished\":\"2025-11-01T07:17:31+00:00\",\"dateModified\":\"2025-11-01T07:17:31+00:00\",\"mainEntityOfPage\":{\"@id\":\"https:\/\/vieassociative.be\/actualites\/les-premieres-offres-du-black-friday-de-best-buy-sont-en-ligne-et-elles-sont-bonnes\/\"},\"wordCount\":902,\"publisher\":{\"@id\":\"https:\/\/vieassociative.be\/actualites\/#organization\"},\"image\":{\"@id\":\"https:\/\/vieassociative.be\/actualites\/les-premieres-offres-du-black-friday-de-best-buy-sont-en-ligne-et-elles-sont-bonnes\/#primaryimage\"},\"thumbnailUrl\":\"https:\/\/vieassociative.be\/actualites\/wp-content\/uploads\/2025\/11\/1761981453_Les-premieres-offres-du-Black-Friday-de-Best-Buy-sont.png\",\"keywords\":[\"Black\",\"bonnes\",\"Buy\",\"elles\",\"Friday\",\"Les\",\"ligne\",\"offres\",\"premi\u00e8res\",\"sont\"],\"articleSection\":[\"Argent\"],\"inLanguage\":\"fr-BE\"},{\"@type\":\"WebPage\",\"@id\":\"https:\/\/vieassociative.be\/actualites\/les-premieres-offres-du-black-friday-de-best-buy-sont-en-ligne-et-elles-sont-bonnes\/\",\"url\":\"https:\/\/vieassociative.be\/actualites\/les-premieres-offres-du-black-friday-de-best-buy-sont-en-ligne-et-elles-sont-bonnes\/\",\"name\":\"Les premi\u00e8res offres du Black Friday de Best Buy sont en ligne et elles sont bonnes | Vie Associative\",\"isPartOf\":{\"@id\":\"https:\/\/vieassociative.be\/actualites\/#website\"},\"primaryImageOfPage\":{\"@id\":\"https:\/\/vieassociative.be\/actualites\/les-premieres-offres-du-black-friday-de-best-buy-sont-en-ligne-et-elles-sont-bonnes\/#primaryimage\"},\"image\":{\"@id\":\"https:\/\/vieassociative.be\/actualites\/les-premieres-offres-du-black-friday-de-best-buy-sont-en-ligne-et-elles-sont-bonnes\/#primaryimage\"},\"thumbnailUrl\":\"https:\/\/vieassociative.be\/actualites\/wp-content\/uploads\/2025\/11\/1761981453_Les-premieres-offres-du-Black-Friday-de-Best-Buy-sont.png\",\"datePublished\":\"2025-11-01T07:17:31+00:00\",\"dateModified\":\"2025-11-01T07:17:31+00:00\",\"breadcrumb\":{\"@id\":\"https:\/\/vieassociative.be\/actualites\/les-premieres-offres-du-black-friday-de-best-buy-sont-en-ligne-et-elles-sont-bonnes\/#breadcrumb\"},\"inLanguage\":\"fr-BE\",\"potentialAction\":[{\"@type\":\"ReadAction\",\"target\":[\"https:\/\/vieassociative.be\/actualites\/les-premieres-offres-du-black-friday-de-best-buy-sont-en-ligne-et-elles-sont-bonnes\/\"]}]},{\"@type\":\"ImageObject\",\"inLanguage\":\"fr-BE\",\"@id\":\"https:\/\/vieassociative.be\/actualites\/les-premieres-offres-du-black-friday-de-best-buy-sont-en-ligne-et-elles-sont-bonnes\/#primaryimage\",\"url\":\"https:\/\/vieassociative.be\/actualites\/wp-content\/uploads\/2025\/11\/1761981453_Les-premieres-offres-du-Black-Friday-de-Best-Buy-sont.png\",\"contentUrl\":\"https:\/\/vieassociative.be\/actualites\/wp-content\/uploads\/2025\/11\/1761981453_Les-premieres-offres-du-Black-Friday-de-Best-Buy-sont.png\",\"width\":1200,\"height\":675,\"caption\":\"Les premi\u00e8res offres du Black Friday de Best Buy sont en ligne et elles sont bonnes\"},{\"@type\":\"BreadcrumbList\",\"@id\":\"https:\/\/vieassociative.be\/actualites\/les-premieres-offres-du-black-friday-de-best-buy-sont-en-ligne-et-elles-sont-bonnes\/#breadcrumb\",\"itemListElement\":[{\"@type\":\"ListItem\",\"position\":1,\"name\":\"Accueil\",\"item\":\"https:\/\/vieassociative.be\/actualites\/\"},{\"@type\":\"ListItem\",\"position\":2,\"name\":\"Les premi\u00e8res offres du Black Friday de Best Buy sont en ligne et elles sont bonnes\"}]},{\"@type\":\"WebSite\",\"@id\":\"https:\/\/vieassociative.be\/actualites\/#website\",\"url\":\"https:\/\/vieassociative.be\/actualites\/\",\"name\":\"Vie Associative\",\"description\":\"\",\"publisher\":{\"@id\":\"https:\/\/vieassociative.be\/actualites\/#organization\"},\"potentialAction\":[{\"@type\":\"SearchAction\",\"target\":{\"@type\":\"EntryPoint\",\"urlTemplate\":\"https:\/\/vieassociative.be\/actualites\/?s={search_term_string}\"},\"query-input\":{\"@type\":\"PropertyValueSpecification\",\"valueRequired\":true,\"valueName\":\"search_term_string\"}}],\"inLanguage\":\"fr-BE\"},{\"@type\":\"Organization\",\"@id\":\"https:\/\/vieassociative.be\/actualites\/#organization\",\"name\":\"Vie Associative\",\"url\":\"https:\/\/vieassociative.be\/actualites\/\",\"logo\":{\"@type\":\"ImageObject\",\"inLanguage\":\"fr-BE\",\"@id\":\"https:\/\/vieassociative.be\/actualites\/#\/schema\/logo\/image\/\",\"url\":\"https:\/\/vieassociative.be\/actualites\/wp-content\/uploads\/2024\/09\/cropped-vieassociative_favicon.ico.png\",\"contentUrl\":\"https:\/\/vieassociative.be\/actualites\/wp-content\/uploads\/2024\/09\/cropped-vieassociative_favicon.ico.png\",\"width\":512,\"height\":512,\"caption\":\"Vie Associative\"},\"image\":{\"@id\":\"https:\/\/vieassociative.be\/actualites\/#\/schema\/logo\/image\/\"}},{\"@type\":\"Person\",\"@id\":\"https:\/\/vieassociative.be\/actualites\/#\/schema\/person\/b87ac4f82f9d4e7b7cec7395b679edc4\",\"name\":\"Julien\",\"image\":{\"@type\":\"ImageObject\",\"inLanguage\":\"fr-BE\",\"@id\":\"https:\/\/vieassociative.be\/actualites\/#\/schema\/person\/image\/\",\"url\":\"https:\/\/vieassociative.be\/actualites\/wp-content\/uploads\/2024\/09\/vie-associative-1-150x150.jpg\",\"contentUrl\":\"https:\/\/vieassociative.be\/actualites\/wp-content\/uploads\/2024\/09\/vie-associative-1-150x150.jpg\",\"caption\":\"Julien\"},\"description\":\"Je suis Julien, r\u00e9dacteur pour Vie Associative. Passionn\u00e9 par le monde associatif depuis plus de 10 ans, j'ai \u00e0 c\u0153ur de partager des histoires inspirantes et de mettre en lumi\u00e8re les initiatives locales. Mon objectif est de sensibiliser et d'encourager l'engagement communautaire \u00e0 travers mes articles.\",\"sameAs\":[\"https:\/\/vieassociative.be\/\"]}]}<\/script>\n<!-- \/ Yoast SEO plugin. -->","yoast_head_json":{"title":"Les premi\u00e8res offres du Black Friday de Best Buy sont en ligne et elles sont bonnes | Vie Associative","robots":{"index":"index","follow":"follow","max-snippet":"max-snippet:-1","max-image-preview":"max-image-preview:large","max-video-preview":"max-video-preview:-1"},"canonical":"https:\/\/vieassociative.be\/actualites\/les-premieres-offres-du-black-friday-de-best-buy-sont-en-ligne-et-elles-sont-bonnes\/","og_locale":"fr_FR","og_type":"article","og_title":"Les premi\u00e8res offres du Black Friday de Best Buy sont en ligne et elles sont bonnes | Vie Associative","og_description":"Un t\u00e9l\u00e9viseur OLED dans la fourchette de 500 $ ? Du jamais vu. Les soldes des f\u00eates de fin d\u2019ann\u00e9e ont officiellement commenc\u00e9. Cette ann\u00e9e,","og_url":"https:\/\/vieassociative.be\/actualites\/les-premieres-offres-du-black-friday-de-best-buy-sont-en-ligne-et-elles-sont-bonnes\/","og_site_name":"Vie Associative","article_published_time":"2025-11-01T07:17:31+00:00","og_image":[{"url":"https:\/\/vieassociative.be\/actualites\/wp-content\/uploads\/2025\/11\/Les-premieres-offres-du-Black-Friday-de-Best-Buy-sont.png","type":"","width":"","height":""}],"author":"Julien","twitter_card":"summary_large_image","twitter_misc":{"\u00c9crit par":"Julien","Dur\u00e9e de lecture est.":"4 minutes"},"schema":{"@context":"https:\/\/schema.org","@graph":[{"@type":"Article","@id":"https:\/\/vieassociative.be\/actualites\/les-premieres-offres-du-black-friday-de-best-buy-sont-en-ligne-et-elles-sont-bonnes\/#article","isPartOf":{"@id":"https:\/\/vieassociative.be\/actualites\/les-premieres-offres-du-black-friday-de-best-buy-sont-en-ligne-et-elles-sont-bonnes\/"},"author":{"name":"Julien","@id":"https:\/\/vieassociative.be\/actualites\/#\/schema\/person\/b87ac4f82f9d4e7b7cec7395b679edc4"},"headline":"Les premi\u00e8res offres du Black Friday de Best Buy sont en ligne et elles sont bonnes","datePublished":"2025-11-01T07:17:31+00:00","dateModified":"2025-11-01T07:17:31+00:00","mainEntityOfPage":{"@id":"https:\/\/vieassociative.be\/actualites\/les-premieres-offres-du-black-friday-de-best-buy-sont-en-ligne-et-elles-sont-bonnes\/"},"wordCount":902,"publisher":{"@id":"https:\/\/vieassociative.be\/actualites\/#organization"},"image":{"@id":"https:\/\/vieassociative.be\/actualites\/les-premieres-offres-du-black-friday-de-best-buy-sont-en-ligne-et-elles-sont-bonnes\/#primaryimage"},"thumbnailUrl":"https:\/\/vieassociative.be\/actualites\/wp-content\/uploads\/2025\/11\/1761981453_Les-premieres-offres-du-Black-Friday-de-Best-Buy-sont.png","keywords":["Black","bonnes","Buy","elles","Friday","Les","ligne","offres","premi\u00e8res","sont"],"articleSection":["Argent"],"inLanguage":"fr-BE"},{"@type":"WebPage","@id":"https:\/\/vieassociative.be\/actualites\/les-premieres-offres-du-black-friday-de-best-buy-sont-en-ligne-et-elles-sont-bonnes\/","url":"https:\/\/vieassociative.be\/actualites\/les-premieres-offres-du-black-friday-de-best-buy-sont-en-ligne-et-elles-sont-bonnes\/","name":"Les premi\u00e8res offres du Black Friday de Best Buy sont en ligne et elles sont bonnes | Vie Associative","isPartOf":{"@id":"https:\/\/vieassociative.be\/actualites\/#website"},"primaryImageOfPage":{"@id":"https:\/\/vieassociative.be\/actualites\/les-premieres-offres-du-black-friday-de-best-buy-sont-en-ligne-et-elles-sont-bonnes\/#primaryimage"},"image":{"@id":"https:\/\/vieassociative.be\/actualites\/les-premieres-offres-du-black-friday-de-best-buy-sont-en-ligne-et-elles-sont-bonnes\/#primaryimage"},"thumbnailUrl":"https:\/\/vieassociative.be\/actualites\/wp-content\/uploads\/2025\/11\/1761981453_Les-premieres-offres-du-Black-Friday-de-Best-Buy-sont.png","datePublished":"2025-11-01T07:17:31+00:00","dateModified":"2025-11-01T07:17:31+00:00","breadcrumb":{"@id":"https:\/\/vieassociative.be\/actualites\/les-premieres-offres-du-black-friday-de-best-buy-sont-en-ligne-et-elles-sont-bonnes\/#breadcrumb"},"inLanguage":"fr-BE","potentialAction":[{"@type":"ReadAction","target":["https:\/\/vieassociative.be\/actualites\/les-premieres-offres-du-black-friday-de-best-buy-sont-en-ligne-et-elles-sont-bonnes\/"]}]},{"@type":"ImageObject","inLanguage":"fr-BE","@id":"https:\/\/vieassociative.be\/actualites\/les-premieres-offres-du-black-friday-de-best-buy-sont-en-ligne-et-elles-sont-bonnes\/#primaryimage","url":"https:\/\/vieassociative.be\/actualites\/wp-content\/uploads\/2025\/11\/1761981453_Les-premieres-offres-du-Black-Friday-de-Best-Buy-sont.png","contentUrl":"https:\/\/vieassociative.be\/actualites\/wp-content\/uploads\/2025\/11\/1761981453_Les-premieres-offres-du-Black-Friday-de-Best-Buy-sont.png","width":1200,"height":675,"caption":"Les premi\u00e8res offres du Black Friday de Best Buy sont en ligne et elles sont bonnes"},{"@type":"BreadcrumbList","@id":"https:\/\/vieassociative.be\/actualites\/les-premieres-offres-du-black-friday-de-best-buy-sont-en-ligne-et-elles-sont-bonnes\/#breadcrumb","itemListElement":[{"@type":"ListItem","position":1,"name":"Accueil","item":"https:\/\/vieassociative.be\/actualites\/"},{"@type":"ListItem","position":2,"name":"Les premi\u00e8res offres du Black Friday de Best Buy sont en ligne et elles sont bonnes"}]},{"@type":"WebSite","@id":"https:\/\/vieassociative.be\/actualites\/#website","url":"https:\/\/vieassociative.be\/actualites\/","name":"Vie Associative","description":"","publisher":{"@id":"https:\/\/vieassociative.be\/actualites\/#organization"},"potentialAction":[{"@type":"SearchAction","target":{"@type":"EntryPoint","urlTemplate":"https:\/\/vieassociative.be\/actualites\/?s={search_term_string}"},"query-input":{"@type":"PropertyValueSpecification","valueRequired":true,"valueName":"search_term_string"}}],"inLanguage":"fr-BE"},{"@type":"Organization","@id":"https:\/\/vieassociative.be\/actualites\/#organization","name":"Vie Associative","url":"https:\/\/vieassociative.be\/actualites\/","logo":{"@type":"ImageObject","inLanguage":"fr-BE","@id":"https:\/\/vieassociative.be\/actualites\/#\/schema\/logo\/image\/","url":"https:\/\/vieassociative.be\/actualites\/wp-content\/uploads\/2024\/09\/cropped-vieassociative_favicon.ico.png","contentUrl":"https:\/\/vieassociative.be\/actualites\/wp-content\/uploads\/2024\/09\/cropped-vieassociative_favicon.ico.png","width":512,"height":512,"caption":"Vie Associative"},"image":{"@id":"https:\/\/vieassociative.be\/actualites\/#\/schema\/logo\/image\/"}},{"@type":"Person","@id":"https:\/\/vieassociative.be\/actualites\/#\/schema\/person\/b87ac4f82f9d4e7b7cec7395b679edc4","name":"Julien","image":{"@type":"ImageObject","inLanguage":"fr-BE","@id":"https:\/\/vieassociative.be\/actualites\/#\/schema\/person\/image\/","url":"https:\/\/vieassociative.be\/actualites\/wp-content\/uploads\/2024\/09\/vie-associative-1-150x150.jpg","contentUrl":"https:\/\/vieassociative.be\/actualites\/wp-content\/uploads\/2024\/09\/vie-associative-1-150x150.jpg","caption":"Julien"},"description":"Je suis Julien, r\u00e9dacteur pour Vie Associative. Passionn\u00e9 par le monde associatif depuis plus de 10 ans, j'ai \u00e0 c\u0153ur de partager des histoires inspirantes et de mettre en lumi\u00e8re les initiatives locales. Mon objectif est de sensibiliser et d'encourager l'engagement communautaire \u00e0 travers mes articles.","sameAs":["https:\/\/vieassociative.be\/"]}]}},"_links":{"self":[{"href":"https:\/\/vieassociative.be\/actualites\/wp-json\/wp\/v2\/posts\/11032"}],"collection":[{"href":"https:\/\/vieassociative.be\/actualites\/wp-json\/wp\/v2\/posts"}],"about":[{"href":"https:\/\/vieassociative.be\/actualites\/wp-json\/wp\/v2\/types\/post"}],"author":[{"embeddable":true,"href":"https:\/\/vieassociative.be\/actualites\/wp-json\/wp\/v2\/users\/1"}],"replies":[{"embeddable":true,"href":"https:\/\/vieassociative.be\/actualites\/wp-json\/wp\/v2\/comments?post=11032"}],"version-history":[{"count":0,"href":"https:\/\/vieassociative.be\/actualites\/wp-json\/wp\/v2\/posts\/11032\/revisions"}],"wp:featuredmedia":[{"embeddable":true,"href":"https:\/\/vieassociative.be\/actualites\/wp-json\/wp\/v2\/media\/11033"}],"wp:attachment":[{"href":"https:\/\/vieassociative.be\/actualites\/wp-json\/wp\/v2\/media?parent=11032"}],"wp:term":[{"taxonomy":"category","embeddable":true,"href":"https:\/\/vieassociative.be\/actualites\/wp-json\/wp\/v2\/categories?post=11032"},{"taxonomy":"post_tag","embeddable":true,"href":"https:\/\/vieassociative.be\/actualites\/wp-json\/wp\/v2\/tags?post=11032"}],"curies":[{"name":"wp","href":"https:\/\/api.w.org\/{rel}","templated":true}]}}