{"id":11029,"date":"2025-11-01T03:17:38","date_gmt":"2025-11-01T02:17:38","guid":{"rendered":"https:\/\/vieassociative.be\/actualites\/as-eupen-a-jong-genk-et-anvers-a-jong-gent\/"},"modified":"2025-11-01T03:17:38","modified_gmt":"2025-11-01T02:17:38","slug":"as-eupen-a-jong-genk-et-anvers-a-jong-gent","status":"publish","type":"post","link":"https:\/\/vieassociative.be\/actualites\/as-eupen-a-jong-genk-et-anvers-a-jong-gent\/","title":{"rendered":"AS Eupen \u00e0 Jong Genk et Anvers \u00e0 Jong Gent"},"content":{"rendered":"<p><strong>Il y a un an, l&rsquo;AS Eupen occupait la 12\u00e8me place avec 12 points apr\u00e8s 11 journ\u00e9es. Aujourd&rsquo;hui les Noirs et Blancs occupent la 5\u00e8me place avec 19 points apr\u00e8s 11 matchs. Cela signifie que l&rsquo;\u00e9quipe de Bruno Pinheiro s&rsquo;est am\u00e9lior\u00e9e de 7 places et 7 points par rapport \u00e0 l&rsquo;\u00e9quipe de Mersad Selimbegovic en 12 mois.<\/strong><\/p>\n<p><span id=\"more-428572\"><\/span>On pourrait donc penser que tout va bien au Kehrweg et que l&rsquo;AS Eupen est beaucoup plus proche de l&rsquo;objectif de la ronde de promotion (places 3 \u00e0 6) qu&rsquo;\u00e0 la m\u00eame \u00e9poque la saison derni\u00e8re. <\/p>\n<p>En r\u00e9alit\u00e9, les Noirs et Blancs doivent beaucoup \u00e0 leurs supporters, comme le montrent les contre-performances en seconde p\u00e9riode \u00e0 l&rsquo;Olympic Charleroi et au premier tour de la coupe au Royal Antwerp FC mercredi dernier. AS n&rsquo;a pas encore apport\u00e9 la preuve qu&rsquo;elle devait figurer parmi les candidats \u00e0 la promotion.<\/p>\n<div id=\"attachment_422108\" class=\"wp-caption alignleft\" style=\"max-width: 300px\"><img fetchpriority=\"high\" decoding=\"async\" class=\"wp-image-422108 size-medium\" src=\"https:\/\/vieassociative.be\/actualites\/wp-content\/uploads\/2025\/11\/AS-Eupen-a-Jong-Genk-et-Anvers-a-Jong-Gent.jpg\" alt=\"\" width=\"300\" height=\"201\"  ><\/div>\n<p>Ce samedi \u00e0 16h Eupen sera l&rsquo;invit\u00e9 de l&rsquo;\u00e9quipe U23 de l&rsquo;AA Gent. Jong Gent occupe la 10\u00e8me place de la Challenger Pro League avec 11 points. En cons\u00e9quence, trois points sont n\u00e9cessaires \u00e0 AS, d&rsquo;autant plus que les Noirs et Blancs visitent pour la premi\u00e8re fois les leaders Waasland-Beveren apr\u00e8s le week-end sans matchs pour eux et la tr\u00eave internationale qui a suivi et qu&rsquo;ils accueillent une semaine plus tard le SK Lommel, un concurrent direct dans la lutte pour une place en s\u00e9ries \u00e9liminatoires de promotion.<\/p>\n<p>Apr\u00e8s le match de coupe de mercredi soir \u00e0 Anvers (1:3), l&rsquo;AS Eupen s&rsquo;est install\u00e9 \u00e0 Tubize et se pr\u00e9pare dans le centre de performance de la F\u00e9d\u00e9ration Belge de Football pour la rencontre de samedi apr\u00e8s-midi au Jong Gent (16h \/ en direct sur l&rsquo;application DAZN). Le match entre Jong Gent et l\u2019AS Eupen se jouera dans la grande Planet Group Arena.<\/p>\n<p>L&rsquo;entra\u00eeneur Pinheiro doit se passer de Logan Delaurier-Choodet, bless\u00e9, pour le match contre l&rsquo;\u00e9quipe de jeunes de Buffalo. En revanche, Amadou Keita, entr\u00e9 en jeu pour la premi\u00e8re fois apr\u00e8s sa blessure lors du match de coupe \u00e0 Anvers, devrait \u00e0 nouveau faire partie du groupe de l&rsquo;AS Eupen. (cr\u00e9er)<\/p>\n","protected":false},"excerpt":{"rendered":"<p>Il y a un an, l&rsquo;AS Eupen occupait la 12\u00e8me place avec 12 points apr\u00e8s 11 journ\u00e9es. Aujourd&rsquo;hui les Noirs et Blancs occupent la 5\u00e8me<\/p>\n","protected":false},"author":1,"featured_media":10573,"comment_status":"","ping_status":"","sticky":false,"template":"","format":"standard","meta":{"footnotes":""},"categories":[298],"tags":[4624,2329,932,9112,5376],"class_list":["post-11029","post","type-post","status-publish","format-standard","has-post-thumbnail","hentry","category-belgique","tag-anvers","tag-eupen","tag-genk","tag-gent","tag-jong","generate-columns","tablet-grid-50","mobile-grid-100","grid-parent","grid-33"],"yoast_head":"<!-- This site is optimized with the Yoast SEO plugin v24.0 - https:\/\/yoast.com\/wordpress\/plugins\/seo\/ -->\n<title>AS Eupen \u00e0 Jong Genk et Anvers \u00e0 Jong Gent | Vie Associative<\/title>\n<meta name=\"robots\" content=\"index, follow, max-snippet:-1, max-image-preview:large, max-video-preview:-1\" \/>\n<link rel=\"canonical\" href=\"https:\/\/vieassociative.be\/actualites\/as-eupen-a-jong-genk-et-anvers-a-jong-gent\/\" \/>\n<meta property=\"og:locale\" content=\"fr_FR\" \/>\n<meta property=\"og:type\" content=\"article\" \/>\n<meta property=\"og:title\" content=\"AS Eupen \u00e0 Jong Genk et Anvers \u00e0 Jong Gent | Vie Associative\" \/>\n<meta property=\"og:description\" content=\"Il y a un an, l&rsquo;AS Eupen occupait la 12\u00e8me place avec 12 points apr\u00e8s 11 journ\u00e9es. Aujourd&rsquo;hui les Noirs et Blancs occupent la 5\u00e8me\" \/>\n<meta property=\"og:url\" content=\"https:\/\/vieassociative.be\/actualites\/as-eupen-a-jong-genk-et-anvers-a-jong-gent\/\" \/>\n<meta property=\"og:site_name\" content=\"Vie Associative\" \/>\n<meta property=\"article:published_time\" content=\"2025-11-01T02:17:38+00:00\" \/>\n<meta property=\"og:image\" content=\"https:\/\/vieassociative.be\/actualites\/wp-content\/uploads\/2024\/09\/header_backgroundk-01-e1726694325946.png\" \/>\n\t<meta property=\"og:image:width\" content=\"279\" \/>\n\t<meta property=\"og:image:height\" content=\"92\" \/>\n\t<meta property=\"og:image:type\" content=\"image\/png\" \/>\n<meta name=\"author\" content=\"Julien\" \/>\n<meta name=\"twitter:card\" content=\"summary_large_image\" \/>\n<meta name=\"twitter:label1\" content=\"\u00c9crit par\" \/>\n\t<meta name=\"twitter:data1\" content=\"Julien\" \/>\n\t<meta name=\"twitter:label2\" content=\"Dur\u00e9e de lecture est.\" \/>\n\t<meta name=\"twitter:data2\" content=\"2 minutes\" \/>\n<script type=\"application\/ld+json\" class=\"yoast-schema-graph\">{\"@context\":\"https:\/\/schema.org\",\"@graph\":[{\"@type\":\"Article\",\"@id\":\"https:\/\/vieassociative.be\/actualites\/as-eupen-a-jong-genk-et-anvers-a-jong-gent\/#article\",\"isPartOf\":{\"@id\":\"https:\/\/vieassociative.be\/actualites\/as-eupen-a-jong-genk-et-anvers-a-jong-gent\/\"},\"author\":{\"name\":\"Julien\",\"@id\":\"https:\/\/vieassociative.be\/actualites\/#\/schema\/person\/b87ac4f82f9d4e7b7cec7395b679edc4\"},\"headline\":\"AS Eupen \u00e0 Jong Genk et Anvers \u00e0 Jong Gent\",\"datePublished\":\"2025-11-01T02:17:38+00:00\",\"dateModified\":\"2025-11-01T02:17:38+00:00\",\"mainEntityOfPage\":{\"@id\":\"https:\/\/vieassociative.be\/actualites\/as-eupen-a-jong-genk-et-anvers-a-jong-gent\/\"},\"wordCount\":376,\"publisher\":{\"@id\":\"https:\/\/vieassociative.be\/actualites\/#organization\"},\"image\":{\"@id\":\"https:\/\/vieassociative.be\/actualites\/as-eupen-a-jong-genk-et-anvers-a-jong-gent\/#primaryimage\"},\"thumbnailUrl\":\"https:\/\/vieassociative.be\/actualites\/wp-content\/uploads\/2025\/10\/1760084227_Les-Diables-Rouges-peuvent-faire-des-pas-de-geant-vers.jpg\",\"keywords\":[\"Anvers\",\"Eupen\",\"Genk\",\"Gent\",\"Jong\"],\"articleSection\":[\"Belgique\"],\"inLanguage\":\"fr-BE\"},{\"@type\":\"WebPage\",\"@id\":\"https:\/\/vieassociative.be\/actualites\/as-eupen-a-jong-genk-et-anvers-a-jong-gent\/\",\"url\":\"https:\/\/vieassociative.be\/actualites\/as-eupen-a-jong-genk-et-anvers-a-jong-gent\/\",\"name\":\"AS Eupen \u00e0 Jong Genk et Anvers \u00e0 Jong Gent | Vie Associative\",\"isPartOf\":{\"@id\":\"https:\/\/vieassociative.be\/actualites\/#website\"},\"primaryImageOfPage\":{\"@id\":\"https:\/\/vieassociative.be\/actualites\/as-eupen-a-jong-genk-et-anvers-a-jong-gent\/#primaryimage\"},\"image\":{\"@id\":\"https:\/\/vieassociative.be\/actualites\/as-eupen-a-jong-genk-et-anvers-a-jong-gent\/#primaryimage\"},\"thumbnailUrl\":\"https:\/\/vieassociative.be\/actualites\/wp-content\/uploads\/2025\/10\/1760084227_Les-Diables-Rouges-peuvent-faire-des-pas-de-geant-vers.jpg\",\"datePublished\":\"2025-11-01T02:17:38+00:00\",\"dateModified\":\"2025-11-01T02:17:38+00:00\",\"breadcrumb\":{\"@id\":\"https:\/\/vieassociative.be\/actualites\/as-eupen-a-jong-genk-et-anvers-a-jong-gent\/#breadcrumb\"},\"inLanguage\":\"fr-BE\",\"potentialAction\":[{\"@type\":\"ReadAction\",\"target\":[\"https:\/\/vieassociative.be\/actualites\/as-eupen-a-jong-genk-et-anvers-a-jong-gent\/\"]}]},{\"@type\":\"ImageObject\",\"inLanguage\":\"fr-BE\",\"@id\":\"https:\/\/vieassociative.be\/actualites\/as-eupen-a-jong-genk-et-anvers-a-jong-gent\/#primaryimage\",\"url\":\"https:\/\/vieassociative.be\/actualites\/wp-content\/uploads\/2025\/10\/1760084227_Les-Diables-Rouges-peuvent-faire-des-pas-de-geant-vers.jpg\",\"contentUrl\":\"https:\/\/vieassociative.be\/actualites\/wp-content\/uploads\/2025\/10\/1760084227_Les-Diables-Rouges-peuvent-faire-des-pas-de-geant-vers.jpg\",\"width\":1200,\"height\":675,\"caption\":\"Les Diables Rouges peuvent faire des pas de g\u00e9ant vers la Coupe du Monde 2026 aujourd'hui \u00e0 Gand et lundi au Pays de Galles\"},{\"@type\":\"BreadcrumbList\",\"@id\":\"https:\/\/vieassociative.be\/actualites\/as-eupen-a-jong-genk-et-anvers-a-jong-gent\/#breadcrumb\",\"itemListElement\":[{\"@type\":\"ListItem\",\"position\":1,\"name\":\"Accueil\",\"item\":\"https:\/\/vieassociative.be\/actualites\/\"},{\"@type\":\"ListItem\",\"position\":2,\"name\":\"AS Eupen \u00e0 Jong Genk et Anvers \u00e0 Jong Gent\"}]},{\"@type\":\"WebSite\",\"@id\":\"https:\/\/vieassociative.be\/actualites\/#website\",\"url\":\"https:\/\/vieassociative.be\/actualites\/\",\"name\":\"Vie Associative\",\"description\":\"\",\"publisher\":{\"@id\":\"https:\/\/vieassociative.be\/actualites\/#organization\"},\"potentialAction\":[{\"@type\":\"SearchAction\",\"target\":{\"@type\":\"EntryPoint\",\"urlTemplate\":\"https:\/\/vieassociative.be\/actualites\/?s={search_term_string}\"},\"query-input\":{\"@type\":\"PropertyValueSpecification\",\"valueRequired\":true,\"valueName\":\"search_term_string\"}}],\"inLanguage\":\"fr-BE\"},{\"@type\":\"Organization\",\"@id\":\"https:\/\/vieassociative.be\/actualites\/#organization\",\"name\":\"Vie Associative\",\"url\":\"https:\/\/vieassociative.be\/actualites\/\",\"logo\":{\"@type\":\"ImageObject\",\"inLanguage\":\"fr-BE\",\"@id\":\"https:\/\/vieassociative.be\/actualites\/#\/schema\/logo\/image\/\",\"url\":\"https:\/\/vieassociative.be\/actualites\/wp-content\/uploads\/2024\/09\/cropped-vieassociative_favicon.ico.png\",\"contentUrl\":\"https:\/\/vieassociative.be\/actualites\/wp-content\/uploads\/2024\/09\/cropped-vieassociative_favicon.ico.png\",\"width\":512,\"height\":512,\"caption\":\"Vie Associative\"},\"image\":{\"@id\":\"https:\/\/vieassociative.be\/actualites\/#\/schema\/logo\/image\/\"}},{\"@type\":\"Person\",\"@id\":\"https:\/\/vieassociative.be\/actualites\/#\/schema\/person\/b87ac4f82f9d4e7b7cec7395b679edc4\",\"name\":\"Julien\",\"image\":{\"@type\":\"ImageObject\",\"inLanguage\":\"fr-BE\",\"@id\":\"https:\/\/vieassociative.be\/actualites\/#\/schema\/person\/image\/\",\"url\":\"https:\/\/vieassociative.be\/actualites\/wp-content\/uploads\/2024\/09\/vie-associative-1-150x150.jpg\",\"contentUrl\":\"https:\/\/vieassociative.be\/actualites\/wp-content\/uploads\/2024\/09\/vie-associative-1-150x150.jpg\",\"caption\":\"Julien\"},\"description\":\"Je suis Julien, r\u00e9dacteur pour Vie Associative. Passionn\u00e9 par le monde associatif depuis plus de 10 ans, j'ai \u00e0 c\u0153ur de partager des histoires inspirantes et de mettre en lumi\u00e8re les initiatives locales. Mon objectif est de sensibiliser et d'encourager l'engagement communautaire \u00e0 travers mes articles.\",\"sameAs\":[\"https:\/\/vieassociative.be\/\"]}]}<\/script>\n<!-- \/ Yoast SEO plugin. -->","yoast_head_json":{"title":"AS Eupen \u00e0 Jong Genk et Anvers \u00e0 Jong Gent | Vie Associative","robots":{"index":"index","follow":"follow","max-snippet":"max-snippet:-1","max-image-preview":"max-image-preview:large","max-video-preview":"max-video-preview:-1"},"canonical":"https:\/\/vieassociative.be\/actualites\/as-eupen-a-jong-genk-et-anvers-a-jong-gent\/","og_locale":"fr_FR","og_type":"article","og_title":"AS Eupen \u00e0 Jong Genk et Anvers \u00e0 Jong Gent | Vie Associative","og_description":"Il y a un an, l&rsquo;AS Eupen occupait la 12\u00e8me place avec 12 points apr\u00e8s 11 journ\u00e9es. Aujourd&rsquo;hui les Noirs et Blancs occupent la 5\u00e8me","og_url":"https:\/\/vieassociative.be\/actualites\/as-eupen-a-jong-genk-et-anvers-a-jong-gent\/","og_site_name":"Vie Associative","article_published_time":"2025-11-01T02:17:38+00:00","og_image":[{"width":279,"height":92,"url":"https:\/\/vieassociative.be\/actualites\/wp-content\/uploads\/2024\/09\/header_backgroundk-01-e1726694325946.png","type":"image\/png"}],"author":"Julien","twitter_card":"summary_large_image","twitter_misc":{"\u00c9crit par":"Julien","Dur\u00e9e de lecture est.":"2 minutes"},"schema":{"@context":"https:\/\/schema.org","@graph":[{"@type":"Article","@id":"https:\/\/vieassociative.be\/actualites\/as-eupen-a-jong-genk-et-anvers-a-jong-gent\/#article","isPartOf":{"@id":"https:\/\/vieassociative.be\/actualites\/as-eupen-a-jong-genk-et-anvers-a-jong-gent\/"},"author":{"name":"Julien","@id":"https:\/\/vieassociative.be\/actualites\/#\/schema\/person\/b87ac4f82f9d4e7b7cec7395b679edc4"},"headline":"AS Eupen \u00e0 Jong Genk et Anvers \u00e0 Jong Gent","datePublished":"2025-11-01T02:17:38+00:00","dateModified":"2025-11-01T02:17:38+00:00","mainEntityOfPage":{"@id":"https:\/\/vieassociative.be\/actualites\/as-eupen-a-jong-genk-et-anvers-a-jong-gent\/"},"wordCount":376,"publisher":{"@id":"https:\/\/vieassociative.be\/actualites\/#organization"},"image":{"@id":"https:\/\/vieassociative.be\/actualites\/as-eupen-a-jong-genk-et-anvers-a-jong-gent\/#primaryimage"},"thumbnailUrl":"https:\/\/vieassociative.be\/actualites\/wp-content\/uploads\/2025\/10\/1760084227_Les-Diables-Rouges-peuvent-faire-des-pas-de-geant-vers.jpg","keywords":["Anvers","Eupen","Genk","Gent","Jong"],"articleSection":["Belgique"],"inLanguage":"fr-BE"},{"@type":"WebPage","@id":"https:\/\/vieassociative.be\/actualites\/as-eupen-a-jong-genk-et-anvers-a-jong-gent\/","url":"https:\/\/vieassociative.be\/actualites\/as-eupen-a-jong-genk-et-anvers-a-jong-gent\/","name":"AS Eupen \u00e0 Jong Genk et Anvers \u00e0 Jong Gent | Vie Associative","isPartOf":{"@id":"https:\/\/vieassociative.be\/actualites\/#website"},"primaryImageOfPage":{"@id":"https:\/\/vieassociative.be\/actualites\/as-eupen-a-jong-genk-et-anvers-a-jong-gent\/#primaryimage"},"image":{"@id":"https:\/\/vieassociative.be\/actualites\/as-eupen-a-jong-genk-et-anvers-a-jong-gent\/#primaryimage"},"thumbnailUrl":"https:\/\/vieassociative.be\/actualites\/wp-content\/uploads\/2025\/10\/1760084227_Les-Diables-Rouges-peuvent-faire-des-pas-de-geant-vers.jpg","datePublished":"2025-11-01T02:17:38+00:00","dateModified":"2025-11-01T02:17:38+00:00","breadcrumb":{"@id":"https:\/\/vieassociative.be\/actualites\/as-eupen-a-jong-genk-et-anvers-a-jong-gent\/#breadcrumb"},"inLanguage":"fr-BE","potentialAction":[{"@type":"ReadAction","target":["https:\/\/vieassociative.be\/actualites\/as-eupen-a-jong-genk-et-anvers-a-jong-gent\/"]}]},{"@type":"ImageObject","inLanguage":"fr-BE","@id":"https:\/\/vieassociative.be\/actualites\/as-eupen-a-jong-genk-et-anvers-a-jong-gent\/#primaryimage","url":"https:\/\/vieassociative.be\/actualites\/wp-content\/uploads\/2025\/10\/1760084227_Les-Diables-Rouges-peuvent-faire-des-pas-de-geant-vers.jpg","contentUrl":"https:\/\/vieassociative.be\/actualites\/wp-content\/uploads\/2025\/10\/1760084227_Les-Diables-Rouges-peuvent-faire-des-pas-de-geant-vers.jpg","width":1200,"height":675,"caption":"Les Diables Rouges peuvent faire des pas de g\u00e9ant vers la Coupe du Monde 2026 aujourd'hui \u00e0 Gand et lundi au Pays de Galles"},{"@type":"BreadcrumbList","@id":"https:\/\/vieassociative.be\/actualites\/as-eupen-a-jong-genk-et-anvers-a-jong-gent\/#breadcrumb","itemListElement":[{"@type":"ListItem","position":1,"name":"Accueil","item":"https:\/\/vieassociative.be\/actualites\/"},{"@type":"ListItem","position":2,"name":"AS Eupen \u00e0 Jong Genk et Anvers \u00e0 Jong Gent"}]},{"@type":"WebSite","@id":"https:\/\/vieassociative.be\/actualites\/#website","url":"https:\/\/vieassociative.be\/actualites\/","name":"Vie Associative","description":"","publisher":{"@id":"https:\/\/vieassociative.be\/actualites\/#organization"},"potentialAction":[{"@type":"SearchAction","target":{"@type":"EntryPoint","urlTemplate":"https:\/\/vieassociative.be\/actualites\/?s={search_term_string}"},"query-input":{"@type":"PropertyValueSpecification","valueRequired":true,"valueName":"search_term_string"}}],"inLanguage":"fr-BE"},{"@type":"Organization","@id":"https:\/\/vieassociative.be\/actualites\/#organization","name":"Vie Associative","url":"https:\/\/vieassociative.be\/actualites\/","logo":{"@type":"ImageObject","inLanguage":"fr-BE","@id":"https:\/\/vieassociative.be\/actualites\/#\/schema\/logo\/image\/","url":"https:\/\/vieassociative.be\/actualites\/wp-content\/uploads\/2024\/09\/cropped-vieassociative_favicon.ico.png","contentUrl":"https:\/\/vieassociative.be\/actualites\/wp-content\/uploads\/2024\/09\/cropped-vieassociative_favicon.ico.png","width":512,"height":512,"caption":"Vie Associative"},"image":{"@id":"https:\/\/vieassociative.be\/actualites\/#\/schema\/logo\/image\/"}},{"@type":"Person","@id":"https:\/\/vieassociative.be\/actualites\/#\/schema\/person\/b87ac4f82f9d4e7b7cec7395b679edc4","name":"Julien","image":{"@type":"ImageObject","inLanguage":"fr-BE","@id":"https:\/\/vieassociative.be\/actualites\/#\/schema\/person\/image\/","url":"https:\/\/vieassociative.be\/actualites\/wp-content\/uploads\/2024\/09\/vie-associative-1-150x150.jpg","contentUrl":"https:\/\/vieassociative.be\/actualites\/wp-content\/uploads\/2024\/09\/vie-associative-1-150x150.jpg","caption":"Julien"},"description":"Je suis Julien, r\u00e9dacteur pour Vie Associative. Passionn\u00e9 par le monde associatif depuis plus de 10 ans, j'ai \u00e0 c\u0153ur de partager des histoires inspirantes et de mettre en lumi\u00e8re les initiatives locales. Mon objectif est de sensibiliser et d'encourager l'engagement communautaire \u00e0 travers mes articles.","sameAs":["https:\/\/vieassociative.be\/"]}]}},"_links":{"self":[{"href":"https:\/\/vieassociative.be\/actualites\/wp-json\/wp\/v2\/posts\/11029"}],"collection":[{"href":"https:\/\/vieassociative.be\/actualites\/wp-json\/wp\/v2\/posts"}],"about":[{"href":"https:\/\/vieassociative.be\/actualites\/wp-json\/wp\/v2\/types\/post"}],"author":[{"embeddable":true,"href":"https:\/\/vieassociative.be\/actualites\/wp-json\/wp\/v2\/users\/1"}],"replies":[{"embeddable":true,"href":"https:\/\/vieassociative.be\/actualites\/wp-json\/wp\/v2\/comments?post=11029"}],"version-history":[{"count":0,"href":"https:\/\/vieassociative.be\/actualites\/wp-json\/wp\/v2\/posts\/11029\/revisions"}],"wp:featuredmedia":[{"embeddable":true,"href":"https:\/\/vieassociative.be\/actualites\/wp-json\/wp\/v2\/media\/10573"}],"wp:attachment":[{"href":"https:\/\/vieassociative.be\/actualites\/wp-json\/wp\/v2\/media?parent=11029"}],"wp:term":[{"taxonomy":"category","embeddable":true,"href":"https:\/\/vieassociative.be\/actualites\/wp-json\/wp\/v2\/categories?post=11029"},{"taxonomy":"post_tag","embeddable":true,"href":"https:\/\/vieassociative.be\/actualites\/wp-json\/wp\/v2\/tags?post=11029"}],"curies":[{"name":"wp","href":"https:\/\/api.w.org\/{rel}","templated":true}]}}