{"id":11027,"date":"2025-11-01T02:17:33","date_gmt":"2025-11-01T01:17:33","guid":{"rendered":"https:\/\/vieassociative.be\/actualites\/comment-apple-prevoit-dameliorer-les-editeurs-dimages-ai\/"},"modified":"2025-11-01T02:17:33","modified_gmt":"2025-11-01T01:17:33","slug":"comment-apple-prevoit-dameliorer-les-editeurs-dimages-ai","status":"publish","type":"post","link":"https:\/\/vieassociative.be\/actualites\/comment-apple-prevoit-dameliorer-les-editeurs-dimages-ai\/","title":{"rendered":"Comment Apple pr\u00e9voit d&rsquo;am\u00e9liorer les \u00e9diteurs d&rsquo;images AI"},"content":{"rendered":"<div class=\"mt-4 leading-6 md:mb-8\">Apple est un peu en retard dans la course \u00e0 l&rsquo;IA.<\/div>\n<p><\/p>\n<p>Apple est peut-\u00eatre bon dernier dans la course \u00e0 l&rsquo;IA \u2013 du moins si l&rsquo;on consid\u00e8re la concurrence d&rsquo;entreprises comme OpenAI, Google et Meta \u2013 mais cela ne signifie pas que l&rsquo;entreprise ne travaille pas sur la technologie. En fait, il semble que la majeure partie du travail effectu\u00e9 par Apple sur l&rsquo;IA se d\u00e9roule dans les coulisses\u00a0: alors qu&rsquo;Apple Intelligence est l\u00e0, les chercheurs de l&rsquo;entreprise travaillent sur d&rsquo;autres moyens d&rsquo;am\u00e9liorer les mod\u00e8les d&rsquo;IA pour tout le monde, pas seulement pour les utilisateurs d&rsquo;Apple. Le dernier projet ? Am\u00e9lioration des \u00e9diteurs d&rsquo;images IA bas\u00e9s sur des invites textuelles. <\/p>\n<p>Dans un article publi\u00e9 la semaine derni\u00e8re, les chercheurs ont pr\u00e9sent\u00e9 Pico-Banana-400K, un ensemble de donn\u00e9es de 400 000 images \u00ab guid\u00e9es par texte \u00bb s\u00e9lectionn\u00e9es pour am\u00e9liorer l&rsquo;\u00e9dition d&rsquo;images bas\u00e9e sur l&rsquo;IA. Apple estime que son ensemble de donn\u00e9es d&rsquo;images am\u00e9liore les ensembles existants en incluant des images de meilleure qualit\u00e9 et plus diversifi\u00e9es : les chercheurs ont d\u00e9couvert que les ensembles de donn\u00e9es existants utilisent des images produites par des mod\u00e8les d&rsquo;IA ou ne sont pas suffisamment vari\u00e9s, ce qui peut entraver les efforts visant \u00e0 am\u00e9liorer les mod\u00e8les.<\/p>\n<p>Curieusement, Pico-Banana-400K est con\u00e7u pour fonctionner avec Nano Banana, le mod\u00e8le d&rsquo;\u00e9dition d&rsquo;images de Google. Les chercheurs affirment qu&rsquo;en utilisant Nano Banana, leur ensemble de donn\u00e9es peut g\u00e9n\u00e9rer 35 types de modifications diff\u00e9rents, ainsi que puiser dans Gemini-2.5-Pro \u200b\u200bpour \u00e9valuer la qualit\u00e9 des modifications et si ces modifications doivent rester dans l&rsquo;ensemble de donn\u00e9es global.<\/p>\n<div class=\"mx-auto mb-12 mt-5 w-full max-w-3xl rounded-md border-2 border-gray-100 p-3 shadow-md md:px-7 md:pb-7 md:pt-5\" id=\"related-video\">\n<div class=\"mb-3 flex items-center md:mb-5\">\n        <img decoding=\"async\" class=\"mr-4 mt-0 h-10 w-10 md:mr-5 md:h-12 md:w-12\" src=\"https:\/\/vieassociative.be\/actualites\/wp-content\/uploads\/2025\/09\/1757726237_608_Meta-pourrait-devoiler-une-montre-intelligente-pour-controler-ses-lunettes.jpg\" alt=\"Logo du pirate de la vie\"><\/p><\/div>\n<div class=\"aspect-video w-full overflow-hidden rounded-md\">\n<div id=\"video-container-01K8YFR0R886YHE6RKREQ1GDA7\"><\/div>\n<\/p><\/div>\n<\/div>\n<p>Dans le cadre de ces 400\u00a0000 images, il existe 258\u00a0000 \u00e9chantillons de modifications uniques (o\u00f9 Apple compare les images originales \u00e0 une image avec des modifications)\u00a0; 56 000 \u00ab\u00a0paires de pr\u00e9f\u00e9rences\u00a0\u00bb, qui font la distinction entre les g\u00e9n\u00e9rations de modifications ayant \u00e9chou\u00e9 et celles ayant r\u00e9ussi\u00a0; et 72 000 \u00ab s\u00e9quences multi-tours \u00bb, qui parcourent deux \u00e0 cinq montages.<\/p>\n<p>Les chercheurs notent que diff\u00e9rentes fonctions avaient des taux de r\u00e9ussite diff\u00e9rents dans cet ensemble de donn\u00e9es. Les modifications globales et la stylisation sont \u00ab faciles \u00bb, atteignant les taux de r\u00e9ussite les plus \u00e9lev\u00e9s ; la s\u00e9mantique des objets et le contexte de la sc\u00e8ne sont \u00ab\u00a0mod\u00e9r\u00e9s\u00a0\u00bb\u00a0; tandis que la g\u00e9om\u00e9trie, la mise en page et la typographie pr\u00e9cises sont \u00ab difficiles \u00bb. La fonction la plus performante, \u00ab transfert de style artistique fort \u00bb, qui pourrait inclure le changement du style d&rsquo;une image en \u00ab Van Gogh \u00bb ou en anime, a un taux de r\u00e9ussite de 93 %. La fonction la moins performante, \u00ab\u00a0changer le style de police ou la couleur du texte visible s&rsquo;il y a du texte\u00a0\u00bb, n&rsquo;a r\u00e9ussi que 58\u00a0% du temps. Les autres fonctions test\u00e9es incluent \u00ab ajouter un nouveau texte \u00bb (taux de r\u00e9ussite de 67 %), \u00ab zoomer \u00bb (taux de r\u00e9ussite de 74 %) et \u00ab ajouter un grain de film ou un filtre vintage \u00bb (taux de r\u00e9ussite de 91 %).  <\/p>\n<p>Contrairement \u00e0 de nombreux produits Apple, qui sont g\u00e9n\u00e9ralement ferm\u00e9s aux propres plates-formes de l&rsquo;entreprise, Pico-Banana-400K est ouvert \u00e0 tous les chercheurs et d\u00e9veloppeurs d&rsquo;IA. C&rsquo;est cool de voir des chercheurs d&rsquo;Apple contribuer \u00e0 une recherche ouverte comme celle-ci, en particulier dans un domaine dans lequel Apple est g\u00e9n\u00e9ralement en retard. Aurons-nous bient\u00f4t un Siri aliment\u00e9 par l&rsquo;IA ? Peu clair. Mais il est clair qu\u2019Apple travaille activement sur l\u2019IA, peut-\u00eatre juste \u00e0 sa mani\u00e8re. <\/p>\n","protected":false},"excerpt":{"rendered":"<p>Apple est un peu en retard dans la course \u00e0 l&rsquo;IA. Apple est peut-\u00eatre bon dernier dans la course \u00e0 l&rsquo;IA \u2013 du moins si<\/p>\n","protected":false},"author":1,"featured_media":11028,"comment_status":"","ping_status":"","sticky":false,"template":"","format":"standard","meta":{"footnotes":""},"categories":[13],"tags":[54,44,8351,8665,9111,14,8927],"class_list":["post-11027","post","type-post","status-publish","format-standard","has-post-thumbnail","hentry","category-technologie","tag-apple","tag-comment","tag-dameliorer","tag-dimages","tag-editeurs","tag-les","tag-prevoit","generate-columns","tablet-grid-50","mobile-grid-100","grid-parent","grid-33"],"yoast_head":"<!-- This site is optimized with the Yoast SEO plugin v24.0 - https:\/\/yoast.com\/wordpress\/plugins\/seo\/ -->\n<title>Comment Apple pr\u00e9voit d&#039;am\u00e9liorer les \u00e9diteurs d&#039;images AI | Vie Associative<\/title>\n<meta name=\"robots\" content=\"index, follow, max-snippet:-1, max-image-preview:large, max-video-preview:-1\" \/>\n<link rel=\"canonical\" href=\"https:\/\/vieassociative.be\/actualites\/comment-apple-prevoit-dameliorer-les-editeurs-dimages-ai\/\" \/>\n<meta property=\"og:locale\" content=\"fr_FR\" \/>\n<meta property=\"og:type\" content=\"article\" \/>\n<meta property=\"og:title\" content=\"Comment Apple pr\u00e9voit d&#039;am\u00e9liorer les \u00e9diteurs d&#039;images AI | Vie Associative\" \/>\n<meta property=\"og:description\" content=\"Apple est un peu en retard dans la course \u00e0 l&rsquo;IA. Apple est peut-\u00eatre bon dernier dans la course \u00e0 l&rsquo;IA \u2013 du moins si\" \/>\n<meta property=\"og:url\" content=\"https:\/\/vieassociative.be\/actualites\/comment-apple-prevoit-dameliorer-les-editeurs-dimages-ai\/\" \/>\n<meta property=\"og:site_name\" content=\"Vie Associative\" \/>\n<meta property=\"article:published_time\" content=\"2025-11-01T01:17:33+00:00\" \/>\n<meta property=\"og:image\" content=\"https:\/\/vieassociative.be\/actualites\/wp-content\/uploads\/2025\/09\/1757726237_608_Meta-pourrait-devoiler-une-montre-intelligente-pour-controler-ses-lunettes.jpg\" \/>\n<meta name=\"author\" content=\"Julien\" \/>\n<meta name=\"twitter:card\" content=\"summary_large_image\" \/>\n<meta name=\"twitter:label1\" content=\"\u00c9crit par\" \/>\n\t<meta name=\"twitter:data1\" content=\"Julien\" \/>\n\t<meta name=\"twitter:label2\" content=\"Dur\u00e9e de lecture est.\" \/>\n\t<meta name=\"twitter:data2\" content=\"3 minutes\" \/>\n<script type=\"application\/ld+json\" class=\"yoast-schema-graph\">{\"@context\":\"https:\/\/schema.org\",\"@graph\":[{\"@type\":\"Article\",\"@id\":\"https:\/\/vieassociative.be\/actualites\/comment-apple-prevoit-dameliorer-les-editeurs-dimages-ai\/#article\",\"isPartOf\":{\"@id\":\"https:\/\/vieassociative.be\/actualites\/comment-apple-prevoit-dameliorer-les-editeurs-dimages-ai\/\"},\"author\":{\"name\":\"Julien\",\"@id\":\"https:\/\/vieassociative.be\/actualites\/#\/schema\/person\/b87ac4f82f9d4e7b7cec7395b679edc4\"},\"headline\":\"Comment Apple pr\u00e9voit d&rsquo;am\u00e9liorer les \u00e9diteurs d&rsquo;images AI\",\"datePublished\":\"2025-11-01T01:17:33+00:00\",\"dateModified\":\"2025-11-01T01:17:33+00:00\",\"mainEntityOfPage\":{\"@id\":\"https:\/\/vieassociative.be\/actualites\/comment-apple-prevoit-dameliorer-les-editeurs-dimages-ai\/\"},\"wordCount\":624,\"publisher\":{\"@id\":\"https:\/\/vieassociative.be\/actualites\/#organization\"},\"image\":{\"@id\":\"https:\/\/vieassociative.be\/actualites\/comment-apple-prevoit-dameliorer-les-editeurs-dimages-ai\/#primaryimage\"},\"thumbnailUrl\":\"https:\/\/vieassociative.be\/actualites\/wp-content\/uploads\/2025\/11\/Comment-Apple-prevoit-dameliorer-les-editeurs-dimages-AI.jpg\",\"keywords\":[\"Apple\",\"Comment\",\"dam\u00e9liorer\",\"dimages\",\"\u00e9diteurs\",\"Les\",\"pr\u00e9voit\"],\"articleSection\":[\"Technologie\"],\"inLanguage\":\"fr-BE\"},{\"@type\":\"WebPage\",\"@id\":\"https:\/\/vieassociative.be\/actualites\/comment-apple-prevoit-dameliorer-les-editeurs-dimages-ai\/\",\"url\":\"https:\/\/vieassociative.be\/actualites\/comment-apple-prevoit-dameliorer-les-editeurs-dimages-ai\/\",\"name\":\"Comment Apple pr\u00e9voit d'am\u00e9liorer les \u00e9diteurs d'images AI | Vie Associative\",\"isPartOf\":{\"@id\":\"https:\/\/vieassociative.be\/actualites\/#website\"},\"primaryImageOfPage\":{\"@id\":\"https:\/\/vieassociative.be\/actualites\/comment-apple-prevoit-dameliorer-les-editeurs-dimages-ai\/#primaryimage\"},\"image\":{\"@id\":\"https:\/\/vieassociative.be\/actualites\/comment-apple-prevoit-dameliorer-les-editeurs-dimages-ai\/#primaryimage\"},\"thumbnailUrl\":\"https:\/\/vieassociative.be\/actualites\/wp-content\/uploads\/2025\/11\/Comment-Apple-prevoit-dameliorer-les-editeurs-dimages-AI.jpg\",\"datePublished\":\"2025-11-01T01:17:33+00:00\",\"dateModified\":\"2025-11-01T01:17:33+00:00\",\"breadcrumb\":{\"@id\":\"https:\/\/vieassociative.be\/actualites\/comment-apple-prevoit-dameliorer-les-editeurs-dimages-ai\/#breadcrumb\"},\"inLanguage\":\"fr-BE\",\"potentialAction\":[{\"@type\":\"ReadAction\",\"target\":[\"https:\/\/vieassociative.be\/actualites\/comment-apple-prevoit-dameliorer-les-editeurs-dimages-ai\/\"]}]},{\"@type\":\"ImageObject\",\"inLanguage\":\"fr-BE\",\"@id\":\"https:\/\/vieassociative.be\/actualites\/comment-apple-prevoit-dameliorer-les-editeurs-dimages-ai\/#primaryimage\",\"url\":\"https:\/\/vieassociative.be\/actualites\/wp-content\/uploads\/2025\/11\/Comment-Apple-prevoit-dameliorer-les-editeurs-dimages-AI.jpg\",\"contentUrl\":\"https:\/\/vieassociative.be\/actualites\/wp-content\/uploads\/2025\/11\/Comment-Apple-prevoit-dameliorer-les-editeurs-dimages-AI.jpg\",\"width\":1200,\"height\":675,\"caption\":\"Comment Apple pr\u00e9voit d'am\u00e9liorer les \u00e9diteurs d'images AI\"},{\"@type\":\"BreadcrumbList\",\"@id\":\"https:\/\/vieassociative.be\/actualites\/comment-apple-prevoit-dameliorer-les-editeurs-dimages-ai\/#breadcrumb\",\"itemListElement\":[{\"@type\":\"ListItem\",\"position\":1,\"name\":\"Accueil\",\"item\":\"https:\/\/vieassociative.be\/actualites\/\"},{\"@type\":\"ListItem\",\"position\":2,\"name\":\"Comment Apple pr\u00e9voit d&rsquo;am\u00e9liorer les \u00e9diteurs d&rsquo;images AI\"}]},{\"@type\":\"WebSite\",\"@id\":\"https:\/\/vieassociative.be\/actualites\/#website\",\"url\":\"https:\/\/vieassociative.be\/actualites\/\",\"name\":\"Vie Associative\",\"description\":\"\",\"publisher\":{\"@id\":\"https:\/\/vieassociative.be\/actualites\/#organization\"},\"potentialAction\":[{\"@type\":\"SearchAction\",\"target\":{\"@type\":\"EntryPoint\",\"urlTemplate\":\"https:\/\/vieassociative.be\/actualites\/?s={search_term_string}\"},\"query-input\":{\"@type\":\"PropertyValueSpecification\",\"valueRequired\":true,\"valueName\":\"search_term_string\"}}],\"inLanguage\":\"fr-BE\"},{\"@type\":\"Organization\",\"@id\":\"https:\/\/vieassociative.be\/actualites\/#organization\",\"name\":\"Vie Associative\",\"url\":\"https:\/\/vieassociative.be\/actualites\/\",\"logo\":{\"@type\":\"ImageObject\",\"inLanguage\":\"fr-BE\",\"@id\":\"https:\/\/vieassociative.be\/actualites\/#\/schema\/logo\/image\/\",\"url\":\"https:\/\/vieassociative.be\/actualites\/wp-content\/uploads\/2024\/09\/cropped-vieassociative_favicon.ico.png\",\"contentUrl\":\"https:\/\/vieassociative.be\/actualites\/wp-content\/uploads\/2024\/09\/cropped-vieassociative_favicon.ico.png\",\"width\":512,\"height\":512,\"caption\":\"Vie Associative\"},\"image\":{\"@id\":\"https:\/\/vieassociative.be\/actualites\/#\/schema\/logo\/image\/\"}},{\"@type\":\"Person\",\"@id\":\"https:\/\/vieassociative.be\/actualites\/#\/schema\/person\/b87ac4f82f9d4e7b7cec7395b679edc4\",\"name\":\"Julien\",\"image\":{\"@type\":\"ImageObject\",\"inLanguage\":\"fr-BE\",\"@id\":\"https:\/\/vieassociative.be\/actualites\/#\/schema\/person\/image\/\",\"url\":\"https:\/\/vieassociative.be\/actualites\/wp-content\/uploads\/2024\/09\/vie-associative-1-150x150.jpg\",\"contentUrl\":\"https:\/\/vieassociative.be\/actualites\/wp-content\/uploads\/2024\/09\/vie-associative-1-150x150.jpg\",\"caption\":\"Julien\"},\"description\":\"Je suis Julien, r\u00e9dacteur pour Vie Associative. Passionn\u00e9 par le monde associatif depuis plus de 10 ans, j'ai \u00e0 c\u0153ur de partager des histoires inspirantes et de mettre en lumi\u00e8re les initiatives locales. Mon objectif est de sensibiliser et d'encourager l'engagement communautaire \u00e0 travers mes articles.\",\"sameAs\":[\"https:\/\/vieassociative.be\/\"]}]}<\/script>\n<!-- \/ Yoast SEO plugin. -->","yoast_head_json":{"title":"Comment Apple pr\u00e9voit d'am\u00e9liorer les \u00e9diteurs d'images AI | Vie Associative","robots":{"index":"index","follow":"follow","max-snippet":"max-snippet:-1","max-image-preview":"max-image-preview:large","max-video-preview":"max-video-preview:-1"},"canonical":"https:\/\/vieassociative.be\/actualites\/comment-apple-prevoit-dameliorer-les-editeurs-dimages-ai\/","og_locale":"fr_FR","og_type":"article","og_title":"Comment Apple pr\u00e9voit d'am\u00e9liorer les \u00e9diteurs d'images AI | Vie Associative","og_description":"Apple est un peu en retard dans la course \u00e0 l&rsquo;IA. Apple est peut-\u00eatre bon dernier dans la course \u00e0 l&rsquo;IA \u2013 du moins si","og_url":"https:\/\/vieassociative.be\/actualites\/comment-apple-prevoit-dameliorer-les-editeurs-dimages-ai\/","og_site_name":"Vie Associative","article_published_time":"2025-11-01T01:17:33+00:00","og_image":[{"url":"https:\/\/vieassociative.be\/actualites\/wp-content\/uploads\/2025\/09\/1757726237_608_Meta-pourrait-devoiler-une-montre-intelligente-pour-controler-ses-lunettes.jpg","type":"","width":"","height":""}],"author":"Julien","twitter_card":"summary_large_image","twitter_misc":{"\u00c9crit par":"Julien","Dur\u00e9e de lecture est.":"3 minutes"},"schema":{"@context":"https:\/\/schema.org","@graph":[{"@type":"Article","@id":"https:\/\/vieassociative.be\/actualites\/comment-apple-prevoit-dameliorer-les-editeurs-dimages-ai\/#article","isPartOf":{"@id":"https:\/\/vieassociative.be\/actualites\/comment-apple-prevoit-dameliorer-les-editeurs-dimages-ai\/"},"author":{"name":"Julien","@id":"https:\/\/vieassociative.be\/actualites\/#\/schema\/person\/b87ac4f82f9d4e7b7cec7395b679edc4"},"headline":"Comment Apple pr\u00e9voit d&rsquo;am\u00e9liorer les \u00e9diteurs d&rsquo;images AI","datePublished":"2025-11-01T01:17:33+00:00","dateModified":"2025-11-01T01:17:33+00:00","mainEntityOfPage":{"@id":"https:\/\/vieassociative.be\/actualites\/comment-apple-prevoit-dameliorer-les-editeurs-dimages-ai\/"},"wordCount":624,"publisher":{"@id":"https:\/\/vieassociative.be\/actualites\/#organization"},"image":{"@id":"https:\/\/vieassociative.be\/actualites\/comment-apple-prevoit-dameliorer-les-editeurs-dimages-ai\/#primaryimage"},"thumbnailUrl":"https:\/\/vieassociative.be\/actualites\/wp-content\/uploads\/2025\/11\/Comment-Apple-prevoit-dameliorer-les-editeurs-dimages-AI.jpg","keywords":["Apple","Comment","dam\u00e9liorer","dimages","\u00e9diteurs","Les","pr\u00e9voit"],"articleSection":["Technologie"],"inLanguage":"fr-BE"},{"@type":"WebPage","@id":"https:\/\/vieassociative.be\/actualites\/comment-apple-prevoit-dameliorer-les-editeurs-dimages-ai\/","url":"https:\/\/vieassociative.be\/actualites\/comment-apple-prevoit-dameliorer-les-editeurs-dimages-ai\/","name":"Comment Apple pr\u00e9voit d'am\u00e9liorer les \u00e9diteurs d'images AI | Vie Associative","isPartOf":{"@id":"https:\/\/vieassociative.be\/actualites\/#website"},"primaryImageOfPage":{"@id":"https:\/\/vieassociative.be\/actualites\/comment-apple-prevoit-dameliorer-les-editeurs-dimages-ai\/#primaryimage"},"image":{"@id":"https:\/\/vieassociative.be\/actualites\/comment-apple-prevoit-dameliorer-les-editeurs-dimages-ai\/#primaryimage"},"thumbnailUrl":"https:\/\/vieassociative.be\/actualites\/wp-content\/uploads\/2025\/11\/Comment-Apple-prevoit-dameliorer-les-editeurs-dimages-AI.jpg","datePublished":"2025-11-01T01:17:33+00:00","dateModified":"2025-11-01T01:17:33+00:00","breadcrumb":{"@id":"https:\/\/vieassociative.be\/actualites\/comment-apple-prevoit-dameliorer-les-editeurs-dimages-ai\/#breadcrumb"},"inLanguage":"fr-BE","potentialAction":[{"@type":"ReadAction","target":["https:\/\/vieassociative.be\/actualites\/comment-apple-prevoit-dameliorer-les-editeurs-dimages-ai\/"]}]},{"@type":"ImageObject","inLanguage":"fr-BE","@id":"https:\/\/vieassociative.be\/actualites\/comment-apple-prevoit-dameliorer-les-editeurs-dimages-ai\/#primaryimage","url":"https:\/\/vieassociative.be\/actualites\/wp-content\/uploads\/2025\/11\/Comment-Apple-prevoit-dameliorer-les-editeurs-dimages-AI.jpg","contentUrl":"https:\/\/vieassociative.be\/actualites\/wp-content\/uploads\/2025\/11\/Comment-Apple-prevoit-dameliorer-les-editeurs-dimages-AI.jpg","width":1200,"height":675,"caption":"Comment Apple pr\u00e9voit d'am\u00e9liorer les \u00e9diteurs d'images AI"},{"@type":"BreadcrumbList","@id":"https:\/\/vieassociative.be\/actualites\/comment-apple-prevoit-dameliorer-les-editeurs-dimages-ai\/#breadcrumb","itemListElement":[{"@type":"ListItem","position":1,"name":"Accueil","item":"https:\/\/vieassociative.be\/actualites\/"},{"@type":"ListItem","position":2,"name":"Comment Apple pr\u00e9voit d&rsquo;am\u00e9liorer les \u00e9diteurs d&rsquo;images AI"}]},{"@type":"WebSite","@id":"https:\/\/vieassociative.be\/actualites\/#website","url":"https:\/\/vieassociative.be\/actualites\/","name":"Vie Associative","description":"","publisher":{"@id":"https:\/\/vieassociative.be\/actualites\/#organization"},"potentialAction":[{"@type":"SearchAction","target":{"@type":"EntryPoint","urlTemplate":"https:\/\/vieassociative.be\/actualites\/?s={search_term_string}"},"query-input":{"@type":"PropertyValueSpecification","valueRequired":true,"valueName":"search_term_string"}}],"inLanguage":"fr-BE"},{"@type":"Organization","@id":"https:\/\/vieassociative.be\/actualites\/#organization","name":"Vie Associative","url":"https:\/\/vieassociative.be\/actualites\/","logo":{"@type":"ImageObject","inLanguage":"fr-BE","@id":"https:\/\/vieassociative.be\/actualites\/#\/schema\/logo\/image\/","url":"https:\/\/vieassociative.be\/actualites\/wp-content\/uploads\/2024\/09\/cropped-vieassociative_favicon.ico.png","contentUrl":"https:\/\/vieassociative.be\/actualites\/wp-content\/uploads\/2024\/09\/cropped-vieassociative_favicon.ico.png","width":512,"height":512,"caption":"Vie Associative"},"image":{"@id":"https:\/\/vieassociative.be\/actualites\/#\/schema\/logo\/image\/"}},{"@type":"Person","@id":"https:\/\/vieassociative.be\/actualites\/#\/schema\/person\/b87ac4f82f9d4e7b7cec7395b679edc4","name":"Julien","image":{"@type":"ImageObject","inLanguage":"fr-BE","@id":"https:\/\/vieassociative.be\/actualites\/#\/schema\/person\/image\/","url":"https:\/\/vieassociative.be\/actualites\/wp-content\/uploads\/2024\/09\/vie-associative-1-150x150.jpg","contentUrl":"https:\/\/vieassociative.be\/actualites\/wp-content\/uploads\/2024\/09\/vie-associative-1-150x150.jpg","caption":"Julien"},"description":"Je suis Julien, r\u00e9dacteur pour Vie Associative. Passionn\u00e9 par le monde associatif depuis plus de 10 ans, j'ai \u00e0 c\u0153ur de partager des histoires inspirantes et de mettre en lumi\u00e8re les initiatives locales. Mon objectif est de sensibiliser et d'encourager l'engagement communautaire \u00e0 travers mes articles.","sameAs":["https:\/\/vieassociative.be\/"]}]}},"_links":{"self":[{"href":"https:\/\/vieassociative.be\/actualites\/wp-json\/wp\/v2\/posts\/11027"}],"collection":[{"href":"https:\/\/vieassociative.be\/actualites\/wp-json\/wp\/v2\/posts"}],"about":[{"href":"https:\/\/vieassociative.be\/actualites\/wp-json\/wp\/v2\/types\/post"}],"author":[{"embeddable":true,"href":"https:\/\/vieassociative.be\/actualites\/wp-json\/wp\/v2\/users\/1"}],"replies":[{"embeddable":true,"href":"https:\/\/vieassociative.be\/actualites\/wp-json\/wp\/v2\/comments?post=11027"}],"version-history":[{"count":0,"href":"https:\/\/vieassociative.be\/actualites\/wp-json\/wp\/v2\/posts\/11027\/revisions"}],"wp:featuredmedia":[{"embeddable":true,"href":"https:\/\/vieassociative.be\/actualites\/wp-json\/wp\/v2\/media\/11028"}],"wp:attachment":[{"href":"https:\/\/vieassociative.be\/actualites\/wp-json\/wp\/v2\/media?parent=11027"}],"wp:term":[{"taxonomy":"category","embeddable":true,"href":"https:\/\/vieassociative.be\/actualites\/wp-json\/wp\/v2\/categories?post=11027"},{"taxonomy":"post_tag","embeddable":true,"href":"https:\/\/vieassociative.be\/actualites\/wp-json\/wp\/v2\/tags?post=11027"}],"curies":[{"name":"wp","href":"https:\/\/api.w.org\/{rel}","templated":true}]}}