{"id":11025,"date":"2025-11-01T00:18:16","date_gmt":"2025-10-31T23:18:16","guid":{"rendered":"https:\/\/vieassociative.be\/actualites\/quest-il-arrive-a-la-disparition-de-lheure-dete\/"},"modified":"2025-11-01T00:18:16","modified_gmt":"2025-10-31T23:18:16","slug":"quest-il-arrive-a-la-disparition-de-lheure-dete","status":"publish","type":"post","link":"https:\/\/vieassociative.be\/actualites\/quest-il-arrive-a-la-disparition-de-lheure-dete\/","title":{"rendered":"Qu\u2019est-il arriv\u00e9 \u00e0 la disparition de l\u2019heure d\u2019\u00e9t\u00e9\u00a0?"},"content":{"rendered":"<div class=\"mt-4 leading-6 md:mb-8\">Le Congr\u00e8s a vot\u00e9 l\u2019abolition du changement d\u2019heure, alors pourquoi le faisons-nous encore ?<\/div>\n<p><\/p>\n<p>Il sera bient\u00f4t temps, une fois de plus, que nos horloges \u00ab retombent \u00bb. Le 2 novembre est la date \u00e0 laquelle la plupart des endroits aux \u00c9tats-Unis abandonnent l\u2019heure d\u2019\u00e9t\u00e9 pour 2025 et reviennent \u00e0 l\u2019heure standard. Nous sommes toujours sur ce tapis roulant de changement d&rsquo;heure, malgr\u00e9 la l\u00e9gislation qui \u00e9tait cens\u00e9e l&rsquo;\u00e9liminer il y a quelques ann\u00e9es, et malgr\u00e9 les professionnels de la sant\u00e9 qui avertissent que ces changements d&rsquo;horloge sont mauvais pour notre sant\u00e9. <\/p>\n<p>Par exemple, une \u00e9tude r\u00e9cente de la Stanford School of Medicine a r\u00e9v\u00e9l\u00e9 que changer l\u2019heure chaque ann\u00e9e contribue probablement \u00e0 l\u2019augmentation des taux d\u2019accidents vasculaires c\u00e9r\u00e9braux et d\u2019ob\u00e9sit\u00e9. L\u2019heure d\u2019\u00e9t\u00e9 permanente serait une am\u00e9lioration par rapport \u00e0 cela, et l\u2019heure standard permanente serait encore meilleure, du point de vue de la sant\u00e9. L&rsquo;Acad\u00e9mie am\u00e9ricaine de m\u00e9decine du sommeil a publi\u00e9 il y a quelques ann\u00e9es un document de position affirmant que les preuves scientifiques soutiennent l&rsquo;id\u00e9e \u00ab que les \u00c9tats-Unis devraient \u00e9liminer les changements d&rsquo;heure saisonniers en faveur d&rsquo;une heure standard permanente, qui correspond le mieux \u00e0 la biologie circadienne humaine \u00bb.<\/p>\n<p>Mais malgr\u00e9 tout cela, il faudra encore avancer les pendules au printemps. Alors, qu\u2019est-il arriv\u00e9 \u00e0 ces projets de loi au Congr\u00e8s visant \u00e0 abolir les changements d\u2019heure ? <\/p>\n<div class=\"mx-auto mb-12 mt-5 w-full max-w-3xl rounded-md border-2 border-gray-100 p-3 shadow-md md:px-7 md:pb-7 md:pt-5\" id=\"related-video\">\n<div class=\"mb-3 flex items-center md:mb-5\">\n        <img decoding=\"async\" class=\"mr-4 mt-0 h-10 w-10 md:mr-5 md:h-12 md:w-12\" src=\"https:\/\/vieassociative.be\/actualites\/wp-content\/uploads\/2025\/09\/1757726237_608_Meta-pourrait-devoiler-une-montre-intelligente-pour-controler-ses-lunettes.jpg\" alt=\"Logo du pirate de la vie\"><\/p><\/div>\n<div class=\"aspect-video w-full overflow-hidden rounded-md\">\n<div id=\"video-container-01K8Y7REWZ5ZPH91Q3YZPRMZV1\"><\/div>\n<\/p><\/div>\n<\/div>\n<h2 id=\"the-most-recent-attempt-to-eliminate-clock-changes-failed\">La tentative la plus r\u00e9cente visant \u00e0 \u00e9liminer les changements d&rsquo;horloge a \u00e9chou\u00e9<\/h2>\n<p>La Sunshine Protection Act \u00e9tait un projet de loi f\u00e9d\u00e9ral qui aurait rendu l\u2019heure d\u2019\u00e9t\u00e9 permanente. S\u2019il avait \u00e9t\u00e9 adopt\u00e9, il serait entr\u00e9 en vigueur le 5 novembre 2023, date \u00e0 laquelle nous aurions autrement chang\u00e9 les horloges. Le r\u00e9sultat serait que nos matins d\u2019hiver resteraient sombres une heure de plus qu\u2019aujourd\u2019hui, mais que nous aurions une heure de lumi\u00e8re de plus les soirs d\u2019hiver.<\/p>\n<p>Le projet de loi a \u00e9t\u00e9 adopt\u00e9 par le S\u00e9nat en mars 2022, mais il n&rsquo;a pas \u00e9t\u00e9 repris par la Chambre des repr\u00e9sentants. Pour devenir loi, il aurait d\u00fb \u00eatre adopt\u00e9 par la Chambre puis sign\u00e9 par le pr\u00e9sident. \u00c0 ce stade, ce navire a appareill\u00e9 : The Hill a rapport\u00e9 que les gens aiment g\u00e9n\u00e9ralement l\u2019id\u00e9e d\u2019abolir les changements d\u2019horloge, mais qu\u2019il n\u2019y a pas eu de consensus \u00e0 la Chambre sur la question de savoir si l\u2019heure d\u2019\u00e9t\u00e9 ou l\u2019heure standard devrait devenir permanente. De plus, l\u2019adoption du projet de loi n\u2019a jamais sembl\u00e9 \u00eatre une priorit\u00e9 pour les l\u00e9gislateurs. <\/p>\n<h2 id=\"which-time-would-we-stay-with-if-we-stopped-changing-the-clocks\">\u00c0 quelle heure resterions-nous si nous arr\u00eations de changer les horloges\u00a0? <\/h2>\n<p>Nous fonctionnons \u00e0 deux heures diff\u00e9rentes tout au long de l&rsquo;ann\u00e9e : \u00ab l&rsquo;heure standard \u00bb et \u00ab l&rsquo;heure d&rsquo;\u00e9t\u00e9 \u00bb. Ceux-ci ont m\u00eame leur propre fuseau horaire\u00a0! Par exemple, si une heure est marqu\u00e9e comme \u00ab\u00a0EST\u00a0\u00bb, cela signifie l\u2019heure standard de l\u2019Est, qui est diff\u00e9rente de l\u2019heure avanc\u00e9e de l\u2019Est. <\/p>\n<p>L\u2019heure d\u2019hiver est celle que nous utilisons en hiver et l\u2019heure d\u2019\u00e9t\u00e9 est celle que nous utilisons en \u00e9t\u00e9. Le projet de loi mentionn\u00e9 ci-dessus aurait supprim\u00e9 l\u2019heure standard et nous aurait maintenu \u00e0 l\u2019heure d\u2019\u00e9t\u00e9 toute l\u2019ann\u00e9e. Parall\u00e8lement, l\u2019American Academy of Sleep Medicine a adopt\u00e9 la position selon laquelle nous devrions respecter l\u2019heure standard (c\u2019est-\u00e0-dire l\u2019heure d\u2019hiver) toute l\u2019ann\u00e9e, car modifier nos rythmes circadiens deux fois par an a des effets n\u00e9fastes sur notre sant\u00e9 et notre s\u00e9curit\u00e9. S\u2019ils obtenaient ce qu\u2019ils voulaient, nous reculerions quelques ann\u00e9es et ne repartirions plus jamais en avant. <\/p>\n<h2 id=\"what-about-state-laws\">Qu\u2019en est-il des lois des \u00c9tats ?<\/h2>\n<p>Les \u00c9tats ont leurs propres id\u00e9es sur l\u2019heure qu\u2019il devrait \u00eatre. Actuellement, les \u00c9tats ne sont pas autoris\u00e9s \u00e0 passer \u00e0 l\u2019heure d\u2019\u00e9t\u00e9 permanente, mais ils <em>sont<\/em> autoris\u00e9s \u00e0 rester \u00e0 l\u2019heure standard toute l\u2019ann\u00e9e s\u2019ils le souhaitent. Deux \u00c9tats le font : Hawa\u00ef et l\u2019Arizona (sans les parties de l\u2019Arizona appartenant \u00e0 la nation Navajo). <\/p>\n<p>Dix-neuf \u00c9tats ont adopt\u00e9 des lois ou des r\u00e9solutions qui leur permettraient de passer \u00e0 l\u2019heure d\u2019\u00e9t\u00e9 permanente si le gouvernement f\u00e9d\u00e9ral le leur permettait un jour. Ces \u00c9tats, selon la Conf\u00e9rence nationale des l\u00e9gislatures des \u00c9tats, sont l&rsquo;Alabama, le Colorado, le Delaware, la Floride, la G\u00e9orgie, l&rsquo;Idaho, la Louisiane, le Maine, le Minnesota, le Mississippi, le Montana, l&rsquo;Oklahoma, l&rsquo;Oregon, la Caroline du Sud, le Tennessee, le Texas, l&rsquo;Utah, Washington et le Wyoming. Trois autres \u00c9tats ont tent\u00e9 de rejoindre la liste : des projets de loi similaires ont \u00e9t\u00e9 adopt\u00e9s par les l\u00e9gislatures du Kentucky et de l&rsquo;Ohio, mais n&rsquo;ont pas \u00e9t\u00e9 promulgu\u00e9s. Les \u00e9lecteurs californiens ont autoris\u00e9 une loi qui n\u2019est pas encore officiellement adopt\u00e9e.<\/p>\n<p>Jusqu&rsquo;\u00e0 ce qu&rsquo;une loi f\u00e9d\u00e9rale soit adopt\u00e9e, ces \u00c9tats restent limit\u00e9s \u00e0 leurs fuseaux horaires actuels. La loi f\u00e9d\u00e9rale actuelle, adopt\u00e9e en 1966, permet aux \u00c9tats d&rsquo;opter pour <em>dehors<\/em> de l&rsquo;heure d&rsquo;\u00e9t\u00e9 (comme l&rsquo;ont fait Hawa\u00ef et l&rsquo;Arizona), mais n&rsquo;offre pas aux \u00c9tats un moyen de rendre l&rsquo;heure d&rsquo;\u00e9t\u00e9 permanente ou de choisir leurs propres dates de changement d&rsquo;horloge. Si vous en avez assez des changements d&rsquo;heure, vous pouvez toujours vous d\u00e9placer vers l&rsquo;un des territoires qui n&rsquo;observent pas l&rsquo;heure d&rsquo;\u00e9t\u00e9, notamment les \u00eeles Vierges am\u00e9ricaines et Porto Rico. <\/p>\n","protected":false},"excerpt":{"rendered":"<p>Le Congr\u00e8s a vot\u00e9 l\u2019abolition du changement d\u2019heure, alors pourquoi le faisons-nous encore ? Il sera bient\u00f4t temps, une fois de plus, que nos horloges<\/p>\n","protected":false},"author":1,"featured_media":11026,"comment_status":"","ping_status":"","sticky":false,"template":"","format":"standard","meta":{"footnotes":""},"categories":[38],"tags":[4003,122,2902,1296,4538],"class_list":["post-11025","post","type-post","status-publish","format-standard","has-post-thumbnail","hentry","category-sante","tag-arrive","tag-dete","tag-disparition","tag-lheure","tag-questil","generate-columns","tablet-grid-50","mobile-grid-100","grid-parent","grid-33"],"yoast_head":"<!-- This site is optimized with the Yoast SEO plugin v24.0 - https:\/\/yoast.com\/wordpress\/plugins\/seo\/ -->\n<title>Qu\u2019est-il arriv\u00e9 \u00e0 la disparition de l\u2019heure d\u2019\u00e9t\u00e9\u00a0? | Vie Associative<\/title>\n<meta name=\"robots\" content=\"index, follow, max-snippet:-1, max-image-preview:large, max-video-preview:-1\" \/>\n<link rel=\"canonical\" href=\"https:\/\/vieassociative.be\/actualites\/quest-il-arrive-a-la-disparition-de-lheure-dete\/\" \/>\n<meta property=\"og:locale\" content=\"fr_FR\" \/>\n<meta property=\"og:type\" content=\"article\" \/>\n<meta property=\"og:title\" content=\"Qu\u2019est-il arriv\u00e9 \u00e0 la disparition de l\u2019heure d\u2019\u00e9t\u00e9\u00a0? | Vie Associative\" \/>\n<meta property=\"og:description\" content=\"Le Congr\u00e8s a vot\u00e9 l\u2019abolition du changement d\u2019heure, alors pourquoi le faisons-nous encore ? Il sera bient\u00f4t temps, une fois de plus, que nos horloges\" \/>\n<meta property=\"og:url\" content=\"https:\/\/vieassociative.be\/actualites\/quest-il-arrive-a-la-disparition-de-lheure-dete\/\" \/>\n<meta property=\"og:site_name\" content=\"Vie Associative\" \/>\n<meta property=\"article:published_time\" content=\"2025-10-31T23:18:16+00:00\" \/>\n<meta property=\"og:image\" content=\"https:\/\/vieassociative.be\/actualites\/wp-content\/uploads\/2025\/09\/1757726237_608_Meta-pourrait-devoiler-une-montre-intelligente-pour-controler-ses-lunettes.jpg\" \/>\n<meta name=\"author\" content=\"Julien\" \/>\n<meta name=\"twitter:card\" content=\"summary_large_image\" \/>\n<meta name=\"twitter:label1\" content=\"\u00c9crit par\" \/>\n\t<meta name=\"twitter:data1\" content=\"Julien\" \/>\n\t<meta name=\"twitter:label2\" content=\"Dur\u00e9e de lecture est.\" \/>\n\t<meta name=\"twitter:data2\" content=\"5 minutes\" \/>\n<script type=\"application\/ld+json\" class=\"yoast-schema-graph\">{\"@context\":\"https:\/\/schema.org\",\"@graph\":[{\"@type\":\"Article\",\"@id\":\"https:\/\/vieassociative.be\/actualites\/quest-il-arrive-a-la-disparition-de-lheure-dete\/#article\",\"isPartOf\":{\"@id\":\"https:\/\/vieassociative.be\/actualites\/quest-il-arrive-a-la-disparition-de-lheure-dete\/\"},\"author\":{\"name\":\"Julien\",\"@id\":\"https:\/\/vieassociative.be\/actualites\/#\/schema\/person\/b87ac4f82f9d4e7b7cec7395b679edc4\"},\"headline\":\"Qu\u2019est-il arriv\u00e9 \u00e0 la disparition de l\u2019heure d\u2019\u00e9t\u00e9\u00a0?\",\"datePublished\":\"2025-10-31T23:18:16+00:00\",\"dateModified\":\"2025-10-31T23:18:16+00:00\",\"mainEntityOfPage\":{\"@id\":\"https:\/\/vieassociative.be\/actualites\/quest-il-arrive-a-la-disparition-de-lheure-dete\/\"},\"wordCount\":966,\"publisher\":{\"@id\":\"https:\/\/vieassociative.be\/actualites\/#organization\"},\"image\":{\"@id\":\"https:\/\/vieassociative.be\/actualites\/quest-il-arrive-a-la-disparition-de-lheure-dete\/#primaryimage\"},\"thumbnailUrl\":\"https:\/\/vieassociative.be\/actualites\/wp-content\/uploads\/2025\/11\/Quest-il-arrive-a-la-disparition-de-lheure-dete.jpg\",\"keywords\":[\"arrive\",\"d\u00e9t\u00e9\",\"disparition\",\"lheure\",\"questil\"],\"articleSection\":[\"Sant\u00e9\"],\"inLanguage\":\"fr-BE\"},{\"@type\":\"WebPage\",\"@id\":\"https:\/\/vieassociative.be\/actualites\/quest-il-arrive-a-la-disparition-de-lheure-dete\/\",\"url\":\"https:\/\/vieassociative.be\/actualites\/quest-il-arrive-a-la-disparition-de-lheure-dete\/\",\"name\":\"Qu\u2019est-il arriv\u00e9 \u00e0 la disparition de l\u2019heure d\u2019\u00e9t\u00e9\u00a0? | Vie Associative\",\"isPartOf\":{\"@id\":\"https:\/\/vieassociative.be\/actualites\/#website\"},\"primaryImageOfPage\":{\"@id\":\"https:\/\/vieassociative.be\/actualites\/quest-il-arrive-a-la-disparition-de-lheure-dete\/#primaryimage\"},\"image\":{\"@id\":\"https:\/\/vieassociative.be\/actualites\/quest-il-arrive-a-la-disparition-de-lheure-dete\/#primaryimage\"},\"thumbnailUrl\":\"https:\/\/vieassociative.be\/actualites\/wp-content\/uploads\/2025\/11\/Quest-il-arrive-a-la-disparition-de-lheure-dete.jpg\",\"datePublished\":\"2025-10-31T23:18:16+00:00\",\"dateModified\":\"2025-10-31T23:18:16+00:00\",\"breadcrumb\":{\"@id\":\"https:\/\/vieassociative.be\/actualites\/quest-il-arrive-a-la-disparition-de-lheure-dete\/#breadcrumb\"},\"inLanguage\":\"fr-BE\",\"potentialAction\":[{\"@type\":\"ReadAction\",\"target\":[\"https:\/\/vieassociative.be\/actualites\/quest-il-arrive-a-la-disparition-de-lheure-dete\/\"]}]},{\"@type\":\"ImageObject\",\"inLanguage\":\"fr-BE\",\"@id\":\"https:\/\/vieassociative.be\/actualites\/quest-il-arrive-a-la-disparition-de-lheure-dete\/#primaryimage\",\"url\":\"https:\/\/vieassociative.be\/actualites\/wp-content\/uploads\/2025\/11\/Quest-il-arrive-a-la-disparition-de-lheure-dete.jpg\",\"contentUrl\":\"https:\/\/vieassociative.be\/actualites\/wp-content\/uploads\/2025\/11\/Quest-il-arrive-a-la-disparition-de-lheure-dete.jpg\",\"width\":1200,\"height\":675,\"caption\":\"Qu\u2019est-il arriv\u00e9 \u00e0 la disparition de l\u2019heure d\u2019\u00e9t\u00e9\u00a0?\"},{\"@type\":\"BreadcrumbList\",\"@id\":\"https:\/\/vieassociative.be\/actualites\/quest-il-arrive-a-la-disparition-de-lheure-dete\/#breadcrumb\",\"itemListElement\":[{\"@type\":\"ListItem\",\"position\":1,\"name\":\"Accueil\",\"item\":\"https:\/\/vieassociative.be\/actualites\/\"},{\"@type\":\"ListItem\",\"position\":2,\"name\":\"Qu\u2019est-il arriv\u00e9 \u00e0 la disparition de l\u2019heure d\u2019\u00e9t\u00e9\u00a0?\"}]},{\"@type\":\"WebSite\",\"@id\":\"https:\/\/vieassociative.be\/actualites\/#website\",\"url\":\"https:\/\/vieassociative.be\/actualites\/\",\"name\":\"Vie Associative\",\"description\":\"\",\"publisher\":{\"@id\":\"https:\/\/vieassociative.be\/actualites\/#organization\"},\"potentialAction\":[{\"@type\":\"SearchAction\",\"target\":{\"@type\":\"EntryPoint\",\"urlTemplate\":\"https:\/\/vieassociative.be\/actualites\/?s={search_term_string}\"},\"query-input\":{\"@type\":\"PropertyValueSpecification\",\"valueRequired\":true,\"valueName\":\"search_term_string\"}}],\"inLanguage\":\"fr-BE\"},{\"@type\":\"Organization\",\"@id\":\"https:\/\/vieassociative.be\/actualites\/#organization\",\"name\":\"Vie Associative\",\"url\":\"https:\/\/vieassociative.be\/actualites\/\",\"logo\":{\"@type\":\"ImageObject\",\"inLanguage\":\"fr-BE\",\"@id\":\"https:\/\/vieassociative.be\/actualites\/#\/schema\/logo\/image\/\",\"url\":\"https:\/\/vieassociative.be\/actualites\/wp-content\/uploads\/2024\/09\/cropped-vieassociative_favicon.ico.png\",\"contentUrl\":\"https:\/\/vieassociative.be\/actualites\/wp-content\/uploads\/2024\/09\/cropped-vieassociative_favicon.ico.png\",\"width\":512,\"height\":512,\"caption\":\"Vie Associative\"},\"image\":{\"@id\":\"https:\/\/vieassociative.be\/actualites\/#\/schema\/logo\/image\/\"}},{\"@type\":\"Person\",\"@id\":\"https:\/\/vieassociative.be\/actualites\/#\/schema\/person\/b87ac4f82f9d4e7b7cec7395b679edc4\",\"name\":\"Julien\",\"image\":{\"@type\":\"ImageObject\",\"inLanguage\":\"fr-BE\",\"@id\":\"https:\/\/vieassociative.be\/actualites\/#\/schema\/person\/image\/\",\"url\":\"https:\/\/vieassociative.be\/actualites\/wp-content\/uploads\/2024\/09\/vie-associative-1-150x150.jpg\",\"contentUrl\":\"https:\/\/vieassociative.be\/actualites\/wp-content\/uploads\/2024\/09\/vie-associative-1-150x150.jpg\",\"caption\":\"Julien\"},\"description\":\"Je suis Julien, r\u00e9dacteur pour Vie Associative. Passionn\u00e9 par le monde associatif depuis plus de 10 ans, j'ai \u00e0 c\u0153ur de partager des histoires inspirantes et de mettre en lumi\u00e8re les initiatives locales. Mon objectif est de sensibiliser et d'encourager l'engagement communautaire \u00e0 travers mes articles.\",\"sameAs\":[\"https:\/\/vieassociative.be\/\"]}]}<\/script>\n<!-- \/ Yoast SEO plugin. -->","yoast_head_json":{"title":"Qu\u2019est-il arriv\u00e9 \u00e0 la disparition de l\u2019heure d\u2019\u00e9t\u00e9\u00a0? | Vie Associative","robots":{"index":"index","follow":"follow","max-snippet":"max-snippet:-1","max-image-preview":"max-image-preview:large","max-video-preview":"max-video-preview:-1"},"canonical":"https:\/\/vieassociative.be\/actualites\/quest-il-arrive-a-la-disparition-de-lheure-dete\/","og_locale":"fr_FR","og_type":"article","og_title":"Qu\u2019est-il arriv\u00e9 \u00e0 la disparition de l\u2019heure d\u2019\u00e9t\u00e9\u00a0? | Vie Associative","og_description":"Le Congr\u00e8s a vot\u00e9 l\u2019abolition du changement d\u2019heure, alors pourquoi le faisons-nous encore ? Il sera bient\u00f4t temps, une fois de plus, que nos horloges","og_url":"https:\/\/vieassociative.be\/actualites\/quest-il-arrive-a-la-disparition-de-lheure-dete\/","og_site_name":"Vie Associative","article_published_time":"2025-10-31T23:18:16+00:00","og_image":[{"url":"https:\/\/vieassociative.be\/actualites\/wp-content\/uploads\/2025\/09\/1757726237_608_Meta-pourrait-devoiler-une-montre-intelligente-pour-controler-ses-lunettes.jpg","type":"","width":"","height":""}],"author":"Julien","twitter_card":"summary_large_image","twitter_misc":{"\u00c9crit par":"Julien","Dur\u00e9e de lecture est.":"5 minutes"},"schema":{"@context":"https:\/\/schema.org","@graph":[{"@type":"Article","@id":"https:\/\/vieassociative.be\/actualites\/quest-il-arrive-a-la-disparition-de-lheure-dete\/#article","isPartOf":{"@id":"https:\/\/vieassociative.be\/actualites\/quest-il-arrive-a-la-disparition-de-lheure-dete\/"},"author":{"name":"Julien","@id":"https:\/\/vieassociative.be\/actualites\/#\/schema\/person\/b87ac4f82f9d4e7b7cec7395b679edc4"},"headline":"Qu\u2019est-il arriv\u00e9 \u00e0 la disparition de l\u2019heure d\u2019\u00e9t\u00e9\u00a0?","datePublished":"2025-10-31T23:18:16+00:00","dateModified":"2025-10-31T23:18:16+00:00","mainEntityOfPage":{"@id":"https:\/\/vieassociative.be\/actualites\/quest-il-arrive-a-la-disparition-de-lheure-dete\/"},"wordCount":966,"publisher":{"@id":"https:\/\/vieassociative.be\/actualites\/#organization"},"image":{"@id":"https:\/\/vieassociative.be\/actualites\/quest-il-arrive-a-la-disparition-de-lheure-dete\/#primaryimage"},"thumbnailUrl":"https:\/\/vieassociative.be\/actualites\/wp-content\/uploads\/2025\/11\/Quest-il-arrive-a-la-disparition-de-lheure-dete.jpg","keywords":["arrive","d\u00e9t\u00e9","disparition","lheure","questil"],"articleSection":["Sant\u00e9"],"inLanguage":"fr-BE"},{"@type":"WebPage","@id":"https:\/\/vieassociative.be\/actualites\/quest-il-arrive-a-la-disparition-de-lheure-dete\/","url":"https:\/\/vieassociative.be\/actualites\/quest-il-arrive-a-la-disparition-de-lheure-dete\/","name":"Qu\u2019est-il arriv\u00e9 \u00e0 la disparition de l\u2019heure d\u2019\u00e9t\u00e9\u00a0? | Vie Associative","isPartOf":{"@id":"https:\/\/vieassociative.be\/actualites\/#website"},"primaryImageOfPage":{"@id":"https:\/\/vieassociative.be\/actualites\/quest-il-arrive-a-la-disparition-de-lheure-dete\/#primaryimage"},"image":{"@id":"https:\/\/vieassociative.be\/actualites\/quest-il-arrive-a-la-disparition-de-lheure-dete\/#primaryimage"},"thumbnailUrl":"https:\/\/vieassociative.be\/actualites\/wp-content\/uploads\/2025\/11\/Quest-il-arrive-a-la-disparition-de-lheure-dete.jpg","datePublished":"2025-10-31T23:18:16+00:00","dateModified":"2025-10-31T23:18:16+00:00","breadcrumb":{"@id":"https:\/\/vieassociative.be\/actualites\/quest-il-arrive-a-la-disparition-de-lheure-dete\/#breadcrumb"},"inLanguage":"fr-BE","potentialAction":[{"@type":"ReadAction","target":["https:\/\/vieassociative.be\/actualites\/quest-il-arrive-a-la-disparition-de-lheure-dete\/"]}]},{"@type":"ImageObject","inLanguage":"fr-BE","@id":"https:\/\/vieassociative.be\/actualites\/quest-il-arrive-a-la-disparition-de-lheure-dete\/#primaryimage","url":"https:\/\/vieassociative.be\/actualites\/wp-content\/uploads\/2025\/11\/Quest-il-arrive-a-la-disparition-de-lheure-dete.jpg","contentUrl":"https:\/\/vieassociative.be\/actualites\/wp-content\/uploads\/2025\/11\/Quest-il-arrive-a-la-disparition-de-lheure-dete.jpg","width":1200,"height":675,"caption":"Qu\u2019est-il arriv\u00e9 \u00e0 la disparition de l\u2019heure d\u2019\u00e9t\u00e9\u00a0?"},{"@type":"BreadcrumbList","@id":"https:\/\/vieassociative.be\/actualites\/quest-il-arrive-a-la-disparition-de-lheure-dete\/#breadcrumb","itemListElement":[{"@type":"ListItem","position":1,"name":"Accueil","item":"https:\/\/vieassociative.be\/actualites\/"},{"@type":"ListItem","position":2,"name":"Qu\u2019est-il arriv\u00e9 \u00e0 la disparition de l\u2019heure d\u2019\u00e9t\u00e9\u00a0?"}]},{"@type":"WebSite","@id":"https:\/\/vieassociative.be\/actualites\/#website","url":"https:\/\/vieassociative.be\/actualites\/","name":"Vie Associative","description":"","publisher":{"@id":"https:\/\/vieassociative.be\/actualites\/#organization"},"potentialAction":[{"@type":"SearchAction","target":{"@type":"EntryPoint","urlTemplate":"https:\/\/vieassociative.be\/actualites\/?s={search_term_string}"},"query-input":{"@type":"PropertyValueSpecification","valueRequired":true,"valueName":"search_term_string"}}],"inLanguage":"fr-BE"},{"@type":"Organization","@id":"https:\/\/vieassociative.be\/actualites\/#organization","name":"Vie Associative","url":"https:\/\/vieassociative.be\/actualites\/","logo":{"@type":"ImageObject","inLanguage":"fr-BE","@id":"https:\/\/vieassociative.be\/actualites\/#\/schema\/logo\/image\/","url":"https:\/\/vieassociative.be\/actualites\/wp-content\/uploads\/2024\/09\/cropped-vieassociative_favicon.ico.png","contentUrl":"https:\/\/vieassociative.be\/actualites\/wp-content\/uploads\/2024\/09\/cropped-vieassociative_favicon.ico.png","width":512,"height":512,"caption":"Vie Associative"},"image":{"@id":"https:\/\/vieassociative.be\/actualites\/#\/schema\/logo\/image\/"}},{"@type":"Person","@id":"https:\/\/vieassociative.be\/actualites\/#\/schema\/person\/b87ac4f82f9d4e7b7cec7395b679edc4","name":"Julien","image":{"@type":"ImageObject","inLanguage":"fr-BE","@id":"https:\/\/vieassociative.be\/actualites\/#\/schema\/person\/image\/","url":"https:\/\/vieassociative.be\/actualites\/wp-content\/uploads\/2024\/09\/vie-associative-1-150x150.jpg","contentUrl":"https:\/\/vieassociative.be\/actualites\/wp-content\/uploads\/2024\/09\/vie-associative-1-150x150.jpg","caption":"Julien"},"description":"Je suis Julien, r\u00e9dacteur pour Vie Associative. Passionn\u00e9 par le monde associatif depuis plus de 10 ans, j'ai \u00e0 c\u0153ur de partager des histoires inspirantes et de mettre en lumi\u00e8re les initiatives locales. Mon objectif est de sensibiliser et d'encourager l'engagement communautaire \u00e0 travers mes articles.","sameAs":["https:\/\/vieassociative.be\/"]}]}},"_links":{"self":[{"href":"https:\/\/vieassociative.be\/actualites\/wp-json\/wp\/v2\/posts\/11025"}],"collection":[{"href":"https:\/\/vieassociative.be\/actualites\/wp-json\/wp\/v2\/posts"}],"about":[{"href":"https:\/\/vieassociative.be\/actualites\/wp-json\/wp\/v2\/types\/post"}],"author":[{"embeddable":true,"href":"https:\/\/vieassociative.be\/actualites\/wp-json\/wp\/v2\/users\/1"}],"replies":[{"embeddable":true,"href":"https:\/\/vieassociative.be\/actualites\/wp-json\/wp\/v2\/comments?post=11025"}],"version-history":[{"count":0,"href":"https:\/\/vieassociative.be\/actualites\/wp-json\/wp\/v2\/posts\/11025\/revisions"}],"wp:featuredmedia":[{"embeddable":true,"href":"https:\/\/vieassociative.be\/actualites\/wp-json\/wp\/v2\/media\/11026"}],"wp:attachment":[{"href":"https:\/\/vieassociative.be\/actualites\/wp-json\/wp\/v2\/media?parent=11025"}],"wp:term":[{"taxonomy":"category","embeddable":true,"href":"https:\/\/vieassociative.be\/actualites\/wp-json\/wp\/v2\/categories?post=11025"},{"taxonomy":"post_tag","embeddable":true,"href":"https:\/\/vieassociative.be\/actualites\/wp-json\/wp\/v2\/tags?post=11025"}],"curies":[{"name":"wp","href":"https:\/\/api.w.org\/{rel}","templated":true}]}}