{"id":11023,"date":"2025-10-31T21:16:58","date_gmt":"2025-10-31T20:16:58","guid":{"rendered":"https:\/\/vieassociative.be\/actualites\/conditions-apocalyptiques-en-jamaique-apres-louragan-melissa\/"},"modified":"2025-10-31T21:16:58","modified_gmt":"2025-10-31T20:16:58","slug":"conditions-apocalyptiques-en-jamaique-apres-louragan-melissa","status":"publish","type":"post","link":"https:\/\/vieassociative.be\/actualites\/conditions-apocalyptiques-en-jamaique-apres-louragan-melissa\/","title":{"rendered":"Conditions \u00ab apocalyptiques \u00bb en Jama\u00efque apr\u00e8s l\u2019ouragan \u00ab Melissa \u00bb"},"content":{"rendered":"<p><strong>Quelques jours apr\u00e8s que l&rsquo;ouragan Melissa a frapp\u00e9 la Jama\u00efque, les \u00e9normes d\u00e9g\u00e2ts dans cet \u00c9tat insulaire particuli\u00e8rement touch\u00e9 deviennent de plus en plus \u00e9vidents.<\/strong><\/p>\n<p><span id=\"more-428549\"><\/span>\u00ab\u00a0La situation sur le terrain est apocalyptique\u00a0\u00bb, a d\u00e9clar\u00e9 Brian Bogart, directeur du Programme alimentaire mondial (PAM) dans les Cara\u00efbes, apr\u00e8s une visite dans la ville c\u00f4ti\u00e8re de Rivi\u00e8re Noire, particuli\u00e8rement touch\u00e9e, dans le sud-ouest de l&rsquo;\u00eele. \u00ab On dirait qu\u2019une bombe a explos\u00e9 dans cette communaut\u00e9, les gens dorment dans la rue, la destruction est totale. \u00bb<\/p>\n<p>Des images de la r\u00e9gion montrent des communaut\u00e9s c\u00f4ti\u00e8res d\u00e9truites et inond\u00e9es. L\u00e0 o\u00f9 se trouvaient autrefois des maisons color\u00e9es, des tas de d\u00e9combres recouvrent d\u00e9sormais le sol boueux. Il faudra des ann\u00e9es pour que les gens se remettent des pertes, a d\u00e9clar\u00e9 Necephor Mghendi de la F\u00e9d\u00e9ration des Soci\u00e9t\u00e9s de la Croix-Rouge et du Croissant-Rouge (FICR) \u00e0 Gen\u00e8ve. \u00ab Il existe une d\u00e9tresse mentale g\u00e9n\u00e9ralis\u00e9e. \u00bb<\/p>\n<div id=\"attachment_428553\" class=\"wp-caption alignleft\" style=\"max-width: 300px\"><img fetchpriority=\"high\" decoding=\"async\" class=\"wp-image-428553 size-medium\" src=\"https:\/\/vieassociative.be\/actualites\/wp-content\/uploads\/2025\/10\/Conditions-apocalyptiques-en-Jamaique-apres-louragan-Melissa.jpg\" alt=\"\" width=\"300\" height=\"200\"><\/div>\n<p>\u00ab Melissa \u00bb a laiss\u00e9 un chemin de destruction et au moins 50 morts dans les Cara\u00efbes ces derniers jours. Le Centre am\u00e9ricain des ouragans a parl\u00e9 de l&rsquo;un des ouragans les plus violents jamais survenus dans l&rsquo;Atlantique.<\/p>\n<p>Au moins 19 personnes ont \u00e9t\u00e9 tu\u00e9es dans l&rsquo;\u00c9tat insulaire de la Jama\u00efque, o\u00f9 le plus puissant ouragan de niveau 5 a balay\u00e9 mardi. En Ha\u00efti, des pluies persistantes ont provoqu\u00e9 des inondations et des glissements de terrain, m\u00eame si la temp\u00eate n&rsquo;y a pas touch\u00e9 directement les terres. Selon les informations pr\u00e9liminaires des autorit\u00e9s, au moins 30 personnes sont mortes et d&rsquo;autres sont toujours port\u00e9es disparues. Selon les connaissances actuelles, il n\u2019y a eu aucun d\u00e9g\u00e2t mat\u00e9riel \u00e0 Cuba et aux Bahamas.<\/p>\n<p>\u00ab\u00a0Melissa\u00a0\u00bb s&rsquo;est maintenant affaiblie au niveau d&rsquo;ouragan 1 sur 5 et devrait continuer \u00e0 perdre en force au cours de la journ\u00e9e, selon le US Hurricane Center NHC. (dpa)<\/p>\n","protected":false},"excerpt":{"rendered":"<p>Quelques jours apr\u00e8s que l&rsquo;ouragan Melissa a frapp\u00e9 la Jama\u00efque, les \u00e9normes d\u00e9g\u00e2ts dans cet \u00c9tat insulaire particuli\u00e8rement touch\u00e9 deviennent de plus en plus \u00e9vidents.<\/p>\n","protected":false},"author":1,"featured_media":11024,"comment_status":"","ping_status":"","sticky":false,"template":"","format":"standard","meta":{"footnotes":""},"categories":[298],"tags":[9107,472,7085,9108,9109,9110],"class_list":["post-11023","post","type-post","status-publish","format-standard","has-post-thumbnail","hentry","category-belgique","tag-apocalyptiques","tag-apres","tag-conditions","tag-jamaique","tag-louragan","tag-melissa","generate-columns","tablet-grid-50","mobile-grid-100","grid-parent","grid-33"],"yoast_head":"<!-- This site is optimized with the Yoast SEO plugin v24.0 - https:\/\/yoast.com\/wordpress\/plugins\/seo\/ -->\n<title>Conditions \u00ab apocalyptiques \u00bb en Jama\u00efque apr\u00e8s l\u2019ouragan \u00ab Melissa \u00bb | Vie Associative<\/title>\n<meta name=\"robots\" content=\"index, follow, max-snippet:-1, max-image-preview:large, max-video-preview:-1\" \/>\n<link rel=\"canonical\" href=\"https:\/\/vieassociative.be\/actualites\/conditions-apocalyptiques-en-jamaique-apres-louragan-melissa\/\" \/>\n<meta property=\"og:locale\" content=\"fr_FR\" \/>\n<meta property=\"og:type\" content=\"article\" \/>\n<meta property=\"og:title\" content=\"Conditions \u00ab apocalyptiques \u00bb en Jama\u00efque apr\u00e8s l\u2019ouragan \u00ab Melissa \u00bb | Vie Associative\" \/>\n<meta property=\"og:description\" content=\"Quelques jours apr\u00e8s que l&rsquo;ouragan Melissa a frapp\u00e9 la Jama\u00efque, les \u00e9normes d\u00e9g\u00e2ts dans cet \u00c9tat insulaire particuli\u00e8rement touch\u00e9 deviennent de plus en plus \u00e9vidents.\" \/>\n<meta property=\"og:url\" content=\"https:\/\/vieassociative.be\/actualites\/conditions-apocalyptiques-en-jamaique-apres-louragan-melissa\/\" \/>\n<meta property=\"og:site_name\" content=\"Vie Associative\" \/>\n<meta property=\"article:published_time\" content=\"2025-10-31T20:16:58+00:00\" \/>\n<meta property=\"og:image\" content=\"https:\/\/vieassociative.be\/actualites\/wp-content\/uploads\/2024\/09\/header_backgroundk-01-e1726694325946.png\" \/>\n\t<meta property=\"og:image:width\" content=\"279\" \/>\n\t<meta property=\"og:image:height\" content=\"92\" \/>\n\t<meta property=\"og:image:type\" content=\"image\/png\" \/>\n<meta name=\"author\" content=\"Julien\" \/>\n<meta name=\"twitter:card\" content=\"summary_large_image\" \/>\n<meta name=\"twitter:label1\" content=\"\u00c9crit par\" \/>\n\t<meta name=\"twitter:data1\" content=\"Julien\" \/>\n\t<meta name=\"twitter:label2\" content=\"Dur\u00e9e de lecture est.\" \/>\n\t<meta name=\"twitter:data2\" content=\"2 minutes\" \/>\n<script type=\"application\/ld+json\" class=\"yoast-schema-graph\">{\"@context\":\"https:\/\/schema.org\",\"@graph\":[{\"@type\":\"Article\",\"@id\":\"https:\/\/vieassociative.be\/actualites\/conditions-apocalyptiques-en-jamaique-apres-louragan-melissa\/#article\",\"isPartOf\":{\"@id\":\"https:\/\/vieassociative.be\/actualites\/conditions-apocalyptiques-en-jamaique-apres-louragan-melissa\/\"},\"author\":{\"name\":\"Julien\",\"@id\":\"https:\/\/vieassociative.be\/actualites\/#\/schema\/person\/b87ac4f82f9d4e7b7cec7395b679edc4\"},\"headline\":\"Conditions \u00ab apocalyptiques \u00bb en Jama\u00efque apr\u00e8s l\u2019ouragan \u00ab Melissa \u00bb\",\"datePublished\":\"2025-10-31T20:16:58+00:00\",\"dateModified\":\"2025-10-31T20:16:58+00:00\",\"mainEntityOfPage\":{\"@id\":\"https:\/\/vieassociative.be\/actualites\/conditions-apocalyptiques-en-jamaique-apres-louragan-melissa\/\"},\"wordCount\":353,\"publisher\":{\"@id\":\"https:\/\/vieassociative.be\/actualites\/#organization\"},\"image\":{\"@id\":\"https:\/\/vieassociative.be\/actualites\/conditions-apocalyptiques-en-jamaique-apres-louragan-melissa\/#primaryimage\"},\"thumbnailUrl\":\"https:\/\/vieassociative.be\/actualites\/wp-content\/uploads\/2025\/10\/1761941818_Conditions-apocalyptiques-en-Jamaique-apres-louragan-Melissa.jpg\",\"keywords\":[\"apocalyptiques\",\"Apr\u00e8s\",\"conditions\",\"Jama\u00efque\",\"louragan\",\"Melissa\"],\"articleSection\":[\"Belgique\"],\"inLanguage\":\"fr-BE\"},{\"@type\":\"WebPage\",\"@id\":\"https:\/\/vieassociative.be\/actualites\/conditions-apocalyptiques-en-jamaique-apres-louragan-melissa\/\",\"url\":\"https:\/\/vieassociative.be\/actualites\/conditions-apocalyptiques-en-jamaique-apres-louragan-melissa\/\",\"name\":\"Conditions \u00ab apocalyptiques \u00bb en Jama\u00efque apr\u00e8s l\u2019ouragan \u00ab Melissa \u00bb | Vie Associative\",\"isPartOf\":{\"@id\":\"https:\/\/vieassociative.be\/actualites\/#website\"},\"primaryImageOfPage\":{\"@id\":\"https:\/\/vieassociative.be\/actualites\/conditions-apocalyptiques-en-jamaique-apres-louragan-melissa\/#primaryimage\"},\"image\":{\"@id\":\"https:\/\/vieassociative.be\/actualites\/conditions-apocalyptiques-en-jamaique-apres-louragan-melissa\/#primaryimage\"},\"thumbnailUrl\":\"https:\/\/vieassociative.be\/actualites\/wp-content\/uploads\/2025\/10\/1761941818_Conditions-apocalyptiques-en-Jamaique-apres-louragan-Melissa.jpg\",\"datePublished\":\"2025-10-31T20:16:58+00:00\",\"dateModified\":\"2025-10-31T20:16:58+00:00\",\"breadcrumb\":{\"@id\":\"https:\/\/vieassociative.be\/actualites\/conditions-apocalyptiques-en-jamaique-apres-louragan-melissa\/#breadcrumb\"},\"inLanguage\":\"fr-BE\",\"potentialAction\":[{\"@type\":\"ReadAction\",\"target\":[\"https:\/\/vieassociative.be\/actualites\/conditions-apocalyptiques-en-jamaique-apres-louragan-melissa\/\"]}]},{\"@type\":\"ImageObject\",\"inLanguage\":\"fr-BE\",\"@id\":\"https:\/\/vieassociative.be\/actualites\/conditions-apocalyptiques-en-jamaique-apres-louragan-melissa\/#primaryimage\",\"url\":\"https:\/\/vieassociative.be\/actualites\/wp-content\/uploads\/2025\/10\/1761941818_Conditions-apocalyptiques-en-Jamaique-apres-louragan-Melissa.jpg\",\"contentUrl\":\"https:\/\/vieassociative.be\/actualites\/wp-content\/uploads\/2025\/10\/1761941818_Conditions-apocalyptiques-en-Jamaique-apres-louragan-Melissa.jpg\",\"width\":1200,\"height\":800,\"caption\":\"Conditions \u00ab apocalyptiques \u00bb en Jama\u00efque apr\u00e8s l\u2019ouragan \u00ab Melissa \u00bb\"},{\"@type\":\"BreadcrumbList\",\"@id\":\"https:\/\/vieassociative.be\/actualites\/conditions-apocalyptiques-en-jamaique-apres-louragan-melissa\/#breadcrumb\",\"itemListElement\":[{\"@type\":\"ListItem\",\"position\":1,\"name\":\"Accueil\",\"item\":\"https:\/\/vieassociative.be\/actualites\/\"},{\"@type\":\"ListItem\",\"position\":2,\"name\":\"Conditions \u00ab apocalyptiques \u00bb en Jama\u00efque apr\u00e8s l\u2019ouragan \u00ab Melissa \u00bb\"}]},{\"@type\":\"WebSite\",\"@id\":\"https:\/\/vieassociative.be\/actualites\/#website\",\"url\":\"https:\/\/vieassociative.be\/actualites\/\",\"name\":\"Vie Associative\",\"description\":\"\",\"publisher\":{\"@id\":\"https:\/\/vieassociative.be\/actualites\/#organization\"},\"potentialAction\":[{\"@type\":\"SearchAction\",\"target\":{\"@type\":\"EntryPoint\",\"urlTemplate\":\"https:\/\/vieassociative.be\/actualites\/?s={search_term_string}\"},\"query-input\":{\"@type\":\"PropertyValueSpecification\",\"valueRequired\":true,\"valueName\":\"search_term_string\"}}],\"inLanguage\":\"fr-BE\"},{\"@type\":\"Organization\",\"@id\":\"https:\/\/vieassociative.be\/actualites\/#organization\",\"name\":\"Vie Associative\",\"url\":\"https:\/\/vieassociative.be\/actualites\/\",\"logo\":{\"@type\":\"ImageObject\",\"inLanguage\":\"fr-BE\",\"@id\":\"https:\/\/vieassociative.be\/actualites\/#\/schema\/logo\/image\/\",\"url\":\"https:\/\/vieassociative.be\/actualites\/wp-content\/uploads\/2024\/09\/cropped-vieassociative_favicon.ico.png\",\"contentUrl\":\"https:\/\/vieassociative.be\/actualites\/wp-content\/uploads\/2024\/09\/cropped-vieassociative_favicon.ico.png\",\"width\":512,\"height\":512,\"caption\":\"Vie Associative\"},\"image\":{\"@id\":\"https:\/\/vieassociative.be\/actualites\/#\/schema\/logo\/image\/\"}},{\"@type\":\"Person\",\"@id\":\"https:\/\/vieassociative.be\/actualites\/#\/schema\/person\/b87ac4f82f9d4e7b7cec7395b679edc4\",\"name\":\"Julien\",\"image\":{\"@type\":\"ImageObject\",\"inLanguage\":\"fr-BE\",\"@id\":\"https:\/\/vieassociative.be\/actualites\/#\/schema\/person\/image\/\",\"url\":\"https:\/\/vieassociative.be\/actualites\/wp-content\/uploads\/2024\/09\/vie-associative-1-150x150.jpg\",\"contentUrl\":\"https:\/\/vieassociative.be\/actualites\/wp-content\/uploads\/2024\/09\/vie-associative-1-150x150.jpg\",\"caption\":\"Julien\"},\"description\":\"Je suis Julien, r\u00e9dacteur pour Vie Associative. Passionn\u00e9 par le monde associatif depuis plus de 10 ans, j'ai \u00e0 c\u0153ur de partager des histoires inspirantes et de mettre en lumi\u00e8re les initiatives locales. Mon objectif est de sensibiliser et d'encourager l'engagement communautaire \u00e0 travers mes articles.\",\"sameAs\":[\"https:\/\/vieassociative.be\/\"]}]}<\/script>\n<!-- \/ Yoast SEO plugin. -->","yoast_head_json":{"title":"Conditions \u00ab apocalyptiques \u00bb en Jama\u00efque apr\u00e8s l\u2019ouragan \u00ab Melissa \u00bb | Vie Associative","robots":{"index":"index","follow":"follow","max-snippet":"max-snippet:-1","max-image-preview":"max-image-preview:large","max-video-preview":"max-video-preview:-1"},"canonical":"https:\/\/vieassociative.be\/actualites\/conditions-apocalyptiques-en-jamaique-apres-louragan-melissa\/","og_locale":"fr_FR","og_type":"article","og_title":"Conditions \u00ab apocalyptiques \u00bb en Jama\u00efque apr\u00e8s l\u2019ouragan \u00ab Melissa \u00bb | Vie Associative","og_description":"Quelques jours apr\u00e8s que l&rsquo;ouragan Melissa a frapp\u00e9 la Jama\u00efque, les \u00e9normes d\u00e9g\u00e2ts dans cet \u00c9tat insulaire particuli\u00e8rement touch\u00e9 deviennent de plus en plus \u00e9vidents.","og_url":"https:\/\/vieassociative.be\/actualites\/conditions-apocalyptiques-en-jamaique-apres-louragan-melissa\/","og_site_name":"Vie Associative","article_published_time":"2025-10-31T20:16:58+00:00","og_image":[{"width":279,"height":92,"url":"https:\/\/vieassociative.be\/actualites\/wp-content\/uploads\/2024\/09\/header_backgroundk-01-e1726694325946.png","type":"image\/png"}],"author":"Julien","twitter_card":"summary_large_image","twitter_misc":{"\u00c9crit par":"Julien","Dur\u00e9e de lecture est.":"2 minutes"},"schema":{"@context":"https:\/\/schema.org","@graph":[{"@type":"Article","@id":"https:\/\/vieassociative.be\/actualites\/conditions-apocalyptiques-en-jamaique-apres-louragan-melissa\/#article","isPartOf":{"@id":"https:\/\/vieassociative.be\/actualites\/conditions-apocalyptiques-en-jamaique-apres-louragan-melissa\/"},"author":{"name":"Julien","@id":"https:\/\/vieassociative.be\/actualites\/#\/schema\/person\/b87ac4f82f9d4e7b7cec7395b679edc4"},"headline":"Conditions \u00ab apocalyptiques \u00bb en Jama\u00efque apr\u00e8s l\u2019ouragan \u00ab Melissa \u00bb","datePublished":"2025-10-31T20:16:58+00:00","dateModified":"2025-10-31T20:16:58+00:00","mainEntityOfPage":{"@id":"https:\/\/vieassociative.be\/actualites\/conditions-apocalyptiques-en-jamaique-apres-louragan-melissa\/"},"wordCount":353,"publisher":{"@id":"https:\/\/vieassociative.be\/actualites\/#organization"},"image":{"@id":"https:\/\/vieassociative.be\/actualites\/conditions-apocalyptiques-en-jamaique-apres-louragan-melissa\/#primaryimage"},"thumbnailUrl":"https:\/\/vieassociative.be\/actualites\/wp-content\/uploads\/2025\/10\/1761941818_Conditions-apocalyptiques-en-Jamaique-apres-louragan-Melissa.jpg","keywords":["apocalyptiques","Apr\u00e8s","conditions","Jama\u00efque","louragan","Melissa"],"articleSection":["Belgique"],"inLanguage":"fr-BE"},{"@type":"WebPage","@id":"https:\/\/vieassociative.be\/actualites\/conditions-apocalyptiques-en-jamaique-apres-louragan-melissa\/","url":"https:\/\/vieassociative.be\/actualites\/conditions-apocalyptiques-en-jamaique-apres-louragan-melissa\/","name":"Conditions \u00ab apocalyptiques \u00bb en Jama\u00efque apr\u00e8s l\u2019ouragan \u00ab Melissa \u00bb | Vie Associative","isPartOf":{"@id":"https:\/\/vieassociative.be\/actualites\/#website"},"primaryImageOfPage":{"@id":"https:\/\/vieassociative.be\/actualites\/conditions-apocalyptiques-en-jamaique-apres-louragan-melissa\/#primaryimage"},"image":{"@id":"https:\/\/vieassociative.be\/actualites\/conditions-apocalyptiques-en-jamaique-apres-louragan-melissa\/#primaryimage"},"thumbnailUrl":"https:\/\/vieassociative.be\/actualites\/wp-content\/uploads\/2025\/10\/1761941818_Conditions-apocalyptiques-en-Jamaique-apres-louragan-Melissa.jpg","datePublished":"2025-10-31T20:16:58+00:00","dateModified":"2025-10-31T20:16:58+00:00","breadcrumb":{"@id":"https:\/\/vieassociative.be\/actualites\/conditions-apocalyptiques-en-jamaique-apres-louragan-melissa\/#breadcrumb"},"inLanguage":"fr-BE","potentialAction":[{"@type":"ReadAction","target":["https:\/\/vieassociative.be\/actualites\/conditions-apocalyptiques-en-jamaique-apres-louragan-melissa\/"]}]},{"@type":"ImageObject","inLanguage":"fr-BE","@id":"https:\/\/vieassociative.be\/actualites\/conditions-apocalyptiques-en-jamaique-apres-louragan-melissa\/#primaryimage","url":"https:\/\/vieassociative.be\/actualites\/wp-content\/uploads\/2025\/10\/1761941818_Conditions-apocalyptiques-en-Jamaique-apres-louragan-Melissa.jpg","contentUrl":"https:\/\/vieassociative.be\/actualites\/wp-content\/uploads\/2025\/10\/1761941818_Conditions-apocalyptiques-en-Jamaique-apres-louragan-Melissa.jpg","width":1200,"height":800,"caption":"Conditions \u00ab apocalyptiques \u00bb en Jama\u00efque apr\u00e8s l\u2019ouragan \u00ab Melissa \u00bb"},{"@type":"BreadcrumbList","@id":"https:\/\/vieassociative.be\/actualites\/conditions-apocalyptiques-en-jamaique-apres-louragan-melissa\/#breadcrumb","itemListElement":[{"@type":"ListItem","position":1,"name":"Accueil","item":"https:\/\/vieassociative.be\/actualites\/"},{"@type":"ListItem","position":2,"name":"Conditions \u00ab apocalyptiques \u00bb en Jama\u00efque apr\u00e8s l\u2019ouragan \u00ab Melissa \u00bb"}]},{"@type":"WebSite","@id":"https:\/\/vieassociative.be\/actualites\/#website","url":"https:\/\/vieassociative.be\/actualites\/","name":"Vie Associative","description":"","publisher":{"@id":"https:\/\/vieassociative.be\/actualites\/#organization"},"potentialAction":[{"@type":"SearchAction","target":{"@type":"EntryPoint","urlTemplate":"https:\/\/vieassociative.be\/actualites\/?s={search_term_string}"},"query-input":{"@type":"PropertyValueSpecification","valueRequired":true,"valueName":"search_term_string"}}],"inLanguage":"fr-BE"},{"@type":"Organization","@id":"https:\/\/vieassociative.be\/actualites\/#organization","name":"Vie Associative","url":"https:\/\/vieassociative.be\/actualites\/","logo":{"@type":"ImageObject","inLanguage":"fr-BE","@id":"https:\/\/vieassociative.be\/actualites\/#\/schema\/logo\/image\/","url":"https:\/\/vieassociative.be\/actualites\/wp-content\/uploads\/2024\/09\/cropped-vieassociative_favicon.ico.png","contentUrl":"https:\/\/vieassociative.be\/actualites\/wp-content\/uploads\/2024\/09\/cropped-vieassociative_favicon.ico.png","width":512,"height":512,"caption":"Vie Associative"},"image":{"@id":"https:\/\/vieassociative.be\/actualites\/#\/schema\/logo\/image\/"}},{"@type":"Person","@id":"https:\/\/vieassociative.be\/actualites\/#\/schema\/person\/b87ac4f82f9d4e7b7cec7395b679edc4","name":"Julien","image":{"@type":"ImageObject","inLanguage":"fr-BE","@id":"https:\/\/vieassociative.be\/actualites\/#\/schema\/person\/image\/","url":"https:\/\/vieassociative.be\/actualites\/wp-content\/uploads\/2024\/09\/vie-associative-1-150x150.jpg","contentUrl":"https:\/\/vieassociative.be\/actualites\/wp-content\/uploads\/2024\/09\/vie-associative-1-150x150.jpg","caption":"Julien"},"description":"Je suis Julien, r\u00e9dacteur pour Vie Associative. Passionn\u00e9 par le monde associatif depuis plus de 10 ans, j'ai \u00e0 c\u0153ur de partager des histoires inspirantes et de mettre en lumi\u00e8re les initiatives locales. Mon objectif est de sensibiliser et d'encourager l'engagement communautaire \u00e0 travers mes articles.","sameAs":["https:\/\/vieassociative.be\/"]}]}},"_links":{"self":[{"href":"https:\/\/vieassociative.be\/actualites\/wp-json\/wp\/v2\/posts\/11023"}],"collection":[{"href":"https:\/\/vieassociative.be\/actualites\/wp-json\/wp\/v2\/posts"}],"about":[{"href":"https:\/\/vieassociative.be\/actualites\/wp-json\/wp\/v2\/types\/post"}],"author":[{"embeddable":true,"href":"https:\/\/vieassociative.be\/actualites\/wp-json\/wp\/v2\/users\/1"}],"replies":[{"embeddable":true,"href":"https:\/\/vieassociative.be\/actualites\/wp-json\/wp\/v2\/comments?post=11023"}],"version-history":[{"count":0,"href":"https:\/\/vieassociative.be\/actualites\/wp-json\/wp\/v2\/posts\/11023\/revisions"}],"wp:featuredmedia":[{"embeddable":true,"href":"https:\/\/vieassociative.be\/actualites\/wp-json\/wp\/v2\/media\/11024"}],"wp:attachment":[{"href":"https:\/\/vieassociative.be\/actualites\/wp-json\/wp\/v2\/media?parent=11023"}],"wp:term":[{"taxonomy":"category","embeddable":true,"href":"https:\/\/vieassociative.be\/actualites\/wp-json\/wp\/v2\/categories?post=11023"},{"taxonomy":"post_tag","embeddable":true,"href":"https:\/\/vieassociative.be\/actualites\/wp-json\/wp\/v2\/tags?post=11023"}],"curies":[{"name":"wp","href":"https:\/\/api.w.org\/{rel}","templated":true}]}}