{"id":11021,"date":"2025-10-31T20:17:47","date_gmt":"2025-10-31T19:17:47","guid":{"rendered":"https:\/\/vieassociative.be\/actualites\/que-faire-si-vous-entendez-des-parasites-dans-vos-airpods-pro-3\/"},"modified":"2025-10-31T20:17:47","modified_gmt":"2025-10-31T19:17:47","slug":"que-faire-si-vous-entendez-des-parasites-dans-vos-airpods-pro-3","status":"publish","type":"post","link":"https:\/\/vieassociative.be\/actualites\/que-faire-si-vous-entendez-des-parasites-dans-vos-airpods-pro-3\/","title":{"rendered":"Que faire si vous entendez des parasites dans vos AirPods Pro 3"},"content":{"rendered":"<div class=\"mt-4 leading-6 md:mb-8\">Certains utilisateurs signalent des probl\u00e8mes avec leurs AirPods Pro 3.<\/div>\n<p><\/p>\n<p>Si vous faites partie de l&rsquo;\u00e9cosyst\u00e8me Apple, les AirPods Pro sont \u00e0 peu pr\u00e8s les meilleurs \u00e9couteurs que vous puissiez acheter. Ils sonnent bien, fonctionnent sur vos diff\u00e9rents appareils Apple et sont livr\u00e9s avec des fonctionnalit\u00e9s telles que la transparence adaptative et un capteur de fr\u00e9quence cardiaque int\u00e9gr\u00e9. Ce sont m\u00eame des aides auditives certifi\u00e9es par la FDA. Pas mal pour 249$.<\/p>\n<p>Mais tous ces avantages ne signifient pas que les AirPods Pro d&rsquo;Apple sont parfaits. En fait, vous pouvez demander \u00e0 n\u2019importe quel client qui se plaint d\u2019un bruit statique provenant de ses AirPods Pro 3, alors que rien ne joue r\u00e9ellement. Comme indiqu\u00e9 par MacRumors, il semble que cela affecte certains utilisateurs d&rsquo;AirPods Pro 3 lors de l&rsquo;utilisation des modes Suppression active du bruit, Transparence adaptative et Transparence, mais uniquement lorsqu&rsquo;il n&rsquo;y a pas de lecture audio active. (Cela dit, un utilisateur affirme qu&rsquo;il ne peut m\u00eame pas utiliser ses AirPod lorsqu&rsquo;il \u00e9coute de la musique \u00e0 30 dB ou moins, car l&rsquo;\u00e9lectricit\u00e9 statique la d\u00e9passe.) <\/p>\n<p>Certains utilisateurs pensent que le bruit ressemble \u00e0 un bruit statique, blanc, \u00e0 un sifflement, \u00e0 de la pluie ou \u00e0 la tenue d&rsquo;un coquillage pr\u00e8s de votre oreille, bien que la cause exacte ne soit pas claire. Il existe diff\u00e9rents rapports quant \u00e0 savoir si les deux \u00e9couteurs sont \u00e9galement affect\u00e9s ou si l&rsquo;\u00e9lectricit\u00e9 statique provient d&rsquo;un \u00e9couteur en particulier, et la r\u00e9initialisation des AirPod ne semble pas aider. <\/p>\n<div class=\"mx-auto mb-12 mt-5 w-full max-w-3xl rounded-md border-2 border-gray-100 p-3 shadow-md md:px-7 md:pb-7 md:pt-5\" id=\"related-video\">\n<div class=\"mb-3 flex items-center md:mb-5\">\n        <img decoding=\"async\" class=\"mr-4 mt-0 h-10 w-10 md:mr-5 md:h-12 md:w-12\" src=\"https:\/\/vieassociative.be\/actualites\/wp-content\/uploads\/2025\/09\/1757726237_608_Meta-pourrait-devoiler-une-montre-intelligente-pour-controler-ses-lunettes.jpg\" alt=\"Logo du pirate de la vie\"><\/p><\/div>\n<div class=\"aspect-video w-full overflow-hidden rounded-md\">\n<div id=\"video-container-01K8XTBKH2HS1DV007FHDM6YZX\"><\/div>\n<\/p><\/div>\n<\/div>\n<p>Il peut \u00eatre tentant de lire des titres comme celui-ci et de supposer qu\u2019il s\u2019agit d\u2019un probl\u00e8me qui touche les AirPods Pro 3, mais ces types de probl\u00e8mes anecdotiques peuvent \u00eatre difficiles \u00e0 \u00e9valuer. Peut-\u00eatre qu\u2019un petit pourcentage d\u2019AirPods Pro 3 ont effectivement ce probl\u00e8me, et les utilisateurs concern\u00e9s en parlent sur les forums et les r\u00e9seaux sociaux. Cependant, je dirai que je suis un peu surpris par le nombre d&rsquo;utilisateurs qui pr\u00e9tendent rencontrer le probl\u00e8me dans ce fil Reddit.  <\/p>\n<h2 id=\"what-to-do-if-you-hear-static-with-your-airpods-pro-3\">Que faire si vous entendez des parasites avec vos AirPods Pro 3<\/h2>\n<p>Si vous faites partie de ceux qui rencontrent ce probl\u00e8me, la premi\u00e8re chose \u00e0 faire est de contacter l&rsquo;assistance Apple. Si vous le pouvez, apportez les AirPod directement \u00e0 l&rsquo;Apple Store. Il n&rsquo;y a aucune garantie que cela s&rsquo;appliquera \u00e0 tout le monde, mais il semble qu&rsquo;Apple remplace les AirPod concern\u00e9s par certains utilisateurs. Selon ce contributeur de MacRumors, le sp\u00e9cialiste de l&rsquo;Apple Store \u00e0 qui ils ont parl\u00e9 a confirm\u00e9 qu&rsquo;Apple demandait aux employ\u00e9s d&rsquo;\u00e9changer les unit\u00e9s concern\u00e9es, m\u00eame s&rsquo;ils r\u00e9ussissaient un test de diagnostic.<\/p>\n<p>Si cela est vrai, cela pourrait sugg\u00e9rer qu&rsquo;il s&rsquo;agit d&rsquo;un probl\u00e8me mat\u00e9riel, qu&rsquo;Apple n&rsquo;a pas encore \u00e9t\u00e9 en mesure d&rsquo;identifier. Cependant, j&rsquo;esp\u00e8re qu&rsquo;il s&rsquo;agit d&rsquo;un probl\u00e8me logiciel qu&rsquo;Apple pourrait r\u00e9soudre avec une mise \u00e0 jour ult\u00e9rieure. En parlant de logiciel, le probl\u00e8me semble dispara\u00eetre lorsque vous d\u00e9sactivez les contr\u00f4les de bruit. En tant que solution \u00e0 court terme, vous pouvez \u00e9viter d\u2019utiliser les modes de suppression active du bruit et de transparence, bien que cela supprime un certain nombre de fonctionnalit\u00e9s qui rendent les AirPods Pro si attrayants.<\/p>\n","protected":false},"excerpt":{"rendered":"<p>Certains utilisateurs signalent des probl\u00e8mes avec leurs AirPods Pro 3. Si vous faites partie de l&rsquo;\u00e9cosyst\u00e8me Apple, les AirPods Pro sont \u00e0 peu pr\u00e8s les<\/p>\n","protected":false},"author":1,"featured_media":11022,"comment_status":"","ping_status":"","sticky":false,"template":"","format":"standard","meta":{"footnotes":""},"categories":[13],"tags":[15,166,29,9106,127,4791,630,27,4],"class_list":["post-11021","post","type-post","status-publish","format-standard","has-post-thumbnail","hentry","category-technologie","tag-airpods","tag-dans","tag-des","tag-entendez","tag-faire","tag-parasites","tag-pro","tag-vos","tag-vous","generate-columns","tablet-grid-50","mobile-grid-100","grid-parent","grid-33"],"yoast_head":"<!-- This site is optimized with the Yoast SEO plugin v24.0 - https:\/\/yoast.com\/wordpress\/plugins\/seo\/ -->\n<title>Que faire si vous entendez des parasites dans vos AirPods Pro 3 | Vie Associative<\/title>\n<meta name=\"robots\" content=\"index, follow, max-snippet:-1, max-image-preview:large, max-video-preview:-1\" \/>\n<link rel=\"canonical\" href=\"https:\/\/vieassociative.be\/actualites\/que-faire-si-vous-entendez-des-parasites-dans-vos-airpods-pro-3\/\" \/>\n<meta property=\"og:locale\" content=\"fr_FR\" \/>\n<meta property=\"og:type\" content=\"article\" \/>\n<meta property=\"og:title\" content=\"Que faire si vous entendez des parasites dans vos AirPods Pro 3 | Vie Associative\" \/>\n<meta property=\"og:description\" content=\"Certains utilisateurs signalent des probl\u00e8mes avec leurs AirPods Pro 3. Si vous faites partie de l&rsquo;\u00e9cosyst\u00e8me Apple, les AirPods Pro sont \u00e0 peu pr\u00e8s les\" \/>\n<meta property=\"og:url\" content=\"https:\/\/vieassociative.be\/actualites\/que-faire-si-vous-entendez-des-parasites-dans-vos-airpods-pro-3\/\" \/>\n<meta property=\"og:site_name\" content=\"Vie Associative\" \/>\n<meta property=\"article:published_time\" content=\"2025-10-31T19:17:47+00:00\" \/>\n<meta property=\"og:image\" content=\"https:\/\/vieassociative.be\/actualites\/wp-content\/uploads\/2025\/09\/1757726237_608_Meta-pourrait-devoiler-une-montre-intelligente-pour-controler-ses-lunettes.jpg\" \/>\n<meta name=\"author\" content=\"Julien\" \/>\n<meta name=\"twitter:card\" content=\"summary_large_image\" \/>\n<meta name=\"twitter:label1\" content=\"\u00c9crit par\" \/>\n\t<meta name=\"twitter:data1\" content=\"Julien\" \/>\n\t<meta name=\"twitter:label2\" content=\"Dur\u00e9e de lecture est.\" \/>\n\t<meta name=\"twitter:data2\" content=\"3 minutes\" \/>\n<script type=\"application\/ld+json\" class=\"yoast-schema-graph\">{\"@context\":\"https:\/\/schema.org\",\"@graph\":[{\"@type\":\"Article\",\"@id\":\"https:\/\/vieassociative.be\/actualites\/que-faire-si-vous-entendez-des-parasites-dans-vos-airpods-pro-3\/#article\",\"isPartOf\":{\"@id\":\"https:\/\/vieassociative.be\/actualites\/que-faire-si-vous-entendez-des-parasites-dans-vos-airpods-pro-3\/\"},\"author\":{\"name\":\"Julien\",\"@id\":\"https:\/\/vieassociative.be\/actualites\/#\/schema\/person\/b87ac4f82f9d4e7b7cec7395b679edc4\"},\"headline\":\"Que faire si vous entendez des parasites dans vos AirPods Pro 3\",\"datePublished\":\"2025-10-31T19:17:47+00:00\",\"dateModified\":\"2025-10-31T19:17:47+00:00\",\"mainEntityOfPage\":{\"@id\":\"https:\/\/vieassociative.be\/actualites\/que-faire-si-vous-entendez-des-parasites-dans-vos-airpods-pro-3\/\"},\"wordCount\":589,\"publisher\":{\"@id\":\"https:\/\/vieassociative.be\/actualites\/#organization\"},\"image\":{\"@id\":\"https:\/\/vieassociative.be\/actualites\/que-faire-si-vous-entendez-des-parasites-dans-vos-airpods-pro-3\/#primaryimage\"},\"thumbnailUrl\":\"https:\/\/vieassociative.be\/actualites\/wp-content\/uploads\/2025\/10\/Que-faire-si-vous-entendez-des-parasites-dans-vos-AirPods.png\",\"keywords\":[\"AirPods\",\"dans\",\"Des\",\"entendez\",\"faire\",\"parasites\",\"Pro\",\"vos\",\"Vous\"],\"articleSection\":[\"Technologie\"],\"inLanguage\":\"fr-BE\"},{\"@type\":\"WebPage\",\"@id\":\"https:\/\/vieassociative.be\/actualites\/que-faire-si-vous-entendez-des-parasites-dans-vos-airpods-pro-3\/\",\"url\":\"https:\/\/vieassociative.be\/actualites\/que-faire-si-vous-entendez-des-parasites-dans-vos-airpods-pro-3\/\",\"name\":\"Que faire si vous entendez des parasites dans vos AirPods Pro 3 | Vie Associative\",\"isPartOf\":{\"@id\":\"https:\/\/vieassociative.be\/actualites\/#website\"},\"primaryImageOfPage\":{\"@id\":\"https:\/\/vieassociative.be\/actualites\/que-faire-si-vous-entendez-des-parasites-dans-vos-airpods-pro-3\/#primaryimage\"},\"image\":{\"@id\":\"https:\/\/vieassociative.be\/actualites\/que-faire-si-vous-entendez-des-parasites-dans-vos-airpods-pro-3\/#primaryimage\"},\"thumbnailUrl\":\"https:\/\/vieassociative.be\/actualites\/wp-content\/uploads\/2025\/10\/Que-faire-si-vous-entendez-des-parasites-dans-vos-AirPods.png\",\"datePublished\":\"2025-10-31T19:17:47+00:00\",\"dateModified\":\"2025-10-31T19:17:47+00:00\",\"breadcrumb\":{\"@id\":\"https:\/\/vieassociative.be\/actualites\/que-faire-si-vous-entendez-des-parasites-dans-vos-airpods-pro-3\/#breadcrumb\"},\"inLanguage\":\"fr-BE\",\"potentialAction\":[{\"@type\":\"ReadAction\",\"target\":[\"https:\/\/vieassociative.be\/actualites\/que-faire-si-vous-entendez-des-parasites-dans-vos-airpods-pro-3\/\"]}]},{\"@type\":\"ImageObject\",\"inLanguage\":\"fr-BE\",\"@id\":\"https:\/\/vieassociative.be\/actualites\/que-faire-si-vous-entendez-des-parasites-dans-vos-airpods-pro-3\/#primaryimage\",\"url\":\"https:\/\/vieassociative.be\/actualites\/wp-content\/uploads\/2025\/10\/Que-faire-si-vous-entendez-des-parasites-dans-vos-AirPods.png\",\"contentUrl\":\"https:\/\/vieassociative.be\/actualites\/wp-content\/uploads\/2025\/10\/Que-faire-si-vous-entendez-des-parasites-dans-vos-AirPods.png\",\"width\":1200,\"height\":675,\"caption\":\"Que faire si vous entendez des parasites dans vos AirPods Pro 3\"},{\"@type\":\"BreadcrumbList\",\"@id\":\"https:\/\/vieassociative.be\/actualites\/que-faire-si-vous-entendez-des-parasites-dans-vos-airpods-pro-3\/#breadcrumb\",\"itemListElement\":[{\"@type\":\"ListItem\",\"position\":1,\"name\":\"Accueil\",\"item\":\"https:\/\/vieassociative.be\/actualites\/\"},{\"@type\":\"ListItem\",\"position\":2,\"name\":\"Que faire si vous entendez des parasites dans vos AirPods Pro 3\"}]},{\"@type\":\"WebSite\",\"@id\":\"https:\/\/vieassociative.be\/actualites\/#website\",\"url\":\"https:\/\/vieassociative.be\/actualites\/\",\"name\":\"Vie Associative\",\"description\":\"\",\"publisher\":{\"@id\":\"https:\/\/vieassociative.be\/actualites\/#organization\"},\"potentialAction\":[{\"@type\":\"SearchAction\",\"target\":{\"@type\":\"EntryPoint\",\"urlTemplate\":\"https:\/\/vieassociative.be\/actualites\/?s={search_term_string}\"},\"query-input\":{\"@type\":\"PropertyValueSpecification\",\"valueRequired\":true,\"valueName\":\"search_term_string\"}}],\"inLanguage\":\"fr-BE\"},{\"@type\":\"Organization\",\"@id\":\"https:\/\/vieassociative.be\/actualites\/#organization\",\"name\":\"Vie Associative\",\"url\":\"https:\/\/vieassociative.be\/actualites\/\",\"logo\":{\"@type\":\"ImageObject\",\"inLanguage\":\"fr-BE\",\"@id\":\"https:\/\/vieassociative.be\/actualites\/#\/schema\/logo\/image\/\",\"url\":\"https:\/\/vieassociative.be\/actualites\/wp-content\/uploads\/2024\/09\/cropped-vieassociative_favicon.ico.png\",\"contentUrl\":\"https:\/\/vieassociative.be\/actualites\/wp-content\/uploads\/2024\/09\/cropped-vieassociative_favicon.ico.png\",\"width\":512,\"height\":512,\"caption\":\"Vie Associative\"},\"image\":{\"@id\":\"https:\/\/vieassociative.be\/actualites\/#\/schema\/logo\/image\/\"}},{\"@type\":\"Person\",\"@id\":\"https:\/\/vieassociative.be\/actualites\/#\/schema\/person\/b87ac4f82f9d4e7b7cec7395b679edc4\",\"name\":\"Julien\",\"image\":{\"@type\":\"ImageObject\",\"inLanguage\":\"fr-BE\",\"@id\":\"https:\/\/vieassociative.be\/actualites\/#\/schema\/person\/image\/\",\"url\":\"https:\/\/vieassociative.be\/actualites\/wp-content\/uploads\/2024\/09\/vie-associative-1-150x150.jpg\",\"contentUrl\":\"https:\/\/vieassociative.be\/actualites\/wp-content\/uploads\/2024\/09\/vie-associative-1-150x150.jpg\",\"caption\":\"Julien\"},\"description\":\"Je suis Julien, r\u00e9dacteur pour Vie Associative. Passionn\u00e9 par le monde associatif depuis plus de 10 ans, j'ai \u00e0 c\u0153ur de partager des histoires inspirantes et de mettre en lumi\u00e8re les initiatives locales. Mon objectif est de sensibiliser et d'encourager l'engagement communautaire \u00e0 travers mes articles.\",\"sameAs\":[\"https:\/\/vieassociative.be\/\"]}]}<\/script>\n<!-- \/ Yoast SEO plugin. -->","yoast_head_json":{"title":"Que faire si vous entendez des parasites dans vos AirPods Pro 3 | Vie Associative","robots":{"index":"index","follow":"follow","max-snippet":"max-snippet:-1","max-image-preview":"max-image-preview:large","max-video-preview":"max-video-preview:-1"},"canonical":"https:\/\/vieassociative.be\/actualites\/que-faire-si-vous-entendez-des-parasites-dans-vos-airpods-pro-3\/","og_locale":"fr_FR","og_type":"article","og_title":"Que faire si vous entendez des parasites dans vos AirPods Pro 3 | Vie Associative","og_description":"Certains utilisateurs signalent des probl\u00e8mes avec leurs AirPods Pro 3. Si vous faites partie de l&rsquo;\u00e9cosyst\u00e8me Apple, les AirPods Pro sont \u00e0 peu pr\u00e8s les","og_url":"https:\/\/vieassociative.be\/actualites\/que-faire-si-vous-entendez-des-parasites-dans-vos-airpods-pro-3\/","og_site_name":"Vie Associative","article_published_time":"2025-10-31T19:17:47+00:00","og_image":[{"url":"https:\/\/vieassociative.be\/actualites\/wp-content\/uploads\/2025\/09\/1757726237_608_Meta-pourrait-devoiler-une-montre-intelligente-pour-controler-ses-lunettes.jpg","type":"","width":"","height":""}],"author":"Julien","twitter_card":"summary_large_image","twitter_misc":{"\u00c9crit par":"Julien","Dur\u00e9e de lecture est.":"3 minutes"},"schema":{"@context":"https:\/\/schema.org","@graph":[{"@type":"Article","@id":"https:\/\/vieassociative.be\/actualites\/que-faire-si-vous-entendez-des-parasites-dans-vos-airpods-pro-3\/#article","isPartOf":{"@id":"https:\/\/vieassociative.be\/actualites\/que-faire-si-vous-entendez-des-parasites-dans-vos-airpods-pro-3\/"},"author":{"name":"Julien","@id":"https:\/\/vieassociative.be\/actualites\/#\/schema\/person\/b87ac4f82f9d4e7b7cec7395b679edc4"},"headline":"Que faire si vous entendez des parasites dans vos AirPods Pro 3","datePublished":"2025-10-31T19:17:47+00:00","dateModified":"2025-10-31T19:17:47+00:00","mainEntityOfPage":{"@id":"https:\/\/vieassociative.be\/actualites\/que-faire-si-vous-entendez-des-parasites-dans-vos-airpods-pro-3\/"},"wordCount":589,"publisher":{"@id":"https:\/\/vieassociative.be\/actualites\/#organization"},"image":{"@id":"https:\/\/vieassociative.be\/actualites\/que-faire-si-vous-entendez-des-parasites-dans-vos-airpods-pro-3\/#primaryimage"},"thumbnailUrl":"https:\/\/vieassociative.be\/actualites\/wp-content\/uploads\/2025\/10\/Que-faire-si-vous-entendez-des-parasites-dans-vos-AirPods.png","keywords":["AirPods","dans","Des","entendez","faire","parasites","Pro","vos","Vous"],"articleSection":["Technologie"],"inLanguage":"fr-BE"},{"@type":"WebPage","@id":"https:\/\/vieassociative.be\/actualites\/que-faire-si-vous-entendez-des-parasites-dans-vos-airpods-pro-3\/","url":"https:\/\/vieassociative.be\/actualites\/que-faire-si-vous-entendez-des-parasites-dans-vos-airpods-pro-3\/","name":"Que faire si vous entendez des parasites dans vos AirPods Pro 3 | Vie Associative","isPartOf":{"@id":"https:\/\/vieassociative.be\/actualites\/#website"},"primaryImageOfPage":{"@id":"https:\/\/vieassociative.be\/actualites\/que-faire-si-vous-entendez-des-parasites-dans-vos-airpods-pro-3\/#primaryimage"},"image":{"@id":"https:\/\/vieassociative.be\/actualites\/que-faire-si-vous-entendez-des-parasites-dans-vos-airpods-pro-3\/#primaryimage"},"thumbnailUrl":"https:\/\/vieassociative.be\/actualites\/wp-content\/uploads\/2025\/10\/Que-faire-si-vous-entendez-des-parasites-dans-vos-AirPods.png","datePublished":"2025-10-31T19:17:47+00:00","dateModified":"2025-10-31T19:17:47+00:00","breadcrumb":{"@id":"https:\/\/vieassociative.be\/actualites\/que-faire-si-vous-entendez-des-parasites-dans-vos-airpods-pro-3\/#breadcrumb"},"inLanguage":"fr-BE","potentialAction":[{"@type":"ReadAction","target":["https:\/\/vieassociative.be\/actualites\/que-faire-si-vous-entendez-des-parasites-dans-vos-airpods-pro-3\/"]}]},{"@type":"ImageObject","inLanguage":"fr-BE","@id":"https:\/\/vieassociative.be\/actualites\/que-faire-si-vous-entendez-des-parasites-dans-vos-airpods-pro-3\/#primaryimage","url":"https:\/\/vieassociative.be\/actualites\/wp-content\/uploads\/2025\/10\/Que-faire-si-vous-entendez-des-parasites-dans-vos-AirPods.png","contentUrl":"https:\/\/vieassociative.be\/actualites\/wp-content\/uploads\/2025\/10\/Que-faire-si-vous-entendez-des-parasites-dans-vos-AirPods.png","width":1200,"height":675,"caption":"Que faire si vous entendez des parasites dans vos AirPods Pro 3"},{"@type":"BreadcrumbList","@id":"https:\/\/vieassociative.be\/actualites\/que-faire-si-vous-entendez-des-parasites-dans-vos-airpods-pro-3\/#breadcrumb","itemListElement":[{"@type":"ListItem","position":1,"name":"Accueil","item":"https:\/\/vieassociative.be\/actualites\/"},{"@type":"ListItem","position":2,"name":"Que faire si vous entendez des parasites dans vos AirPods Pro 3"}]},{"@type":"WebSite","@id":"https:\/\/vieassociative.be\/actualites\/#website","url":"https:\/\/vieassociative.be\/actualites\/","name":"Vie Associative","description":"","publisher":{"@id":"https:\/\/vieassociative.be\/actualites\/#organization"},"potentialAction":[{"@type":"SearchAction","target":{"@type":"EntryPoint","urlTemplate":"https:\/\/vieassociative.be\/actualites\/?s={search_term_string}"},"query-input":{"@type":"PropertyValueSpecification","valueRequired":true,"valueName":"search_term_string"}}],"inLanguage":"fr-BE"},{"@type":"Organization","@id":"https:\/\/vieassociative.be\/actualites\/#organization","name":"Vie Associative","url":"https:\/\/vieassociative.be\/actualites\/","logo":{"@type":"ImageObject","inLanguage":"fr-BE","@id":"https:\/\/vieassociative.be\/actualites\/#\/schema\/logo\/image\/","url":"https:\/\/vieassociative.be\/actualites\/wp-content\/uploads\/2024\/09\/cropped-vieassociative_favicon.ico.png","contentUrl":"https:\/\/vieassociative.be\/actualites\/wp-content\/uploads\/2024\/09\/cropped-vieassociative_favicon.ico.png","width":512,"height":512,"caption":"Vie Associative"},"image":{"@id":"https:\/\/vieassociative.be\/actualites\/#\/schema\/logo\/image\/"}},{"@type":"Person","@id":"https:\/\/vieassociative.be\/actualites\/#\/schema\/person\/b87ac4f82f9d4e7b7cec7395b679edc4","name":"Julien","image":{"@type":"ImageObject","inLanguage":"fr-BE","@id":"https:\/\/vieassociative.be\/actualites\/#\/schema\/person\/image\/","url":"https:\/\/vieassociative.be\/actualites\/wp-content\/uploads\/2024\/09\/vie-associative-1-150x150.jpg","contentUrl":"https:\/\/vieassociative.be\/actualites\/wp-content\/uploads\/2024\/09\/vie-associative-1-150x150.jpg","caption":"Julien"},"description":"Je suis Julien, r\u00e9dacteur pour Vie Associative. Passionn\u00e9 par le monde associatif depuis plus de 10 ans, j'ai \u00e0 c\u0153ur de partager des histoires inspirantes et de mettre en lumi\u00e8re les initiatives locales. Mon objectif est de sensibiliser et d'encourager l'engagement communautaire \u00e0 travers mes articles.","sameAs":["https:\/\/vieassociative.be\/"]}]}},"_links":{"self":[{"href":"https:\/\/vieassociative.be\/actualites\/wp-json\/wp\/v2\/posts\/11021"}],"collection":[{"href":"https:\/\/vieassociative.be\/actualites\/wp-json\/wp\/v2\/posts"}],"about":[{"href":"https:\/\/vieassociative.be\/actualites\/wp-json\/wp\/v2\/types\/post"}],"author":[{"embeddable":true,"href":"https:\/\/vieassociative.be\/actualites\/wp-json\/wp\/v2\/users\/1"}],"replies":[{"embeddable":true,"href":"https:\/\/vieassociative.be\/actualites\/wp-json\/wp\/v2\/comments?post=11021"}],"version-history":[{"count":0,"href":"https:\/\/vieassociative.be\/actualites\/wp-json\/wp\/v2\/posts\/11021\/revisions"}],"wp:featuredmedia":[{"embeddable":true,"href":"https:\/\/vieassociative.be\/actualites\/wp-json\/wp\/v2\/media\/11022"}],"wp:attachment":[{"href":"https:\/\/vieassociative.be\/actualites\/wp-json\/wp\/v2\/media?parent=11021"}],"wp:term":[{"taxonomy":"category","embeddable":true,"href":"https:\/\/vieassociative.be\/actualites\/wp-json\/wp\/v2\/categories?post=11021"},{"taxonomy":"post_tag","embeddable":true,"href":"https:\/\/vieassociative.be\/actualites\/wp-json\/wp\/v2\/tags?post=11021"}],"curies":[{"name":"wp","href":"https:\/\/api.w.org\/{rel}","templated":true}]}}