{"id":11019,"date":"2025-10-31T15:17:45","date_gmt":"2025-10-31T14:17:45","guid":{"rendered":"https:\/\/vieassociative.be\/actualites\/vous-pourrez-ainsi-traverser-le-paysage-urbain-de-maniere-plus-sure-la-nuit-les-conseils-de-comportement-preventifs-de-la-police-peuvent-vous-aider\/"},"modified":"2025-10-31T15:17:45","modified_gmt":"2025-10-31T14:17:45","slug":"vous-pourrez-ainsi-traverser-le-paysage-urbain-de-maniere-plus-sure-la-nuit-les-conseils-de-comportement-preventifs-de-la-police-peuvent-vous-aider","status":"publish","type":"post","link":"https:\/\/vieassociative.be\/actualites\/vous-pourrez-ainsi-traverser-le-paysage-urbain-de-maniere-plus-sure-la-nuit-les-conseils-de-comportement-preventifs-de-la-police-peuvent-vous-aider\/","title":{"rendered":"Vous pourrez ainsi traverser le \u00ab paysage urbain \u00bb de mani\u00e8re plus s\u00fbre la nuit \u2013 les conseils de comportement pr\u00e9ventifs de la police peuvent vous aider."},"content":{"rendered":"<p><strong>Le d\u00e9bat sur le \u00ab paysage urbain \u00bb d\u00e9clench\u00e9 par le chancelier allemand Friedrich Merz (CDU) a mis la question de la s\u00e9curit\u00e9 au centre de l\u2019attention. Le service consultatif de la police nationale donne des recommandations sur ce que vous pouvez faire pour traverser la ville en toute s\u00e9curit\u00e9 la nuit. Ces conseils de comportement pr\u00e9ventif s\u2019appliquent aussi bien \u00e0 l\u2019Allemagne qu\u2019\u00e0 n\u2019importe quel autre pays.<\/strong><\/p>\n<p><span id=\"more-428504\"><\/span>All\u00e9e sombre, tunnel brumeux et humide avec des lumi\u00e8res vacillantes\u00a0? Qui ne s&rsquo;inqui\u00e8te pas de \u00e7a ? C&rsquo;est bien quand on peut se sentir plus en s\u00e9curit\u00e9. Le service consultatif de la police nationale donne toute une s\u00e9rie de conseils aux femmes et aux hommes qui se d\u00e9placent le soir et la nuit.<\/p>\n<p>Beaucoup de gens ont le sentiment de ne pas \u00eatre en s\u00e9curit\u00e9 dehors. Ils ont particuli\u00e8rement peur de sortir la nuit \u2013 sans savoir exactement pourquoi.<\/p>\n<div id=\"attachment_428515\" class=\"wp-caption alignleft\" style=\"max-width: 300px\"><img fetchpriority=\"high\" decoding=\"async\" class=\"wp-image-428515 size-medium\" src=\"https:\/\/vieassociative.be\/actualites\/wp-content\/uploads\/2025\/10\/Vous-pourrez-ainsi-traverser-le-paysage-urbain-de.jpg\" alt=\"\" width=\"300\" height=\"200\"><\/div>\n<p>Et la peur l\u2019emporte souvent : vous d\u00e9cidez de prendre le d\u00e9tour le plus fr\u00e9quent\u00e9 plut\u00f4t que le chemin le plus court. Vous choisissez des chaussures dans lesquelles vous pouvez marcher plus vite si n\u00e9cessaire. Vous choisissez un jean au lieu d\u2019une superbe jupe. Vous d\u00e9cidez de prendre un taxi au lieu de prendre le bus. Ou m\u00eame vous d\u00e9cidez de rester \u00e0 la maison.<\/p>\n<p>Cependant, vous avez la possibilit\u00e9 de vous sentir plus fort, plus confiant et de participer \u00e0 la vie sociale. Exactement comme vous le souhaitez.<\/p>\n<p>Les conseils suivants peuvent vous aider.<\/p>\n<p><strong>Ensemble vous \u00eates plus fort<\/strong><\/p>\n<ul>\n<li>Si vous sortez ou si vous souhaitez rentrer chez vous apr\u00e8s un \u00e9v\u00e9nement le soir, arrangez-vous \u00e0 l&rsquo;avance avec des amis pour parcourir ensemble le plus grand trajet possible.<\/li>\n<li>Pour le reste du voyage, vous pourriez avoir l\u2019esprit tranquille en vous parlant au t\u00e9l\u00e9phone jusqu\u2019\u00e0 ce que tout le monde soit rentr\u00e9 sain et sauf \u00e0 la maison. Mais restez attentif et remarquez ce qui se passe autour de vous.<\/li>\n<\/ul>\n<p><strong>Laissez-nous vous accompagner virtuellement<\/strong><\/p>\n<p>Vous pouvez augmenter votre sentiment de s\u00e9curit\u00e9 lors de vos d\u00e9placements en partageant votre position en direct avec une personne de confiance. Votre confident peut alors agir rapidement si vous ne vous comportez pas comme d&rsquo;habitude et que vous \u00eates peut-\u00eatre en difficult\u00e9 :<\/p>\n<ul>\n<li>Votre confident devrait d&rsquo;abord vous appeler pour voir si tout va bien.<\/li>\n<li>Convenez de la marche \u00e0 suivre si la personne de confiance ne peut pas vous joindre, par exemple : conduisez jusqu&rsquo;\u00e0 l&#8217;emplacement de votre smartphone ou appelez la police (110 en Allemagne et 101 en Belgique).<\/li>\n<\/ul>\n<p><strong>Obtenez de l&rsquo;aide des autres<\/strong><\/p>\n<ul>\n<li>Parlez aux personnes qui sont \u00e9galement \u00e0 l\u2019ext\u00e9rieur si vous ne vous sentez pas en s\u00e9curit\u00e9. Demandez-leur si vous pouvez les rejoindre pendant un moment jusqu&rsquo;\u00e0 ce que la situation d\u00e9sagr\u00e9able passe ou que les personnes qui vous inqui\u00e9taient ne soient plus l\u00e0.<\/li>\n<li>Vous pouvez et devez parler aux employ\u00e9s des services de s\u00e9curit\u00e9 et des forces de police sur place, etc. si vous avez un mauvais pressentiment.<\/li>\n<li>En cas d&rsquo;urgence, appelez la police (110 en Allemagne et 101 en Belgique)<\/li>\n<li>Pour \u00e9chapper \u00e0 une situation d\u00e9sagr\u00e9able, vous pouvez \u00e9galement vous rendre dans les lieux publics (par exemple un bar, un kiosque ou un magasin) et y attendre jusqu&rsquo;\u00e0 ce que vous vous sentiez \u00e0 nouveau plus en s\u00e9curit\u00e9.<\/li>\n<li>Soyez conscient lorsque d\u2019autres personnes peuvent se sentir en danger et offrez-leur votre soutien.<\/li>\n<li>Parlez \u00e0 votre entourage de vos exp\u00e9riences dans les espaces publics. Cela peut aider les gens \u00e0 comprendre comment les situations sont per\u00e7ues diff\u00e9remment et ce qui peut provoquer de l\u2019incertitude chez les autres.<\/li>\n<\/ul>\n<p><strong>La confiance en soi transmet la force<\/strong><\/p>\n<ul>\n<li>L\u2019espace public est accessible \u00e0 tous, vous y compris. Utilisez-le de mani\u00e8re ind\u00e9pendante. Une posture droite transmet la confiance en soi.<\/li>\n<li>Pour apprendre ou solidifier cette confiance en soi dans l\u2019espace public, vous pourriez suivre un cours d\u2019affirmation de soi.<\/li>\n<\/ul>\n<p><strong>Pr\u00e9parez-vous<\/strong><\/p>\n<ul>\n<li>Chargez votre t\u00e9l\u00e9phone et emportez-le avec vous.<\/li>\n<li>Si vous ne connaissez pas la r\u00e9gion, utilisez un service de cartographie pour trouver votre itin\u00e9raire. Sur la base des photos, vous pouvez souvent juger quel chemin est fr\u00e9quent\u00e9 et donc le plus s\u00fbr pour vous.<\/li>\n<li>Renseignez-vous \u00e0 l&rsquo;avance sur les transports publics ou d&rsquo;autres offres de mobilit\u00e9 (par exemple, services de taxi et de conduite, location de v\u00e9los, scooters \u00e9lectriques) afin de ne pas avoir \u00e0 chercher longtemps en chemin.<\/li>\n<\/ul>\n<p>Il existe des situations dans lesquelles votre propre ins\u00e9curit\u00e9 \u00e0 l\u2019ext\u00e9rieur et dans le noir est plus qu\u2019un simple sentiment. \u00c0 savoir lorsque vous \u00eates r\u00e9ellement harcel\u00e9, harcel\u00e9 ou pers\u00e9cut\u00e9. En cas d&rsquo;urgence, appelez toujours la police au 110 (en Allemagne) ou au 101 (en Belgique). (cr\u00e9er)<\/p>\n<p><strong>Sur le sujet, voir aussi l&rsquo;article suivant sur l&rsquo;OD :<\/strong><\/p>\n<div class=\"responsive-embed widescreen\">\n<blockquote class=\"wp-embedded-content\" data-secret=\"wnVIOsomZV\">\n<p>Les manifestations \u00ab\u00a0Cityscape\u00a0\u00bb se poursuivent \u2013 \u200b\u200bmais selon l&rsquo;enqu\u00eate, 63 pour cent des Allemands sont d&rsquo;accord avec le chancelier Merz<\/p>\n<\/blockquote>\n<p><iframe loading=\"lazy\" class=\"wp-embedded-content\" sandbox=\"allow-scripts\" security=\"restricted\" style=\"position: absolute; visibility: hidden;\" title=\"\u201e\u201eStadtbild\u201c-Demos gehen weiter \u2013 aber laut Umfrage geben 63 Prozent der Deutschen Kanzler Merz recht\u201c \u2014 Ostbelgien Direkt\" src=\"https:\/\/ostbelgiendirekt.be\/about:blank\" data-secret=\"wnVIOsomZV\" width=\"500\" height=\"282\" frameborder=\"0\" marginwidth=\"0\" marginheight=\"0\" scrolling=\"no\" data-rocket-lazyload=\"fitvidscompatible\" data-lazy-src=\"https:\/\/ostbelgiendirekt.be\/deutschland-merz-wegen-stadtbild-unter-druck-427805\/embed#?secret=SEWf8XU9uL#?secret=wnVIOsomZV\"><\/iframe><noscript><iframe class=\"wp-embedded-content\" sandbox=\"allow-scripts\" security=\"restricted\" style=\"position: absolute; visibility: hidden;\" title=\"\u201e\u201eStadtbild\u201c-Demos gehen weiter \u2013 aber laut Umfrage geben 63 Prozent der Deutschen Kanzler Merz recht\u201c \u2014 Ostbelgien Direkt\" src=\"https:\/\/ostbelgiendirekt.be\/deutschland-merz-wegen-stadtbild-unter-druck-427805\/embed#?secret=SEWf8XU9uL#?secret=wnVIOsomZV\" data-secret=\"wnVIOsomZV\" width=\"500\" height=\"282\" frameborder=\"0\" marginwidth=\"0\" marginheight=\"0\" scrolling=\"no\"><\/iframe><\/noscript><\/p>\n<\/div>\n","protected":false},"excerpt":{"rendered":"<p>Le d\u00e9bat sur le \u00ab paysage urbain \u00bb d\u00e9clench\u00e9 par le chancelier allemand Friedrich Merz (CDU) a mis la question de la s\u00e9curit\u00e9 au centre<\/p>\n","protected":false},"author":1,"featured_media":11020,"comment_status":"","ping_status":"","sticky":false,"template":"","format":"standard","meta":{"footnotes":""},"categories":[298],"tags":[294,1145,1210,725,14,327,2405,8997,293,2741,3966,9105,1242,2027,8998,4],"class_list":["post-11019","post","type-post","status-publish","format-standard","has-post-thumbnail","hentry","category-belgique","tag-aider","tag-ainsi","tag-comportement","tag-conseils","tag-les","tag-maniere","tag-nuit","tag-paysage","tag-peuvent","tag-police","tag-pourrez","tag-preventifs","tag-sure","tag-traverser","tag-urbain","tag-vous","generate-columns","tablet-grid-50","mobile-grid-100","grid-parent","grid-33"],"yoast_head":"<!-- This site is optimized with the Yoast SEO plugin v24.0 - https:\/\/yoast.com\/wordpress\/plugins\/seo\/ -->\n<title>Vous pourrez ainsi traverser le \u00ab paysage urbain \u00bb de mani\u00e8re plus s\u00fbre la nuit \u2013 les conseils de comportement pr\u00e9ventifs de la police peuvent vous aider. | Vie Associative<\/title>\n<meta name=\"robots\" content=\"index, follow, max-snippet:-1, max-image-preview:large, max-video-preview:-1\" \/>\n<link rel=\"canonical\" href=\"https:\/\/vieassociative.be\/actualites\/vous-pourrez-ainsi-traverser-le-paysage-urbain-de-maniere-plus-sure-la-nuit-les-conseils-de-comportement-preventifs-de-la-police-peuvent-vous-aider\/\" \/>\n<meta property=\"og:locale\" content=\"fr_FR\" \/>\n<meta property=\"og:type\" content=\"article\" \/>\n<meta property=\"og:title\" content=\"Vous pourrez ainsi traverser le \u00ab paysage urbain \u00bb de mani\u00e8re plus s\u00fbre la nuit \u2013 les conseils de comportement pr\u00e9ventifs de la police peuvent vous aider. | Vie Associative\" \/>\n<meta property=\"og:description\" content=\"Le d\u00e9bat sur le \u00ab paysage urbain \u00bb d\u00e9clench\u00e9 par le chancelier allemand Friedrich Merz (CDU) a mis la question de la s\u00e9curit\u00e9 au centre\" \/>\n<meta property=\"og:url\" content=\"https:\/\/vieassociative.be\/actualites\/vous-pourrez-ainsi-traverser-le-paysage-urbain-de-maniere-plus-sure-la-nuit-les-conseils-de-comportement-preventifs-de-la-police-peuvent-vous-aider\/\" \/>\n<meta property=\"og:site_name\" content=\"Vie Associative\" \/>\n<meta property=\"article:published_time\" content=\"2025-10-31T14:17:45+00:00\" \/>\n<meta property=\"og:image\" content=\"https:\/\/vieassociative.be\/actualites\/wp-content\/uploads\/2024\/09\/header_backgroundk-01-e1726694325946.png\" \/>\n\t<meta property=\"og:image:width\" content=\"279\" \/>\n\t<meta property=\"og:image:height\" content=\"92\" \/>\n\t<meta property=\"og:image:type\" content=\"image\/png\" \/>\n<meta name=\"author\" content=\"Julien\" \/>\n<meta name=\"twitter:card\" content=\"summary_large_image\" \/>\n<meta name=\"twitter:label1\" content=\"\u00c9crit par\" \/>\n\t<meta name=\"twitter:data1\" content=\"Julien\" \/>\n\t<meta name=\"twitter:label2\" content=\"Dur\u00e9e de lecture est.\" \/>\n\t<meta name=\"twitter:data2\" content=\"4 minutes\" \/>\n<script type=\"application\/ld+json\" class=\"yoast-schema-graph\">{\"@context\":\"https:\/\/schema.org\",\"@graph\":[{\"@type\":\"Article\",\"@id\":\"https:\/\/vieassociative.be\/actualites\/vous-pourrez-ainsi-traverser-le-paysage-urbain-de-maniere-plus-sure-la-nuit-les-conseils-de-comportement-preventifs-de-la-police-peuvent-vous-aider\/#article\",\"isPartOf\":{\"@id\":\"https:\/\/vieassociative.be\/actualites\/vous-pourrez-ainsi-traverser-le-paysage-urbain-de-maniere-plus-sure-la-nuit-les-conseils-de-comportement-preventifs-de-la-police-peuvent-vous-aider\/\"},\"author\":{\"name\":\"Julien\",\"@id\":\"https:\/\/vieassociative.be\/actualites\/#\/schema\/person\/b87ac4f82f9d4e7b7cec7395b679edc4\"},\"headline\":\"Vous pourrez ainsi traverser le \u00ab paysage urbain \u00bb de mani\u00e8re plus s\u00fbre la nuit \u2013 les conseils de comportement pr\u00e9ventifs de la police peuvent vous aider.\",\"datePublished\":\"2025-10-31T14:17:45+00:00\",\"dateModified\":\"2025-10-31T14:17:45+00:00\",\"mainEntityOfPage\":{\"@id\":\"https:\/\/vieassociative.be\/actualites\/vous-pourrez-ainsi-traverser-le-paysage-urbain-de-maniere-plus-sure-la-nuit-les-conseils-de-comportement-preventifs-de-la-police-peuvent-vous-aider\/\"},\"wordCount\":869,\"publisher\":{\"@id\":\"https:\/\/vieassociative.be\/actualites\/#organization\"},\"image\":{\"@id\":\"https:\/\/vieassociative.be\/actualites\/vous-pourrez-ainsi-traverser-le-paysage-urbain-de-maniere-plus-sure-la-nuit-les-conseils-de-comportement-preventifs-de-la-police-peuvent-vous-aider\/#primaryimage\"},\"thumbnailUrl\":\"https:\/\/vieassociative.be\/actualites\/wp-content\/uploads\/2025\/10\/1761920266_Vous-pourrez-ainsi-traverser-le-paysage-urbain-de.jpg\",\"keywords\":[\"aider\",\"ainsi\",\"comportement\",\"Conseils\",\"Les\",\"mani\u00e8re\",\"nuit\",\"paysage\",\"peuvent\",\"police\",\"pourrez\",\"pr\u00e9ventifs\",\"s\u00fbre\",\"traverser\",\"urbain\",\"Vous\"],\"articleSection\":[\"Belgique\"],\"inLanguage\":\"fr-BE\"},{\"@type\":\"WebPage\",\"@id\":\"https:\/\/vieassociative.be\/actualites\/vous-pourrez-ainsi-traverser-le-paysage-urbain-de-maniere-plus-sure-la-nuit-les-conseils-de-comportement-preventifs-de-la-police-peuvent-vous-aider\/\",\"url\":\"https:\/\/vieassociative.be\/actualites\/vous-pourrez-ainsi-traverser-le-paysage-urbain-de-maniere-plus-sure-la-nuit-les-conseils-de-comportement-preventifs-de-la-police-peuvent-vous-aider\/\",\"name\":\"Vous pourrez ainsi traverser le \u00ab paysage urbain \u00bb de mani\u00e8re plus s\u00fbre la nuit \u2013 les conseils de comportement pr\u00e9ventifs de la police peuvent vous aider. | Vie Associative\",\"isPartOf\":{\"@id\":\"https:\/\/vieassociative.be\/actualites\/#website\"},\"primaryImageOfPage\":{\"@id\":\"https:\/\/vieassociative.be\/actualites\/vous-pourrez-ainsi-traverser-le-paysage-urbain-de-maniere-plus-sure-la-nuit-les-conseils-de-comportement-preventifs-de-la-police-peuvent-vous-aider\/#primaryimage\"},\"image\":{\"@id\":\"https:\/\/vieassociative.be\/actualites\/vous-pourrez-ainsi-traverser-le-paysage-urbain-de-maniere-plus-sure-la-nuit-les-conseils-de-comportement-preventifs-de-la-police-peuvent-vous-aider\/#primaryimage\"},\"thumbnailUrl\":\"https:\/\/vieassociative.be\/actualites\/wp-content\/uploads\/2025\/10\/1761920266_Vous-pourrez-ainsi-traverser-le-paysage-urbain-de.jpg\",\"datePublished\":\"2025-10-31T14:17:45+00:00\",\"dateModified\":\"2025-10-31T14:17:45+00:00\",\"breadcrumb\":{\"@id\":\"https:\/\/vieassociative.be\/actualites\/vous-pourrez-ainsi-traverser-le-paysage-urbain-de-maniere-plus-sure-la-nuit-les-conseils-de-comportement-preventifs-de-la-police-peuvent-vous-aider\/#breadcrumb\"},\"inLanguage\":\"fr-BE\",\"potentialAction\":[{\"@type\":\"ReadAction\",\"target\":[\"https:\/\/vieassociative.be\/actualites\/vous-pourrez-ainsi-traverser-le-paysage-urbain-de-maniere-plus-sure-la-nuit-les-conseils-de-comportement-preventifs-de-la-police-peuvent-vous-aider\/\"]}]},{\"@type\":\"ImageObject\",\"inLanguage\":\"fr-BE\",\"@id\":\"https:\/\/vieassociative.be\/actualites\/vous-pourrez-ainsi-traverser-le-paysage-urbain-de-maniere-plus-sure-la-nuit-les-conseils-de-comportement-preventifs-de-la-police-peuvent-vous-aider\/#primaryimage\",\"url\":\"https:\/\/vieassociative.be\/actualites\/wp-content\/uploads\/2025\/10\/1761920266_Vous-pourrez-ainsi-traverser-le-paysage-urbain-de.jpg\",\"contentUrl\":\"https:\/\/vieassociative.be\/actualites\/wp-content\/uploads\/2025\/10\/1761920266_Vous-pourrez-ainsi-traverser-le-paysage-urbain-de.jpg\",\"width\":1200,\"height\":800,\"caption\":\"Vous pourrez ainsi traverser le \u00ab paysage urbain \u00bb de mani\u00e8re plus s\u00fbre la nuit \u2013 les conseils de comportement pr\u00e9ventifs de la police peuvent vous aider.\"},{\"@type\":\"BreadcrumbList\",\"@id\":\"https:\/\/vieassociative.be\/actualites\/vous-pourrez-ainsi-traverser-le-paysage-urbain-de-maniere-plus-sure-la-nuit-les-conseils-de-comportement-preventifs-de-la-police-peuvent-vous-aider\/#breadcrumb\",\"itemListElement\":[{\"@type\":\"ListItem\",\"position\":1,\"name\":\"Accueil\",\"item\":\"https:\/\/vieassociative.be\/actualites\/\"},{\"@type\":\"ListItem\",\"position\":2,\"name\":\"Vous pourrez ainsi traverser le \u00ab paysage urbain \u00bb de mani\u00e8re plus s\u00fbre la nuit \u2013 les conseils de comportement pr\u00e9ventifs de la police peuvent vous aider.\"}]},{\"@type\":\"WebSite\",\"@id\":\"https:\/\/vieassociative.be\/actualites\/#website\",\"url\":\"https:\/\/vieassociative.be\/actualites\/\",\"name\":\"Vie Associative\",\"description\":\"\",\"publisher\":{\"@id\":\"https:\/\/vieassociative.be\/actualites\/#organization\"},\"potentialAction\":[{\"@type\":\"SearchAction\",\"target\":{\"@type\":\"EntryPoint\",\"urlTemplate\":\"https:\/\/vieassociative.be\/actualites\/?s={search_term_string}\"},\"query-input\":{\"@type\":\"PropertyValueSpecification\",\"valueRequired\":true,\"valueName\":\"search_term_string\"}}],\"inLanguage\":\"fr-BE\"},{\"@type\":\"Organization\",\"@id\":\"https:\/\/vieassociative.be\/actualites\/#organization\",\"name\":\"Vie Associative\",\"url\":\"https:\/\/vieassociative.be\/actualites\/\",\"logo\":{\"@type\":\"ImageObject\",\"inLanguage\":\"fr-BE\",\"@id\":\"https:\/\/vieassociative.be\/actualites\/#\/schema\/logo\/image\/\",\"url\":\"https:\/\/vieassociative.be\/actualites\/wp-content\/uploads\/2024\/09\/cropped-vieassociative_favicon.ico.png\",\"contentUrl\":\"https:\/\/vieassociative.be\/actualites\/wp-content\/uploads\/2024\/09\/cropped-vieassociative_favicon.ico.png\",\"width\":512,\"height\":512,\"caption\":\"Vie Associative\"},\"image\":{\"@id\":\"https:\/\/vieassociative.be\/actualites\/#\/schema\/logo\/image\/\"}},{\"@type\":\"Person\",\"@id\":\"https:\/\/vieassociative.be\/actualites\/#\/schema\/person\/b87ac4f82f9d4e7b7cec7395b679edc4\",\"name\":\"Julien\",\"image\":{\"@type\":\"ImageObject\",\"inLanguage\":\"fr-BE\",\"@id\":\"https:\/\/vieassociative.be\/actualites\/#\/schema\/person\/image\/\",\"url\":\"https:\/\/vieassociative.be\/actualites\/wp-content\/uploads\/2024\/09\/vie-associative-1-150x150.jpg\",\"contentUrl\":\"https:\/\/vieassociative.be\/actualites\/wp-content\/uploads\/2024\/09\/vie-associative-1-150x150.jpg\",\"caption\":\"Julien\"},\"description\":\"Je suis Julien, r\u00e9dacteur pour Vie Associative. Passionn\u00e9 par le monde associatif depuis plus de 10 ans, j'ai \u00e0 c\u0153ur de partager des histoires inspirantes et de mettre en lumi\u00e8re les initiatives locales. Mon objectif est de sensibiliser et d'encourager l'engagement communautaire \u00e0 travers mes articles.\",\"sameAs\":[\"https:\/\/vieassociative.be\/\"]}]}<\/script>\n<!-- \/ Yoast SEO plugin. -->","yoast_head_json":{"title":"Vous pourrez ainsi traverser le \u00ab paysage urbain \u00bb de mani\u00e8re plus s\u00fbre la nuit \u2013 les conseils de comportement pr\u00e9ventifs de la police peuvent vous aider. | Vie Associative","robots":{"index":"index","follow":"follow","max-snippet":"max-snippet:-1","max-image-preview":"max-image-preview:large","max-video-preview":"max-video-preview:-1"},"canonical":"https:\/\/vieassociative.be\/actualites\/vous-pourrez-ainsi-traverser-le-paysage-urbain-de-maniere-plus-sure-la-nuit-les-conseils-de-comportement-preventifs-de-la-police-peuvent-vous-aider\/","og_locale":"fr_FR","og_type":"article","og_title":"Vous pourrez ainsi traverser le \u00ab paysage urbain \u00bb de mani\u00e8re plus s\u00fbre la nuit \u2013 les conseils de comportement pr\u00e9ventifs de la police peuvent vous aider. | Vie Associative","og_description":"Le d\u00e9bat sur le \u00ab paysage urbain \u00bb d\u00e9clench\u00e9 par le chancelier allemand Friedrich Merz (CDU) a mis la question de la s\u00e9curit\u00e9 au centre","og_url":"https:\/\/vieassociative.be\/actualites\/vous-pourrez-ainsi-traverser-le-paysage-urbain-de-maniere-plus-sure-la-nuit-les-conseils-de-comportement-preventifs-de-la-police-peuvent-vous-aider\/","og_site_name":"Vie Associative","article_published_time":"2025-10-31T14:17:45+00:00","og_image":[{"width":279,"height":92,"url":"https:\/\/vieassociative.be\/actualites\/wp-content\/uploads\/2024\/09\/header_backgroundk-01-e1726694325946.png","type":"image\/png"}],"author":"Julien","twitter_card":"summary_large_image","twitter_misc":{"\u00c9crit par":"Julien","Dur\u00e9e de lecture est.":"4 minutes"},"schema":{"@context":"https:\/\/schema.org","@graph":[{"@type":"Article","@id":"https:\/\/vieassociative.be\/actualites\/vous-pourrez-ainsi-traverser-le-paysage-urbain-de-maniere-plus-sure-la-nuit-les-conseils-de-comportement-preventifs-de-la-police-peuvent-vous-aider\/#article","isPartOf":{"@id":"https:\/\/vieassociative.be\/actualites\/vous-pourrez-ainsi-traverser-le-paysage-urbain-de-maniere-plus-sure-la-nuit-les-conseils-de-comportement-preventifs-de-la-police-peuvent-vous-aider\/"},"author":{"name":"Julien","@id":"https:\/\/vieassociative.be\/actualites\/#\/schema\/person\/b87ac4f82f9d4e7b7cec7395b679edc4"},"headline":"Vous pourrez ainsi traverser le \u00ab paysage urbain \u00bb de mani\u00e8re plus s\u00fbre la nuit \u2013 les conseils de comportement pr\u00e9ventifs de la police peuvent vous aider.","datePublished":"2025-10-31T14:17:45+00:00","dateModified":"2025-10-31T14:17:45+00:00","mainEntityOfPage":{"@id":"https:\/\/vieassociative.be\/actualites\/vous-pourrez-ainsi-traverser-le-paysage-urbain-de-maniere-plus-sure-la-nuit-les-conseils-de-comportement-preventifs-de-la-police-peuvent-vous-aider\/"},"wordCount":869,"publisher":{"@id":"https:\/\/vieassociative.be\/actualites\/#organization"},"image":{"@id":"https:\/\/vieassociative.be\/actualites\/vous-pourrez-ainsi-traverser-le-paysage-urbain-de-maniere-plus-sure-la-nuit-les-conseils-de-comportement-preventifs-de-la-police-peuvent-vous-aider\/#primaryimage"},"thumbnailUrl":"https:\/\/vieassociative.be\/actualites\/wp-content\/uploads\/2025\/10\/1761920266_Vous-pourrez-ainsi-traverser-le-paysage-urbain-de.jpg","keywords":["aider","ainsi","comportement","Conseils","Les","mani\u00e8re","nuit","paysage","peuvent","police","pourrez","pr\u00e9ventifs","s\u00fbre","traverser","urbain","Vous"],"articleSection":["Belgique"],"inLanguage":"fr-BE"},{"@type":"WebPage","@id":"https:\/\/vieassociative.be\/actualites\/vous-pourrez-ainsi-traverser-le-paysage-urbain-de-maniere-plus-sure-la-nuit-les-conseils-de-comportement-preventifs-de-la-police-peuvent-vous-aider\/","url":"https:\/\/vieassociative.be\/actualites\/vous-pourrez-ainsi-traverser-le-paysage-urbain-de-maniere-plus-sure-la-nuit-les-conseils-de-comportement-preventifs-de-la-police-peuvent-vous-aider\/","name":"Vous pourrez ainsi traverser le \u00ab paysage urbain \u00bb de mani\u00e8re plus s\u00fbre la nuit \u2013 les conseils de comportement pr\u00e9ventifs de la police peuvent vous aider. | Vie Associative","isPartOf":{"@id":"https:\/\/vieassociative.be\/actualites\/#website"},"primaryImageOfPage":{"@id":"https:\/\/vieassociative.be\/actualites\/vous-pourrez-ainsi-traverser-le-paysage-urbain-de-maniere-plus-sure-la-nuit-les-conseils-de-comportement-preventifs-de-la-police-peuvent-vous-aider\/#primaryimage"},"image":{"@id":"https:\/\/vieassociative.be\/actualites\/vous-pourrez-ainsi-traverser-le-paysage-urbain-de-maniere-plus-sure-la-nuit-les-conseils-de-comportement-preventifs-de-la-police-peuvent-vous-aider\/#primaryimage"},"thumbnailUrl":"https:\/\/vieassociative.be\/actualites\/wp-content\/uploads\/2025\/10\/1761920266_Vous-pourrez-ainsi-traverser-le-paysage-urbain-de.jpg","datePublished":"2025-10-31T14:17:45+00:00","dateModified":"2025-10-31T14:17:45+00:00","breadcrumb":{"@id":"https:\/\/vieassociative.be\/actualites\/vous-pourrez-ainsi-traverser-le-paysage-urbain-de-maniere-plus-sure-la-nuit-les-conseils-de-comportement-preventifs-de-la-police-peuvent-vous-aider\/#breadcrumb"},"inLanguage":"fr-BE","potentialAction":[{"@type":"ReadAction","target":["https:\/\/vieassociative.be\/actualites\/vous-pourrez-ainsi-traverser-le-paysage-urbain-de-maniere-plus-sure-la-nuit-les-conseils-de-comportement-preventifs-de-la-police-peuvent-vous-aider\/"]}]},{"@type":"ImageObject","inLanguage":"fr-BE","@id":"https:\/\/vieassociative.be\/actualites\/vous-pourrez-ainsi-traverser-le-paysage-urbain-de-maniere-plus-sure-la-nuit-les-conseils-de-comportement-preventifs-de-la-police-peuvent-vous-aider\/#primaryimage","url":"https:\/\/vieassociative.be\/actualites\/wp-content\/uploads\/2025\/10\/1761920266_Vous-pourrez-ainsi-traverser-le-paysage-urbain-de.jpg","contentUrl":"https:\/\/vieassociative.be\/actualites\/wp-content\/uploads\/2025\/10\/1761920266_Vous-pourrez-ainsi-traverser-le-paysage-urbain-de.jpg","width":1200,"height":800,"caption":"Vous pourrez ainsi traverser le \u00ab paysage urbain \u00bb de mani\u00e8re plus s\u00fbre la nuit \u2013 les conseils de comportement pr\u00e9ventifs de la police peuvent vous aider."},{"@type":"BreadcrumbList","@id":"https:\/\/vieassociative.be\/actualites\/vous-pourrez-ainsi-traverser-le-paysage-urbain-de-maniere-plus-sure-la-nuit-les-conseils-de-comportement-preventifs-de-la-police-peuvent-vous-aider\/#breadcrumb","itemListElement":[{"@type":"ListItem","position":1,"name":"Accueil","item":"https:\/\/vieassociative.be\/actualites\/"},{"@type":"ListItem","position":2,"name":"Vous pourrez ainsi traverser le \u00ab paysage urbain \u00bb de mani\u00e8re plus s\u00fbre la nuit \u2013 les conseils de comportement pr\u00e9ventifs de la police peuvent vous aider."}]},{"@type":"WebSite","@id":"https:\/\/vieassociative.be\/actualites\/#website","url":"https:\/\/vieassociative.be\/actualites\/","name":"Vie Associative","description":"","publisher":{"@id":"https:\/\/vieassociative.be\/actualites\/#organization"},"potentialAction":[{"@type":"SearchAction","target":{"@type":"EntryPoint","urlTemplate":"https:\/\/vieassociative.be\/actualites\/?s={search_term_string}"},"query-input":{"@type":"PropertyValueSpecification","valueRequired":true,"valueName":"search_term_string"}}],"inLanguage":"fr-BE"},{"@type":"Organization","@id":"https:\/\/vieassociative.be\/actualites\/#organization","name":"Vie Associative","url":"https:\/\/vieassociative.be\/actualites\/","logo":{"@type":"ImageObject","inLanguage":"fr-BE","@id":"https:\/\/vieassociative.be\/actualites\/#\/schema\/logo\/image\/","url":"https:\/\/vieassociative.be\/actualites\/wp-content\/uploads\/2024\/09\/cropped-vieassociative_favicon.ico.png","contentUrl":"https:\/\/vieassociative.be\/actualites\/wp-content\/uploads\/2024\/09\/cropped-vieassociative_favicon.ico.png","width":512,"height":512,"caption":"Vie Associative"},"image":{"@id":"https:\/\/vieassociative.be\/actualites\/#\/schema\/logo\/image\/"}},{"@type":"Person","@id":"https:\/\/vieassociative.be\/actualites\/#\/schema\/person\/b87ac4f82f9d4e7b7cec7395b679edc4","name":"Julien","image":{"@type":"ImageObject","inLanguage":"fr-BE","@id":"https:\/\/vieassociative.be\/actualites\/#\/schema\/person\/image\/","url":"https:\/\/vieassociative.be\/actualites\/wp-content\/uploads\/2024\/09\/vie-associative-1-150x150.jpg","contentUrl":"https:\/\/vieassociative.be\/actualites\/wp-content\/uploads\/2024\/09\/vie-associative-1-150x150.jpg","caption":"Julien"},"description":"Je suis Julien, r\u00e9dacteur pour Vie Associative. Passionn\u00e9 par le monde associatif depuis plus de 10 ans, j'ai \u00e0 c\u0153ur de partager des histoires inspirantes et de mettre en lumi\u00e8re les initiatives locales. Mon objectif est de sensibiliser et d'encourager l'engagement communautaire \u00e0 travers mes articles.","sameAs":["https:\/\/vieassociative.be\/"]}]}},"_links":{"self":[{"href":"https:\/\/vieassociative.be\/actualites\/wp-json\/wp\/v2\/posts\/11019"}],"collection":[{"href":"https:\/\/vieassociative.be\/actualites\/wp-json\/wp\/v2\/posts"}],"about":[{"href":"https:\/\/vieassociative.be\/actualites\/wp-json\/wp\/v2\/types\/post"}],"author":[{"embeddable":true,"href":"https:\/\/vieassociative.be\/actualites\/wp-json\/wp\/v2\/users\/1"}],"replies":[{"embeddable":true,"href":"https:\/\/vieassociative.be\/actualites\/wp-json\/wp\/v2\/comments?post=11019"}],"version-history":[{"count":0,"href":"https:\/\/vieassociative.be\/actualites\/wp-json\/wp\/v2\/posts\/11019\/revisions"}],"wp:featuredmedia":[{"embeddable":true,"href":"https:\/\/vieassociative.be\/actualites\/wp-json\/wp\/v2\/media\/11020"}],"wp:attachment":[{"href":"https:\/\/vieassociative.be\/actualites\/wp-json\/wp\/v2\/media?parent=11019"}],"wp:term":[{"taxonomy":"category","embeddable":true,"href":"https:\/\/vieassociative.be\/actualites\/wp-json\/wp\/v2\/categories?post=11019"},{"taxonomy":"post_tag","embeddable":true,"href":"https:\/\/vieassociative.be\/actualites\/wp-json\/wp\/v2\/tags?post=11019"}],"curies":[{"name":"wp","href":"https:\/\/api.w.org\/{rel}","templated":true}]}}