{"id":11017,"date":"2025-10-31T14:16:59","date_gmt":"2025-10-31T13:16:59","guid":{"rendered":"https:\/\/vieassociative.be\/actualites\/character-ai-commencera-bientot-a-interdire-aux-enfants-dutiliser-ses-chatbots\/"},"modified":"2025-10-31T14:16:59","modified_gmt":"2025-10-31T13:16:59","slug":"character-ai-commencera-bientot-a-interdire-aux-enfants-dutiliser-ses-chatbots","status":"publish","type":"post","link":"https:\/\/vieassociative.be\/actualites\/character-ai-commencera-bientot-a-interdire-aux-enfants-dutiliser-ses-chatbots\/","title":{"rendered":"Character.ai commencera bient\u00f4t \u00e0 interdire aux enfants d&rsquo;utiliser ses chatbots"},"content":{"rendered":"<div class=\"mt-4 leading-6 md:mb-8\">Des rapports et des poursuites choquants ont pouss\u00e9 une plateforme d\u2019IA de premier plan \u00e0 s\u2019autor\u00e9guler.<\/div>\n<p><\/p>\n<p>Character.ai, la principale plateforme de chatbots IA, a annonc\u00e9 hier qu&rsquo;elle n&rsquo;autoriserait plus les personnes de moins de 18 ans \u00e0 avoir des conversations ouvertes avec ses chatbots. La soci\u00e9t\u00e9 m\u00e8re de Character.ai, Character Technologies, a d\u00e9clar\u00e9 que l&rsquo;interdiction entrerait en vigueur le 25 novembre et qu&rsquo;entre-temps, elle imposerait des limites de temps aux enfants et \u00ab\u00a0transf\u00e9rerait les jeunes utilisateurs vers des fonctionnalit\u00e9s cr\u00e9atives alternatives telles que la cr\u00e9ation de vid\u00e9os, d&rsquo;histoires et de flux avec des personnages IA\u00a0\u00bb. <\/p>\n<p>Dans une d\u00e9claration publi\u00e9e en ligne, Character Technologies a d\u00e9clar\u00e9 qu&rsquo;elle effectuait ce changement \u00ab\u00a0\u00e0 la lumi\u00e8re de l&rsquo;\u00e9volution du paysage autour de l&rsquo;IA et des adolescents\u00a0\u00bb, ce qui semble \u00eatre une belle fa\u00e7on de dire \u00ab\u00a0\u00e0 cause des poursuites\u00a0\u00bb. Character Technologies a r\u00e9cemment \u00e9t\u00e9 poursuivi en justice par une m\u00e8re en Floride et par des familles du Colorado et de New York, qui affirment que leurs enfants se sont suicid\u00e9s ou ont tent\u00e9 de se suicider apr\u00e8s avoir interagi avec les chatbots de l&rsquo;entreprise.<\/p>\n<p>Ces poursuites ne sont pas isol\u00e9es : elles s\u2019inscrivent dans le cadre d\u2019une pr\u00e9occupation croissante quant \u00e0 la mani\u00e8re dont les chatbots IA interagissent avec les mineurs. Un rapport accablant sur Character.ai publi\u00e9 en septembre par Parents Together Action, d\u00e9fenseur de la s\u00e9curit\u00e9 en ligne, d\u00e9taille des interactions troublantes avec des chatbots, comme Rey de Star Wars donnant \u00e0 une jeune de 13 ans des conseils sur la fa\u00e7on de cacher qu&rsquo;elle ne prend pas les antid\u00e9presseurs prescrits par ses parents, et un robot de Patrick Mahomes offrant \u00e0 une jeune de 15 ans un produit comestible au cannabis. <\/p>\n<div class=\"mx-auto mb-12 mt-5 w-full max-w-3xl rounded-md border-2 border-gray-100 p-3 shadow-md md:px-7 md:pb-7 md:pt-5\" id=\"related-video\">\n<div class=\"mb-3 flex items-center md:mb-5\">\n        <img decoding=\"async\" class=\"mr-4 mt-0 h-10 w-10 md:mr-5 md:h-12 md:w-12\" src=\"https:\/\/vieassociative.be\/actualites\/wp-content\/uploads\/2025\/09\/1757726237_608_Meta-pourrait-devoiler-une-montre-intelligente-pour-controler-ses-lunettes.jpg\" alt=\"Logo du pirate de la vie\"><\/p><\/div>\n<div class=\"aspect-video w-full overflow-hidden rounded-md\">\n<div id=\"video-container-01K8X4WJSKTKWDWVDVYCXKWNNJ\"><\/div>\n<\/p><\/div>\n<\/div>\n<p>Character Technologies a \u00e9galement annonc\u00e9 le lancement de nouveaux outils de v\u00e9rification de l&rsquo;\u00e2ge et son intention de cr\u00e9er un \u00ab AI Safety Lab \u00bb, qu&rsquo;elle a d\u00e9crit comme \u00ab une organisation ind\u00e9pendante \u00e0 but non lucratif d\u00e9di\u00e9e \u00e0 l&rsquo;innovation en mati\u00e8re d&rsquo;alignement de s\u00e9curit\u00e9 pour les fonctionnalit\u00e9s de divertissement IA de nouvelle g\u00e9n\u00e9ration \u00bb.<\/p>\n<p>Character AI compte plus de 20 millions d\u2019utilisateurs mensuels au d\u00e9but de 2025, et la majorit\u00e9 d\u2019entre eux d\u00e9clarent avoir entre 18 et 24 ans, avec seulement 10 % d\u2019utilisateurs d\u00e9clarant avoir moins de 18 ans. <\/p>\n<h2 id=\"the-future-of-age-restricted-ai\">L\u2019avenir de l\u2019IA soumise \u00e0 une limite d\u2019\u00e2ge<\/h2>\n<p>Comme le sugg\u00e8re Character Technologies dans sa d\u00e9claration, les nouvelles directives de l&rsquo;entreprise lui donnent une longueur d&rsquo;avance sur les soci\u00e9t\u00e9s d&rsquo;IA en mati\u00e8re de restrictions pour les mineurs. Meta, par exemple, a r\u00e9cemment ajout\u00e9 un contr\u00f4le parental pour ses chatbots, mais n\u2019est pas all\u00e9 jusqu\u2019\u00e0 interdire totalement aux mineurs de les utiliser. <\/p>\n<p>D\u2019autres soci\u00e9t\u00e9s d\u2019IA mettront probablement en \u0153uvre des directives similaires \u00e0 l\u2019avenir, d\u2019une mani\u00e8re ou d\u2019une autre : une loi californienne qui entrera en vigueur en 2026 exige que les chatbots d\u2019IA emp\u00eachent les enfants d\u2019acc\u00e9der \u00e0 des contenus et interactions sexuels explicites qui pourraient encourager l\u2019automutilation ou la violence et qu\u2019ils disposent de protocoles qui d\u00e9tectent les id\u00e9es suicidaires et fournissent des r\u00e9f\u00e9rences vers des services de crise. <\/p>\n","protected":false},"excerpt":{"rendered":"<p>Des rapports et des poursuites choquants ont pouss\u00e9 une plateforme d\u2019IA de premier plan \u00e0 s\u2019autor\u00e9guler. Character.ai, la principale plateforme de chatbots IA, a annonc\u00e9<\/p>\n","protected":false},"author":1,"featured_media":11018,"comment_status":"","ping_status":"","sticky":false,"template":"","format":"standard","meta":{"footnotes":""},"categories":[13],"tags":[289,2550,9102,5732,9103,120,324,9104,1055],"class_list":["post-11017","post","type-post","status-publish","format-standard","has-post-thumbnail","hentry","category-technologie","tag-aux","tag-bientot","tag-character-ai","tag-chatbots","tag-commencera","tag-dutiliser","tag-enfants","tag-interdire","tag-ses","generate-columns","tablet-grid-50","mobile-grid-100","grid-parent","grid-33"],"yoast_head":"<!-- This site is optimized with the Yoast SEO plugin v24.0 - https:\/\/yoast.com\/wordpress\/plugins\/seo\/ -->\n<title>Character.ai commencera bient\u00f4t \u00e0 interdire aux enfants d&#039;utiliser ses chatbots | Vie Associative<\/title>\n<meta name=\"robots\" content=\"index, follow, max-snippet:-1, max-image-preview:large, max-video-preview:-1\" \/>\n<link rel=\"canonical\" href=\"https:\/\/vieassociative.be\/actualites\/character-ai-commencera-bientot-a-interdire-aux-enfants-dutiliser-ses-chatbots\/\" \/>\n<meta property=\"og:locale\" content=\"fr_FR\" \/>\n<meta property=\"og:type\" content=\"article\" \/>\n<meta property=\"og:title\" content=\"Character.ai commencera bient\u00f4t \u00e0 interdire aux enfants d&#039;utiliser ses chatbots | Vie Associative\" \/>\n<meta property=\"og:description\" content=\"Des rapports et des poursuites choquants ont pouss\u00e9 une plateforme d\u2019IA de premier plan \u00e0 s\u2019autor\u00e9guler. Character.ai, la principale plateforme de chatbots IA, a annonc\u00e9\" \/>\n<meta property=\"og:url\" content=\"https:\/\/vieassociative.be\/actualites\/character-ai-commencera-bientot-a-interdire-aux-enfants-dutiliser-ses-chatbots\/\" \/>\n<meta property=\"og:site_name\" content=\"Vie Associative\" \/>\n<meta property=\"article:published_time\" content=\"2025-10-31T13:16:59+00:00\" \/>\n<meta property=\"og:image\" content=\"https:\/\/vieassociative.be\/actualites\/wp-content\/uploads\/2025\/09\/1757726237_608_Meta-pourrait-devoiler-une-montre-intelligente-pour-controler-ses-lunettes.jpg\" \/>\n<meta name=\"author\" content=\"Julien\" \/>\n<meta name=\"twitter:card\" content=\"summary_large_image\" \/>\n<meta name=\"twitter:label1\" content=\"\u00c9crit par\" \/>\n\t<meta name=\"twitter:data1\" content=\"Julien\" \/>\n\t<meta name=\"twitter:label2\" content=\"Dur\u00e9e de lecture est.\" \/>\n\t<meta name=\"twitter:data2\" content=\"3 minutes\" \/>\n<script type=\"application\/ld+json\" class=\"yoast-schema-graph\">{\"@context\":\"https:\/\/schema.org\",\"@graph\":[{\"@type\":\"Article\",\"@id\":\"https:\/\/vieassociative.be\/actualites\/character-ai-commencera-bientot-a-interdire-aux-enfants-dutiliser-ses-chatbots\/#article\",\"isPartOf\":{\"@id\":\"https:\/\/vieassociative.be\/actualites\/character-ai-commencera-bientot-a-interdire-aux-enfants-dutiliser-ses-chatbots\/\"},\"author\":{\"name\":\"Julien\",\"@id\":\"https:\/\/vieassociative.be\/actualites\/#\/schema\/person\/b87ac4f82f9d4e7b7cec7395b679edc4\"},\"headline\":\"Character.ai commencera bient\u00f4t \u00e0 interdire aux enfants d&rsquo;utiliser ses chatbots\",\"datePublished\":\"2025-10-31T13:16:59+00:00\",\"dateModified\":\"2025-10-31T13:16:59+00:00\",\"mainEntityOfPage\":{\"@id\":\"https:\/\/vieassociative.be\/actualites\/character-ai-commencera-bientot-a-interdire-aux-enfants-dutiliser-ses-chatbots\/\"},\"wordCount\":578,\"publisher\":{\"@id\":\"https:\/\/vieassociative.be\/actualites\/#organization\"},\"image\":{\"@id\":\"https:\/\/vieassociative.be\/actualites\/character-ai-commencera-bientot-a-interdire-aux-enfants-dutiliser-ses-chatbots\/#primaryimage\"},\"thumbnailUrl\":\"https:\/\/vieassociative.be\/actualites\/wp-content\/uploads\/2025\/10\/Characterai-commencera-bientot-a-interdire-aux-enfants-dutiliser-ses-chatbots.jpg\",\"keywords\":[\"aux\",\"bient\u00f4t\",\"Character.ai\",\"chatbots\",\"commencera\",\"dutiliser\",\"enfants\",\"interdire\",\"ses\"],\"articleSection\":[\"Technologie\"],\"inLanguage\":\"fr-BE\"},{\"@type\":\"WebPage\",\"@id\":\"https:\/\/vieassociative.be\/actualites\/character-ai-commencera-bientot-a-interdire-aux-enfants-dutiliser-ses-chatbots\/\",\"url\":\"https:\/\/vieassociative.be\/actualites\/character-ai-commencera-bientot-a-interdire-aux-enfants-dutiliser-ses-chatbots\/\",\"name\":\"Character.ai commencera bient\u00f4t \u00e0 interdire aux enfants d'utiliser ses chatbots | Vie Associative\",\"isPartOf\":{\"@id\":\"https:\/\/vieassociative.be\/actualites\/#website\"},\"primaryImageOfPage\":{\"@id\":\"https:\/\/vieassociative.be\/actualites\/character-ai-commencera-bientot-a-interdire-aux-enfants-dutiliser-ses-chatbots\/#primaryimage\"},\"image\":{\"@id\":\"https:\/\/vieassociative.be\/actualites\/character-ai-commencera-bientot-a-interdire-aux-enfants-dutiliser-ses-chatbots\/#primaryimage\"},\"thumbnailUrl\":\"https:\/\/vieassociative.be\/actualites\/wp-content\/uploads\/2025\/10\/Characterai-commencera-bientot-a-interdire-aux-enfants-dutiliser-ses-chatbots.jpg\",\"datePublished\":\"2025-10-31T13:16:59+00:00\",\"dateModified\":\"2025-10-31T13:16:59+00:00\",\"breadcrumb\":{\"@id\":\"https:\/\/vieassociative.be\/actualites\/character-ai-commencera-bientot-a-interdire-aux-enfants-dutiliser-ses-chatbots\/#breadcrumb\"},\"inLanguage\":\"fr-BE\",\"potentialAction\":[{\"@type\":\"ReadAction\",\"target\":[\"https:\/\/vieassociative.be\/actualites\/character-ai-commencera-bientot-a-interdire-aux-enfants-dutiliser-ses-chatbots\/\"]}]},{\"@type\":\"ImageObject\",\"inLanguage\":\"fr-BE\",\"@id\":\"https:\/\/vieassociative.be\/actualites\/character-ai-commencera-bientot-a-interdire-aux-enfants-dutiliser-ses-chatbots\/#primaryimage\",\"url\":\"https:\/\/vieassociative.be\/actualites\/wp-content\/uploads\/2025\/10\/Characterai-commencera-bientot-a-interdire-aux-enfants-dutiliser-ses-chatbots.jpg\",\"contentUrl\":\"https:\/\/vieassociative.be\/actualites\/wp-content\/uploads\/2025\/10\/Characterai-commencera-bientot-a-interdire-aux-enfants-dutiliser-ses-chatbots.jpg\",\"width\":1200,\"height\":675,\"caption\":\"Character.ai commencera bient\u00f4t \u00e0 interdire aux enfants d'utiliser ses chatbots\"},{\"@type\":\"BreadcrumbList\",\"@id\":\"https:\/\/vieassociative.be\/actualites\/character-ai-commencera-bientot-a-interdire-aux-enfants-dutiliser-ses-chatbots\/#breadcrumb\",\"itemListElement\":[{\"@type\":\"ListItem\",\"position\":1,\"name\":\"Accueil\",\"item\":\"https:\/\/vieassociative.be\/actualites\/\"},{\"@type\":\"ListItem\",\"position\":2,\"name\":\"Character.ai commencera bient\u00f4t \u00e0 interdire aux enfants d&rsquo;utiliser ses chatbots\"}]},{\"@type\":\"WebSite\",\"@id\":\"https:\/\/vieassociative.be\/actualites\/#website\",\"url\":\"https:\/\/vieassociative.be\/actualites\/\",\"name\":\"Vie Associative\",\"description\":\"\",\"publisher\":{\"@id\":\"https:\/\/vieassociative.be\/actualites\/#organization\"},\"potentialAction\":[{\"@type\":\"SearchAction\",\"target\":{\"@type\":\"EntryPoint\",\"urlTemplate\":\"https:\/\/vieassociative.be\/actualites\/?s={search_term_string}\"},\"query-input\":{\"@type\":\"PropertyValueSpecification\",\"valueRequired\":true,\"valueName\":\"search_term_string\"}}],\"inLanguage\":\"fr-BE\"},{\"@type\":\"Organization\",\"@id\":\"https:\/\/vieassociative.be\/actualites\/#organization\",\"name\":\"Vie Associative\",\"url\":\"https:\/\/vieassociative.be\/actualites\/\",\"logo\":{\"@type\":\"ImageObject\",\"inLanguage\":\"fr-BE\",\"@id\":\"https:\/\/vieassociative.be\/actualites\/#\/schema\/logo\/image\/\",\"url\":\"https:\/\/vieassociative.be\/actualites\/wp-content\/uploads\/2024\/09\/cropped-vieassociative_favicon.ico.png\",\"contentUrl\":\"https:\/\/vieassociative.be\/actualites\/wp-content\/uploads\/2024\/09\/cropped-vieassociative_favicon.ico.png\",\"width\":512,\"height\":512,\"caption\":\"Vie Associative\"},\"image\":{\"@id\":\"https:\/\/vieassociative.be\/actualites\/#\/schema\/logo\/image\/\"}},{\"@type\":\"Person\",\"@id\":\"https:\/\/vieassociative.be\/actualites\/#\/schema\/person\/b87ac4f82f9d4e7b7cec7395b679edc4\",\"name\":\"Julien\",\"image\":{\"@type\":\"ImageObject\",\"inLanguage\":\"fr-BE\",\"@id\":\"https:\/\/vieassociative.be\/actualites\/#\/schema\/person\/image\/\",\"url\":\"https:\/\/vieassociative.be\/actualites\/wp-content\/uploads\/2024\/09\/vie-associative-1-150x150.jpg\",\"contentUrl\":\"https:\/\/vieassociative.be\/actualites\/wp-content\/uploads\/2024\/09\/vie-associative-1-150x150.jpg\",\"caption\":\"Julien\"},\"description\":\"Je suis Julien, r\u00e9dacteur pour Vie Associative. Passionn\u00e9 par le monde associatif depuis plus de 10 ans, j'ai \u00e0 c\u0153ur de partager des histoires inspirantes et de mettre en lumi\u00e8re les initiatives locales. Mon objectif est de sensibiliser et d'encourager l'engagement communautaire \u00e0 travers mes articles.\",\"sameAs\":[\"https:\/\/vieassociative.be\/\"]}]}<\/script>\n<!-- \/ Yoast SEO plugin. -->","yoast_head_json":{"title":"Character.ai commencera bient\u00f4t \u00e0 interdire aux enfants d'utiliser ses chatbots | Vie Associative","robots":{"index":"index","follow":"follow","max-snippet":"max-snippet:-1","max-image-preview":"max-image-preview:large","max-video-preview":"max-video-preview:-1"},"canonical":"https:\/\/vieassociative.be\/actualites\/character-ai-commencera-bientot-a-interdire-aux-enfants-dutiliser-ses-chatbots\/","og_locale":"fr_FR","og_type":"article","og_title":"Character.ai commencera bient\u00f4t \u00e0 interdire aux enfants d'utiliser ses chatbots | Vie Associative","og_description":"Des rapports et des poursuites choquants ont pouss\u00e9 une plateforme d\u2019IA de premier plan \u00e0 s\u2019autor\u00e9guler. Character.ai, la principale plateforme de chatbots IA, a annonc\u00e9","og_url":"https:\/\/vieassociative.be\/actualites\/character-ai-commencera-bientot-a-interdire-aux-enfants-dutiliser-ses-chatbots\/","og_site_name":"Vie Associative","article_published_time":"2025-10-31T13:16:59+00:00","og_image":[{"url":"https:\/\/vieassociative.be\/actualites\/wp-content\/uploads\/2025\/09\/1757726237_608_Meta-pourrait-devoiler-une-montre-intelligente-pour-controler-ses-lunettes.jpg","type":"","width":"","height":""}],"author":"Julien","twitter_card":"summary_large_image","twitter_misc":{"\u00c9crit par":"Julien","Dur\u00e9e de lecture est.":"3 minutes"},"schema":{"@context":"https:\/\/schema.org","@graph":[{"@type":"Article","@id":"https:\/\/vieassociative.be\/actualites\/character-ai-commencera-bientot-a-interdire-aux-enfants-dutiliser-ses-chatbots\/#article","isPartOf":{"@id":"https:\/\/vieassociative.be\/actualites\/character-ai-commencera-bientot-a-interdire-aux-enfants-dutiliser-ses-chatbots\/"},"author":{"name":"Julien","@id":"https:\/\/vieassociative.be\/actualites\/#\/schema\/person\/b87ac4f82f9d4e7b7cec7395b679edc4"},"headline":"Character.ai commencera bient\u00f4t \u00e0 interdire aux enfants d&rsquo;utiliser ses chatbots","datePublished":"2025-10-31T13:16:59+00:00","dateModified":"2025-10-31T13:16:59+00:00","mainEntityOfPage":{"@id":"https:\/\/vieassociative.be\/actualites\/character-ai-commencera-bientot-a-interdire-aux-enfants-dutiliser-ses-chatbots\/"},"wordCount":578,"publisher":{"@id":"https:\/\/vieassociative.be\/actualites\/#organization"},"image":{"@id":"https:\/\/vieassociative.be\/actualites\/character-ai-commencera-bientot-a-interdire-aux-enfants-dutiliser-ses-chatbots\/#primaryimage"},"thumbnailUrl":"https:\/\/vieassociative.be\/actualites\/wp-content\/uploads\/2025\/10\/Characterai-commencera-bientot-a-interdire-aux-enfants-dutiliser-ses-chatbots.jpg","keywords":["aux","bient\u00f4t","Character.ai","chatbots","commencera","dutiliser","enfants","interdire","ses"],"articleSection":["Technologie"],"inLanguage":"fr-BE"},{"@type":"WebPage","@id":"https:\/\/vieassociative.be\/actualites\/character-ai-commencera-bientot-a-interdire-aux-enfants-dutiliser-ses-chatbots\/","url":"https:\/\/vieassociative.be\/actualites\/character-ai-commencera-bientot-a-interdire-aux-enfants-dutiliser-ses-chatbots\/","name":"Character.ai commencera bient\u00f4t \u00e0 interdire aux enfants d'utiliser ses chatbots | Vie Associative","isPartOf":{"@id":"https:\/\/vieassociative.be\/actualites\/#website"},"primaryImageOfPage":{"@id":"https:\/\/vieassociative.be\/actualites\/character-ai-commencera-bientot-a-interdire-aux-enfants-dutiliser-ses-chatbots\/#primaryimage"},"image":{"@id":"https:\/\/vieassociative.be\/actualites\/character-ai-commencera-bientot-a-interdire-aux-enfants-dutiliser-ses-chatbots\/#primaryimage"},"thumbnailUrl":"https:\/\/vieassociative.be\/actualites\/wp-content\/uploads\/2025\/10\/Characterai-commencera-bientot-a-interdire-aux-enfants-dutiliser-ses-chatbots.jpg","datePublished":"2025-10-31T13:16:59+00:00","dateModified":"2025-10-31T13:16:59+00:00","breadcrumb":{"@id":"https:\/\/vieassociative.be\/actualites\/character-ai-commencera-bientot-a-interdire-aux-enfants-dutiliser-ses-chatbots\/#breadcrumb"},"inLanguage":"fr-BE","potentialAction":[{"@type":"ReadAction","target":["https:\/\/vieassociative.be\/actualites\/character-ai-commencera-bientot-a-interdire-aux-enfants-dutiliser-ses-chatbots\/"]}]},{"@type":"ImageObject","inLanguage":"fr-BE","@id":"https:\/\/vieassociative.be\/actualites\/character-ai-commencera-bientot-a-interdire-aux-enfants-dutiliser-ses-chatbots\/#primaryimage","url":"https:\/\/vieassociative.be\/actualites\/wp-content\/uploads\/2025\/10\/Characterai-commencera-bientot-a-interdire-aux-enfants-dutiliser-ses-chatbots.jpg","contentUrl":"https:\/\/vieassociative.be\/actualites\/wp-content\/uploads\/2025\/10\/Characterai-commencera-bientot-a-interdire-aux-enfants-dutiliser-ses-chatbots.jpg","width":1200,"height":675,"caption":"Character.ai commencera bient\u00f4t \u00e0 interdire aux enfants d'utiliser ses chatbots"},{"@type":"BreadcrumbList","@id":"https:\/\/vieassociative.be\/actualites\/character-ai-commencera-bientot-a-interdire-aux-enfants-dutiliser-ses-chatbots\/#breadcrumb","itemListElement":[{"@type":"ListItem","position":1,"name":"Accueil","item":"https:\/\/vieassociative.be\/actualites\/"},{"@type":"ListItem","position":2,"name":"Character.ai commencera bient\u00f4t \u00e0 interdire aux enfants d&rsquo;utiliser ses chatbots"}]},{"@type":"WebSite","@id":"https:\/\/vieassociative.be\/actualites\/#website","url":"https:\/\/vieassociative.be\/actualites\/","name":"Vie Associative","description":"","publisher":{"@id":"https:\/\/vieassociative.be\/actualites\/#organization"},"potentialAction":[{"@type":"SearchAction","target":{"@type":"EntryPoint","urlTemplate":"https:\/\/vieassociative.be\/actualites\/?s={search_term_string}"},"query-input":{"@type":"PropertyValueSpecification","valueRequired":true,"valueName":"search_term_string"}}],"inLanguage":"fr-BE"},{"@type":"Organization","@id":"https:\/\/vieassociative.be\/actualites\/#organization","name":"Vie Associative","url":"https:\/\/vieassociative.be\/actualites\/","logo":{"@type":"ImageObject","inLanguage":"fr-BE","@id":"https:\/\/vieassociative.be\/actualites\/#\/schema\/logo\/image\/","url":"https:\/\/vieassociative.be\/actualites\/wp-content\/uploads\/2024\/09\/cropped-vieassociative_favicon.ico.png","contentUrl":"https:\/\/vieassociative.be\/actualites\/wp-content\/uploads\/2024\/09\/cropped-vieassociative_favicon.ico.png","width":512,"height":512,"caption":"Vie Associative"},"image":{"@id":"https:\/\/vieassociative.be\/actualites\/#\/schema\/logo\/image\/"}},{"@type":"Person","@id":"https:\/\/vieassociative.be\/actualites\/#\/schema\/person\/b87ac4f82f9d4e7b7cec7395b679edc4","name":"Julien","image":{"@type":"ImageObject","inLanguage":"fr-BE","@id":"https:\/\/vieassociative.be\/actualites\/#\/schema\/person\/image\/","url":"https:\/\/vieassociative.be\/actualites\/wp-content\/uploads\/2024\/09\/vie-associative-1-150x150.jpg","contentUrl":"https:\/\/vieassociative.be\/actualites\/wp-content\/uploads\/2024\/09\/vie-associative-1-150x150.jpg","caption":"Julien"},"description":"Je suis Julien, r\u00e9dacteur pour Vie Associative. Passionn\u00e9 par le monde associatif depuis plus de 10 ans, j'ai \u00e0 c\u0153ur de partager des histoires inspirantes et de mettre en lumi\u00e8re les initiatives locales. Mon objectif est de sensibiliser et d'encourager l'engagement communautaire \u00e0 travers mes articles.","sameAs":["https:\/\/vieassociative.be\/"]}]}},"_links":{"self":[{"href":"https:\/\/vieassociative.be\/actualites\/wp-json\/wp\/v2\/posts\/11017"}],"collection":[{"href":"https:\/\/vieassociative.be\/actualites\/wp-json\/wp\/v2\/posts"}],"about":[{"href":"https:\/\/vieassociative.be\/actualites\/wp-json\/wp\/v2\/types\/post"}],"author":[{"embeddable":true,"href":"https:\/\/vieassociative.be\/actualites\/wp-json\/wp\/v2\/users\/1"}],"replies":[{"embeddable":true,"href":"https:\/\/vieassociative.be\/actualites\/wp-json\/wp\/v2\/comments?post=11017"}],"version-history":[{"count":0,"href":"https:\/\/vieassociative.be\/actualites\/wp-json\/wp\/v2\/posts\/11017\/revisions"}],"wp:featuredmedia":[{"embeddable":true,"href":"https:\/\/vieassociative.be\/actualites\/wp-json\/wp\/v2\/media\/11018"}],"wp:attachment":[{"href":"https:\/\/vieassociative.be\/actualites\/wp-json\/wp\/v2\/media?parent=11017"}],"wp:term":[{"taxonomy":"category","embeddable":true,"href":"https:\/\/vieassociative.be\/actualites\/wp-json\/wp\/v2\/categories?post=11017"},{"taxonomy":"post_tag","embeddable":true,"href":"https:\/\/vieassociative.be\/actualites\/wp-json\/wp\/v2\/tags?post=11017"}],"curies":[{"name":"wp","href":"https:\/\/api.w.org\/{rel}","templated":true}]}}