{"id":11012,"date":"2025-10-31T08:17:42","date_gmt":"2025-10-31T07:17:42","guid":{"rendered":"https:\/\/vieassociative.be\/actualites\/meta-ajoute-plus-de-pente-dia-a-vos-flux\/"},"modified":"2025-10-31T08:17:42","modified_gmt":"2025-10-31T07:17:42","slug":"meta-ajoute-plus-de-pente-dia-a-vos-flux","status":"publish","type":"post","link":"https:\/\/vieassociative.be\/actualites\/meta-ajoute-plus-de-pente-dia-a-vos-flux\/","title":{"rendered":"Meta ajoute plus de pente d&rsquo;IA \u00e0 vos flux"},"content":{"rendered":"<div class=\"mt-4 leading-6 md:mb-8\">\u00ab\u00a0S&rsquo;il vous pla\u00eet monsieur, j&rsquo;en veux plus.\u00a0\u00bb<\/div>\n<p><\/p>\n<p>Je suis extr\u00eamement pr\u00e9occup\u00e9 par la pr\u00e9valence du contenu d\u2019IA sur nos flux de m\u00e9dias sociaux. Maintenant que presque tout le monde peut g\u00e9n\u00e9rer des vid\u00e9os hyperr\u00e9alistes avec une simple invite de texte, je crains que la d\u00e9sinformation ne se d\u00e9veloppe de fa\u00e7on exponentielle, d\u00e9formant les visions du monde plus rapidement que les algorithmes n&rsquo;ont pu le faire jusqu&rsquo;\u00e0 pr\u00e9sent. Vous pouvez donc imaginer ce que je pense des projets de Meta d\u2019ajouter un \u00ab \u00e9norme corpus \u00bb de contenu d\u2019IA \u00e0 ses flux. Bonne chance \u00e0 tous. <\/p>\n<p>Cela vient directement du PDG de Meta, Mark Zuckerberg lui-m\u00eame. Lors d&rsquo;une conf\u00e9rence t\u00e9l\u00e9phonique sur les r\u00e9sultats de Meta Platforms, Inc. mercredi, Zuckerberg a confirm\u00e9 les projets de la soci\u00e9t\u00e9 d&rsquo;ajouter cet \u00e9norme corpus de contenu autoproclam\u00e9, gr\u00e2ce \u00e0 la facilit\u00e9 avec laquelle l&rsquo;IA permet de cr\u00e9er et de \u00ab remixer \u00bb du contenu. Les gens cr\u00e9eront du contenu IA, les syst\u00e8mes de recommandation de la plateforme fourniront ce contenu aux gens, qui pourront ensuite l\u00e9g\u00e8rement modifier ce contenu et le renvoyer dans le m\u00e9taverse. \u00c0 mesure que cette boucle de r\u00e9troaction se poursuivra, les flux commenceront \u00e0 se remplir de plus en plus de contenu IA. C&rsquo;est bon pour Meta et pour tous ceux qui aiment regarder des vid\u00e9os qui ne sont pas r\u00e9elles. Pour ceux d&rsquo;entre nous qui en ont un peu marre de ce contenu, ou qui craignent de ne pas pouvoir le rep\u00e9rer lors d&rsquo;une longue session de d\u00e9filement, ce n&rsquo;est qu&rsquo;une mauvaise nouvelle.<\/p>\n<p>Bien qu&rsquo;une grande partie (sinon la majeure partie) de ce contenu d&rsquo;IA provienne probablement de sources ext\u00e9rieures, comme Sora d&rsquo;OpenAI, une partie peut provenir de Meta elle-m\u00eame. La soci\u00e9t\u00e9 a r\u00e9cemment d\u00e9ploy\u00e9 \u00ab\u00a0Vibes\u00a0\u00bb, son propre g\u00e9n\u00e9rateur de vid\u00e9os IA courtes, dans le cadre de l&rsquo;application Meta AI existante. Les utilisateurs peuvent cr\u00e9er des vid\u00e9os directement dans Vibes ou remixer des vid\u00e9os existantes. Je parierais qu&rsquo;un certain contenu Vibes va traverser votre flux Meta dans un avenir proche, si ce n&rsquo;est pas d\u00e9j\u00e0 fait.<\/p>\n<div class=\"mx-auto mb-12 mt-5 w-full max-w-3xl rounded-md border-2 border-gray-100 p-3 shadow-md md:px-7 md:pb-7 md:pt-5\" id=\"related-video\">\n<div class=\"mb-3 flex items-center md:mb-5\">\n        <img decoding=\"async\" class=\"mr-4 mt-0 h-10 w-10 md:mr-5 md:h-12 md:w-12\" src=\"https:\/\/vieassociative.be\/actualites\/wp-content\/uploads\/2025\/09\/1757726237_608_Meta-pourrait-devoiler-une-montre-intelligente-pour-controler-ses-lunettes.jpg\" alt=\"Logo du pirate de la vie\"><\/p><\/div>\n<div class=\"aspect-video w-full overflow-hidden rounded-md\">\n<div id=\"video-container-01K8WHXRZ4FQH9Z7WPJZXY574J\"><\/div>\n<\/p><\/div>\n<\/div>\n<p>Zuckerberg a pris le temps de souligner comment les syst\u00e8mes de recommandation d&rsquo;IA de Meta dans tous ses produits principaux (Facebook, Instagram et Threads) fournissent \u00ab un contenu de meilleure qualit\u00e9 et plus pertinent \u00bb aux utilisateurs, notamment en ce qui concerne la vid\u00e9o. Apparemment, le temps que nous avons pass\u00e9 \u00e0 regarder des vid\u00e9os Instagram a augment\u00e9 de plus de 30 % par rapport \u00e0 l&rsquo;ann\u00e9e derni\u00e8re. (Fait amusant\u00a0: Reels rapporte plus de 50 $ <em>milliard<\/em> selon l&rsquo;appel aux r\u00e9sultats.) Cet environnement semble parfait pour favoriser une nouvelle vague d&rsquo;IA aupr\u00e8s de l&rsquo;\u00e9norme public de Meta. <\/p>\n<p>\u00c9coutez, j&rsquo;ai vraiment ri de certains m\u00e8mes d&rsquo;IA qui me sont parvenus. Mais sugg\u00e9rer qu\u2019inonder les flux de vid\u00e9os r\u00e9alistes d\u2019IA sans aucune r\u00e9glementation ni pr\u00e9voyance est une bonne id\u00e9e est en soi risible. Si vous utilisez des produits Meta, faites attention\u00a0: vous ne pourrez peut-\u00eatre pas croire que ce que vous regardez est r\u00e9ellement r\u00e9el pendant beaucoup plus longtemps, voire pas du tout. <\/p>\n","protected":false},"excerpt":{"rendered":"<p>\u00ab\u00a0S&rsquo;il vous pla\u00eet monsieur, j&rsquo;en veux plus.\u00a0\u00bb Je suis extr\u00eamement pr\u00e9occup\u00e9 par la pr\u00e9valence du contenu d\u2019IA sur nos flux de m\u00e9dias sociaux. Maintenant que<\/p>\n","protected":false},"author":1,"featured_media":11013,"comment_status":"","ping_status":"","sticky":false,"template":"","format":"standard","meta":{"footnotes":""},"categories":[13],"tags":[6658,31,34,487,8091,27],"class_list":["post-11012","post","type-post","status-publish","format-standard","has-post-thumbnail","hentry","category-technologie","tag-ajoute","tag-dia","tag-flux","tag-meta","tag-pente","tag-vos","generate-columns","tablet-grid-50","mobile-grid-100","grid-parent","grid-33"],"yoast_head":"<!-- This site is optimized with the Yoast SEO plugin v24.0 - https:\/\/yoast.com\/wordpress\/plugins\/seo\/ -->\n<title>Meta ajoute plus de pente d&#039;IA \u00e0 vos flux | Vie Associative<\/title>\n<meta name=\"robots\" content=\"index, follow, max-snippet:-1, max-image-preview:large, max-video-preview:-1\" \/>\n<link rel=\"canonical\" href=\"https:\/\/vieassociative.be\/actualites\/meta-ajoute-plus-de-pente-dia-a-vos-flux\/\" \/>\n<meta property=\"og:locale\" content=\"fr_FR\" \/>\n<meta property=\"og:type\" content=\"article\" \/>\n<meta property=\"og:title\" content=\"Meta ajoute plus de pente d&#039;IA \u00e0 vos flux | Vie Associative\" \/>\n<meta property=\"og:description\" content=\"\u00ab\u00a0S&rsquo;il vous pla\u00eet monsieur, j&rsquo;en veux plus.\u00a0\u00bb Je suis extr\u00eamement pr\u00e9occup\u00e9 par la pr\u00e9valence du contenu d\u2019IA sur nos flux de m\u00e9dias sociaux. Maintenant que\" \/>\n<meta property=\"og:url\" content=\"https:\/\/vieassociative.be\/actualites\/meta-ajoute-plus-de-pente-dia-a-vos-flux\/\" \/>\n<meta property=\"og:site_name\" content=\"Vie Associative\" \/>\n<meta property=\"article:published_time\" content=\"2025-10-31T07:17:42+00:00\" \/>\n<meta property=\"og:image\" content=\"https:\/\/vieassociative.be\/actualites\/wp-content\/uploads\/2025\/09\/1757726237_608_Meta-pourrait-devoiler-une-montre-intelligente-pour-controler-ses-lunettes.jpg\" \/>\n<meta name=\"author\" content=\"Julien\" \/>\n<meta name=\"twitter:card\" content=\"summary_large_image\" \/>\n<meta name=\"twitter:label1\" content=\"\u00c9crit par\" \/>\n\t<meta name=\"twitter:data1\" content=\"Julien\" \/>\n\t<meta name=\"twitter:label2\" content=\"Dur\u00e9e de lecture est.\" \/>\n\t<meta name=\"twitter:data2\" content=\"3 minutes\" \/>\n<script type=\"application\/ld+json\" class=\"yoast-schema-graph\">{\"@context\":\"https:\/\/schema.org\",\"@graph\":[{\"@type\":\"Article\",\"@id\":\"https:\/\/vieassociative.be\/actualites\/meta-ajoute-plus-de-pente-dia-a-vos-flux\/#article\",\"isPartOf\":{\"@id\":\"https:\/\/vieassociative.be\/actualites\/meta-ajoute-plus-de-pente-dia-a-vos-flux\/\"},\"author\":{\"name\":\"Julien\",\"@id\":\"https:\/\/vieassociative.be\/actualites\/#\/schema\/person\/b87ac4f82f9d4e7b7cec7395b679edc4\"},\"headline\":\"Meta ajoute plus de pente d&rsquo;IA \u00e0 vos flux\",\"datePublished\":\"2025-10-31T07:17:42+00:00\",\"dateModified\":\"2025-10-31T07:17:42+00:00\",\"mainEntityOfPage\":{\"@id\":\"https:\/\/vieassociative.be\/actualites\/meta-ajoute-plus-de-pente-dia-a-vos-flux\/\"},\"wordCount\":579,\"publisher\":{\"@id\":\"https:\/\/vieassociative.be\/actualites\/#organization\"},\"image\":{\"@id\":\"https:\/\/vieassociative.be\/actualites\/meta-ajoute-plus-de-pente-dia-a-vos-flux\/#primaryimage\"},\"thumbnailUrl\":\"https:\/\/vieassociative.be\/actualites\/wp-content\/uploads\/2025\/10\/Meta-ajoute-plus-de-pente-dIA-a-vos-flux.jpg\",\"keywords\":[\"ajoute\",\"dIA\",\"flux\",\"Meta\",\"pente\",\"vos\"],\"articleSection\":[\"Technologie\"],\"inLanguage\":\"fr-BE\"},{\"@type\":\"WebPage\",\"@id\":\"https:\/\/vieassociative.be\/actualites\/meta-ajoute-plus-de-pente-dia-a-vos-flux\/\",\"url\":\"https:\/\/vieassociative.be\/actualites\/meta-ajoute-plus-de-pente-dia-a-vos-flux\/\",\"name\":\"Meta ajoute plus de pente d'IA \u00e0 vos flux | Vie Associative\",\"isPartOf\":{\"@id\":\"https:\/\/vieassociative.be\/actualites\/#website\"},\"primaryImageOfPage\":{\"@id\":\"https:\/\/vieassociative.be\/actualites\/meta-ajoute-plus-de-pente-dia-a-vos-flux\/#primaryimage\"},\"image\":{\"@id\":\"https:\/\/vieassociative.be\/actualites\/meta-ajoute-plus-de-pente-dia-a-vos-flux\/#primaryimage\"},\"thumbnailUrl\":\"https:\/\/vieassociative.be\/actualites\/wp-content\/uploads\/2025\/10\/Meta-ajoute-plus-de-pente-dIA-a-vos-flux.jpg\",\"datePublished\":\"2025-10-31T07:17:42+00:00\",\"dateModified\":\"2025-10-31T07:17:42+00:00\",\"breadcrumb\":{\"@id\":\"https:\/\/vieassociative.be\/actualites\/meta-ajoute-plus-de-pente-dia-a-vos-flux\/#breadcrumb\"},\"inLanguage\":\"fr-BE\",\"potentialAction\":[{\"@type\":\"ReadAction\",\"target\":[\"https:\/\/vieassociative.be\/actualites\/meta-ajoute-plus-de-pente-dia-a-vos-flux\/\"]}]},{\"@type\":\"ImageObject\",\"inLanguage\":\"fr-BE\",\"@id\":\"https:\/\/vieassociative.be\/actualites\/meta-ajoute-plus-de-pente-dia-a-vos-flux\/#primaryimage\",\"url\":\"https:\/\/vieassociative.be\/actualites\/wp-content\/uploads\/2025\/10\/Meta-ajoute-plus-de-pente-dIA-a-vos-flux.jpg\",\"contentUrl\":\"https:\/\/vieassociative.be\/actualites\/wp-content\/uploads\/2025\/10\/Meta-ajoute-plus-de-pente-dIA-a-vos-flux.jpg\",\"width\":1200,\"height\":675,\"caption\":\"Meta ajoute plus de pente d'IA \u00e0 vos flux\"},{\"@type\":\"BreadcrumbList\",\"@id\":\"https:\/\/vieassociative.be\/actualites\/meta-ajoute-plus-de-pente-dia-a-vos-flux\/#breadcrumb\",\"itemListElement\":[{\"@type\":\"ListItem\",\"position\":1,\"name\":\"Accueil\",\"item\":\"https:\/\/vieassociative.be\/actualites\/\"},{\"@type\":\"ListItem\",\"position\":2,\"name\":\"Meta ajoute plus de pente d&rsquo;IA \u00e0 vos flux\"}]},{\"@type\":\"WebSite\",\"@id\":\"https:\/\/vieassociative.be\/actualites\/#website\",\"url\":\"https:\/\/vieassociative.be\/actualites\/\",\"name\":\"Vie Associative\",\"description\":\"\",\"publisher\":{\"@id\":\"https:\/\/vieassociative.be\/actualites\/#organization\"},\"potentialAction\":[{\"@type\":\"SearchAction\",\"target\":{\"@type\":\"EntryPoint\",\"urlTemplate\":\"https:\/\/vieassociative.be\/actualites\/?s={search_term_string}\"},\"query-input\":{\"@type\":\"PropertyValueSpecification\",\"valueRequired\":true,\"valueName\":\"search_term_string\"}}],\"inLanguage\":\"fr-BE\"},{\"@type\":\"Organization\",\"@id\":\"https:\/\/vieassociative.be\/actualites\/#organization\",\"name\":\"Vie Associative\",\"url\":\"https:\/\/vieassociative.be\/actualites\/\",\"logo\":{\"@type\":\"ImageObject\",\"inLanguage\":\"fr-BE\",\"@id\":\"https:\/\/vieassociative.be\/actualites\/#\/schema\/logo\/image\/\",\"url\":\"https:\/\/vieassociative.be\/actualites\/wp-content\/uploads\/2024\/09\/cropped-vieassociative_favicon.ico.png\",\"contentUrl\":\"https:\/\/vieassociative.be\/actualites\/wp-content\/uploads\/2024\/09\/cropped-vieassociative_favicon.ico.png\",\"width\":512,\"height\":512,\"caption\":\"Vie Associative\"},\"image\":{\"@id\":\"https:\/\/vieassociative.be\/actualites\/#\/schema\/logo\/image\/\"}},{\"@type\":\"Person\",\"@id\":\"https:\/\/vieassociative.be\/actualites\/#\/schema\/person\/b87ac4f82f9d4e7b7cec7395b679edc4\",\"name\":\"Julien\",\"image\":{\"@type\":\"ImageObject\",\"inLanguage\":\"fr-BE\",\"@id\":\"https:\/\/vieassociative.be\/actualites\/#\/schema\/person\/image\/\",\"url\":\"https:\/\/vieassociative.be\/actualites\/wp-content\/uploads\/2024\/09\/vie-associative-1-150x150.jpg\",\"contentUrl\":\"https:\/\/vieassociative.be\/actualites\/wp-content\/uploads\/2024\/09\/vie-associative-1-150x150.jpg\",\"caption\":\"Julien\"},\"description\":\"Je suis Julien, r\u00e9dacteur pour Vie Associative. Passionn\u00e9 par le monde associatif depuis plus de 10 ans, j'ai \u00e0 c\u0153ur de partager des histoires inspirantes et de mettre en lumi\u00e8re les initiatives locales. Mon objectif est de sensibiliser et d'encourager l'engagement communautaire \u00e0 travers mes articles.\",\"sameAs\":[\"https:\/\/vieassociative.be\/\"]}]}<\/script>\n<!-- \/ Yoast SEO plugin. -->","yoast_head_json":{"title":"Meta ajoute plus de pente d'IA \u00e0 vos flux | Vie Associative","robots":{"index":"index","follow":"follow","max-snippet":"max-snippet:-1","max-image-preview":"max-image-preview:large","max-video-preview":"max-video-preview:-1"},"canonical":"https:\/\/vieassociative.be\/actualites\/meta-ajoute-plus-de-pente-dia-a-vos-flux\/","og_locale":"fr_FR","og_type":"article","og_title":"Meta ajoute plus de pente d'IA \u00e0 vos flux | Vie Associative","og_description":"\u00ab\u00a0S&rsquo;il vous pla\u00eet monsieur, j&rsquo;en veux plus.\u00a0\u00bb Je suis extr\u00eamement pr\u00e9occup\u00e9 par la pr\u00e9valence du contenu d\u2019IA sur nos flux de m\u00e9dias sociaux. Maintenant que","og_url":"https:\/\/vieassociative.be\/actualites\/meta-ajoute-plus-de-pente-dia-a-vos-flux\/","og_site_name":"Vie Associative","article_published_time":"2025-10-31T07:17:42+00:00","og_image":[{"url":"https:\/\/vieassociative.be\/actualites\/wp-content\/uploads\/2025\/09\/1757726237_608_Meta-pourrait-devoiler-une-montre-intelligente-pour-controler-ses-lunettes.jpg","type":"","width":"","height":""}],"author":"Julien","twitter_card":"summary_large_image","twitter_misc":{"\u00c9crit par":"Julien","Dur\u00e9e de lecture est.":"3 minutes"},"schema":{"@context":"https:\/\/schema.org","@graph":[{"@type":"Article","@id":"https:\/\/vieassociative.be\/actualites\/meta-ajoute-plus-de-pente-dia-a-vos-flux\/#article","isPartOf":{"@id":"https:\/\/vieassociative.be\/actualites\/meta-ajoute-plus-de-pente-dia-a-vos-flux\/"},"author":{"name":"Julien","@id":"https:\/\/vieassociative.be\/actualites\/#\/schema\/person\/b87ac4f82f9d4e7b7cec7395b679edc4"},"headline":"Meta ajoute plus de pente d&rsquo;IA \u00e0 vos flux","datePublished":"2025-10-31T07:17:42+00:00","dateModified":"2025-10-31T07:17:42+00:00","mainEntityOfPage":{"@id":"https:\/\/vieassociative.be\/actualites\/meta-ajoute-plus-de-pente-dia-a-vos-flux\/"},"wordCount":579,"publisher":{"@id":"https:\/\/vieassociative.be\/actualites\/#organization"},"image":{"@id":"https:\/\/vieassociative.be\/actualites\/meta-ajoute-plus-de-pente-dia-a-vos-flux\/#primaryimage"},"thumbnailUrl":"https:\/\/vieassociative.be\/actualites\/wp-content\/uploads\/2025\/10\/Meta-ajoute-plus-de-pente-dIA-a-vos-flux.jpg","keywords":["ajoute","dIA","flux","Meta","pente","vos"],"articleSection":["Technologie"],"inLanguage":"fr-BE"},{"@type":"WebPage","@id":"https:\/\/vieassociative.be\/actualites\/meta-ajoute-plus-de-pente-dia-a-vos-flux\/","url":"https:\/\/vieassociative.be\/actualites\/meta-ajoute-plus-de-pente-dia-a-vos-flux\/","name":"Meta ajoute plus de pente d'IA \u00e0 vos flux | Vie Associative","isPartOf":{"@id":"https:\/\/vieassociative.be\/actualites\/#website"},"primaryImageOfPage":{"@id":"https:\/\/vieassociative.be\/actualites\/meta-ajoute-plus-de-pente-dia-a-vos-flux\/#primaryimage"},"image":{"@id":"https:\/\/vieassociative.be\/actualites\/meta-ajoute-plus-de-pente-dia-a-vos-flux\/#primaryimage"},"thumbnailUrl":"https:\/\/vieassociative.be\/actualites\/wp-content\/uploads\/2025\/10\/Meta-ajoute-plus-de-pente-dIA-a-vos-flux.jpg","datePublished":"2025-10-31T07:17:42+00:00","dateModified":"2025-10-31T07:17:42+00:00","breadcrumb":{"@id":"https:\/\/vieassociative.be\/actualites\/meta-ajoute-plus-de-pente-dia-a-vos-flux\/#breadcrumb"},"inLanguage":"fr-BE","potentialAction":[{"@type":"ReadAction","target":["https:\/\/vieassociative.be\/actualites\/meta-ajoute-plus-de-pente-dia-a-vos-flux\/"]}]},{"@type":"ImageObject","inLanguage":"fr-BE","@id":"https:\/\/vieassociative.be\/actualites\/meta-ajoute-plus-de-pente-dia-a-vos-flux\/#primaryimage","url":"https:\/\/vieassociative.be\/actualites\/wp-content\/uploads\/2025\/10\/Meta-ajoute-plus-de-pente-dIA-a-vos-flux.jpg","contentUrl":"https:\/\/vieassociative.be\/actualites\/wp-content\/uploads\/2025\/10\/Meta-ajoute-plus-de-pente-dIA-a-vos-flux.jpg","width":1200,"height":675,"caption":"Meta ajoute plus de pente d'IA \u00e0 vos flux"},{"@type":"BreadcrumbList","@id":"https:\/\/vieassociative.be\/actualites\/meta-ajoute-plus-de-pente-dia-a-vos-flux\/#breadcrumb","itemListElement":[{"@type":"ListItem","position":1,"name":"Accueil","item":"https:\/\/vieassociative.be\/actualites\/"},{"@type":"ListItem","position":2,"name":"Meta ajoute plus de pente d&rsquo;IA \u00e0 vos flux"}]},{"@type":"WebSite","@id":"https:\/\/vieassociative.be\/actualites\/#website","url":"https:\/\/vieassociative.be\/actualites\/","name":"Vie Associative","description":"","publisher":{"@id":"https:\/\/vieassociative.be\/actualites\/#organization"},"potentialAction":[{"@type":"SearchAction","target":{"@type":"EntryPoint","urlTemplate":"https:\/\/vieassociative.be\/actualites\/?s={search_term_string}"},"query-input":{"@type":"PropertyValueSpecification","valueRequired":true,"valueName":"search_term_string"}}],"inLanguage":"fr-BE"},{"@type":"Organization","@id":"https:\/\/vieassociative.be\/actualites\/#organization","name":"Vie Associative","url":"https:\/\/vieassociative.be\/actualites\/","logo":{"@type":"ImageObject","inLanguage":"fr-BE","@id":"https:\/\/vieassociative.be\/actualites\/#\/schema\/logo\/image\/","url":"https:\/\/vieassociative.be\/actualites\/wp-content\/uploads\/2024\/09\/cropped-vieassociative_favicon.ico.png","contentUrl":"https:\/\/vieassociative.be\/actualites\/wp-content\/uploads\/2024\/09\/cropped-vieassociative_favicon.ico.png","width":512,"height":512,"caption":"Vie Associative"},"image":{"@id":"https:\/\/vieassociative.be\/actualites\/#\/schema\/logo\/image\/"}},{"@type":"Person","@id":"https:\/\/vieassociative.be\/actualites\/#\/schema\/person\/b87ac4f82f9d4e7b7cec7395b679edc4","name":"Julien","image":{"@type":"ImageObject","inLanguage":"fr-BE","@id":"https:\/\/vieassociative.be\/actualites\/#\/schema\/person\/image\/","url":"https:\/\/vieassociative.be\/actualites\/wp-content\/uploads\/2024\/09\/vie-associative-1-150x150.jpg","contentUrl":"https:\/\/vieassociative.be\/actualites\/wp-content\/uploads\/2024\/09\/vie-associative-1-150x150.jpg","caption":"Julien"},"description":"Je suis Julien, r\u00e9dacteur pour Vie Associative. Passionn\u00e9 par le monde associatif depuis plus de 10 ans, j'ai \u00e0 c\u0153ur de partager des histoires inspirantes et de mettre en lumi\u00e8re les initiatives locales. Mon objectif est de sensibiliser et d'encourager l'engagement communautaire \u00e0 travers mes articles.","sameAs":["https:\/\/vieassociative.be\/"]}]}},"_links":{"self":[{"href":"https:\/\/vieassociative.be\/actualites\/wp-json\/wp\/v2\/posts\/11012"}],"collection":[{"href":"https:\/\/vieassociative.be\/actualites\/wp-json\/wp\/v2\/posts"}],"about":[{"href":"https:\/\/vieassociative.be\/actualites\/wp-json\/wp\/v2\/types\/post"}],"author":[{"embeddable":true,"href":"https:\/\/vieassociative.be\/actualites\/wp-json\/wp\/v2\/users\/1"}],"replies":[{"embeddable":true,"href":"https:\/\/vieassociative.be\/actualites\/wp-json\/wp\/v2\/comments?post=11012"}],"version-history":[{"count":0,"href":"https:\/\/vieassociative.be\/actualites\/wp-json\/wp\/v2\/posts\/11012\/revisions"}],"wp:featuredmedia":[{"embeddable":true,"href":"https:\/\/vieassociative.be\/actualites\/wp-json\/wp\/v2\/media\/11013"}],"wp:attachment":[{"href":"https:\/\/vieassociative.be\/actualites\/wp-json\/wp\/v2\/media?parent=11012"}],"wp:term":[{"taxonomy":"category","embeddable":true,"href":"https:\/\/vieassociative.be\/actualites\/wp-json\/wp\/v2\/categories?post=11012"},{"taxonomy":"post_tag","embeddable":true,"href":"https:\/\/vieassociative.be\/actualites\/wp-json\/wp\/v2\/tags?post=11012"}],"curies":[{"name":"wp","href":"https:\/\/api.w.org\/{rel}","templated":true}]}}