{"id":11004,"date":"2025-10-30T20:16:59","date_gmt":"2025-10-30T19:16:59","guid":{"rendered":"https:\/\/vieassociative.be\/actualites\/ces-ecouteurs-sans-fil-etonnamment-decents-coutent-actuellement-moins-de-20\/"},"modified":"2025-10-30T20:16:59","modified_gmt":"2025-10-30T19:16:59","slug":"ces-ecouteurs-sans-fil-etonnamment-decents-coutent-actuellement-moins-de-20","status":"publish","type":"post","link":"https:\/\/vieassociative.be\/actualites\/ces-ecouteurs-sans-fil-etonnamment-decents-coutent-actuellement-moins-de-20\/","title":{"rendered":"Ces \u00e9couteurs sans fil \u00e9tonnamment d\u00e9cents co\u00fbtent actuellement moins de 20 $"},"content":{"rendered":"<div class=\"mt-4 leading-6 md:mb-8\">Ces \u00e9couteurs sans fil offrent une isolation phonique d\u00e9cente, des basses percutantes et un ajustement confortable.<\/div>\n<p><\/p>\n<p>Si vous n&rsquo;avez pas besoin d&rsquo;\u00e9couteurs de luxe et recherchez simplement un son sans fil avec des performances solides, les \u00e9couteurs Bluetooth JLab Go Air Pop sont une excellente option. \u00c0 l&rsquo;heure actuelle, ils sont en vente au prix de 17,49 $ (\u00e0 l&rsquo;origine 29,38 $), ce qui en fait une excellente option pour les t\u00eates de tous les jours que vous pouvez jeter dans un sac avec vos autres essentiels quotidiens. \u00c0 ce niveau de prix, vous voudrez peut-\u00eatre m\u00eame vous procurer une paire de secours au cas o\u00f9 vous les perdriez.<\/p>\n<div class=\"pogoClear mb-12 mt-10 rounded-md border-2 border-gray-100 py-7 shadow-xl md:py-6\">\n<div class=\"flex flex-wrap justify-between px-7 text-black no-underline md:flex-nowrap md:px-8\">\n<div class=\"order-1 mx-auto flex flex-col justify-center md:order-2 md:ml-4 md:w-full md:grow\">\n<div class=\"block cursor-pointer text-center font-akshar text-2xl font-medium leading-7 text-brand-green duration-200 ease-in-out hover:text-brand-green-700 md:text-left md:text-xl md:leading-6\">\u00c9couteurs Bluetooth JLab Go Air Pop\n                <\/div>\n<div class=\"mt-4 hidden md:flex md:justify-between\">\n<div class=\"self-end\">\n<div class=\"mb-0 h-11 md:flex md:flex-col md:justify-center\">\n<div class=\" font-sans leading-4 text-black\">\n<div class=\"flex flex-wrap items-center justify-center gap-1 md:justify-start\">\n        <span class=\"font-bold\"><\/p>\n<p>            17,49\u00a0$<br \/>\n                            <span class=\"font-medium\">chez Walmart<\/span><br \/>\n                    <\/span>\n            <\/div>\n<div class=\"flex items-center justify-center gap-x-1 font-bold md:justify-start\">\n            <span class=\"text-sm line-through\">29,38\u00a0$<\/span><br \/>\n            <span class=\"text-sm text-brand-green\">\u00c9conomisez 11,89 $<\/span>\n        <\/div>\n<\/p><\/div>\n<\/p><\/div>\n<\/p><\/div>\n<div class=\"w-44 self-end\">\n                            <button class=\"flex justify-center items-center w-full bg-brand-green text-white text-base font-sans font-medium rounded-md hover:bg-brand-green-700 hover:cursor-pointer md:text-sm h-11\"><\/p>\n<p>    Obtenez une offre<br \/>\n<\/button>\n                        <\/div>\n<\/p><\/div>\n<\/p><\/div>\n<div class=\"order-2 mt-5 h-auto w-full md:order-1 md:mt-0 md:hidden\">\n<div class=\"flex aspect-video items-center justify-center\">\n                                            <img decoding=\"async\" class=\"m-0 max-h-full max-w-full rounded-md\" src=\"https:\/\/vieassociative.be\/actualites\/wp-content\/uploads\/2025\/10\/Ces-ecouteurs-sans-fil-etonnamment-decents-coutent-actuellement-moins-de.jpg\" alt=\"\u00c9couteurs Bluetooth JLab Go Air Pop\" width=\"auto\" height=\"auto\" loading=\"lazy\">\n                                    <\/div>\n<\/p><\/div>\n<div class=\"order-2 ml-2 hidden w-32 shrink-0 items-center md:order-1 md:ml-0 md:flex\">\n<div class=\"flex aspect-video items-center justify-center\">\n                                            <img decoding=\"async\" class=\"m-0 max-h-full max-w-full rounded-md\" src=\"https:\/\/vieassociative.be\/actualites\/wp-content\/uploads\/2025\/10\/Ces-ecouteurs-sans-fil-etonnamment-decents-coutent-actuellement-moins-de.jpg\" alt=\"\u00c9couteurs Bluetooth JLab Go Air Pop\" width=\"auto\" height=\"auto\" loading=\"lazy\">\n                                    <\/div>\n<\/p><\/div>\n<div class=\"order-3 flex grow flex-wrap md:hidden md:grow-0\">\n<div class=\"mt-4 w-full\">\n                        <button class=\"flex justify-center items-center w-full bg-brand-green text-white text-base font-sans font-medium rounded-md hover:bg-brand-green-700 hover:cursor-pointer md:text-sm h-11\"><\/p>\n<p>    Obtenez une offre<br \/>\n<\/button>\n                    <\/div>\n<div class=\"mx-2 mt-4 w-full\">\n<div class=\" font-sans leading-4 text-black\">\n<div class=\"flex flex-wrap items-center justify-center gap-1 md:justify-start\">\n        <span class=\"font-bold\"><\/p>\n<p>            17,49\u00a0$<br \/>\n                            <span class=\"font-medium\">chez Walmart<\/span><br \/>\n                    <\/span>\n            <\/div>\n<div class=\"flex items-center justify-center gap-x-1 font-bold md:justify-start\">\n            <span class=\"text-sm line-through\">29,38\u00a0$<\/span><br \/>\n            <span class=\"text-sm text-brand-green\">\u00c9conomisez 11,89 $<\/span>\n        <\/div>\n<\/p><\/div>\n<\/p><\/div>\n<\/p><\/div>\n<\/p><\/div>\n<\/div>\n<p>Bien que ces \u00e9couteurs ne disposent pas de suppression active du bruit (ANC), ils ont une isolation phonique mod\u00e9r\u00e9e et une fuite sonore minimale pour le prix, bloquant une bonne quantit\u00e9 de bruit de fond. Et bien qu&rsquo;il n&rsquo;y ait pas d&rsquo;application compagnon d\u00e9di\u00e9e, ces \u00e9couteurs disposent de plusieurs pr\u00e9r\u00e9glages d&rsquo;\u00e9galisation qui vous permettent de personnaliser la sortie sonore. La dur\u00e9e de vie de la batterie est d&rsquo;environ neuf heures, mais le bo\u00eetier de chargement peut fournir trois charges suppl\u00e9mentaires.<\/p>\n<p>Du point de vue de la conception, cette revue PCMag note qu&rsquo;ils sont petits mais s\u00e9curis\u00e9s, et un indice IP44 signifie qu&rsquo;ils peuvent r\u00e9sister \u00e0 une s\u00e9ance d&rsquo;entra\u00eenement en sueur et \u00e0 un essuyage rapide avec un gant de toilette humide. Les panneaux ext\u00e9rieurs des \u00e9couteurs ont des commandes tactiles, mais selon l&rsquo;examen, ils peuvent n\u00e9cessiter plusieurs pressions pour enregistrer l&rsquo;entr\u00e9e.  <\/p>\n<p>En fin de compte, si vous avez besoin d&rsquo;\u00e9couteurs sans fil confortables et \u00e9conomiques qui fonctionnent bien pour les entra\u00eenements et l&rsquo;utilisation quotidienne (et si les commandes tactiles qui peuvent parfois \u00eatre un peu capricieuses ne vous d\u00e9rangent pas), les \u00e9couteurs Bluetooth JLab Go Air Pop offrent un bon rapport qualit\u00e9-prix, surtout \u00e0 plus de 40 % de r\u00e9duction.<\/p>\n","protected":false},"excerpt":{"rendered":"<p>Ces \u00e9couteurs sans fil offrent une isolation phonique d\u00e9cente, des basses percutantes et un ajustement confortable. Si vous n&rsquo;avez pas besoin d&rsquo;\u00e9couteurs de luxe et<\/p>\n","protected":false},"author":1,"featured_media":11005,"comment_status":"","ping_status":"","sticky":false,"template":"","format":"standard","meta":{"footnotes":""},"categories":[13],"tags":[19,248,2244,9091,1537,4607,1488,469,130],"class_list":["post-11004","post","type-post","status-publish","format-standard","has-post-thumbnail","hentry","category-technologie","tag-actuellement","tag-ces","tag-coutent","tag-decents","tag-ecouteurs","tag-etonnamment","tag-fil","tag-moins","tag-sans","generate-columns","tablet-grid-50","mobile-grid-100","grid-parent","grid-33"],"yoast_head":"<!-- This site is optimized with the Yoast SEO plugin v24.0 - https:\/\/yoast.com\/wordpress\/plugins\/seo\/ -->\n<title>Ces \u00e9couteurs sans fil \u00e9tonnamment d\u00e9cents co\u00fbtent actuellement moins de 20 $ | Vie Associative<\/title>\n<meta name=\"robots\" content=\"index, follow, max-snippet:-1, max-image-preview:large, max-video-preview:-1\" \/>\n<link rel=\"canonical\" href=\"https:\/\/vieassociative.be\/actualites\/ces-ecouteurs-sans-fil-etonnamment-decents-coutent-actuellement-moins-de-20\/\" \/>\n<meta property=\"og:locale\" content=\"fr_FR\" \/>\n<meta property=\"og:type\" content=\"article\" \/>\n<meta property=\"og:title\" content=\"Ces \u00e9couteurs sans fil \u00e9tonnamment d\u00e9cents co\u00fbtent actuellement moins de 20 $ | Vie Associative\" \/>\n<meta property=\"og:description\" content=\"Ces \u00e9couteurs sans fil offrent une isolation phonique d\u00e9cente, des basses percutantes et un ajustement confortable. Si vous n&rsquo;avez pas besoin d&rsquo;\u00e9couteurs de luxe et\" \/>\n<meta property=\"og:url\" content=\"https:\/\/vieassociative.be\/actualites\/ces-ecouteurs-sans-fil-etonnamment-decents-coutent-actuellement-moins-de-20\/\" \/>\n<meta property=\"og:site_name\" content=\"Vie Associative\" \/>\n<meta property=\"article:published_time\" content=\"2025-10-30T19:16:59+00:00\" \/>\n<meta property=\"og:image\" content=\"https:\/\/vieassociative.be\/actualites\/wp-content\/uploads\/2025\/10\/Ces-ecouteurs-sans-fil-etonnamment-decents-coutent-actuellement-moins-de.jpg\" \/>\n<meta name=\"author\" content=\"Julien\" \/>\n<meta name=\"twitter:card\" content=\"summary_large_image\" \/>\n<meta name=\"twitter:label1\" content=\"\u00c9crit par\" \/>\n\t<meta name=\"twitter:data1\" content=\"Julien\" \/>\n\t<meta name=\"twitter:label2\" content=\"Dur\u00e9e de lecture est.\" \/>\n\t<meta name=\"twitter:data2\" content=\"2 minutes\" \/>\n<script type=\"application\/ld+json\" class=\"yoast-schema-graph\">{\"@context\":\"https:\/\/schema.org\",\"@graph\":[{\"@type\":\"Article\",\"@id\":\"https:\/\/vieassociative.be\/actualites\/ces-ecouteurs-sans-fil-etonnamment-decents-coutent-actuellement-moins-de-20\/#article\",\"isPartOf\":{\"@id\":\"https:\/\/vieassociative.be\/actualites\/ces-ecouteurs-sans-fil-etonnamment-decents-coutent-actuellement-moins-de-20\/\"},\"author\":{\"name\":\"Julien\",\"@id\":\"https:\/\/vieassociative.be\/actualites\/#\/schema\/person\/b87ac4f82f9d4e7b7cec7395b679edc4\"},\"headline\":\"Ces \u00e9couteurs sans fil \u00e9tonnamment d\u00e9cents co\u00fbtent actuellement moins de 20 $\",\"datePublished\":\"2025-10-30T19:16:59+00:00\",\"dateModified\":\"2025-10-30T19:16:59+00:00\",\"mainEntityOfPage\":{\"@id\":\"https:\/\/vieassociative.be\/actualites\/ces-ecouteurs-sans-fil-etonnamment-decents-coutent-actuellement-moins-de-20\/\"},\"wordCount\":368,\"publisher\":{\"@id\":\"https:\/\/vieassociative.be\/actualites\/#organization\"},\"image\":{\"@id\":\"https:\/\/vieassociative.be\/actualites\/ces-ecouteurs-sans-fil-etonnamment-decents-coutent-actuellement-moins-de-20\/#primaryimage\"},\"thumbnailUrl\":\"https:\/\/vieassociative.be\/actualites\/wp-content\/uploads\/2025\/10\/Ces-ecouteurs-sans-fil-etonnamment-decents-coutent-actuellement-moins-de.png\",\"keywords\":[\"actuellement\",\"ces\",\"co\u00fbtent\",\"d\u00e9cents\",\"\u00e9couteurs\",\"\u00e9tonnamment\",\"fil\",\"moins\",\"sans\"],\"articleSection\":[\"Technologie\"],\"inLanguage\":\"fr-BE\"},{\"@type\":\"WebPage\",\"@id\":\"https:\/\/vieassociative.be\/actualites\/ces-ecouteurs-sans-fil-etonnamment-decents-coutent-actuellement-moins-de-20\/\",\"url\":\"https:\/\/vieassociative.be\/actualites\/ces-ecouteurs-sans-fil-etonnamment-decents-coutent-actuellement-moins-de-20\/\",\"name\":\"Ces \u00e9couteurs sans fil \u00e9tonnamment d\u00e9cents co\u00fbtent actuellement moins de 20 $ | Vie Associative\",\"isPartOf\":{\"@id\":\"https:\/\/vieassociative.be\/actualites\/#website\"},\"primaryImageOfPage\":{\"@id\":\"https:\/\/vieassociative.be\/actualites\/ces-ecouteurs-sans-fil-etonnamment-decents-coutent-actuellement-moins-de-20\/#primaryimage\"},\"image\":{\"@id\":\"https:\/\/vieassociative.be\/actualites\/ces-ecouteurs-sans-fil-etonnamment-decents-coutent-actuellement-moins-de-20\/#primaryimage\"},\"thumbnailUrl\":\"https:\/\/vieassociative.be\/actualites\/wp-content\/uploads\/2025\/10\/Ces-ecouteurs-sans-fil-etonnamment-decents-coutent-actuellement-moins-de.png\",\"datePublished\":\"2025-10-30T19:16:59+00:00\",\"dateModified\":\"2025-10-30T19:16:59+00:00\",\"breadcrumb\":{\"@id\":\"https:\/\/vieassociative.be\/actualites\/ces-ecouteurs-sans-fil-etonnamment-decents-coutent-actuellement-moins-de-20\/#breadcrumb\"},\"inLanguage\":\"fr-BE\",\"potentialAction\":[{\"@type\":\"ReadAction\",\"target\":[\"https:\/\/vieassociative.be\/actualites\/ces-ecouteurs-sans-fil-etonnamment-decents-coutent-actuellement-moins-de-20\/\"]}]},{\"@type\":\"ImageObject\",\"inLanguage\":\"fr-BE\",\"@id\":\"https:\/\/vieassociative.be\/actualites\/ces-ecouteurs-sans-fil-etonnamment-decents-coutent-actuellement-moins-de-20\/#primaryimage\",\"url\":\"https:\/\/vieassociative.be\/actualites\/wp-content\/uploads\/2025\/10\/Ces-ecouteurs-sans-fil-etonnamment-decents-coutent-actuellement-moins-de.png\",\"contentUrl\":\"https:\/\/vieassociative.be\/actualites\/wp-content\/uploads\/2025\/10\/Ces-ecouteurs-sans-fil-etonnamment-decents-coutent-actuellement-moins-de.png\",\"width\":1200,\"height\":675,\"caption\":\"Ces \u00e9couteurs sans fil \u00e9tonnamment d\u00e9cents co\u00fbtent actuellement moins de 20 $\"},{\"@type\":\"BreadcrumbList\",\"@id\":\"https:\/\/vieassociative.be\/actualites\/ces-ecouteurs-sans-fil-etonnamment-decents-coutent-actuellement-moins-de-20\/#breadcrumb\",\"itemListElement\":[{\"@type\":\"ListItem\",\"position\":1,\"name\":\"Accueil\",\"item\":\"https:\/\/vieassociative.be\/actualites\/\"},{\"@type\":\"ListItem\",\"position\":2,\"name\":\"Ces \u00e9couteurs sans fil \u00e9tonnamment d\u00e9cents co\u00fbtent actuellement moins de 20 $\"}]},{\"@type\":\"WebSite\",\"@id\":\"https:\/\/vieassociative.be\/actualites\/#website\",\"url\":\"https:\/\/vieassociative.be\/actualites\/\",\"name\":\"Vie Associative\",\"description\":\"\",\"publisher\":{\"@id\":\"https:\/\/vieassociative.be\/actualites\/#organization\"},\"potentialAction\":[{\"@type\":\"SearchAction\",\"target\":{\"@type\":\"EntryPoint\",\"urlTemplate\":\"https:\/\/vieassociative.be\/actualites\/?s={search_term_string}\"},\"query-input\":{\"@type\":\"PropertyValueSpecification\",\"valueRequired\":true,\"valueName\":\"search_term_string\"}}],\"inLanguage\":\"fr-BE\"},{\"@type\":\"Organization\",\"@id\":\"https:\/\/vieassociative.be\/actualites\/#organization\",\"name\":\"Vie Associative\",\"url\":\"https:\/\/vieassociative.be\/actualites\/\",\"logo\":{\"@type\":\"ImageObject\",\"inLanguage\":\"fr-BE\",\"@id\":\"https:\/\/vieassociative.be\/actualites\/#\/schema\/logo\/image\/\",\"url\":\"https:\/\/vieassociative.be\/actualites\/wp-content\/uploads\/2024\/09\/cropped-vieassociative_favicon.ico.png\",\"contentUrl\":\"https:\/\/vieassociative.be\/actualites\/wp-content\/uploads\/2024\/09\/cropped-vieassociative_favicon.ico.png\",\"width\":512,\"height\":512,\"caption\":\"Vie Associative\"},\"image\":{\"@id\":\"https:\/\/vieassociative.be\/actualites\/#\/schema\/logo\/image\/\"}},{\"@type\":\"Person\",\"@id\":\"https:\/\/vieassociative.be\/actualites\/#\/schema\/person\/b87ac4f82f9d4e7b7cec7395b679edc4\",\"name\":\"Julien\",\"image\":{\"@type\":\"ImageObject\",\"inLanguage\":\"fr-BE\",\"@id\":\"https:\/\/vieassociative.be\/actualites\/#\/schema\/person\/image\/\",\"url\":\"https:\/\/vieassociative.be\/actualites\/wp-content\/uploads\/2024\/09\/vie-associative-1-150x150.jpg\",\"contentUrl\":\"https:\/\/vieassociative.be\/actualites\/wp-content\/uploads\/2024\/09\/vie-associative-1-150x150.jpg\",\"caption\":\"Julien\"},\"description\":\"Je suis Julien, r\u00e9dacteur pour Vie Associative. Passionn\u00e9 par le monde associatif depuis plus de 10 ans, j'ai \u00e0 c\u0153ur de partager des histoires inspirantes et de mettre en lumi\u00e8re les initiatives locales. Mon objectif est de sensibiliser et d'encourager l'engagement communautaire \u00e0 travers mes articles.\",\"sameAs\":[\"https:\/\/vieassociative.be\/\"]}]}<\/script>\n<!-- \/ Yoast SEO plugin. -->","yoast_head_json":{"title":"Ces \u00e9couteurs sans fil \u00e9tonnamment d\u00e9cents co\u00fbtent actuellement moins de 20 $ | Vie Associative","robots":{"index":"index","follow":"follow","max-snippet":"max-snippet:-1","max-image-preview":"max-image-preview:large","max-video-preview":"max-video-preview:-1"},"canonical":"https:\/\/vieassociative.be\/actualites\/ces-ecouteurs-sans-fil-etonnamment-decents-coutent-actuellement-moins-de-20\/","og_locale":"fr_FR","og_type":"article","og_title":"Ces \u00e9couteurs sans fil \u00e9tonnamment d\u00e9cents co\u00fbtent actuellement moins de 20 $ | Vie Associative","og_description":"Ces \u00e9couteurs sans fil offrent une isolation phonique d\u00e9cente, des basses percutantes et un ajustement confortable. Si vous n&rsquo;avez pas besoin d&rsquo;\u00e9couteurs de luxe et","og_url":"https:\/\/vieassociative.be\/actualites\/ces-ecouteurs-sans-fil-etonnamment-decents-coutent-actuellement-moins-de-20\/","og_site_name":"Vie Associative","article_published_time":"2025-10-30T19:16:59+00:00","og_image":[{"url":"https:\/\/vieassociative.be\/actualites\/wp-content\/uploads\/2025\/10\/Ces-ecouteurs-sans-fil-etonnamment-decents-coutent-actuellement-moins-de.jpg","type":"","width":"","height":""}],"author":"Julien","twitter_card":"summary_large_image","twitter_misc":{"\u00c9crit par":"Julien","Dur\u00e9e de lecture est.":"2 minutes"},"schema":{"@context":"https:\/\/schema.org","@graph":[{"@type":"Article","@id":"https:\/\/vieassociative.be\/actualites\/ces-ecouteurs-sans-fil-etonnamment-decents-coutent-actuellement-moins-de-20\/#article","isPartOf":{"@id":"https:\/\/vieassociative.be\/actualites\/ces-ecouteurs-sans-fil-etonnamment-decents-coutent-actuellement-moins-de-20\/"},"author":{"name":"Julien","@id":"https:\/\/vieassociative.be\/actualites\/#\/schema\/person\/b87ac4f82f9d4e7b7cec7395b679edc4"},"headline":"Ces \u00e9couteurs sans fil \u00e9tonnamment d\u00e9cents co\u00fbtent actuellement moins de 20 $","datePublished":"2025-10-30T19:16:59+00:00","dateModified":"2025-10-30T19:16:59+00:00","mainEntityOfPage":{"@id":"https:\/\/vieassociative.be\/actualites\/ces-ecouteurs-sans-fil-etonnamment-decents-coutent-actuellement-moins-de-20\/"},"wordCount":368,"publisher":{"@id":"https:\/\/vieassociative.be\/actualites\/#organization"},"image":{"@id":"https:\/\/vieassociative.be\/actualites\/ces-ecouteurs-sans-fil-etonnamment-decents-coutent-actuellement-moins-de-20\/#primaryimage"},"thumbnailUrl":"https:\/\/vieassociative.be\/actualites\/wp-content\/uploads\/2025\/10\/Ces-ecouteurs-sans-fil-etonnamment-decents-coutent-actuellement-moins-de.png","keywords":["actuellement","ces","co\u00fbtent","d\u00e9cents","\u00e9couteurs","\u00e9tonnamment","fil","moins","sans"],"articleSection":["Technologie"],"inLanguage":"fr-BE"},{"@type":"WebPage","@id":"https:\/\/vieassociative.be\/actualites\/ces-ecouteurs-sans-fil-etonnamment-decents-coutent-actuellement-moins-de-20\/","url":"https:\/\/vieassociative.be\/actualites\/ces-ecouteurs-sans-fil-etonnamment-decents-coutent-actuellement-moins-de-20\/","name":"Ces \u00e9couteurs sans fil \u00e9tonnamment d\u00e9cents co\u00fbtent actuellement moins de 20 $ | Vie Associative","isPartOf":{"@id":"https:\/\/vieassociative.be\/actualites\/#website"},"primaryImageOfPage":{"@id":"https:\/\/vieassociative.be\/actualites\/ces-ecouteurs-sans-fil-etonnamment-decents-coutent-actuellement-moins-de-20\/#primaryimage"},"image":{"@id":"https:\/\/vieassociative.be\/actualites\/ces-ecouteurs-sans-fil-etonnamment-decents-coutent-actuellement-moins-de-20\/#primaryimage"},"thumbnailUrl":"https:\/\/vieassociative.be\/actualites\/wp-content\/uploads\/2025\/10\/Ces-ecouteurs-sans-fil-etonnamment-decents-coutent-actuellement-moins-de.png","datePublished":"2025-10-30T19:16:59+00:00","dateModified":"2025-10-30T19:16:59+00:00","breadcrumb":{"@id":"https:\/\/vieassociative.be\/actualites\/ces-ecouteurs-sans-fil-etonnamment-decents-coutent-actuellement-moins-de-20\/#breadcrumb"},"inLanguage":"fr-BE","potentialAction":[{"@type":"ReadAction","target":["https:\/\/vieassociative.be\/actualites\/ces-ecouteurs-sans-fil-etonnamment-decents-coutent-actuellement-moins-de-20\/"]}]},{"@type":"ImageObject","inLanguage":"fr-BE","@id":"https:\/\/vieassociative.be\/actualites\/ces-ecouteurs-sans-fil-etonnamment-decents-coutent-actuellement-moins-de-20\/#primaryimage","url":"https:\/\/vieassociative.be\/actualites\/wp-content\/uploads\/2025\/10\/Ces-ecouteurs-sans-fil-etonnamment-decents-coutent-actuellement-moins-de.png","contentUrl":"https:\/\/vieassociative.be\/actualites\/wp-content\/uploads\/2025\/10\/Ces-ecouteurs-sans-fil-etonnamment-decents-coutent-actuellement-moins-de.png","width":1200,"height":675,"caption":"Ces \u00e9couteurs sans fil \u00e9tonnamment d\u00e9cents co\u00fbtent actuellement moins de 20 $"},{"@type":"BreadcrumbList","@id":"https:\/\/vieassociative.be\/actualites\/ces-ecouteurs-sans-fil-etonnamment-decents-coutent-actuellement-moins-de-20\/#breadcrumb","itemListElement":[{"@type":"ListItem","position":1,"name":"Accueil","item":"https:\/\/vieassociative.be\/actualites\/"},{"@type":"ListItem","position":2,"name":"Ces \u00e9couteurs sans fil \u00e9tonnamment d\u00e9cents co\u00fbtent actuellement moins de 20 $"}]},{"@type":"WebSite","@id":"https:\/\/vieassociative.be\/actualites\/#website","url":"https:\/\/vieassociative.be\/actualites\/","name":"Vie Associative","description":"","publisher":{"@id":"https:\/\/vieassociative.be\/actualites\/#organization"},"potentialAction":[{"@type":"SearchAction","target":{"@type":"EntryPoint","urlTemplate":"https:\/\/vieassociative.be\/actualites\/?s={search_term_string}"},"query-input":{"@type":"PropertyValueSpecification","valueRequired":true,"valueName":"search_term_string"}}],"inLanguage":"fr-BE"},{"@type":"Organization","@id":"https:\/\/vieassociative.be\/actualites\/#organization","name":"Vie Associative","url":"https:\/\/vieassociative.be\/actualites\/","logo":{"@type":"ImageObject","inLanguage":"fr-BE","@id":"https:\/\/vieassociative.be\/actualites\/#\/schema\/logo\/image\/","url":"https:\/\/vieassociative.be\/actualites\/wp-content\/uploads\/2024\/09\/cropped-vieassociative_favicon.ico.png","contentUrl":"https:\/\/vieassociative.be\/actualites\/wp-content\/uploads\/2024\/09\/cropped-vieassociative_favicon.ico.png","width":512,"height":512,"caption":"Vie Associative"},"image":{"@id":"https:\/\/vieassociative.be\/actualites\/#\/schema\/logo\/image\/"}},{"@type":"Person","@id":"https:\/\/vieassociative.be\/actualites\/#\/schema\/person\/b87ac4f82f9d4e7b7cec7395b679edc4","name":"Julien","image":{"@type":"ImageObject","inLanguage":"fr-BE","@id":"https:\/\/vieassociative.be\/actualites\/#\/schema\/person\/image\/","url":"https:\/\/vieassociative.be\/actualites\/wp-content\/uploads\/2024\/09\/vie-associative-1-150x150.jpg","contentUrl":"https:\/\/vieassociative.be\/actualites\/wp-content\/uploads\/2024\/09\/vie-associative-1-150x150.jpg","caption":"Julien"},"description":"Je suis Julien, r\u00e9dacteur pour Vie Associative. Passionn\u00e9 par le monde associatif depuis plus de 10 ans, j'ai \u00e0 c\u0153ur de partager des histoires inspirantes et de mettre en lumi\u00e8re les initiatives locales. Mon objectif est de sensibiliser et d'encourager l'engagement communautaire \u00e0 travers mes articles.","sameAs":["https:\/\/vieassociative.be\/"]}]}},"_links":{"self":[{"href":"https:\/\/vieassociative.be\/actualites\/wp-json\/wp\/v2\/posts\/11004"}],"collection":[{"href":"https:\/\/vieassociative.be\/actualites\/wp-json\/wp\/v2\/posts"}],"about":[{"href":"https:\/\/vieassociative.be\/actualites\/wp-json\/wp\/v2\/types\/post"}],"author":[{"embeddable":true,"href":"https:\/\/vieassociative.be\/actualites\/wp-json\/wp\/v2\/users\/1"}],"replies":[{"embeddable":true,"href":"https:\/\/vieassociative.be\/actualites\/wp-json\/wp\/v2\/comments?post=11004"}],"version-history":[{"count":0,"href":"https:\/\/vieassociative.be\/actualites\/wp-json\/wp\/v2\/posts\/11004\/revisions"}],"wp:featuredmedia":[{"embeddable":true,"href":"https:\/\/vieassociative.be\/actualites\/wp-json\/wp\/v2\/media\/11005"}],"wp:attachment":[{"href":"https:\/\/vieassociative.be\/actualites\/wp-json\/wp\/v2\/media?parent=11004"}],"wp:term":[{"taxonomy":"category","embeddable":true,"href":"https:\/\/vieassociative.be\/actualites\/wp-json\/wp\/v2\/categories?post=11004"},{"taxonomy":"post_tag","embeddable":true,"href":"https:\/\/vieassociative.be\/actualites\/wp-json\/wp\/v2\/tags?post=11004"}],"curies":[{"name":"wp","href":"https:\/\/api.w.org\/{rel}","templated":true}]}}