{"id":11002,"date":"2025-10-30T18:17:00","date_gmt":"2025-10-30T17:17:00","guid":{"rendered":"https:\/\/vieassociative.be\/actualites\/fitbit-resout-enfin-son-probleme-de-charge-cardio\/"},"modified":"2025-10-30T18:17:00","modified_gmt":"2025-10-30T17:17:00","slug":"fitbit-resout-enfin-son-probleme-de-charge-cardio","status":"publish","type":"post","link":"https:\/\/vieassociative.be\/actualites\/fitbit-resout-enfin-son-probleme-de-charge-cardio\/","title":{"rendered":"Fitbit r\u00e9sout enfin son probl\u00e8me de charge cardio"},"content":{"rendered":"<div class=\"mt-4 leading-6 md:mb-8\">Viser une charge hebdomadaire plut\u00f4t que quotidienne est beaucoup plus logique.<\/div>\n<p><\/p>\n<p>La charge cardio fait l&rsquo;objet d&rsquo;un correctif majeur dans la nouvelle application Fitbit, que les utilisateurs d&rsquo;Android peuvent tester \u00e0 partir de cette semaine dans un \u00ab aper\u00e7u public \u00bb. (Il s&rsquo;agit du m\u00eame aper\u00e7u qui vous donne acc\u00e8s au coach fitness IA, que j&rsquo;ai test\u00e9 hier, avec des r\u00e9sultats d\u00e9concertants.) La charge cardio sera d\u00e9sormais suivie chaque semaine, ce qui permettra \u00e0 l&rsquo;application de faire beaucoup plus facilement des recommandations judicieuses.<\/p>\n<h2 id=\"what-is-and-was-cardio-load\">Qu&rsquo;est-ce que (et \u00e9tait) la charge cardio\u00a0? <\/h2>\n<p>La fonction de charge cardio est la tentative de Fitbit de vous guider dans la quantit\u00e9 d&rsquo;exercice \u00e0 faire. De toute \u00e9vidence, un d\u00e9butant ne devrait pas se lancer dans des s\u00e9ances d&rsquo;entra\u00eenement intenses d&rsquo;une heure d\u00e8s le d\u00e9part, et une personne qui s&rsquo;entra\u00eene pour un marathon ne devrait pas non plus se rel\u00e2cher sans raison. La charge cardio est une tentative de chiffrer la quantit\u00e9 d\u2019exercice qui ne serait ni trop ni trop peu pour vous. <\/p>\n<p>De nombreux athl\u00e8tes et entra\u00eeneurs utilisent <em>quelques<\/em> une sorte de mod\u00e8le pour le volume d&rsquo;exercice, qu&rsquo;il s&rsquo;agisse de coureurs comptant les kilom\u00e8tres dans une feuille de calcul ou d&rsquo;un entra\u00eeneur qui se fie \u00e0 son instinct et dit \u00ab allons-y doucement aujourd&rsquo;hui \u00bb. <\/p>\n<div class=\"mx-auto mb-12 mt-5 w-full max-w-3xl rounded-md border-2 border-gray-100 p-3 shadow-md md:px-7 md:pb-7 md:pt-5\" id=\"related-video\">\n<div class=\"mb-3 flex items-center md:mb-5\">\n        <img decoding=\"async\" class=\"mr-4 mt-0 h-10 w-10 md:mr-5 md:h-12 md:w-12\" src=\"https:\/\/vieassociative.be\/actualites\/wp-content\/uploads\/2025\/09\/1757726237_608_Meta-pourrait-devoiler-une-montre-intelligente-pour-controler-ses-lunettes.jpg\" alt=\"Logo du pirate de la vie\"><\/p><\/div>\n<div class=\"aspect-video w-full overflow-hidden rounded-md\">\n<div id=\"video-container-01K8V0J1JAFF2V2FH7E9Z73VJ9\"><\/div>\n<\/p><\/div>\n<\/div>\n<p>Fitbit utilise une approche TRIMP au nom hilarant (\u00ab TRaining IMPulse \u00bb), dans laquelle chaque minute avec une fr\u00e9quence cardiaque \u00e9lev\u00e9e compte dans votre charge cardio, avec des fr\u00e9quences cardiaques plus \u00e9lev\u00e9es comptant comme un effort suppl\u00e9mentaire. J&rsquo;en ai plus sur ce calcul ici. <\/p>\n<h2 id=\"why-cardio-load-was-confusing\">Pourquoi la charge cardio \u00e9tait d\u00e9routante<\/h2>\n<p>L&rsquo;id\u00e9e semblait bonne\u00a0: Fitbit calculerait la charge cardio que vous devriez viser chaque jour, en fonction de la quantit\u00e9 d&rsquo;exercice que vous aviez fait. Vous pouvez indiquer \u00e0 l&rsquo;application si vous souhaitez am\u00e9liorer votre condition physique ou simplement maintenir votre forme physique, et elle ajustera ses chiffres en cons\u00e9quence. <\/p>\n<p>Mais pour beaucoup de gens, ces chiffres n\u2019avaient aucun sens. Les chiffres fluctuaient de jour en jour et ne correspondaient souvent pas \u00e0 ce que l&rsquo;histoire et l&rsquo;\u00e9tat de sant\u00e9 d&rsquo;une personne exigeaient r\u00e9ellement. De nombreux utilisateurs ont constat\u00e9 que la charge cardio recommand\u00e9e augmentait de plus en plus et que les jours de repos signalaient un sous-entra\u00eenement.<\/p>\n<p>Un \u00e9chantillon de fils de discussion Reddit de r\/fitbit inclut des titres comme \u00ab La charge cardio me d\u00e9route \u00bb, \u00ab Charge cardio, je te d\u00e9teste \u00bb, \u00ab Charge cardio irr\u00e9aliste \u00bb, \u00ab La charge cardio n&rsquo;est pas seulement mauvaise, elle est dangereuse \u00bb et \u00ab Fitbit, corrigez la charge cardio ou supprimez-la. \u00bb <\/p>\n<h2 id=\"why-the-new-feature-may-be-better\">Pourquoi la nouvelle fonctionnalit\u00e9 pourrait \u00eatre meilleure<\/h2>\n<div class=\"eloquent-imagery-image\">\n<div class=\"flex justify-center\">\n                    <img decoding=\"async\" class=\"border border-gray-100\" src=\"https:\/\/vieassociative.be\/actualites\/wp-content\/uploads\/2025\/10\/Fitbit-resout-enfin-son-probleme-de-charge-cardio.jpg\" alt=\"Captures d'\u00e9cran de la charge cardio dans la nouvelle application\" width=\"2000\" height=\"1125\" loading=\"lazy\"  >\n            <\/div>\n<\/p><\/div>\n<p>Google a expliqu\u00e9 qu&rsquo;il mettait en \u0153uvre une solution assez simple : calculer les recommandations de charge cardio par le <em>semaine<\/em> au lieu de la journ\u00e9e. Les calculs de charge cardio eux-m\u00eames ne changeront pas du tout.<\/p>\n<p>Apr\u00e8s tout, il est normal d&rsquo;avoir des journ\u00e9es difficiles alternant avec des journ\u00e9es faciles ou des jours de repos, et tout guide de gestion de charge devrait \u00eatre capable de g\u00e9rer cela. Google souligne \u00e9galement que votre niveau d&rsquo;activit\u00e9 de base (comme la quantit\u00e9 de marche que vous faites lorsque vous faites vos courses) ajoute \u00e9galement \u00e0 votre charge cardio, ce qui rend \u00e9galement les recommandations quotidiennes difficiles \u00e0 suivre. <\/p>\n<p>La nouvelle version de l&rsquo;application Fitbit affiche d\u00e9sormais un gros beignet en haut de l&rsquo;\u00e9cran indiquant votre progression vers votre objectif hebdomadaire. Avec quelques courses rapides, je suis maintenant \u00e0 41\u00a0% de mon objectif hebdomadaire. Il existe m\u00eame un graphique montrant o\u00f9 se situe mon objectif par rapport \u00e0 ce qu&rsquo;il consid\u00e8re comme \u00ab excessif \u00bb. Cela a beaucoup plus de sens.<\/p>\n","protected":false},"excerpt":{"rendered":"<p>Viser une charge hebdomadaire plut\u00f4t que quotidienne est beaucoup plus logique. La charge cardio fait l&rsquo;objet d&rsquo;un correctif majeur dans la nouvelle application Fitbit, que<\/p>\n","protected":false},"author":1,"featured_media":11003,"comment_status":"","ping_status":"","sticky":false,"template":"","format":"standard","meta":{"footnotes":""},"categories":[38],"tags":[2988,3135,545,331,4610,4609,800],"class_list":["post-11002","post","type-post","status-publish","format-standard","has-post-thumbnail","hentry","category-sante","tag-cardio","tag-charge","tag-enfin","tag-fitbit","tag-probleme","tag-resout","tag-son","generate-columns","tablet-grid-50","mobile-grid-100","grid-parent","grid-33"],"yoast_head":"<!-- This site is optimized with the Yoast SEO plugin v24.0 - https:\/\/yoast.com\/wordpress\/plugins\/seo\/ -->\n<title>Fitbit r\u00e9sout enfin son probl\u00e8me de charge cardio | Vie Associative<\/title>\n<meta name=\"robots\" content=\"index, follow, max-snippet:-1, max-image-preview:large, max-video-preview:-1\" \/>\n<link rel=\"canonical\" href=\"https:\/\/vieassociative.be\/actualites\/fitbit-resout-enfin-son-probleme-de-charge-cardio\/\" \/>\n<meta property=\"og:locale\" content=\"fr_FR\" \/>\n<meta property=\"og:type\" content=\"article\" \/>\n<meta property=\"og:title\" content=\"Fitbit r\u00e9sout enfin son probl\u00e8me de charge cardio | Vie Associative\" \/>\n<meta property=\"og:description\" content=\"Viser une charge hebdomadaire plut\u00f4t que quotidienne est beaucoup plus logique. La charge cardio fait l&rsquo;objet d&rsquo;un correctif majeur dans la nouvelle application Fitbit, que\" \/>\n<meta property=\"og:url\" content=\"https:\/\/vieassociative.be\/actualites\/fitbit-resout-enfin-son-probleme-de-charge-cardio\/\" \/>\n<meta property=\"og:site_name\" content=\"Vie Associative\" \/>\n<meta property=\"article:published_time\" content=\"2025-10-30T17:17:00+00:00\" \/>\n<meta property=\"og:image\" content=\"https:\/\/vieassociative.be\/actualites\/wp-content\/uploads\/2025\/09\/1757726237_608_Meta-pourrait-devoiler-une-montre-intelligente-pour-controler-ses-lunettes.jpg\" \/>\n<meta name=\"author\" content=\"Julien\" \/>\n<meta name=\"twitter:card\" content=\"summary_large_image\" \/>\n<meta name=\"twitter:label1\" content=\"\u00c9crit par\" \/>\n\t<meta name=\"twitter:data1\" content=\"Julien\" \/>\n\t<meta name=\"twitter:label2\" content=\"Dur\u00e9e de lecture est.\" \/>\n\t<meta name=\"twitter:data2\" content=\"3 minutes\" \/>\n<script type=\"application\/ld+json\" class=\"yoast-schema-graph\">{\"@context\":\"https:\/\/schema.org\",\"@graph\":[{\"@type\":\"Article\",\"@id\":\"https:\/\/vieassociative.be\/actualites\/fitbit-resout-enfin-son-probleme-de-charge-cardio\/#article\",\"isPartOf\":{\"@id\":\"https:\/\/vieassociative.be\/actualites\/fitbit-resout-enfin-son-probleme-de-charge-cardio\/\"},\"author\":{\"name\":\"Julien\",\"@id\":\"https:\/\/vieassociative.be\/actualites\/#\/schema\/person\/b87ac4f82f9d4e7b7cec7395b679edc4\"},\"headline\":\"Fitbit r\u00e9sout enfin son probl\u00e8me de charge cardio\",\"datePublished\":\"2025-10-30T17:17:00+00:00\",\"dateModified\":\"2025-10-30T17:17:00+00:00\",\"mainEntityOfPage\":{\"@id\":\"https:\/\/vieassociative.be\/actualites\/fitbit-resout-enfin-son-probleme-de-charge-cardio\/\"},\"wordCount\":654,\"publisher\":{\"@id\":\"https:\/\/vieassociative.be\/actualites\/#organization\"},\"image\":{\"@id\":\"https:\/\/vieassociative.be\/actualites\/fitbit-resout-enfin-son-probleme-de-charge-cardio\/#primaryimage\"},\"thumbnailUrl\":\"https:\/\/vieassociative.be\/actualites\/wp-content\/uploads\/2025\/10\/1761844621_Fitbit-resout-enfin-son-probleme-de-charge-cardio.jpg\",\"keywords\":[\"cardio\",\"charge\",\"enfin\",\"Fitbit\",\"probl\u00e8me\",\"r\u00e9sout\",\"son\"],\"articleSection\":[\"Sant\u00e9\"],\"inLanguage\":\"fr-BE\"},{\"@type\":\"WebPage\",\"@id\":\"https:\/\/vieassociative.be\/actualites\/fitbit-resout-enfin-son-probleme-de-charge-cardio\/\",\"url\":\"https:\/\/vieassociative.be\/actualites\/fitbit-resout-enfin-son-probleme-de-charge-cardio\/\",\"name\":\"Fitbit r\u00e9sout enfin son probl\u00e8me de charge cardio | Vie Associative\",\"isPartOf\":{\"@id\":\"https:\/\/vieassociative.be\/actualites\/#website\"},\"primaryImageOfPage\":{\"@id\":\"https:\/\/vieassociative.be\/actualites\/fitbit-resout-enfin-son-probleme-de-charge-cardio\/#primaryimage\"},\"image\":{\"@id\":\"https:\/\/vieassociative.be\/actualites\/fitbit-resout-enfin-son-probleme-de-charge-cardio\/#primaryimage\"},\"thumbnailUrl\":\"https:\/\/vieassociative.be\/actualites\/wp-content\/uploads\/2025\/10\/1761844621_Fitbit-resout-enfin-son-probleme-de-charge-cardio.jpg\",\"datePublished\":\"2025-10-30T17:17:00+00:00\",\"dateModified\":\"2025-10-30T17:17:00+00:00\",\"breadcrumb\":{\"@id\":\"https:\/\/vieassociative.be\/actualites\/fitbit-resout-enfin-son-probleme-de-charge-cardio\/#breadcrumb\"},\"inLanguage\":\"fr-BE\",\"potentialAction\":[{\"@type\":\"ReadAction\",\"target\":[\"https:\/\/vieassociative.be\/actualites\/fitbit-resout-enfin-son-probleme-de-charge-cardio\/\"]}]},{\"@type\":\"ImageObject\",\"inLanguage\":\"fr-BE\",\"@id\":\"https:\/\/vieassociative.be\/actualites\/fitbit-resout-enfin-son-probleme-de-charge-cardio\/#primaryimage\",\"url\":\"https:\/\/vieassociative.be\/actualites\/wp-content\/uploads\/2025\/10\/1761844621_Fitbit-resout-enfin-son-probleme-de-charge-cardio.jpg\",\"contentUrl\":\"https:\/\/vieassociative.be\/actualites\/wp-content\/uploads\/2025\/10\/1761844621_Fitbit-resout-enfin-son-probleme-de-charge-cardio.jpg\",\"width\":1200,\"height\":675,\"caption\":\"Fitbit r\u00e9sout enfin son probl\u00e8me de charge cardio\"},{\"@type\":\"BreadcrumbList\",\"@id\":\"https:\/\/vieassociative.be\/actualites\/fitbit-resout-enfin-son-probleme-de-charge-cardio\/#breadcrumb\",\"itemListElement\":[{\"@type\":\"ListItem\",\"position\":1,\"name\":\"Accueil\",\"item\":\"https:\/\/vieassociative.be\/actualites\/\"},{\"@type\":\"ListItem\",\"position\":2,\"name\":\"Fitbit r\u00e9sout enfin son probl\u00e8me de charge cardio\"}]},{\"@type\":\"WebSite\",\"@id\":\"https:\/\/vieassociative.be\/actualites\/#website\",\"url\":\"https:\/\/vieassociative.be\/actualites\/\",\"name\":\"Vie Associative\",\"description\":\"\",\"publisher\":{\"@id\":\"https:\/\/vieassociative.be\/actualites\/#organization\"},\"potentialAction\":[{\"@type\":\"SearchAction\",\"target\":{\"@type\":\"EntryPoint\",\"urlTemplate\":\"https:\/\/vieassociative.be\/actualites\/?s={search_term_string}\"},\"query-input\":{\"@type\":\"PropertyValueSpecification\",\"valueRequired\":true,\"valueName\":\"search_term_string\"}}],\"inLanguage\":\"fr-BE\"},{\"@type\":\"Organization\",\"@id\":\"https:\/\/vieassociative.be\/actualites\/#organization\",\"name\":\"Vie Associative\",\"url\":\"https:\/\/vieassociative.be\/actualites\/\",\"logo\":{\"@type\":\"ImageObject\",\"inLanguage\":\"fr-BE\",\"@id\":\"https:\/\/vieassociative.be\/actualites\/#\/schema\/logo\/image\/\",\"url\":\"https:\/\/vieassociative.be\/actualites\/wp-content\/uploads\/2024\/09\/cropped-vieassociative_favicon.ico.png\",\"contentUrl\":\"https:\/\/vieassociative.be\/actualites\/wp-content\/uploads\/2024\/09\/cropped-vieassociative_favicon.ico.png\",\"width\":512,\"height\":512,\"caption\":\"Vie Associative\"},\"image\":{\"@id\":\"https:\/\/vieassociative.be\/actualites\/#\/schema\/logo\/image\/\"}},{\"@type\":\"Person\",\"@id\":\"https:\/\/vieassociative.be\/actualites\/#\/schema\/person\/b87ac4f82f9d4e7b7cec7395b679edc4\",\"name\":\"Julien\",\"image\":{\"@type\":\"ImageObject\",\"inLanguage\":\"fr-BE\",\"@id\":\"https:\/\/vieassociative.be\/actualites\/#\/schema\/person\/image\/\",\"url\":\"https:\/\/vieassociative.be\/actualites\/wp-content\/uploads\/2024\/09\/vie-associative-1-150x150.jpg\",\"contentUrl\":\"https:\/\/vieassociative.be\/actualites\/wp-content\/uploads\/2024\/09\/vie-associative-1-150x150.jpg\",\"caption\":\"Julien\"},\"description\":\"Je suis Julien, r\u00e9dacteur pour Vie Associative. Passionn\u00e9 par le monde associatif depuis plus de 10 ans, j'ai \u00e0 c\u0153ur de partager des histoires inspirantes et de mettre en lumi\u00e8re les initiatives locales. Mon objectif est de sensibiliser et d'encourager l'engagement communautaire \u00e0 travers mes articles.\",\"sameAs\":[\"https:\/\/vieassociative.be\/\"]}]}<\/script>\n<!-- \/ Yoast SEO plugin. -->","yoast_head_json":{"title":"Fitbit r\u00e9sout enfin son probl\u00e8me de charge cardio | Vie Associative","robots":{"index":"index","follow":"follow","max-snippet":"max-snippet:-1","max-image-preview":"max-image-preview:large","max-video-preview":"max-video-preview:-1"},"canonical":"https:\/\/vieassociative.be\/actualites\/fitbit-resout-enfin-son-probleme-de-charge-cardio\/","og_locale":"fr_FR","og_type":"article","og_title":"Fitbit r\u00e9sout enfin son probl\u00e8me de charge cardio | Vie Associative","og_description":"Viser une charge hebdomadaire plut\u00f4t que quotidienne est beaucoup plus logique. La charge cardio fait l&rsquo;objet d&rsquo;un correctif majeur dans la nouvelle application Fitbit, que","og_url":"https:\/\/vieassociative.be\/actualites\/fitbit-resout-enfin-son-probleme-de-charge-cardio\/","og_site_name":"Vie Associative","article_published_time":"2025-10-30T17:17:00+00:00","og_image":[{"url":"https:\/\/vieassociative.be\/actualites\/wp-content\/uploads\/2025\/09\/1757726237_608_Meta-pourrait-devoiler-une-montre-intelligente-pour-controler-ses-lunettes.jpg","type":"","width":"","height":""}],"author":"Julien","twitter_card":"summary_large_image","twitter_misc":{"\u00c9crit par":"Julien","Dur\u00e9e de lecture est.":"3 minutes"},"schema":{"@context":"https:\/\/schema.org","@graph":[{"@type":"Article","@id":"https:\/\/vieassociative.be\/actualites\/fitbit-resout-enfin-son-probleme-de-charge-cardio\/#article","isPartOf":{"@id":"https:\/\/vieassociative.be\/actualites\/fitbit-resout-enfin-son-probleme-de-charge-cardio\/"},"author":{"name":"Julien","@id":"https:\/\/vieassociative.be\/actualites\/#\/schema\/person\/b87ac4f82f9d4e7b7cec7395b679edc4"},"headline":"Fitbit r\u00e9sout enfin son probl\u00e8me de charge cardio","datePublished":"2025-10-30T17:17:00+00:00","dateModified":"2025-10-30T17:17:00+00:00","mainEntityOfPage":{"@id":"https:\/\/vieassociative.be\/actualites\/fitbit-resout-enfin-son-probleme-de-charge-cardio\/"},"wordCount":654,"publisher":{"@id":"https:\/\/vieassociative.be\/actualites\/#organization"},"image":{"@id":"https:\/\/vieassociative.be\/actualites\/fitbit-resout-enfin-son-probleme-de-charge-cardio\/#primaryimage"},"thumbnailUrl":"https:\/\/vieassociative.be\/actualites\/wp-content\/uploads\/2025\/10\/1761844621_Fitbit-resout-enfin-son-probleme-de-charge-cardio.jpg","keywords":["cardio","charge","enfin","Fitbit","probl\u00e8me","r\u00e9sout","son"],"articleSection":["Sant\u00e9"],"inLanguage":"fr-BE"},{"@type":"WebPage","@id":"https:\/\/vieassociative.be\/actualites\/fitbit-resout-enfin-son-probleme-de-charge-cardio\/","url":"https:\/\/vieassociative.be\/actualites\/fitbit-resout-enfin-son-probleme-de-charge-cardio\/","name":"Fitbit r\u00e9sout enfin son probl\u00e8me de charge cardio | Vie Associative","isPartOf":{"@id":"https:\/\/vieassociative.be\/actualites\/#website"},"primaryImageOfPage":{"@id":"https:\/\/vieassociative.be\/actualites\/fitbit-resout-enfin-son-probleme-de-charge-cardio\/#primaryimage"},"image":{"@id":"https:\/\/vieassociative.be\/actualites\/fitbit-resout-enfin-son-probleme-de-charge-cardio\/#primaryimage"},"thumbnailUrl":"https:\/\/vieassociative.be\/actualites\/wp-content\/uploads\/2025\/10\/1761844621_Fitbit-resout-enfin-son-probleme-de-charge-cardio.jpg","datePublished":"2025-10-30T17:17:00+00:00","dateModified":"2025-10-30T17:17:00+00:00","breadcrumb":{"@id":"https:\/\/vieassociative.be\/actualites\/fitbit-resout-enfin-son-probleme-de-charge-cardio\/#breadcrumb"},"inLanguage":"fr-BE","potentialAction":[{"@type":"ReadAction","target":["https:\/\/vieassociative.be\/actualites\/fitbit-resout-enfin-son-probleme-de-charge-cardio\/"]}]},{"@type":"ImageObject","inLanguage":"fr-BE","@id":"https:\/\/vieassociative.be\/actualites\/fitbit-resout-enfin-son-probleme-de-charge-cardio\/#primaryimage","url":"https:\/\/vieassociative.be\/actualites\/wp-content\/uploads\/2025\/10\/1761844621_Fitbit-resout-enfin-son-probleme-de-charge-cardio.jpg","contentUrl":"https:\/\/vieassociative.be\/actualites\/wp-content\/uploads\/2025\/10\/1761844621_Fitbit-resout-enfin-son-probleme-de-charge-cardio.jpg","width":1200,"height":675,"caption":"Fitbit r\u00e9sout enfin son probl\u00e8me de charge cardio"},{"@type":"BreadcrumbList","@id":"https:\/\/vieassociative.be\/actualites\/fitbit-resout-enfin-son-probleme-de-charge-cardio\/#breadcrumb","itemListElement":[{"@type":"ListItem","position":1,"name":"Accueil","item":"https:\/\/vieassociative.be\/actualites\/"},{"@type":"ListItem","position":2,"name":"Fitbit r\u00e9sout enfin son probl\u00e8me de charge cardio"}]},{"@type":"WebSite","@id":"https:\/\/vieassociative.be\/actualites\/#website","url":"https:\/\/vieassociative.be\/actualites\/","name":"Vie Associative","description":"","publisher":{"@id":"https:\/\/vieassociative.be\/actualites\/#organization"},"potentialAction":[{"@type":"SearchAction","target":{"@type":"EntryPoint","urlTemplate":"https:\/\/vieassociative.be\/actualites\/?s={search_term_string}"},"query-input":{"@type":"PropertyValueSpecification","valueRequired":true,"valueName":"search_term_string"}}],"inLanguage":"fr-BE"},{"@type":"Organization","@id":"https:\/\/vieassociative.be\/actualites\/#organization","name":"Vie Associative","url":"https:\/\/vieassociative.be\/actualites\/","logo":{"@type":"ImageObject","inLanguage":"fr-BE","@id":"https:\/\/vieassociative.be\/actualites\/#\/schema\/logo\/image\/","url":"https:\/\/vieassociative.be\/actualites\/wp-content\/uploads\/2024\/09\/cropped-vieassociative_favicon.ico.png","contentUrl":"https:\/\/vieassociative.be\/actualites\/wp-content\/uploads\/2024\/09\/cropped-vieassociative_favicon.ico.png","width":512,"height":512,"caption":"Vie Associative"},"image":{"@id":"https:\/\/vieassociative.be\/actualites\/#\/schema\/logo\/image\/"}},{"@type":"Person","@id":"https:\/\/vieassociative.be\/actualites\/#\/schema\/person\/b87ac4f82f9d4e7b7cec7395b679edc4","name":"Julien","image":{"@type":"ImageObject","inLanguage":"fr-BE","@id":"https:\/\/vieassociative.be\/actualites\/#\/schema\/person\/image\/","url":"https:\/\/vieassociative.be\/actualites\/wp-content\/uploads\/2024\/09\/vie-associative-1-150x150.jpg","contentUrl":"https:\/\/vieassociative.be\/actualites\/wp-content\/uploads\/2024\/09\/vie-associative-1-150x150.jpg","caption":"Julien"},"description":"Je suis Julien, r\u00e9dacteur pour Vie Associative. Passionn\u00e9 par le monde associatif depuis plus de 10 ans, j'ai \u00e0 c\u0153ur de partager des histoires inspirantes et de mettre en lumi\u00e8re les initiatives locales. Mon objectif est de sensibiliser et d'encourager l'engagement communautaire \u00e0 travers mes articles.","sameAs":["https:\/\/vieassociative.be\/"]}]}},"_links":{"self":[{"href":"https:\/\/vieassociative.be\/actualites\/wp-json\/wp\/v2\/posts\/11002"}],"collection":[{"href":"https:\/\/vieassociative.be\/actualites\/wp-json\/wp\/v2\/posts"}],"about":[{"href":"https:\/\/vieassociative.be\/actualites\/wp-json\/wp\/v2\/types\/post"}],"author":[{"embeddable":true,"href":"https:\/\/vieassociative.be\/actualites\/wp-json\/wp\/v2\/users\/1"}],"replies":[{"embeddable":true,"href":"https:\/\/vieassociative.be\/actualites\/wp-json\/wp\/v2\/comments?post=11002"}],"version-history":[{"count":0,"href":"https:\/\/vieassociative.be\/actualites\/wp-json\/wp\/v2\/posts\/11002\/revisions"}],"wp:featuredmedia":[{"embeddable":true,"href":"https:\/\/vieassociative.be\/actualites\/wp-json\/wp\/v2\/media\/11003"}],"wp:attachment":[{"href":"https:\/\/vieassociative.be\/actualites\/wp-json\/wp\/v2\/media?parent=11002"}],"wp:term":[{"taxonomy":"category","embeddable":true,"href":"https:\/\/vieassociative.be\/actualites\/wp-json\/wp\/v2\/categories?post=11002"},{"taxonomy":"post_tag","embeddable":true,"href":"https:\/\/vieassociative.be\/actualites\/wp-json\/wp\/v2\/tags?post=11002"}],"curies":[{"name":"wp","href":"https:\/\/api.w.org\/{rel}","templated":true}]}}