{"id":10994,"date":"2025-10-30T09:17:06","date_gmt":"2025-10-30T08:17:06","guid":{"rendered":"https:\/\/vieassociative.be\/actualites\/circulation-de-transit-ralentie-a-eupen-en-raison-de-la-fermeture-complete-de-le40-vers-lallemagne\/"},"modified":"2025-10-30T09:17:06","modified_gmt":"2025-10-30T08:17:06","slug":"circulation-de-transit-ralentie-a-eupen-en-raison-de-la-fermeture-complete-de-le40-vers-lallemagne","status":"publish","type":"post","link":"https:\/\/vieassociative.be\/actualites\/circulation-de-transit-ralentie-a-eupen-en-raison-de-la-fermeture-complete-de-le40-vers-lallemagne\/","title":{"rendered":"Circulation de transit ralentie \u00e0 Eupen en raison de la fermeture compl\u00e8te de l&rsquo;E40 vers l&rsquo;Allemagne"},"content":{"rendered":"<p><strong>En raison de travaux de r\u00e9fection, l&rsquo;autoroute E40 en provenance de Li\u00e8ge vers l&rsquo;Allemagne doit \u00eatre totalement ferm\u00e9e.<\/strong><\/p>\n<p><span id=\"more-428256\"><\/span>Comme l&rsquo;a annonc\u00e9 mardi la zone de police de Weser-G\u00f6hl, le trafic en provenance d&rsquo;Eupen sera redirig\u00e9 vers la Herbesthaler Stra\u00dfe et l&rsquo;Aachener Stra\u00dfe. A Eynatten, il est alors possible de rejoindre l&rsquo;autoroute.<\/p>\n<p>Comme pr\u00e9vu, de longues files de voitures et surtout de camions qu&rsquo;on n&rsquo;aurait pas rencontr\u00e9 autrement dans la ville se sont form\u00e9es sur la Herbesthaler Strasse entre le rond-point de la Hochstrasse et le rond-point de la Vervierser Strasse ainsi que sur l&rsquo;Aachener Strasse en direction d&rsquo;Eynatten devant l&rsquo;intersection avec la Hookstrasse.<\/p>\n<p>L&rsquo;autoroute E40 de Li\u00e8ge vers Aix-la-Chapelle entre Eupen et Eynatten est \u00e0 nouveau ouverte depuis mardi soir \u00e0 18h40.<\/p>\n<div id=\"attachment_428282\" class=\"wp-caption alignleft\" style=\"max-width: 300px\"><img fetchpriority=\"high\" decoding=\"async\" class=\"wp-image-428282 size-medium\" src=\"https:\/\/vieassociative.be\/actualites\/wp-content\/uploads\/2025\/10\/Circulation-de-transit-ralentie-a-Eupen-en-raison-de-la.jpg\" alt=\"\" width=\"300\" height=\"225\"  ><\/div>\n","protected":false},"excerpt":{"rendered":"<p>En raison de travaux de r\u00e9fection, l&rsquo;autoroute E40 en provenance de Li\u00e8ge vers l&rsquo;Allemagne doit \u00eatre totalement ferm\u00e9e. Comme l&rsquo;a annonc\u00e9 mardi la zone de<\/p>\n","protected":false},"author":1,"featured_media":10995,"comment_status":"","ping_status":"","sticky":false,"template":"","format":"standard","meta":{"footnotes":""},"categories":[298],"tags":[3479,8026,2329,4004,2375,9086,3261,9085,4431,2778],"class_list":["post-10994","post","type-post","status-publish","format-standard","has-post-thumbnail","hentry","category-belgique","tag-circulation","tag-complete","tag-eupen","tag-fermeture","tag-lallemagne","tag-le40","tag-raison","tag-ralentie","tag-transit","tag-vers","generate-columns","tablet-grid-50","mobile-grid-100","grid-parent","grid-33"],"yoast_head":"<!-- This site is optimized with the Yoast SEO plugin v24.0 - https:\/\/yoast.com\/wordpress\/plugins\/seo\/ -->\n<title>Circulation de transit ralentie \u00e0 Eupen en raison de la fermeture compl\u00e8te de l&#039;E40 vers l&#039;Allemagne | Vie Associative<\/title>\n<meta name=\"robots\" content=\"index, follow, max-snippet:-1, max-image-preview:large, max-video-preview:-1\" \/>\n<link rel=\"canonical\" href=\"https:\/\/vieassociative.be\/actualites\/circulation-de-transit-ralentie-a-eupen-en-raison-de-la-fermeture-complete-de-le40-vers-lallemagne\/\" \/>\n<meta property=\"og:locale\" content=\"fr_FR\" \/>\n<meta property=\"og:type\" content=\"article\" \/>\n<meta property=\"og:title\" content=\"Circulation de transit ralentie \u00e0 Eupen en raison de la fermeture compl\u00e8te de l&#039;E40 vers l&#039;Allemagne | Vie Associative\" \/>\n<meta property=\"og:description\" content=\"En raison de travaux de r\u00e9fection, l&rsquo;autoroute E40 en provenance de Li\u00e8ge vers l&rsquo;Allemagne doit \u00eatre totalement ferm\u00e9e. Comme l&rsquo;a annonc\u00e9 mardi la zone de\" \/>\n<meta property=\"og:url\" content=\"https:\/\/vieassociative.be\/actualites\/circulation-de-transit-ralentie-a-eupen-en-raison-de-la-fermeture-complete-de-le40-vers-lallemagne\/\" \/>\n<meta property=\"og:site_name\" content=\"Vie Associative\" \/>\n<meta property=\"article:published_time\" content=\"2025-10-30T08:17:06+00:00\" \/>\n<meta property=\"og:image\" content=\"https:\/\/vieassociative.be\/actualites\/wp-content\/uploads\/2024\/09\/header_backgroundk-01-e1726694325946.png\" \/>\n\t<meta property=\"og:image:width\" content=\"279\" \/>\n\t<meta property=\"og:image:height\" content=\"92\" \/>\n\t<meta property=\"og:image:type\" content=\"image\/png\" \/>\n<meta name=\"author\" content=\"Julien\" \/>\n<meta name=\"twitter:card\" content=\"summary_large_image\" \/>\n<meta name=\"twitter:label1\" content=\"\u00c9crit par\" \/>\n\t<meta name=\"twitter:data1\" content=\"Julien\" \/>\n\t<meta name=\"twitter:label2\" content=\"Dur\u00e9e de lecture est.\" \/>\n\t<meta name=\"twitter:data2\" content=\"1 minute\" \/>\n<script type=\"application\/ld+json\" class=\"yoast-schema-graph\">{\"@context\":\"https:\/\/schema.org\",\"@graph\":[{\"@type\":\"Article\",\"@id\":\"https:\/\/vieassociative.be\/actualites\/circulation-de-transit-ralentie-a-eupen-en-raison-de-la-fermeture-complete-de-le40-vers-lallemagne\/#article\",\"isPartOf\":{\"@id\":\"https:\/\/vieassociative.be\/actualites\/circulation-de-transit-ralentie-a-eupen-en-raison-de-la-fermeture-complete-de-le40-vers-lallemagne\/\"},\"author\":{\"name\":\"Julien\",\"@id\":\"https:\/\/vieassociative.be\/actualites\/#\/schema\/person\/b87ac4f82f9d4e7b7cec7395b679edc4\"},\"headline\":\"Circulation de transit ralentie \u00e0 Eupen en raison de la fermeture compl\u00e8te de l&rsquo;E40 vers l&rsquo;Allemagne\",\"datePublished\":\"2025-10-30T08:17:06+00:00\",\"dateModified\":\"2025-10-30T08:17:06+00:00\",\"mainEntityOfPage\":{\"@id\":\"https:\/\/vieassociative.be\/actualites\/circulation-de-transit-ralentie-a-eupen-en-raison-de-la-fermeture-complete-de-le40-vers-lallemagne\/\"},\"wordCount\":159,\"publisher\":{\"@id\":\"https:\/\/vieassociative.be\/actualites\/#organization\"},\"image\":{\"@id\":\"https:\/\/vieassociative.be\/actualites\/circulation-de-transit-ralentie-a-eupen-en-raison-de-la-fermeture-complete-de-le40-vers-lallemagne\/#primaryimage\"},\"thumbnailUrl\":\"https:\/\/vieassociative.be\/actualites\/wp-content\/uploads\/2025\/10\/1761812227_Circulation-de-transit-ralentie-a-Eupen-en-raison-de-la.jpg\",\"keywords\":[\"circulation\",\"compl\u00e8te\",\"Eupen\",\"fermeture\",\"lAllemagne\",\"lE40\",\"raison\",\"ralentie\",\"transit\",\"vers\"],\"articleSection\":[\"Belgique\"],\"inLanguage\":\"fr-BE\"},{\"@type\":\"WebPage\",\"@id\":\"https:\/\/vieassociative.be\/actualites\/circulation-de-transit-ralentie-a-eupen-en-raison-de-la-fermeture-complete-de-le40-vers-lallemagne\/\",\"url\":\"https:\/\/vieassociative.be\/actualites\/circulation-de-transit-ralentie-a-eupen-en-raison-de-la-fermeture-complete-de-le40-vers-lallemagne\/\",\"name\":\"Circulation de transit ralentie \u00e0 Eupen en raison de la fermeture compl\u00e8te de l'E40 vers l'Allemagne | Vie Associative\",\"isPartOf\":{\"@id\":\"https:\/\/vieassociative.be\/actualites\/#website\"},\"primaryImageOfPage\":{\"@id\":\"https:\/\/vieassociative.be\/actualites\/circulation-de-transit-ralentie-a-eupen-en-raison-de-la-fermeture-complete-de-le40-vers-lallemagne\/#primaryimage\"},\"image\":{\"@id\":\"https:\/\/vieassociative.be\/actualites\/circulation-de-transit-ralentie-a-eupen-en-raison-de-la-fermeture-complete-de-le40-vers-lallemagne\/#primaryimage\"},\"thumbnailUrl\":\"https:\/\/vieassociative.be\/actualites\/wp-content\/uploads\/2025\/10\/1761812227_Circulation-de-transit-ralentie-a-Eupen-en-raison-de-la.jpg\",\"datePublished\":\"2025-10-30T08:17:06+00:00\",\"dateModified\":\"2025-10-30T08:17:06+00:00\",\"breadcrumb\":{\"@id\":\"https:\/\/vieassociative.be\/actualites\/circulation-de-transit-ralentie-a-eupen-en-raison-de-la-fermeture-complete-de-le40-vers-lallemagne\/#breadcrumb\"},\"inLanguage\":\"fr-BE\",\"potentialAction\":[{\"@type\":\"ReadAction\",\"target\":[\"https:\/\/vieassociative.be\/actualites\/circulation-de-transit-ralentie-a-eupen-en-raison-de-la-fermeture-complete-de-le40-vers-lallemagne\/\"]}]},{\"@type\":\"ImageObject\",\"inLanguage\":\"fr-BE\",\"@id\":\"https:\/\/vieassociative.be\/actualites\/circulation-de-transit-ralentie-a-eupen-en-raison-de-la-fermeture-complete-de-le40-vers-lallemagne\/#primaryimage\",\"url\":\"https:\/\/vieassociative.be\/actualites\/wp-content\/uploads\/2025\/10\/1761812227_Circulation-de-transit-ralentie-a-Eupen-en-raison-de-la.jpg\",\"contentUrl\":\"https:\/\/vieassociative.be\/actualites\/wp-content\/uploads\/2025\/10\/1761812227_Circulation-de-transit-ralentie-a-Eupen-en-raison-de-la.jpg\",\"width\":1600,\"height\":1200,\"caption\":\"Circulation de transit ralentie \u00e0 Eupen en raison de la fermeture compl\u00e8te de l'E40 vers l'Allemagne\"},{\"@type\":\"BreadcrumbList\",\"@id\":\"https:\/\/vieassociative.be\/actualites\/circulation-de-transit-ralentie-a-eupen-en-raison-de-la-fermeture-complete-de-le40-vers-lallemagne\/#breadcrumb\",\"itemListElement\":[{\"@type\":\"ListItem\",\"position\":1,\"name\":\"Accueil\",\"item\":\"https:\/\/vieassociative.be\/actualites\/\"},{\"@type\":\"ListItem\",\"position\":2,\"name\":\"Circulation de transit ralentie \u00e0 Eupen en raison de la fermeture compl\u00e8te de l&rsquo;E40 vers l&rsquo;Allemagne\"}]},{\"@type\":\"WebSite\",\"@id\":\"https:\/\/vieassociative.be\/actualites\/#website\",\"url\":\"https:\/\/vieassociative.be\/actualites\/\",\"name\":\"Vie Associative\",\"description\":\"\",\"publisher\":{\"@id\":\"https:\/\/vieassociative.be\/actualites\/#organization\"},\"potentialAction\":[{\"@type\":\"SearchAction\",\"target\":{\"@type\":\"EntryPoint\",\"urlTemplate\":\"https:\/\/vieassociative.be\/actualites\/?s={search_term_string}\"},\"query-input\":{\"@type\":\"PropertyValueSpecification\",\"valueRequired\":true,\"valueName\":\"search_term_string\"}}],\"inLanguage\":\"fr-BE\"},{\"@type\":\"Organization\",\"@id\":\"https:\/\/vieassociative.be\/actualites\/#organization\",\"name\":\"Vie Associative\",\"url\":\"https:\/\/vieassociative.be\/actualites\/\",\"logo\":{\"@type\":\"ImageObject\",\"inLanguage\":\"fr-BE\",\"@id\":\"https:\/\/vieassociative.be\/actualites\/#\/schema\/logo\/image\/\",\"url\":\"https:\/\/vieassociative.be\/actualites\/wp-content\/uploads\/2024\/09\/cropped-vieassociative_favicon.ico.png\",\"contentUrl\":\"https:\/\/vieassociative.be\/actualites\/wp-content\/uploads\/2024\/09\/cropped-vieassociative_favicon.ico.png\",\"width\":512,\"height\":512,\"caption\":\"Vie Associative\"},\"image\":{\"@id\":\"https:\/\/vieassociative.be\/actualites\/#\/schema\/logo\/image\/\"}},{\"@type\":\"Person\",\"@id\":\"https:\/\/vieassociative.be\/actualites\/#\/schema\/person\/b87ac4f82f9d4e7b7cec7395b679edc4\",\"name\":\"Julien\",\"image\":{\"@type\":\"ImageObject\",\"inLanguage\":\"fr-BE\",\"@id\":\"https:\/\/vieassociative.be\/actualites\/#\/schema\/person\/image\/\",\"url\":\"https:\/\/vieassociative.be\/actualites\/wp-content\/uploads\/2024\/09\/vie-associative-1-150x150.jpg\",\"contentUrl\":\"https:\/\/vieassociative.be\/actualites\/wp-content\/uploads\/2024\/09\/vie-associative-1-150x150.jpg\",\"caption\":\"Julien\"},\"description\":\"Je suis Julien, r\u00e9dacteur pour Vie Associative. Passionn\u00e9 par le monde associatif depuis plus de 10 ans, j'ai \u00e0 c\u0153ur de partager des histoires inspirantes et de mettre en lumi\u00e8re les initiatives locales. Mon objectif est de sensibiliser et d'encourager l'engagement communautaire \u00e0 travers mes articles.\",\"sameAs\":[\"https:\/\/vieassociative.be\/\"]}]}<\/script>\n<!-- \/ Yoast SEO plugin. -->","yoast_head_json":{"title":"Circulation de transit ralentie \u00e0 Eupen en raison de la fermeture compl\u00e8te de l'E40 vers l'Allemagne | Vie Associative","robots":{"index":"index","follow":"follow","max-snippet":"max-snippet:-1","max-image-preview":"max-image-preview:large","max-video-preview":"max-video-preview:-1"},"canonical":"https:\/\/vieassociative.be\/actualites\/circulation-de-transit-ralentie-a-eupen-en-raison-de-la-fermeture-complete-de-le40-vers-lallemagne\/","og_locale":"fr_FR","og_type":"article","og_title":"Circulation de transit ralentie \u00e0 Eupen en raison de la fermeture compl\u00e8te de l'E40 vers l'Allemagne | Vie Associative","og_description":"En raison de travaux de r\u00e9fection, l&rsquo;autoroute E40 en provenance de Li\u00e8ge vers l&rsquo;Allemagne doit \u00eatre totalement ferm\u00e9e. Comme l&rsquo;a annonc\u00e9 mardi la zone de","og_url":"https:\/\/vieassociative.be\/actualites\/circulation-de-transit-ralentie-a-eupen-en-raison-de-la-fermeture-complete-de-le40-vers-lallemagne\/","og_site_name":"Vie Associative","article_published_time":"2025-10-30T08:17:06+00:00","og_image":[{"width":279,"height":92,"url":"https:\/\/vieassociative.be\/actualites\/wp-content\/uploads\/2024\/09\/header_backgroundk-01-e1726694325946.png","type":"image\/png"}],"author":"Julien","twitter_card":"summary_large_image","twitter_misc":{"\u00c9crit par":"Julien","Dur\u00e9e de lecture est.":"1 minute"},"schema":{"@context":"https:\/\/schema.org","@graph":[{"@type":"Article","@id":"https:\/\/vieassociative.be\/actualites\/circulation-de-transit-ralentie-a-eupen-en-raison-de-la-fermeture-complete-de-le40-vers-lallemagne\/#article","isPartOf":{"@id":"https:\/\/vieassociative.be\/actualites\/circulation-de-transit-ralentie-a-eupen-en-raison-de-la-fermeture-complete-de-le40-vers-lallemagne\/"},"author":{"name":"Julien","@id":"https:\/\/vieassociative.be\/actualites\/#\/schema\/person\/b87ac4f82f9d4e7b7cec7395b679edc4"},"headline":"Circulation de transit ralentie \u00e0 Eupen en raison de la fermeture compl\u00e8te de l&rsquo;E40 vers l&rsquo;Allemagne","datePublished":"2025-10-30T08:17:06+00:00","dateModified":"2025-10-30T08:17:06+00:00","mainEntityOfPage":{"@id":"https:\/\/vieassociative.be\/actualites\/circulation-de-transit-ralentie-a-eupen-en-raison-de-la-fermeture-complete-de-le40-vers-lallemagne\/"},"wordCount":159,"publisher":{"@id":"https:\/\/vieassociative.be\/actualites\/#organization"},"image":{"@id":"https:\/\/vieassociative.be\/actualites\/circulation-de-transit-ralentie-a-eupen-en-raison-de-la-fermeture-complete-de-le40-vers-lallemagne\/#primaryimage"},"thumbnailUrl":"https:\/\/vieassociative.be\/actualites\/wp-content\/uploads\/2025\/10\/1761812227_Circulation-de-transit-ralentie-a-Eupen-en-raison-de-la.jpg","keywords":["circulation","compl\u00e8te","Eupen","fermeture","lAllemagne","lE40","raison","ralentie","transit","vers"],"articleSection":["Belgique"],"inLanguage":"fr-BE"},{"@type":"WebPage","@id":"https:\/\/vieassociative.be\/actualites\/circulation-de-transit-ralentie-a-eupen-en-raison-de-la-fermeture-complete-de-le40-vers-lallemagne\/","url":"https:\/\/vieassociative.be\/actualites\/circulation-de-transit-ralentie-a-eupen-en-raison-de-la-fermeture-complete-de-le40-vers-lallemagne\/","name":"Circulation de transit ralentie \u00e0 Eupen en raison de la fermeture compl\u00e8te de l'E40 vers l'Allemagne | Vie Associative","isPartOf":{"@id":"https:\/\/vieassociative.be\/actualites\/#website"},"primaryImageOfPage":{"@id":"https:\/\/vieassociative.be\/actualites\/circulation-de-transit-ralentie-a-eupen-en-raison-de-la-fermeture-complete-de-le40-vers-lallemagne\/#primaryimage"},"image":{"@id":"https:\/\/vieassociative.be\/actualites\/circulation-de-transit-ralentie-a-eupen-en-raison-de-la-fermeture-complete-de-le40-vers-lallemagne\/#primaryimage"},"thumbnailUrl":"https:\/\/vieassociative.be\/actualites\/wp-content\/uploads\/2025\/10\/1761812227_Circulation-de-transit-ralentie-a-Eupen-en-raison-de-la.jpg","datePublished":"2025-10-30T08:17:06+00:00","dateModified":"2025-10-30T08:17:06+00:00","breadcrumb":{"@id":"https:\/\/vieassociative.be\/actualites\/circulation-de-transit-ralentie-a-eupen-en-raison-de-la-fermeture-complete-de-le40-vers-lallemagne\/#breadcrumb"},"inLanguage":"fr-BE","potentialAction":[{"@type":"ReadAction","target":["https:\/\/vieassociative.be\/actualites\/circulation-de-transit-ralentie-a-eupen-en-raison-de-la-fermeture-complete-de-le40-vers-lallemagne\/"]}]},{"@type":"ImageObject","inLanguage":"fr-BE","@id":"https:\/\/vieassociative.be\/actualites\/circulation-de-transit-ralentie-a-eupen-en-raison-de-la-fermeture-complete-de-le40-vers-lallemagne\/#primaryimage","url":"https:\/\/vieassociative.be\/actualites\/wp-content\/uploads\/2025\/10\/1761812227_Circulation-de-transit-ralentie-a-Eupen-en-raison-de-la.jpg","contentUrl":"https:\/\/vieassociative.be\/actualites\/wp-content\/uploads\/2025\/10\/1761812227_Circulation-de-transit-ralentie-a-Eupen-en-raison-de-la.jpg","width":1600,"height":1200,"caption":"Circulation de transit ralentie \u00e0 Eupen en raison de la fermeture compl\u00e8te de l'E40 vers l'Allemagne"},{"@type":"BreadcrumbList","@id":"https:\/\/vieassociative.be\/actualites\/circulation-de-transit-ralentie-a-eupen-en-raison-de-la-fermeture-complete-de-le40-vers-lallemagne\/#breadcrumb","itemListElement":[{"@type":"ListItem","position":1,"name":"Accueil","item":"https:\/\/vieassociative.be\/actualites\/"},{"@type":"ListItem","position":2,"name":"Circulation de transit ralentie \u00e0 Eupen en raison de la fermeture compl\u00e8te de l&rsquo;E40 vers l&rsquo;Allemagne"}]},{"@type":"WebSite","@id":"https:\/\/vieassociative.be\/actualites\/#website","url":"https:\/\/vieassociative.be\/actualites\/","name":"Vie Associative","description":"","publisher":{"@id":"https:\/\/vieassociative.be\/actualites\/#organization"},"potentialAction":[{"@type":"SearchAction","target":{"@type":"EntryPoint","urlTemplate":"https:\/\/vieassociative.be\/actualites\/?s={search_term_string}"},"query-input":{"@type":"PropertyValueSpecification","valueRequired":true,"valueName":"search_term_string"}}],"inLanguage":"fr-BE"},{"@type":"Organization","@id":"https:\/\/vieassociative.be\/actualites\/#organization","name":"Vie Associative","url":"https:\/\/vieassociative.be\/actualites\/","logo":{"@type":"ImageObject","inLanguage":"fr-BE","@id":"https:\/\/vieassociative.be\/actualites\/#\/schema\/logo\/image\/","url":"https:\/\/vieassociative.be\/actualites\/wp-content\/uploads\/2024\/09\/cropped-vieassociative_favicon.ico.png","contentUrl":"https:\/\/vieassociative.be\/actualites\/wp-content\/uploads\/2024\/09\/cropped-vieassociative_favicon.ico.png","width":512,"height":512,"caption":"Vie Associative"},"image":{"@id":"https:\/\/vieassociative.be\/actualites\/#\/schema\/logo\/image\/"}},{"@type":"Person","@id":"https:\/\/vieassociative.be\/actualites\/#\/schema\/person\/b87ac4f82f9d4e7b7cec7395b679edc4","name":"Julien","image":{"@type":"ImageObject","inLanguage":"fr-BE","@id":"https:\/\/vieassociative.be\/actualites\/#\/schema\/person\/image\/","url":"https:\/\/vieassociative.be\/actualites\/wp-content\/uploads\/2024\/09\/vie-associative-1-150x150.jpg","contentUrl":"https:\/\/vieassociative.be\/actualites\/wp-content\/uploads\/2024\/09\/vie-associative-1-150x150.jpg","caption":"Julien"},"description":"Je suis Julien, r\u00e9dacteur pour Vie Associative. Passionn\u00e9 par le monde associatif depuis plus de 10 ans, j'ai \u00e0 c\u0153ur de partager des histoires inspirantes et de mettre en lumi\u00e8re les initiatives locales. Mon objectif est de sensibiliser et d'encourager l'engagement communautaire \u00e0 travers mes articles.","sameAs":["https:\/\/vieassociative.be\/"]}]}},"_links":{"self":[{"href":"https:\/\/vieassociative.be\/actualites\/wp-json\/wp\/v2\/posts\/10994"}],"collection":[{"href":"https:\/\/vieassociative.be\/actualites\/wp-json\/wp\/v2\/posts"}],"about":[{"href":"https:\/\/vieassociative.be\/actualites\/wp-json\/wp\/v2\/types\/post"}],"author":[{"embeddable":true,"href":"https:\/\/vieassociative.be\/actualites\/wp-json\/wp\/v2\/users\/1"}],"replies":[{"embeddable":true,"href":"https:\/\/vieassociative.be\/actualites\/wp-json\/wp\/v2\/comments?post=10994"}],"version-history":[{"count":0,"href":"https:\/\/vieassociative.be\/actualites\/wp-json\/wp\/v2\/posts\/10994\/revisions"}],"wp:featuredmedia":[{"embeddable":true,"href":"https:\/\/vieassociative.be\/actualites\/wp-json\/wp\/v2\/media\/10995"}],"wp:attachment":[{"href":"https:\/\/vieassociative.be\/actualites\/wp-json\/wp\/v2\/media?parent=10994"}],"wp:term":[{"taxonomy":"category","embeddable":true,"href":"https:\/\/vieassociative.be\/actualites\/wp-json\/wp\/v2\/categories?post=10994"},{"taxonomy":"post_tag","embeddable":true,"href":"https:\/\/vieassociative.be\/actualites\/wp-json\/wp\/v2\/tags?post=10994"}],"curies":[{"name":"wp","href":"https:\/\/api.w.org\/{rel}","templated":true}]}}