{"id":10993,"date":"2025-10-30T08:17:02","date_gmt":"2025-10-30T07:17:02","guid":{"rendered":"https:\/\/vieassociative.be\/actualites\/ce-que-signifie-reellement-charge-cardio-dans-lapplication-fitbit-2\/"},"modified":"2025-10-30T08:17:02","modified_gmt":"2025-10-30T07:17:02","slug":"ce-que-signifie-reellement-charge-cardio-dans-lapplication-fitbit-2","status":"publish","type":"post","link":"https:\/\/vieassociative.be\/actualites\/ce-que-signifie-reellement-charge-cardio-dans-lapplication-fitbit-2\/","title":{"rendered":"Ce que signifie r\u00e9ellement \u00ab\u00a0charge cardio\u00a0\u00bb dans l&rsquo;application Fitbit"},"content":{"rendered":"<div class=\"mt-4 leading-6 md:mb-8\">Les montres Fitbit et Pixel peuvent vous indiquer votre \u00ab charge cardio \u00bb, mais qu&rsquo;est-ce que c&rsquo;est, au fait ?<\/div>\n<p><\/p>\n<p>Le calcul de la charge cardio est une mesure que l&rsquo;application Fitbit utilise pour sugg\u00e9rer la quantit\u00e9 d&rsquo;exercice que les utilisateurs de Pixel Watch et Fitbit devraient faire, mais elle peut \u00eatre difficile \u00e0 comprendre. Il a \u00e9galement \u00e9t\u00e9 r\u00e9cemment mis \u00e0 jour pour la nouvelle version de l&rsquo;application, et cela fonctionne un peu diff\u00e9remment. Voici comment utiliser ce num\u00e9ro et ce que cela signifie pour atteindre votre cible.<\/p>\n<h2 id=\"what-is-cardio-load\">Qu\u2019est-ce que la charge cardio ?<\/h2>\n<p>La charge cardio est un moyen de comprendre la quantit\u00e9 d&rsquo;exercice que vous avez fait, que l&rsquo;application l&rsquo;ait enregistr\u00e9 comme entra\u00eenement ou non. Faire de l\u2019exercice plus longtemps et faire de l\u2019exercice \u00e0 une intensit\u00e9 plus \u00e9lev\u00e9e augmentent tous deux votre charge cardio. <\/p>\n<p>Par exemple, un jour o\u00f9 vous courez cinq miles \u00e0 un rythme lent, vous aurez une charge cardio plus \u00e9lev\u00e9e dans l&rsquo;application Fitbit qu&rsquo;un jour o\u00f9 vous avez couru trois miles \u00e0 un rythme lent. Si vous courez trois miles \u00e0 un rythme plus intense (disons que vous courez un 5 km), votre charge cardio se situera quelque part entre les deux.<\/p>\n<div class=\"mx-auto mb-12 mt-5 w-full max-w-3xl rounded-md border-2 border-gray-100 p-3 shadow-md md:px-7 md:pb-7 md:pt-5\" id=\"related-video\">\n<div class=\"mb-3 flex items-center md:mb-5\">\n        <img decoding=\"async\" class=\"mr-4 mt-0 h-10 w-10 md:mr-5 md:h-12 md:w-12\" src=\"https:\/\/vieassociative.be\/actualites\/wp-content\/uploads\/2025\/09\/1757726237_608_Meta-pourrait-devoiler-une-montre-intelligente-pour-controler-ses-lunettes.jpg\" alt=\"Logo du pirate de la vie\"><\/p><\/div>\n<div class=\"aspect-video w-full overflow-hidden rounded-md\">\n<div id=\"video-container-01K8SYT5R0AHWPGDRJ60FR5GHB\"><\/div>\n<\/p><\/div>\n<\/div>\n<p>Voici quelques exemples de mes propres entra\u00eenements\u00a0: <\/p>\n<ul>\n<li>\n<p>Un entra\u00eenement sur piste qui m&rsquo;a fait alterner entre des zones de fr\u00e9quence cardiaque mod\u00e9r\u00e9e et maximale pendant une heure (cinq miles au total) a eu un <strong>charge cardio de 117<\/strong>.<\/p>\n<\/li>\n<li>\n<p>20 minutes de d\u00e9m\u00ealage des cheveux de mon enfant ont \u00e9t\u00e9 enregistr\u00e9es comme entra\u00eenement, mais comme ma fr\u00e9quence cardiaque \u00e9tait tout le temps dans la zone claire, <strong>Je n&rsquo;ai eu aucune charge cardio<\/strong>.<\/p>\n<\/li>\n<li>\n<p>Un entra\u00eenement en salle de sport de 53 minutes, qui comprenait un m\u00e9lange de mouvements lourds et de travail continu plus l\u00e9ger, chronom\u00e9tr\u00e9 \u00e0 une heure <strong>charge cardio de 63<\/strong>. <\/p>\n<\/li>\n<\/ul>\n<p>La \u00ab charge \u00bb ici est dans le sens de \u00ab charge de travail \u00bb. Si cet \u00e9t\u00e9 vous faisiez de l&rsquo;exercice une heure par jour et qu&rsquo;actuellement vous n&rsquo;en faites que 30 minutes tous les deux jours, votre charge cardio pour la semaine (et pour chaque jour) sera inf\u00e9rieure \u00e0 celle de l&rsquo;\u00e9t\u00e9. C\u2019est logique, non ? Si vous deviez passer toute la semaine prochaine \u00e0 faire de l&rsquo;exercice une heure par jour, ce serait bien plus \u00e9lev\u00e9 que votre charge cardio actuelle. Et l&rsquo;application Fitbit vous ferait savoir que vous avez soudainement augment\u00e9 votre charge cardio et que vous voudriez peut-\u00eatre vous d\u00e9tendre un peu.<\/p>\n<h2 id=\"what-is-your-target-cardio-load\">Quelle est votre charge cardio cible\u00a0? <\/h2>\n<p>L&rsquo;application Fitbit calcule automatiquement une charge cardio cible en fonction de ce que vous avez l&rsquo;habitude de faire. Vous pouvez choisir si vous souhaitez am\u00e9liorer votre forme physique (auquel cas cela vous incitera \u00e0 augmenter votre charge un peu plus chaque semaine) ou maintenir votre forme physique actuelle. Vous trouverez ce param\u00e8tre lorsque vous regardez votre charge cardio dans l&rsquo;application\u00a0: appuyez simplement sur \u00ab\u00a0objectif de remise en forme\u00a0\u00bb en bas.<\/p>\n<h3>Comment la nouvelle application FItbit g\u00e8re la charge cardio<\/h3>\n<p>Dans la mise en \u0153uvre originale, votre objectif de charge cardio pouvait changer de jour en jour. Fitbit a r\u00e9cemment publi\u00e9 un aper\u00e7u de la nouvelle version de son application, et cette version suit d\u00e9sormais la charge cardio chaque semaine, ce qui rend <em>beaucoup<\/em> plus de sens. Ainsi, au lieu de vous dire que vous devriez atteindre une certaine charge aujourd&rsquo;hui, on vous dira que vous \u00eates, disons, \u00e0 41 % du chemin vers votre charge cible pour la semaine.<\/p>\n<div class=\"eloquent-imagery-image\">\n<div class=\"flex justify-center\">\n                    <img decoding=\"async\" class=\"border border-gray-100\" src=\"https:\/\/vieassociative.be\/actualites\/wp-content\/uploads\/2025\/10\/Ce-que-signifie-reellement-charge-cardio-dans-lapplication-Fitbit.jpg\" alt=\"Captures d'\u00e9cran de la charge cardio dans la nouvelle version de l'application\" width=\"2000\" height=\"1125\" loading=\"lazy\"  >\n            <\/div>\n<\/p><\/div>\n<h2 id=\"which-devices-support-cardio-load\">Quels appareils prennent en charge la charge cardio ? <\/h2>\n<p>Actuellement, les appareils qui ont une charge cardio sont\u00a0: <\/p>\n<ul>\n<li>\n<p>Montres Pixel\u00a01, 2, 3 et 4<\/p>\n<\/li>\n<li>\n<p>Fitbit Charge 5 et 6<\/p>\n<\/li>\n<li>\n<p>Fitbit Versa 2, 3 et 4<\/p>\n<\/li>\n<li>\n<p>Fitbit Sense 1 et 2<\/p>\n<\/li>\n<li>\n<p>FItbit Luxe<\/p>\n<\/li>\n<li>\n<p>Fitbit Inspire 2 et 3<\/p>\n<\/li>\n<\/ul>\n<div class=\"pogoClear mb-12 mt-10 rounded-md border-2 border-gray-100 py-7 shadow-xl md:py-6\">\n<div class=\"flex flex-wrap justify-between px-7 text-black no-underline md:flex-nowrap md:px-8\">\n<div class=\"order-1 mx-auto flex flex-col justify-center md:order-2 md:ml-4 md:w-full md:grow\">\n<div class=\"block cursor-pointer text-center font-akshar text-2xl font-medium leading-7 text-brand-green duration-200 ease-in-out hover:text-brand-green-700 md:text-left md:text-xl md:leading-6\">FitbitCharge 6\n                <\/div>\n<div class=\"mt-4 hidden md:flex md:justify-between\">\n<div class=\"self-end\">\n<div class=\"mb-0 h-11 md:flex md:flex-col md:justify-center\">\n<div class=\" font-sans leading-4 text-black\">\n<div class=\"flex flex-wrap items-center justify-center gap-1 md:justify-start\">\n        <span class=\"font-bold\"><\/p>\n<p>            133,20\u00a0$<br \/>\n                            <span class=\"font-medium\">chez Walmart<\/span><br \/>\n                    <\/span>\n            <\/div>\n<div class=\"flex items-center justify-center gap-x-1 font-bold md:justify-start\">\n            <span class=\"text-sm line-through\">159,95\u00a0$<\/span><br \/>\n            <span class=\"text-sm text-brand-green\">\u00c9conomisez 26,75\u00a0$<\/span>\n        <\/div>\n<\/p><\/div>\n<\/p><\/div>\n<\/p><\/div>\n<div class=\"w-44 self-end\">\n                            <button class=\"flex justify-center items-center w-full bg-brand-green text-white text-base font-sans font-medium rounded-md hover:bg-brand-green-700 hover:cursor-pointer md:text-sm h-11\"><\/p>\n<p>    Obtenez une offre<br \/>\n<\/button>\n                        <\/div>\n<\/p><\/div>\n<\/p><\/div>\n<div class=\"order-2 mt-5 h-auto w-full md:order-1 md:mt-0 md:hidden\">\n<div class=\"flex aspect-video items-center justify-center\">\n                                            <img decoding=\"async\" class=\"m-0 max-h-full max-w-full rounded-md\" src=\"https:\/\/vieassociative.be\/actualites\/wp-content\/uploads\/2025\/10\/1759814235_986_Les-meilleures-offres-primitives-precoces-sur-les-trackers-de-fitness.jpg\" alt=\"FitbitCharge 6\" width=\"auto\" height=\"auto\" loading=\"lazy\">\n                                    <\/div>\n<\/p><\/div>\n<div class=\"order-2 ml-2 hidden w-32 shrink-0 items-center md:order-1 md:ml-0 md:flex\">\n<div class=\"flex aspect-video items-center justify-center\">\n                                            <img decoding=\"async\" class=\"m-0 max-h-full max-w-full rounded-md\" src=\"https:\/\/vieassociative.be\/actualites\/wp-content\/uploads\/2025\/10\/1759814235_986_Les-meilleures-offres-primitives-precoces-sur-les-trackers-de-fitness.jpg\" alt=\"FitbitCharge 6\" width=\"auto\" height=\"auto\" loading=\"lazy\">\n                                    <\/div>\n<\/p><\/div>\n<div class=\"order-3 flex grow flex-wrap md:hidden md:grow-0\">\n<div class=\"mt-4 w-full\">\n                        <button class=\"flex justify-center items-center w-full bg-brand-green text-white text-base font-sans font-medium rounded-md hover:bg-brand-green-700 hover:cursor-pointer md:text-sm h-11\"><\/p>\n<p>    Obtenez une offre<br \/>\n<\/button>\n                    <\/div>\n<div class=\"mx-2 mt-4 w-full\">\n<div class=\" font-sans leading-4 text-black\">\n<div class=\"flex flex-wrap items-center justify-center gap-1 md:justify-start\">\n        <span class=\"font-bold\"><\/p>\n<p>            133,20\u00a0$<br \/>\n                            <span class=\"font-medium\">chez Walmart<\/span><br \/>\n                    <\/span>\n            <\/div>\n<div class=\"flex items-center justify-center gap-x-1 font-bold md:justify-start\">\n            <span class=\"text-sm line-through\">159,95\u00a0$<\/span><br \/>\n            <span class=\"text-sm text-brand-green\">\u00c9conomisez 26,75\u00a0$<\/span>\n        <\/div>\n<\/p><\/div>\n<\/p><\/div>\n<\/p><\/div>\n<\/p><\/div>\n<\/div>\n<p>Les montres Pixel peuvent vous montrer votre charge cardio \u00e0 l&rsquo;\u00e9cran, mais pour les autres, vous devrez la visualiser dans l&rsquo;application t\u00e9l\u00e9phonique.<\/p>\n<p>D&rsquo;autres applications et plates-formes ont leurs propres versions de charge cardio. Par exemple, certains appareils Garmin mesurent une charge d&rsquo;entra\u00eenement (ainsi qu&rsquo;une charge aigu\u00eb\/chronique et une concentration de charge), mais elle est calcul\u00e9e et affich\u00e9e un peu diff\u00e9remment de celle de Fitbit. Cet article traite uniquement de la version Fitbit\/Pixel.<\/p>\n<h2 id=\"the-difference-between-cardio-load-and-active-zone-minutes\">La diff\u00e9rence entre la charge cardio et les minutes de zone active<\/h2>\n<p>Les deux mesures d\u00e9crivent la quantit\u00e9 d\u2019exercice que vous faites et vous accordent un cr\u00e9dit suppl\u00e9mentaire pour un exercice intense par rapport \u00e0 un exercice mod\u00e9r\u00e9. Mais ils ont des objectifs diff\u00e9rents et sont calcul\u00e9s un peu diff\u00e9remment. <\/p>\n<p>Le but des minutes de zone active est de d\u00e9terminer si vous atteignez certains objectifs d\u2019exercice de base pour la sant\u00e9. Les minutes en zone active correspondent aux directives am\u00e9ricaines en mati\u00e8re d&rsquo;activit\u00e9 physique, qui recommandent que nous fassions tous 150 minutes d&rsquo;exercice mod\u00e9r\u00e9 par semaine ou 75 minutes d&rsquo;exercice vigoureux. En d\u2019autres termes, il s\u2019agit d\u2019un d\u00e9compte de minutes, un exercice vigoureux (comme la course) comptant double. C&rsquo;est pourquoi votre entra\u00eenement de 30 minutes peut compter pour 45 minutes de zone, si 15 de ces minutes \u00e9taient mod\u00e9r\u00e9es et 15 vigoureuses (15 x 2 = 30). <\/p>\n<p>(Il y a une mise en garde \u00e0 ce sujet\u00a0: Fitbit utilise votre fr\u00e9quence cardiaque pour estimer si une minute d&rsquo;exercice donn\u00e9e a \u00e9t\u00e9 vigoureuse ou mod\u00e9r\u00e9e pour vous. Les directives originales utilisaient les MET, pas la fr\u00e9quence cardiaque, ce n&rsquo;est donc pas une correspondance parfaite. Mais c&rsquo;est suffisamment proche pour \u00eatre utile.)<\/p>\n<p>La charge cardio, quant \u00e0 elle, est une mesure plus souvent utilis\u00e9e par les athl\u00e8tes pour s&rsquo;assurer que leur effort d&rsquo;exercice se situe dans la plage optimale pour am\u00e9liorer ou maintenir leur forme physique. Fitbit utilise une version modifi\u00e9e de l&rsquo;algorithme TRIMP, qui multiplie votre fr\u00e9quence cardiaque par le nombre de minutes pendant lesquelles vous \u00e9tiez \u00e0 cette fr\u00e9quence cardiaque. Les fr\u00e9quences cardiaques plus \u00e9lev\u00e9es ont un peu plus de poids que les fr\u00e9quences plus faibles, comme l&rsquo;explique Google dans ce document. Si votre fr\u00e9quence cardiaque est inf\u00e9rieure \u00e0 un certain niveau, elle n&rsquo;est pas prise en compte, c&rsquo;est pourquoi mes s\u00e9ances de brossage de cheveux ne comptent pas pour une charge cardio.<\/p>\n<p>Avec une charge cardio, vous ne cherchez pas seulement \u00e0 battre un minimum pour vous donner une note de passage : vous essayez de rester dans une fen\u00eatre sp\u00e9cifique, d\u00e9finie par la quantit\u00e9 d&rsquo;exercice que vous \u00eates habitu\u00e9 \u00e0 faire. Si vous faites un peu plus d\u2019exercice chaque semaine, vous pouvez rester dans votre plage cible tout en repoussant les limites de cette plage cible. C&rsquo;est comme \u00e7a qu&rsquo;on devient plus en forme. <\/p>\n<p>D&rsquo;un autre c\u00f4t\u00e9, si vous faites beaucoup plus ou beaucoup moins d&rsquo;exercice cette semaine que ce \u00e0 quoi votre corps est habitu\u00e9, vous pourriez finir par perdre un peu de forme physique (si vous en faites moins) ou vous fatiguer plus que d&rsquo;habitude (si vous en faites plus). Selon o\u00f9 vous en \u00eates dans votre formation, ces r\u00e9sultats ne sont pas n\u00e9cessairement une mauvaise chose. Mais avec un objectif cardio auquel comparer votre charge, vous savez au moins o\u00f9 vous en \u00eates.<\/p>\n","protected":false},"excerpt":{"rendered":"<p>Les montres Fitbit et Pixel peuvent vous indiquer votre \u00ab charge cardio \u00bb, mais qu&rsquo;est-ce que c&rsquo;est, au fait ? Le calcul de la charge<\/p>\n","protected":false},"author":1,"featured_media":3738,"comment_status":"","ping_status":"","sticky":false,"template":"","format":"standard","meta":{"footnotes":""},"categories":[38],"tags":[2988,3135,166,331,282,85,1872],"class_list":["post-10993","post","type-post","status-publish","format-standard","has-post-thumbnail","hentry","category-sante","tag-cardio","tag-charge","tag-dans","tag-fitbit","tag-lapplication","tag-reellement","tag-signifie","generate-columns","tablet-grid-50","mobile-grid-100","grid-parent","grid-33"],"yoast_head":"<!-- This site is optimized with the Yoast SEO plugin v24.0 - https:\/\/yoast.com\/wordpress\/plugins\/seo\/ -->\n<title>Ce que signifie r\u00e9ellement \u00ab\u00a0charge cardio\u00a0\u00bb dans l&#039;application Fitbit | Vie Associative<\/title>\n<meta name=\"robots\" content=\"index, follow, max-snippet:-1, max-image-preview:large, max-video-preview:-1\" \/>\n<link rel=\"canonical\" href=\"https:\/\/vieassociative.be\/actualites\/ce-que-signifie-reellement-charge-cardio-dans-lapplication-fitbit-2\/\" \/>\n<meta property=\"og:locale\" content=\"fr_FR\" \/>\n<meta property=\"og:type\" content=\"article\" \/>\n<meta property=\"og:title\" content=\"Ce que signifie r\u00e9ellement \u00ab\u00a0charge cardio\u00a0\u00bb dans l&#039;application Fitbit | Vie Associative\" \/>\n<meta property=\"og:description\" content=\"Les montres Fitbit et Pixel peuvent vous indiquer votre \u00ab charge cardio \u00bb, mais qu&rsquo;est-ce que c&rsquo;est, au fait ? Le calcul de la charge\" \/>\n<meta property=\"og:url\" content=\"https:\/\/vieassociative.be\/actualites\/ce-que-signifie-reellement-charge-cardio-dans-lapplication-fitbit-2\/\" \/>\n<meta property=\"og:site_name\" content=\"Vie Associative\" \/>\n<meta property=\"article:published_time\" content=\"2025-10-30T07:17:02+00:00\" \/>\n<meta property=\"og:image\" content=\"https:\/\/vieassociative.be\/actualites\/wp-content\/uploads\/2025\/09\/1757726237_608_Meta-pourrait-devoiler-une-montre-intelligente-pour-controler-ses-lunettes.jpg\" \/>\n<meta name=\"author\" content=\"Julien\" \/>\n<meta name=\"twitter:card\" content=\"summary_large_image\" \/>\n<meta name=\"twitter:label1\" content=\"\u00c9crit par\" \/>\n\t<meta name=\"twitter:data1\" content=\"Julien\" \/>\n\t<meta name=\"twitter:label2\" content=\"Dur\u00e9e de lecture est.\" \/>\n\t<meta name=\"twitter:data2\" content=\"6 minutes\" \/>\n<script type=\"application\/ld+json\" class=\"yoast-schema-graph\">{\"@context\":\"https:\/\/schema.org\",\"@graph\":[{\"@type\":\"Article\",\"@id\":\"https:\/\/vieassociative.be\/actualites\/ce-que-signifie-reellement-charge-cardio-dans-lapplication-fitbit-2\/#article\",\"isPartOf\":{\"@id\":\"https:\/\/vieassociative.be\/actualites\/ce-que-signifie-reellement-charge-cardio-dans-lapplication-fitbit-2\/\"},\"author\":{\"name\":\"Julien\",\"@id\":\"https:\/\/vieassociative.be\/actualites\/#\/schema\/person\/b87ac4f82f9d4e7b7cec7395b679edc4\"},\"headline\":\"Ce que signifie r\u00e9ellement \u00ab\u00a0charge cardio\u00a0\u00bb dans l&rsquo;application Fitbit\",\"datePublished\":\"2025-10-30T07:17:02+00:00\",\"dateModified\":\"2025-10-30T07:17:02+00:00\",\"mainEntityOfPage\":{\"@id\":\"https:\/\/vieassociative.be\/actualites\/ce-que-signifie-reellement-charge-cardio-dans-lapplication-fitbit-2\/\"},\"wordCount\":1256,\"publisher\":{\"@id\":\"https:\/\/vieassociative.be\/actualites\/#organization\"},\"image\":{\"@id\":\"https:\/\/vieassociative.be\/actualites\/ce-que-signifie-reellement-charge-cardio-dans-lapplication-fitbit-2\/#primaryimage\"},\"thumbnailUrl\":\"https:\/\/vieassociative.be\/actualites\/wp-content\/uploads\/2024\/12\/1735150643_Ce-que-signifie-reellement-charge-cardio-dans-lapplication-Fitbit.jpg\",\"keywords\":[\"cardio\",\"charge\",\"dans\",\"Fitbit\",\"lapplication\",\"r\u00e9ellement\",\"signifie\"],\"articleSection\":[\"Sant\u00e9\"],\"inLanguage\":\"fr-BE\"},{\"@type\":\"WebPage\",\"@id\":\"https:\/\/vieassociative.be\/actualites\/ce-que-signifie-reellement-charge-cardio-dans-lapplication-fitbit-2\/\",\"url\":\"https:\/\/vieassociative.be\/actualites\/ce-que-signifie-reellement-charge-cardio-dans-lapplication-fitbit-2\/\",\"name\":\"Ce que signifie r\u00e9ellement \u00ab\u00a0charge cardio\u00a0\u00bb dans l'application Fitbit | Vie Associative\",\"isPartOf\":{\"@id\":\"https:\/\/vieassociative.be\/actualites\/#website\"},\"primaryImageOfPage\":{\"@id\":\"https:\/\/vieassociative.be\/actualites\/ce-que-signifie-reellement-charge-cardio-dans-lapplication-fitbit-2\/#primaryimage\"},\"image\":{\"@id\":\"https:\/\/vieassociative.be\/actualites\/ce-que-signifie-reellement-charge-cardio-dans-lapplication-fitbit-2\/#primaryimage\"},\"thumbnailUrl\":\"https:\/\/vieassociative.be\/actualites\/wp-content\/uploads\/2024\/12\/1735150643_Ce-que-signifie-reellement-charge-cardio-dans-lapplication-Fitbit.jpg\",\"datePublished\":\"2025-10-30T07:17:02+00:00\",\"dateModified\":\"2025-10-30T07:17:02+00:00\",\"breadcrumb\":{\"@id\":\"https:\/\/vieassociative.be\/actualites\/ce-que-signifie-reellement-charge-cardio-dans-lapplication-fitbit-2\/#breadcrumb\"},\"inLanguage\":\"fr-BE\",\"potentialAction\":[{\"@type\":\"ReadAction\",\"target\":[\"https:\/\/vieassociative.be\/actualites\/ce-que-signifie-reellement-charge-cardio-dans-lapplication-fitbit-2\/\"]}]},{\"@type\":\"ImageObject\",\"inLanguage\":\"fr-BE\",\"@id\":\"https:\/\/vieassociative.be\/actualites\/ce-que-signifie-reellement-charge-cardio-dans-lapplication-fitbit-2\/#primaryimage\",\"url\":\"https:\/\/vieassociative.be\/actualites\/wp-content\/uploads\/2024\/12\/1735150643_Ce-que-signifie-reellement-charge-cardio-dans-lapplication-Fitbit.jpg\",\"contentUrl\":\"https:\/\/vieassociative.be\/actualites\/wp-content\/uploads\/2024\/12\/1735150643_Ce-que-signifie-reellement-charge-cardio-dans-lapplication-Fitbit.jpg\",\"width\":1200,\"height\":675,\"caption\":\"Ce que signifie r\u00e9ellement \u00ab\u00a0charge cardio\u00a0\u00bb dans l'application Fitbit\"},{\"@type\":\"BreadcrumbList\",\"@id\":\"https:\/\/vieassociative.be\/actualites\/ce-que-signifie-reellement-charge-cardio-dans-lapplication-fitbit-2\/#breadcrumb\",\"itemListElement\":[{\"@type\":\"ListItem\",\"position\":1,\"name\":\"Accueil\",\"item\":\"https:\/\/vieassociative.be\/actualites\/\"},{\"@type\":\"ListItem\",\"position\":2,\"name\":\"Ce que signifie r\u00e9ellement \u00ab\u00a0charge cardio\u00a0\u00bb dans l&rsquo;application Fitbit\"}]},{\"@type\":\"WebSite\",\"@id\":\"https:\/\/vieassociative.be\/actualites\/#website\",\"url\":\"https:\/\/vieassociative.be\/actualites\/\",\"name\":\"Vie Associative\",\"description\":\"\",\"publisher\":{\"@id\":\"https:\/\/vieassociative.be\/actualites\/#organization\"},\"potentialAction\":[{\"@type\":\"SearchAction\",\"target\":{\"@type\":\"EntryPoint\",\"urlTemplate\":\"https:\/\/vieassociative.be\/actualites\/?s={search_term_string}\"},\"query-input\":{\"@type\":\"PropertyValueSpecification\",\"valueRequired\":true,\"valueName\":\"search_term_string\"}}],\"inLanguage\":\"fr-BE\"},{\"@type\":\"Organization\",\"@id\":\"https:\/\/vieassociative.be\/actualites\/#organization\",\"name\":\"Vie Associative\",\"url\":\"https:\/\/vieassociative.be\/actualites\/\",\"logo\":{\"@type\":\"ImageObject\",\"inLanguage\":\"fr-BE\",\"@id\":\"https:\/\/vieassociative.be\/actualites\/#\/schema\/logo\/image\/\",\"url\":\"https:\/\/vieassociative.be\/actualites\/wp-content\/uploads\/2024\/09\/cropped-vieassociative_favicon.ico.png\",\"contentUrl\":\"https:\/\/vieassociative.be\/actualites\/wp-content\/uploads\/2024\/09\/cropped-vieassociative_favicon.ico.png\",\"width\":512,\"height\":512,\"caption\":\"Vie Associative\"},\"image\":{\"@id\":\"https:\/\/vieassociative.be\/actualites\/#\/schema\/logo\/image\/\"}},{\"@type\":\"Person\",\"@id\":\"https:\/\/vieassociative.be\/actualites\/#\/schema\/person\/b87ac4f82f9d4e7b7cec7395b679edc4\",\"name\":\"Julien\",\"image\":{\"@type\":\"ImageObject\",\"inLanguage\":\"fr-BE\",\"@id\":\"https:\/\/vieassociative.be\/actualites\/#\/schema\/person\/image\/\",\"url\":\"https:\/\/vieassociative.be\/actualites\/wp-content\/uploads\/2024\/09\/vie-associative-1-150x150.jpg\",\"contentUrl\":\"https:\/\/vieassociative.be\/actualites\/wp-content\/uploads\/2024\/09\/vie-associative-1-150x150.jpg\",\"caption\":\"Julien\"},\"description\":\"Je suis Julien, r\u00e9dacteur pour Vie Associative. Passionn\u00e9 par le monde associatif depuis plus de 10 ans, j'ai \u00e0 c\u0153ur de partager des histoires inspirantes et de mettre en lumi\u00e8re les initiatives locales. Mon objectif est de sensibiliser et d'encourager l'engagement communautaire \u00e0 travers mes articles.\",\"sameAs\":[\"https:\/\/vieassociative.be\/\"]}]}<\/script>\n<!-- \/ Yoast SEO plugin. -->","yoast_head_json":{"title":"Ce que signifie r\u00e9ellement \u00ab\u00a0charge cardio\u00a0\u00bb dans l'application Fitbit | Vie Associative","robots":{"index":"index","follow":"follow","max-snippet":"max-snippet:-1","max-image-preview":"max-image-preview:large","max-video-preview":"max-video-preview:-1"},"canonical":"https:\/\/vieassociative.be\/actualites\/ce-que-signifie-reellement-charge-cardio-dans-lapplication-fitbit-2\/","og_locale":"fr_FR","og_type":"article","og_title":"Ce que signifie r\u00e9ellement \u00ab\u00a0charge cardio\u00a0\u00bb dans l'application Fitbit | Vie Associative","og_description":"Les montres Fitbit et Pixel peuvent vous indiquer votre \u00ab charge cardio \u00bb, mais qu&rsquo;est-ce que c&rsquo;est, au fait ? Le calcul de la charge","og_url":"https:\/\/vieassociative.be\/actualites\/ce-que-signifie-reellement-charge-cardio-dans-lapplication-fitbit-2\/","og_site_name":"Vie Associative","article_published_time":"2025-10-30T07:17:02+00:00","og_image":[{"url":"https:\/\/vieassociative.be\/actualites\/wp-content\/uploads\/2025\/09\/1757726237_608_Meta-pourrait-devoiler-une-montre-intelligente-pour-controler-ses-lunettes.jpg","type":"","width":"","height":""}],"author":"Julien","twitter_card":"summary_large_image","twitter_misc":{"\u00c9crit par":"Julien","Dur\u00e9e de lecture est.":"6 minutes"},"schema":{"@context":"https:\/\/schema.org","@graph":[{"@type":"Article","@id":"https:\/\/vieassociative.be\/actualites\/ce-que-signifie-reellement-charge-cardio-dans-lapplication-fitbit-2\/#article","isPartOf":{"@id":"https:\/\/vieassociative.be\/actualites\/ce-que-signifie-reellement-charge-cardio-dans-lapplication-fitbit-2\/"},"author":{"name":"Julien","@id":"https:\/\/vieassociative.be\/actualites\/#\/schema\/person\/b87ac4f82f9d4e7b7cec7395b679edc4"},"headline":"Ce que signifie r\u00e9ellement \u00ab\u00a0charge cardio\u00a0\u00bb dans l&rsquo;application Fitbit","datePublished":"2025-10-30T07:17:02+00:00","dateModified":"2025-10-30T07:17:02+00:00","mainEntityOfPage":{"@id":"https:\/\/vieassociative.be\/actualites\/ce-que-signifie-reellement-charge-cardio-dans-lapplication-fitbit-2\/"},"wordCount":1256,"publisher":{"@id":"https:\/\/vieassociative.be\/actualites\/#organization"},"image":{"@id":"https:\/\/vieassociative.be\/actualites\/ce-que-signifie-reellement-charge-cardio-dans-lapplication-fitbit-2\/#primaryimage"},"thumbnailUrl":"https:\/\/vieassociative.be\/actualites\/wp-content\/uploads\/2024\/12\/1735150643_Ce-que-signifie-reellement-charge-cardio-dans-lapplication-Fitbit.jpg","keywords":["cardio","charge","dans","Fitbit","lapplication","r\u00e9ellement","signifie"],"articleSection":["Sant\u00e9"],"inLanguage":"fr-BE"},{"@type":"WebPage","@id":"https:\/\/vieassociative.be\/actualites\/ce-que-signifie-reellement-charge-cardio-dans-lapplication-fitbit-2\/","url":"https:\/\/vieassociative.be\/actualites\/ce-que-signifie-reellement-charge-cardio-dans-lapplication-fitbit-2\/","name":"Ce que signifie r\u00e9ellement \u00ab\u00a0charge cardio\u00a0\u00bb dans l'application Fitbit | Vie Associative","isPartOf":{"@id":"https:\/\/vieassociative.be\/actualites\/#website"},"primaryImageOfPage":{"@id":"https:\/\/vieassociative.be\/actualites\/ce-que-signifie-reellement-charge-cardio-dans-lapplication-fitbit-2\/#primaryimage"},"image":{"@id":"https:\/\/vieassociative.be\/actualites\/ce-que-signifie-reellement-charge-cardio-dans-lapplication-fitbit-2\/#primaryimage"},"thumbnailUrl":"https:\/\/vieassociative.be\/actualites\/wp-content\/uploads\/2024\/12\/1735150643_Ce-que-signifie-reellement-charge-cardio-dans-lapplication-Fitbit.jpg","datePublished":"2025-10-30T07:17:02+00:00","dateModified":"2025-10-30T07:17:02+00:00","breadcrumb":{"@id":"https:\/\/vieassociative.be\/actualites\/ce-que-signifie-reellement-charge-cardio-dans-lapplication-fitbit-2\/#breadcrumb"},"inLanguage":"fr-BE","potentialAction":[{"@type":"ReadAction","target":["https:\/\/vieassociative.be\/actualites\/ce-que-signifie-reellement-charge-cardio-dans-lapplication-fitbit-2\/"]}]},{"@type":"ImageObject","inLanguage":"fr-BE","@id":"https:\/\/vieassociative.be\/actualites\/ce-que-signifie-reellement-charge-cardio-dans-lapplication-fitbit-2\/#primaryimage","url":"https:\/\/vieassociative.be\/actualites\/wp-content\/uploads\/2024\/12\/1735150643_Ce-que-signifie-reellement-charge-cardio-dans-lapplication-Fitbit.jpg","contentUrl":"https:\/\/vieassociative.be\/actualites\/wp-content\/uploads\/2024\/12\/1735150643_Ce-que-signifie-reellement-charge-cardio-dans-lapplication-Fitbit.jpg","width":1200,"height":675,"caption":"Ce que signifie r\u00e9ellement \u00ab\u00a0charge cardio\u00a0\u00bb dans l'application Fitbit"},{"@type":"BreadcrumbList","@id":"https:\/\/vieassociative.be\/actualites\/ce-que-signifie-reellement-charge-cardio-dans-lapplication-fitbit-2\/#breadcrumb","itemListElement":[{"@type":"ListItem","position":1,"name":"Accueil","item":"https:\/\/vieassociative.be\/actualites\/"},{"@type":"ListItem","position":2,"name":"Ce que signifie r\u00e9ellement \u00ab\u00a0charge cardio\u00a0\u00bb dans l&rsquo;application Fitbit"}]},{"@type":"WebSite","@id":"https:\/\/vieassociative.be\/actualites\/#website","url":"https:\/\/vieassociative.be\/actualites\/","name":"Vie Associative","description":"","publisher":{"@id":"https:\/\/vieassociative.be\/actualites\/#organization"},"potentialAction":[{"@type":"SearchAction","target":{"@type":"EntryPoint","urlTemplate":"https:\/\/vieassociative.be\/actualites\/?s={search_term_string}"},"query-input":{"@type":"PropertyValueSpecification","valueRequired":true,"valueName":"search_term_string"}}],"inLanguage":"fr-BE"},{"@type":"Organization","@id":"https:\/\/vieassociative.be\/actualites\/#organization","name":"Vie Associative","url":"https:\/\/vieassociative.be\/actualites\/","logo":{"@type":"ImageObject","inLanguage":"fr-BE","@id":"https:\/\/vieassociative.be\/actualites\/#\/schema\/logo\/image\/","url":"https:\/\/vieassociative.be\/actualites\/wp-content\/uploads\/2024\/09\/cropped-vieassociative_favicon.ico.png","contentUrl":"https:\/\/vieassociative.be\/actualites\/wp-content\/uploads\/2024\/09\/cropped-vieassociative_favicon.ico.png","width":512,"height":512,"caption":"Vie Associative"},"image":{"@id":"https:\/\/vieassociative.be\/actualites\/#\/schema\/logo\/image\/"}},{"@type":"Person","@id":"https:\/\/vieassociative.be\/actualites\/#\/schema\/person\/b87ac4f82f9d4e7b7cec7395b679edc4","name":"Julien","image":{"@type":"ImageObject","inLanguage":"fr-BE","@id":"https:\/\/vieassociative.be\/actualites\/#\/schema\/person\/image\/","url":"https:\/\/vieassociative.be\/actualites\/wp-content\/uploads\/2024\/09\/vie-associative-1-150x150.jpg","contentUrl":"https:\/\/vieassociative.be\/actualites\/wp-content\/uploads\/2024\/09\/vie-associative-1-150x150.jpg","caption":"Julien"},"description":"Je suis Julien, r\u00e9dacteur pour Vie Associative. Passionn\u00e9 par le monde associatif depuis plus de 10 ans, j'ai \u00e0 c\u0153ur de partager des histoires inspirantes et de mettre en lumi\u00e8re les initiatives locales. Mon objectif est de sensibiliser et d'encourager l'engagement communautaire \u00e0 travers mes articles.","sameAs":["https:\/\/vieassociative.be\/"]}]}},"_links":{"self":[{"href":"https:\/\/vieassociative.be\/actualites\/wp-json\/wp\/v2\/posts\/10993"}],"collection":[{"href":"https:\/\/vieassociative.be\/actualites\/wp-json\/wp\/v2\/posts"}],"about":[{"href":"https:\/\/vieassociative.be\/actualites\/wp-json\/wp\/v2\/types\/post"}],"author":[{"embeddable":true,"href":"https:\/\/vieassociative.be\/actualites\/wp-json\/wp\/v2\/users\/1"}],"replies":[{"embeddable":true,"href":"https:\/\/vieassociative.be\/actualites\/wp-json\/wp\/v2\/comments?post=10993"}],"version-history":[{"count":0,"href":"https:\/\/vieassociative.be\/actualites\/wp-json\/wp\/v2\/posts\/10993\/revisions"}],"wp:featuredmedia":[{"embeddable":true,"href":"https:\/\/vieassociative.be\/actualites\/wp-json\/wp\/v2\/media\/3738"}],"wp:attachment":[{"href":"https:\/\/vieassociative.be\/actualites\/wp-json\/wp\/v2\/media?parent=10993"}],"wp:term":[{"taxonomy":"category","embeddable":true,"href":"https:\/\/vieassociative.be\/actualites\/wp-json\/wp\/v2\/categories?post=10993"},{"taxonomy":"post_tag","embeddable":true,"href":"https:\/\/vieassociative.be\/actualites\/wp-json\/wp\/v2\/tags?post=10993"}],"curies":[{"name":"wp","href":"https:\/\/api.w.org\/{rel}","templated":true}]}}