{"id":10989,"date":"2025-10-30T03:17:01","date_gmt":"2025-10-30T02:17:01","guid":{"rendered":"https:\/\/vieassociative.be\/actualites\/apres-une-premiere-mi-temps-desastreuse-las-eupen-a-perdu-son-match-de-coupe-chez-le-royal-antwerp-fc-3-1\/"},"modified":"2025-10-30T03:17:01","modified_gmt":"2025-10-30T02:17:01","slug":"apres-une-premiere-mi-temps-desastreuse-las-eupen-a-perdu-son-match-de-coupe-chez-le-royal-antwerp-fc-3-1","status":"publish","type":"post","link":"https:\/\/vieassociative.be\/actualites\/apres-une-premiere-mi-temps-desastreuse-las-eupen-a-perdu-son-match-de-coupe-chez-le-royal-antwerp-fc-3-1\/","title":{"rendered":"Apr\u00e8s une premi\u00e8re mi-temps d\u00e9sastreuse, l&rsquo;AS Eupen a perdu son match de coupe chez le Royal Antwerp FC 3-1"},"content":{"rendered":"<p><strong>L&rsquo;AS Eupen a \u00e9t\u00e9 \u00e9limin\u00e9e de la coupe nationale. Les Noirs et Blancs ont perdu 3-1 contre le Royal Antwerp FC \u00e0 Anvers mercredi. Apr\u00e8s une premi\u00e8re mi-temps d\u00e9sastreuse du point de vue d&rsquo;Eupen, les visiteurs \u00e9taient d\u00e9j\u00e0 men\u00e9s 3-0 \u00e0 la pause.<\/strong><\/p>\n<p><span id=\"more-428381\"><\/span>Pour cette rencontre de coupe au Bosuilstadion, qui sera bient\u00f4t enti\u00e8rement r\u00e9nov\u00e9 une fois la tribune 2 termin\u00e9e (voir reportage par ailleurs), l&rsquo;entra\u00eeneur de l&rsquo;AS Bruno Pinheiro a proc\u00e9d\u00e9 \u00e0 quelques changements. Par exemple, Nurudeen se tenait entre les poteaux. Bokadi, Wedingo et Prunier \u00e9taient \u00e9galement titulaires.<\/p>\n<\/p>\n<div id=\"attachment_399861\" class=\"wp-caption alignleft\" style=\"max-width: 300px\"><img fetchpriority=\"high\" decoding=\"async\" class=\"wp-image-399861 size-medium\" src=\"https:\/\/vieassociative.be\/actualites\/wp-content\/uploads\/2024\/12\/Defaite-34-lAS-Eupen-sest-reveille-trop-tard.jpg\" alt=\"\" width=\"300\" height=\"200\"  ><\/div>\n<p>Le onze de d\u00e9part d&rsquo;Eupen : Nurudeen \u2013 Van Genechten, Bokadi, Kennedy, Gavory \u2013 M\u00fcller, Busquets, Bar\u00e8s, Bitumazala \u2013 Wedingo, Prunier.<\/p>\n<p>La rencontre a commenc\u00e9 en trombe, car d\u00e8s la 2e minute, le gardien rempla\u00e7ant Nurudeen n&rsquo;a pas pu contr\u00f4ler le ballon apr\u00e8s une passe en retrait du c\u00f4t\u00e9 gauche. Janssen a accept\u00e9 avec gratitude le cadeau du gardien ghan\u00e9en et a donn\u00e9 l&rsquo;avantage \u00e0 Anvers, 1-0. Quel faux d\u00e9part !<\/p>\n<p>Cela a rendu la t\u00e2che encore plus difficile pour les invit\u00e9s qu&rsquo;elle ne l&rsquo;\u00e9tait d\u00e9j\u00e0 au coup d&rsquo;envoi, d&rsquo;autant plus que le \u00ab Great Old \u00bb a marqu\u00e9 2-0 \u00e0 la 20e minute. Janssen \u00e9tait \u00e0 nouveau le buteur. <\/p>\n<p>Une \u00e9quipe faible comme celle de l&rsquo;AS Eupen en premi\u00e8re mi-temps \u00e9tait l&rsquo;adversaire id\u00e9al pour la 14\u00e8me place du classement. la Jupiler Pro League et pour son capitaine Vincent Janssen.<\/p>\n<\/p>\n<div id=\"attachment_352578\" class=\"wp-caption alignleft\" style=\"max-width: 300px\"><img decoding=\"async\" class=\"wp-image-352578 size-medium\" src=\"https:\/\/vieassociative.be\/actualites\/wp-content\/uploads\/2025\/10\/Apres-une-premiere-mi-temps-desastreuse-lAS-Eupen-a-perdu-son.jpeg\" alt=\"\" width=\"300\" height=\"200\"  ><\/div>\n<p>A la 30e minute, l&rsquo;AS Eupen subit un autre revers: Bokadi abuse du ballon, dont Hamdaoui profite pour vaincre Nurudeen une troisi\u00e8me fois, 3-0. <\/p>\n<p>Maintenant, les choses devenaient vraiment embarrassantes. Quelle soir\u00e9e noire pour l&rsquo;AS Eupen, qui a jou\u00e9 tout en noir \u00e0 la hauteur ! <\/p>\n<p>\u00c0 la 45e minute, Nurudeen a r\u00e9ussi \u00e0 emp\u00eacher au moins un quatri\u00e8me but. Le score \u00e0 la mi-temps \u00e9tait de 3-0 pour Anvers, m\u00eame si les h\u00f4tes n&rsquo;ont m\u00eame pas eu besoin de faire un effort.<\/p>\n<p>La seconde mi-temps a \u00e9galement commenc\u00e9 avec un but pour Anvers apr\u00e8s que Nurudeen ait \u00e9t\u00e9 incapable de conserver le ballon sur un tir \u00e0 longue distance, mais Janssen a \u00e9t\u00e9 d\u00e9clar\u00e9 hors-jeu. C&rsquo;est pour \u00e7a que le coup ne comptait pas.<\/p>\n<p>Lorsque Nurudeen a eu le ballon, une rumeur a parcouru le stade Bosuil. \u00c0 la 57e minute, une nouvelle incertitude de la part du gardien de l&rsquo;AS a failli aboutir \u00e0 un quatri\u00e8me but pour l&rsquo;\u00e9quipe anversoise.<\/p>\n<p>Ce n&rsquo;est qu&rsquo;\u00e0 la 63e minute que l&rsquo;entra\u00eeneur de l&rsquo;AS Pinheiro effectuait un changement : M\u00f6hwald et Nuhu rempla\u00e7aient Bitumazala et M\u00fcller. <\/p>\n<p>A la 69e minute, Eupen inscrit un but \u00e0 l&rsquo;improviste : Busquets prend sa mesure \u00e0 l&rsquo;entr\u00e9e de la surface de r\u00e9paration. Le ballon a d\u00e9vi\u00e9 mais a fini dans le but. C&rsquo;\u00e9tait donc \u00ab seulement \u00bb 3:1.<\/p>\n<p>Ce coup n&rsquo;a pas beaucoup chang\u00e9. Cela a rendu la d\u00e9faite un peu plus supportable pour AS. Les visiteurs de l&rsquo;Est de la Belgique ont failli r\u00e9duire le score \u00e0 3-2 dans les arr\u00eats de jeu, mais un r\u00e9sultat aussi serr\u00e9 n&rsquo;aurait pas refl\u00e9t\u00e9 le v\u00e9ritable d\u00e9roulement du match, car Anvers n&rsquo;a m\u00eame pas eu besoin de faire un effort pour atteindre les huiti\u00e8mes de finale de la coupe nationale.<\/p>\n<p>L&rsquo;AS Eupen continue samedi \u00e0 16h. en Challenger Pro League avec un match \u00e0 l&rsquo;ext\u00e9rieur \u00e0 Jong Gent. (cr\u00e9er)<\/p>\n<p><em><strong>Sur le sujet, voir aussi l&rsquo;article suivant sur l&rsquo;OD :<\/strong><\/em><\/p>\n<div class=\"responsive-embed widescreen\">\n<blockquote class=\"wp-embedded-content\" data-secret=\"bTR3MeGkU8\">\n<p>L&rsquo;AS Eupen aujourd&rsquo;hui en coupe dans le plus ancien club de football du pays et dans le \u00ab Bosuil \u00bb qui sera bient\u00f4t enti\u00e8rement r\u00e9nov\u00e9<\/p>\n<\/blockquote>\n<p><iframe loading=\"lazy\" class=\"wp-embedded-content\" sandbox=\"allow-scripts\" security=\"restricted\" style=\"position: absolute; visibility: hidden;\" title=\"\u201eAS Eupen heute im Pokal beim \u00e4ltesten Fu\u00dfballclub des Landes und im bald rundum erneuerten \u201eBosuil\u201c\u201c \u2014 Ostbelgien Direkt\" src=\"https:\/\/ostbelgiendirekt.be\/about:blank\" data-secret=\"bTR3MeGkU8\" width=\"500\" height=\"282\" frameborder=\"0\" marginwidth=\"0\" marginheight=\"0\" scrolling=\"no\" data-rocket-lazyload=\"fitvidscompatible\" data-lazy-src=\"https:\/\/ostbelgiendirekt.be\/bosuilstadion-rundum-erneuert-428333\/embed#?secret=6UTxK6L7Iz#?secret=bTR3MeGkU8\"><\/iframe><noscript><iframe class=\"wp-embedded-content\" sandbox=\"allow-scripts\" security=\"restricted\" style=\"position: absolute; visibility: hidden;\" title=\"\u201eAS Eupen heute im Pokal beim \u00e4ltesten Fu\u00dfballclub des Landes und im bald rundum erneuerten \u201eBosuil\u201c\u201c \u2014 Ostbelgien Direkt\" src=\"https:\/\/ostbelgiendirekt.be\/bosuilstadion-rundum-erneuert-428333\/embed#?secret=6UTxK6L7Iz#?secret=bTR3MeGkU8\" data-secret=\"bTR3MeGkU8\" width=\"500\" height=\"282\" frameborder=\"0\" marginwidth=\"0\" marginheight=\"0\" scrolling=\"no\"><\/iframe><\/noscript><\/p>\n<\/div>\n","protected":false},"excerpt":{"rendered":"<p>L&rsquo;AS Eupen a \u00e9t\u00e9 \u00e9limin\u00e9e de la coupe nationale. Les Noirs et Blancs ont perdu 3-1 contre le Royal Antwerp FC \u00e0 Anvers mercredi. Apr\u00e8s<\/p>\n","protected":false},"author":1,"featured_media":10990,"comment_status":"","ping_status":"","sticky":false,"template":"","format":"standard","meta":{"footnotes":""},"categories":[298],"tags":[8460,472,1287,2472,4724,2329,2353,2685,9084,2207,610,8459,800,110],"class_list":["post-10989","post","type-post","status-publish","format-standard","has-post-thumbnail","hentry","category-belgique","tag-antwerp","tag-apres","tag-chez","tag-coupe","tag-desastreuse","tag-eupen","tag-las","tag-match","tag-mitemps","tag-perdu","tag-premiere","tag-royal","tag-son","tag-une","generate-columns","tablet-grid-50","mobile-grid-100","grid-parent","grid-33"],"yoast_head":"<!-- This site is optimized with the Yoast SEO plugin v24.0 - https:\/\/yoast.com\/wordpress\/plugins\/seo\/ -->\n<title>Apr\u00e8s une premi\u00e8re mi-temps d\u00e9sastreuse, l&#039;AS Eupen a perdu son match de coupe chez le Royal Antwerp FC 3-1 | Vie Associative<\/title>\n<meta name=\"robots\" content=\"index, follow, max-snippet:-1, max-image-preview:large, max-video-preview:-1\" \/>\n<link rel=\"canonical\" href=\"https:\/\/vieassociative.be\/actualites\/apres-une-premiere-mi-temps-desastreuse-las-eupen-a-perdu-son-match-de-coupe-chez-le-royal-antwerp-fc-3-1\/\" \/>\n<meta property=\"og:locale\" content=\"fr_FR\" \/>\n<meta property=\"og:type\" content=\"article\" \/>\n<meta property=\"og:title\" content=\"Apr\u00e8s une premi\u00e8re mi-temps d\u00e9sastreuse, l&#039;AS Eupen a perdu son match de coupe chez le Royal Antwerp FC 3-1 | Vie Associative\" \/>\n<meta property=\"og:description\" content=\"L&rsquo;AS Eupen a \u00e9t\u00e9 \u00e9limin\u00e9e de la coupe nationale. Les Noirs et Blancs ont perdu 3-1 contre le Royal Antwerp FC \u00e0 Anvers mercredi. Apr\u00e8s\" \/>\n<meta property=\"og:url\" content=\"https:\/\/vieassociative.be\/actualites\/apres-une-premiere-mi-temps-desastreuse-las-eupen-a-perdu-son-match-de-coupe-chez-le-royal-antwerp-fc-3-1\/\" \/>\n<meta property=\"og:site_name\" content=\"Vie Associative\" \/>\n<meta property=\"article:published_time\" content=\"2025-10-30T02:17:01+00:00\" \/>\n<meta property=\"og:image\" content=\"https:\/\/vieassociative.be\/actualites\/wp-content\/uploads\/2024\/09\/header_backgroundk-01-e1726694325946.png\" \/>\n\t<meta property=\"og:image:width\" content=\"279\" \/>\n\t<meta property=\"og:image:height\" content=\"92\" \/>\n\t<meta property=\"og:image:type\" content=\"image\/png\" \/>\n<meta name=\"author\" content=\"Julien\" \/>\n<meta name=\"twitter:card\" content=\"summary_large_image\" \/>\n<meta name=\"twitter:label1\" content=\"\u00c9crit par\" \/>\n\t<meta name=\"twitter:data1\" content=\"Julien\" \/>\n\t<meta name=\"twitter:label2\" content=\"Dur\u00e9e de lecture est.\" \/>\n\t<meta name=\"twitter:data2\" content=\"3 minutes\" \/>\n<script type=\"application\/ld+json\" class=\"yoast-schema-graph\">{\"@context\":\"https:\/\/schema.org\",\"@graph\":[{\"@type\":\"Article\",\"@id\":\"https:\/\/vieassociative.be\/actualites\/apres-une-premiere-mi-temps-desastreuse-las-eupen-a-perdu-son-match-de-coupe-chez-le-royal-antwerp-fc-3-1\/#article\",\"isPartOf\":{\"@id\":\"https:\/\/vieassociative.be\/actualites\/apres-une-premiere-mi-temps-desastreuse-las-eupen-a-perdu-son-match-de-coupe-chez-le-royal-antwerp-fc-3-1\/\"},\"author\":{\"name\":\"Julien\",\"@id\":\"https:\/\/vieassociative.be\/actualites\/#\/schema\/person\/b87ac4f82f9d4e7b7cec7395b679edc4\"},\"headline\":\"Apr\u00e8s une premi\u00e8re mi-temps d\u00e9sastreuse, l&rsquo;AS Eupen a perdu son match de coupe chez le Royal Antwerp FC 3-1\",\"datePublished\":\"2025-10-30T02:17:01+00:00\",\"dateModified\":\"2025-10-30T02:17:01+00:00\",\"mainEntityOfPage\":{\"@id\":\"https:\/\/vieassociative.be\/actualites\/apres-une-premiere-mi-temps-desastreuse-las-eupen-a-perdu-son-match-de-coupe-chez-le-royal-antwerp-fc-3-1\/\"},\"wordCount\":657,\"publisher\":{\"@id\":\"https:\/\/vieassociative.be\/actualites\/#organization\"},\"image\":{\"@id\":\"https:\/\/vieassociative.be\/actualites\/apres-une-premiere-mi-temps-desastreuse-las-eupen-a-perdu-son-match-de-coupe-chez-le-royal-antwerp-fc-3-1\/#primaryimage\"},\"thumbnailUrl\":\"https:\/\/vieassociative.be\/actualites\/wp-content\/uploads\/2025\/10\/Apres-une-premiere-mi-temps-desastreuse-lAS-Eupen-a-perdu-son.jpg\",\"keywords\":[\"Antwerp\",\"Apr\u00e8s\",\"chez\",\"Coupe\",\"d\u00e9sastreuse\",\"Eupen\",\"lAS\",\"match\",\"mitemps\",\"perdu\",\"premi\u00e8re\",\"Royal\",\"son\",\"une\"],\"articleSection\":[\"Belgique\"],\"inLanguage\":\"fr-BE\"},{\"@type\":\"WebPage\",\"@id\":\"https:\/\/vieassociative.be\/actualites\/apres-une-premiere-mi-temps-desastreuse-las-eupen-a-perdu-son-match-de-coupe-chez-le-royal-antwerp-fc-3-1\/\",\"url\":\"https:\/\/vieassociative.be\/actualites\/apres-une-premiere-mi-temps-desastreuse-las-eupen-a-perdu-son-match-de-coupe-chez-le-royal-antwerp-fc-3-1\/\",\"name\":\"Apr\u00e8s une premi\u00e8re mi-temps d\u00e9sastreuse, l'AS Eupen a perdu son match de coupe chez le Royal Antwerp FC 3-1 | Vie Associative\",\"isPartOf\":{\"@id\":\"https:\/\/vieassociative.be\/actualites\/#website\"},\"primaryImageOfPage\":{\"@id\":\"https:\/\/vieassociative.be\/actualites\/apres-une-premiere-mi-temps-desastreuse-las-eupen-a-perdu-son-match-de-coupe-chez-le-royal-antwerp-fc-3-1\/#primaryimage\"},\"image\":{\"@id\":\"https:\/\/vieassociative.be\/actualites\/apres-une-premiere-mi-temps-desastreuse-las-eupen-a-perdu-son-match-de-coupe-chez-le-royal-antwerp-fc-3-1\/#primaryimage\"},\"thumbnailUrl\":\"https:\/\/vieassociative.be\/actualites\/wp-content\/uploads\/2025\/10\/Apres-une-premiere-mi-temps-desastreuse-lAS-Eupen-a-perdu-son.jpg\",\"datePublished\":\"2025-10-30T02:17:01+00:00\",\"dateModified\":\"2025-10-30T02:17:01+00:00\",\"breadcrumb\":{\"@id\":\"https:\/\/vieassociative.be\/actualites\/apres-une-premiere-mi-temps-desastreuse-las-eupen-a-perdu-son-match-de-coupe-chez-le-royal-antwerp-fc-3-1\/#breadcrumb\"},\"inLanguage\":\"fr-BE\",\"potentialAction\":[{\"@type\":\"ReadAction\",\"target\":[\"https:\/\/vieassociative.be\/actualites\/apres-une-premiere-mi-temps-desastreuse-las-eupen-a-perdu-son-match-de-coupe-chez-le-royal-antwerp-fc-3-1\/\"]}]},{\"@type\":\"ImageObject\",\"inLanguage\":\"fr-BE\",\"@id\":\"https:\/\/vieassociative.be\/actualites\/apres-une-premiere-mi-temps-desastreuse-las-eupen-a-perdu-son-match-de-coupe-chez-le-royal-antwerp-fc-3-1\/#primaryimage\",\"url\":\"https:\/\/vieassociative.be\/actualites\/wp-content\/uploads\/2025\/10\/Apres-une-premiere-mi-temps-desastreuse-lAS-Eupen-a-perdu-son.jpg\",\"contentUrl\":\"https:\/\/vieassociative.be\/actualites\/wp-content\/uploads\/2025\/10\/Apres-une-premiere-mi-temps-desastreuse-lAS-Eupen-a-perdu-son.jpg\",\"width\":1200,\"height\":800,\"caption\":\"Apr\u00e8s une premi\u00e8re mi-temps d\u00e9sastreuse, l'AS Eupen a perdu son match de coupe chez le Royal Antwerp FC 3-1\"},{\"@type\":\"BreadcrumbList\",\"@id\":\"https:\/\/vieassociative.be\/actualites\/apres-une-premiere-mi-temps-desastreuse-las-eupen-a-perdu-son-match-de-coupe-chez-le-royal-antwerp-fc-3-1\/#breadcrumb\",\"itemListElement\":[{\"@type\":\"ListItem\",\"position\":1,\"name\":\"Accueil\",\"item\":\"https:\/\/vieassociative.be\/actualites\/\"},{\"@type\":\"ListItem\",\"position\":2,\"name\":\"Apr\u00e8s une premi\u00e8re mi-temps d\u00e9sastreuse, l&rsquo;AS Eupen a perdu son match de coupe chez le Royal Antwerp FC 3-1\"}]},{\"@type\":\"WebSite\",\"@id\":\"https:\/\/vieassociative.be\/actualites\/#website\",\"url\":\"https:\/\/vieassociative.be\/actualites\/\",\"name\":\"Vie Associative\",\"description\":\"\",\"publisher\":{\"@id\":\"https:\/\/vieassociative.be\/actualites\/#organization\"},\"potentialAction\":[{\"@type\":\"SearchAction\",\"target\":{\"@type\":\"EntryPoint\",\"urlTemplate\":\"https:\/\/vieassociative.be\/actualites\/?s={search_term_string}\"},\"query-input\":{\"@type\":\"PropertyValueSpecification\",\"valueRequired\":true,\"valueName\":\"search_term_string\"}}],\"inLanguage\":\"fr-BE\"},{\"@type\":\"Organization\",\"@id\":\"https:\/\/vieassociative.be\/actualites\/#organization\",\"name\":\"Vie Associative\",\"url\":\"https:\/\/vieassociative.be\/actualites\/\",\"logo\":{\"@type\":\"ImageObject\",\"inLanguage\":\"fr-BE\",\"@id\":\"https:\/\/vieassociative.be\/actualites\/#\/schema\/logo\/image\/\",\"url\":\"https:\/\/vieassociative.be\/actualites\/wp-content\/uploads\/2024\/09\/cropped-vieassociative_favicon.ico.png\",\"contentUrl\":\"https:\/\/vieassociative.be\/actualites\/wp-content\/uploads\/2024\/09\/cropped-vieassociative_favicon.ico.png\",\"width\":512,\"height\":512,\"caption\":\"Vie Associative\"},\"image\":{\"@id\":\"https:\/\/vieassociative.be\/actualites\/#\/schema\/logo\/image\/\"}},{\"@type\":\"Person\",\"@id\":\"https:\/\/vieassociative.be\/actualites\/#\/schema\/person\/b87ac4f82f9d4e7b7cec7395b679edc4\",\"name\":\"Julien\",\"image\":{\"@type\":\"ImageObject\",\"inLanguage\":\"fr-BE\",\"@id\":\"https:\/\/vieassociative.be\/actualites\/#\/schema\/person\/image\/\",\"url\":\"https:\/\/vieassociative.be\/actualites\/wp-content\/uploads\/2024\/09\/vie-associative-1-150x150.jpg\",\"contentUrl\":\"https:\/\/vieassociative.be\/actualites\/wp-content\/uploads\/2024\/09\/vie-associative-1-150x150.jpg\",\"caption\":\"Julien\"},\"description\":\"Je suis Julien, r\u00e9dacteur pour Vie Associative. Passionn\u00e9 par le monde associatif depuis plus de 10 ans, j'ai \u00e0 c\u0153ur de partager des histoires inspirantes et de mettre en lumi\u00e8re les initiatives locales. Mon objectif est de sensibiliser et d'encourager l'engagement communautaire \u00e0 travers mes articles.\",\"sameAs\":[\"https:\/\/vieassociative.be\/\"]}]}<\/script>\n<!-- \/ Yoast SEO plugin. -->","yoast_head_json":{"title":"Apr\u00e8s une premi\u00e8re mi-temps d\u00e9sastreuse, l'AS Eupen a perdu son match de coupe chez le Royal Antwerp FC 3-1 | Vie Associative","robots":{"index":"index","follow":"follow","max-snippet":"max-snippet:-1","max-image-preview":"max-image-preview:large","max-video-preview":"max-video-preview:-1"},"canonical":"https:\/\/vieassociative.be\/actualites\/apres-une-premiere-mi-temps-desastreuse-las-eupen-a-perdu-son-match-de-coupe-chez-le-royal-antwerp-fc-3-1\/","og_locale":"fr_FR","og_type":"article","og_title":"Apr\u00e8s une premi\u00e8re mi-temps d\u00e9sastreuse, l'AS Eupen a perdu son match de coupe chez le Royal Antwerp FC 3-1 | Vie Associative","og_description":"L&rsquo;AS Eupen a \u00e9t\u00e9 \u00e9limin\u00e9e de la coupe nationale. Les Noirs et Blancs ont perdu 3-1 contre le Royal Antwerp FC \u00e0 Anvers mercredi. Apr\u00e8s","og_url":"https:\/\/vieassociative.be\/actualites\/apres-une-premiere-mi-temps-desastreuse-las-eupen-a-perdu-son-match-de-coupe-chez-le-royal-antwerp-fc-3-1\/","og_site_name":"Vie Associative","article_published_time":"2025-10-30T02:17:01+00:00","og_image":[{"width":279,"height":92,"url":"https:\/\/vieassociative.be\/actualites\/wp-content\/uploads\/2024\/09\/header_backgroundk-01-e1726694325946.png","type":"image\/png"}],"author":"Julien","twitter_card":"summary_large_image","twitter_misc":{"\u00c9crit par":"Julien","Dur\u00e9e de lecture est.":"3 minutes"},"schema":{"@context":"https:\/\/schema.org","@graph":[{"@type":"Article","@id":"https:\/\/vieassociative.be\/actualites\/apres-une-premiere-mi-temps-desastreuse-las-eupen-a-perdu-son-match-de-coupe-chez-le-royal-antwerp-fc-3-1\/#article","isPartOf":{"@id":"https:\/\/vieassociative.be\/actualites\/apres-une-premiere-mi-temps-desastreuse-las-eupen-a-perdu-son-match-de-coupe-chez-le-royal-antwerp-fc-3-1\/"},"author":{"name":"Julien","@id":"https:\/\/vieassociative.be\/actualites\/#\/schema\/person\/b87ac4f82f9d4e7b7cec7395b679edc4"},"headline":"Apr\u00e8s une premi\u00e8re mi-temps d\u00e9sastreuse, l&rsquo;AS Eupen a perdu son match de coupe chez le Royal Antwerp FC 3-1","datePublished":"2025-10-30T02:17:01+00:00","dateModified":"2025-10-30T02:17:01+00:00","mainEntityOfPage":{"@id":"https:\/\/vieassociative.be\/actualites\/apres-une-premiere-mi-temps-desastreuse-las-eupen-a-perdu-son-match-de-coupe-chez-le-royal-antwerp-fc-3-1\/"},"wordCount":657,"publisher":{"@id":"https:\/\/vieassociative.be\/actualites\/#organization"},"image":{"@id":"https:\/\/vieassociative.be\/actualites\/apres-une-premiere-mi-temps-desastreuse-las-eupen-a-perdu-son-match-de-coupe-chez-le-royal-antwerp-fc-3-1\/#primaryimage"},"thumbnailUrl":"https:\/\/vieassociative.be\/actualites\/wp-content\/uploads\/2025\/10\/Apres-une-premiere-mi-temps-desastreuse-lAS-Eupen-a-perdu-son.jpg","keywords":["Antwerp","Apr\u00e8s","chez","Coupe","d\u00e9sastreuse","Eupen","lAS","match","mitemps","perdu","premi\u00e8re","Royal","son","une"],"articleSection":["Belgique"],"inLanguage":"fr-BE"},{"@type":"WebPage","@id":"https:\/\/vieassociative.be\/actualites\/apres-une-premiere-mi-temps-desastreuse-las-eupen-a-perdu-son-match-de-coupe-chez-le-royal-antwerp-fc-3-1\/","url":"https:\/\/vieassociative.be\/actualites\/apres-une-premiere-mi-temps-desastreuse-las-eupen-a-perdu-son-match-de-coupe-chez-le-royal-antwerp-fc-3-1\/","name":"Apr\u00e8s une premi\u00e8re mi-temps d\u00e9sastreuse, l'AS Eupen a perdu son match de coupe chez le Royal Antwerp FC 3-1 | Vie Associative","isPartOf":{"@id":"https:\/\/vieassociative.be\/actualites\/#website"},"primaryImageOfPage":{"@id":"https:\/\/vieassociative.be\/actualites\/apres-une-premiere-mi-temps-desastreuse-las-eupen-a-perdu-son-match-de-coupe-chez-le-royal-antwerp-fc-3-1\/#primaryimage"},"image":{"@id":"https:\/\/vieassociative.be\/actualites\/apres-une-premiere-mi-temps-desastreuse-las-eupen-a-perdu-son-match-de-coupe-chez-le-royal-antwerp-fc-3-1\/#primaryimage"},"thumbnailUrl":"https:\/\/vieassociative.be\/actualites\/wp-content\/uploads\/2025\/10\/Apres-une-premiere-mi-temps-desastreuse-lAS-Eupen-a-perdu-son.jpg","datePublished":"2025-10-30T02:17:01+00:00","dateModified":"2025-10-30T02:17:01+00:00","breadcrumb":{"@id":"https:\/\/vieassociative.be\/actualites\/apres-une-premiere-mi-temps-desastreuse-las-eupen-a-perdu-son-match-de-coupe-chez-le-royal-antwerp-fc-3-1\/#breadcrumb"},"inLanguage":"fr-BE","potentialAction":[{"@type":"ReadAction","target":["https:\/\/vieassociative.be\/actualites\/apres-une-premiere-mi-temps-desastreuse-las-eupen-a-perdu-son-match-de-coupe-chez-le-royal-antwerp-fc-3-1\/"]}]},{"@type":"ImageObject","inLanguage":"fr-BE","@id":"https:\/\/vieassociative.be\/actualites\/apres-une-premiere-mi-temps-desastreuse-las-eupen-a-perdu-son-match-de-coupe-chez-le-royal-antwerp-fc-3-1\/#primaryimage","url":"https:\/\/vieassociative.be\/actualites\/wp-content\/uploads\/2025\/10\/Apres-une-premiere-mi-temps-desastreuse-lAS-Eupen-a-perdu-son.jpg","contentUrl":"https:\/\/vieassociative.be\/actualites\/wp-content\/uploads\/2025\/10\/Apres-une-premiere-mi-temps-desastreuse-lAS-Eupen-a-perdu-son.jpg","width":1200,"height":800,"caption":"Apr\u00e8s une premi\u00e8re mi-temps d\u00e9sastreuse, l'AS Eupen a perdu son match de coupe chez le Royal Antwerp FC 3-1"},{"@type":"BreadcrumbList","@id":"https:\/\/vieassociative.be\/actualites\/apres-une-premiere-mi-temps-desastreuse-las-eupen-a-perdu-son-match-de-coupe-chez-le-royal-antwerp-fc-3-1\/#breadcrumb","itemListElement":[{"@type":"ListItem","position":1,"name":"Accueil","item":"https:\/\/vieassociative.be\/actualites\/"},{"@type":"ListItem","position":2,"name":"Apr\u00e8s une premi\u00e8re mi-temps d\u00e9sastreuse, l&rsquo;AS Eupen a perdu son match de coupe chez le Royal Antwerp FC 3-1"}]},{"@type":"WebSite","@id":"https:\/\/vieassociative.be\/actualites\/#website","url":"https:\/\/vieassociative.be\/actualites\/","name":"Vie Associative","description":"","publisher":{"@id":"https:\/\/vieassociative.be\/actualites\/#organization"},"potentialAction":[{"@type":"SearchAction","target":{"@type":"EntryPoint","urlTemplate":"https:\/\/vieassociative.be\/actualites\/?s={search_term_string}"},"query-input":{"@type":"PropertyValueSpecification","valueRequired":true,"valueName":"search_term_string"}}],"inLanguage":"fr-BE"},{"@type":"Organization","@id":"https:\/\/vieassociative.be\/actualites\/#organization","name":"Vie Associative","url":"https:\/\/vieassociative.be\/actualites\/","logo":{"@type":"ImageObject","inLanguage":"fr-BE","@id":"https:\/\/vieassociative.be\/actualites\/#\/schema\/logo\/image\/","url":"https:\/\/vieassociative.be\/actualites\/wp-content\/uploads\/2024\/09\/cropped-vieassociative_favicon.ico.png","contentUrl":"https:\/\/vieassociative.be\/actualites\/wp-content\/uploads\/2024\/09\/cropped-vieassociative_favicon.ico.png","width":512,"height":512,"caption":"Vie Associative"},"image":{"@id":"https:\/\/vieassociative.be\/actualites\/#\/schema\/logo\/image\/"}},{"@type":"Person","@id":"https:\/\/vieassociative.be\/actualites\/#\/schema\/person\/b87ac4f82f9d4e7b7cec7395b679edc4","name":"Julien","image":{"@type":"ImageObject","inLanguage":"fr-BE","@id":"https:\/\/vieassociative.be\/actualites\/#\/schema\/person\/image\/","url":"https:\/\/vieassociative.be\/actualites\/wp-content\/uploads\/2024\/09\/vie-associative-1-150x150.jpg","contentUrl":"https:\/\/vieassociative.be\/actualites\/wp-content\/uploads\/2024\/09\/vie-associative-1-150x150.jpg","caption":"Julien"},"description":"Je suis Julien, r\u00e9dacteur pour Vie Associative. Passionn\u00e9 par le monde associatif depuis plus de 10 ans, j'ai \u00e0 c\u0153ur de partager des histoires inspirantes et de mettre en lumi\u00e8re les initiatives locales. Mon objectif est de sensibiliser et d'encourager l'engagement communautaire \u00e0 travers mes articles.","sameAs":["https:\/\/vieassociative.be\/"]}]}},"_links":{"self":[{"href":"https:\/\/vieassociative.be\/actualites\/wp-json\/wp\/v2\/posts\/10989"}],"collection":[{"href":"https:\/\/vieassociative.be\/actualites\/wp-json\/wp\/v2\/posts"}],"about":[{"href":"https:\/\/vieassociative.be\/actualites\/wp-json\/wp\/v2\/types\/post"}],"author":[{"embeddable":true,"href":"https:\/\/vieassociative.be\/actualites\/wp-json\/wp\/v2\/users\/1"}],"replies":[{"embeddable":true,"href":"https:\/\/vieassociative.be\/actualites\/wp-json\/wp\/v2\/comments?post=10989"}],"version-history":[{"count":0,"href":"https:\/\/vieassociative.be\/actualites\/wp-json\/wp\/v2\/posts\/10989\/revisions"}],"wp:featuredmedia":[{"embeddable":true,"href":"https:\/\/vieassociative.be\/actualites\/wp-json\/wp\/v2\/media\/10990"}],"wp:attachment":[{"href":"https:\/\/vieassociative.be\/actualites\/wp-json\/wp\/v2\/media?parent=10989"}],"wp:term":[{"taxonomy":"category","embeddable":true,"href":"https:\/\/vieassociative.be\/actualites\/wp-json\/wp\/v2\/categories?post=10989"},{"taxonomy":"post_tag","embeddable":true,"href":"https:\/\/vieassociative.be\/actualites\/wp-json\/wp\/v2\/tags?post=10989"}],"curies":[{"name":"wp","href":"https:\/\/api.w.org\/{rel}","templated":true}]}}