{"id":10984,"date":"2025-10-29T21:17:47","date_gmt":"2025-10-29T20:17:47","guid":{"rendered":"https:\/\/vieassociative.be\/actualites\/la-surprenante-volte-face-du-milliardaire-bill-gates-le-changement-climatique-nest-plus-notre-plus-gros-probleme\/"},"modified":"2025-10-29T21:17:47","modified_gmt":"2025-10-29T20:17:47","slug":"la-surprenante-volte-face-du-milliardaire-bill-gates-le-changement-climatique-nest-plus-notre-plus-gros-probleme","status":"publish","type":"post","link":"https:\/\/vieassociative.be\/actualites\/la-surprenante-volte-face-du-milliardaire-bill-gates-le-changement-climatique-nest-plus-notre-plus-gros-probleme\/","title":{"rendered":"La surprenante volte-face du milliardaire Bill Gates : \u00ab\u00a0Le changement climatique n&rsquo;est plus notre plus gros probl\u00e8me\u00a0\u00bb"},"content":{"rendered":"<p><strong>Selon Bill Gates, les plus grandes menaces qui p\u00e8sent sur notre plan\u00e8te ne sont plus le r\u00e9chauffement climatique, mais la faim et les maladies. Le philanthrope estime que les sc\u00e9narios climatiques apocalyptiques peuvent d\u00e9sormais \u00eatre mis de c\u00f4t\u00e9 alors que les \u00e9missions de CO2 diminuent gr\u00e2ce aux mesures prises partout dans le monde. Une d\u00e9claration inattendue peu avant la conf\u00e9rence sur le climat au Br\u00e9sil.<\/strong><\/p>\n<p><span id=\"more-428365\"><\/span>Le extr\u00eamement riche fondateur de Microsoft milite depuis des ann\u00e9es pour la protection du climat. Avec sa fondation, il a investi des milliards dans des innovations destin\u00e9es \u00e0 stopper le r\u00e9chauffement climatique. Il est \u00e9galement l\u2019auteur du livre \u00e0 succ\u00e8s \u00ab Comment nous pouvons \u00e9viter une catastrophe climatique \u00bb.<\/p>\n<p>Mais aujourd&rsquo;hui, \u00e0 70 ans, Bill Gates semble avoir chang\u00e9 d&rsquo;avis, comme le montre son essai publi\u00e9 lundi intitul\u00e9 \u00ab Trois v\u00e9rit\u00e9s difficiles sur le changement climatique \u00bb. \u00ab Le changement climatique est grave, mais il ne signifie pas la fin de notre civilisation \u00bb, \u00e9crit l\u2019auteur dans ce texte dense dont le titre est bas\u00e9 sur le c\u00e9l\u00e8bre film d\u2019Al Gore \u00ab Une v\u00e9rit\u00e9 qui d\u00e9range \u00bb.<\/p>\n<div id=\"attachment_368955\" class=\"wp-caption alignleft\" style=\"max-width: 300px\"><img fetchpriority=\"high\" decoding=\"async\" class=\"wp-image-368955 size-medium\" src=\"https:\/\/vieassociative.be\/actualites\/wp-content\/uploads\/2025\/10\/La-surprenante-volte-face-du-milliardaire-Bill-Gates-Le-changement.jpg\" alt=\"\" width=\"300\" height=\"200\"><\/div>\n<p>Bill Gates souligne les nombreuses mesures d\u00e9j\u00e0 prises pour r\u00e9duire les \u00e9missions et les progr\u00e8s rapides des technologies propres. Il estime que ces mesures pourraient contribuer \u00e0 \u00ab limiter \u00bb le r\u00e9chauffement \u00e0 environ 3 degr\u00e9s Celsius d\u2019ici la fin du si\u00e8cle. Et si les pays respectent leurs engagements, cette hausse pourrait \u00eatre encore revue \u00e0 la baisse.<\/p>\n<p>M\u00eame si les engagements pris par la communaut\u00e9 internationale sugg\u00e8rent une r\u00e9duction des \u00e9missions mondiales de gaz \u00e0 effet de serre d\u2019environ 10 % d\u2019ici 2035, les scientifiques consid\u00e8rent que cela est totalement insuffisant. Selon le GIEC, les \u00e9missions mondiales devraient \u00eatre r\u00e9duites de 50 % par rapport aux niveaux de 2019 d\u2019ici 2030 pour limiter le r\u00e9chauffement climatique \u00e0 1,5 degr\u00e9 Celsius au-dessus des niveaux pr\u00e9industriels. Un objectif qui, selon le secr\u00e9taire g\u00e9n\u00e9ral de l\u2019ONU, Antonio Guterres, est d\u00e9j\u00e0 consid\u00e9r\u00e9 comme inaccessible.<\/p>\n<p>Les 3 degr\u00e9s Celsius \u00e9voqu\u00e9s par le milliardaire am\u00e9ricain entra\u00eeneraient in\u00e9vitablement la disparition de la Terre telle que nous la connaissons. Sur une plan\u00e8te \u00ab seulement \u00bb 2,8 % plus chaude, le niveau de la mer augmenterait de pr\u00e8s d\u2019un m\u00e8tre. De nombreuses villes c\u00f4ti\u00e8res dispara\u00eetraient tandis que des r\u00e9gions comme le Val de Loire pourraient devenir des d\u00e9serts.<\/p>\n<p>Bill Gates, dont la fortune s&rsquo;\u00e9l\u00e8ve \u00e0 106 milliards de dollars (91 milliards d&rsquo;euros), rejette ces visions apocalyptiques. \u00ab Il existe un sc\u00e9nario catastrophe li\u00e9 au climat qui pr\u00e9tend que le changement climatique d\u00e9truira notre civilisation avec des vagues de chaleur et des temp\u00eates d\u2019ici quelques d\u00e9cennies\u2026 Heureusement pour nous tous, ce sc\u00e9nario est faux. \u00bb<\/p>\n<div id=\"attachment_428371\" class=\"wp-caption alignleft\" style=\"max-width: 300px\"><img decoding=\"async\" class=\"wp-image-428371 size-medium\" src=\"https:\/\/vieassociative.be\/actualites\/wp-content\/uploads\/2025\/10\/1761769067_937_La-surprenante-volte-face-du-milliardaire-Bill-Gates-Le-changement.jpg\" alt=\"\" width=\"300\" height=\"200\"><\/div>\n<p>Selon le philanthrope am\u00e9ricain, m\u00eame si le r\u00e9chauffement climatique frappe durement les habitants des pays les plus pauvres, son impact sur la majorit\u00e9 de la population mondiale reste relativement limit\u00e9. \u00ab La plupart des gens vivront et prosp\u00e9reront dans un avenir proche. \u00bb Pour lui, le changement climatique n\u2019est plus le probl\u00e8me le plus urgent. \u00ab\u00a0C&rsquo;est toujours la pauvret\u00e9 et la maladie. Nous devons donner la priorit\u00e9 aux probl\u00e8mes en fonction des souffrances qu&rsquo;ils provoquent.\u00a0\u00bb<\/p>\n<p>La conf\u00e9rence mondiale sur le climat COP30 d\u00e9bute le 6 novembre \u00e0 Bel\u00e9m, au Br\u00e9sil. Le milliardaire appelle la communaut\u00e9 internationale \u00e0 repenser ses priorit\u00e9s. \u00ab M\u00eame si nous devons continuer \u00e0 investir dans des innovations qui conduisent \u00e0 z\u00e9ro \u00e9mission, cela ne peut pas se faire au d\u00e9triment de la sant\u00e9 et du d\u00e9veloppement. \u00bb<\/p>\n<p>Pour Bill Gates, la sant\u00e9 et la richesse sont les meilleurs m\u00e9canismes de d\u00e9fense contre le changement climatique : \u00ab Si les pays les plus pauvres atteignent leurs objectifs \u00e9conomiques pr\u00e9vus pour ce si\u00e8cle, le nombre de d\u00e9c\u00e8s li\u00e9s au climat pourrait \u00eatre r\u00e9duit de moiti\u00e9. \u00bb Selon lui, la malnutrition et des maladies comme le VIH, le paludisme et la tuberculose font plus de victimes dans les pays en d\u00e9veloppement que le changement climatique. Il pr\u00f4ne donc un financement accru des vaccins pour les pays pauvres. Et dans un monde qui se r\u00e9chauffe, les vaccins deviendront encore plus importants, souligne le fondateur de Microsoft : \u00ab Les enfants qui ne souffrent pas de rougeole ou de coqueluche ont de meilleures chances de survie en cas de canicule. \u00bb<\/p>\n<p>Bill Gates est conscient que son message suscitera des critiques. \u00ab Certains militants \u00e9cologistes ne seront pas d\u2019accord avec moi et me traiteront d\u2019hypocrite. \u00bb Cependant, il maintient que l&rsquo;accent doit \u00eatre mis sur le bien-\u00eatre des personnes et pas seulement sur la r\u00e9duction des \u00e9missions de CO2. \u00ab C\u2019est le meilleur moyen de permettre \u00e0 chaque personne de vivre une vie saine et productive, quel que soit l\u2019endroit ou le climat dans lequel elle est n\u00e9e. \u00bb (cr\u00e9er)<\/p>\n","protected":false},"excerpt":{"rendered":"<p>Selon Bill Gates, les plus grandes menaces qui p\u00e8sent sur notre plan\u00e8te ne sont plus le r\u00e9chauffement climatique, mais la faim et les maladies. Le<\/p>\n","protected":false},"author":1,"featured_media":10985,"comment_status":"","ping_status":"","sticky":false,"template":"","format":"standard","meta":{"footnotes":""},"categories":[298],"tags":[9080,2590,5242,9081,3696,6389,1082,609,4610,9078,9079],"class_list":["post-10984","post","type-post","status-publish","format-standard","has-post-thumbnail","hentry","category-belgique","tag-bill","tag-changement","tag-climatique","tag-gates","tag-gros","tag-milliardaire","tag-nest","tag-notre","tag-probleme","tag-surprenante","tag-volteface","generate-columns","tablet-grid-50","mobile-grid-100","grid-parent","grid-33"],"yoast_head":"<!-- This site is optimized with the Yoast SEO plugin v24.0 - https:\/\/yoast.com\/wordpress\/plugins\/seo\/ -->\n<title>La surprenante volte-face du milliardaire Bill Gates : &quot;Le changement climatique n&#039;est plus notre plus gros probl\u00e8me&quot; | Vie Associative<\/title>\n<meta name=\"robots\" content=\"index, follow, max-snippet:-1, max-image-preview:large, max-video-preview:-1\" \/>\n<link rel=\"canonical\" href=\"https:\/\/vieassociative.be\/actualites\/la-surprenante-volte-face-du-milliardaire-bill-gates-le-changement-climatique-nest-plus-notre-plus-gros-probleme\/\" \/>\n<meta property=\"og:locale\" content=\"fr_FR\" \/>\n<meta property=\"og:type\" content=\"article\" \/>\n<meta property=\"og:title\" content=\"La surprenante volte-face du milliardaire Bill Gates : &quot;Le changement climatique n&#039;est plus notre plus gros probl\u00e8me&quot; | Vie Associative\" \/>\n<meta property=\"og:description\" content=\"Selon Bill Gates, les plus grandes menaces qui p\u00e8sent sur notre plan\u00e8te ne sont plus le r\u00e9chauffement climatique, mais la faim et les maladies. Le\" \/>\n<meta property=\"og:url\" content=\"https:\/\/vieassociative.be\/actualites\/la-surprenante-volte-face-du-milliardaire-bill-gates-le-changement-climatique-nest-plus-notre-plus-gros-probleme\/\" \/>\n<meta property=\"og:site_name\" content=\"Vie Associative\" \/>\n<meta property=\"article:published_time\" content=\"2025-10-29T20:17:47+00:00\" \/>\n<meta property=\"og:image\" content=\"https:\/\/vieassociative.be\/actualites\/wp-content\/uploads\/2024\/09\/header_backgroundk-01-e1726694325946.png\" \/>\n\t<meta property=\"og:image:width\" content=\"279\" \/>\n\t<meta property=\"og:image:height\" content=\"92\" \/>\n\t<meta property=\"og:image:type\" content=\"image\/png\" \/>\n<meta name=\"author\" content=\"Julien\" \/>\n<meta name=\"twitter:card\" content=\"summary_large_image\" \/>\n<meta name=\"twitter:label1\" content=\"\u00c9crit par\" \/>\n\t<meta name=\"twitter:data1\" content=\"Julien\" \/>\n\t<meta name=\"twitter:label2\" content=\"Dur\u00e9e de lecture est.\" \/>\n\t<meta name=\"twitter:data2\" content=\"4 minutes\" \/>\n<script type=\"application\/ld+json\" class=\"yoast-schema-graph\">{\"@context\":\"https:\/\/schema.org\",\"@graph\":[{\"@type\":\"Article\",\"@id\":\"https:\/\/vieassociative.be\/actualites\/la-surprenante-volte-face-du-milliardaire-bill-gates-le-changement-climatique-nest-plus-notre-plus-gros-probleme\/#article\",\"isPartOf\":{\"@id\":\"https:\/\/vieassociative.be\/actualites\/la-surprenante-volte-face-du-milliardaire-bill-gates-le-changement-climatique-nest-plus-notre-plus-gros-probleme\/\"},\"author\":{\"name\":\"Julien\",\"@id\":\"https:\/\/vieassociative.be\/actualites\/#\/schema\/person\/b87ac4f82f9d4e7b7cec7395b679edc4\"},\"headline\":\"La surprenante volte-face du milliardaire Bill Gates : \u00ab\u00a0Le changement climatique n&rsquo;est plus notre plus gros probl\u00e8me\u00a0\u00bb\",\"datePublished\":\"2025-10-29T20:17:47+00:00\",\"dateModified\":\"2025-10-29T20:17:47+00:00\",\"mainEntityOfPage\":{\"@id\":\"https:\/\/vieassociative.be\/actualites\/la-surprenante-volte-face-du-milliardaire-bill-gates-le-changement-climatique-nest-plus-notre-plus-gros-probleme\/\"},\"wordCount\":848,\"publisher\":{\"@id\":\"https:\/\/vieassociative.be\/actualites\/#organization\"},\"image\":{\"@id\":\"https:\/\/vieassociative.be\/actualites\/la-surprenante-volte-face-du-milliardaire-bill-gates-le-changement-climatique-nest-plus-notre-plus-gros-probleme\/#primaryimage\"},\"thumbnailUrl\":\"https:\/\/vieassociative.be\/actualites\/wp-content\/uploads\/2025\/10\/1761769068_La-surprenante-volte-face-du-milliardaire-Bill-Gates-Le-changement.jpg\",\"keywords\":[\"Bill\",\"Changement\",\"climatique\",\"Gates\",\"gros\",\"milliardaire\",\"nest\",\"notre\",\"probl\u00e8me\",\"surprenante\",\"volteface\"],\"articleSection\":[\"Belgique\"],\"inLanguage\":\"fr-BE\"},{\"@type\":\"WebPage\",\"@id\":\"https:\/\/vieassociative.be\/actualites\/la-surprenante-volte-face-du-milliardaire-bill-gates-le-changement-climatique-nest-plus-notre-plus-gros-probleme\/\",\"url\":\"https:\/\/vieassociative.be\/actualites\/la-surprenante-volte-face-du-milliardaire-bill-gates-le-changement-climatique-nest-plus-notre-plus-gros-probleme\/\",\"name\":\"La surprenante volte-face du milliardaire Bill Gates : \\\"Le changement climatique n'est plus notre plus gros probl\u00e8me\\\" | Vie Associative\",\"isPartOf\":{\"@id\":\"https:\/\/vieassociative.be\/actualites\/#website\"},\"primaryImageOfPage\":{\"@id\":\"https:\/\/vieassociative.be\/actualites\/la-surprenante-volte-face-du-milliardaire-bill-gates-le-changement-climatique-nest-plus-notre-plus-gros-probleme\/#primaryimage\"},\"image\":{\"@id\":\"https:\/\/vieassociative.be\/actualites\/la-surprenante-volte-face-du-milliardaire-bill-gates-le-changement-climatique-nest-plus-notre-plus-gros-probleme\/#primaryimage\"},\"thumbnailUrl\":\"https:\/\/vieassociative.be\/actualites\/wp-content\/uploads\/2025\/10\/1761769068_La-surprenante-volte-face-du-milliardaire-Bill-Gates-Le-changement.jpg\",\"datePublished\":\"2025-10-29T20:17:47+00:00\",\"dateModified\":\"2025-10-29T20:17:47+00:00\",\"breadcrumb\":{\"@id\":\"https:\/\/vieassociative.be\/actualites\/la-surprenante-volte-face-du-milliardaire-bill-gates-le-changement-climatique-nest-plus-notre-plus-gros-probleme\/#breadcrumb\"},\"inLanguage\":\"fr-BE\",\"potentialAction\":[{\"@type\":\"ReadAction\",\"target\":[\"https:\/\/vieassociative.be\/actualites\/la-surprenante-volte-face-du-milliardaire-bill-gates-le-changement-climatique-nest-plus-notre-plus-gros-probleme\/\"]}]},{\"@type\":\"ImageObject\",\"inLanguage\":\"fr-BE\",\"@id\":\"https:\/\/vieassociative.be\/actualites\/la-surprenante-volte-face-du-milliardaire-bill-gates-le-changement-climatique-nest-plus-notre-plus-gros-probleme\/#primaryimage\",\"url\":\"https:\/\/vieassociative.be\/actualites\/wp-content\/uploads\/2025\/10\/1761769068_La-surprenante-volte-face-du-milliardaire-Bill-Gates-Le-changement.jpg\",\"contentUrl\":\"https:\/\/vieassociative.be\/actualites\/wp-content\/uploads\/2025\/10\/1761769068_La-surprenante-volte-face-du-milliardaire-Bill-Gates-Le-changement.jpg\",\"width\":1200,\"height\":800,\"caption\":\"La surprenante volte-face du milliardaire Bill Gates : \\\"Le changement climatique n'est plus notre plus gros probl\u00e8me\\\"\"},{\"@type\":\"BreadcrumbList\",\"@id\":\"https:\/\/vieassociative.be\/actualites\/la-surprenante-volte-face-du-milliardaire-bill-gates-le-changement-climatique-nest-plus-notre-plus-gros-probleme\/#breadcrumb\",\"itemListElement\":[{\"@type\":\"ListItem\",\"position\":1,\"name\":\"Accueil\",\"item\":\"https:\/\/vieassociative.be\/actualites\/\"},{\"@type\":\"ListItem\",\"position\":2,\"name\":\"La surprenante volte-face du milliardaire Bill Gates : \u00ab\u00a0Le changement climatique n&rsquo;est plus notre plus gros probl\u00e8me\u00a0\u00bb\"}]},{\"@type\":\"WebSite\",\"@id\":\"https:\/\/vieassociative.be\/actualites\/#website\",\"url\":\"https:\/\/vieassociative.be\/actualites\/\",\"name\":\"Vie Associative\",\"description\":\"\",\"publisher\":{\"@id\":\"https:\/\/vieassociative.be\/actualites\/#organization\"},\"potentialAction\":[{\"@type\":\"SearchAction\",\"target\":{\"@type\":\"EntryPoint\",\"urlTemplate\":\"https:\/\/vieassociative.be\/actualites\/?s={search_term_string}\"},\"query-input\":{\"@type\":\"PropertyValueSpecification\",\"valueRequired\":true,\"valueName\":\"search_term_string\"}}],\"inLanguage\":\"fr-BE\"},{\"@type\":\"Organization\",\"@id\":\"https:\/\/vieassociative.be\/actualites\/#organization\",\"name\":\"Vie Associative\",\"url\":\"https:\/\/vieassociative.be\/actualites\/\",\"logo\":{\"@type\":\"ImageObject\",\"inLanguage\":\"fr-BE\",\"@id\":\"https:\/\/vieassociative.be\/actualites\/#\/schema\/logo\/image\/\",\"url\":\"https:\/\/vieassociative.be\/actualites\/wp-content\/uploads\/2024\/09\/cropped-vieassociative_favicon.ico.png\",\"contentUrl\":\"https:\/\/vieassociative.be\/actualites\/wp-content\/uploads\/2024\/09\/cropped-vieassociative_favicon.ico.png\",\"width\":512,\"height\":512,\"caption\":\"Vie Associative\"},\"image\":{\"@id\":\"https:\/\/vieassociative.be\/actualites\/#\/schema\/logo\/image\/\"}},{\"@type\":\"Person\",\"@id\":\"https:\/\/vieassociative.be\/actualites\/#\/schema\/person\/b87ac4f82f9d4e7b7cec7395b679edc4\",\"name\":\"Julien\",\"image\":{\"@type\":\"ImageObject\",\"inLanguage\":\"fr-BE\",\"@id\":\"https:\/\/vieassociative.be\/actualites\/#\/schema\/person\/image\/\",\"url\":\"https:\/\/vieassociative.be\/actualites\/wp-content\/uploads\/2024\/09\/vie-associative-1-150x150.jpg\",\"contentUrl\":\"https:\/\/vieassociative.be\/actualites\/wp-content\/uploads\/2024\/09\/vie-associative-1-150x150.jpg\",\"caption\":\"Julien\"},\"description\":\"Je suis Julien, r\u00e9dacteur pour Vie Associative. Passionn\u00e9 par le monde associatif depuis plus de 10 ans, j'ai \u00e0 c\u0153ur de partager des histoires inspirantes et de mettre en lumi\u00e8re les initiatives locales. Mon objectif est de sensibiliser et d'encourager l'engagement communautaire \u00e0 travers mes articles.\",\"sameAs\":[\"https:\/\/vieassociative.be\/\"]}]}<\/script>\n<!-- \/ Yoast SEO plugin. -->","yoast_head_json":{"title":"La surprenante volte-face du milliardaire Bill Gates : \"Le changement climatique n'est plus notre plus gros probl\u00e8me\" | Vie Associative","robots":{"index":"index","follow":"follow","max-snippet":"max-snippet:-1","max-image-preview":"max-image-preview:large","max-video-preview":"max-video-preview:-1"},"canonical":"https:\/\/vieassociative.be\/actualites\/la-surprenante-volte-face-du-milliardaire-bill-gates-le-changement-climatique-nest-plus-notre-plus-gros-probleme\/","og_locale":"fr_FR","og_type":"article","og_title":"La surprenante volte-face du milliardaire Bill Gates : \"Le changement climatique n'est plus notre plus gros probl\u00e8me\" | Vie Associative","og_description":"Selon Bill Gates, les plus grandes menaces qui p\u00e8sent sur notre plan\u00e8te ne sont plus le r\u00e9chauffement climatique, mais la faim et les maladies. Le","og_url":"https:\/\/vieassociative.be\/actualites\/la-surprenante-volte-face-du-milliardaire-bill-gates-le-changement-climatique-nest-plus-notre-plus-gros-probleme\/","og_site_name":"Vie Associative","article_published_time":"2025-10-29T20:17:47+00:00","og_image":[{"width":279,"height":92,"url":"https:\/\/vieassociative.be\/actualites\/wp-content\/uploads\/2024\/09\/header_backgroundk-01-e1726694325946.png","type":"image\/png"}],"author":"Julien","twitter_card":"summary_large_image","twitter_misc":{"\u00c9crit par":"Julien","Dur\u00e9e de lecture est.":"4 minutes"},"schema":{"@context":"https:\/\/schema.org","@graph":[{"@type":"Article","@id":"https:\/\/vieassociative.be\/actualites\/la-surprenante-volte-face-du-milliardaire-bill-gates-le-changement-climatique-nest-plus-notre-plus-gros-probleme\/#article","isPartOf":{"@id":"https:\/\/vieassociative.be\/actualites\/la-surprenante-volte-face-du-milliardaire-bill-gates-le-changement-climatique-nest-plus-notre-plus-gros-probleme\/"},"author":{"name":"Julien","@id":"https:\/\/vieassociative.be\/actualites\/#\/schema\/person\/b87ac4f82f9d4e7b7cec7395b679edc4"},"headline":"La surprenante volte-face du milliardaire Bill Gates : \u00ab\u00a0Le changement climatique n&rsquo;est plus notre plus gros probl\u00e8me\u00a0\u00bb","datePublished":"2025-10-29T20:17:47+00:00","dateModified":"2025-10-29T20:17:47+00:00","mainEntityOfPage":{"@id":"https:\/\/vieassociative.be\/actualites\/la-surprenante-volte-face-du-milliardaire-bill-gates-le-changement-climatique-nest-plus-notre-plus-gros-probleme\/"},"wordCount":848,"publisher":{"@id":"https:\/\/vieassociative.be\/actualites\/#organization"},"image":{"@id":"https:\/\/vieassociative.be\/actualites\/la-surprenante-volte-face-du-milliardaire-bill-gates-le-changement-climatique-nest-plus-notre-plus-gros-probleme\/#primaryimage"},"thumbnailUrl":"https:\/\/vieassociative.be\/actualites\/wp-content\/uploads\/2025\/10\/1761769068_La-surprenante-volte-face-du-milliardaire-Bill-Gates-Le-changement.jpg","keywords":["Bill","Changement","climatique","Gates","gros","milliardaire","nest","notre","probl\u00e8me","surprenante","volteface"],"articleSection":["Belgique"],"inLanguage":"fr-BE"},{"@type":"WebPage","@id":"https:\/\/vieassociative.be\/actualites\/la-surprenante-volte-face-du-milliardaire-bill-gates-le-changement-climatique-nest-plus-notre-plus-gros-probleme\/","url":"https:\/\/vieassociative.be\/actualites\/la-surprenante-volte-face-du-milliardaire-bill-gates-le-changement-climatique-nest-plus-notre-plus-gros-probleme\/","name":"La surprenante volte-face du milliardaire Bill Gates : \"Le changement climatique n'est plus notre plus gros probl\u00e8me\" | Vie Associative","isPartOf":{"@id":"https:\/\/vieassociative.be\/actualites\/#website"},"primaryImageOfPage":{"@id":"https:\/\/vieassociative.be\/actualites\/la-surprenante-volte-face-du-milliardaire-bill-gates-le-changement-climatique-nest-plus-notre-plus-gros-probleme\/#primaryimage"},"image":{"@id":"https:\/\/vieassociative.be\/actualites\/la-surprenante-volte-face-du-milliardaire-bill-gates-le-changement-climatique-nest-plus-notre-plus-gros-probleme\/#primaryimage"},"thumbnailUrl":"https:\/\/vieassociative.be\/actualites\/wp-content\/uploads\/2025\/10\/1761769068_La-surprenante-volte-face-du-milliardaire-Bill-Gates-Le-changement.jpg","datePublished":"2025-10-29T20:17:47+00:00","dateModified":"2025-10-29T20:17:47+00:00","breadcrumb":{"@id":"https:\/\/vieassociative.be\/actualites\/la-surprenante-volte-face-du-milliardaire-bill-gates-le-changement-climatique-nest-plus-notre-plus-gros-probleme\/#breadcrumb"},"inLanguage":"fr-BE","potentialAction":[{"@type":"ReadAction","target":["https:\/\/vieassociative.be\/actualites\/la-surprenante-volte-face-du-milliardaire-bill-gates-le-changement-climatique-nest-plus-notre-plus-gros-probleme\/"]}]},{"@type":"ImageObject","inLanguage":"fr-BE","@id":"https:\/\/vieassociative.be\/actualites\/la-surprenante-volte-face-du-milliardaire-bill-gates-le-changement-climatique-nest-plus-notre-plus-gros-probleme\/#primaryimage","url":"https:\/\/vieassociative.be\/actualites\/wp-content\/uploads\/2025\/10\/1761769068_La-surprenante-volte-face-du-milliardaire-Bill-Gates-Le-changement.jpg","contentUrl":"https:\/\/vieassociative.be\/actualites\/wp-content\/uploads\/2025\/10\/1761769068_La-surprenante-volte-face-du-milliardaire-Bill-Gates-Le-changement.jpg","width":1200,"height":800,"caption":"La surprenante volte-face du milliardaire Bill Gates : \"Le changement climatique n'est plus notre plus gros probl\u00e8me\""},{"@type":"BreadcrumbList","@id":"https:\/\/vieassociative.be\/actualites\/la-surprenante-volte-face-du-milliardaire-bill-gates-le-changement-climatique-nest-plus-notre-plus-gros-probleme\/#breadcrumb","itemListElement":[{"@type":"ListItem","position":1,"name":"Accueil","item":"https:\/\/vieassociative.be\/actualites\/"},{"@type":"ListItem","position":2,"name":"La surprenante volte-face du milliardaire Bill Gates : \u00ab\u00a0Le changement climatique n&rsquo;est plus notre plus gros probl\u00e8me\u00a0\u00bb"}]},{"@type":"WebSite","@id":"https:\/\/vieassociative.be\/actualites\/#website","url":"https:\/\/vieassociative.be\/actualites\/","name":"Vie Associative","description":"","publisher":{"@id":"https:\/\/vieassociative.be\/actualites\/#organization"},"potentialAction":[{"@type":"SearchAction","target":{"@type":"EntryPoint","urlTemplate":"https:\/\/vieassociative.be\/actualites\/?s={search_term_string}"},"query-input":{"@type":"PropertyValueSpecification","valueRequired":true,"valueName":"search_term_string"}}],"inLanguage":"fr-BE"},{"@type":"Organization","@id":"https:\/\/vieassociative.be\/actualites\/#organization","name":"Vie Associative","url":"https:\/\/vieassociative.be\/actualites\/","logo":{"@type":"ImageObject","inLanguage":"fr-BE","@id":"https:\/\/vieassociative.be\/actualites\/#\/schema\/logo\/image\/","url":"https:\/\/vieassociative.be\/actualites\/wp-content\/uploads\/2024\/09\/cropped-vieassociative_favicon.ico.png","contentUrl":"https:\/\/vieassociative.be\/actualites\/wp-content\/uploads\/2024\/09\/cropped-vieassociative_favicon.ico.png","width":512,"height":512,"caption":"Vie Associative"},"image":{"@id":"https:\/\/vieassociative.be\/actualites\/#\/schema\/logo\/image\/"}},{"@type":"Person","@id":"https:\/\/vieassociative.be\/actualites\/#\/schema\/person\/b87ac4f82f9d4e7b7cec7395b679edc4","name":"Julien","image":{"@type":"ImageObject","inLanguage":"fr-BE","@id":"https:\/\/vieassociative.be\/actualites\/#\/schema\/person\/image\/","url":"https:\/\/vieassociative.be\/actualites\/wp-content\/uploads\/2024\/09\/vie-associative-1-150x150.jpg","contentUrl":"https:\/\/vieassociative.be\/actualites\/wp-content\/uploads\/2024\/09\/vie-associative-1-150x150.jpg","caption":"Julien"},"description":"Je suis Julien, r\u00e9dacteur pour Vie Associative. Passionn\u00e9 par le monde associatif depuis plus de 10 ans, j'ai \u00e0 c\u0153ur de partager des histoires inspirantes et de mettre en lumi\u00e8re les initiatives locales. Mon objectif est de sensibiliser et d'encourager l'engagement communautaire \u00e0 travers mes articles.","sameAs":["https:\/\/vieassociative.be\/"]}]}},"_links":{"self":[{"href":"https:\/\/vieassociative.be\/actualites\/wp-json\/wp\/v2\/posts\/10984"}],"collection":[{"href":"https:\/\/vieassociative.be\/actualites\/wp-json\/wp\/v2\/posts"}],"about":[{"href":"https:\/\/vieassociative.be\/actualites\/wp-json\/wp\/v2\/types\/post"}],"author":[{"embeddable":true,"href":"https:\/\/vieassociative.be\/actualites\/wp-json\/wp\/v2\/users\/1"}],"replies":[{"embeddable":true,"href":"https:\/\/vieassociative.be\/actualites\/wp-json\/wp\/v2\/comments?post=10984"}],"version-history":[{"count":0,"href":"https:\/\/vieassociative.be\/actualites\/wp-json\/wp\/v2\/posts\/10984\/revisions"}],"wp:featuredmedia":[{"embeddable":true,"href":"https:\/\/vieassociative.be\/actualites\/wp-json\/wp\/v2\/media\/10985"}],"wp:attachment":[{"href":"https:\/\/vieassociative.be\/actualites\/wp-json\/wp\/v2\/media?parent=10984"}],"wp:term":[{"taxonomy":"category","embeddable":true,"href":"https:\/\/vieassociative.be\/actualites\/wp-json\/wp\/v2\/categories?post=10984"},{"taxonomy":"post_tag","embeddable":true,"href":"https:\/\/vieassociative.be\/actualites\/wp-json\/wp\/v2\/tags?post=10984"}],"curies":[{"name":"wp","href":"https:\/\/api.w.org\/{rel}","templated":true}]}}