{"id":10982,"date":"2025-10-29T20:17:30","date_gmt":"2025-10-29T19:17:30","guid":{"rendered":"https:\/\/vieassociative.be\/actualites\/voici-quand-vous-pouvez-vous-attendre-au-premier-macbook-oled-dapple\/"},"modified":"2025-10-29T20:17:30","modified_gmt":"2025-10-29T19:17:30","slug":"voici-quand-vous-pouvez-vous-attendre-au-premier-macbook-oled-dapple","status":"publish","type":"post","link":"https:\/\/vieassociative.be\/actualites\/voici-quand-vous-pouvez-vous-attendre-au-premier-macbook-oled-dapple\/","title":{"rendered":"Voici quand vous pouvez vous attendre au premier MacBook OLED d&rsquo;Apple"},"content":{"rendered":"<div class=\"mt-4 leading-6 md:mb-8\">Apple travaille \u00e9galement sur un iPad mini et un iPad Air OLED.<\/div>\n<p><\/p>\n<p>OLED est une technologie d\u2019affichage fantastique. Contrairement \u00e0 un \u00e9cran LCD, qui utilise un seul r\u00e9tro\u00e9clairage pour tous les pixels de l&rsquo;\u00e9cran, tous les pixels d&rsquo;un \u00e9cran OLED peuvent \u00eatre allum\u00e9s individuellement ou compl\u00e8tement \u00e9teints. Cela signifie que les zones sombres de l\u2019\u00e9cran sont d\u2019un noir d\u2019encre, tandis que les zones plus claires peuvent \u00eatre \u00e9clair\u00e9es de mani\u00e8re s\u00e9lective. Cela a l\u2019air fantastique, et si j\u2019en ai la possibilit\u00e9, j\u2019essaie toujours de la choisir.<\/p>\n<p>L&rsquo;OLED n&rsquo;est pas une nouvelle technologie \u00e0 ce stade, et pourtant, Apple a mis du temps \u00e0 l&rsquo;adopter dans ses produits, surtout par rapport \u00e0 certains de ses concurrents. Le premier appareil de la soci\u00e9t\u00e9 dot\u00e9 de l&rsquo;OLED a \u00e9t\u00e9 l&rsquo;Apple Watch en 2015, puis l&rsquo;iPhone X en 2017, tandis que chaque Samsung Galaxy est \u00e9quip\u00e9 d&rsquo;un \u00e9cran AMOLED depuis que la soci\u00e9t\u00e9 a introduit la gamme en 2010. L&rsquo;iPhone est rest\u00e9 la seule gamme de produits dot\u00e9s de l&rsquo;OLED pendant un certain temps, jusqu&rsquo;\u00e0 ce qu&rsquo;il les inclue avec les iPad Pro M4. <\/p>\n<p>Outre ces produits, Apple a tendance \u00e0 choisir d\u2019autres types d\u2019affichage pour ses appareils. Pour certains produits, comme l&rsquo;iMac, le MacBook Air et la plupart des iPad, il utilise toujours l&rsquo;\u00e9cran LCD. Pour les appareils plus \u00ab premium \u00bb, comme le MacBook Pro, il utilise des mini-LED, qui offrent un grand nombre de \u00ab zones \u00bb de r\u00e9tro\u00e9clairage. Cela donne \u00e0 ces produits plus de contraste que le r\u00e9tro\u00e9clairage unique de l&rsquo;\u00e9cran LCD, mais pas autant que celui de l&rsquo;OLED. Je pr\u00e9f\u00e8re regarder des \u00e9missions et des films sur mon iPad avec mini-LED plut\u00f4t que sur mon iMac LCD, par exemple, mais je pr\u00e9f\u00e9rerais toujours mon t\u00e9l\u00e9viseur OLED.<\/p>\n<div class=\"mx-auto mb-12 mt-5 w-full max-w-3xl rounded-md border-2 border-gray-100 p-3 shadow-md md:px-7 md:pb-7 md:pt-5\" id=\"related-video\">\n<div class=\"mb-3 flex items-center md:mb-5\">\n        <img decoding=\"async\" class=\"mr-4 mt-0 h-10 w-10 md:mr-5 md:h-12 md:w-12\" src=\"https:\/\/vieassociative.be\/actualites\/wp-content\/uploads\/2025\/09\/1757726237_608_Meta-pourrait-devoiler-une-montre-intelligente-pour-controler-ses-lunettes.jpg\" alt=\"Logo du pirate de la vie\"><\/p><\/div>\n<div class=\"aspect-video w-full overflow-hidden rounded-md\">\n<div id=\"video-container-01K8RMVC277QEENXCED8CVA7NB\"><\/div>\n<\/p><\/div>\n<\/div>\n<h2 id=\"apples-oled-roadmap\">La feuille de route OLED d&rsquo;Apple<\/h2>\n<p>Il s\u2019av\u00e8re qu\u2019Apple pourrait me proposer de nouvelles options OLED \u00e0 l\u2019avenir. Selon Mark Gurman de Bloomberg, Apple travaille \u00e0 int\u00e9grer l&rsquo;OLED \u00e0 un plus grand nombre de ses appareils. Gurman indique que la soci\u00e9t\u00e9 teste actuellement la technologie pour les MacBook Air, iPad mini et iPad Air, qui sont d\u00e9sormais tous livr\u00e9s avec un \u00e9cran LCD. En outre, la soci\u00e9t\u00e9 travaillerait sur un MacBook Pro OLED, qui pourrait \u00e9galement \u00eatre livr\u00e9 avec un \u00e9cran tactile.<\/p>\n<p>Avant de vous enthousiasmer pour un MacBook OLED, Apple va probablement commencer le d\u00e9ploiement OLED avec l&rsquo;iPad, en particulier l&rsquo;iPad mini. Les sources de Gurman indiquent que l&rsquo;OLED mini sortira l&rsquo;ann\u00e9e prochaine, ce qui marquerait la premi\u00e8re actualisation de l&rsquo;appareil depuis 2024. M\u00eame si j&rsquo;adorerais un Mac OLED, cela pourrait \u00eatre l&rsquo;excuse parfaite pour moi d&rsquo;acqu\u00e9rir un iPad mini, que j&rsquo;ai longtemps consid\u00e9r\u00e9 comme l&rsquo;appareil le plus amusant d&rsquo;Apple.<\/p>\n<p>Gurman ne sait pas quand Apple ajoutera l&rsquo;OLED \u00e0 l&rsquo;iPad Air, mais ce ne sera pas le cas lors de la prochaine actualisation. L&rsquo;iPad Air de nouvelle g\u00e9n\u00e9ration sera probablement lanc\u00e9 ce printemps et sera livr\u00e9 avec un \u00e9cran LCD. Cela est \u00e9galement vrai pour le MacBook Air M5. Alors qu&rsquo;Apple teste l&rsquo;OLED pour l&rsquo;Air, le prochain mod\u00e8le sortira ce printemps avec la m\u00eame technologie d&rsquo;affichage que le M4. Un MacBook Air OLED pourrait ne pas arriver en magasin avant <em>2028<\/em>.<\/p>\n<p>Si vous achetez un Mac vendu par Apple avec OLED, vous ach\u00e8terez un Pro. Ce MacBook Pro OLED pourrait m\u00eame \u00eatre \u00e9quip\u00e9 d&rsquo;un \u00e9cran tactile, ce qui serait une premi\u00e8re pour la gamme Mac d&rsquo;Apple. Cette machine pourrait sortir d\u00e8s 2026, mais Apple pourrait \u00e9galement les pousser jusqu&rsquo;en 2027.<\/p>\n<p>Cependant, l\u2019ajout d\u2019OLED aux produits ne sera pas bon march\u00e9. Gurman sugg\u00e8re qu&rsquo;Apple pourrait augmenter le prix de l&rsquo;iPad mini de 100 $, ce qui ferait passer le co\u00fbt de d\u00e9part de 499 $ \u00e0 599 $. Lorsque ces MacBook Pro OLED sortiront, ils seront probablement encore plus chers que les Pro actuels, d&rsquo;au moins quelques centaines de dollars. Ces machines commencent aujourd&rsquo;hui \u00e0 1 999 $ (14 pouces) et 2 499 $ (16 pouces), de sorte que leurs homologues OLED \u00e0 \u00e9cran tactile pourraient atteindre un prix \u00e9lev\u00e9. <\/p>\n<h2 id=\"you-probably-shouldnt-wait-for-these-devices-if-you-need-to-upgrade\">Vous ne devriez probablement pas attendre ces appareils si vous devez effectuer une mise \u00e0 niveau<\/h2>\n<p>Si vous attendez d&rsquo;acheter une nouvelle technologie Apple jusqu&rsquo;\u00e0 ce que la soci\u00e9t\u00e9 actualise ces appareils avec OLED, vous allez attendre un moment, du moins pour tout autre chose que l&rsquo;iPad mini. Je recommanderais d\u2019attendre cet appareil en particulier, mais pour les autres, cela pourrait effectivement prendre un certain temps. Si vous avez vraiment besoin d&rsquo;une mise \u00e0 niveau, les iPad Pro actuels d&rsquo;Apple sont livr\u00e9s avec OLED, et la technologie mini-LED de ses MacBook Pro est \u00e9galement excellente. Mais m\u00eame les \u00e9crans LCD de ses appareils sont plut\u00f4t beaux. Si vous supportez de voir le r\u00e9tro\u00e9clairage lorsque des \u00e9l\u00e9ments sombres sont \u00e0 l\u2019\u00e9cran, un iPad Air ou un MacBook Air vous conviendront bien. <\/p>\n","protected":false},"excerpt":{"rendered":"<p>Apple travaille \u00e9galement sur un iPad mini et un iPad Air OLED. OLED est une technologie d\u2019affichage fantastique. Contrairement \u00e0 un \u00e9cran LCD, qui utilise<\/p>\n","protected":false},"author":1,"featured_media":10983,"comment_status":"","ping_status":"","sticky":false,"template":"","format":"standard","meta":{"footnotes":""},"categories":[13],"tags":[6180,590,686,2558,5,443,123,529,4],"class_list":["post-10982","post","type-post","status-publish","format-standard","has-post-thumbnail","hentry","category-technologie","tag-attendre","tag-dapple","tag-macbook","tag-oled","tag-pouvez","tag-premier","tag-quand","tag-voici","tag-vous","generate-columns","tablet-grid-50","mobile-grid-100","grid-parent","grid-33"],"yoast_head":"<!-- This site is optimized with the Yoast SEO plugin v24.0 - https:\/\/yoast.com\/wordpress\/plugins\/seo\/ -->\n<title>Voici quand vous pouvez vous attendre au premier MacBook OLED d&#039;Apple | Vie Associative<\/title>\n<meta name=\"robots\" content=\"index, follow, max-snippet:-1, max-image-preview:large, max-video-preview:-1\" \/>\n<link rel=\"canonical\" href=\"https:\/\/vieassociative.be\/actualites\/voici-quand-vous-pouvez-vous-attendre-au-premier-macbook-oled-dapple\/\" \/>\n<meta property=\"og:locale\" content=\"fr_FR\" \/>\n<meta property=\"og:type\" content=\"article\" \/>\n<meta property=\"og:title\" content=\"Voici quand vous pouvez vous attendre au premier MacBook OLED d&#039;Apple | Vie Associative\" \/>\n<meta property=\"og:description\" content=\"Apple travaille \u00e9galement sur un iPad mini et un iPad Air OLED. OLED est une technologie d\u2019affichage fantastique. Contrairement \u00e0 un \u00e9cran LCD, qui utilise\" \/>\n<meta property=\"og:url\" content=\"https:\/\/vieassociative.be\/actualites\/voici-quand-vous-pouvez-vous-attendre-au-premier-macbook-oled-dapple\/\" \/>\n<meta property=\"og:site_name\" content=\"Vie Associative\" \/>\n<meta property=\"article:published_time\" content=\"2025-10-29T19:17:30+00:00\" \/>\n<meta property=\"og:image\" content=\"https:\/\/vieassociative.be\/actualites\/wp-content\/uploads\/2025\/09\/1757726237_608_Meta-pourrait-devoiler-une-montre-intelligente-pour-controler-ses-lunettes.jpg\" \/>\n<meta name=\"author\" content=\"Julien\" \/>\n<meta name=\"twitter:card\" content=\"summary_large_image\" \/>\n<meta name=\"twitter:label1\" content=\"\u00c9crit par\" \/>\n\t<meta name=\"twitter:data1\" content=\"Julien\" \/>\n\t<meta name=\"twitter:label2\" content=\"Dur\u00e9e de lecture est.\" \/>\n\t<meta name=\"twitter:data2\" content=\"4 minutes\" \/>\n<script type=\"application\/ld+json\" class=\"yoast-schema-graph\">{\"@context\":\"https:\/\/schema.org\",\"@graph\":[{\"@type\":\"Article\",\"@id\":\"https:\/\/vieassociative.be\/actualites\/voici-quand-vous-pouvez-vous-attendre-au-premier-macbook-oled-dapple\/#article\",\"isPartOf\":{\"@id\":\"https:\/\/vieassociative.be\/actualites\/voici-quand-vous-pouvez-vous-attendre-au-premier-macbook-oled-dapple\/\"},\"author\":{\"name\":\"Julien\",\"@id\":\"https:\/\/vieassociative.be\/actualites\/#\/schema\/person\/b87ac4f82f9d4e7b7cec7395b679edc4\"},\"headline\":\"Voici quand vous pouvez vous attendre au premier MacBook OLED d&rsquo;Apple\",\"datePublished\":\"2025-10-29T19:17:30+00:00\",\"dateModified\":\"2025-10-29T19:17:30+00:00\",\"mainEntityOfPage\":{\"@id\":\"https:\/\/vieassociative.be\/actualites\/voici-quand-vous-pouvez-vous-attendre-au-premier-macbook-oled-dapple\/\"},\"wordCount\":873,\"publisher\":{\"@id\":\"https:\/\/vieassociative.be\/actualites\/#organization\"},\"image\":{\"@id\":\"https:\/\/vieassociative.be\/actualites\/voici-quand-vous-pouvez-vous-attendre-au-premier-macbook-oled-dapple\/#primaryimage\"},\"thumbnailUrl\":\"https:\/\/vieassociative.be\/actualites\/wp-content\/uploads\/2025\/10\/Voici-quand-vous-pouvez-vous-attendre-au-premier-MacBook-OLED.jpg\",\"keywords\":[\"attendre\",\"dApple\",\"MacBook\",\"OLED\",\"pouvez\",\"premier\",\"Quand\",\"Voici\",\"Vous\"],\"articleSection\":[\"Technologie\"],\"inLanguage\":\"fr-BE\"},{\"@type\":\"WebPage\",\"@id\":\"https:\/\/vieassociative.be\/actualites\/voici-quand-vous-pouvez-vous-attendre-au-premier-macbook-oled-dapple\/\",\"url\":\"https:\/\/vieassociative.be\/actualites\/voici-quand-vous-pouvez-vous-attendre-au-premier-macbook-oled-dapple\/\",\"name\":\"Voici quand vous pouvez vous attendre au premier MacBook OLED d'Apple | Vie Associative\",\"isPartOf\":{\"@id\":\"https:\/\/vieassociative.be\/actualites\/#website\"},\"primaryImageOfPage\":{\"@id\":\"https:\/\/vieassociative.be\/actualites\/voici-quand-vous-pouvez-vous-attendre-au-premier-macbook-oled-dapple\/#primaryimage\"},\"image\":{\"@id\":\"https:\/\/vieassociative.be\/actualites\/voici-quand-vous-pouvez-vous-attendre-au-premier-macbook-oled-dapple\/#primaryimage\"},\"thumbnailUrl\":\"https:\/\/vieassociative.be\/actualites\/wp-content\/uploads\/2025\/10\/Voici-quand-vous-pouvez-vous-attendre-au-premier-MacBook-OLED.jpg\",\"datePublished\":\"2025-10-29T19:17:30+00:00\",\"dateModified\":\"2025-10-29T19:17:30+00:00\",\"breadcrumb\":{\"@id\":\"https:\/\/vieassociative.be\/actualites\/voici-quand-vous-pouvez-vous-attendre-au-premier-macbook-oled-dapple\/#breadcrumb\"},\"inLanguage\":\"fr-BE\",\"potentialAction\":[{\"@type\":\"ReadAction\",\"target\":[\"https:\/\/vieassociative.be\/actualites\/voici-quand-vous-pouvez-vous-attendre-au-premier-macbook-oled-dapple\/\"]}]},{\"@type\":\"ImageObject\",\"inLanguage\":\"fr-BE\",\"@id\":\"https:\/\/vieassociative.be\/actualites\/voici-quand-vous-pouvez-vous-attendre-au-premier-macbook-oled-dapple\/#primaryimage\",\"url\":\"https:\/\/vieassociative.be\/actualites\/wp-content\/uploads\/2025\/10\/Voici-quand-vous-pouvez-vous-attendre-au-premier-MacBook-OLED.jpg\",\"contentUrl\":\"https:\/\/vieassociative.be\/actualites\/wp-content\/uploads\/2025\/10\/Voici-quand-vous-pouvez-vous-attendre-au-premier-MacBook-OLED.jpg\",\"width\":1200,\"height\":675,\"caption\":\"Voici quand vous pouvez vous attendre au premier MacBook OLED d'Apple\"},{\"@type\":\"BreadcrumbList\",\"@id\":\"https:\/\/vieassociative.be\/actualites\/voici-quand-vous-pouvez-vous-attendre-au-premier-macbook-oled-dapple\/#breadcrumb\",\"itemListElement\":[{\"@type\":\"ListItem\",\"position\":1,\"name\":\"Accueil\",\"item\":\"https:\/\/vieassociative.be\/actualites\/\"},{\"@type\":\"ListItem\",\"position\":2,\"name\":\"Voici quand vous pouvez vous attendre au premier MacBook OLED d&rsquo;Apple\"}]},{\"@type\":\"WebSite\",\"@id\":\"https:\/\/vieassociative.be\/actualites\/#website\",\"url\":\"https:\/\/vieassociative.be\/actualites\/\",\"name\":\"Vie Associative\",\"description\":\"\",\"publisher\":{\"@id\":\"https:\/\/vieassociative.be\/actualites\/#organization\"},\"potentialAction\":[{\"@type\":\"SearchAction\",\"target\":{\"@type\":\"EntryPoint\",\"urlTemplate\":\"https:\/\/vieassociative.be\/actualites\/?s={search_term_string}\"},\"query-input\":{\"@type\":\"PropertyValueSpecification\",\"valueRequired\":true,\"valueName\":\"search_term_string\"}}],\"inLanguage\":\"fr-BE\"},{\"@type\":\"Organization\",\"@id\":\"https:\/\/vieassociative.be\/actualites\/#organization\",\"name\":\"Vie Associative\",\"url\":\"https:\/\/vieassociative.be\/actualites\/\",\"logo\":{\"@type\":\"ImageObject\",\"inLanguage\":\"fr-BE\",\"@id\":\"https:\/\/vieassociative.be\/actualites\/#\/schema\/logo\/image\/\",\"url\":\"https:\/\/vieassociative.be\/actualites\/wp-content\/uploads\/2024\/09\/cropped-vieassociative_favicon.ico.png\",\"contentUrl\":\"https:\/\/vieassociative.be\/actualites\/wp-content\/uploads\/2024\/09\/cropped-vieassociative_favicon.ico.png\",\"width\":512,\"height\":512,\"caption\":\"Vie Associative\"},\"image\":{\"@id\":\"https:\/\/vieassociative.be\/actualites\/#\/schema\/logo\/image\/\"}},{\"@type\":\"Person\",\"@id\":\"https:\/\/vieassociative.be\/actualites\/#\/schema\/person\/b87ac4f82f9d4e7b7cec7395b679edc4\",\"name\":\"Julien\",\"image\":{\"@type\":\"ImageObject\",\"inLanguage\":\"fr-BE\",\"@id\":\"https:\/\/vieassociative.be\/actualites\/#\/schema\/person\/image\/\",\"url\":\"https:\/\/vieassociative.be\/actualites\/wp-content\/uploads\/2024\/09\/vie-associative-1-150x150.jpg\",\"contentUrl\":\"https:\/\/vieassociative.be\/actualites\/wp-content\/uploads\/2024\/09\/vie-associative-1-150x150.jpg\",\"caption\":\"Julien\"},\"description\":\"Je suis Julien, r\u00e9dacteur pour Vie Associative. Passionn\u00e9 par le monde associatif depuis plus de 10 ans, j'ai \u00e0 c\u0153ur de partager des histoires inspirantes et de mettre en lumi\u00e8re les initiatives locales. Mon objectif est de sensibiliser et d'encourager l'engagement communautaire \u00e0 travers mes articles.\",\"sameAs\":[\"https:\/\/vieassociative.be\/\"]}]}<\/script>\n<!-- \/ Yoast SEO plugin. -->","yoast_head_json":{"title":"Voici quand vous pouvez vous attendre au premier MacBook OLED d'Apple | Vie Associative","robots":{"index":"index","follow":"follow","max-snippet":"max-snippet:-1","max-image-preview":"max-image-preview:large","max-video-preview":"max-video-preview:-1"},"canonical":"https:\/\/vieassociative.be\/actualites\/voici-quand-vous-pouvez-vous-attendre-au-premier-macbook-oled-dapple\/","og_locale":"fr_FR","og_type":"article","og_title":"Voici quand vous pouvez vous attendre au premier MacBook OLED d'Apple | Vie Associative","og_description":"Apple travaille \u00e9galement sur un iPad mini et un iPad Air OLED. OLED est une technologie d\u2019affichage fantastique. Contrairement \u00e0 un \u00e9cran LCD, qui utilise","og_url":"https:\/\/vieassociative.be\/actualites\/voici-quand-vous-pouvez-vous-attendre-au-premier-macbook-oled-dapple\/","og_site_name":"Vie Associative","article_published_time":"2025-10-29T19:17:30+00:00","og_image":[{"url":"https:\/\/vieassociative.be\/actualites\/wp-content\/uploads\/2025\/09\/1757726237_608_Meta-pourrait-devoiler-une-montre-intelligente-pour-controler-ses-lunettes.jpg","type":"","width":"","height":""}],"author":"Julien","twitter_card":"summary_large_image","twitter_misc":{"\u00c9crit par":"Julien","Dur\u00e9e de lecture est.":"4 minutes"},"schema":{"@context":"https:\/\/schema.org","@graph":[{"@type":"Article","@id":"https:\/\/vieassociative.be\/actualites\/voici-quand-vous-pouvez-vous-attendre-au-premier-macbook-oled-dapple\/#article","isPartOf":{"@id":"https:\/\/vieassociative.be\/actualites\/voici-quand-vous-pouvez-vous-attendre-au-premier-macbook-oled-dapple\/"},"author":{"name":"Julien","@id":"https:\/\/vieassociative.be\/actualites\/#\/schema\/person\/b87ac4f82f9d4e7b7cec7395b679edc4"},"headline":"Voici quand vous pouvez vous attendre au premier MacBook OLED d&rsquo;Apple","datePublished":"2025-10-29T19:17:30+00:00","dateModified":"2025-10-29T19:17:30+00:00","mainEntityOfPage":{"@id":"https:\/\/vieassociative.be\/actualites\/voici-quand-vous-pouvez-vous-attendre-au-premier-macbook-oled-dapple\/"},"wordCount":873,"publisher":{"@id":"https:\/\/vieassociative.be\/actualites\/#organization"},"image":{"@id":"https:\/\/vieassociative.be\/actualites\/voici-quand-vous-pouvez-vous-attendre-au-premier-macbook-oled-dapple\/#primaryimage"},"thumbnailUrl":"https:\/\/vieassociative.be\/actualites\/wp-content\/uploads\/2025\/10\/Voici-quand-vous-pouvez-vous-attendre-au-premier-MacBook-OLED.jpg","keywords":["attendre","dApple","MacBook","OLED","pouvez","premier","Quand","Voici","Vous"],"articleSection":["Technologie"],"inLanguage":"fr-BE"},{"@type":"WebPage","@id":"https:\/\/vieassociative.be\/actualites\/voici-quand-vous-pouvez-vous-attendre-au-premier-macbook-oled-dapple\/","url":"https:\/\/vieassociative.be\/actualites\/voici-quand-vous-pouvez-vous-attendre-au-premier-macbook-oled-dapple\/","name":"Voici quand vous pouvez vous attendre au premier MacBook OLED d'Apple | Vie Associative","isPartOf":{"@id":"https:\/\/vieassociative.be\/actualites\/#website"},"primaryImageOfPage":{"@id":"https:\/\/vieassociative.be\/actualites\/voici-quand-vous-pouvez-vous-attendre-au-premier-macbook-oled-dapple\/#primaryimage"},"image":{"@id":"https:\/\/vieassociative.be\/actualites\/voici-quand-vous-pouvez-vous-attendre-au-premier-macbook-oled-dapple\/#primaryimage"},"thumbnailUrl":"https:\/\/vieassociative.be\/actualites\/wp-content\/uploads\/2025\/10\/Voici-quand-vous-pouvez-vous-attendre-au-premier-MacBook-OLED.jpg","datePublished":"2025-10-29T19:17:30+00:00","dateModified":"2025-10-29T19:17:30+00:00","breadcrumb":{"@id":"https:\/\/vieassociative.be\/actualites\/voici-quand-vous-pouvez-vous-attendre-au-premier-macbook-oled-dapple\/#breadcrumb"},"inLanguage":"fr-BE","potentialAction":[{"@type":"ReadAction","target":["https:\/\/vieassociative.be\/actualites\/voici-quand-vous-pouvez-vous-attendre-au-premier-macbook-oled-dapple\/"]}]},{"@type":"ImageObject","inLanguage":"fr-BE","@id":"https:\/\/vieassociative.be\/actualites\/voici-quand-vous-pouvez-vous-attendre-au-premier-macbook-oled-dapple\/#primaryimage","url":"https:\/\/vieassociative.be\/actualites\/wp-content\/uploads\/2025\/10\/Voici-quand-vous-pouvez-vous-attendre-au-premier-MacBook-OLED.jpg","contentUrl":"https:\/\/vieassociative.be\/actualites\/wp-content\/uploads\/2025\/10\/Voici-quand-vous-pouvez-vous-attendre-au-premier-MacBook-OLED.jpg","width":1200,"height":675,"caption":"Voici quand vous pouvez vous attendre au premier MacBook OLED d'Apple"},{"@type":"BreadcrumbList","@id":"https:\/\/vieassociative.be\/actualites\/voici-quand-vous-pouvez-vous-attendre-au-premier-macbook-oled-dapple\/#breadcrumb","itemListElement":[{"@type":"ListItem","position":1,"name":"Accueil","item":"https:\/\/vieassociative.be\/actualites\/"},{"@type":"ListItem","position":2,"name":"Voici quand vous pouvez vous attendre au premier MacBook OLED d&rsquo;Apple"}]},{"@type":"WebSite","@id":"https:\/\/vieassociative.be\/actualites\/#website","url":"https:\/\/vieassociative.be\/actualites\/","name":"Vie Associative","description":"","publisher":{"@id":"https:\/\/vieassociative.be\/actualites\/#organization"},"potentialAction":[{"@type":"SearchAction","target":{"@type":"EntryPoint","urlTemplate":"https:\/\/vieassociative.be\/actualites\/?s={search_term_string}"},"query-input":{"@type":"PropertyValueSpecification","valueRequired":true,"valueName":"search_term_string"}}],"inLanguage":"fr-BE"},{"@type":"Organization","@id":"https:\/\/vieassociative.be\/actualites\/#organization","name":"Vie Associative","url":"https:\/\/vieassociative.be\/actualites\/","logo":{"@type":"ImageObject","inLanguage":"fr-BE","@id":"https:\/\/vieassociative.be\/actualites\/#\/schema\/logo\/image\/","url":"https:\/\/vieassociative.be\/actualites\/wp-content\/uploads\/2024\/09\/cropped-vieassociative_favicon.ico.png","contentUrl":"https:\/\/vieassociative.be\/actualites\/wp-content\/uploads\/2024\/09\/cropped-vieassociative_favicon.ico.png","width":512,"height":512,"caption":"Vie Associative"},"image":{"@id":"https:\/\/vieassociative.be\/actualites\/#\/schema\/logo\/image\/"}},{"@type":"Person","@id":"https:\/\/vieassociative.be\/actualites\/#\/schema\/person\/b87ac4f82f9d4e7b7cec7395b679edc4","name":"Julien","image":{"@type":"ImageObject","inLanguage":"fr-BE","@id":"https:\/\/vieassociative.be\/actualites\/#\/schema\/person\/image\/","url":"https:\/\/vieassociative.be\/actualites\/wp-content\/uploads\/2024\/09\/vie-associative-1-150x150.jpg","contentUrl":"https:\/\/vieassociative.be\/actualites\/wp-content\/uploads\/2024\/09\/vie-associative-1-150x150.jpg","caption":"Julien"},"description":"Je suis Julien, r\u00e9dacteur pour Vie Associative. Passionn\u00e9 par le monde associatif depuis plus de 10 ans, j'ai \u00e0 c\u0153ur de partager des histoires inspirantes et de mettre en lumi\u00e8re les initiatives locales. Mon objectif est de sensibiliser et d'encourager l'engagement communautaire \u00e0 travers mes articles.","sameAs":["https:\/\/vieassociative.be\/"]}]}},"_links":{"self":[{"href":"https:\/\/vieassociative.be\/actualites\/wp-json\/wp\/v2\/posts\/10982"}],"collection":[{"href":"https:\/\/vieassociative.be\/actualites\/wp-json\/wp\/v2\/posts"}],"about":[{"href":"https:\/\/vieassociative.be\/actualites\/wp-json\/wp\/v2\/types\/post"}],"author":[{"embeddable":true,"href":"https:\/\/vieassociative.be\/actualites\/wp-json\/wp\/v2\/users\/1"}],"replies":[{"embeddable":true,"href":"https:\/\/vieassociative.be\/actualites\/wp-json\/wp\/v2\/comments?post=10982"}],"version-history":[{"count":0,"href":"https:\/\/vieassociative.be\/actualites\/wp-json\/wp\/v2\/posts\/10982\/revisions"}],"wp:featuredmedia":[{"embeddable":true,"href":"https:\/\/vieassociative.be\/actualites\/wp-json\/wp\/v2\/media\/10983"}],"wp:attachment":[{"href":"https:\/\/vieassociative.be\/actualites\/wp-json\/wp\/v2\/media?parent=10982"}],"wp:term":[{"taxonomy":"category","embeddable":true,"href":"https:\/\/vieassociative.be\/actualites\/wp-json\/wp\/v2\/categories?post=10982"},{"taxonomy":"post_tag","embeddable":true,"href":"https:\/\/vieassociative.be\/actualites\/wp-json\/wp\/v2\/tags?post=10982"}],"curies":[{"name":"wp","href":"https:\/\/api.w.org\/{rel}","templated":true}]}}