{"id":10979,"date":"2025-10-29T15:17:03","date_gmt":"2025-10-29T14:17:03","guid":{"rendered":"https:\/\/vieassociative.be\/actualites\/las-eupen-aujourdhui-en-coupe-dans-le-plus-ancien-club-de-football-du-pays-et-dans-le-bosuil-qui-sera-bientot-entierement-renove\/"},"modified":"2025-10-29T15:17:03","modified_gmt":"2025-10-29T14:17:03","slug":"las-eupen-aujourdhui-en-coupe-dans-le-plus-ancien-club-de-football-du-pays-et-dans-le-bosuil-qui-sera-bientot-entierement-renove","status":"publish","type":"post","link":"https:\/\/vieassociative.be\/actualites\/las-eupen-aujourdhui-en-coupe-dans-le-plus-ancien-club-de-football-du-pays-et-dans-le-bosuil-qui-sera-bientot-entierement-renove\/","title":{"rendered":"L&rsquo;AS Eupen aujourd&rsquo;hui en coupe dans le plus ancien club de football du pays et dans le \u00ab Bosuil \u00bb qui sera bient\u00f4t enti\u00e8rement r\u00e9nov\u00e9"},"content":{"rendered":"<p><strong>Le Bosuilstadion d&rsquo;Anvers, o\u00f9 l&rsquo;AS Eupen affrontera le Royal Antwerp FC en 1\/16 de finale de la coupe nationale (Croky Cup) ce mercredi soir (20h30 \/ en direct sur l&rsquo;application DAZN), \u00e9tait autrefois un fief du football belge &#8211; et l&rsquo;ar\u00e8ne pourrait bient\u00f4t le redevenir, du moins en ce qui concerne son aspect ext\u00e9rieur.<\/strong><\/p>\n<p><span id=\"more-428333\"><\/span>Les derbies l\u00e9gendaires entre la Belgique et la Hollande se d\u00e9roulaient autrefois au \u00ab Bosuil \u00bb. L&rsquo;ar\u00e8ne du quartier de Deurne a \u00e9galement accueilli la demi-finale du Championnat d&rsquo;Europe de football 1972 entre la Belgique et l&rsquo;Allemagne (1:2). <\/p>\n<p>Selon le listing RSSSF, 64 matches internationaux officiels de l&rsquo;\u00e9quipe nationale belge ont \u00e9t\u00e9 disput\u00e9s \u00e0 Anvers. La derni\u00e8re eut lieu le 12 octobre 1988 contre le Br\u00e9sil.<\/p>\n<\/p>\n<div id=\"attachment_298614\" class=\"wp-caption alignleft\" style=\"max-width: 300px\"><img fetchpriority=\"high\" decoding=\"async\" class=\"wp-image-298614 size-medium\" src=\"https:\/\/vieassociative.be\/actualites\/wp-content\/uploads\/2025\/10\/LAS-Eupen-aujourdhui-en-coupe-dans-le-plus-ancien-club.jpeg\" alt=\"\" width=\"300\" height=\"181\"  ><\/div>\n<p>S&rsquo;ensuit une longue p\u00e9riode de d\u00e9clin tant pour le club le plus ancien du pays, \u00e9galement appel\u00e9 le \u00ab Great Old \u00bb, que pour le Bosuilstadion. <\/p>\n<p>La seule exception fut 1992. Anvers remporta la coupe nationale et atteignit l&rsquo;ann\u00e9e suivante la finale de la Coupe des vainqueurs de coupe europ\u00e9enne au stade de Wembley \u00e0 Londres contre l&rsquo;AC Parma. Le Royal Antwerp FC est le dernier club belge \u00e0 atteindre une finale dans une comp\u00e9tition europ\u00e9enne.<\/p>\n<p>Depuis le retour du club titulaire du num\u00e9ro 1 en premi\u00e8re division, le \u00ab Great Old \u00bb est devenu l&rsquo;une des meilleures adresses du football belge, principalement gr\u00e2ce aux plusieurs millions d&rsquo;euros que le propri\u00e9taire et m\u00e9c\u00e8ne Paul Gheysens a investis dans le club.<\/p>\n<p>Gheysens est le fondateur et PDG du groupe Ghelamco, une soci\u00e9t\u00e9 immobili\u00e8re et de d\u00e9veloppement de projets d&rsquo;envergure internationale qui a notamment construit le stade AA Gand. Depuis 2016, il est propri\u00e9taire et pr\u00e9sident du Royal Antwerp FC, qui a remport\u00e9 la coupe en 2023 et est devenu champion national pour la premi\u00e8re fois depuis 1958.<\/p>\n<\/p>\n<div id=\"attachment_99786\" class=\"wp-caption alignleft\" style=\"max-width: 300px\"><img decoding=\"async\" class=\"wp-image-99786 size-medium\" src=\"https:\/\/vieassociative.be\/actualites\/wp-content\/uploads\/2025\/10\/1761747423_155_LAS-Eupen-aujourdhui-en-coupe-dans-le-plus-ancien-club.jpeg\" alt=\"\" width=\"300\" height=\"200\"  ><\/div>\n<p>Ghelamco a \u00e9galement veill\u00e9 \u00e0 ce qu&rsquo;au moins les trois quarts du Stade Bosuil soient remis au go\u00fbt du jour. L&rsquo;ancien stand debout est cependant rest\u00e9 une horreur pendant des ann\u00e9es.<\/p>\n<p>En raison de diff\u00e9rends juridiques entre le club et la femme d&rsquo;affaires Tania Mintjens, propri\u00e9taire du terrain sur lequel se trouvait le stand, Gheysens a refus\u00e9 de faire usage des droits de construction dont Anvers poss\u00e9dait sans aucun doute. La tribune d\u00e9labr\u00e9e est rest\u00e9e vide pendant des ann\u00e9es, m\u00eame lorsque Anvers jouait la Ligue des champions contre des clubs de premier plan comme le FC Barcelone.<\/p>\n<p>Heureusement, la situation a d\u00e9sormais chang\u00e9 puisque le club a d\u00e9cid\u00e9 de continuer \u00e0 faire usage de ses droits de construction. Une nouvelle tribune est en construction depuis quelques temps d\u00e9j\u00e0. Lorsque cela sera bient\u00f4t termin\u00e9, Anvers disposera d&rsquo;un stade enti\u00e8rement r\u00e9nov\u00e9, dont la capacit\u00e9 passera de 16 000 \u00e0 21 000 places. Le \u00ab Great Old \u00bb poss\u00e8de d\u00e9j\u00e0 la meilleure pelouse, comme le montre une \u00e9tude de 2020.<\/p>\n<p>La nouvelle tribune ne pourra \u00eatre utilis\u00e9e que pour les matchs de championnat et de Coupe de Belgique. Pour les autres \u00e9v\u00e9nements, Anvers doit obtenir un permis s\u00e9par\u00e9. <\/p>\n<p>Cependant, les choses ne vont plus aussi bien pour la soci\u00e9t\u00e9 Ghelamco. Les \u00e9conomies sont \u00e0 l&rsquo;ordre du jour au Royal Antwerp FC, ce qui semble \u00e9galement avoir un impact sur le classement, puisque le \u00ab Great Old \u00bb n&rsquo;est qu&rsquo;\u00e0 la 14e place de la Jupiler Pro League apr\u00e8s 12 journ\u00e9es de match. La coupe est d\u00e9sormais encore plus importante pour Anvers&#8230; (cre)<\/p>\n","protected":false},"excerpt":{"rendered":"<p>Le Bosuilstadion d&rsquo;Anvers, o\u00f9 l&rsquo;AS Eupen affrontera le Royal Antwerp FC en 1\/16 de finale de la coupe nationale (Croky Cup) ce mercredi soir (20h30<\/p>\n","protected":false},"author":1,"featured_media":10980,"comment_status":"","ping_status":"","sticky":false,"template":"","format":"standard","meta":{"footnotes":""},"categories":[298],"tags":[2252,2330,2550,9076,269,2472,166,9077,2329,1104,2353,3513,99,6961,3230],"class_list":["post-10979","post","type-post","status-publish","format-standard","has-post-thumbnail","hentry","category-belgique","tag-ancien","tag-aujourdhui","tag-bientot","tag-bosuil","tag-club","tag-coupe","tag-dans","tag-entierement","tag-eupen","tag-football","tag-las","tag-pays","tag-qui","tag-renove","tag-sera","generate-columns","tablet-grid-50","mobile-grid-100","grid-parent","grid-33"],"yoast_head":"<!-- This site is optimized with the Yoast SEO plugin v24.0 - https:\/\/yoast.com\/wordpress\/plugins\/seo\/ -->\n<title>L&#039;AS Eupen aujourd&#039;hui en coupe dans le plus ancien club de football du pays et dans le \u00ab Bosuil \u00bb qui sera bient\u00f4t enti\u00e8rement r\u00e9nov\u00e9 | Vie Associative<\/title>\n<meta name=\"robots\" content=\"index, follow, max-snippet:-1, max-image-preview:large, max-video-preview:-1\" \/>\n<link rel=\"canonical\" href=\"https:\/\/vieassociative.be\/actualites\/las-eupen-aujourdhui-en-coupe-dans-le-plus-ancien-club-de-football-du-pays-et-dans-le-bosuil-qui-sera-bientot-entierement-renove\/\" \/>\n<meta property=\"og:locale\" content=\"fr_FR\" \/>\n<meta property=\"og:type\" content=\"article\" \/>\n<meta property=\"og:title\" content=\"L&#039;AS Eupen aujourd&#039;hui en coupe dans le plus ancien club de football du pays et dans le \u00ab Bosuil \u00bb qui sera bient\u00f4t enti\u00e8rement r\u00e9nov\u00e9 | Vie Associative\" \/>\n<meta property=\"og:description\" content=\"Le Bosuilstadion d&rsquo;Anvers, o\u00f9 l&rsquo;AS Eupen affrontera le Royal Antwerp FC en 1\/16 de finale de la coupe nationale (Croky Cup) ce mercredi soir (20h30\" \/>\n<meta property=\"og:url\" content=\"https:\/\/vieassociative.be\/actualites\/las-eupen-aujourdhui-en-coupe-dans-le-plus-ancien-club-de-football-du-pays-et-dans-le-bosuil-qui-sera-bientot-entierement-renove\/\" \/>\n<meta property=\"og:site_name\" content=\"Vie Associative\" \/>\n<meta property=\"article:published_time\" content=\"2025-10-29T14:17:03+00:00\" \/>\n<meta property=\"og:image\" content=\"https:\/\/vieassociative.be\/actualites\/wp-content\/uploads\/2024\/09\/header_backgroundk-01-e1726694325946.png\" \/>\n\t<meta property=\"og:image:width\" content=\"279\" \/>\n\t<meta property=\"og:image:height\" content=\"92\" \/>\n\t<meta property=\"og:image:type\" content=\"image\/png\" \/>\n<meta name=\"author\" content=\"Julien\" \/>\n<meta name=\"twitter:card\" content=\"summary_large_image\" \/>\n<meta name=\"twitter:label1\" content=\"\u00c9crit par\" \/>\n\t<meta name=\"twitter:data1\" content=\"Julien\" \/>\n\t<meta name=\"twitter:label2\" content=\"Dur\u00e9e de lecture est.\" \/>\n\t<meta name=\"twitter:data2\" content=\"3 minutes\" \/>\n<script type=\"application\/ld+json\" class=\"yoast-schema-graph\">{\"@context\":\"https:\/\/schema.org\",\"@graph\":[{\"@type\":\"Article\",\"@id\":\"https:\/\/vieassociative.be\/actualites\/las-eupen-aujourdhui-en-coupe-dans-le-plus-ancien-club-de-football-du-pays-et-dans-le-bosuil-qui-sera-bientot-entierement-renove\/#article\",\"isPartOf\":{\"@id\":\"https:\/\/vieassociative.be\/actualites\/las-eupen-aujourdhui-en-coupe-dans-le-plus-ancien-club-de-football-du-pays-et-dans-le-bosuil-qui-sera-bientot-entierement-renove\/\"},\"author\":{\"name\":\"Julien\",\"@id\":\"https:\/\/vieassociative.be\/actualites\/#\/schema\/person\/b87ac4f82f9d4e7b7cec7395b679edc4\"},\"headline\":\"L&rsquo;AS Eupen aujourd&rsquo;hui en coupe dans le plus ancien club de football du pays et dans le \u00ab Bosuil \u00bb qui sera bient\u00f4t enti\u00e8rement r\u00e9nov\u00e9\",\"datePublished\":\"2025-10-29T14:17:03+00:00\",\"dateModified\":\"2025-10-29T14:17:03+00:00\",\"mainEntityOfPage\":{\"@id\":\"https:\/\/vieassociative.be\/actualites\/las-eupen-aujourdhui-en-coupe-dans-le-plus-ancien-club-de-football-du-pays-et-dans-le-bosuil-qui-sera-bientot-entierement-renove\/\"},\"wordCount\":620,\"publisher\":{\"@id\":\"https:\/\/vieassociative.be\/actualites\/#organization\"},\"image\":{\"@id\":\"https:\/\/vieassociative.be\/actualites\/las-eupen-aujourdhui-en-coupe-dans-le-plus-ancien-club-de-football-du-pays-et-dans-le-bosuil-qui-sera-bientot-entierement-renove\/#primaryimage\"},\"thumbnailUrl\":\"https:\/\/vieassociative.be\/actualites\/wp-content\/uploads\/2025\/10\/LAS-Eupen-aujourdhui-en-coupe-dans-le-plus-ancien-club.jpg\",\"keywords\":[\"ancien\",\"aujourdhui\",\"bient\u00f4t\",\"Bosuil\",\"Club\",\"Coupe\",\"dans\",\"enti\u00e8rement\",\"Eupen\",\"football\",\"lAS\",\"pays\",\"qui\",\"r\u00e9nov\u00e9\",\"sera\"],\"articleSection\":[\"Belgique\"],\"inLanguage\":\"fr-BE\"},{\"@type\":\"WebPage\",\"@id\":\"https:\/\/vieassociative.be\/actualites\/las-eupen-aujourdhui-en-coupe-dans-le-plus-ancien-club-de-football-du-pays-et-dans-le-bosuil-qui-sera-bientot-entierement-renove\/\",\"url\":\"https:\/\/vieassociative.be\/actualites\/las-eupen-aujourdhui-en-coupe-dans-le-plus-ancien-club-de-football-du-pays-et-dans-le-bosuil-qui-sera-bientot-entierement-renove\/\",\"name\":\"L'AS Eupen aujourd'hui en coupe dans le plus ancien club de football du pays et dans le \u00ab Bosuil \u00bb qui sera bient\u00f4t enti\u00e8rement r\u00e9nov\u00e9 | Vie Associative\",\"isPartOf\":{\"@id\":\"https:\/\/vieassociative.be\/actualites\/#website\"},\"primaryImageOfPage\":{\"@id\":\"https:\/\/vieassociative.be\/actualites\/las-eupen-aujourdhui-en-coupe-dans-le-plus-ancien-club-de-football-du-pays-et-dans-le-bosuil-qui-sera-bientot-entierement-renove\/#primaryimage\"},\"image\":{\"@id\":\"https:\/\/vieassociative.be\/actualites\/las-eupen-aujourdhui-en-coupe-dans-le-plus-ancien-club-de-football-du-pays-et-dans-le-bosuil-qui-sera-bientot-entierement-renove\/#primaryimage\"},\"thumbnailUrl\":\"https:\/\/vieassociative.be\/actualites\/wp-content\/uploads\/2025\/10\/LAS-Eupen-aujourdhui-en-coupe-dans-le-plus-ancien-club.jpg\",\"datePublished\":\"2025-10-29T14:17:03+00:00\",\"dateModified\":\"2025-10-29T14:17:03+00:00\",\"breadcrumb\":{\"@id\":\"https:\/\/vieassociative.be\/actualites\/las-eupen-aujourdhui-en-coupe-dans-le-plus-ancien-club-de-football-du-pays-et-dans-le-bosuil-qui-sera-bientot-entierement-renove\/#breadcrumb\"},\"inLanguage\":\"fr-BE\",\"potentialAction\":[{\"@type\":\"ReadAction\",\"target\":[\"https:\/\/vieassociative.be\/actualites\/las-eupen-aujourdhui-en-coupe-dans-le-plus-ancien-club-de-football-du-pays-et-dans-le-bosuil-qui-sera-bientot-entierement-renove\/\"]}]},{\"@type\":\"ImageObject\",\"inLanguage\":\"fr-BE\",\"@id\":\"https:\/\/vieassociative.be\/actualites\/las-eupen-aujourdhui-en-coupe-dans-le-plus-ancien-club-de-football-du-pays-et-dans-le-bosuil-qui-sera-bientot-entierement-renove\/#primaryimage\",\"url\":\"https:\/\/vieassociative.be\/actualites\/wp-content\/uploads\/2025\/10\/LAS-Eupen-aujourdhui-en-coupe-dans-le-plus-ancien-club.jpg\",\"contentUrl\":\"https:\/\/vieassociative.be\/actualites\/wp-content\/uploads\/2025\/10\/LAS-Eupen-aujourdhui-en-coupe-dans-le-plus-ancien-club.jpg\",\"width\":1200,\"height\":800,\"caption\":\"L'AS Eupen aujourd'hui en coupe dans le plus ancien club de football du pays et dans le \u00ab Bosuil \u00bb qui sera bient\u00f4t enti\u00e8rement r\u00e9nov\u00e9\"},{\"@type\":\"BreadcrumbList\",\"@id\":\"https:\/\/vieassociative.be\/actualites\/las-eupen-aujourdhui-en-coupe-dans-le-plus-ancien-club-de-football-du-pays-et-dans-le-bosuil-qui-sera-bientot-entierement-renove\/#breadcrumb\",\"itemListElement\":[{\"@type\":\"ListItem\",\"position\":1,\"name\":\"Accueil\",\"item\":\"https:\/\/vieassociative.be\/actualites\/\"},{\"@type\":\"ListItem\",\"position\":2,\"name\":\"L&rsquo;AS Eupen aujourd&rsquo;hui en coupe dans le plus ancien club de football du pays et dans le \u00ab Bosuil \u00bb qui sera bient\u00f4t enti\u00e8rement r\u00e9nov\u00e9\"}]},{\"@type\":\"WebSite\",\"@id\":\"https:\/\/vieassociative.be\/actualites\/#website\",\"url\":\"https:\/\/vieassociative.be\/actualites\/\",\"name\":\"Vie Associative\",\"description\":\"\",\"publisher\":{\"@id\":\"https:\/\/vieassociative.be\/actualites\/#organization\"},\"potentialAction\":[{\"@type\":\"SearchAction\",\"target\":{\"@type\":\"EntryPoint\",\"urlTemplate\":\"https:\/\/vieassociative.be\/actualites\/?s={search_term_string}\"},\"query-input\":{\"@type\":\"PropertyValueSpecification\",\"valueRequired\":true,\"valueName\":\"search_term_string\"}}],\"inLanguage\":\"fr-BE\"},{\"@type\":\"Organization\",\"@id\":\"https:\/\/vieassociative.be\/actualites\/#organization\",\"name\":\"Vie Associative\",\"url\":\"https:\/\/vieassociative.be\/actualites\/\",\"logo\":{\"@type\":\"ImageObject\",\"inLanguage\":\"fr-BE\",\"@id\":\"https:\/\/vieassociative.be\/actualites\/#\/schema\/logo\/image\/\",\"url\":\"https:\/\/vieassociative.be\/actualites\/wp-content\/uploads\/2024\/09\/cropped-vieassociative_favicon.ico.png\",\"contentUrl\":\"https:\/\/vieassociative.be\/actualites\/wp-content\/uploads\/2024\/09\/cropped-vieassociative_favicon.ico.png\",\"width\":512,\"height\":512,\"caption\":\"Vie Associative\"},\"image\":{\"@id\":\"https:\/\/vieassociative.be\/actualites\/#\/schema\/logo\/image\/\"}},{\"@type\":\"Person\",\"@id\":\"https:\/\/vieassociative.be\/actualites\/#\/schema\/person\/b87ac4f82f9d4e7b7cec7395b679edc4\",\"name\":\"Julien\",\"image\":{\"@type\":\"ImageObject\",\"inLanguage\":\"fr-BE\",\"@id\":\"https:\/\/vieassociative.be\/actualites\/#\/schema\/person\/image\/\",\"url\":\"https:\/\/vieassociative.be\/actualites\/wp-content\/uploads\/2024\/09\/vie-associative-1-150x150.jpg\",\"contentUrl\":\"https:\/\/vieassociative.be\/actualites\/wp-content\/uploads\/2024\/09\/vie-associative-1-150x150.jpg\",\"caption\":\"Julien\"},\"description\":\"Je suis Julien, r\u00e9dacteur pour Vie Associative. Passionn\u00e9 par le monde associatif depuis plus de 10 ans, j'ai \u00e0 c\u0153ur de partager des histoires inspirantes et de mettre en lumi\u00e8re les initiatives locales. Mon objectif est de sensibiliser et d'encourager l'engagement communautaire \u00e0 travers mes articles.\",\"sameAs\":[\"https:\/\/vieassociative.be\/\"]}]}<\/script>\n<!-- \/ Yoast SEO plugin. -->","yoast_head_json":{"title":"L'AS Eupen aujourd'hui en coupe dans le plus ancien club de football du pays et dans le \u00ab Bosuil \u00bb qui sera bient\u00f4t enti\u00e8rement r\u00e9nov\u00e9 | Vie Associative","robots":{"index":"index","follow":"follow","max-snippet":"max-snippet:-1","max-image-preview":"max-image-preview:large","max-video-preview":"max-video-preview:-1"},"canonical":"https:\/\/vieassociative.be\/actualites\/las-eupen-aujourdhui-en-coupe-dans-le-plus-ancien-club-de-football-du-pays-et-dans-le-bosuil-qui-sera-bientot-entierement-renove\/","og_locale":"fr_FR","og_type":"article","og_title":"L'AS Eupen aujourd'hui en coupe dans le plus ancien club de football du pays et dans le \u00ab Bosuil \u00bb qui sera bient\u00f4t enti\u00e8rement r\u00e9nov\u00e9 | Vie Associative","og_description":"Le Bosuilstadion d&rsquo;Anvers, o\u00f9 l&rsquo;AS Eupen affrontera le Royal Antwerp FC en 1\/16 de finale de la coupe nationale (Croky Cup) ce mercredi soir (20h30","og_url":"https:\/\/vieassociative.be\/actualites\/las-eupen-aujourdhui-en-coupe-dans-le-plus-ancien-club-de-football-du-pays-et-dans-le-bosuil-qui-sera-bientot-entierement-renove\/","og_site_name":"Vie Associative","article_published_time":"2025-10-29T14:17:03+00:00","og_image":[{"width":279,"height":92,"url":"https:\/\/vieassociative.be\/actualites\/wp-content\/uploads\/2024\/09\/header_backgroundk-01-e1726694325946.png","type":"image\/png"}],"author":"Julien","twitter_card":"summary_large_image","twitter_misc":{"\u00c9crit par":"Julien","Dur\u00e9e de lecture est.":"3 minutes"},"schema":{"@context":"https:\/\/schema.org","@graph":[{"@type":"Article","@id":"https:\/\/vieassociative.be\/actualites\/las-eupen-aujourdhui-en-coupe-dans-le-plus-ancien-club-de-football-du-pays-et-dans-le-bosuil-qui-sera-bientot-entierement-renove\/#article","isPartOf":{"@id":"https:\/\/vieassociative.be\/actualites\/las-eupen-aujourdhui-en-coupe-dans-le-plus-ancien-club-de-football-du-pays-et-dans-le-bosuil-qui-sera-bientot-entierement-renove\/"},"author":{"name":"Julien","@id":"https:\/\/vieassociative.be\/actualites\/#\/schema\/person\/b87ac4f82f9d4e7b7cec7395b679edc4"},"headline":"L&rsquo;AS Eupen aujourd&rsquo;hui en coupe dans le plus ancien club de football du pays et dans le \u00ab Bosuil \u00bb qui sera bient\u00f4t enti\u00e8rement r\u00e9nov\u00e9","datePublished":"2025-10-29T14:17:03+00:00","dateModified":"2025-10-29T14:17:03+00:00","mainEntityOfPage":{"@id":"https:\/\/vieassociative.be\/actualites\/las-eupen-aujourdhui-en-coupe-dans-le-plus-ancien-club-de-football-du-pays-et-dans-le-bosuil-qui-sera-bientot-entierement-renove\/"},"wordCount":620,"publisher":{"@id":"https:\/\/vieassociative.be\/actualites\/#organization"},"image":{"@id":"https:\/\/vieassociative.be\/actualites\/las-eupen-aujourdhui-en-coupe-dans-le-plus-ancien-club-de-football-du-pays-et-dans-le-bosuil-qui-sera-bientot-entierement-renove\/#primaryimage"},"thumbnailUrl":"https:\/\/vieassociative.be\/actualites\/wp-content\/uploads\/2025\/10\/LAS-Eupen-aujourdhui-en-coupe-dans-le-plus-ancien-club.jpg","keywords":["ancien","aujourdhui","bient\u00f4t","Bosuil","Club","Coupe","dans","enti\u00e8rement","Eupen","football","lAS","pays","qui","r\u00e9nov\u00e9","sera"],"articleSection":["Belgique"],"inLanguage":"fr-BE"},{"@type":"WebPage","@id":"https:\/\/vieassociative.be\/actualites\/las-eupen-aujourdhui-en-coupe-dans-le-plus-ancien-club-de-football-du-pays-et-dans-le-bosuil-qui-sera-bientot-entierement-renove\/","url":"https:\/\/vieassociative.be\/actualites\/las-eupen-aujourdhui-en-coupe-dans-le-plus-ancien-club-de-football-du-pays-et-dans-le-bosuil-qui-sera-bientot-entierement-renove\/","name":"L'AS Eupen aujourd'hui en coupe dans le plus ancien club de football du pays et dans le \u00ab Bosuil \u00bb qui sera bient\u00f4t enti\u00e8rement r\u00e9nov\u00e9 | Vie Associative","isPartOf":{"@id":"https:\/\/vieassociative.be\/actualites\/#website"},"primaryImageOfPage":{"@id":"https:\/\/vieassociative.be\/actualites\/las-eupen-aujourdhui-en-coupe-dans-le-plus-ancien-club-de-football-du-pays-et-dans-le-bosuil-qui-sera-bientot-entierement-renove\/#primaryimage"},"image":{"@id":"https:\/\/vieassociative.be\/actualites\/las-eupen-aujourdhui-en-coupe-dans-le-plus-ancien-club-de-football-du-pays-et-dans-le-bosuil-qui-sera-bientot-entierement-renove\/#primaryimage"},"thumbnailUrl":"https:\/\/vieassociative.be\/actualites\/wp-content\/uploads\/2025\/10\/LAS-Eupen-aujourdhui-en-coupe-dans-le-plus-ancien-club.jpg","datePublished":"2025-10-29T14:17:03+00:00","dateModified":"2025-10-29T14:17:03+00:00","breadcrumb":{"@id":"https:\/\/vieassociative.be\/actualites\/las-eupen-aujourdhui-en-coupe-dans-le-plus-ancien-club-de-football-du-pays-et-dans-le-bosuil-qui-sera-bientot-entierement-renove\/#breadcrumb"},"inLanguage":"fr-BE","potentialAction":[{"@type":"ReadAction","target":["https:\/\/vieassociative.be\/actualites\/las-eupen-aujourdhui-en-coupe-dans-le-plus-ancien-club-de-football-du-pays-et-dans-le-bosuil-qui-sera-bientot-entierement-renove\/"]}]},{"@type":"ImageObject","inLanguage":"fr-BE","@id":"https:\/\/vieassociative.be\/actualites\/las-eupen-aujourdhui-en-coupe-dans-le-plus-ancien-club-de-football-du-pays-et-dans-le-bosuil-qui-sera-bientot-entierement-renove\/#primaryimage","url":"https:\/\/vieassociative.be\/actualites\/wp-content\/uploads\/2025\/10\/LAS-Eupen-aujourdhui-en-coupe-dans-le-plus-ancien-club.jpg","contentUrl":"https:\/\/vieassociative.be\/actualites\/wp-content\/uploads\/2025\/10\/LAS-Eupen-aujourdhui-en-coupe-dans-le-plus-ancien-club.jpg","width":1200,"height":800,"caption":"L'AS Eupen aujourd'hui en coupe dans le plus ancien club de football du pays et dans le \u00ab Bosuil \u00bb qui sera bient\u00f4t enti\u00e8rement r\u00e9nov\u00e9"},{"@type":"BreadcrumbList","@id":"https:\/\/vieassociative.be\/actualites\/las-eupen-aujourdhui-en-coupe-dans-le-plus-ancien-club-de-football-du-pays-et-dans-le-bosuil-qui-sera-bientot-entierement-renove\/#breadcrumb","itemListElement":[{"@type":"ListItem","position":1,"name":"Accueil","item":"https:\/\/vieassociative.be\/actualites\/"},{"@type":"ListItem","position":2,"name":"L&rsquo;AS Eupen aujourd&rsquo;hui en coupe dans le plus ancien club de football du pays et dans le \u00ab Bosuil \u00bb qui sera bient\u00f4t enti\u00e8rement r\u00e9nov\u00e9"}]},{"@type":"WebSite","@id":"https:\/\/vieassociative.be\/actualites\/#website","url":"https:\/\/vieassociative.be\/actualites\/","name":"Vie Associative","description":"","publisher":{"@id":"https:\/\/vieassociative.be\/actualites\/#organization"},"potentialAction":[{"@type":"SearchAction","target":{"@type":"EntryPoint","urlTemplate":"https:\/\/vieassociative.be\/actualites\/?s={search_term_string}"},"query-input":{"@type":"PropertyValueSpecification","valueRequired":true,"valueName":"search_term_string"}}],"inLanguage":"fr-BE"},{"@type":"Organization","@id":"https:\/\/vieassociative.be\/actualites\/#organization","name":"Vie Associative","url":"https:\/\/vieassociative.be\/actualites\/","logo":{"@type":"ImageObject","inLanguage":"fr-BE","@id":"https:\/\/vieassociative.be\/actualites\/#\/schema\/logo\/image\/","url":"https:\/\/vieassociative.be\/actualites\/wp-content\/uploads\/2024\/09\/cropped-vieassociative_favicon.ico.png","contentUrl":"https:\/\/vieassociative.be\/actualites\/wp-content\/uploads\/2024\/09\/cropped-vieassociative_favicon.ico.png","width":512,"height":512,"caption":"Vie Associative"},"image":{"@id":"https:\/\/vieassociative.be\/actualites\/#\/schema\/logo\/image\/"}},{"@type":"Person","@id":"https:\/\/vieassociative.be\/actualites\/#\/schema\/person\/b87ac4f82f9d4e7b7cec7395b679edc4","name":"Julien","image":{"@type":"ImageObject","inLanguage":"fr-BE","@id":"https:\/\/vieassociative.be\/actualites\/#\/schema\/person\/image\/","url":"https:\/\/vieassociative.be\/actualites\/wp-content\/uploads\/2024\/09\/vie-associative-1-150x150.jpg","contentUrl":"https:\/\/vieassociative.be\/actualites\/wp-content\/uploads\/2024\/09\/vie-associative-1-150x150.jpg","caption":"Julien"},"description":"Je suis Julien, r\u00e9dacteur pour Vie Associative. Passionn\u00e9 par le monde associatif depuis plus de 10 ans, j'ai \u00e0 c\u0153ur de partager des histoires inspirantes et de mettre en lumi\u00e8re les initiatives locales. Mon objectif est de sensibiliser et d'encourager l'engagement communautaire \u00e0 travers mes articles.","sameAs":["https:\/\/vieassociative.be\/"]}]}},"_links":{"self":[{"href":"https:\/\/vieassociative.be\/actualites\/wp-json\/wp\/v2\/posts\/10979"}],"collection":[{"href":"https:\/\/vieassociative.be\/actualites\/wp-json\/wp\/v2\/posts"}],"about":[{"href":"https:\/\/vieassociative.be\/actualites\/wp-json\/wp\/v2\/types\/post"}],"author":[{"embeddable":true,"href":"https:\/\/vieassociative.be\/actualites\/wp-json\/wp\/v2\/users\/1"}],"replies":[{"embeddable":true,"href":"https:\/\/vieassociative.be\/actualites\/wp-json\/wp\/v2\/comments?post=10979"}],"version-history":[{"count":0,"href":"https:\/\/vieassociative.be\/actualites\/wp-json\/wp\/v2\/posts\/10979\/revisions"}],"wp:featuredmedia":[{"embeddable":true,"href":"https:\/\/vieassociative.be\/actualites\/wp-json\/wp\/v2\/media\/10980"}],"wp:attachment":[{"href":"https:\/\/vieassociative.be\/actualites\/wp-json\/wp\/v2\/media?parent=10979"}],"wp:term":[{"taxonomy":"category","embeddable":true,"href":"https:\/\/vieassociative.be\/actualites\/wp-json\/wp\/v2\/categories?post=10979"},{"taxonomy":"post_tag","embeddable":true,"href":"https:\/\/vieassociative.be\/actualites\/wp-json\/wp\/v2\/tags?post=10979"}],"curies":[{"name":"wp","href":"https:\/\/api.w.org\/{rel}","templated":true}]}}