{"id":10977,"date":"2025-10-29T14:17:00","date_gmt":"2025-10-29T13:17:00","guid":{"rendered":"https:\/\/vieassociative.be\/actualites\/lancez-vous-dans-le-travail-en-profondeur-pour-etre-plus-productif\/"},"modified":"2025-10-29T14:17:00","modified_gmt":"2025-10-29T13:17:00","slug":"lancez-vous-dans-le-travail-en-profondeur-pour-etre-plus-productif","status":"publish","type":"post","link":"https:\/\/vieassociative.be\/actualites\/lancez-vous-dans-le-travail-en-profondeur-pour-etre-plus-productif\/","title":{"rendered":"Lancez-vous dans le \u00ab travail en profondeur \u00bb pour \u00eatre plus productif"},"content":{"rendered":"<div class=\"mt-4 leading-6 md:mb-8\">Si vous entrez dans la zone de travail sans distraction, vous pouvez encore \u00eatre plus \u00e9panoui.<\/div>\n<p><\/p>\n<p>Le travail en profondeur est un concept le plus commun\u00e9ment d\u00e9fini par Cal Newport, qui a \u00e9crit le bien intitul\u00e9 <em>Travail en profondeur\u00a0: r\u00e8gles pour une r\u00e9ussite cibl\u00e9e dans un monde distrait<\/em><em>. <\/em>Comme il le dit, le travail en profondeur est un \u00e9tat dans lequel vous trouvez la capacit\u00e9 de vous concentrer enti\u00e8rement sur une t\u00e2che exigeante sans vous laisser distraire. <\/p>\n<p>Si vous parvenez \u00e0 comprendre, vous ferez plus en moins de temps et finirez par vous sentir plus \u00e9panoui. Sur son site Web, Newport observe qu&rsquo;il est rare de voir quelqu&rsquo;un se sentir plein d&rsquo;\u00e9nergie et heureux apr\u00e8s avoir envoy\u00e9 des e-mails, mais il existe un sentiment d&rsquo;\u00e9panouissement qui vient d&rsquo;une concentration soutenue sur des t\u00e2ches plus significatives.<\/p>\n<h2 id=\"how-do-you-achieve-deep-work\">Comment r\u00e9aliser un travail en profondeur ?<\/h2>\n<p>Newport fait une distinction entre le travail en profondeur et le \u00ab travail superficiel \u00bb, ou celui qui peut \u00eatre accompli pendant que vous \u00eates distrait. Le travail en profondeur est destin\u00e9 aux t\u00e2ches \u00ab exigeantes sur le plan cognitif \u00bb, tandis que le travail superficiel vous pr\u00e9pare au travail en profondeur. Cr\u00e9er une pr\u00e9sentation de projet est un travail approfondi. Envoyer des e-mails \u00e0 des coll\u00e8gues pour coordonner les donn\u00e9es est un travail superficiel. <\/p>\n<div class=\"mx-auto mb-12 mt-5 w-full max-w-3xl rounded-md border-2 border-gray-100 p-3 shadow-md md:px-7 md:pb-7 md:pt-5\" id=\"related-video\">\n<div class=\"mb-3 flex items-center md:mb-5\">\n        <img decoding=\"async\" class=\"mr-4 mt-0 h-10 w-10 md:mr-5 md:h-12 md:w-12\" src=\"https:\/\/vieassociative.be\/actualites\/wp-content\/uploads\/2025\/09\/1757726237_608_Meta-pourrait-devoiler-une-montre-intelligente-pour-controler-ses-lunettes.jpg\" alt=\"Logo du pirate de la vie\"><\/p><\/div>\n<div class=\"aspect-video w-full overflow-hidden rounded-md\">\n<div id=\"video-container-01K8R04GFMZW8ZNM36N2266NRQ\"><\/div>\n<\/p><\/div>\n<\/div>\n<p>Si vous avez du mal \u00e0 d\u00e9terminer ce qui constitue ou non un travail en profondeur, Newport a quelques lignes directrices. Le travail superficiel a tendance \u00e0 \u00ab ne pas cr\u00e9er de nouvelle valeur dans le monde \u00bb et est \u00ab facile \u00e0 reproduire \u00bb.<\/p>\n<p>La cl\u00e9 est donc d\u2019abord de trier votre travail en cat\u00e9gories profondes et superficielles. D\u00e9terminez lesquelles de vos t\u00e2ches sont exigeantes et pr\u00e9cieuses sur le plan cognitif et lesquelles sont de \u00ab style logistique \u00bb et reproductibles. Ensuite, pr\u00e9voyez de consacrer une heure ou une heure et demie \u00e0 des t\u00e2ches de travail en profondeur, puis planifiez-les de mani\u00e8re \u00e0 ce que ce temps soit bloqu\u00e9 dans votre emploi du temps. (En ce qui concerne le blocage de votre planification, familiarisez-vous avec le time boxing et le time blocking, qui vous demandent de planifier chaque minute de votre journ\u00e9e et de la saisir, instant par instant, dans un calendrier d\u00e9taill\u00e9, le tout au nom de rester concentr\u00e9.)<\/p>\n<p>Enfin, lorsque vient le temps de vous lancer dans un travail en profondeur, \u00e9liminez toutes vos distractions. Signalez que vous \u00eates occup\u00e9, assurez-vous que vous n&rsquo;\u00eates pas disponible dans Slack et sur le calendrier partag\u00e9, et mettez votre t\u00e9l\u00e9phone sur \u00ab Ne pas d\u00e9ranger \u00bb. Ne consultez pas vos e-mails, ne parlez \u00e0 personne, ne regardez vos appareils que pour le travail et engagez-vous \u00e0 <em>seulement <\/em>travailler sur votre t\u00e2che exigeante dans le temps que vous lui avez imparti.<\/p>\n<p>L\u2019\u00e9l\u00e9ment le plus important est de le faire en pleine conscience et d\u2019aborder vos s\u00e9ances de travail approfondi en sachant que votre objectif est d\u2019accomplir quelque chose d\u2019exigeant sans distractions. Les e-mails, les notifications, les bavardages et autres soucis et interruptions sont monnaie courante et vous \u00e9loignent de la t\u00e2che \u00e0 accomplir. Il sera donc difficile de les couper volontairement pour faire quelque chose, mais cela peut devenir une habitude, surtout une fois qu&rsquo;il commence \u00e0 produire le double r\u00e9sultat d&rsquo;accomplissement et d&rsquo;\u00e9panouissement.<\/p>\n<h2 id=\"the-deep-work-hack\">Le hack de travail en profondeur<\/h2>\n<p>Tout cela semble bien en th\u00e9orie, mais lorsque vous vous retrouvez \u00e0 regarder le bloc d&rsquo;une heure et demie que vous avez programm\u00e9, vous ne savez peut-\u00eatre pas quoi faire ni par o\u00f9 commencer. C\u2019est l\u00e0 que vous avez besoin de la m\u00e9thode Pomodoro, une c\u00e9l\u00e8bre technique de productivit\u00e9 qui vous demande de travailler sans interruption pendant 25 minutes, de faire une pause de cinq minutes et de r\u00e9p\u00e9ter le cycle environ quatre fois avant d\u2019obtenir une pause plus longue. Vous pouvez modifier un peu ces plages horaires en fonction de vos besoins, mais 25 heures et cinq heures sont la norme. <\/p>\n<p>Lorsque vous utilisez cette approche, un travail en profondeur commence \u00e0 venir naturellement dans ces blocs de travail, car vous savez que vous obtenez un sursis \u00e0 la fin. Le travail en profondeur est d\u00e9crit comme une p\u00e9riode pendant laquelle le travail semble se d\u00e9rouler sans probl\u00e8me et o\u00f9 vous remarquez \u00e0 peine le temps qui passe, donc 25 minutes peuvent ne pas vous suffire (selon la t\u00e2che \u00e0 accomplir), mais vous pouvez le comprendre en commen\u00e7ant \u00e0 int\u00e9grer ces m\u00e9thodes. Le plus important est de ne pas se laisser distraire. La deuxi\u00e8me chose la plus importante est de se rappeler que les pauses sont en r\u00e9alit\u00e9 un \u00e9l\u00e9ment cl\u00e9 pour rester productif, alors ne les sautez pas compl\u00e8tement. <\/p>\n<p>Le moyen le plus simple d\u2019utiliser cette technique \u00e9prouv\u00e9e est bien s\u00fbr d\u2019utiliser une application. Mon pr\u00e9f\u00e9r\u00e9 est FocusPomo, qui bloque toutes vos applications distrayantes pendant que vous l&rsquo;utilisez et g\u00e9n\u00e8re de jolies tomates de dessins anim\u00e9s discr\u00e8tes pour vous r\u00e9compenser pour avoir termin\u00e9 les blocs de travail. <\/p><\/p>\n","protected":false},"excerpt":{"rendered":"<p>Si vous entrez dans la zone de travail sans distraction, vous pouvez encore \u00eatre plus \u00e9panoui. Le travail en profondeur est un concept le plus<\/p>\n","protected":false},"author":1,"featured_media":10978,"comment_status":"","ping_status":"","sticky":false,"template":"","format":"standard","meta":{"footnotes":""},"categories":[43],"tags":[166,23,9075,81,5209,5005,504],"class_list":["post-10977","post","type-post","status-publish","format-standard","has-post-thumbnail","hentry","category-travail","tag-dans","tag-etre","tag-lancezvous","tag-pour","tag-productif","tag-profondeur","tag-travail","generate-columns","tablet-grid-50","mobile-grid-100","grid-parent","grid-33"],"yoast_head":"<!-- This site is optimized with the Yoast SEO plugin v24.0 - https:\/\/yoast.com\/wordpress\/plugins\/seo\/ -->\n<title>Lancez-vous dans le \u00ab travail en profondeur \u00bb pour \u00eatre plus productif | Vie Associative<\/title>\n<meta name=\"robots\" content=\"index, follow, max-snippet:-1, max-image-preview:large, max-video-preview:-1\" \/>\n<link rel=\"canonical\" href=\"https:\/\/vieassociative.be\/actualites\/lancez-vous-dans-le-travail-en-profondeur-pour-etre-plus-productif\/\" \/>\n<meta property=\"og:locale\" content=\"fr_FR\" \/>\n<meta property=\"og:type\" content=\"article\" \/>\n<meta property=\"og:title\" content=\"Lancez-vous dans le \u00ab travail en profondeur \u00bb pour \u00eatre plus productif | Vie Associative\" \/>\n<meta property=\"og:description\" content=\"Si vous entrez dans la zone de travail sans distraction, vous pouvez encore \u00eatre plus \u00e9panoui. Le travail en profondeur est un concept le plus\" \/>\n<meta property=\"og:url\" content=\"https:\/\/vieassociative.be\/actualites\/lancez-vous-dans-le-travail-en-profondeur-pour-etre-plus-productif\/\" \/>\n<meta property=\"og:site_name\" content=\"Vie Associative\" \/>\n<meta property=\"article:published_time\" content=\"2025-10-29T13:17:00+00:00\" \/>\n<meta property=\"og:image\" content=\"https:\/\/vieassociative.be\/actualites\/wp-content\/uploads\/2025\/09\/1757726237_608_Meta-pourrait-devoiler-une-montre-intelligente-pour-controler-ses-lunettes.jpg\" \/>\n<meta name=\"author\" content=\"Julien\" \/>\n<meta name=\"twitter:card\" content=\"summary_large_image\" \/>\n<meta name=\"twitter:label1\" content=\"\u00c9crit par\" \/>\n\t<meta name=\"twitter:data1\" content=\"Julien\" \/>\n\t<meta name=\"twitter:label2\" content=\"Dur\u00e9e de lecture est.\" \/>\n\t<meta name=\"twitter:data2\" content=\"4 minutes\" \/>\n<script type=\"application\/ld+json\" class=\"yoast-schema-graph\">{\"@context\":\"https:\/\/schema.org\",\"@graph\":[{\"@type\":\"Article\",\"@id\":\"https:\/\/vieassociative.be\/actualites\/lancez-vous-dans-le-travail-en-profondeur-pour-etre-plus-productif\/#article\",\"isPartOf\":{\"@id\":\"https:\/\/vieassociative.be\/actualites\/lancez-vous-dans-le-travail-en-profondeur-pour-etre-plus-productif\/\"},\"author\":{\"name\":\"Julien\",\"@id\":\"https:\/\/vieassociative.be\/actualites\/#\/schema\/person\/b87ac4f82f9d4e7b7cec7395b679edc4\"},\"headline\":\"Lancez-vous dans le \u00ab travail en profondeur \u00bb pour \u00eatre plus productif\",\"datePublished\":\"2025-10-29T13:17:00+00:00\",\"dateModified\":\"2025-10-29T13:17:00+00:00\",\"mainEntityOfPage\":{\"@id\":\"https:\/\/vieassociative.be\/actualites\/lancez-vous-dans-le-travail-en-profondeur-pour-etre-plus-productif\/\"},\"wordCount\":876,\"publisher\":{\"@id\":\"https:\/\/vieassociative.be\/actualites\/#organization\"},\"image\":{\"@id\":\"https:\/\/vieassociative.be\/actualites\/lancez-vous-dans-le-travail-en-profondeur-pour-etre-plus-productif\/#primaryimage\"},\"thumbnailUrl\":\"https:\/\/vieassociative.be\/actualites\/wp-content\/uploads\/2025\/10\/Lancez-vous-dans-le-travail-en-profondeur-pour-etre.jpg\",\"keywords\":[\"dans\",\"\u00eatre\",\"Lancezvous\",\"pour\",\"productif\",\"profondeur\",\"travail\"],\"articleSection\":[\"Travail\"],\"inLanguage\":\"fr-BE\"},{\"@type\":\"WebPage\",\"@id\":\"https:\/\/vieassociative.be\/actualites\/lancez-vous-dans-le-travail-en-profondeur-pour-etre-plus-productif\/\",\"url\":\"https:\/\/vieassociative.be\/actualites\/lancez-vous-dans-le-travail-en-profondeur-pour-etre-plus-productif\/\",\"name\":\"Lancez-vous dans le \u00ab travail en profondeur \u00bb pour \u00eatre plus productif | Vie Associative\",\"isPartOf\":{\"@id\":\"https:\/\/vieassociative.be\/actualites\/#website\"},\"primaryImageOfPage\":{\"@id\":\"https:\/\/vieassociative.be\/actualites\/lancez-vous-dans-le-travail-en-profondeur-pour-etre-plus-productif\/#primaryimage\"},\"image\":{\"@id\":\"https:\/\/vieassociative.be\/actualites\/lancez-vous-dans-le-travail-en-profondeur-pour-etre-plus-productif\/#primaryimage\"},\"thumbnailUrl\":\"https:\/\/vieassociative.be\/actualites\/wp-content\/uploads\/2025\/10\/Lancez-vous-dans-le-travail-en-profondeur-pour-etre.jpg\",\"datePublished\":\"2025-10-29T13:17:00+00:00\",\"dateModified\":\"2025-10-29T13:17:00+00:00\",\"breadcrumb\":{\"@id\":\"https:\/\/vieassociative.be\/actualites\/lancez-vous-dans-le-travail-en-profondeur-pour-etre-plus-productif\/#breadcrumb\"},\"inLanguage\":\"fr-BE\",\"potentialAction\":[{\"@type\":\"ReadAction\",\"target\":[\"https:\/\/vieassociative.be\/actualites\/lancez-vous-dans-le-travail-en-profondeur-pour-etre-plus-productif\/\"]}]},{\"@type\":\"ImageObject\",\"inLanguage\":\"fr-BE\",\"@id\":\"https:\/\/vieassociative.be\/actualites\/lancez-vous-dans-le-travail-en-profondeur-pour-etre-plus-productif\/#primaryimage\",\"url\":\"https:\/\/vieassociative.be\/actualites\/wp-content\/uploads\/2025\/10\/Lancez-vous-dans-le-travail-en-profondeur-pour-etre.jpg\",\"contentUrl\":\"https:\/\/vieassociative.be\/actualites\/wp-content\/uploads\/2025\/10\/Lancez-vous-dans-le-travail-en-profondeur-pour-etre.jpg\",\"width\":1200,\"height\":675,\"caption\":\"Lancez-vous dans le \u00ab travail en profondeur \u00bb pour \u00eatre plus productif\"},{\"@type\":\"BreadcrumbList\",\"@id\":\"https:\/\/vieassociative.be\/actualites\/lancez-vous-dans-le-travail-en-profondeur-pour-etre-plus-productif\/#breadcrumb\",\"itemListElement\":[{\"@type\":\"ListItem\",\"position\":1,\"name\":\"Accueil\",\"item\":\"https:\/\/vieassociative.be\/actualites\/\"},{\"@type\":\"ListItem\",\"position\":2,\"name\":\"Lancez-vous dans le \u00ab travail en profondeur \u00bb pour \u00eatre plus productif\"}]},{\"@type\":\"WebSite\",\"@id\":\"https:\/\/vieassociative.be\/actualites\/#website\",\"url\":\"https:\/\/vieassociative.be\/actualites\/\",\"name\":\"Vie Associative\",\"description\":\"\",\"publisher\":{\"@id\":\"https:\/\/vieassociative.be\/actualites\/#organization\"},\"potentialAction\":[{\"@type\":\"SearchAction\",\"target\":{\"@type\":\"EntryPoint\",\"urlTemplate\":\"https:\/\/vieassociative.be\/actualites\/?s={search_term_string}\"},\"query-input\":{\"@type\":\"PropertyValueSpecification\",\"valueRequired\":true,\"valueName\":\"search_term_string\"}}],\"inLanguage\":\"fr-BE\"},{\"@type\":\"Organization\",\"@id\":\"https:\/\/vieassociative.be\/actualites\/#organization\",\"name\":\"Vie Associative\",\"url\":\"https:\/\/vieassociative.be\/actualites\/\",\"logo\":{\"@type\":\"ImageObject\",\"inLanguage\":\"fr-BE\",\"@id\":\"https:\/\/vieassociative.be\/actualites\/#\/schema\/logo\/image\/\",\"url\":\"https:\/\/vieassociative.be\/actualites\/wp-content\/uploads\/2024\/09\/cropped-vieassociative_favicon.ico.png\",\"contentUrl\":\"https:\/\/vieassociative.be\/actualites\/wp-content\/uploads\/2024\/09\/cropped-vieassociative_favicon.ico.png\",\"width\":512,\"height\":512,\"caption\":\"Vie Associative\"},\"image\":{\"@id\":\"https:\/\/vieassociative.be\/actualites\/#\/schema\/logo\/image\/\"}},{\"@type\":\"Person\",\"@id\":\"https:\/\/vieassociative.be\/actualites\/#\/schema\/person\/b87ac4f82f9d4e7b7cec7395b679edc4\",\"name\":\"Julien\",\"image\":{\"@type\":\"ImageObject\",\"inLanguage\":\"fr-BE\",\"@id\":\"https:\/\/vieassociative.be\/actualites\/#\/schema\/person\/image\/\",\"url\":\"https:\/\/vieassociative.be\/actualites\/wp-content\/uploads\/2024\/09\/vie-associative-1-150x150.jpg\",\"contentUrl\":\"https:\/\/vieassociative.be\/actualites\/wp-content\/uploads\/2024\/09\/vie-associative-1-150x150.jpg\",\"caption\":\"Julien\"},\"description\":\"Je suis Julien, r\u00e9dacteur pour Vie Associative. Passionn\u00e9 par le monde associatif depuis plus de 10 ans, j'ai \u00e0 c\u0153ur de partager des histoires inspirantes et de mettre en lumi\u00e8re les initiatives locales. Mon objectif est de sensibiliser et d'encourager l'engagement communautaire \u00e0 travers mes articles.\",\"sameAs\":[\"https:\/\/vieassociative.be\/\"]}]}<\/script>\n<!-- \/ Yoast SEO plugin. -->","yoast_head_json":{"title":"Lancez-vous dans le \u00ab travail en profondeur \u00bb pour \u00eatre plus productif | Vie Associative","robots":{"index":"index","follow":"follow","max-snippet":"max-snippet:-1","max-image-preview":"max-image-preview:large","max-video-preview":"max-video-preview:-1"},"canonical":"https:\/\/vieassociative.be\/actualites\/lancez-vous-dans-le-travail-en-profondeur-pour-etre-plus-productif\/","og_locale":"fr_FR","og_type":"article","og_title":"Lancez-vous dans le \u00ab travail en profondeur \u00bb pour \u00eatre plus productif | Vie Associative","og_description":"Si vous entrez dans la zone de travail sans distraction, vous pouvez encore \u00eatre plus \u00e9panoui. Le travail en profondeur est un concept le plus","og_url":"https:\/\/vieassociative.be\/actualites\/lancez-vous-dans-le-travail-en-profondeur-pour-etre-plus-productif\/","og_site_name":"Vie Associative","article_published_time":"2025-10-29T13:17:00+00:00","og_image":[{"url":"https:\/\/vieassociative.be\/actualites\/wp-content\/uploads\/2025\/09\/1757726237_608_Meta-pourrait-devoiler-une-montre-intelligente-pour-controler-ses-lunettes.jpg","type":"","width":"","height":""}],"author":"Julien","twitter_card":"summary_large_image","twitter_misc":{"\u00c9crit par":"Julien","Dur\u00e9e de lecture est.":"4 minutes"},"schema":{"@context":"https:\/\/schema.org","@graph":[{"@type":"Article","@id":"https:\/\/vieassociative.be\/actualites\/lancez-vous-dans-le-travail-en-profondeur-pour-etre-plus-productif\/#article","isPartOf":{"@id":"https:\/\/vieassociative.be\/actualites\/lancez-vous-dans-le-travail-en-profondeur-pour-etre-plus-productif\/"},"author":{"name":"Julien","@id":"https:\/\/vieassociative.be\/actualites\/#\/schema\/person\/b87ac4f82f9d4e7b7cec7395b679edc4"},"headline":"Lancez-vous dans le \u00ab travail en profondeur \u00bb pour \u00eatre plus productif","datePublished":"2025-10-29T13:17:00+00:00","dateModified":"2025-10-29T13:17:00+00:00","mainEntityOfPage":{"@id":"https:\/\/vieassociative.be\/actualites\/lancez-vous-dans-le-travail-en-profondeur-pour-etre-plus-productif\/"},"wordCount":876,"publisher":{"@id":"https:\/\/vieassociative.be\/actualites\/#organization"},"image":{"@id":"https:\/\/vieassociative.be\/actualites\/lancez-vous-dans-le-travail-en-profondeur-pour-etre-plus-productif\/#primaryimage"},"thumbnailUrl":"https:\/\/vieassociative.be\/actualites\/wp-content\/uploads\/2025\/10\/Lancez-vous-dans-le-travail-en-profondeur-pour-etre.jpg","keywords":["dans","\u00eatre","Lancezvous","pour","productif","profondeur","travail"],"articleSection":["Travail"],"inLanguage":"fr-BE"},{"@type":"WebPage","@id":"https:\/\/vieassociative.be\/actualites\/lancez-vous-dans-le-travail-en-profondeur-pour-etre-plus-productif\/","url":"https:\/\/vieassociative.be\/actualites\/lancez-vous-dans-le-travail-en-profondeur-pour-etre-plus-productif\/","name":"Lancez-vous dans le \u00ab travail en profondeur \u00bb pour \u00eatre plus productif | Vie Associative","isPartOf":{"@id":"https:\/\/vieassociative.be\/actualites\/#website"},"primaryImageOfPage":{"@id":"https:\/\/vieassociative.be\/actualites\/lancez-vous-dans-le-travail-en-profondeur-pour-etre-plus-productif\/#primaryimage"},"image":{"@id":"https:\/\/vieassociative.be\/actualites\/lancez-vous-dans-le-travail-en-profondeur-pour-etre-plus-productif\/#primaryimage"},"thumbnailUrl":"https:\/\/vieassociative.be\/actualites\/wp-content\/uploads\/2025\/10\/Lancez-vous-dans-le-travail-en-profondeur-pour-etre.jpg","datePublished":"2025-10-29T13:17:00+00:00","dateModified":"2025-10-29T13:17:00+00:00","breadcrumb":{"@id":"https:\/\/vieassociative.be\/actualites\/lancez-vous-dans-le-travail-en-profondeur-pour-etre-plus-productif\/#breadcrumb"},"inLanguage":"fr-BE","potentialAction":[{"@type":"ReadAction","target":["https:\/\/vieassociative.be\/actualites\/lancez-vous-dans-le-travail-en-profondeur-pour-etre-plus-productif\/"]}]},{"@type":"ImageObject","inLanguage":"fr-BE","@id":"https:\/\/vieassociative.be\/actualites\/lancez-vous-dans-le-travail-en-profondeur-pour-etre-plus-productif\/#primaryimage","url":"https:\/\/vieassociative.be\/actualites\/wp-content\/uploads\/2025\/10\/Lancez-vous-dans-le-travail-en-profondeur-pour-etre.jpg","contentUrl":"https:\/\/vieassociative.be\/actualites\/wp-content\/uploads\/2025\/10\/Lancez-vous-dans-le-travail-en-profondeur-pour-etre.jpg","width":1200,"height":675,"caption":"Lancez-vous dans le \u00ab travail en profondeur \u00bb pour \u00eatre plus productif"},{"@type":"BreadcrumbList","@id":"https:\/\/vieassociative.be\/actualites\/lancez-vous-dans-le-travail-en-profondeur-pour-etre-plus-productif\/#breadcrumb","itemListElement":[{"@type":"ListItem","position":1,"name":"Accueil","item":"https:\/\/vieassociative.be\/actualites\/"},{"@type":"ListItem","position":2,"name":"Lancez-vous dans le \u00ab travail en profondeur \u00bb pour \u00eatre plus productif"}]},{"@type":"WebSite","@id":"https:\/\/vieassociative.be\/actualites\/#website","url":"https:\/\/vieassociative.be\/actualites\/","name":"Vie Associative","description":"","publisher":{"@id":"https:\/\/vieassociative.be\/actualites\/#organization"},"potentialAction":[{"@type":"SearchAction","target":{"@type":"EntryPoint","urlTemplate":"https:\/\/vieassociative.be\/actualites\/?s={search_term_string}"},"query-input":{"@type":"PropertyValueSpecification","valueRequired":true,"valueName":"search_term_string"}}],"inLanguage":"fr-BE"},{"@type":"Organization","@id":"https:\/\/vieassociative.be\/actualites\/#organization","name":"Vie Associative","url":"https:\/\/vieassociative.be\/actualites\/","logo":{"@type":"ImageObject","inLanguage":"fr-BE","@id":"https:\/\/vieassociative.be\/actualites\/#\/schema\/logo\/image\/","url":"https:\/\/vieassociative.be\/actualites\/wp-content\/uploads\/2024\/09\/cropped-vieassociative_favicon.ico.png","contentUrl":"https:\/\/vieassociative.be\/actualites\/wp-content\/uploads\/2024\/09\/cropped-vieassociative_favicon.ico.png","width":512,"height":512,"caption":"Vie Associative"},"image":{"@id":"https:\/\/vieassociative.be\/actualites\/#\/schema\/logo\/image\/"}},{"@type":"Person","@id":"https:\/\/vieassociative.be\/actualites\/#\/schema\/person\/b87ac4f82f9d4e7b7cec7395b679edc4","name":"Julien","image":{"@type":"ImageObject","inLanguage":"fr-BE","@id":"https:\/\/vieassociative.be\/actualites\/#\/schema\/person\/image\/","url":"https:\/\/vieassociative.be\/actualites\/wp-content\/uploads\/2024\/09\/vie-associative-1-150x150.jpg","contentUrl":"https:\/\/vieassociative.be\/actualites\/wp-content\/uploads\/2024\/09\/vie-associative-1-150x150.jpg","caption":"Julien"},"description":"Je suis Julien, r\u00e9dacteur pour Vie Associative. Passionn\u00e9 par le monde associatif depuis plus de 10 ans, j'ai \u00e0 c\u0153ur de partager des histoires inspirantes et de mettre en lumi\u00e8re les initiatives locales. Mon objectif est de sensibiliser et d'encourager l'engagement communautaire \u00e0 travers mes articles.","sameAs":["https:\/\/vieassociative.be\/"]}]}},"_links":{"self":[{"href":"https:\/\/vieassociative.be\/actualites\/wp-json\/wp\/v2\/posts\/10977"}],"collection":[{"href":"https:\/\/vieassociative.be\/actualites\/wp-json\/wp\/v2\/posts"}],"about":[{"href":"https:\/\/vieassociative.be\/actualites\/wp-json\/wp\/v2\/types\/post"}],"author":[{"embeddable":true,"href":"https:\/\/vieassociative.be\/actualites\/wp-json\/wp\/v2\/users\/1"}],"replies":[{"embeddable":true,"href":"https:\/\/vieassociative.be\/actualites\/wp-json\/wp\/v2\/comments?post=10977"}],"version-history":[{"count":0,"href":"https:\/\/vieassociative.be\/actualites\/wp-json\/wp\/v2\/posts\/10977\/revisions"}],"wp:featuredmedia":[{"embeddable":true,"href":"https:\/\/vieassociative.be\/actualites\/wp-json\/wp\/v2\/media\/10978"}],"wp:attachment":[{"href":"https:\/\/vieassociative.be\/actualites\/wp-json\/wp\/v2\/media?parent=10977"}],"wp:term":[{"taxonomy":"category","embeddable":true,"href":"https:\/\/vieassociative.be\/actualites\/wp-json\/wp\/v2\/categories?post=10977"},{"taxonomy":"post_tag","embeddable":true,"href":"https:\/\/vieassociative.be\/actualites\/wp-json\/wp\/v2\/tags?post=10977"}],"curies":[{"name":"wp","href":"https:\/\/api.w.org\/{rel}","templated":true}]}}