{"id":10973,"date":"2025-10-29T12:17:00","date_gmt":"2025-10-29T11:17:00","guid":{"rendered":"https:\/\/vieassociative.be\/actualites\/neuf-nouvelles-fonctionnalites-dia-disponibles-dans-les-applications-creatives-dadobe\/"},"modified":"2025-10-29T12:17:00","modified_gmt":"2025-10-29T11:17:00","slug":"neuf-nouvelles-fonctionnalites-dia-disponibles-dans-les-applications-creatives-dadobe","status":"publish","type":"post","link":"https:\/\/vieassociative.be\/actualites\/neuf-nouvelles-fonctionnalites-dia-disponibles-dans-les-applications-creatives-dadobe\/","title":{"rendered":"Neuf nouvelles fonctionnalit\u00e9s d&rsquo;IA disponibles dans les applications cr\u00e9atives d&rsquo;Adobe"},"content":{"rendered":"<div class=\"mt-4 leading-6 md:mb-8\">Adobe Max 2025 \u00e9tait enti\u00e8rement consacr\u00e9 \u00e0 l&rsquo;IA.<\/div>\n<p><\/p>\n<p>Adobe, la soci\u00e9t\u00e9 \u00e0 l&rsquo;origine de grands programmes cr\u00e9atifs comme Photoshop et Premiere, vient de terminer son discours d&rsquo;ouverture Adobe Max 2025, et vous savez ce que cela signifie. C&rsquo;est vrai : plus d&rsquo;IA. Au cours de la pr\u00e9sentation de trois heures, la soci\u00e9t\u00e9 a mis l&rsquo;accent sur l&rsquo;automatisation de la cr\u00e9ativit\u00e9, en introduisant de nouveaux outils d&rsquo;IA g\u00e9n\u00e9rative pour Photoshop, Lightroom, Premiere Pro et d&rsquo;autres applications Creative Cloud. Certains d&rsquo;entre eux sont des extensions d&rsquo;outils qui existent d\u00e9j\u00e0, comme un meilleur remplissage g\u00e9n\u00e9ratif, tandis que d&rsquo;autres sont tous nouveaux, comme la nouvelle g\u00e9n\u00e9ration audio AI de Firefly. <\/p>\n<h2 id=\"adobe-express-can-design-based-on-vibes\">Adobe Express peut concevoir en fonction des vibrations<\/h2>\n<div class=\"eloquent-imagery-image\">\n<div class=\"flex justify-center\">\n                    <img decoding=\"async\" class=\"border border-gray-100\" src=\"https:\/\/vieassociative.be\/actualites\/wp-content\/uploads\/2025\/10\/Neuf-nouvelles-fonctionnalites-dIA-disponibles-dans-les-applications-creatives-dAdobe.webp.webp\" alt=\"Adobe AI Express\" width=\"2000\" height=\"1333\" loading=\"lazy\"  >\n            <\/div>\n<\/p><\/div>\n<p>Avant d&rsquo;entrer dans le vif du sujet, commen\u00e7ons par les applications d&rsquo;entr\u00e9e de gamme d&rsquo;Adobe. Bien qu&rsquo;Adobe soit connu pour ses programmes de niveau professionnel comme Photoshop, la soci\u00e9t\u00e9 dispose \u00e9galement de son propre \u00e9diteur Web de base gratuit (bien qu&rsquo;il existe \u00e9galement une application mobile) pour l&rsquo;aider \u00e0 rivaliser avec des alternatives comme Canva. Appel\u00e9 Adobe Express, l&rsquo;outil a fait l&rsquo;objet d&rsquo;un flux constant de mises \u00e0 niveau depuis ses d\u00e9buts en 2015 et, avec l&rsquo;introduction de l&rsquo;IA g\u00e9n\u00e9rative, il a rapidement suivi la tendance pour essayer de se rendre plus facile \u00e0 utiliser.<\/p>\n<p>Entrez dans \u00ab AI Assistant dans Adobe Express \u00bb d&rsquo;aujourd&rsquo;hui. Lorsqu&rsquo;il est activ\u00e9 via un commutateur dans le coin sup\u00e9rieur gauche de l&rsquo;application, l&rsquo;assistant remplacera vos outils par une bo\u00eete de discussion dans laquelle vous pourrez lui demander de cr\u00e9er un nouveau design \u00e0 partir de z\u00e9ro ou d&rsquo;en modifier un existant. Si vous avez \u00e0 nouveau besoin de vos outils, vous pouvez les restaurer en d\u00e9sactivant l&rsquo;assistant, bien que les d\u00e9mos d&rsquo;Adobe pour la fonctionnalit\u00e9 montrent \u00e9galement que l&rsquo;assistant affiche des curseurs contextuels en cas de besoin, comme un pour le redimensionnement.<\/p>\n<div class=\"mx-auto mb-12 mt-5 w-full max-w-3xl rounded-md border-2 border-gray-100 p-3 shadow-md md:px-7 md:pb-7 md:pt-5\" id=\"related-video\">\n<div class=\"mb-3 flex items-center md:mb-5\">\n        <img decoding=\"async\" class=\"mr-4 mt-0 h-10 w-10 md:mr-5 md:h-12 md:w-12\" src=\"https:\/\/vieassociative.be\/actualites\/wp-content\/uploads\/2025\/09\/1757726237_608_Meta-pourrait-devoiler-une-montre-intelligente-pour-controler-ses-lunettes.jpg\" alt=\"Logo du pirate de la vie\"><\/p><\/div>\n<div class=\"aspect-video w-full overflow-hidden rounded-md\">\n<div id=\"video-container-01K8QSVPSSX2N5K9QF6C0V078S\"><\/div>\n<\/p><\/div>\n<\/div>\n<p>Bien qu&rsquo;il ne s&rsquo;agisse pas de la premi\u00e8re aventure d&rsquo;Adobe Express dans le domaine de l&rsquo;IA g\u00e9n\u00e9rative, l&rsquo;id\u00e9e est de rendre le d\u00e9marrage ou l&rsquo;\u00e9dition rapide d&rsquo;un \u00e9l\u00e9ment moins intimidant, en permettant aux utilisateurs inexp\u00e9riment\u00e9s de passer la plupart de leur temps dans une bo\u00eete de discussion plut\u00f4t que de devoir cliquer sur une barre d&rsquo;outils. Adobe affirme que, comme ses autres outils d&rsquo;IA, il s&rsquo;appuie sur un certain nombre de sources \u00ab commercialement s\u00fbres \u00bb, notamment les biblioth\u00e8ques de polices et d&rsquo;images de stock de l&rsquo;entreprise et ses mod\u00e8les Firefly AI.<\/p>\n<p>L&rsquo;outil commencera \u00e0 \u00eatre d\u00e9ploy\u00e9 en version b\u00eata publique aujourd&rsquo;hui, vous devriez donc pouvoir l&rsquo;essayer sous peu. <\/p>\n<h2 id=\"adobe-premiere-is-getting-built-into-youtube-shorts\">Adobe Premiere est int\u00e9gr\u00e9 \u00e0 YouTube Shorts<\/h2>\n<div class=\"eloquent-imagery-image\">\n<div class=\"flex justify-center\">\n                    <img decoding=\"async\" class=\"border border-gray-100\" src=\"https:\/\/vieassociative.be\/actualites\/wp-content\/uploads\/2025\/10\/Neuf-nouvelles-fonctionnalites-dIA-disponibles-dans-les-applications-creatives-dAdobe.png\" alt=\"Premiere Pro pour les courts m\u00e9trages YouTube\" width=\"2000\" height=\"876\" loading=\"lazy\"  >\n            <\/div>\n<\/p><\/div>\n<p>Les courts m\u00e9trages sont la prochaine grande nouveaut\u00e9 sur YouTube, et pour encourager davantage de personnes \u00e0 les cr\u00e9er, YouTube s&rsquo;associe \u00e0 Adobe. En tant que mise \u00e0 jour de l&rsquo;application Premiere pour iPhone et de YouTube lui-m\u00eame, la nouvelle fonctionnalit\u00e9 Adobe Create for YouTube Shorts vous permet de t\u00e9l\u00e9charger vos s\u00e9quences et de les pr\u00e9parer instantan\u00e9ment pour la publication avec les superpositions de polices d&rsquo;Adobe et un certain nombre d&rsquo;effets, de transitions et d&rsquo;autocollants \u00ab exclusifs \u00bb. Vous pouvez \u00e9galement connecter directement vos images \u00e0 des mod\u00e8les contenant d\u00e9j\u00e0 des transitions et des effets.<\/p>\n<p>La fonctionnalit\u00e9 est actuellement r\u00e9pertori\u00e9e comme \u00ab \u00e0 venir \u00bb, il vous faudra donc un peu de temps avant de pouvoir l&rsquo;essayer. Mais une fois qu&rsquo;il sera en ligne, Adobe et YouTube indiquent que vous pourrez y acc\u00e9der soit via l&rsquo;application iPhone Premiere, soit directement via YouTube, via une ic\u00f4ne \u00ab\u00a0Modifier dans Adobe Premiere\u00a0\u00bb dans les courts m\u00e9trages YouTube.<\/p>\n<p>Il n\u2019y a pas encore de mot sur une version Android ou de bureau.<\/p>\n<h2 id=\"adobe-will-add-sound-to-your-videos-for-you\">Adobe ajoutera du son \u00e0 vos vid\u00e9os pour vous<\/h2>\n<div class=\"eloquent-imagery-image\">\n<div class=\"flex justify-center\">\n                    <img decoding=\"async\" class=\"border border-gray-100\" src=\"https:\/\/vieassociative.be\/actualites\/wp-content\/uploads\/2025\/10\/Neuf-nouvelles-fonctionnalites-dIA-disponibles-dans-les-applications-creatives-dAdobe.jpg\" alt=\"IA audio Firefly\" width=\"2000\" height=\"1125\" loading=\"lazy\"  >\n            <\/div>\n<\/p><\/div>\n<p>Le son est facile \u00e0 n\u00e9gliger lors de la cr\u00e9ation d&rsquo;une nouvelle vid\u00e9o, et j&rsquo;ai d\u00fb me d\u00e9mener pour trouver une bande-son d\u00e9cente \u00e0 ajouter \u00e0 mes vid\u00e9os \u00e0 la derni\u00e8re seconde plus d&rsquo;une fois. Les nouvelles fonctionnalit\u00e9s audio Firefly AI d&rsquo;Adobe cherchent \u00e0 vous sauver de ce sort, en facilitant l&rsquo;ajout de musique et m\u00eame de narration \u00e0 une vid\u00e9o autrement silencieuse.<\/p>\n<p>D\u00e9ploy\u00e9s en version b\u00eata publique aujourd&rsquo;hui, les nouveaux boutons \u00ab\u00a0G\u00e9n\u00e9rer la bande-son\u00a0\u00bb et \u00ab\u00a0G\u00e9n\u00e9rer la parole\u00a0\u00bb de Firefly utilisent l&rsquo;IA et un syst\u00e8me d&rsquo;invite de style Mad Libs pour vous aider \u00e0 \u00e9valuer rapidement votre contenu \u00e0 partir d&rsquo;un certain nombre d&rsquo;options. <\/p>\n<p>Pour \u00ab\u00a0G\u00e9n\u00e9rer une bande-son\u00a0\u00bb, vous t\u00e9l\u00e9chargerez votre vid\u00e9o, appuyez sur le bouton appropri\u00e9 et l&rsquo;application vous proposera une invite et vous proposera une palette d&rsquo;adjectifs, de types de genre et de types de contenu pour l&rsquo;affiner. Faites glisser les termes que vous avez choisis dans la zone d&rsquo;invite, cliquez sur G\u00e9n\u00e9rer et vous obtiendrez quatre options, chacune d&rsquo;une dur\u00e9e maximale de cinq minutes.<\/p>\n<p>Il est un peu \u00e9trange que vous ne puissiez pas simplement saisir vos propres termes dans la bo\u00eete de dialogue, bien que Alexandru Costin, responsable de l&rsquo;IA g\u00e9n\u00e9rative d&rsquo;Adobe, ait d\u00e9clar\u00e9 \u00e0 The Verge que c&rsquo;est parce que l&rsquo;audio de l&rsquo;IA est \u00ab\u00a0un nouveau muscle que nous devons d\u00e9velopper\u00a0\u00bb et que l&rsquo;approche actuelle est \u00ab\u00a0plus facile et plus accessible\u00a0\u00bb.<\/p>\n<p>Comme les autres g\u00e9n\u00e9rations de Firefly, l&rsquo;audio sera g\u00e9n\u00e9r\u00e9 \u00e0 l&rsquo;aide du contenu sous licence d&rsquo;Adobe, de sorte que les utilisateurs n&rsquo;auront pas \u00e0 s&rsquo;inqui\u00e9ter des atteintes aux droits d&rsquo;auteur sur les vid\u00e9os r\u00e9alis\u00e9es \u00e0 l&rsquo;aide de cette fonctionnalit\u00e9.<\/p>\n<p>\u00ab Generate Speech \u00bb, quant \u00e0 lui, permet aux utilisateurs d&rsquo;acc\u00e9der \u00e0 plus de 50 voix de synth\u00e8se vocale, soit \u00e0 partir d&rsquo;Adobe Firefly, soit sous licence via ElevenLabs. Il n&rsquo;y a pas d&rsquo;invite Mad Libs ici, Adobe permettant \u00e0 la place un contr\u00f4le pr\u00e9cis de facteurs tels que la vitesse, la hauteur, la tonalit\u00e9 et m\u00eame la prononciation. Actuellement, plus de 20 langues sont prises en charge.<\/p>\n<p>Prises ensemble, les mises \u00e0 jour me semblent \u00eatre une tentative de suivre le rythme des plateformes comme Instagram et TikTok, qui int\u00e8grent des biblioth\u00e8ques musicales sous licence et une synth\u00e8se vocale. Il reste \u00e0 voir si une version purement aliment\u00e9e par l&rsquo;IA peut suivre, bien que la mettre dans l&rsquo;\u00e9diteur plut\u00f4t que sur la plateforme donne aux cr\u00e9ateurs plus de choix quant \u00e0 l&rsquo;endroit o\u00f9 t\u00e9l\u00e9charger.<\/p>\n<h2 id=\"updates-inside-photoshop-lightroom-and-premiere\">Mises \u00e0 jour dans Photoshop, Lightroom et Premiere<\/h2>\n<div class=\"eloquent-imagery-image\">\n<div class=\"flex justify-center\">\n                    <img decoding=\"async\" class=\"border border-gray-100\" src=\"https:\/\/vieassociative.be\/actualites\/wp-content\/uploads\/2025\/10\/1761736620_2_Neuf-nouvelles-fonctionnalites-dIA-disponibles-dans-les-applications-creatives-dAdobe.jpg\" alt=\"Image promotionnelle d\u2019Adobe Creative Cloud\" width=\"2000\" height=\"1125\" loading=\"lazy\"  >\n            <\/div>\n<\/p><\/div>\n<p>Enfin, pour les utilisateurs Adobe les plus inconditionnels, des mises \u00e0 jour seront \u00e9galement apport\u00e9es aux applications principales de l&rsquo;entreprise. <\/p>\n<p>Premi\u00e8rement, Photoshop dispose \u00e9galement de son propre assistant IA, qui pourra utiliser des invites pour modifier pour vous. Cependant, contrairement \u00e0 Adobe Express, il est actuellement en version b\u00eata priv\u00e9e, il faudra donc un certain temps avant que la plupart des utilisateurs ne le voient. Elle est \u00e9galement limit\u00e9e \u00e0 la version Web de l&rsquo;application pour le moment.<\/p>\n<p>Cependant, la version b\u00eata ne permet pas de choisir les mod\u00e8les d&rsquo;IA avec lesquels l&rsquo;application fonctionne. Auparavant, Generative Fill, qui utilise l&rsquo;IA pour remplir des espaces vides dans les arri\u00e8re-plans (ou simplement g\u00e9n\u00e9rer des toiles enti\u00e8res \u00e0 partir de rien), \u00e9tait limit\u00e9 aux mod\u00e8les Firefly d&rsquo;Adobe. D\u00e9sormais, les utilisateurs pourront \u00e9galement les utiliser avec le mod\u00e8le Gemini 2.5 Flash de Google ou le mod\u00e8le Flux.1 Kontext de Black Forest. Compte tenu de la popularit\u00e9 de Flash 2.5 sur les r\u00e9seaux sociaux sous le nom de \u00ab nano banane \u00bb, c&rsquo;est un gros avantage pour Adobe.<\/p>\n<p>Pourtant, Firefly n\u2019est pas en reste. Adobe affirme avoir mis \u00e0 niveau le mod\u00e8le avec la possibilit\u00e9 de g\u00e9n\u00e9rer dans une r\u00e9solution native de quatre m\u00e9gapixels et de mieux restituer les personnes. Il l&rsquo;int\u00e8gre \u00e9galement dans un nouvel outil \u00ab\u00a0\u00c9dition d&rsquo;images en couches\u00a0\u00bb qui peut apporter des modifications contextuelles pour vous sur les calques, comme jouer avec les ombres apr\u00e8s avoir d\u00e9plac\u00e9 une image.<\/p>\n<p>En dehors de Photoshop, Lightroom dispose de sa propre fonctionnalit\u00e9 b\u00eata priv\u00e9e appel\u00e9e \u00ab Assisted Culling \u00bb. J&rsquo;admets que Lightroom est probablement l&rsquo;endroit o\u00f9 j&rsquo;ai le moins d&rsquo;exp\u00e9rience en mati\u00e8re d&rsquo;Adobe, mais la soci\u00e9t\u00e9 affirme qu&rsquo;elle sera en mesure de filtrer les photos t\u00e9l\u00e9charg\u00e9es pour vous et de trouver les plus faciles \u00e0 modifier.<\/p>\n<p>Enfin, Premiere Pro poss\u00e8de sa propre fonctionnalit\u00e9 b\u00eata, mais gracieusement publique. Appel\u00e9 \u00ab AI Object Mask \u00bb, il d\u00e9tectera et suivra automatiquement les personnes et les objets en arri\u00e8re-plan de votre vid\u00e9o, afin que vous puissiez ajouter plus facilement des effets tels que des flous ou un \u00e9talonnage des couleurs. Cela peut \u00eatre utile si, par exemple, vous photographiez dans une zone tr\u00e8s fr\u00e9quent\u00e9e o\u00f9 vous devez flouter de nombreux visages.<\/p>\n<h2 id=\"a-little-something-for-everyone\">Un petit quelque chose pour tout le monde<\/h2>\n<p>Dans l\u2019ensemble, c\u2019\u00e9tait un Max assez \u00e9quilibr\u00e9, avec un certain nombre de fonctionnalit\u00e9s pour les pros et les d\u00e9butants. Cela dit, je ne peux ignorer l\u2019accent mis sur l\u2019IA et la g\u00e9n\u00e9ration automatique. D&rsquo;un c\u00f4t\u00e9, je trouve que Photoshop est un peu intimidant. D\u2019un autre c\u00f4t\u00e9, plus Adobe g\u00e8re vos modifications \u00e0 votre place, plus il court le risque de concurrencer les applications et plates-formes d\u2019\u00e9dition faciles existantes. Je suis curieux de voir comment le g\u00e9ant de l&rsquo;industrie sera comp\u00e9titif alors que des plateformes comme TikTok et Instagram continuent de proposer leurs propres outils d&rsquo;\u00e9dition int\u00e9gr\u00e9s.<\/p>\n","protected":false},"excerpt":{"rendered":"<p>Adobe Max 2025 \u00e9tait enti\u00e8rement consacr\u00e9 \u00e0 l&rsquo;IA. Adobe, la soci\u00e9t\u00e9 \u00e0 l&rsquo;origine de grands programmes cr\u00e9atifs comme Photoshop et Premiere, vient de terminer son<\/p>\n","protected":false},"author":1,"featured_media":10974,"comment_status":"","ping_status":"","sticky":false,"template":"","format":"standard","meta":{"footnotes":""},"categories":[13],"tags":[292,695,2156,166,31,9074,1216,14,437,1215],"class_list":["post-10973","post","type-post","status-publish","format-standard","has-post-thumbnail","hentry","category-technologie","tag-applications","tag-creatives","tag-dadobe","tag-dans","tag-dia","tag-disponibles","tag-fonctionnalites","tag-les","tag-neuf","tag-nouvelles","generate-columns","tablet-grid-50","mobile-grid-100","grid-parent","grid-33"],"yoast_head":"<!-- This site is optimized with the Yoast SEO plugin v24.0 - https:\/\/yoast.com\/wordpress\/plugins\/seo\/ -->\n<title>Neuf nouvelles fonctionnalit\u00e9s d&#039;IA disponibles dans les applications cr\u00e9atives d&#039;Adobe | Vie Associative<\/title>\n<meta name=\"robots\" content=\"index, follow, max-snippet:-1, max-image-preview:large, max-video-preview:-1\" \/>\n<link rel=\"canonical\" href=\"https:\/\/vieassociative.be\/actualites\/neuf-nouvelles-fonctionnalites-dia-disponibles-dans-les-applications-creatives-dadobe\/\" \/>\n<meta property=\"og:locale\" content=\"fr_FR\" \/>\n<meta property=\"og:type\" content=\"article\" \/>\n<meta property=\"og:title\" content=\"Neuf nouvelles fonctionnalit\u00e9s d&#039;IA disponibles dans les applications cr\u00e9atives d&#039;Adobe | Vie Associative\" \/>\n<meta property=\"og:description\" content=\"Adobe Max 2025 \u00e9tait enti\u00e8rement consacr\u00e9 \u00e0 l&rsquo;IA. Adobe, la soci\u00e9t\u00e9 \u00e0 l&rsquo;origine de grands programmes cr\u00e9atifs comme Photoshop et Premiere, vient de terminer son\" \/>\n<meta property=\"og:url\" content=\"https:\/\/vieassociative.be\/actualites\/neuf-nouvelles-fonctionnalites-dia-disponibles-dans-les-applications-creatives-dadobe\/\" \/>\n<meta property=\"og:site_name\" content=\"Vie Associative\" \/>\n<meta property=\"article:published_time\" content=\"2025-10-29T11:17:00+00:00\" \/>\n<meta property=\"og:image\" content=\"https:\/\/vieassociative.be\/actualites\/wp-content\/uploads\/2025\/10\/Neuf-nouvelles-fonctionnalites-dIA-disponibles-dans-les-applications-creatives-dAdobe.webp.webp\" \/>\n<meta name=\"author\" content=\"Julien\" \/>\n<meta name=\"twitter:card\" content=\"summary_large_image\" \/>\n<meta name=\"twitter:label1\" content=\"\u00c9crit par\" \/>\n\t<meta name=\"twitter:data1\" content=\"Julien\" \/>\n\t<meta name=\"twitter:label2\" content=\"Dur\u00e9e de lecture est.\" \/>\n\t<meta name=\"twitter:data2\" content=\"8 minutes\" \/>\n<script type=\"application\/ld+json\" class=\"yoast-schema-graph\">{\"@context\":\"https:\/\/schema.org\",\"@graph\":[{\"@type\":\"Article\",\"@id\":\"https:\/\/vieassociative.be\/actualites\/neuf-nouvelles-fonctionnalites-dia-disponibles-dans-les-applications-creatives-dadobe\/#article\",\"isPartOf\":{\"@id\":\"https:\/\/vieassociative.be\/actualites\/neuf-nouvelles-fonctionnalites-dia-disponibles-dans-les-applications-creatives-dadobe\/\"},\"author\":{\"name\":\"Julien\",\"@id\":\"https:\/\/vieassociative.be\/actualites\/#\/schema\/person\/b87ac4f82f9d4e7b7cec7395b679edc4\"},\"headline\":\"Neuf nouvelles fonctionnalit\u00e9s d&rsquo;IA disponibles dans les applications cr\u00e9atives d&rsquo;Adobe\",\"datePublished\":\"2025-10-29T11:17:00+00:00\",\"dateModified\":\"2025-10-29T11:17:00+00:00\",\"mainEntityOfPage\":{\"@id\":\"https:\/\/vieassociative.be\/actualites\/neuf-nouvelles-fonctionnalites-dia-disponibles-dans-les-applications-creatives-dadobe\/\"},\"wordCount\":1695,\"publisher\":{\"@id\":\"https:\/\/vieassociative.be\/actualites\/#organization\"},\"image\":{\"@id\":\"https:\/\/vieassociative.be\/actualites\/neuf-nouvelles-fonctionnalites-dia-disponibles-dans-les-applications-creatives-dadobe\/#primaryimage\"},\"thumbnailUrl\":\"https:\/\/vieassociative.be\/actualites\/wp-content\/uploads\/2025\/10\/1761736621_Neuf-nouvelles-fonctionnalites-dIA-disponibles-dans-les-applications-creatives-dAdobe.png\",\"keywords\":[\"applications\",\"cr\u00e9atives\",\"dAdobe\",\"dans\",\"dIA\",\"disponibles\",\"fonctionnalit\u00e9s\",\"Les\",\"Neuf\",\"nouvelles\"],\"articleSection\":[\"Technologie\"],\"inLanguage\":\"fr-BE\"},{\"@type\":\"WebPage\",\"@id\":\"https:\/\/vieassociative.be\/actualites\/neuf-nouvelles-fonctionnalites-dia-disponibles-dans-les-applications-creatives-dadobe\/\",\"url\":\"https:\/\/vieassociative.be\/actualites\/neuf-nouvelles-fonctionnalites-dia-disponibles-dans-les-applications-creatives-dadobe\/\",\"name\":\"Neuf nouvelles fonctionnalit\u00e9s d'IA disponibles dans les applications cr\u00e9atives d'Adobe | Vie Associative\",\"isPartOf\":{\"@id\":\"https:\/\/vieassociative.be\/actualites\/#website\"},\"primaryImageOfPage\":{\"@id\":\"https:\/\/vieassociative.be\/actualites\/neuf-nouvelles-fonctionnalites-dia-disponibles-dans-les-applications-creatives-dadobe\/#primaryimage\"},\"image\":{\"@id\":\"https:\/\/vieassociative.be\/actualites\/neuf-nouvelles-fonctionnalites-dia-disponibles-dans-les-applications-creatives-dadobe\/#primaryimage\"},\"thumbnailUrl\":\"https:\/\/vieassociative.be\/actualites\/wp-content\/uploads\/2025\/10\/1761736621_Neuf-nouvelles-fonctionnalites-dIA-disponibles-dans-les-applications-creatives-dAdobe.png\",\"datePublished\":\"2025-10-29T11:17:00+00:00\",\"dateModified\":\"2025-10-29T11:17:00+00:00\",\"breadcrumb\":{\"@id\":\"https:\/\/vieassociative.be\/actualites\/neuf-nouvelles-fonctionnalites-dia-disponibles-dans-les-applications-creatives-dadobe\/#breadcrumb\"},\"inLanguage\":\"fr-BE\",\"potentialAction\":[{\"@type\":\"ReadAction\",\"target\":[\"https:\/\/vieassociative.be\/actualites\/neuf-nouvelles-fonctionnalites-dia-disponibles-dans-les-applications-creatives-dadobe\/\"]}]},{\"@type\":\"ImageObject\",\"inLanguage\":\"fr-BE\",\"@id\":\"https:\/\/vieassociative.be\/actualites\/neuf-nouvelles-fonctionnalites-dia-disponibles-dans-les-applications-creatives-dadobe\/#primaryimage\",\"url\":\"https:\/\/vieassociative.be\/actualites\/wp-content\/uploads\/2025\/10\/1761736621_Neuf-nouvelles-fonctionnalites-dIA-disponibles-dans-les-applications-creatives-dAdobe.png\",\"contentUrl\":\"https:\/\/vieassociative.be\/actualites\/wp-content\/uploads\/2025\/10\/1761736621_Neuf-nouvelles-fonctionnalites-dIA-disponibles-dans-les-applications-creatives-dAdobe.png\",\"width\":1200,\"height\":675,\"caption\":\"Neuf nouvelles fonctionnalit\u00e9s d'IA disponibles dans les applications cr\u00e9atives d'Adobe\"},{\"@type\":\"BreadcrumbList\",\"@id\":\"https:\/\/vieassociative.be\/actualites\/neuf-nouvelles-fonctionnalites-dia-disponibles-dans-les-applications-creatives-dadobe\/#breadcrumb\",\"itemListElement\":[{\"@type\":\"ListItem\",\"position\":1,\"name\":\"Accueil\",\"item\":\"https:\/\/vieassociative.be\/actualites\/\"},{\"@type\":\"ListItem\",\"position\":2,\"name\":\"Neuf nouvelles fonctionnalit\u00e9s d&rsquo;IA disponibles dans les applications cr\u00e9atives d&rsquo;Adobe\"}]},{\"@type\":\"WebSite\",\"@id\":\"https:\/\/vieassociative.be\/actualites\/#website\",\"url\":\"https:\/\/vieassociative.be\/actualites\/\",\"name\":\"Vie Associative\",\"description\":\"\",\"publisher\":{\"@id\":\"https:\/\/vieassociative.be\/actualites\/#organization\"},\"potentialAction\":[{\"@type\":\"SearchAction\",\"target\":{\"@type\":\"EntryPoint\",\"urlTemplate\":\"https:\/\/vieassociative.be\/actualites\/?s={search_term_string}\"},\"query-input\":{\"@type\":\"PropertyValueSpecification\",\"valueRequired\":true,\"valueName\":\"search_term_string\"}}],\"inLanguage\":\"fr-BE\"},{\"@type\":\"Organization\",\"@id\":\"https:\/\/vieassociative.be\/actualites\/#organization\",\"name\":\"Vie Associative\",\"url\":\"https:\/\/vieassociative.be\/actualites\/\",\"logo\":{\"@type\":\"ImageObject\",\"inLanguage\":\"fr-BE\",\"@id\":\"https:\/\/vieassociative.be\/actualites\/#\/schema\/logo\/image\/\",\"url\":\"https:\/\/vieassociative.be\/actualites\/wp-content\/uploads\/2024\/09\/cropped-vieassociative_favicon.ico.png\",\"contentUrl\":\"https:\/\/vieassociative.be\/actualites\/wp-content\/uploads\/2024\/09\/cropped-vieassociative_favicon.ico.png\",\"width\":512,\"height\":512,\"caption\":\"Vie Associative\"},\"image\":{\"@id\":\"https:\/\/vieassociative.be\/actualites\/#\/schema\/logo\/image\/\"}},{\"@type\":\"Person\",\"@id\":\"https:\/\/vieassociative.be\/actualites\/#\/schema\/person\/b87ac4f82f9d4e7b7cec7395b679edc4\",\"name\":\"Julien\",\"image\":{\"@type\":\"ImageObject\",\"inLanguage\":\"fr-BE\",\"@id\":\"https:\/\/vieassociative.be\/actualites\/#\/schema\/person\/image\/\",\"url\":\"https:\/\/vieassociative.be\/actualites\/wp-content\/uploads\/2024\/09\/vie-associative-1-150x150.jpg\",\"contentUrl\":\"https:\/\/vieassociative.be\/actualites\/wp-content\/uploads\/2024\/09\/vie-associative-1-150x150.jpg\",\"caption\":\"Julien\"},\"description\":\"Je suis Julien, r\u00e9dacteur pour Vie Associative. Passionn\u00e9 par le monde associatif depuis plus de 10 ans, j'ai \u00e0 c\u0153ur de partager des histoires inspirantes et de mettre en lumi\u00e8re les initiatives locales. Mon objectif est de sensibiliser et d'encourager l'engagement communautaire \u00e0 travers mes articles.\",\"sameAs\":[\"https:\/\/vieassociative.be\/\"]}]}<\/script>\n<!-- \/ Yoast SEO plugin. -->","yoast_head_json":{"title":"Neuf nouvelles fonctionnalit\u00e9s d'IA disponibles dans les applications cr\u00e9atives d'Adobe | Vie Associative","robots":{"index":"index","follow":"follow","max-snippet":"max-snippet:-1","max-image-preview":"max-image-preview:large","max-video-preview":"max-video-preview:-1"},"canonical":"https:\/\/vieassociative.be\/actualites\/neuf-nouvelles-fonctionnalites-dia-disponibles-dans-les-applications-creatives-dadobe\/","og_locale":"fr_FR","og_type":"article","og_title":"Neuf nouvelles fonctionnalit\u00e9s d'IA disponibles dans les applications cr\u00e9atives d'Adobe | Vie Associative","og_description":"Adobe Max 2025 \u00e9tait enti\u00e8rement consacr\u00e9 \u00e0 l&rsquo;IA. Adobe, la soci\u00e9t\u00e9 \u00e0 l&rsquo;origine de grands programmes cr\u00e9atifs comme Photoshop et Premiere, vient de terminer son","og_url":"https:\/\/vieassociative.be\/actualites\/neuf-nouvelles-fonctionnalites-dia-disponibles-dans-les-applications-creatives-dadobe\/","og_site_name":"Vie Associative","article_published_time":"2025-10-29T11:17:00+00:00","og_image":[{"url":"https:\/\/vieassociative.be\/actualites\/wp-content\/uploads\/2025\/10\/Neuf-nouvelles-fonctionnalites-dIA-disponibles-dans-les-applications-creatives-dAdobe.webp.webp","type":"","width":"","height":""}],"author":"Julien","twitter_card":"summary_large_image","twitter_misc":{"\u00c9crit par":"Julien","Dur\u00e9e de lecture est.":"8 minutes"},"schema":{"@context":"https:\/\/schema.org","@graph":[{"@type":"Article","@id":"https:\/\/vieassociative.be\/actualites\/neuf-nouvelles-fonctionnalites-dia-disponibles-dans-les-applications-creatives-dadobe\/#article","isPartOf":{"@id":"https:\/\/vieassociative.be\/actualites\/neuf-nouvelles-fonctionnalites-dia-disponibles-dans-les-applications-creatives-dadobe\/"},"author":{"name":"Julien","@id":"https:\/\/vieassociative.be\/actualites\/#\/schema\/person\/b87ac4f82f9d4e7b7cec7395b679edc4"},"headline":"Neuf nouvelles fonctionnalit\u00e9s d&rsquo;IA disponibles dans les applications cr\u00e9atives d&rsquo;Adobe","datePublished":"2025-10-29T11:17:00+00:00","dateModified":"2025-10-29T11:17:00+00:00","mainEntityOfPage":{"@id":"https:\/\/vieassociative.be\/actualites\/neuf-nouvelles-fonctionnalites-dia-disponibles-dans-les-applications-creatives-dadobe\/"},"wordCount":1695,"publisher":{"@id":"https:\/\/vieassociative.be\/actualites\/#organization"},"image":{"@id":"https:\/\/vieassociative.be\/actualites\/neuf-nouvelles-fonctionnalites-dia-disponibles-dans-les-applications-creatives-dadobe\/#primaryimage"},"thumbnailUrl":"https:\/\/vieassociative.be\/actualites\/wp-content\/uploads\/2025\/10\/1761736621_Neuf-nouvelles-fonctionnalites-dIA-disponibles-dans-les-applications-creatives-dAdobe.png","keywords":["applications","cr\u00e9atives","dAdobe","dans","dIA","disponibles","fonctionnalit\u00e9s","Les","Neuf","nouvelles"],"articleSection":["Technologie"],"inLanguage":"fr-BE"},{"@type":"WebPage","@id":"https:\/\/vieassociative.be\/actualites\/neuf-nouvelles-fonctionnalites-dia-disponibles-dans-les-applications-creatives-dadobe\/","url":"https:\/\/vieassociative.be\/actualites\/neuf-nouvelles-fonctionnalites-dia-disponibles-dans-les-applications-creatives-dadobe\/","name":"Neuf nouvelles fonctionnalit\u00e9s d'IA disponibles dans les applications cr\u00e9atives d'Adobe | Vie Associative","isPartOf":{"@id":"https:\/\/vieassociative.be\/actualites\/#website"},"primaryImageOfPage":{"@id":"https:\/\/vieassociative.be\/actualites\/neuf-nouvelles-fonctionnalites-dia-disponibles-dans-les-applications-creatives-dadobe\/#primaryimage"},"image":{"@id":"https:\/\/vieassociative.be\/actualites\/neuf-nouvelles-fonctionnalites-dia-disponibles-dans-les-applications-creatives-dadobe\/#primaryimage"},"thumbnailUrl":"https:\/\/vieassociative.be\/actualites\/wp-content\/uploads\/2025\/10\/1761736621_Neuf-nouvelles-fonctionnalites-dIA-disponibles-dans-les-applications-creatives-dAdobe.png","datePublished":"2025-10-29T11:17:00+00:00","dateModified":"2025-10-29T11:17:00+00:00","breadcrumb":{"@id":"https:\/\/vieassociative.be\/actualites\/neuf-nouvelles-fonctionnalites-dia-disponibles-dans-les-applications-creatives-dadobe\/#breadcrumb"},"inLanguage":"fr-BE","potentialAction":[{"@type":"ReadAction","target":["https:\/\/vieassociative.be\/actualites\/neuf-nouvelles-fonctionnalites-dia-disponibles-dans-les-applications-creatives-dadobe\/"]}]},{"@type":"ImageObject","inLanguage":"fr-BE","@id":"https:\/\/vieassociative.be\/actualites\/neuf-nouvelles-fonctionnalites-dia-disponibles-dans-les-applications-creatives-dadobe\/#primaryimage","url":"https:\/\/vieassociative.be\/actualites\/wp-content\/uploads\/2025\/10\/1761736621_Neuf-nouvelles-fonctionnalites-dIA-disponibles-dans-les-applications-creatives-dAdobe.png","contentUrl":"https:\/\/vieassociative.be\/actualites\/wp-content\/uploads\/2025\/10\/1761736621_Neuf-nouvelles-fonctionnalites-dIA-disponibles-dans-les-applications-creatives-dAdobe.png","width":1200,"height":675,"caption":"Neuf nouvelles fonctionnalit\u00e9s d'IA disponibles dans les applications cr\u00e9atives d'Adobe"},{"@type":"BreadcrumbList","@id":"https:\/\/vieassociative.be\/actualites\/neuf-nouvelles-fonctionnalites-dia-disponibles-dans-les-applications-creatives-dadobe\/#breadcrumb","itemListElement":[{"@type":"ListItem","position":1,"name":"Accueil","item":"https:\/\/vieassociative.be\/actualites\/"},{"@type":"ListItem","position":2,"name":"Neuf nouvelles fonctionnalit\u00e9s d&rsquo;IA disponibles dans les applications cr\u00e9atives d&rsquo;Adobe"}]},{"@type":"WebSite","@id":"https:\/\/vieassociative.be\/actualites\/#website","url":"https:\/\/vieassociative.be\/actualites\/","name":"Vie Associative","description":"","publisher":{"@id":"https:\/\/vieassociative.be\/actualites\/#organization"},"potentialAction":[{"@type":"SearchAction","target":{"@type":"EntryPoint","urlTemplate":"https:\/\/vieassociative.be\/actualites\/?s={search_term_string}"},"query-input":{"@type":"PropertyValueSpecification","valueRequired":true,"valueName":"search_term_string"}}],"inLanguage":"fr-BE"},{"@type":"Organization","@id":"https:\/\/vieassociative.be\/actualites\/#organization","name":"Vie Associative","url":"https:\/\/vieassociative.be\/actualites\/","logo":{"@type":"ImageObject","inLanguage":"fr-BE","@id":"https:\/\/vieassociative.be\/actualites\/#\/schema\/logo\/image\/","url":"https:\/\/vieassociative.be\/actualites\/wp-content\/uploads\/2024\/09\/cropped-vieassociative_favicon.ico.png","contentUrl":"https:\/\/vieassociative.be\/actualites\/wp-content\/uploads\/2024\/09\/cropped-vieassociative_favicon.ico.png","width":512,"height":512,"caption":"Vie Associative"},"image":{"@id":"https:\/\/vieassociative.be\/actualites\/#\/schema\/logo\/image\/"}},{"@type":"Person","@id":"https:\/\/vieassociative.be\/actualites\/#\/schema\/person\/b87ac4f82f9d4e7b7cec7395b679edc4","name":"Julien","image":{"@type":"ImageObject","inLanguage":"fr-BE","@id":"https:\/\/vieassociative.be\/actualites\/#\/schema\/person\/image\/","url":"https:\/\/vieassociative.be\/actualites\/wp-content\/uploads\/2024\/09\/vie-associative-1-150x150.jpg","contentUrl":"https:\/\/vieassociative.be\/actualites\/wp-content\/uploads\/2024\/09\/vie-associative-1-150x150.jpg","caption":"Julien"},"description":"Je suis Julien, r\u00e9dacteur pour Vie Associative. Passionn\u00e9 par le monde associatif depuis plus de 10 ans, j'ai \u00e0 c\u0153ur de partager des histoires inspirantes et de mettre en lumi\u00e8re les initiatives locales. Mon objectif est de sensibiliser et d'encourager l'engagement communautaire \u00e0 travers mes articles.","sameAs":["https:\/\/vieassociative.be\/"]}]}},"_links":{"self":[{"href":"https:\/\/vieassociative.be\/actualites\/wp-json\/wp\/v2\/posts\/10973"}],"collection":[{"href":"https:\/\/vieassociative.be\/actualites\/wp-json\/wp\/v2\/posts"}],"about":[{"href":"https:\/\/vieassociative.be\/actualites\/wp-json\/wp\/v2\/types\/post"}],"author":[{"embeddable":true,"href":"https:\/\/vieassociative.be\/actualites\/wp-json\/wp\/v2\/users\/1"}],"replies":[{"embeddable":true,"href":"https:\/\/vieassociative.be\/actualites\/wp-json\/wp\/v2\/comments?post=10973"}],"version-history":[{"count":0,"href":"https:\/\/vieassociative.be\/actualites\/wp-json\/wp\/v2\/posts\/10973\/revisions"}],"wp:featuredmedia":[{"embeddable":true,"href":"https:\/\/vieassociative.be\/actualites\/wp-json\/wp\/v2\/media\/10974"}],"wp:attachment":[{"href":"https:\/\/vieassociative.be\/actualites\/wp-json\/wp\/v2\/media?parent=10973"}],"wp:term":[{"taxonomy":"category","embeddable":true,"href":"https:\/\/vieassociative.be\/actualites\/wp-json\/wp\/v2\/categories?post=10973"},{"taxonomy":"post_tag","embeddable":true,"href":"https:\/\/vieassociative.be\/actualites\/wp-json\/wp\/v2\/tags?post=10973"}],"curies":[{"name":"wp","href":"https:\/\/api.w.org\/{rel}","templated":true}]}}