{"id":10971,"date":"2025-10-29T09:17:00","date_gmt":"2025-10-29T08:17:00","guid":{"rendered":"https:\/\/vieassociative.be\/actualites\/la-ville-deupen-met-a-nouveau-en-place-une-centaine-de-corbeilles-a-feuilles\/"},"modified":"2025-10-29T09:17:00","modified_gmt":"2025-10-29T08:17:00","slug":"la-ville-deupen-met-a-nouveau-en-place-une-centaine-de-corbeilles-a-feuilles","status":"publish","type":"post","link":"https:\/\/vieassociative.be\/actualites\/la-ville-deupen-met-a-nouveau-en-place-une-centaine-de-corbeilles-a-feuilles\/","title":{"rendered":"La ville d&rsquo;Eupen met \u00e0 nouveau en place une centaine de corbeilles \u00e0 feuilles"},"content":{"rendered":"<p><strong>Afin d&rsquo;aider la population \u00e0 \u00e9liminer les feuilles des arbres de rue, la ville d&rsquo;Eupen installe depuis plusieurs ann\u00e9es une centaine de corbeilles \u00e0 feuilles dans les espaces particuli\u00e8rement feuillus de la ville.<\/strong><\/p>\n<p><span id=\"more-428284\"><\/span>Le nettoyage des trottoirs et des accotements dans les espaces publics est \u00e0 la charge des r\u00e9sidents respectifs.<\/p>\n<p>Le chantier re\u00e7oit r\u00e9guli\u00e8rement des demandes de mise en place de paniers suppl\u00e9mentaires. Cependant, les capacit\u00e9s sont \u00e9puis\u00e9es car le chantier de construction ne dispose que d&rsquo;une capacit\u00e9 de stockage limit\u00e9e et les temps de fonctionnement des machines n\u00e9cessaires sont pleinement utilis\u00e9s.<\/p>\n<p>Il peut y avoir des retards dans le vidage des paniers de feuilles existants et dans l\u2019aspiration des tas de feuilles. La ville demande votre compr\u00e9hension.<\/p>\n<p><strong>&#8211; REMARQUE importante\u00a0:<\/strong> Les corbeilles \u00e0 feuilles sont destin\u00e9es exclusivement aux feuilles des arbres des rues publiques. Les feuilles du jardin ne peuvent pas y \u00eatre jet\u00e9es.<\/p>\n<p>BISA pr\u00e9voit de continuer \u00e0 vider chaque semaine les poubelles vertes d&rsquo;Eupen et de Kettenis jusqu&rsquo;\u00e0 fin novembre. Une vidange particuli\u00e8re est \u00e9galement pr\u00e9vue en d\u00e9cembre :<\/p>\n<p>\u2022 Kettenis : mercredi 10 d\u00e9cembre 2025<br \/>\n\u2022 Eupen : jeudi 11 d\u00e9cembre 2025<\/p>\n<p><em><strong>Sur le sujet, voir aussi l&rsquo;article suivant sur l&rsquo;OD :<\/strong><\/em><\/p>\n<div class=\"responsive-embed widescreen\">\n<blockquote class=\"wp-embedded-content\" data-secret=\"VxX3FE9gzX\">\n<p>Conduire en automne (sous pluie, brouillard, obscurit\u00e9, soleil bas ou passage d&rsquo;animaux sauvages\u2026)<\/p>\n<\/blockquote>\n<p><iframe loading=\"lazy\" class=\"wp-embedded-content\" sandbox=\"allow-scripts\" security=\"restricted\" style=\"position: absolute; visibility: hidden;\" title=\"\u201eFahren im Herbst (bei Regen, Nebel, Dunkelheit, tief stehender Sonne oder Wildwechsel\u2026)\u201c \u2014 Ostbelgien Direkt\" src=\"https:\/\/ostbelgiendirekt.be\/about:blank\" data-secret=\"VxX3FE9gzX\" width=\"500\" height=\"282\" frameborder=\"0\" marginwidth=\"0\" marginheight=\"0\" scrolling=\"no\" data-rocket-lazyload=\"fitvidscompatible\" data-lazy-src=\"https:\/\/ostbelgiendirekt.be\/fahren-im-herbst-2025-427243\/embed#?secret=DX6EH1dDa8#?secret=VxX3FE9gzX\"><\/iframe><noscript><iframe class=\"wp-embedded-content\" sandbox=\"allow-scripts\" security=\"restricted\" style=\"position: absolute; visibility: hidden;\" title=\"\u201eFahren im Herbst (bei Regen, Nebel, Dunkelheit, tief stehender Sonne oder Wildwechsel\u2026)\u201c \u2014 Ostbelgien Direkt\" src=\"https:\/\/ostbelgiendirekt.be\/fahren-im-herbst-2025-427243\/embed#?secret=DX6EH1dDa8#?secret=VxX3FE9gzX\" data-secret=\"VxX3FE9gzX\" width=\"500\" height=\"282\" frameborder=\"0\" marginwidth=\"0\" marginheight=\"0\" scrolling=\"no\"><\/iframe><\/noscript><\/p>\n<\/div>\n","protected":false},"excerpt":{"rendered":"<p>Afin d&rsquo;aider la population \u00e0 \u00e9liminer les feuilles des arbres de rue, la ville d&rsquo;Eupen installe depuis plusieurs ann\u00e9es une centaine de corbeilles \u00e0 feuilles<\/p>\n","protected":false},"author":1,"featured_media":10972,"comment_status":"","ping_status":"","sticky":false,"template":"","format":"standard","meta":{"footnotes":""},"categories":[298],"tags":[9072,9073,2403,5338,3593,553,204,110,684],"class_list":["post-10971","post","type-post","status-publish","format-standard","has-post-thumbnail","hentry","category-belgique","tag-centaine","tag-corbeilles","tag-deupen","tag-feuilles","tag-met","tag-nouveau","tag-place","tag-une","tag-ville","generate-columns","tablet-grid-50","mobile-grid-100","grid-parent","grid-33"],"yoast_head":"<!-- This site is optimized with the Yoast SEO plugin v24.0 - https:\/\/yoast.com\/wordpress\/plugins\/seo\/ -->\n<title>La ville d&#039;Eupen met \u00e0 nouveau en place une centaine de corbeilles \u00e0 feuilles | Vie Associative<\/title>\n<meta name=\"robots\" content=\"index, follow, max-snippet:-1, max-image-preview:large, max-video-preview:-1\" \/>\n<link rel=\"canonical\" href=\"https:\/\/vieassociative.be\/actualites\/la-ville-deupen-met-a-nouveau-en-place-une-centaine-de-corbeilles-a-feuilles\/\" \/>\n<meta property=\"og:locale\" content=\"fr_FR\" \/>\n<meta property=\"og:type\" content=\"article\" \/>\n<meta property=\"og:title\" content=\"La ville d&#039;Eupen met \u00e0 nouveau en place une centaine de corbeilles \u00e0 feuilles | Vie Associative\" \/>\n<meta property=\"og:description\" content=\"Afin d&rsquo;aider la population \u00e0 \u00e9liminer les feuilles des arbres de rue, la ville d&rsquo;Eupen installe depuis plusieurs ann\u00e9es une centaine de corbeilles \u00e0 feuilles\" \/>\n<meta property=\"og:url\" content=\"https:\/\/vieassociative.be\/actualites\/la-ville-deupen-met-a-nouveau-en-place-une-centaine-de-corbeilles-a-feuilles\/\" \/>\n<meta property=\"og:site_name\" content=\"Vie Associative\" \/>\n<meta property=\"article:published_time\" content=\"2025-10-29T08:17:00+00:00\" \/>\n<meta property=\"og:image\" content=\"https:\/\/vieassociative.be\/actualites\/wp-content\/uploads\/2024\/09\/header_backgroundk-01-e1726694325946.png\" \/>\n\t<meta property=\"og:image:width\" content=\"279\" \/>\n\t<meta property=\"og:image:height\" content=\"92\" \/>\n\t<meta property=\"og:image:type\" content=\"image\/png\" \/>\n<meta name=\"author\" content=\"Julien\" \/>\n<meta name=\"twitter:card\" content=\"summary_large_image\" \/>\n<meta name=\"twitter:label1\" content=\"\u00c9crit par\" \/>\n\t<meta name=\"twitter:data1\" content=\"Julien\" \/>\n\t<meta name=\"twitter:label2\" content=\"Dur\u00e9e de lecture est.\" \/>\n\t<meta name=\"twitter:data2\" content=\"1 minute\" \/>\n<script type=\"application\/ld+json\" class=\"yoast-schema-graph\">{\"@context\":\"https:\/\/schema.org\",\"@graph\":[{\"@type\":\"Article\",\"@id\":\"https:\/\/vieassociative.be\/actualites\/la-ville-deupen-met-a-nouveau-en-place-une-centaine-de-corbeilles-a-feuilles\/#article\",\"isPartOf\":{\"@id\":\"https:\/\/vieassociative.be\/actualites\/la-ville-deupen-met-a-nouveau-en-place-une-centaine-de-corbeilles-a-feuilles\/\"},\"author\":{\"name\":\"Julien\",\"@id\":\"https:\/\/vieassociative.be\/actualites\/#\/schema\/person\/b87ac4f82f9d4e7b7cec7395b679edc4\"},\"headline\":\"La ville d&rsquo;Eupen met \u00e0 nouveau en place une centaine de corbeilles \u00e0 feuilles\",\"datePublished\":\"2025-10-29T08:17:00+00:00\",\"dateModified\":\"2025-10-29T08:17:00+00:00\",\"mainEntityOfPage\":{\"@id\":\"https:\/\/vieassociative.be\/actualites\/la-ville-deupen-met-a-nouveau-en-place-une-centaine-de-corbeilles-a-feuilles\/\"},\"wordCount\":237,\"publisher\":{\"@id\":\"https:\/\/vieassociative.be\/actualites\/#organization\"},\"image\":{\"@id\":\"https:\/\/vieassociative.be\/actualites\/la-ville-deupen-met-a-nouveau-en-place-une-centaine-de-corbeilles-a-feuilles\/#primaryimage\"},\"thumbnailUrl\":\"https:\/\/vieassociative.be\/actualites\/wp-content\/uploads\/2025\/10\/La-ville-dEupen-met-a-nouveau-en-place-une-centaine.jpg\",\"keywords\":[\"centaine\",\"corbeilles\",\"dEupen\",\"feuilles\",\"met\",\"nouveau\",\"place\",\"une\",\"ville\"],\"articleSection\":[\"Belgique\"],\"inLanguage\":\"fr-BE\"},{\"@type\":\"WebPage\",\"@id\":\"https:\/\/vieassociative.be\/actualites\/la-ville-deupen-met-a-nouveau-en-place-une-centaine-de-corbeilles-a-feuilles\/\",\"url\":\"https:\/\/vieassociative.be\/actualites\/la-ville-deupen-met-a-nouveau-en-place-une-centaine-de-corbeilles-a-feuilles\/\",\"name\":\"La ville d'Eupen met \u00e0 nouveau en place une centaine de corbeilles \u00e0 feuilles | Vie Associative\",\"isPartOf\":{\"@id\":\"https:\/\/vieassociative.be\/actualites\/#website\"},\"primaryImageOfPage\":{\"@id\":\"https:\/\/vieassociative.be\/actualites\/la-ville-deupen-met-a-nouveau-en-place-une-centaine-de-corbeilles-a-feuilles\/#primaryimage\"},\"image\":{\"@id\":\"https:\/\/vieassociative.be\/actualites\/la-ville-deupen-met-a-nouveau-en-place-une-centaine-de-corbeilles-a-feuilles\/#primaryimage\"},\"thumbnailUrl\":\"https:\/\/vieassociative.be\/actualites\/wp-content\/uploads\/2025\/10\/La-ville-dEupen-met-a-nouveau-en-place-une-centaine.jpg\",\"datePublished\":\"2025-10-29T08:17:00+00:00\",\"dateModified\":\"2025-10-29T08:17:00+00:00\",\"breadcrumb\":{\"@id\":\"https:\/\/vieassociative.be\/actualites\/la-ville-deupen-met-a-nouveau-en-place-une-centaine-de-corbeilles-a-feuilles\/#breadcrumb\"},\"inLanguage\":\"fr-BE\",\"potentialAction\":[{\"@type\":\"ReadAction\",\"target\":[\"https:\/\/vieassociative.be\/actualites\/la-ville-deupen-met-a-nouveau-en-place-une-centaine-de-corbeilles-a-feuilles\/\"]}]},{\"@type\":\"ImageObject\",\"inLanguage\":\"fr-BE\",\"@id\":\"https:\/\/vieassociative.be\/actualites\/la-ville-deupen-met-a-nouveau-en-place-une-centaine-de-corbeilles-a-feuilles\/#primaryimage\",\"url\":\"https:\/\/vieassociative.be\/actualites\/wp-content\/uploads\/2025\/10\/La-ville-dEupen-met-a-nouveau-en-place-une-centaine.jpg\",\"contentUrl\":\"https:\/\/vieassociative.be\/actualites\/wp-content\/uploads\/2025\/10\/La-ville-dEupen-met-a-nouveau-en-place-une-centaine.jpg\",\"width\":1200,\"height\":800,\"caption\":\"La ville d'Eupen met \u00e0 nouveau en place une centaine de corbeilles \u00e0 feuilles\"},{\"@type\":\"BreadcrumbList\",\"@id\":\"https:\/\/vieassociative.be\/actualites\/la-ville-deupen-met-a-nouveau-en-place-une-centaine-de-corbeilles-a-feuilles\/#breadcrumb\",\"itemListElement\":[{\"@type\":\"ListItem\",\"position\":1,\"name\":\"Accueil\",\"item\":\"https:\/\/vieassociative.be\/actualites\/\"},{\"@type\":\"ListItem\",\"position\":2,\"name\":\"La ville d&rsquo;Eupen met \u00e0 nouveau en place une centaine de corbeilles \u00e0 feuilles\"}]},{\"@type\":\"WebSite\",\"@id\":\"https:\/\/vieassociative.be\/actualites\/#website\",\"url\":\"https:\/\/vieassociative.be\/actualites\/\",\"name\":\"Vie Associative\",\"description\":\"\",\"publisher\":{\"@id\":\"https:\/\/vieassociative.be\/actualites\/#organization\"},\"potentialAction\":[{\"@type\":\"SearchAction\",\"target\":{\"@type\":\"EntryPoint\",\"urlTemplate\":\"https:\/\/vieassociative.be\/actualites\/?s={search_term_string}\"},\"query-input\":{\"@type\":\"PropertyValueSpecification\",\"valueRequired\":true,\"valueName\":\"search_term_string\"}}],\"inLanguage\":\"fr-BE\"},{\"@type\":\"Organization\",\"@id\":\"https:\/\/vieassociative.be\/actualites\/#organization\",\"name\":\"Vie Associative\",\"url\":\"https:\/\/vieassociative.be\/actualites\/\",\"logo\":{\"@type\":\"ImageObject\",\"inLanguage\":\"fr-BE\",\"@id\":\"https:\/\/vieassociative.be\/actualites\/#\/schema\/logo\/image\/\",\"url\":\"https:\/\/vieassociative.be\/actualites\/wp-content\/uploads\/2024\/09\/cropped-vieassociative_favicon.ico.png\",\"contentUrl\":\"https:\/\/vieassociative.be\/actualites\/wp-content\/uploads\/2024\/09\/cropped-vieassociative_favicon.ico.png\",\"width\":512,\"height\":512,\"caption\":\"Vie Associative\"},\"image\":{\"@id\":\"https:\/\/vieassociative.be\/actualites\/#\/schema\/logo\/image\/\"}},{\"@type\":\"Person\",\"@id\":\"https:\/\/vieassociative.be\/actualites\/#\/schema\/person\/b87ac4f82f9d4e7b7cec7395b679edc4\",\"name\":\"Julien\",\"image\":{\"@type\":\"ImageObject\",\"inLanguage\":\"fr-BE\",\"@id\":\"https:\/\/vieassociative.be\/actualites\/#\/schema\/person\/image\/\",\"url\":\"https:\/\/vieassociative.be\/actualites\/wp-content\/uploads\/2024\/09\/vie-associative-1-150x150.jpg\",\"contentUrl\":\"https:\/\/vieassociative.be\/actualites\/wp-content\/uploads\/2024\/09\/vie-associative-1-150x150.jpg\",\"caption\":\"Julien\"},\"description\":\"Je suis Julien, r\u00e9dacteur pour Vie Associative. Passionn\u00e9 par le monde associatif depuis plus de 10 ans, j'ai \u00e0 c\u0153ur de partager des histoires inspirantes et de mettre en lumi\u00e8re les initiatives locales. Mon objectif est de sensibiliser et d'encourager l'engagement communautaire \u00e0 travers mes articles.\",\"sameAs\":[\"https:\/\/vieassociative.be\/\"]}]}<\/script>\n<!-- \/ Yoast SEO plugin. -->","yoast_head_json":{"title":"La ville d'Eupen met \u00e0 nouveau en place une centaine de corbeilles \u00e0 feuilles | Vie Associative","robots":{"index":"index","follow":"follow","max-snippet":"max-snippet:-1","max-image-preview":"max-image-preview:large","max-video-preview":"max-video-preview:-1"},"canonical":"https:\/\/vieassociative.be\/actualites\/la-ville-deupen-met-a-nouveau-en-place-une-centaine-de-corbeilles-a-feuilles\/","og_locale":"fr_FR","og_type":"article","og_title":"La ville d'Eupen met \u00e0 nouveau en place une centaine de corbeilles \u00e0 feuilles | Vie Associative","og_description":"Afin d&rsquo;aider la population \u00e0 \u00e9liminer les feuilles des arbres de rue, la ville d&rsquo;Eupen installe depuis plusieurs ann\u00e9es une centaine de corbeilles \u00e0 feuilles","og_url":"https:\/\/vieassociative.be\/actualites\/la-ville-deupen-met-a-nouveau-en-place-une-centaine-de-corbeilles-a-feuilles\/","og_site_name":"Vie Associative","article_published_time":"2025-10-29T08:17:00+00:00","og_image":[{"width":279,"height":92,"url":"https:\/\/vieassociative.be\/actualites\/wp-content\/uploads\/2024\/09\/header_backgroundk-01-e1726694325946.png","type":"image\/png"}],"author":"Julien","twitter_card":"summary_large_image","twitter_misc":{"\u00c9crit par":"Julien","Dur\u00e9e de lecture est.":"1 minute"},"schema":{"@context":"https:\/\/schema.org","@graph":[{"@type":"Article","@id":"https:\/\/vieassociative.be\/actualites\/la-ville-deupen-met-a-nouveau-en-place-une-centaine-de-corbeilles-a-feuilles\/#article","isPartOf":{"@id":"https:\/\/vieassociative.be\/actualites\/la-ville-deupen-met-a-nouveau-en-place-une-centaine-de-corbeilles-a-feuilles\/"},"author":{"name":"Julien","@id":"https:\/\/vieassociative.be\/actualites\/#\/schema\/person\/b87ac4f82f9d4e7b7cec7395b679edc4"},"headline":"La ville d&rsquo;Eupen met \u00e0 nouveau en place une centaine de corbeilles \u00e0 feuilles","datePublished":"2025-10-29T08:17:00+00:00","dateModified":"2025-10-29T08:17:00+00:00","mainEntityOfPage":{"@id":"https:\/\/vieassociative.be\/actualites\/la-ville-deupen-met-a-nouveau-en-place-une-centaine-de-corbeilles-a-feuilles\/"},"wordCount":237,"publisher":{"@id":"https:\/\/vieassociative.be\/actualites\/#organization"},"image":{"@id":"https:\/\/vieassociative.be\/actualites\/la-ville-deupen-met-a-nouveau-en-place-une-centaine-de-corbeilles-a-feuilles\/#primaryimage"},"thumbnailUrl":"https:\/\/vieassociative.be\/actualites\/wp-content\/uploads\/2025\/10\/La-ville-dEupen-met-a-nouveau-en-place-une-centaine.jpg","keywords":["centaine","corbeilles","dEupen","feuilles","met","nouveau","place","une","ville"],"articleSection":["Belgique"],"inLanguage":"fr-BE"},{"@type":"WebPage","@id":"https:\/\/vieassociative.be\/actualites\/la-ville-deupen-met-a-nouveau-en-place-une-centaine-de-corbeilles-a-feuilles\/","url":"https:\/\/vieassociative.be\/actualites\/la-ville-deupen-met-a-nouveau-en-place-une-centaine-de-corbeilles-a-feuilles\/","name":"La ville d'Eupen met \u00e0 nouveau en place une centaine de corbeilles \u00e0 feuilles | Vie Associative","isPartOf":{"@id":"https:\/\/vieassociative.be\/actualites\/#website"},"primaryImageOfPage":{"@id":"https:\/\/vieassociative.be\/actualites\/la-ville-deupen-met-a-nouveau-en-place-une-centaine-de-corbeilles-a-feuilles\/#primaryimage"},"image":{"@id":"https:\/\/vieassociative.be\/actualites\/la-ville-deupen-met-a-nouveau-en-place-une-centaine-de-corbeilles-a-feuilles\/#primaryimage"},"thumbnailUrl":"https:\/\/vieassociative.be\/actualites\/wp-content\/uploads\/2025\/10\/La-ville-dEupen-met-a-nouveau-en-place-une-centaine.jpg","datePublished":"2025-10-29T08:17:00+00:00","dateModified":"2025-10-29T08:17:00+00:00","breadcrumb":{"@id":"https:\/\/vieassociative.be\/actualites\/la-ville-deupen-met-a-nouveau-en-place-une-centaine-de-corbeilles-a-feuilles\/#breadcrumb"},"inLanguage":"fr-BE","potentialAction":[{"@type":"ReadAction","target":["https:\/\/vieassociative.be\/actualites\/la-ville-deupen-met-a-nouveau-en-place-une-centaine-de-corbeilles-a-feuilles\/"]}]},{"@type":"ImageObject","inLanguage":"fr-BE","@id":"https:\/\/vieassociative.be\/actualites\/la-ville-deupen-met-a-nouveau-en-place-une-centaine-de-corbeilles-a-feuilles\/#primaryimage","url":"https:\/\/vieassociative.be\/actualites\/wp-content\/uploads\/2025\/10\/La-ville-dEupen-met-a-nouveau-en-place-une-centaine.jpg","contentUrl":"https:\/\/vieassociative.be\/actualites\/wp-content\/uploads\/2025\/10\/La-ville-dEupen-met-a-nouveau-en-place-une-centaine.jpg","width":1200,"height":800,"caption":"La ville d'Eupen met \u00e0 nouveau en place une centaine de corbeilles \u00e0 feuilles"},{"@type":"BreadcrumbList","@id":"https:\/\/vieassociative.be\/actualites\/la-ville-deupen-met-a-nouveau-en-place-une-centaine-de-corbeilles-a-feuilles\/#breadcrumb","itemListElement":[{"@type":"ListItem","position":1,"name":"Accueil","item":"https:\/\/vieassociative.be\/actualites\/"},{"@type":"ListItem","position":2,"name":"La ville d&rsquo;Eupen met \u00e0 nouveau en place une centaine de corbeilles \u00e0 feuilles"}]},{"@type":"WebSite","@id":"https:\/\/vieassociative.be\/actualites\/#website","url":"https:\/\/vieassociative.be\/actualites\/","name":"Vie Associative","description":"","publisher":{"@id":"https:\/\/vieassociative.be\/actualites\/#organization"},"potentialAction":[{"@type":"SearchAction","target":{"@type":"EntryPoint","urlTemplate":"https:\/\/vieassociative.be\/actualites\/?s={search_term_string}"},"query-input":{"@type":"PropertyValueSpecification","valueRequired":true,"valueName":"search_term_string"}}],"inLanguage":"fr-BE"},{"@type":"Organization","@id":"https:\/\/vieassociative.be\/actualites\/#organization","name":"Vie Associative","url":"https:\/\/vieassociative.be\/actualites\/","logo":{"@type":"ImageObject","inLanguage":"fr-BE","@id":"https:\/\/vieassociative.be\/actualites\/#\/schema\/logo\/image\/","url":"https:\/\/vieassociative.be\/actualites\/wp-content\/uploads\/2024\/09\/cropped-vieassociative_favicon.ico.png","contentUrl":"https:\/\/vieassociative.be\/actualites\/wp-content\/uploads\/2024\/09\/cropped-vieassociative_favicon.ico.png","width":512,"height":512,"caption":"Vie Associative"},"image":{"@id":"https:\/\/vieassociative.be\/actualites\/#\/schema\/logo\/image\/"}},{"@type":"Person","@id":"https:\/\/vieassociative.be\/actualites\/#\/schema\/person\/b87ac4f82f9d4e7b7cec7395b679edc4","name":"Julien","image":{"@type":"ImageObject","inLanguage":"fr-BE","@id":"https:\/\/vieassociative.be\/actualites\/#\/schema\/person\/image\/","url":"https:\/\/vieassociative.be\/actualites\/wp-content\/uploads\/2024\/09\/vie-associative-1-150x150.jpg","contentUrl":"https:\/\/vieassociative.be\/actualites\/wp-content\/uploads\/2024\/09\/vie-associative-1-150x150.jpg","caption":"Julien"},"description":"Je suis Julien, r\u00e9dacteur pour Vie Associative. Passionn\u00e9 par le monde associatif depuis plus de 10 ans, j'ai \u00e0 c\u0153ur de partager des histoires inspirantes et de mettre en lumi\u00e8re les initiatives locales. Mon objectif est de sensibiliser et d'encourager l'engagement communautaire \u00e0 travers mes articles.","sameAs":["https:\/\/vieassociative.be\/"]}]}},"_links":{"self":[{"href":"https:\/\/vieassociative.be\/actualites\/wp-json\/wp\/v2\/posts\/10971"}],"collection":[{"href":"https:\/\/vieassociative.be\/actualites\/wp-json\/wp\/v2\/posts"}],"about":[{"href":"https:\/\/vieassociative.be\/actualites\/wp-json\/wp\/v2\/types\/post"}],"author":[{"embeddable":true,"href":"https:\/\/vieassociative.be\/actualites\/wp-json\/wp\/v2\/users\/1"}],"replies":[{"embeddable":true,"href":"https:\/\/vieassociative.be\/actualites\/wp-json\/wp\/v2\/comments?post=10971"}],"version-history":[{"count":0,"href":"https:\/\/vieassociative.be\/actualites\/wp-json\/wp\/v2\/posts\/10971\/revisions"}],"wp:featuredmedia":[{"embeddable":true,"href":"https:\/\/vieassociative.be\/actualites\/wp-json\/wp\/v2\/media\/10972"}],"wp:attachment":[{"href":"https:\/\/vieassociative.be\/actualites\/wp-json\/wp\/v2\/media?parent=10971"}],"wp:term":[{"taxonomy":"category","embeddable":true,"href":"https:\/\/vieassociative.be\/actualites\/wp-json\/wp\/v2\/categories?post=10971"},{"taxonomy":"post_tag","embeddable":true,"href":"https:\/\/vieassociative.be\/actualites\/wp-json\/wp\/v2\/tags?post=10971"}],"curies":[{"name":"wp","href":"https:\/\/api.w.org\/{rel}","templated":true}]}}