{"id":10966,"date":"2025-10-29T03:17:01","date_gmt":"2025-10-29T02:17:01","guid":{"rendered":"https:\/\/vieassociative.be\/actualites\/ligue-des-nations-les-red-flames-gagnent-2-1-mais-sont-relegues-apres-avoir-encaisse-un-but-a-la-derniere-minute\/"},"modified":"2025-10-29T03:17:01","modified_gmt":"2025-10-29T02:17:01","slug":"ligue-des-nations-les-red-flames-gagnent-2-1-mais-sont-relegues-apres-avoir-encaisse-un-but-a-la-derniere-minute","status":"publish","type":"post","link":"https:\/\/vieassociative.be\/actualites\/ligue-des-nations-les-red-flames-gagnent-2-1-mais-sont-relegues-apres-avoir-encaisse-un-but-a-la-derniere-minute\/","title":{"rendered":"Ligue des Nations : les Red Flames gagnent 2-1, mais sont rel\u00e9gu\u00e9s apr\u00e8s avoir encaiss\u00e9 un but \u00e0 la derni\u00e8re minute"},"content":{"rendered":"<p><strong>L&rsquo;\u00e9quipe nationale f\u00e9minine belge a \u00e9t\u00e9 rel\u00e9gu\u00e9e en Ligue B de la Ligue des Nations apr\u00e8s avoir encaiss\u00e9 un but de derni\u00e8re minute contre l&rsquo;Irlande. Elle a gagn\u00e9 2-1 \u00e0 Louvain mardi. Les Red Flames ont perdu le match aller \u00e0 Dublin 2-4.<\/strong><\/p>\n<p><span id=\"more-428309\"><\/span>Ce n\u2019\u00e9tait pas destin\u00e9 aux Red Flames. Apr\u00e8s la premi\u00e8re mi-temps, les Belges menaient 2-0 gr\u00e2ce \u00e0 deux buts de leur meilleure joueuse et capitaine Tessa Wullaert.<\/p>\n<div id=\"attachment_428318\" class=\"wp-caption alignleft\" style=\"max-width: 300px\"><img fetchpriority=\"high\" decoding=\"async\" class=\"wp-image-428318 size-medium\" src=\"https:\/\/vieassociative.be\/actualites\/wp-content\/uploads\/2025\/10\/Ligue-des-Nations-les-Red-Flames-gagnent-2-1-mais.jpg\" alt=\"\" width=\"300\" height=\"200\"><\/div>\n<p>Le d\u00e9ficit du match aller \u00e9tait d\u00e9j\u00e0 combl\u00e9. Les Flames \u00e9taient en route vers une remont\u00e9e impressionnante contre l&rsquo;Irlande.<\/p>\n<p>Malheureusement, la seconde p\u00e9riode des h\u00f4tes n&rsquo;a pas \u00e9t\u00e9 aussi bonne. Ce n&rsquo;est que gr\u00e2ce \u00e0 la solide performance de leur gardien Nicky Evrard que les Irlandais n&rsquo;ont pas marqu\u00e9 plus t\u00f4t.<\/p>\n<p>Dans la derni\u00e8re minute, le moment \u00e9tait venu o\u00f9 les Belges ne parvenaient pas \u00e0 sortir le ballon de la zone dangereuse, ce dont Abbie Larkin a profit\u00e9 pour marquer le dernier but et porter le score \u00e0 2-1.<\/p>\n<p>Cela signifiait que le r\u00eave de la Belgique de rester dans la ligue A \u00e9tait bris\u00e9 et que la rel\u00e9gation des Red Flames en ligue B de la Ligue des Nations \u00e9tait scell\u00e9e. (cr\u00e9er)<\/p>\n","protected":false},"excerpt":{"rendered":"<p>L&rsquo;\u00e9quipe nationale f\u00e9minine belge a \u00e9t\u00e9 rel\u00e9gu\u00e9e en Ligue B de la Ligue des Nations apr\u00e8s avoir encaiss\u00e9 un but de derni\u00e8re minute contre l&rsquo;Irlande.<\/p>\n","protected":false},"author":1,"featured_media":10967,"comment_status":"","ping_status":"","sticky":false,"template":"","format":"standard","meta":{"footnotes":""},"categories":[298],"tags":[472,224,139,29,9070,7651,7783,14,2817,156,140,3187,3312,4822,18],"class_list":["post-10966","post","type-post","status-publish","format-standard","has-post-thumbnail","hentry","category-belgique","tag-apres","tag-avoir","tag-derniere","tag-des","tag-encaisse","tag-flames","tag-gagnent","tag-les","tag-ligue","tag-mais","tag-minute","tag-nations","tag-red","tag-relegues","tag-sont","generate-columns","tablet-grid-50","mobile-grid-100","grid-parent","grid-33"],"yoast_head":"<!-- This site is optimized with the Yoast SEO plugin v24.0 - https:\/\/yoast.com\/wordpress\/plugins\/seo\/ -->\n<title>Ligue des Nations : les Red Flames gagnent 2-1, mais sont rel\u00e9gu\u00e9s apr\u00e8s avoir encaiss\u00e9 un but \u00e0 la derni\u00e8re minute | Vie Associative<\/title>\n<meta name=\"robots\" content=\"index, follow, max-snippet:-1, max-image-preview:large, max-video-preview:-1\" \/>\n<link rel=\"canonical\" href=\"https:\/\/vieassociative.be\/actualites\/ligue-des-nations-les-red-flames-gagnent-2-1-mais-sont-relegues-apres-avoir-encaisse-un-but-a-la-derniere-minute\/\" \/>\n<meta property=\"og:locale\" content=\"fr_FR\" \/>\n<meta property=\"og:type\" content=\"article\" \/>\n<meta property=\"og:title\" content=\"Ligue des Nations : les Red Flames gagnent 2-1, mais sont rel\u00e9gu\u00e9s apr\u00e8s avoir encaiss\u00e9 un but \u00e0 la derni\u00e8re minute | Vie Associative\" \/>\n<meta property=\"og:description\" content=\"L&rsquo;\u00e9quipe nationale f\u00e9minine belge a \u00e9t\u00e9 rel\u00e9gu\u00e9e en Ligue B de la Ligue des Nations apr\u00e8s avoir encaiss\u00e9 un but de derni\u00e8re minute contre l&rsquo;Irlande.\" \/>\n<meta property=\"og:url\" content=\"https:\/\/vieassociative.be\/actualites\/ligue-des-nations-les-red-flames-gagnent-2-1-mais-sont-relegues-apres-avoir-encaisse-un-but-a-la-derniere-minute\/\" \/>\n<meta property=\"og:site_name\" content=\"Vie Associative\" \/>\n<meta property=\"article:published_time\" content=\"2025-10-29T02:17:01+00:00\" \/>\n<meta property=\"og:image\" content=\"https:\/\/vieassociative.be\/actualites\/wp-content\/uploads\/2024\/09\/header_backgroundk-01-e1726694325946.png\" \/>\n\t<meta property=\"og:image:width\" content=\"279\" \/>\n\t<meta property=\"og:image:height\" content=\"92\" \/>\n\t<meta property=\"og:image:type\" content=\"image\/png\" \/>\n<meta name=\"author\" content=\"Julien\" \/>\n<meta name=\"twitter:card\" content=\"summary_large_image\" \/>\n<meta name=\"twitter:label1\" content=\"\u00c9crit par\" \/>\n\t<meta name=\"twitter:data1\" content=\"Julien\" \/>\n\t<meta name=\"twitter:label2\" content=\"Dur\u00e9e de lecture est.\" \/>\n\t<meta name=\"twitter:data2\" content=\"1 minute\" \/>\n<script type=\"application\/ld+json\" class=\"yoast-schema-graph\">{\"@context\":\"https:\/\/schema.org\",\"@graph\":[{\"@type\":\"Article\",\"@id\":\"https:\/\/vieassociative.be\/actualites\/ligue-des-nations-les-red-flames-gagnent-2-1-mais-sont-relegues-apres-avoir-encaisse-un-but-a-la-derniere-minute\/#article\",\"isPartOf\":{\"@id\":\"https:\/\/vieassociative.be\/actualites\/ligue-des-nations-les-red-flames-gagnent-2-1-mais-sont-relegues-apres-avoir-encaisse-un-but-a-la-derniere-minute\/\"},\"author\":{\"name\":\"Julien\",\"@id\":\"https:\/\/vieassociative.be\/actualites\/#\/schema\/person\/b87ac4f82f9d4e7b7cec7395b679edc4\"},\"headline\":\"Ligue des Nations : les Red Flames gagnent 2-1, mais sont rel\u00e9gu\u00e9s apr\u00e8s avoir encaiss\u00e9 un but \u00e0 la derni\u00e8re minute\",\"datePublished\":\"2025-10-29T02:17:01+00:00\",\"dateModified\":\"2025-10-29T02:17:01+00:00\",\"mainEntityOfPage\":{\"@id\":\"https:\/\/vieassociative.be\/actualites\/ligue-des-nations-les-red-flames-gagnent-2-1-mais-sont-relegues-apres-avoir-encaisse-un-but-a-la-derniere-minute\/\"},\"wordCount\":238,\"publisher\":{\"@id\":\"https:\/\/vieassociative.be\/actualites\/#organization\"},\"image\":{\"@id\":\"https:\/\/vieassociative.be\/actualites\/ligue-des-nations-les-red-flames-gagnent-2-1-mais-sont-relegues-apres-avoir-encaisse-un-but-a-la-derniere-minute\/#primaryimage\"},\"thumbnailUrl\":\"https:\/\/vieassociative.be\/actualites\/wp-content\/uploads\/2025\/10\/1761704221_Ligue-des-Nations-les-Red-Flames-gagnent-2-1-mais.jpg\",\"keywords\":[\"Apr\u00e8s\",\"avoir\",\"derni\u00e8re\",\"Des\",\"encaiss\u00e9\",\"Flames\",\"gagnent\",\"Les\",\"Ligue\",\"mais\",\"minute\",\"Nations\",\"Red\",\"rel\u00e9gu\u00e9s\",\"sont\"],\"articleSection\":[\"Belgique\"],\"inLanguage\":\"fr-BE\"},{\"@type\":\"WebPage\",\"@id\":\"https:\/\/vieassociative.be\/actualites\/ligue-des-nations-les-red-flames-gagnent-2-1-mais-sont-relegues-apres-avoir-encaisse-un-but-a-la-derniere-minute\/\",\"url\":\"https:\/\/vieassociative.be\/actualites\/ligue-des-nations-les-red-flames-gagnent-2-1-mais-sont-relegues-apres-avoir-encaisse-un-but-a-la-derniere-minute\/\",\"name\":\"Ligue des Nations : les Red Flames gagnent 2-1, mais sont rel\u00e9gu\u00e9s apr\u00e8s avoir encaiss\u00e9 un but \u00e0 la derni\u00e8re minute | Vie Associative\",\"isPartOf\":{\"@id\":\"https:\/\/vieassociative.be\/actualites\/#website\"},\"primaryImageOfPage\":{\"@id\":\"https:\/\/vieassociative.be\/actualites\/ligue-des-nations-les-red-flames-gagnent-2-1-mais-sont-relegues-apres-avoir-encaisse-un-but-a-la-derniere-minute\/#primaryimage\"},\"image\":{\"@id\":\"https:\/\/vieassociative.be\/actualites\/ligue-des-nations-les-red-flames-gagnent-2-1-mais-sont-relegues-apres-avoir-encaisse-un-but-a-la-derniere-minute\/#primaryimage\"},\"thumbnailUrl\":\"https:\/\/vieassociative.be\/actualites\/wp-content\/uploads\/2025\/10\/1761704221_Ligue-des-Nations-les-Red-Flames-gagnent-2-1-mais.jpg\",\"datePublished\":\"2025-10-29T02:17:01+00:00\",\"dateModified\":\"2025-10-29T02:17:01+00:00\",\"breadcrumb\":{\"@id\":\"https:\/\/vieassociative.be\/actualites\/ligue-des-nations-les-red-flames-gagnent-2-1-mais-sont-relegues-apres-avoir-encaisse-un-but-a-la-derniere-minute\/#breadcrumb\"},\"inLanguage\":\"fr-BE\",\"potentialAction\":[{\"@type\":\"ReadAction\",\"target\":[\"https:\/\/vieassociative.be\/actualites\/ligue-des-nations-les-red-flames-gagnent-2-1-mais-sont-relegues-apres-avoir-encaisse-un-but-a-la-derniere-minute\/\"]}]},{\"@type\":\"ImageObject\",\"inLanguage\":\"fr-BE\",\"@id\":\"https:\/\/vieassociative.be\/actualites\/ligue-des-nations-les-red-flames-gagnent-2-1-mais-sont-relegues-apres-avoir-encaisse-un-but-a-la-derniere-minute\/#primaryimage\",\"url\":\"https:\/\/vieassociative.be\/actualites\/wp-content\/uploads\/2025\/10\/1761704221_Ligue-des-Nations-les-Red-Flames-gagnent-2-1-mais.jpg\",\"contentUrl\":\"https:\/\/vieassociative.be\/actualites\/wp-content\/uploads\/2025\/10\/1761704221_Ligue-des-Nations-les-Red-Flames-gagnent-2-1-mais.jpg\",\"width\":1200,\"height\":800,\"caption\":\"Ligue des Nations : les Red Flames gagnent 2-1, mais sont rel\u00e9gu\u00e9s apr\u00e8s avoir encaiss\u00e9 un but \u00e0 la derni\u00e8re minute\"},{\"@type\":\"BreadcrumbList\",\"@id\":\"https:\/\/vieassociative.be\/actualites\/ligue-des-nations-les-red-flames-gagnent-2-1-mais-sont-relegues-apres-avoir-encaisse-un-but-a-la-derniere-minute\/#breadcrumb\",\"itemListElement\":[{\"@type\":\"ListItem\",\"position\":1,\"name\":\"Accueil\",\"item\":\"https:\/\/vieassociative.be\/actualites\/\"},{\"@type\":\"ListItem\",\"position\":2,\"name\":\"Ligue des Nations : les Red Flames gagnent 2-1, mais sont rel\u00e9gu\u00e9s apr\u00e8s avoir encaiss\u00e9 un but \u00e0 la derni\u00e8re minute\"}]},{\"@type\":\"WebSite\",\"@id\":\"https:\/\/vieassociative.be\/actualites\/#website\",\"url\":\"https:\/\/vieassociative.be\/actualites\/\",\"name\":\"Vie Associative\",\"description\":\"\",\"publisher\":{\"@id\":\"https:\/\/vieassociative.be\/actualites\/#organization\"},\"potentialAction\":[{\"@type\":\"SearchAction\",\"target\":{\"@type\":\"EntryPoint\",\"urlTemplate\":\"https:\/\/vieassociative.be\/actualites\/?s={search_term_string}\"},\"query-input\":{\"@type\":\"PropertyValueSpecification\",\"valueRequired\":true,\"valueName\":\"search_term_string\"}}],\"inLanguage\":\"fr-BE\"},{\"@type\":\"Organization\",\"@id\":\"https:\/\/vieassociative.be\/actualites\/#organization\",\"name\":\"Vie Associative\",\"url\":\"https:\/\/vieassociative.be\/actualites\/\",\"logo\":{\"@type\":\"ImageObject\",\"inLanguage\":\"fr-BE\",\"@id\":\"https:\/\/vieassociative.be\/actualites\/#\/schema\/logo\/image\/\",\"url\":\"https:\/\/vieassociative.be\/actualites\/wp-content\/uploads\/2024\/09\/cropped-vieassociative_favicon.ico.png\",\"contentUrl\":\"https:\/\/vieassociative.be\/actualites\/wp-content\/uploads\/2024\/09\/cropped-vieassociative_favicon.ico.png\",\"width\":512,\"height\":512,\"caption\":\"Vie Associative\"},\"image\":{\"@id\":\"https:\/\/vieassociative.be\/actualites\/#\/schema\/logo\/image\/\"}},{\"@type\":\"Person\",\"@id\":\"https:\/\/vieassociative.be\/actualites\/#\/schema\/person\/b87ac4f82f9d4e7b7cec7395b679edc4\",\"name\":\"Julien\",\"image\":{\"@type\":\"ImageObject\",\"inLanguage\":\"fr-BE\",\"@id\":\"https:\/\/vieassociative.be\/actualites\/#\/schema\/person\/image\/\",\"url\":\"https:\/\/vieassociative.be\/actualites\/wp-content\/uploads\/2024\/09\/vie-associative-1-150x150.jpg\",\"contentUrl\":\"https:\/\/vieassociative.be\/actualites\/wp-content\/uploads\/2024\/09\/vie-associative-1-150x150.jpg\",\"caption\":\"Julien\"},\"description\":\"Je suis Julien, r\u00e9dacteur pour Vie Associative. Passionn\u00e9 par le monde associatif depuis plus de 10 ans, j'ai \u00e0 c\u0153ur de partager des histoires inspirantes et de mettre en lumi\u00e8re les initiatives locales. Mon objectif est de sensibiliser et d'encourager l'engagement communautaire \u00e0 travers mes articles.\",\"sameAs\":[\"https:\/\/vieassociative.be\/\"]}]}<\/script>\n<!-- \/ Yoast SEO plugin. -->","yoast_head_json":{"title":"Ligue des Nations : les Red Flames gagnent 2-1, mais sont rel\u00e9gu\u00e9s apr\u00e8s avoir encaiss\u00e9 un but \u00e0 la derni\u00e8re minute | Vie Associative","robots":{"index":"index","follow":"follow","max-snippet":"max-snippet:-1","max-image-preview":"max-image-preview:large","max-video-preview":"max-video-preview:-1"},"canonical":"https:\/\/vieassociative.be\/actualites\/ligue-des-nations-les-red-flames-gagnent-2-1-mais-sont-relegues-apres-avoir-encaisse-un-but-a-la-derniere-minute\/","og_locale":"fr_FR","og_type":"article","og_title":"Ligue des Nations : les Red Flames gagnent 2-1, mais sont rel\u00e9gu\u00e9s apr\u00e8s avoir encaiss\u00e9 un but \u00e0 la derni\u00e8re minute | Vie Associative","og_description":"L&rsquo;\u00e9quipe nationale f\u00e9minine belge a \u00e9t\u00e9 rel\u00e9gu\u00e9e en Ligue B de la Ligue des Nations apr\u00e8s avoir encaiss\u00e9 un but de derni\u00e8re minute contre l&rsquo;Irlande.","og_url":"https:\/\/vieassociative.be\/actualites\/ligue-des-nations-les-red-flames-gagnent-2-1-mais-sont-relegues-apres-avoir-encaisse-un-but-a-la-derniere-minute\/","og_site_name":"Vie Associative","article_published_time":"2025-10-29T02:17:01+00:00","og_image":[{"width":279,"height":92,"url":"https:\/\/vieassociative.be\/actualites\/wp-content\/uploads\/2024\/09\/header_backgroundk-01-e1726694325946.png","type":"image\/png"}],"author":"Julien","twitter_card":"summary_large_image","twitter_misc":{"\u00c9crit par":"Julien","Dur\u00e9e de lecture est.":"1 minute"},"schema":{"@context":"https:\/\/schema.org","@graph":[{"@type":"Article","@id":"https:\/\/vieassociative.be\/actualites\/ligue-des-nations-les-red-flames-gagnent-2-1-mais-sont-relegues-apres-avoir-encaisse-un-but-a-la-derniere-minute\/#article","isPartOf":{"@id":"https:\/\/vieassociative.be\/actualites\/ligue-des-nations-les-red-flames-gagnent-2-1-mais-sont-relegues-apres-avoir-encaisse-un-but-a-la-derniere-minute\/"},"author":{"name":"Julien","@id":"https:\/\/vieassociative.be\/actualites\/#\/schema\/person\/b87ac4f82f9d4e7b7cec7395b679edc4"},"headline":"Ligue des Nations : les Red Flames gagnent 2-1, mais sont rel\u00e9gu\u00e9s apr\u00e8s avoir encaiss\u00e9 un but \u00e0 la derni\u00e8re minute","datePublished":"2025-10-29T02:17:01+00:00","dateModified":"2025-10-29T02:17:01+00:00","mainEntityOfPage":{"@id":"https:\/\/vieassociative.be\/actualites\/ligue-des-nations-les-red-flames-gagnent-2-1-mais-sont-relegues-apres-avoir-encaisse-un-but-a-la-derniere-minute\/"},"wordCount":238,"publisher":{"@id":"https:\/\/vieassociative.be\/actualites\/#organization"},"image":{"@id":"https:\/\/vieassociative.be\/actualites\/ligue-des-nations-les-red-flames-gagnent-2-1-mais-sont-relegues-apres-avoir-encaisse-un-but-a-la-derniere-minute\/#primaryimage"},"thumbnailUrl":"https:\/\/vieassociative.be\/actualites\/wp-content\/uploads\/2025\/10\/1761704221_Ligue-des-Nations-les-Red-Flames-gagnent-2-1-mais.jpg","keywords":["Apr\u00e8s","avoir","derni\u00e8re","Des","encaiss\u00e9","Flames","gagnent","Les","Ligue","mais","minute","Nations","Red","rel\u00e9gu\u00e9s","sont"],"articleSection":["Belgique"],"inLanguage":"fr-BE"},{"@type":"WebPage","@id":"https:\/\/vieassociative.be\/actualites\/ligue-des-nations-les-red-flames-gagnent-2-1-mais-sont-relegues-apres-avoir-encaisse-un-but-a-la-derniere-minute\/","url":"https:\/\/vieassociative.be\/actualites\/ligue-des-nations-les-red-flames-gagnent-2-1-mais-sont-relegues-apres-avoir-encaisse-un-but-a-la-derniere-minute\/","name":"Ligue des Nations : les Red Flames gagnent 2-1, mais sont rel\u00e9gu\u00e9s apr\u00e8s avoir encaiss\u00e9 un but \u00e0 la derni\u00e8re minute | Vie Associative","isPartOf":{"@id":"https:\/\/vieassociative.be\/actualites\/#website"},"primaryImageOfPage":{"@id":"https:\/\/vieassociative.be\/actualites\/ligue-des-nations-les-red-flames-gagnent-2-1-mais-sont-relegues-apres-avoir-encaisse-un-but-a-la-derniere-minute\/#primaryimage"},"image":{"@id":"https:\/\/vieassociative.be\/actualites\/ligue-des-nations-les-red-flames-gagnent-2-1-mais-sont-relegues-apres-avoir-encaisse-un-but-a-la-derniere-minute\/#primaryimage"},"thumbnailUrl":"https:\/\/vieassociative.be\/actualites\/wp-content\/uploads\/2025\/10\/1761704221_Ligue-des-Nations-les-Red-Flames-gagnent-2-1-mais.jpg","datePublished":"2025-10-29T02:17:01+00:00","dateModified":"2025-10-29T02:17:01+00:00","breadcrumb":{"@id":"https:\/\/vieassociative.be\/actualites\/ligue-des-nations-les-red-flames-gagnent-2-1-mais-sont-relegues-apres-avoir-encaisse-un-but-a-la-derniere-minute\/#breadcrumb"},"inLanguage":"fr-BE","potentialAction":[{"@type":"ReadAction","target":["https:\/\/vieassociative.be\/actualites\/ligue-des-nations-les-red-flames-gagnent-2-1-mais-sont-relegues-apres-avoir-encaisse-un-but-a-la-derniere-minute\/"]}]},{"@type":"ImageObject","inLanguage":"fr-BE","@id":"https:\/\/vieassociative.be\/actualites\/ligue-des-nations-les-red-flames-gagnent-2-1-mais-sont-relegues-apres-avoir-encaisse-un-but-a-la-derniere-minute\/#primaryimage","url":"https:\/\/vieassociative.be\/actualites\/wp-content\/uploads\/2025\/10\/1761704221_Ligue-des-Nations-les-Red-Flames-gagnent-2-1-mais.jpg","contentUrl":"https:\/\/vieassociative.be\/actualites\/wp-content\/uploads\/2025\/10\/1761704221_Ligue-des-Nations-les-Red-Flames-gagnent-2-1-mais.jpg","width":1200,"height":800,"caption":"Ligue des Nations : les Red Flames gagnent 2-1, mais sont rel\u00e9gu\u00e9s apr\u00e8s avoir encaiss\u00e9 un but \u00e0 la derni\u00e8re minute"},{"@type":"BreadcrumbList","@id":"https:\/\/vieassociative.be\/actualites\/ligue-des-nations-les-red-flames-gagnent-2-1-mais-sont-relegues-apres-avoir-encaisse-un-but-a-la-derniere-minute\/#breadcrumb","itemListElement":[{"@type":"ListItem","position":1,"name":"Accueil","item":"https:\/\/vieassociative.be\/actualites\/"},{"@type":"ListItem","position":2,"name":"Ligue des Nations : les Red Flames gagnent 2-1, mais sont rel\u00e9gu\u00e9s apr\u00e8s avoir encaiss\u00e9 un but \u00e0 la derni\u00e8re minute"}]},{"@type":"WebSite","@id":"https:\/\/vieassociative.be\/actualites\/#website","url":"https:\/\/vieassociative.be\/actualites\/","name":"Vie Associative","description":"","publisher":{"@id":"https:\/\/vieassociative.be\/actualites\/#organization"},"potentialAction":[{"@type":"SearchAction","target":{"@type":"EntryPoint","urlTemplate":"https:\/\/vieassociative.be\/actualites\/?s={search_term_string}"},"query-input":{"@type":"PropertyValueSpecification","valueRequired":true,"valueName":"search_term_string"}}],"inLanguage":"fr-BE"},{"@type":"Organization","@id":"https:\/\/vieassociative.be\/actualites\/#organization","name":"Vie Associative","url":"https:\/\/vieassociative.be\/actualites\/","logo":{"@type":"ImageObject","inLanguage":"fr-BE","@id":"https:\/\/vieassociative.be\/actualites\/#\/schema\/logo\/image\/","url":"https:\/\/vieassociative.be\/actualites\/wp-content\/uploads\/2024\/09\/cropped-vieassociative_favicon.ico.png","contentUrl":"https:\/\/vieassociative.be\/actualites\/wp-content\/uploads\/2024\/09\/cropped-vieassociative_favicon.ico.png","width":512,"height":512,"caption":"Vie Associative"},"image":{"@id":"https:\/\/vieassociative.be\/actualites\/#\/schema\/logo\/image\/"}},{"@type":"Person","@id":"https:\/\/vieassociative.be\/actualites\/#\/schema\/person\/b87ac4f82f9d4e7b7cec7395b679edc4","name":"Julien","image":{"@type":"ImageObject","inLanguage":"fr-BE","@id":"https:\/\/vieassociative.be\/actualites\/#\/schema\/person\/image\/","url":"https:\/\/vieassociative.be\/actualites\/wp-content\/uploads\/2024\/09\/vie-associative-1-150x150.jpg","contentUrl":"https:\/\/vieassociative.be\/actualites\/wp-content\/uploads\/2024\/09\/vie-associative-1-150x150.jpg","caption":"Julien"},"description":"Je suis Julien, r\u00e9dacteur pour Vie Associative. Passionn\u00e9 par le monde associatif depuis plus de 10 ans, j'ai \u00e0 c\u0153ur de partager des histoires inspirantes et de mettre en lumi\u00e8re les initiatives locales. Mon objectif est de sensibiliser et d'encourager l'engagement communautaire \u00e0 travers mes articles.","sameAs":["https:\/\/vieassociative.be\/"]}]}},"_links":{"self":[{"href":"https:\/\/vieassociative.be\/actualites\/wp-json\/wp\/v2\/posts\/10966"}],"collection":[{"href":"https:\/\/vieassociative.be\/actualites\/wp-json\/wp\/v2\/posts"}],"about":[{"href":"https:\/\/vieassociative.be\/actualites\/wp-json\/wp\/v2\/types\/post"}],"author":[{"embeddable":true,"href":"https:\/\/vieassociative.be\/actualites\/wp-json\/wp\/v2\/users\/1"}],"replies":[{"embeddable":true,"href":"https:\/\/vieassociative.be\/actualites\/wp-json\/wp\/v2\/comments?post=10966"}],"version-history":[{"count":0,"href":"https:\/\/vieassociative.be\/actualites\/wp-json\/wp\/v2\/posts\/10966\/revisions"}],"wp:featuredmedia":[{"embeddable":true,"href":"https:\/\/vieassociative.be\/actualites\/wp-json\/wp\/v2\/media\/10967"}],"wp:attachment":[{"href":"https:\/\/vieassociative.be\/actualites\/wp-json\/wp\/v2\/media?parent=10966"}],"wp:term":[{"taxonomy":"category","embeddable":true,"href":"https:\/\/vieassociative.be\/actualites\/wp-json\/wp\/v2\/categories?post=10966"},{"taxonomy":"post_tag","embeddable":true,"href":"https:\/\/vieassociative.be\/actualites\/wp-json\/wp\/v2\/tags?post=10966"}],"curies":[{"name":"wp","href":"https:\/\/api.w.org\/{rel}","templated":true}]}}